{"id":9690,"date":"2010-10-21T16:11:00","date_gmt":"2010-10-21T14:11:00","guid":{"rendered":"https:\/\/www.ringier.com\/die-gewinner-des-fuenften-ringier-photo-award\/"},"modified":"2024-11-13T15:13:42","modified_gmt":"2024-11-13T14:13:42","slug":"les-laureats-du-cinquieme-ringier-photo-award","status":"publish","type":"post","link":"https:\/\/www.ringier.com\/fr\/les-laureats-du-cinquieme-ringier-photo-award\/","title":{"rendered":"Les laur\u00e9ats du cinqui\u00e8me Ringier Photo Award"},"content":{"rendered":"\n<p>C&rsquo;est pour la cinqui\u00e8me fois d\u00e9j\u00e0 que Ringier rechercha la meilleure photo de presse de l&rsquo;ann\u00e9e. 53 photographes de sept pays envoy\u00e8rent leurs favorites de l&rsquo;an pass\u00e9, lesquelles furent \u00e9valu\u00e9es par un jury de 14 experts. La photo \u00abSpeeding Up\u00bb du Hongrois de 42 ans, Zsolt Reviczky, a ainsi \u00e9t\u00e9 couronn\u00e9e meilleure photo de l&rsquo;ann\u00e9e. Reviczky prenait alors des photos pour le journal Ringier N\u00e9pszabads\u00e1g durant une course symbolique dans le centre-ville de Budapest, destin\u00e9e \u00e0 montrer le peu de temps disponible pour traverser une rue. Il se souvient: \u00abC&rsquo;est tout de m\u00eame incroyable, \u00e0 quelle vitesse les habitants d&rsquo;une ville doivent aujourd&rsquo;hui traverser les rues avant que ne d\u00e9boule la prochaine avalanche de voitures. Cela pause de grosses difficult\u00e9s notamment aux personnes \u00e2g\u00e9es\u00bb. &nbsp;&nbsp;<\/p>\n\n\n\n<p>Thomas Seelig, curateur du mus\u00e9e de la photo de Winterthour et pr\u00e9sident du jury, appr\u00e9cie cette photo en tant que t\u00e9moin d&rsquo;un moment politique et historique: \u00abUn groupe de personnes par\u00e9es de num\u00e9ro de d\u00e9part traverse une large voie d&rsquo;acc\u00e8s de Budapest en gesticulant dans tous les sens et proteste de mani\u00e8re amusante contre les intervalles ridiculement courts impartis par les feux de circulation pour traverser une rue dangereuse de Budapest. Zsolt Reviczky parvient \u00e0 transposer un th\u00e8me social explosif de mani\u00e8re l\u00e9g\u00e8re et gaie. M\u00eame si le monde autour de nous continue de tourner de plus en plus vite, la croyance en la rapidit\u00e9 &#8211; tel est l&rsquo;avis du photographe &#8211; a ses limites physiologiques.\u00bb&nbsp;<\/p>\n\n\n\n<p>Robert B\u00f6sch a atteint la deuxi\u00e8me place gr\u00e2ce \u00e0 une photo d&rsquo;alpinisme impressionnante d&rsquo;un point de vue technique \u00abMartin Mras, Corvatsch\u00bb. Cette photo a vu le jour en Engadine par des conditions d&rsquo;enneigement parfaites et fut imprim\u00e9e avec d&rsquo;autres dans un reportage du magazine SonntagsBlick. \u00abC&rsquo;est pour moi un grand bonheur et un honneur! Je travaille depuis de nombreuses ann\u00e9es pour les magazines Ringier et je sais que les photos y ont une tr\u00e8s grande importance\u00bb, explique B\u00f6sch. La photo \u00abAfghan military drill\u00bb du photographe tch\u00e8que Stanislav Krupa? a obtenu la troisi\u00e8me place. On y voit des soldats tch\u00e8ques et am\u00e9ricains sur la base militaire alli\u00e9e de la province afghane de Logar. Le reportage sur ce camp parut en octobre 2009 dans le magazine Ringier tch\u00e8que Reflex.&nbsp;<\/p>\n\n\n\n<p>Le Ringier Photo Award est d\u00e9cern\u00e9 depuis 2006, afin de rendre hommage \u00e0 des photos d&rsquo;excellence parues dans l&rsquo;une des publications Ringier. \u00abLe Ringier Photo Award ne r\u00e9compense pas seulement les photographes, il est bien plus un interm\u00e9diaire s&rsquo;adressant \u00e0 tous ceux qui soignent la photo (journalistique) individuelle imprim\u00e9e ou sur Internet, tout en la soutenant et la comprenant comme une partie de notre communication visuelle, qu&rsquo;il s&rsquo;agisse de r\u00e9dacteurs, de directeurs artistiques ou de lectrices et lecteurs sachant appr\u00e9cier les informations captivantes et bien trait\u00e9es\u00bb, d\u00e9clare Thomas Seelig \u00e0 propose du Ringier Photo Award. Le jury ind\u00e9pendant qu&rsquo;il pr\u00e9side est compos\u00e9 d&rsquo;experts de huit pays, dont des r\u00e9dacteurs en chef, des directeurs artistiques et des r\u00e9dacteurs photo.&nbsp;<\/p>\n\n\n\n<p>Ringier Corporate Communications<\/p>\n","protected":false},"excerpt":{"rendered":"<p>Zurich: Le photographe hongrois Zsolt Reviczky remporte le Ringier Photo Award 2010 gr\u00e2ce \u00e0 la photo \u00abSpeeding Up\u00bb. Les places d&rsquo;honneur sont occup\u00e9es par \u00abMartin Mras, Corvatsch\u00bb du Suisse Robert B\u00f6sch et \u00abAfghan Military Drill\u00bb du Tch\u00e8que Stanislav Krupa?. Avec le Photo Award, Ringier rend hommage, comme chaque ann\u00e9e depuis 2006, aux meilleures photos parues dans l&rsquo;une des publications Ringier en 2009.<\/p>\n","protected":false},"author":23,"featured_media":6037,"comment_status":"closed","ping_status":"open","sticky":false,"template":"","format":"standard","meta":{"inline_featured_image":false,"footnotes":""},"categories":[43],"tags":[],"class_list":["post-9690","post","type-post","status-publish","format-standard","has-post-thumbnail","hentry","category-corporate-fr"],"yoast_head":"<!-- This site is optimized with the Yoast SEO Premium plugin v27.0 (Yoast SEO v27.0) - https:\/\/yoast.com\/product\/yoast-seo-premium-wordpress\/ -->\n<title>Les laur\u00e9ats du cinqui\u00e8me Ringier Photo Award - Ringier<\/title>\n<meta name=\"robots\" content=\"index, follow, max-snippet:-1, max-image-preview:large, max-video-preview:-1\" \/>\n<link rel=\"canonical\" href=\"https:\/\/www.ringier.com\/fr\/les-laureats-du-cinquieme-ringier-photo-award\/\" \/>\n<meta property=\"og:locale\" content=\"fr_FR\" \/>\n<meta property=\"og:type\" content=\"article\" \/>\n<meta property=\"og:title\" content=\"Les laur\u00e9ats du cinqui\u00e8me Ringier Photo Award\" \/>\n<meta property=\"og:description\" content=\"Zurich: Le photographe hongrois Zsolt Reviczky remporte le Ringier Photo Award 2010 gr\u00e2ce \u00e0 la photo \u00abSpeeding Up\u00bb. Les places d&#039;honneur sont occup\u00e9es par \u00abMartin Mras, Corvatsch\u00bb du Suisse Robert B\u00f6sch et \u00abAfghan Military Drill\u00bb du Tch\u00e8que Stanislav Krupa?. Avec le Photo Award, Ringier rend hommage, comme chaque ann\u00e9e depuis 2006, aux meilleures photos parues dans l&#039;une des publications Ringier en 2009.\" \/>\n<meta property=\"og:url\" content=\"https:\/\/www.ringier.com\/fr\/les-laureats-du-cinquieme-ringier-photo-award\/\" \/>\n<meta property=\"og:site_name\" content=\"Ringier\" \/>\n<meta property=\"article:publisher\" content=\"https:\/\/www.facebook.com\/ringierag\/\" \/>\n<meta property=\"article:published_time\" content=\"2010-10-21T14:11:00+00:00\" \/>\n<meta property=\"article:modified_time\" content=\"2024-11-13T14:13:42+00:00\" \/>\n<meta property=\"og:image\" content=\"https:\/\/www.ringier.com\/wp-content\/uploads\/2021\/09\/Press-Release-Default.png\" \/>\n\t<meta property=\"og:image:width\" content=\"8001\" \/>\n\t<meta property=\"og:image:height\" content=\"4201\" \/>\n\t<meta property=\"og:image:type\" content=\"image\/png\" \/>\n<meta name=\"author\" content=\"Ringier Corporate Communications\" \/>\n<meta name=\"twitter:card\" content=\"summary_large_image\" \/>\n<meta name=\"twitter:creator\" content=\"@ringier_ag\" \/>\n<meta name=\"twitter:site\" content=\"@ringier_ag\" \/>\n<meta name=\"twitter:label1\" content=\"\u00c9crit par\" \/>\n\t<meta name=\"twitter:data1\" content=\"Ringier Corporate Communications\" \/>\n\t<meta name=\"twitter:label2\" content=\"Dur\u00e9e de lecture estim\u00e9e\" \/>\n\t<meta name=\"twitter:data2\" content=\"3 minutes\" \/>\n<script type=\"application\/ld+json\" class=\"yoast-schema-graph\">{\"@context\":\"https:\/\/schema.org\",\"@graph\":[{\"@type\":\"Article\",\"@id\":\"https:\/\/www.ringier.com\/fr\/les-laureats-du-cinquieme-ringier-photo-award\/#article\",\"isPartOf\":{\"@id\":\"https:\/\/www.ringier.com\/fr\/les-laureats-du-cinquieme-ringier-photo-award\/\"},\"author\":{\"name\":\"Ringier Corporate Communications\",\"@id\":\"https:\/\/www.ringier.com\/fr\/#\/schema\/person\/4cf76a308dc4b2bb5121bd1e7b752e52\"},\"headline\":\"Les laur\u00e9ats du cinqui\u00e8me Ringier Photo Award\",\"datePublished\":\"2010-10-21T14:11:00+00:00\",\"dateModified\":\"2024-11-13T14:13:42+00:00\",\"mainEntityOfPage\":{\"@id\":\"https:\/\/www.ringier.com\/fr\/les-laureats-du-cinquieme-ringier-photo-award\/\"},\"wordCount\":565,\"publisher\":{\"@id\":\"https:\/\/www.ringier.com\/fr\/#organization\"},\"image\":{\"@id\":\"https:\/\/www.ringier.com\/fr\/les-laureats-du-cinquieme-ringier-photo-award\/#primaryimage\"},\"thumbnailUrl\":\"https:\/\/www.ringier.com\/wp-content\/uploads\/2021\/09\/Press-Release-Default.png\",\"articleSection\":[\"Corporate\"],\"inLanguage\":\"fr-FR\"},{\"@type\":\"WebPage\",\"@id\":\"https:\/\/www.ringier.com\/fr\/les-laureats-du-cinquieme-ringier-photo-award\/\",\"url\":\"https:\/\/www.ringier.com\/fr\/les-laureats-du-cinquieme-ringier-photo-award\/\",\"name\":\"Les laur\u00e9ats du cinqui\u00e8me Ringier Photo Award - Ringier\",\"isPartOf\":{\"@id\":\"https:\/\/www.ringier.com\/fr\/#website\"},\"primaryImageOfPage\":{\"@id\":\"https:\/\/www.ringier.com\/fr\/les-laureats-du-cinquieme-ringier-photo-award\/#primaryimage\"},\"image\":{\"@id\":\"https:\/\/www.ringier.com\/fr\/les-laureats-du-cinquieme-ringier-photo-award\/#primaryimage\"},\"thumbnailUrl\":\"https:\/\/www.ringier.com\/wp-content\/uploads\/2021\/09\/Press-Release-Default.png\",\"datePublished\":\"2010-10-21T14:11:00+00:00\",\"dateModified\":\"2024-11-13T14:13:42+00:00\",\"breadcrumb\":{\"@id\":\"https:\/\/www.ringier.com\/fr\/les-laureats-du-cinquieme-ringier-photo-award\/#breadcrumb\"},\"inLanguage\":\"fr-FR\",\"potentialAction\":[{\"@type\":\"ReadAction\",\"target\":[\"https:\/\/www.ringier.com\/fr\/les-laureats-du-cinquieme-ringier-photo-award\/\"]}]},{\"@type\":\"ImageObject\",\"inLanguage\":\"fr-FR\",\"@id\":\"https:\/\/www.ringier.com\/fr\/les-laureats-du-cinquieme-ringier-photo-award\/#primaryimage\",\"url\":\"https:\/\/www.ringier.com\/wp-content\/uploads\/2021\/09\/Press-Release-Default.png\",\"contentUrl\":\"https:\/\/www.ringier.com\/wp-content\/uploads\/2021\/09\/Press-Release-Default.png\",\"width\":8001,\"height\":4201},{\"@type\":\"BreadcrumbList\",\"@id\":\"https:\/\/www.ringier.com\/fr\/les-laureats-du-cinquieme-ringier-photo-award\/#breadcrumb\",\"itemListElement\":[{\"@type\":\"ListItem\",\"position\":1,\"name\":\"Home\",\"item\":\"https:\/\/www.ringier.com\/fr\/\"},{\"@type\":\"ListItem\",\"position\":2,\"name\":\"Les laur\u00e9ats du cinqui\u00e8me Ringier Photo Award\"}]},{\"@type\":\"WebSite\",\"@id\":\"https:\/\/www.ringier.com\/fr\/#website\",\"url\":\"https:\/\/www.ringier.com\/fr\/\",\"name\":\"Ringier\",\"description\":\"We inform. We entertain. We connect\",\"publisher\":{\"@id\":\"https:\/\/www.ringier.com\/fr\/#organization\"},\"potentialAction\":[{\"@type\":\"SearchAction\",\"target\":{\"@type\":\"EntryPoint\",\"urlTemplate\":\"https:\/\/www.ringier.com\/fr\/?s={search_term_string}\"},\"query-input\":{\"@type\":\"PropertyValueSpecification\",\"valueRequired\":true,\"valueName\":\"search_term_string\"}}],\"inLanguage\":\"fr-FR\"},{\"@type\":\"Organization\",\"@id\":\"https:\/\/www.ringier.com\/fr\/#organization\",\"name\":\"Ringier\",\"url\":\"https:\/\/www.ringier.com\/fr\/\",\"logo\":{\"@type\":\"ImageObject\",\"inLanguage\":\"fr-FR\",\"@id\":\"https:\/\/www.ringier.com\/fr\/#\/schema\/logo\/image\/\",\"url\":\"https:\/\/www.ringier.com\/wp-content\/uploads\/2021\/10\/ringier_logo_2.jpg\",\"contentUrl\":\"https:\/\/www.ringier.com\/wp-content\/uploads\/2021\/10\/ringier_logo_2.jpg\",\"width\":750,\"height\":550,\"caption\":\"Ringier\"},\"image\":{\"@id\":\"https:\/\/www.ringier.com\/fr\/#\/schema\/logo\/image\/\"},\"sameAs\":[\"https:\/\/www.facebook.com\/ringierag\/\",\"https:\/\/x.com\/ringier_ag\",\"https:\/\/www.instagram.com\/ringier_ag\/\",\"https:\/\/www.linkedin.com\/company\/ringier\/\",\"https:\/\/www.youtube.com\/user\/RingierComm\",\"https:\/\/en.wikipedia.org\/wiki\/Ringier\",\"https:\/\/de.wikipedia.org\/wiki\/Ringier\",\"https:\/\/fr.wikipedia.org\/wiki\/Ringier\",\"https:\/\/www.crunchbase.com\/organization\/ringier-ag\"]},{\"@type\":\"Person\",\"@id\":\"https:\/\/www.ringier.com\/fr\/#\/schema\/person\/4cf76a308dc4b2bb5121bd1e7b752e52\",\"name\":\"Ringier Corporate Communications\",\"image\":{\"@type\":\"ImageObject\",\"inLanguage\":\"fr-FR\",\"@id\":\"https:\/\/www.ringier.com\/fr\/#\/schema\/person\/image\/\",\"url\":\"https:\/\/secure.gravatar.com\/avatar\/9391e20481368d5df4fe3e1e476c13b27786347489822ec1ed07e532bb41f587?s=96&d=mm&r=g\",\"contentUrl\":\"https:\/\/secure.gravatar.com\/avatar\/9391e20481368d5df4fe3e1e476c13b27786347489822ec1ed07e532bb41f587?s=96&d=mm&r=g\",\"caption\":\"Ringier Corporate Communications\"},\"sameAs\":[\"https:\/\/www.ringier.com\"]}]}<\/script>\n<!-- \/ Yoast SEO Premium plugin. -->","yoast_head_json":{"title":"Les laur\u00e9ats du cinqui\u00e8me Ringier Photo Award - Ringier","robots":{"index":"index","follow":"follow","max-snippet":"max-snippet:-1","max-image-preview":"max-image-preview:large","max-video-preview":"max-video-preview:-1"},"canonical":"https:\/\/www.ringier.com\/fr\/les-laureats-du-cinquieme-ringier-photo-award\/","og_locale":"fr_FR","og_type":"article","og_title":"Les laur\u00e9ats du cinqui\u00e8me Ringier Photo Award","og_description":"Zurich: Le photographe hongrois Zsolt Reviczky remporte le Ringier Photo Award 2010 gr\u00e2ce \u00e0 la photo \u00abSpeeding Up\u00bb. Les places d'honneur sont occup\u00e9es par \u00abMartin Mras, Corvatsch\u00bb du Suisse Robert B\u00f6sch et \u00abAfghan Military Drill\u00bb du Tch\u00e8que Stanislav Krupa?. Avec le Photo Award, Ringier rend hommage, comme chaque ann\u00e9e depuis 2006, aux meilleures photos parues dans l'une des publications Ringier en 2009.","og_url":"https:\/\/www.ringier.com\/fr\/les-laureats-du-cinquieme-ringier-photo-award\/","og_site_name":"Ringier","article_publisher":"https:\/\/www.facebook.com\/ringierag\/","article_published_time":"2010-10-21T14:11:00+00:00","article_modified_time":"2024-11-13T14:13:42+00:00","og_image":[{"width":8001,"height":4201,"url":"https:\/\/www.ringier.com\/wp-content\/uploads\/2021\/09\/Press-Release-Default.png","type":"image\/png"}],"author":"Ringier Corporate Communications","twitter_card":"summary_large_image","twitter_creator":"@ringier_ag","twitter_site":"@ringier_ag","twitter_misc":{"\u00c9crit par":"Ringier Corporate Communications","Dur\u00e9e de lecture estim\u00e9e":"3 minutes"},"schema":{"@context":"https:\/\/schema.org","@graph":[{"@type":"Article","@id":"https:\/\/www.ringier.com\/fr\/les-laureats-du-cinquieme-ringier-photo-award\/#article","isPartOf":{"@id":"https:\/\/www.ringier.com\/fr\/les-laureats-du-cinquieme-ringier-photo-award\/"},"author":{"name":"Ringier Corporate Communications","@id":"https:\/\/www.ringier.com\/fr\/#\/schema\/person\/4cf76a308dc4b2bb5121bd1e7b752e52"},"headline":"Les laur\u00e9ats du cinqui\u00e8me Ringier Photo Award","datePublished":"2010-10-21T14:11:00+00:00","dateModified":"2024-11-13T14:13:42+00:00","mainEntityOfPage":{"@id":"https:\/\/www.ringier.com\/fr\/les-laureats-du-cinquieme-ringier-photo-award\/"},"wordCount":565,"publisher":{"@id":"https:\/\/www.ringier.com\/fr\/#organization"},"image":{"@id":"https:\/\/www.ringier.com\/fr\/les-laureats-du-cinquieme-ringier-photo-award\/#primaryimage"},"thumbnailUrl":"https:\/\/www.ringier.com\/wp-content\/uploads\/2021\/09\/Press-Release-Default.png","articleSection":["Corporate"],"inLanguage":"fr-FR"},{"@type":"WebPage","@id":"https:\/\/www.ringier.com\/fr\/les-laureats-du-cinquieme-ringier-photo-award\/","url":"https:\/\/www.ringier.com\/fr\/les-laureats-du-cinquieme-ringier-photo-award\/","name":"Les laur\u00e9ats du cinqui\u00e8me Ringier Photo Award - Ringier","isPartOf":{"@id":"https:\/\/www.ringier.com\/fr\/#website"},"primaryImageOfPage":{"@id":"https:\/\/www.ringier.com\/fr\/les-laureats-du-cinquieme-ringier-photo-award\/#primaryimage"},"image":{"@id":"https:\/\/www.ringier.com\/fr\/les-laureats-du-cinquieme-ringier-photo-award\/#primaryimage"},"thumbnailUrl":"https:\/\/www.ringier.com\/wp-content\/uploads\/2021\/09\/Press-Release-Default.png","datePublished":"2010-10-21T14:11:00+00:00","dateModified":"2024-11-13T14:13:42+00:00","breadcrumb":{"@id":"https:\/\/www.ringier.com\/fr\/les-laureats-du-cinquieme-ringier-photo-award\/#breadcrumb"},"inLanguage":"fr-FR","potentialAction":[{"@type":"ReadAction","target":["https:\/\/www.ringier.com\/fr\/les-laureats-du-cinquieme-ringier-photo-award\/"]}]},{"@type":"ImageObject","inLanguage":"fr-FR","@id":"https:\/\/www.ringier.com\/fr\/les-laureats-du-cinquieme-ringier-photo-award\/#primaryimage","url":"https:\/\/www.ringier.com\/wp-content\/uploads\/2021\/09\/Press-Release-Default.png","contentUrl":"https:\/\/www.ringier.com\/wp-content\/uploads\/2021\/09\/Press-Release-Default.png","width":8001,"height":4201},{"@type":"BreadcrumbList","@id":"https:\/\/www.ringier.com\/fr\/les-laureats-du-cinquieme-ringier-photo-award\/#breadcrumb","itemListElement":[{"@type":"ListItem","position":1,"name":"Home","item":"https:\/\/www.ringier.com\/fr\/"},{"@type":"ListItem","position":2,"name":"Les laur\u00e9ats du cinqui\u00e8me Ringier Photo Award"}]},{"@type":"WebSite","@id":"https:\/\/www.ringier.com\/fr\/#website","url":"https:\/\/www.ringier.com\/fr\/","name":"Ringier","description":"We inform. We entertain. We connect","publisher":{"@id":"https:\/\/www.ringier.com\/fr\/#organization"},"potentialAction":[{"@type":"SearchAction","target":{"@type":"EntryPoint","urlTemplate":"https:\/\/www.ringier.com\/fr\/?s={search_term_string}"},"query-input":{"@type":"PropertyValueSpecification","valueRequired":true,"valueName":"search_term_string"}}],"inLanguage":"fr-FR"},{"@type":"Organization","@id":"https:\/\/www.ringier.com\/fr\/#organization","name":"Ringier","url":"https:\/\/www.ringier.com\/fr\/","logo":{"@type":"ImageObject","inLanguage":"fr-FR","@id":"https:\/\/www.ringier.com\/fr\/#\/schema\/logo\/image\/","url":"https:\/\/www.ringier.com\/wp-content\/uploads\/2021\/10\/ringier_logo_2.jpg","contentUrl":"https:\/\/www.ringier.com\/wp-content\/uploads\/2021\/10\/ringier_logo_2.jpg","width":750,"height":550,"caption":"Ringier"},"image":{"@id":"https:\/\/www.ringier.com\/fr\/#\/schema\/logo\/image\/"},"sameAs":["https:\/\/www.facebook.com\/ringierag\/","https:\/\/x.com\/ringier_ag","https:\/\/www.instagram.com\/ringier_ag\/","https:\/\/www.linkedin.com\/company\/ringier\/","https:\/\/www.youtube.com\/user\/RingierComm","https:\/\/en.wikipedia.org\/wiki\/Ringier","https:\/\/de.wikipedia.org\/wiki\/Ringier","https:\/\/fr.wikipedia.org\/wiki\/Ringier","https:\/\/www.crunchbase.com\/organization\/ringier-ag"]},{"@type":"Person","@id":"https:\/\/www.ringier.com\/fr\/#\/schema\/person\/4cf76a308dc4b2bb5121bd1e7b752e52","name":"Ringier Corporate Communications","image":{"@type":"ImageObject","inLanguage":"fr-FR","@id":"https:\/\/www.ringier.com\/fr\/#\/schema\/person\/image\/","url":"https:\/\/secure.gravatar.com\/avatar\/9391e20481368d5df4fe3e1e476c13b27786347489822ec1ed07e532bb41f587?s=96&d=mm&r=g","contentUrl":"https:\/\/secure.gravatar.com\/avatar\/9391e20481368d5df4fe3e1e476c13b27786347489822ec1ed07e532bb41f587?s=96&d=mm&r=g","caption":"Ringier Corporate Communications"},"sameAs":["https:\/\/www.ringier.com"]}]}},"_links":{"self":[{"href":"https:\/\/www.ringier.com\/fr\/wp-json\/wp\/v2\/posts\/9690","targetHints":{"allow":["GET"]}}],"collection":[{"href":"https:\/\/www.ringier.com\/fr\/wp-json\/wp\/v2\/posts"}],"about":[{"href":"https:\/\/www.ringier.com\/fr\/wp-json\/wp\/v2\/types\/post"}],"author":[{"embeddable":true,"href":"https:\/\/www.ringier.com\/fr\/wp-json\/wp\/v2\/users\/23"}],"replies":[{"embeddable":true,"href":"https:\/\/www.ringier.com\/fr\/wp-json\/wp\/v2\/comments?post=9690"}],"version-history":[{"count":0,"href":"https:\/\/www.ringier.com\/fr\/wp-json\/wp\/v2\/posts\/9690\/revisions"}],"wp:featuredmedia":[{"embeddable":true,"href":"https:\/\/www.ringier.com\/fr\/wp-json\/wp\/v2\/media\/6037"}],"wp:attachment":[{"href":"https:\/\/www.ringier.com\/fr\/wp-json\/wp\/v2\/media?parent=9690"}],"wp:term":[{"taxonomy":"category","embeddable":true,"href":"https:\/\/www.ringier.com\/fr\/wp-json\/wp\/v2\/categories?post=9690"},{"taxonomy":"post_tag","embeddable":true,"href":"https:\/\/www.ringier.com\/fr\/wp-json\/wp\/v2\/tags?post=9690"}],"curies":[{"name":"wp","href":"https:\/\/api.w.org\/{rel}","templated":true}]}}