{"id":9684,"date":"2012-04-12T14:49:00","date_gmt":"2012-04-12T12:49:00","guid":{"rendered":"https:\/\/www.ringier.com\/negotiations-finalised-wladimir-klitschko-fights-on-7-july-at-the-stade-de-suisse-in-bern\/"},"modified":"2024-11-13T16:43:26","modified_gmt":"2024-11-13T15:43:26","slug":"negociations-finalisees-wladimir-klitschko-montera-sur-le-ring-le-7-juillet-au-stade-de-suisse","status":"publish","type":"post","link":"https:\/\/www.ringier.com\/fr\/negociations-finalisees-wladimir-klitschko-montera-sur-le-ring-le-7-juillet-au-stade-de-suisse\/","title":{"rendered":"N\u00e9gociations finalis\u00e9es: Wladimir Klitschko montera sur le ring le 7 juillet au Stade de Suisse"},"content":{"rendered":"\n<p>Le jour J est fix\u00e9 au 7 juillet 2012: pour la premi\u00e8re fois depuis 2009, la Suisse organisera \u00e0 nouveau un combat au sommet du championnat du monde des poids lourds. Wladimir Klitschko d\u00e9fendra ses titres IBF, WBA, WBO et IBO contre son challenger Tony Thompson (Etats-Unis) au Stade de Suisse \u00e0 Berne.<br><br>Les n\u00e9gociations permettant l\u2019organisation du combat sont finalis\u00e9es. Infront Ringier Sports &amp; Entertainment Switzerland SA (InfrontRingier), soci\u00e9t\u00e9 de marketing sportif bas\u00e9e \u00e0 Zoug, organise ce spectacle et \u00e9v\u00e9nement sportif en coop\u00e9ration avec Klitschko Management Group (KMG).<br><br><strong>Pr\u00e9-location exclusive des entr\u00e9es pour les supporters des YB et les membres de Ticketcorner<\/strong><br>La pr\u00e9-location des entr\u00e9es commencera la semaine prochaine par une offre anticip\u00e9e exclusive. Lors du match \u00e0 domicile du 14 avril contre le GC Zurich, tous les supporters du BSC Young Boys, club jouant au Stade de Suisse, recevront un d\u00e9pliant portant un code de r\u00e9servation. Au m\u00eame titre que les Ticketcorner friends&amp;members, ils pourront r\u00e9server en ligne leur entr\u00e9e d\u00e8s le lundi 16 avril avant le d\u00e9but de la vente publique des entr\u00e9es par Ticketcorner. Les entr\u00e9es ordinaires sont disponibles \u00e0 partir de CHF 70.- et dans cinq cat\u00e9gories diff\u00e9rentes. L\u2019entr\u00e9e inclut un programme de divertissement complet avec musique et shows en guise d\u2019\u00e9chauffement en pr\u00e9alable au point culminant du spectacle.<br><br><strong>Le ticket VIP ouvre l\u2019acc\u00e8s \u00e0 la tr\u00e8s exclusive After Fight Party<\/strong><br>Pour vivre le combat du championnat du monde en premi\u00e8re ligne, les personnes int\u00e9ress\u00e9es pourront faire l\u2019acquisition de tickets VIP vendus par InfrontRingier. Ces derniers incluent non seulement des places assises de premi\u00e8re classe, mais aussi un service traiteur gourmet et, selon la cat\u00e9gorie, l\u2019acc\u00e8s \u00e0 l\u2019After Fight Party.<br><br>RTL retransmettra le combat en direct en Allemagne, en Suisse et en Autriche avec une couverture m\u00e9diatique compl\u00e8te. En outre, plus de 150 cha\u00eenes dans le monde diffuseront cet \u00e9v\u00e9nement au sommet de la boxe. Le groupe Blick accompagnera et fera la promotion du spectacle en tant que partenaire m\u00e9dias et tirera au sort un contingent d\u2019entr\u00e9es parmi ses lecteurs.<br><br><strong>L\u2019\u00e9v\u00e9nement sportif de l\u2019ann\u00e9e pour la Suisse<\/strong><br>Armin Meier, Directeur G\u00e9n\u00e9ral d\u2019InfrontRingier, a d\u00e9clar\u00e9 \u00e0 ce sujet: \u00abAvec ce combat dans la cat\u00e9gorie des poids lourds, nous r\u00e9alisons le plus grand \u00e9v\u00e9nement et show sportif de l\u2019ann\u00e9e sur le sol suisse. La valeur sportive du combat associ\u00e9e \u00e0 l\u2019ambiance du Stade de Suisse et sa capacit\u00e9 de 30\u2019000 spectateurs, sont uniques en leur genre. Pour le public suisse et d\u2019Allemagne du Sud, c\u2019est une occasion r\u00eav\u00e9e de vivre un tel \u00e9v\u00e9nement en direct.\u00bb<br><br>Wladimir Klitschko (36 ans) est champion du monde des poids lourds IBF et IBO et Superchampion WBO et WBA. Tony \u00abthe Tiger\u00bb Thompson est le challenger officiel de l\u2019IBF. Hormis sa d\u00e9faite par K.O. \u00e0 la premi\u00e8re manche de cette rencontre en 2008, il n\u2019a jamais \u00e9t\u00e9 au sol.<br><br>Wladimir Klitschko indique \u00e0 son sujet: \u00abAvec sa position de gaucher, Thompson est tr\u00e8s difficile \u00e0 boxer. Il a une bonne technique et m\u2019a livr\u00e9 l\u2019un des combats les plus compliqu\u00e9s de ma carri\u00e8re. Par sa taille, il vous oblige \u00e0 lutter les yeux dans les yeux et sa s\u00e9rie de victoires apr\u00e8s notre dernier duel lui a donn\u00e9 encore plus de confiance. Je me r\u00e9jouis de ce premier combat en Suisse. Mon fr\u00e8re Vitali avait d\u00e9j\u00e0 box\u00e9 \u00e0 Berne en 2009 dans une ambiance fantastique.\u00bb<br><br>D\u00e9but mai, une conf\u00e9rence de presse r\u00e9unissant Wladimir Klitschko et Tony Thompson sera organis\u00e9e \u00e0 Berne. Vous recevrez l\u2019invitation sp\u00e9ciale correspondante en temps voulu.<br><br><br><strong>Contact m\u00e9dias pour les questions relatives au sport et \u00e0 l\u2019organisation:<\/strong><br>Marcel Wisler<br>Manager de projet<br>Combat Klitschko Berne 2012<br>Mobile: +41-(0)79-303 25 38<br>marcel.wisler@inspiraare.ch<br><br><strong>Contact m\u00e9dias pour les questions relatives \u00e0 la commercialisation et \u00e0 la vente des tickets VIP:<\/strong><br>J\u00f6rg Polzer \/ Nike M\u00f6hle<br>Corporate Communications<br>Infront Sports &amp; Media SA<br>T\u00e9l. +41-41-723 15 15<br>Fax +41-41-723 15 16<br>press@infrontsports.com<br>www.infrontringier.ch<\/p>\n\n\n\n<figure class=\"wp-block-image\"><img decoding=\"async\" src=\"https:\/\/www.ringier.ch\/sites\/default\/files\/styles\/full-page\/public\/images\/plakat_a2_klitschko_bern_0.jpg?itok=HSnkrB_6\" alt=\"Klitschko vs. Thompson\" title=\"Klitschko vs. Thompson\"\/><\/figure>\n","protected":false},"excerpt":{"rendered":"<p>La vente des entr\u00e9es \u00e0 l\u2019\u00e9v\u00e9nement sportif de l\u2019ann\u00e9e en Suisse commencera le 16 avril \u2013 RTL retransmettra ce combat de championnat du monde en direct.<\/p>\n","protected":false},"author":23,"featured_media":9682,"comment_status":"closed","ping_status":"open","sticky":false,"template":"","format":"standard","meta":{"inline_featured_image":false,"footnotes":""},"categories":[43,375],"tags":[],"class_list":["post-9684","post","type-post","status-publish","format-standard","has-post-thumbnail","hentry","category-corporate-fr","category-marketplaces-fr"],"yoast_head":"<!-- This site is optimized with the Yoast SEO Premium plugin v27.0 (Yoast SEO v27.0) - https:\/\/yoast.com\/product\/yoast-seo-premium-wordpress\/ -->\n<title>N\u00e9gociations finalis\u00e9es: Wladimir Klitschko montera sur le ring le 7 juillet au Stade de Suisse - Ringier<\/title>\n<meta name=\"robots\" content=\"index, follow, max-snippet:-1, max-image-preview:large, max-video-preview:-1\" \/>\n<link rel=\"canonical\" href=\"https:\/\/www.ringier.com\/fr\/negociations-finalisees-wladimir-klitschko-montera-sur-le-ring-le-7-juillet-au-stade-de-suisse\/\" \/>\n<meta property=\"og:locale\" content=\"fr_FR\" \/>\n<meta property=\"og:type\" content=\"article\" \/>\n<meta property=\"og:title\" content=\"N\u00e9gociations finalis\u00e9es: Wladimir Klitschko montera sur le ring le 7 juillet au Stade de Suisse\" \/>\n<meta property=\"og:description\" content=\"La vente des entr\u00e9es \u00e0 l\u2019\u00e9v\u00e9nement sportif de l\u2019ann\u00e9e en Suisse commencera le 16 avril \u2013 RTL retransmettra ce combat de championnat du monde en direct.\" \/>\n<meta property=\"og:url\" content=\"https:\/\/www.ringier.com\/fr\/negociations-finalisees-wladimir-klitschko-montera-sur-le-ring-le-7-juillet-au-stade-de-suisse\/\" \/>\n<meta property=\"og:site_name\" content=\"Ringier\" \/>\n<meta property=\"article:publisher\" content=\"https:\/\/www.facebook.com\/ringierag\/\" \/>\n<meta property=\"article:published_time\" content=\"2012-04-12T12:49:00+00:00\" \/>\n<meta property=\"article:modified_time\" content=\"2024-11-13T15:43:26+00:00\" \/>\n<meta property=\"og:image\" content=\"https:\/\/www.ringier.com\/wp-content\/uploads\/2021\/10\/plakat_a2_klitschko_bern.jpg\" \/>\n\t<meta property=\"og:image:width\" content=\"1080\" \/>\n\t<meta property=\"og:image:height\" content=\"1527\" \/>\n\t<meta property=\"og:image:type\" content=\"image\/jpeg\" \/>\n<meta name=\"author\" content=\"Ringier Corporate Communications\" \/>\n<meta name=\"twitter:card\" content=\"summary_large_image\" \/>\n<meta name=\"twitter:creator\" content=\"@ringier_ag\" \/>\n<meta name=\"twitter:site\" content=\"@ringier_ag\" \/>\n<meta name=\"twitter:label1\" content=\"\u00c9crit par\" \/>\n\t<meta name=\"twitter:data1\" content=\"Ringier Corporate Communications\" \/>\n\t<meta name=\"twitter:label2\" content=\"Dur\u00e9e de lecture estim\u00e9e\" \/>\n\t<meta name=\"twitter:data2\" content=\"4 minutes\" \/>\n<script type=\"application\/ld+json\" class=\"yoast-schema-graph\">{\"@context\":\"https:\/\/schema.org\",\"@graph\":[{\"@type\":\"Article\",\"@id\":\"https:\/\/www.ringier.com\/fr\/negociations-finalisees-wladimir-klitschko-montera-sur-le-ring-le-7-juillet-au-stade-de-suisse\/#article\",\"isPartOf\":{\"@id\":\"https:\/\/www.ringier.com\/fr\/negociations-finalisees-wladimir-klitschko-montera-sur-le-ring-le-7-juillet-au-stade-de-suisse\/\"},\"author\":{\"name\":\"Ringier Corporate Communications\",\"@id\":\"https:\/\/www.ringier.com\/fr\/#\/schema\/person\/4cf76a308dc4b2bb5121bd1e7b752e52\"},\"headline\":\"N\u00e9gociations finalis\u00e9es: Wladimir Klitschko montera sur le ring le 7 juillet au Stade de Suisse\",\"datePublished\":\"2012-04-12T12:49:00+00:00\",\"dateModified\":\"2024-11-13T15:43:26+00:00\",\"mainEntityOfPage\":{\"@id\":\"https:\/\/www.ringier.com\/fr\/negociations-finalisees-wladimir-klitschko-montera-sur-le-ring-le-7-juillet-au-stade-de-suisse\/\"},\"wordCount\":722,\"publisher\":{\"@id\":\"https:\/\/www.ringier.com\/fr\/#organization\"},\"image\":{\"@id\":\"https:\/\/www.ringier.com\/fr\/negociations-finalisees-wladimir-klitschko-montera-sur-le-ring-le-7-juillet-au-stade-de-suisse\/#primaryimage\"},\"thumbnailUrl\":\"https:\/\/www.ringier.com\/wp-content\/uploads\/2021\/10\/plakat_a2_klitschko_bern.jpg\",\"articleSection\":[\"Corporate\",\"Marketplaces\"],\"inLanguage\":\"fr-FR\"},{\"@type\":\"WebPage\",\"@id\":\"https:\/\/www.ringier.com\/fr\/negociations-finalisees-wladimir-klitschko-montera-sur-le-ring-le-7-juillet-au-stade-de-suisse\/\",\"url\":\"https:\/\/www.ringier.com\/fr\/negociations-finalisees-wladimir-klitschko-montera-sur-le-ring-le-7-juillet-au-stade-de-suisse\/\",\"name\":\"N\u00e9gociations finalis\u00e9es: Wladimir Klitschko montera sur le ring le 7 juillet au Stade de Suisse - Ringier\",\"isPartOf\":{\"@id\":\"https:\/\/www.ringier.com\/fr\/#website\"},\"primaryImageOfPage\":{\"@id\":\"https:\/\/www.ringier.com\/fr\/negociations-finalisees-wladimir-klitschko-montera-sur-le-ring-le-7-juillet-au-stade-de-suisse\/#primaryimage\"},\"image\":{\"@id\":\"https:\/\/www.ringier.com\/fr\/negociations-finalisees-wladimir-klitschko-montera-sur-le-ring-le-7-juillet-au-stade-de-suisse\/#primaryimage\"},\"thumbnailUrl\":\"https:\/\/www.ringier.com\/wp-content\/uploads\/2021\/10\/plakat_a2_klitschko_bern.jpg\",\"datePublished\":\"2012-04-12T12:49:00+00:00\",\"dateModified\":\"2024-11-13T15:43:26+00:00\",\"breadcrumb\":{\"@id\":\"https:\/\/www.ringier.com\/fr\/negociations-finalisees-wladimir-klitschko-montera-sur-le-ring-le-7-juillet-au-stade-de-suisse\/#breadcrumb\"},\"inLanguage\":\"fr-FR\",\"potentialAction\":[{\"@type\":\"ReadAction\",\"target\":[\"https:\/\/www.ringier.com\/fr\/negociations-finalisees-wladimir-klitschko-montera-sur-le-ring-le-7-juillet-au-stade-de-suisse\/\"]}]},{\"@type\":\"ImageObject\",\"inLanguage\":\"fr-FR\",\"@id\":\"https:\/\/www.ringier.com\/fr\/negociations-finalisees-wladimir-klitschko-montera-sur-le-ring-le-7-juillet-au-stade-de-suisse\/#primaryimage\",\"url\":\"https:\/\/www.ringier.com\/wp-content\/uploads\/2021\/10\/plakat_a2_klitschko_bern.jpg\",\"contentUrl\":\"https:\/\/www.ringier.com\/wp-content\/uploads\/2021\/10\/plakat_a2_klitschko_bern.jpg\",\"width\":1080,\"height\":1527},{\"@type\":\"BreadcrumbList\",\"@id\":\"https:\/\/www.ringier.com\/fr\/negociations-finalisees-wladimir-klitschko-montera-sur-le-ring-le-7-juillet-au-stade-de-suisse\/#breadcrumb\",\"itemListElement\":[{\"@type\":\"ListItem\",\"position\":1,\"name\":\"Home\",\"item\":\"https:\/\/www.ringier.com\/fr\/\"},{\"@type\":\"ListItem\",\"position\":2,\"name\":\"N\u00e9gociations finalis\u00e9es: Wladimir Klitschko montera sur le ring le 7 juillet au Stade de Suisse\"}]},{\"@type\":\"WebSite\",\"@id\":\"https:\/\/www.ringier.com\/fr\/#website\",\"url\":\"https:\/\/www.ringier.com\/fr\/\",\"name\":\"Ringier\",\"description\":\"We inform. We entertain. We connect\",\"publisher\":{\"@id\":\"https:\/\/www.ringier.com\/fr\/#organization\"},\"potentialAction\":[{\"@type\":\"SearchAction\",\"target\":{\"@type\":\"EntryPoint\",\"urlTemplate\":\"https:\/\/www.ringier.com\/fr\/?s={search_term_string}\"},\"query-input\":{\"@type\":\"PropertyValueSpecification\",\"valueRequired\":true,\"valueName\":\"search_term_string\"}}],\"inLanguage\":\"fr-FR\"},{\"@type\":\"Organization\",\"@id\":\"https:\/\/www.ringier.com\/fr\/#organization\",\"name\":\"Ringier\",\"url\":\"https:\/\/www.ringier.com\/fr\/\",\"logo\":{\"@type\":\"ImageObject\",\"inLanguage\":\"fr-FR\",\"@id\":\"https:\/\/www.ringier.com\/fr\/#\/schema\/logo\/image\/\",\"url\":\"https:\/\/www.ringier.com\/wp-content\/uploads\/2021\/10\/ringier_logo_2.jpg\",\"contentUrl\":\"https:\/\/www.ringier.com\/wp-content\/uploads\/2021\/10\/ringier_logo_2.jpg\",\"width\":750,\"height\":550,\"caption\":\"Ringier\"},\"image\":{\"@id\":\"https:\/\/www.ringier.com\/fr\/#\/schema\/logo\/image\/\"},\"sameAs\":[\"https:\/\/www.facebook.com\/ringierag\/\",\"https:\/\/x.com\/ringier_ag\",\"https:\/\/www.instagram.com\/ringier_ag\/\",\"https:\/\/www.linkedin.com\/company\/ringier\/\",\"https:\/\/www.youtube.com\/user\/RingierComm\",\"https:\/\/en.wikipedia.org\/wiki\/Ringier\",\"https:\/\/de.wikipedia.org\/wiki\/Ringier\",\"https:\/\/fr.wikipedia.org\/wiki\/Ringier\",\"https:\/\/www.crunchbase.com\/organization\/ringier-ag\"]},{\"@type\":\"Person\",\"@id\":\"https:\/\/www.ringier.com\/fr\/#\/schema\/person\/4cf76a308dc4b2bb5121bd1e7b752e52\",\"name\":\"Ringier Corporate Communications\",\"image\":{\"@type\":\"ImageObject\",\"inLanguage\":\"fr-FR\",\"@id\":\"https:\/\/www.ringier.com\/fr\/#\/schema\/person\/image\/\",\"url\":\"https:\/\/secure.gravatar.com\/avatar\/9391e20481368d5df4fe3e1e476c13b27786347489822ec1ed07e532bb41f587?s=96&d=mm&r=g\",\"contentUrl\":\"https:\/\/secure.gravatar.com\/avatar\/9391e20481368d5df4fe3e1e476c13b27786347489822ec1ed07e532bb41f587?s=96&d=mm&r=g\",\"caption\":\"Ringier Corporate Communications\"},\"sameAs\":[\"https:\/\/www.ringier.com\"]}]}<\/script>\n<!-- \/ Yoast SEO Premium plugin. -->","yoast_head_json":{"title":"N\u00e9gociations finalis\u00e9es: Wladimir Klitschko montera sur le ring le 7 juillet au Stade de Suisse - Ringier","robots":{"index":"index","follow":"follow","max-snippet":"max-snippet:-1","max-image-preview":"max-image-preview:large","max-video-preview":"max-video-preview:-1"},"canonical":"https:\/\/www.ringier.com\/fr\/negociations-finalisees-wladimir-klitschko-montera-sur-le-ring-le-7-juillet-au-stade-de-suisse\/","og_locale":"fr_FR","og_type":"article","og_title":"N\u00e9gociations finalis\u00e9es: Wladimir Klitschko montera sur le ring le 7 juillet au Stade de Suisse","og_description":"La vente des entr\u00e9es \u00e0 l\u2019\u00e9v\u00e9nement sportif de l\u2019ann\u00e9e en Suisse commencera le 16 avril \u2013 RTL retransmettra ce combat de championnat du monde en direct.","og_url":"https:\/\/www.ringier.com\/fr\/negociations-finalisees-wladimir-klitschko-montera-sur-le-ring-le-7-juillet-au-stade-de-suisse\/","og_site_name":"Ringier","article_publisher":"https:\/\/www.facebook.com\/ringierag\/","article_published_time":"2012-04-12T12:49:00+00:00","article_modified_time":"2024-11-13T15:43:26+00:00","og_image":[{"width":1080,"height":1527,"url":"https:\/\/www.ringier.com\/wp-content\/uploads\/2021\/10\/plakat_a2_klitschko_bern.jpg","type":"image\/jpeg"}],"author":"Ringier Corporate Communications","twitter_card":"summary_large_image","twitter_creator":"@ringier_ag","twitter_site":"@ringier_ag","twitter_misc":{"\u00c9crit par":"Ringier Corporate Communications","Dur\u00e9e de lecture estim\u00e9e":"4 minutes"},"schema":{"@context":"https:\/\/schema.org","@graph":[{"@type":"Article","@id":"https:\/\/www.ringier.com\/fr\/negociations-finalisees-wladimir-klitschko-montera-sur-le-ring-le-7-juillet-au-stade-de-suisse\/#article","isPartOf":{"@id":"https:\/\/www.ringier.com\/fr\/negociations-finalisees-wladimir-klitschko-montera-sur-le-ring-le-7-juillet-au-stade-de-suisse\/"},"author":{"name":"Ringier Corporate Communications","@id":"https:\/\/www.ringier.com\/fr\/#\/schema\/person\/4cf76a308dc4b2bb5121bd1e7b752e52"},"headline":"N\u00e9gociations finalis\u00e9es: Wladimir Klitschko montera sur le ring le 7 juillet au Stade de Suisse","datePublished":"2012-04-12T12:49:00+00:00","dateModified":"2024-11-13T15:43:26+00:00","mainEntityOfPage":{"@id":"https:\/\/www.ringier.com\/fr\/negociations-finalisees-wladimir-klitschko-montera-sur-le-ring-le-7-juillet-au-stade-de-suisse\/"},"wordCount":722,"publisher":{"@id":"https:\/\/www.ringier.com\/fr\/#organization"},"image":{"@id":"https:\/\/www.ringier.com\/fr\/negociations-finalisees-wladimir-klitschko-montera-sur-le-ring-le-7-juillet-au-stade-de-suisse\/#primaryimage"},"thumbnailUrl":"https:\/\/www.ringier.com\/wp-content\/uploads\/2021\/10\/plakat_a2_klitschko_bern.jpg","articleSection":["Corporate","Marketplaces"],"inLanguage":"fr-FR"},{"@type":"WebPage","@id":"https:\/\/www.ringier.com\/fr\/negociations-finalisees-wladimir-klitschko-montera-sur-le-ring-le-7-juillet-au-stade-de-suisse\/","url":"https:\/\/www.ringier.com\/fr\/negociations-finalisees-wladimir-klitschko-montera-sur-le-ring-le-7-juillet-au-stade-de-suisse\/","name":"N\u00e9gociations finalis\u00e9es: Wladimir Klitschko montera sur le ring le 7 juillet au Stade de Suisse - Ringier","isPartOf":{"@id":"https:\/\/www.ringier.com\/fr\/#website"},"primaryImageOfPage":{"@id":"https:\/\/www.ringier.com\/fr\/negociations-finalisees-wladimir-klitschko-montera-sur-le-ring-le-7-juillet-au-stade-de-suisse\/#primaryimage"},"image":{"@id":"https:\/\/www.ringier.com\/fr\/negociations-finalisees-wladimir-klitschko-montera-sur-le-ring-le-7-juillet-au-stade-de-suisse\/#primaryimage"},"thumbnailUrl":"https:\/\/www.ringier.com\/wp-content\/uploads\/2021\/10\/plakat_a2_klitschko_bern.jpg","datePublished":"2012-04-12T12:49:00+00:00","dateModified":"2024-11-13T15:43:26+00:00","breadcrumb":{"@id":"https:\/\/www.ringier.com\/fr\/negociations-finalisees-wladimir-klitschko-montera-sur-le-ring-le-7-juillet-au-stade-de-suisse\/#breadcrumb"},"inLanguage":"fr-FR","potentialAction":[{"@type":"ReadAction","target":["https:\/\/www.ringier.com\/fr\/negociations-finalisees-wladimir-klitschko-montera-sur-le-ring-le-7-juillet-au-stade-de-suisse\/"]}]},{"@type":"ImageObject","inLanguage":"fr-FR","@id":"https:\/\/www.ringier.com\/fr\/negociations-finalisees-wladimir-klitschko-montera-sur-le-ring-le-7-juillet-au-stade-de-suisse\/#primaryimage","url":"https:\/\/www.ringier.com\/wp-content\/uploads\/2021\/10\/plakat_a2_klitschko_bern.jpg","contentUrl":"https:\/\/www.ringier.com\/wp-content\/uploads\/2021\/10\/plakat_a2_klitschko_bern.jpg","width":1080,"height":1527},{"@type":"BreadcrumbList","@id":"https:\/\/www.ringier.com\/fr\/negociations-finalisees-wladimir-klitschko-montera-sur-le-ring-le-7-juillet-au-stade-de-suisse\/#breadcrumb","itemListElement":[{"@type":"ListItem","position":1,"name":"Home","item":"https:\/\/www.ringier.com\/fr\/"},{"@type":"ListItem","position":2,"name":"N\u00e9gociations finalis\u00e9es: Wladimir Klitschko montera sur le ring le 7 juillet au Stade de Suisse"}]},{"@type":"WebSite","@id":"https:\/\/www.ringier.com\/fr\/#website","url":"https:\/\/www.ringier.com\/fr\/","name":"Ringier","description":"We inform. We entertain. We connect","publisher":{"@id":"https:\/\/www.ringier.com\/fr\/#organization"},"potentialAction":[{"@type":"SearchAction","target":{"@type":"EntryPoint","urlTemplate":"https:\/\/www.ringier.com\/fr\/?s={search_term_string}"},"query-input":{"@type":"PropertyValueSpecification","valueRequired":true,"valueName":"search_term_string"}}],"inLanguage":"fr-FR"},{"@type":"Organization","@id":"https:\/\/www.ringier.com\/fr\/#organization","name":"Ringier","url":"https:\/\/www.ringier.com\/fr\/","logo":{"@type":"ImageObject","inLanguage":"fr-FR","@id":"https:\/\/www.ringier.com\/fr\/#\/schema\/logo\/image\/","url":"https:\/\/www.ringier.com\/wp-content\/uploads\/2021\/10\/ringier_logo_2.jpg","contentUrl":"https:\/\/www.ringier.com\/wp-content\/uploads\/2021\/10\/ringier_logo_2.jpg","width":750,"height":550,"caption":"Ringier"},"image":{"@id":"https:\/\/www.ringier.com\/fr\/#\/schema\/logo\/image\/"},"sameAs":["https:\/\/www.facebook.com\/ringierag\/","https:\/\/x.com\/ringier_ag","https:\/\/www.instagram.com\/ringier_ag\/","https:\/\/www.linkedin.com\/company\/ringier\/","https:\/\/www.youtube.com\/user\/RingierComm","https:\/\/en.wikipedia.org\/wiki\/Ringier","https:\/\/de.wikipedia.org\/wiki\/Ringier","https:\/\/fr.wikipedia.org\/wiki\/Ringier","https:\/\/www.crunchbase.com\/organization\/ringier-ag"]},{"@type":"Person","@id":"https:\/\/www.ringier.com\/fr\/#\/schema\/person\/4cf76a308dc4b2bb5121bd1e7b752e52","name":"Ringier Corporate Communications","image":{"@type":"ImageObject","inLanguage":"fr-FR","@id":"https:\/\/www.ringier.com\/fr\/#\/schema\/person\/image\/","url":"https:\/\/secure.gravatar.com\/avatar\/9391e20481368d5df4fe3e1e476c13b27786347489822ec1ed07e532bb41f587?s=96&d=mm&r=g","contentUrl":"https:\/\/secure.gravatar.com\/avatar\/9391e20481368d5df4fe3e1e476c13b27786347489822ec1ed07e532bb41f587?s=96&d=mm&r=g","caption":"Ringier Corporate Communications"},"sameAs":["https:\/\/www.ringier.com"]}]}},"_links":{"self":[{"href":"https:\/\/www.ringier.com\/fr\/wp-json\/wp\/v2\/posts\/9684","targetHints":{"allow":["GET"]}}],"collection":[{"href":"https:\/\/www.ringier.com\/fr\/wp-json\/wp\/v2\/posts"}],"about":[{"href":"https:\/\/www.ringier.com\/fr\/wp-json\/wp\/v2\/types\/post"}],"author":[{"embeddable":true,"href":"https:\/\/www.ringier.com\/fr\/wp-json\/wp\/v2\/users\/23"}],"replies":[{"embeddable":true,"href":"https:\/\/www.ringier.com\/fr\/wp-json\/wp\/v2\/comments?post=9684"}],"version-history":[{"count":0,"href":"https:\/\/www.ringier.com\/fr\/wp-json\/wp\/v2\/posts\/9684\/revisions"}],"wp:featuredmedia":[{"embeddable":true,"href":"https:\/\/www.ringier.com\/fr\/wp-json\/wp\/v2\/media\/9682"}],"wp:attachment":[{"href":"https:\/\/www.ringier.com\/fr\/wp-json\/wp\/v2\/media?parent=9684"}],"wp:term":[{"taxonomy":"category","embeddable":true,"href":"https:\/\/www.ringier.com\/fr\/wp-json\/wp\/v2\/categories?post=9684"},{"taxonomy":"post_tag","embeddable":true,"href":"https:\/\/www.ringier.com\/fr\/wp-json\/wp\/v2\/tags?post=9684"}],"curies":[{"name":"wp","href":"https:\/\/api.w.org\/{rel}","templated":true}]}}