{"id":9478,"date":"2018-01-08T16:11:00","date_gmt":"2018-01-08T15:11:00","guid":{"rendered":"https:\/\/www.ringier.com\/fuehrungswechsel-bei-der-deindeal-ag-allen-krief-wird-nachfolger-von-malte-polzin-als-ceo\/"},"modified":"2025-06-24T09:51:57","modified_gmt":"2025-06-24T07:51:57","slug":"changement-de-direction-au-sein-de-deindeal-sa-allen-krief-succede-a-malte-polzin-en-tant-que-ceo","status":"publish","type":"post","link":"https:\/\/www.ringier.com\/fr\/changement-de-direction-au-sein-de-deindeal-sa-allen-krief-succede-a-malte-polzin-en-tant-que-ceo\/","title":{"rendered":"Changement de direction au sein de DeinDeal SA \u2013 Allen Krief succ\u00e8de \u00e0 Malte Polzin en tant que CEO"},"content":{"rendered":"\n<p>Le CEO sortant, Malte Polzin, qui a plus de 17 ans d\u2019exp\u00e9rience dans l\u2019e-business et qui a occup\u00e9 des postes de direction au cours des derni\u00e8res ann\u00e9es au sein d\u2019entreprises telles que Brack.ch&nbsp;AG et Carpathia&nbsp;AG, a su dirig\u00e9 de mani\u00e8re efficace les deux portails e-commerce situ\u00e9s \u00e0 Zurich et Gen\u00e8ve.<\/p>\n\n\n\n<p>Robin Lingg, membre du Group Executive de Ringier, d\u00e9clare: \u00abLe conseil d\u2019administration remercie chaleureusement Malte Polzin. Son travail a permis \u00e0\u00a0<a href=\"http:\/\/deindeal.ch\/\"><em>Deindeal.ch<\/em><\/a>\u00a0et\u00a0<a href=\"http:\/\/my-store.ch\/\"><em>My-store.ch<\/em><\/a>\u00a0d\u2019\u00eatre enfin synchronis\u00e9s de mani\u00e8re efficace gr\u00e2ce \u00e0 la fusion des plateformes informatique et dispose dor\u00e9navant des comp\u00e9tences n\u00e9cessaires pour une croissance durable. Ce projet qui s\u2019est d\u00e9roul\u00e9e sous sa direction a \u00e9t\u00e9 r\u00e9ussi avec succ\u00e8s. Nous souhaitons tout de bon \u00e0 Malte dans sa vie professionnelle et priv\u00e9e et le remercions pour notre bonne collaboration et la transition efficace avec son successeur.\u00bb<\/p>\n\n\n\n<p>\u00abMon exp\u00e9rience au sein de&nbsp;<a href=\"http:\/\/deindeal.ch\/\"><em>Deindeal.ch<\/em><\/a>&nbsp;et de&nbsp;<a href=\"http:\/\/my-store.ch\/\"><em>My-store.ch<\/em><\/a>&nbsp;a \u00e9t\u00e9 passionnante et intense. Je remercie le conseil d\u2019administration, l\u2019\u00e9quipe de direction, tous les collaborateurs ainsi que tous les partenaires impliqu\u00e9s pour notre \u00e9troite collaboration et la confiance t\u00e9moign\u00e9e\u00bb, conclut Malte Polzin.<\/p>\n\n\n\n<p>Le conseil d\u2019administration a nomm\u00e9 Allen Krief, cofondateur et actionnaire actuel de DeinDeal SA, en tant que nouveau CEO de DeinDeal SA. Suite \u00e0 la fusion de&nbsp;<a href=\"http:\/\/my-store.ch\/\"><em>My-store.ch<\/em><\/a>&nbsp;et de&nbsp;<a href=\"http:\/\/deindeal.ch\/\"><em>Deindeal.ch<\/em><\/a>&nbsp;en juin 2016, Allen Krief est rest\u00e9 enti\u00e8rement li\u00e9 \u00e0 l\u2019entreprise dans l\u2019op\u00e9rationnel ainsi qu\u2019en tant que membre de l\u2019\u00e9quipe de direction de DeinDeal&nbsp;SA aux c\u00f4t\u00e9s des deux autres fondateurs de&nbsp;<a href=\"http:\/\/my-store.ch\/\"><em>My-store.ch<\/em><\/a>, John Krief et Alexandre Branquart.<\/p>\n\n\n\n<p>\u00abAvec Allen comme CEO, nous revenons \u00e0 une direction marqu\u00e9e par un esprit d\u2019entrepreneuriat. Le conseil d\u2019administration et la direction de DeinDeal SA sont en parfait accord sur la vision et l\u2019orientation de l\u2019entreprise\u00bb, explique Robin Lingg au sujet de la nomination d\u2019Allen Krief.<\/p>\n\n\n\n<p>Outre les produits \u00e0 des prix attrayants dans les domaines de la mode, de l\u2019habitat, du sport, de la gastronomie et du vin,&nbsp;<a href=\"http:\/\/deindeal.ch\/\"><em>Deindeal.ch<\/em><\/a>&nbsp;et&nbsp;<a href=\"http:\/\/my-store.ch\/\"><em>My-store.ch<\/em><\/a>&nbsp;proposent \u00e9galement des offres attractives de voyages en Suisse et dans le monde ainsi que des bonnes affaires en mati\u00e8re de services localis\u00e9s tels que dans les loisirs ou du bien-\u00eatre. Les deux plates-formes b\u00e9n\u00e9ficient d\u2019une grande notori\u00e9t\u00e9 sur le march\u00e9 en Suisse et comptent plus d\u2019un million de clients potentiels.<\/p>\n\n\n\n<p>\u00abAujourd\u2019hui, nous figurons dans le top 10 des portails e-commerce Suisse sp\u00e9cialis\u00e9s dans les ventes flash et nous avons le grand avantage de g\u00e9rer notre propre centre logistique en Suisse. Nos nouvelles ventes quotidiennes \u00e0 dur\u00e9e limit\u00e9e, offrent \u00e0 nos clients la possibilit\u00e9 de faire de bonnes affaires \u00e0 des prix tr\u00e8s attractifs tout au long de l\u2019ann\u00e9e. Notre ambition consiste \u00e0 proposer une offre toujours plus optimale pour satisfaire enti\u00e8rement les go\u00fbts de nos\u00bb, d\u00e9veloppe ainsi Allen Krief au sujet des nouvelles \u00e9tapes de l\u2019entreprise.<\/p>\n\n\n\n<p>Les 130 collaborateurs de DeinDeal&nbsp;SA situ\u00e9s \u00e0 Zurich et \u00e0 Meyrin ont \u00e9t\u00e9 inform\u00e9s du changement de direction de leur entreprise. Gr\u00e2ce \u00e0 la bonne transition de direction, le bon d\u00e9roulement des affaires courantes est assur\u00e9.<\/p>\n","protected":false},"excerpt":{"rendered":"<p>DeinDeal SA, filiale de Ringier et exploitante des deux plates-formes e-commerce leaders des ventes flash en Suisse Deindeal.ch et My-store.ch, a annonc\u00e9 ce jour le d\u00e9part de son CEO, Malte Polzin. Allen Krief, cofondateur de My-store.ch et actuel actionnaire de DeinDeal SA, lui succ\u00e8de et prend ses fonctions d\u00e8s aujourd\u2019hui. La transition de l\u2019ancien au nouveau CEO se d\u00e9roule de mani\u00e8re organis\u00e9e et en \u00e9troite collaboration avec le conseil d\u2019administration.<\/p>\n","protected":false},"author":7,"featured_media":911,"comment_status":"closed","ping_status":"open","sticky":false,"template":"","format":"standard","meta":{"inline_featured_image":false,"footnotes":""},"categories":[375],"tags":[],"class_list":["post-9478","post","type-post","status-publish","format-standard","has-post-thumbnail","hentry","category-marketplaces-fr"],"yoast_head":"<!-- This site is optimized with the Yoast SEO Premium plugin v27.0 (Yoast SEO v27.0) - https:\/\/yoast.com\/product\/yoast-seo-premium-wordpress\/ -->\n<title>Changement de direction au sein de DeinDeal SA \u2013 Allen Krief succ\u00e8de \u00e0 Malte Polzin en tant que CEO - Ringier<\/title>\n<meta name=\"robots\" content=\"index, follow, max-snippet:-1, max-image-preview:large, max-video-preview:-1\" \/>\n<link rel=\"canonical\" href=\"https:\/\/www.ringier.com\/fr\/changement-de-direction-au-sein-de-deindeal-sa-allen-krief-succede-a-malte-polzin-en-tant-que-ceo\/\" \/>\n<meta property=\"og:locale\" content=\"fr_FR\" \/>\n<meta property=\"og:type\" content=\"article\" \/>\n<meta property=\"og:title\" content=\"Changement de direction au sein de DeinDeal SA \u2013 Allen Krief succ\u00e8de \u00e0 Malte Polzin en tant que CEO\" \/>\n<meta property=\"og:description\" content=\"DeinDeal SA, filiale de Ringier et exploitante des deux plates-formes e-commerce leaders des ventes flash en Suisse Deindeal.ch et My-store.ch, a annonc\u00e9 ce jour le d\u00e9part de son CEO, Malte Polzin. Allen Krief, cofondateur de My-store.ch et actuel actionnaire de DeinDeal SA, lui succ\u00e8de et prend ses fonctions d\u00e8s aujourd\u2019hui. La transition de l\u2019ancien au nouveau CEO se d\u00e9roule de mani\u00e8re organis\u00e9e et en \u00e9troite collaboration avec le conseil d\u2019administration.\" \/>\n<meta property=\"og:url\" content=\"https:\/\/www.ringier.com\/fr\/changement-de-direction-au-sein-de-deindeal-sa-allen-krief-succede-a-malte-polzin-en-tant-que-ceo\/\" \/>\n<meta property=\"og:site_name\" content=\"Ringier\" \/>\n<meta property=\"article:publisher\" content=\"https:\/\/www.facebook.com\/ringierag\/\" \/>\n<meta property=\"article:published_time\" content=\"2018-01-08T15:11:00+00:00\" \/>\n<meta property=\"article:modified_time\" content=\"2025-06-24T07:51:57+00:00\" \/>\n<meta property=\"og:image\" content=\"https:\/\/www.ringier.com\/wp-content\/uploads\/2021\/08\/DeinDeal.jpg\" \/>\n\t<meta property=\"og:image:width\" content=\"600\" \/>\n\t<meta property=\"og:image:height\" content=\"400\" \/>\n\t<meta property=\"og:image:type\" content=\"image\/jpeg\" \/>\n<meta name=\"author\" content=\"Marc Liniger\" \/>\n<meta name=\"twitter:card\" content=\"summary_large_image\" \/>\n<meta name=\"twitter:creator\" content=\"@ringier_ag\" \/>\n<meta name=\"twitter:site\" content=\"@ringier_ag\" \/>\n<meta name=\"twitter:label1\" content=\"\u00c9crit par\" \/>\n\t<meta name=\"twitter:data1\" content=\"Marc Liniger\" \/>\n\t<meta name=\"twitter:label2\" content=\"Dur\u00e9e de lecture estim\u00e9e\" \/>\n\t<meta name=\"twitter:data2\" content=\"3 minutes\" \/>\n<script type=\"application\/ld+json\" class=\"yoast-schema-graph\">{\"@context\":\"https:\/\/schema.org\",\"@graph\":[{\"@type\":\"Article\",\"@id\":\"https:\/\/www.ringier.com\/fr\/changement-de-direction-au-sein-de-deindeal-sa-allen-krief-succede-a-malte-polzin-en-tant-que-ceo\/#article\",\"isPartOf\":{\"@id\":\"https:\/\/www.ringier.com\/fr\/changement-de-direction-au-sein-de-deindeal-sa-allen-krief-succede-a-malte-polzin-en-tant-que-ceo\/\"},\"author\":{\"name\":\"Marc Liniger\",\"@id\":\"https:\/\/www.ringier.com\/fr\/#\/schema\/person\/1e03be3d98efb061d1ca29fef411db66\"},\"headline\":\"Changement de direction au sein de DeinDeal SA \u2013 Allen Krief succ\u00e8de \u00e0 Malte Polzin en tant que CEO\",\"datePublished\":\"2018-01-08T15:11:00+00:00\",\"dateModified\":\"2025-06-24T07:51:57+00:00\",\"mainEntityOfPage\":{\"@id\":\"https:\/\/www.ringier.com\/fr\/changement-de-direction-au-sein-de-deindeal-sa-allen-krief-succede-a-malte-polzin-en-tant-que-ceo\/\"},\"wordCount\":591,\"publisher\":{\"@id\":\"https:\/\/www.ringier.com\/fr\/#organization\"},\"image\":{\"@id\":\"https:\/\/www.ringier.com\/fr\/changement-de-direction-au-sein-de-deindeal-sa-allen-krief-succede-a-malte-polzin-en-tant-que-ceo\/#primaryimage\"},\"thumbnailUrl\":\"https:\/\/www.ringier.com\/wp-content\/uploads\/2021\/08\/DeinDeal.jpg\",\"articleSection\":[\"Marketplaces\"],\"inLanguage\":\"fr-FR\"},{\"@type\":\"WebPage\",\"@id\":\"https:\/\/www.ringier.com\/fr\/changement-de-direction-au-sein-de-deindeal-sa-allen-krief-succede-a-malte-polzin-en-tant-que-ceo\/\",\"url\":\"https:\/\/www.ringier.com\/fr\/changement-de-direction-au-sein-de-deindeal-sa-allen-krief-succede-a-malte-polzin-en-tant-que-ceo\/\",\"name\":\"Changement de direction au sein de DeinDeal SA \u2013 Allen Krief succ\u00e8de \u00e0 Malte Polzin en tant que CEO - Ringier\",\"isPartOf\":{\"@id\":\"https:\/\/www.ringier.com\/fr\/#website\"},\"primaryImageOfPage\":{\"@id\":\"https:\/\/www.ringier.com\/fr\/changement-de-direction-au-sein-de-deindeal-sa-allen-krief-succede-a-malte-polzin-en-tant-que-ceo\/#primaryimage\"},\"image\":{\"@id\":\"https:\/\/www.ringier.com\/fr\/changement-de-direction-au-sein-de-deindeal-sa-allen-krief-succede-a-malte-polzin-en-tant-que-ceo\/#primaryimage\"},\"thumbnailUrl\":\"https:\/\/www.ringier.com\/wp-content\/uploads\/2021\/08\/DeinDeal.jpg\",\"datePublished\":\"2018-01-08T15:11:00+00:00\",\"dateModified\":\"2025-06-24T07:51:57+00:00\",\"breadcrumb\":{\"@id\":\"https:\/\/www.ringier.com\/fr\/changement-de-direction-au-sein-de-deindeal-sa-allen-krief-succede-a-malte-polzin-en-tant-que-ceo\/#breadcrumb\"},\"inLanguage\":\"fr-FR\",\"potentialAction\":[{\"@type\":\"ReadAction\",\"target\":[\"https:\/\/www.ringier.com\/fr\/changement-de-direction-au-sein-de-deindeal-sa-allen-krief-succede-a-malte-polzin-en-tant-que-ceo\/\"]}]},{\"@type\":\"ImageObject\",\"inLanguage\":\"fr-FR\",\"@id\":\"https:\/\/www.ringier.com\/fr\/changement-de-direction-au-sein-de-deindeal-sa-allen-krief-succede-a-malte-polzin-en-tant-que-ceo\/#primaryimage\",\"url\":\"https:\/\/www.ringier.com\/wp-content\/uploads\/2021\/08\/DeinDeal.jpg\",\"contentUrl\":\"https:\/\/www.ringier.com\/wp-content\/uploads\/2021\/08\/DeinDeal.jpg\",\"width\":600,\"height\":400},{\"@type\":\"BreadcrumbList\",\"@id\":\"https:\/\/www.ringier.com\/fr\/changement-de-direction-au-sein-de-deindeal-sa-allen-krief-succede-a-malte-polzin-en-tant-que-ceo\/#breadcrumb\",\"itemListElement\":[{\"@type\":\"ListItem\",\"position\":1,\"name\":\"Home\",\"item\":\"https:\/\/www.ringier.com\/fr\/\"},{\"@type\":\"ListItem\",\"position\":2,\"name\":\"Changement de direction au sein de DeinDeal SA \u2013 Allen Krief succ\u00e8de \u00e0 Malte Polzin en tant que CEO\"}]},{\"@type\":\"WebSite\",\"@id\":\"https:\/\/www.ringier.com\/fr\/#website\",\"url\":\"https:\/\/www.ringier.com\/fr\/\",\"name\":\"Ringier\",\"description\":\"We inform. We entertain. We connect\",\"publisher\":{\"@id\":\"https:\/\/www.ringier.com\/fr\/#organization\"},\"potentialAction\":[{\"@type\":\"SearchAction\",\"target\":{\"@type\":\"EntryPoint\",\"urlTemplate\":\"https:\/\/www.ringier.com\/fr\/?s={search_term_string}\"},\"query-input\":{\"@type\":\"PropertyValueSpecification\",\"valueRequired\":true,\"valueName\":\"search_term_string\"}}],\"inLanguage\":\"fr-FR\"},{\"@type\":\"Organization\",\"@id\":\"https:\/\/www.ringier.com\/fr\/#organization\",\"name\":\"Ringier\",\"url\":\"https:\/\/www.ringier.com\/fr\/\",\"logo\":{\"@type\":\"ImageObject\",\"inLanguage\":\"fr-FR\",\"@id\":\"https:\/\/www.ringier.com\/fr\/#\/schema\/logo\/image\/\",\"url\":\"https:\/\/www.ringier.com\/wp-content\/uploads\/2021\/10\/ringier_logo_2.jpg\",\"contentUrl\":\"https:\/\/www.ringier.com\/wp-content\/uploads\/2021\/10\/ringier_logo_2.jpg\",\"width\":750,\"height\":550,\"caption\":\"Ringier\"},\"image\":{\"@id\":\"https:\/\/www.ringier.com\/fr\/#\/schema\/logo\/image\/\"},\"sameAs\":[\"https:\/\/www.facebook.com\/ringierag\/\",\"https:\/\/x.com\/ringier_ag\",\"https:\/\/www.instagram.com\/ringier_ag\/\",\"https:\/\/www.linkedin.com\/company\/ringier\/\",\"https:\/\/www.youtube.com\/user\/RingierComm\",\"https:\/\/en.wikipedia.org\/wiki\/Ringier\",\"https:\/\/de.wikipedia.org\/wiki\/Ringier\",\"https:\/\/fr.wikipedia.org\/wiki\/Ringier\",\"https:\/\/www.crunchbase.com\/organization\/ringier-ag\"]},{\"@type\":\"Person\",\"@id\":\"https:\/\/www.ringier.com\/fr\/#\/schema\/person\/1e03be3d98efb061d1ca29fef411db66\",\"name\":\"Marc Liniger\",\"image\":{\"@type\":\"ImageObject\",\"inLanguage\":\"fr-FR\",\"@id\":\"https:\/\/www.ringier.com\/fr\/#\/schema\/person\/image\/\",\"url\":\"https:\/\/secure.gravatar.com\/avatar\/8d184da6aa7bdcc4d1a251ecaf713aa707e2a4c24b859c6360b2b31b83c1020e?s=96&d=mm&r=g\",\"contentUrl\":\"https:\/\/secure.gravatar.com\/avatar\/8d184da6aa7bdcc4d1a251ecaf713aa707e2a4c24b859c6360b2b31b83c1020e?s=96&d=mm&r=g\",\"caption\":\"Marc Liniger\"},\"sameAs\":[\"https:\/\/www.ringier.com\"]}]}<\/script>\n<!-- \/ Yoast SEO Premium plugin. -->","yoast_head_json":{"title":"Changement de direction au sein de DeinDeal SA \u2013 Allen Krief succ\u00e8de \u00e0 Malte Polzin en tant que CEO - Ringier","robots":{"index":"index","follow":"follow","max-snippet":"max-snippet:-1","max-image-preview":"max-image-preview:large","max-video-preview":"max-video-preview:-1"},"canonical":"https:\/\/www.ringier.com\/fr\/changement-de-direction-au-sein-de-deindeal-sa-allen-krief-succede-a-malte-polzin-en-tant-que-ceo\/","og_locale":"fr_FR","og_type":"article","og_title":"Changement de direction au sein de DeinDeal SA \u2013 Allen Krief succ\u00e8de \u00e0 Malte Polzin en tant que CEO","og_description":"DeinDeal SA, filiale de Ringier et exploitante des deux plates-formes e-commerce leaders des ventes flash en Suisse Deindeal.ch et My-store.ch, a annonc\u00e9 ce jour le d\u00e9part de son CEO, Malte Polzin. Allen Krief, cofondateur de My-store.ch et actuel actionnaire de DeinDeal SA, lui succ\u00e8de et prend ses fonctions d\u00e8s aujourd\u2019hui. La transition de l\u2019ancien au nouveau CEO se d\u00e9roule de mani\u00e8re organis\u00e9e et en \u00e9troite collaboration avec le conseil d\u2019administration.","og_url":"https:\/\/www.ringier.com\/fr\/changement-de-direction-au-sein-de-deindeal-sa-allen-krief-succede-a-malte-polzin-en-tant-que-ceo\/","og_site_name":"Ringier","article_publisher":"https:\/\/www.facebook.com\/ringierag\/","article_published_time":"2018-01-08T15:11:00+00:00","article_modified_time":"2025-06-24T07:51:57+00:00","og_image":[{"width":600,"height":400,"url":"https:\/\/www.ringier.com\/wp-content\/uploads\/2021\/08\/DeinDeal.jpg","type":"image\/jpeg"}],"author":"Marc Liniger","twitter_card":"summary_large_image","twitter_creator":"@ringier_ag","twitter_site":"@ringier_ag","twitter_misc":{"\u00c9crit par":"Marc Liniger","Dur\u00e9e de lecture estim\u00e9e":"3 minutes"},"schema":{"@context":"https:\/\/schema.org","@graph":[{"@type":"Article","@id":"https:\/\/www.ringier.com\/fr\/changement-de-direction-au-sein-de-deindeal-sa-allen-krief-succede-a-malte-polzin-en-tant-que-ceo\/#article","isPartOf":{"@id":"https:\/\/www.ringier.com\/fr\/changement-de-direction-au-sein-de-deindeal-sa-allen-krief-succede-a-malte-polzin-en-tant-que-ceo\/"},"author":{"name":"Marc Liniger","@id":"https:\/\/www.ringier.com\/fr\/#\/schema\/person\/1e03be3d98efb061d1ca29fef411db66"},"headline":"Changement de direction au sein de DeinDeal SA \u2013 Allen Krief succ\u00e8de \u00e0 Malte Polzin en tant que CEO","datePublished":"2018-01-08T15:11:00+00:00","dateModified":"2025-06-24T07:51:57+00:00","mainEntityOfPage":{"@id":"https:\/\/www.ringier.com\/fr\/changement-de-direction-au-sein-de-deindeal-sa-allen-krief-succede-a-malte-polzin-en-tant-que-ceo\/"},"wordCount":591,"publisher":{"@id":"https:\/\/www.ringier.com\/fr\/#organization"},"image":{"@id":"https:\/\/www.ringier.com\/fr\/changement-de-direction-au-sein-de-deindeal-sa-allen-krief-succede-a-malte-polzin-en-tant-que-ceo\/#primaryimage"},"thumbnailUrl":"https:\/\/www.ringier.com\/wp-content\/uploads\/2021\/08\/DeinDeal.jpg","articleSection":["Marketplaces"],"inLanguage":"fr-FR"},{"@type":"WebPage","@id":"https:\/\/www.ringier.com\/fr\/changement-de-direction-au-sein-de-deindeal-sa-allen-krief-succede-a-malte-polzin-en-tant-que-ceo\/","url":"https:\/\/www.ringier.com\/fr\/changement-de-direction-au-sein-de-deindeal-sa-allen-krief-succede-a-malte-polzin-en-tant-que-ceo\/","name":"Changement de direction au sein de DeinDeal SA \u2013 Allen Krief succ\u00e8de \u00e0 Malte Polzin en tant que CEO - Ringier","isPartOf":{"@id":"https:\/\/www.ringier.com\/fr\/#website"},"primaryImageOfPage":{"@id":"https:\/\/www.ringier.com\/fr\/changement-de-direction-au-sein-de-deindeal-sa-allen-krief-succede-a-malte-polzin-en-tant-que-ceo\/#primaryimage"},"image":{"@id":"https:\/\/www.ringier.com\/fr\/changement-de-direction-au-sein-de-deindeal-sa-allen-krief-succede-a-malte-polzin-en-tant-que-ceo\/#primaryimage"},"thumbnailUrl":"https:\/\/www.ringier.com\/wp-content\/uploads\/2021\/08\/DeinDeal.jpg","datePublished":"2018-01-08T15:11:00+00:00","dateModified":"2025-06-24T07:51:57+00:00","breadcrumb":{"@id":"https:\/\/www.ringier.com\/fr\/changement-de-direction-au-sein-de-deindeal-sa-allen-krief-succede-a-malte-polzin-en-tant-que-ceo\/#breadcrumb"},"inLanguage":"fr-FR","potentialAction":[{"@type":"ReadAction","target":["https:\/\/www.ringier.com\/fr\/changement-de-direction-au-sein-de-deindeal-sa-allen-krief-succede-a-malte-polzin-en-tant-que-ceo\/"]}]},{"@type":"ImageObject","inLanguage":"fr-FR","@id":"https:\/\/www.ringier.com\/fr\/changement-de-direction-au-sein-de-deindeal-sa-allen-krief-succede-a-malte-polzin-en-tant-que-ceo\/#primaryimage","url":"https:\/\/www.ringier.com\/wp-content\/uploads\/2021\/08\/DeinDeal.jpg","contentUrl":"https:\/\/www.ringier.com\/wp-content\/uploads\/2021\/08\/DeinDeal.jpg","width":600,"height":400},{"@type":"BreadcrumbList","@id":"https:\/\/www.ringier.com\/fr\/changement-de-direction-au-sein-de-deindeal-sa-allen-krief-succede-a-malte-polzin-en-tant-que-ceo\/#breadcrumb","itemListElement":[{"@type":"ListItem","position":1,"name":"Home","item":"https:\/\/www.ringier.com\/fr\/"},{"@type":"ListItem","position":2,"name":"Changement de direction au sein de DeinDeal SA \u2013 Allen Krief succ\u00e8de \u00e0 Malte Polzin en tant que CEO"}]},{"@type":"WebSite","@id":"https:\/\/www.ringier.com\/fr\/#website","url":"https:\/\/www.ringier.com\/fr\/","name":"Ringier","description":"We inform. We entertain. We connect","publisher":{"@id":"https:\/\/www.ringier.com\/fr\/#organization"},"potentialAction":[{"@type":"SearchAction","target":{"@type":"EntryPoint","urlTemplate":"https:\/\/www.ringier.com\/fr\/?s={search_term_string}"},"query-input":{"@type":"PropertyValueSpecification","valueRequired":true,"valueName":"search_term_string"}}],"inLanguage":"fr-FR"},{"@type":"Organization","@id":"https:\/\/www.ringier.com\/fr\/#organization","name":"Ringier","url":"https:\/\/www.ringier.com\/fr\/","logo":{"@type":"ImageObject","inLanguage":"fr-FR","@id":"https:\/\/www.ringier.com\/fr\/#\/schema\/logo\/image\/","url":"https:\/\/www.ringier.com\/wp-content\/uploads\/2021\/10\/ringier_logo_2.jpg","contentUrl":"https:\/\/www.ringier.com\/wp-content\/uploads\/2021\/10\/ringier_logo_2.jpg","width":750,"height":550,"caption":"Ringier"},"image":{"@id":"https:\/\/www.ringier.com\/fr\/#\/schema\/logo\/image\/"},"sameAs":["https:\/\/www.facebook.com\/ringierag\/","https:\/\/x.com\/ringier_ag","https:\/\/www.instagram.com\/ringier_ag\/","https:\/\/www.linkedin.com\/company\/ringier\/","https:\/\/www.youtube.com\/user\/RingierComm","https:\/\/en.wikipedia.org\/wiki\/Ringier","https:\/\/de.wikipedia.org\/wiki\/Ringier","https:\/\/fr.wikipedia.org\/wiki\/Ringier","https:\/\/www.crunchbase.com\/organization\/ringier-ag"]},{"@type":"Person","@id":"https:\/\/www.ringier.com\/fr\/#\/schema\/person\/1e03be3d98efb061d1ca29fef411db66","name":"Marc Liniger","image":{"@type":"ImageObject","inLanguage":"fr-FR","@id":"https:\/\/www.ringier.com\/fr\/#\/schema\/person\/image\/","url":"https:\/\/secure.gravatar.com\/avatar\/8d184da6aa7bdcc4d1a251ecaf713aa707e2a4c24b859c6360b2b31b83c1020e?s=96&d=mm&r=g","contentUrl":"https:\/\/secure.gravatar.com\/avatar\/8d184da6aa7bdcc4d1a251ecaf713aa707e2a4c24b859c6360b2b31b83c1020e?s=96&d=mm&r=g","caption":"Marc Liniger"},"sameAs":["https:\/\/www.ringier.com"]}]}},"_links":{"self":[{"href":"https:\/\/www.ringier.com\/fr\/wp-json\/wp\/v2\/posts\/9478","targetHints":{"allow":["GET"]}}],"collection":[{"href":"https:\/\/www.ringier.com\/fr\/wp-json\/wp\/v2\/posts"}],"about":[{"href":"https:\/\/www.ringier.com\/fr\/wp-json\/wp\/v2\/types\/post"}],"author":[{"embeddable":true,"href":"https:\/\/www.ringier.com\/fr\/wp-json\/wp\/v2\/users\/7"}],"replies":[{"embeddable":true,"href":"https:\/\/www.ringier.com\/fr\/wp-json\/wp\/v2\/comments?post=9478"}],"version-history":[{"count":0,"href":"https:\/\/www.ringier.com\/fr\/wp-json\/wp\/v2\/posts\/9478\/revisions"}],"wp:featuredmedia":[{"embeddable":true,"href":"https:\/\/www.ringier.com\/fr\/wp-json\/wp\/v2\/media\/911"}],"wp:attachment":[{"href":"https:\/\/www.ringier.com\/fr\/wp-json\/wp\/v2\/media?parent=9478"}],"wp:term":[{"taxonomy":"category","embeddable":true,"href":"https:\/\/www.ringier.com\/fr\/wp-json\/wp\/v2\/categories?post=9478"},{"taxonomy":"post_tag","embeddable":true,"href":"https:\/\/www.ringier.com\/fr\/wp-json\/wp\/v2\/tags?post=9478"}],"curies":[{"name":"wp","href":"https:\/\/api.w.org\/{rel}","templated":true}]}}