{"id":9375,"date":"2010-06-29T10:05:00","date_gmt":"2010-06-29T08:05:00","guid":{"rendered":"https:\/\/www.ringier.com\/armin-meier-to-become-director-of-marketing-sponsoring-at-ringier\/"},"modified":"2024-11-14T14:50:32","modified_gmt":"2024-11-14T13:50:32","slug":"armin-meier-nomme-directeur-du-marketing-et-du-sponsoring-chez-ringier","status":"publish","type":"post","link":"https:\/\/www.ringier.com\/fr\/armin-meier-nomme-directeur-du-marketing-et-du-sponsoring-chez-ringier\/","title":{"rendered":"Armin Meier nomm\u00e9 directeur du marketing et du sponsoring chez Ringier"},"content":{"rendered":"\n<p>Depuis 2006, Armin Meier est directeur g\u00e9n\u00e9ral de la filiale suisse \u00e0 Zurich d&rsquo;IMG, l&rsquo;agence de commercialisation de sports et d&rsquo;\u00e9v\u00e9nements qui couvre le monde entier. Durant cette p\u00e9riode, il a d\u00e9velopp\u00e9 et mis en \u0153uvre le nouveau mod\u00e8le commercial d&rsquo;IMG Suisse. A ce poste, il a dirig\u00e9 une \u00e9quipe de trente collaborateurs et a ainsi permis \u00e0 sa soci\u00e9t\u00e9 de reconqu\u00e9rir sa place de leader du march\u00e9 dans les activit\u00e9s suisses de gestion du sport.\u00a0<\/p>\n\n\n\n<p>Armin Meier est dipl\u00f4m\u00e9 de l&rsquo;\u00e9cole professionnelle de gestion, de direction et du personnel BPIH de Berne. Il reste aussi, pour beaucoup, un ancien grand pro du cyclisme qui, plus tard, a su \u00abvendre\u00bb le Tour de Suisse.\u00a0<\/p>\n\n\n\n<p>Lucernois de naissance, il deviendra d\u00e8s le 1er octobre prochain directeur du marketing et du sponsoring de Ringier Suisse et Allemagne. Dans cette fonction nouvellement cr\u00e9\u00e9e, il d\u00e9pendra directement du CEO Marc Walder et sera membre de la direction commerciale \u00e9largie de Ringier Suisse et Allemagne.\u00a0<\/p>\n\n\n\n<p>Voici ce que dit Marc Walder des t\u00e2ches d&rsquo;Armin Meier: \u00abRingier a cr\u00e9\u00e9 de nouvelles activit\u00e9s \u00e0 un rythme acc\u00e9l\u00e9r\u00e9. Particuli\u00e8rement dans le domaine du divertissement que nous d\u00e9veloppons avec m\u00e9thode. Avec Armin Meier, nous avons r\u00e9ussi \u00e0 engager l&rsquo;un des meilleurs promoteurs de Suisse pour ces activit\u00e9s passionnantes.\u00bb\u00a0<\/p>\n\n\n\n<p>Communication Ringier Suisse<\/p>\n","protected":false},"excerpt":{"rendered":"<p>Ringier Suisse renforce son \u00e9quipe du marketing et du sponsoring gr\u00e2ce \u00e0 l&rsquo;engagement de l&rsquo;un des promoteurs les plus talentueux de Suisse, \u00e0 savoir Armin Meier, directeur d&rsquo;IMG, qui entre ainsi dans la plus importante maison d&rsquo;\u00e9dition suisse.<\/p>\n","protected":false},"author":23,"featured_media":5765,"comment_status":"closed","ping_status":"open","sticky":false,"template":"","format":"standard","meta":{"inline_featured_image":false,"footnotes":""},"categories":[43],"tags":[],"class_list":["post-9375","post","type-post","status-publish","format-standard","has-post-thumbnail","hentry","category-corporate-fr"],"yoast_head":"<!-- This site is optimized with the Yoast SEO Premium plugin v27.0 (Yoast SEO v27.0) - https:\/\/yoast.com\/product\/yoast-seo-premium-wordpress\/ -->\n<title>Armin Meier nomm\u00e9 directeur du marketing et du sponsoring chez Ringier - Ringier<\/title>\n<meta name=\"robots\" content=\"index, follow, max-snippet:-1, max-image-preview:large, max-video-preview:-1\" \/>\n<link rel=\"canonical\" href=\"https:\/\/www.ringier.com\/fr\/armin-meier-nomme-directeur-du-marketing-et-du-sponsoring-chez-ringier\/\" \/>\n<meta property=\"og:locale\" content=\"fr_FR\" \/>\n<meta property=\"og:type\" content=\"article\" \/>\n<meta property=\"og:title\" content=\"Armin Meier nomm\u00e9 directeur du marketing et du sponsoring chez Ringier\" \/>\n<meta property=\"og:description\" content=\"Ringier Suisse renforce son \u00e9quipe du marketing et du sponsoring gr\u00e2ce \u00e0 l&#039;engagement de l&#039;un des promoteurs les plus talentueux de Suisse, \u00e0 savoir Armin Meier, directeur d&#039;IMG, qui entre ainsi dans la plus importante maison d&#039;\u00e9dition suisse.\" \/>\n<meta property=\"og:url\" content=\"https:\/\/www.ringier.com\/fr\/armin-meier-nomme-directeur-du-marketing-et-du-sponsoring-chez-ringier\/\" \/>\n<meta property=\"og:site_name\" content=\"Ringier\" \/>\n<meta property=\"article:publisher\" content=\"https:\/\/www.facebook.com\/ringierag\/\" \/>\n<meta property=\"article:published_time\" content=\"2010-06-29T08:05:00+00:00\" \/>\n<meta property=\"article:modified_time\" content=\"2024-11-14T13:50:32+00:00\" \/>\n<meta property=\"og:image\" content=\"https:\/\/www.ringier.com\/wp-content\/uploads\/2013\/03\/Press-Release-Default.png\" \/>\n\t<meta property=\"og:image:width\" content=\"8001\" \/>\n\t<meta property=\"og:image:height\" content=\"4201\" \/>\n\t<meta property=\"og:image:type\" content=\"image\/png\" \/>\n<meta name=\"author\" content=\"Ringier Corporate Communications\" \/>\n<meta name=\"twitter:card\" content=\"summary_large_image\" \/>\n<meta name=\"twitter:creator\" content=\"@ringier_ag\" \/>\n<meta name=\"twitter:site\" content=\"@ringier_ag\" \/>\n<meta name=\"twitter:label1\" content=\"\u00c9crit par\" \/>\n\t<meta name=\"twitter:data1\" content=\"Ringier Corporate Communications\" \/>\n\t<meta name=\"twitter:label2\" content=\"Dur\u00e9e de lecture estim\u00e9e\" \/>\n\t<meta name=\"twitter:data2\" content=\"2 minutes\" \/>\n<script type=\"application\/ld+json\" class=\"yoast-schema-graph\">{\"@context\":\"https:\/\/schema.org\",\"@graph\":[{\"@type\":\"Article\",\"@id\":\"https:\/\/www.ringier.com\/fr\/armin-meier-nomme-directeur-du-marketing-et-du-sponsoring-chez-ringier\/#article\",\"isPartOf\":{\"@id\":\"https:\/\/www.ringier.com\/fr\/armin-meier-nomme-directeur-du-marketing-et-du-sponsoring-chez-ringier\/\"},\"author\":{\"name\":\"Ringier Corporate Communications\",\"@id\":\"https:\/\/www.ringier.com\/fr\/#\/schema\/person\/4cf76a308dc4b2bb5121bd1e7b752e52\"},\"headline\":\"Armin Meier nomm\u00e9 directeur du marketing et du sponsoring chez Ringier\",\"datePublished\":\"2010-06-29T08:05:00+00:00\",\"dateModified\":\"2024-11-14T13:50:32+00:00\",\"mainEntityOfPage\":{\"@id\":\"https:\/\/www.ringier.com\/fr\/armin-meier-nomme-directeur-du-marketing-et-du-sponsoring-chez-ringier\/\"},\"wordCount\":247,\"publisher\":{\"@id\":\"https:\/\/www.ringier.com\/fr\/#organization\"},\"image\":{\"@id\":\"https:\/\/www.ringier.com\/fr\/armin-meier-nomme-directeur-du-marketing-et-du-sponsoring-chez-ringier\/#primaryimage\"},\"thumbnailUrl\":\"https:\/\/www.ringier.com\/wp-content\/uploads\/2013\/03\/Press-Release-Default.png\",\"articleSection\":[\"Corporate\"],\"inLanguage\":\"fr-FR\"},{\"@type\":\"WebPage\",\"@id\":\"https:\/\/www.ringier.com\/fr\/armin-meier-nomme-directeur-du-marketing-et-du-sponsoring-chez-ringier\/\",\"url\":\"https:\/\/www.ringier.com\/fr\/armin-meier-nomme-directeur-du-marketing-et-du-sponsoring-chez-ringier\/\",\"name\":\"Armin Meier nomm\u00e9 directeur du marketing et du sponsoring chez Ringier - Ringier\",\"isPartOf\":{\"@id\":\"https:\/\/www.ringier.com\/fr\/#website\"},\"primaryImageOfPage\":{\"@id\":\"https:\/\/www.ringier.com\/fr\/armin-meier-nomme-directeur-du-marketing-et-du-sponsoring-chez-ringier\/#primaryimage\"},\"image\":{\"@id\":\"https:\/\/www.ringier.com\/fr\/armin-meier-nomme-directeur-du-marketing-et-du-sponsoring-chez-ringier\/#primaryimage\"},\"thumbnailUrl\":\"https:\/\/www.ringier.com\/wp-content\/uploads\/2013\/03\/Press-Release-Default.png\",\"datePublished\":\"2010-06-29T08:05:00+00:00\",\"dateModified\":\"2024-11-14T13:50:32+00:00\",\"breadcrumb\":{\"@id\":\"https:\/\/www.ringier.com\/fr\/armin-meier-nomme-directeur-du-marketing-et-du-sponsoring-chez-ringier\/#breadcrumb\"},\"inLanguage\":\"fr-FR\",\"potentialAction\":[{\"@type\":\"ReadAction\",\"target\":[\"https:\/\/www.ringier.com\/fr\/armin-meier-nomme-directeur-du-marketing-et-du-sponsoring-chez-ringier\/\"]}]},{\"@type\":\"ImageObject\",\"inLanguage\":\"fr-FR\",\"@id\":\"https:\/\/www.ringier.com\/fr\/armin-meier-nomme-directeur-du-marketing-et-du-sponsoring-chez-ringier\/#primaryimage\",\"url\":\"https:\/\/www.ringier.com\/wp-content\/uploads\/2013\/03\/Press-Release-Default.png\",\"contentUrl\":\"https:\/\/www.ringier.com\/wp-content\/uploads\/2013\/03\/Press-Release-Default.png\",\"width\":8001,\"height\":4201},{\"@type\":\"BreadcrumbList\",\"@id\":\"https:\/\/www.ringier.com\/fr\/armin-meier-nomme-directeur-du-marketing-et-du-sponsoring-chez-ringier\/#breadcrumb\",\"itemListElement\":[{\"@type\":\"ListItem\",\"position\":1,\"name\":\"Home\",\"item\":\"https:\/\/www.ringier.com\/fr\/\"},{\"@type\":\"ListItem\",\"position\":2,\"name\":\"Armin Meier nomm\u00e9 directeur du marketing et du sponsoring chez Ringier\"}]},{\"@type\":\"WebSite\",\"@id\":\"https:\/\/www.ringier.com\/fr\/#website\",\"url\":\"https:\/\/www.ringier.com\/fr\/\",\"name\":\"Ringier\",\"description\":\"We inform. We entertain. We connect\",\"publisher\":{\"@id\":\"https:\/\/www.ringier.com\/fr\/#organization\"},\"potentialAction\":[{\"@type\":\"SearchAction\",\"target\":{\"@type\":\"EntryPoint\",\"urlTemplate\":\"https:\/\/www.ringier.com\/fr\/?s={search_term_string}\"},\"query-input\":{\"@type\":\"PropertyValueSpecification\",\"valueRequired\":true,\"valueName\":\"search_term_string\"}}],\"inLanguage\":\"fr-FR\"},{\"@type\":\"Organization\",\"@id\":\"https:\/\/www.ringier.com\/fr\/#organization\",\"name\":\"Ringier\",\"url\":\"https:\/\/www.ringier.com\/fr\/\",\"logo\":{\"@type\":\"ImageObject\",\"inLanguage\":\"fr-FR\",\"@id\":\"https:\/\/www.ringier.com\/fr\/#\/schema\/logo\/image\/\",\"url\":\"https:\/\/www.ringier.com\/wp-content\/uploads\/2021\/10\/ringier_logo_2.jpg\",\"contentUrl\":\"https:\/\/www.ringier.com\/wp-content\/uploads\/2021\/10\/ringier_logo_2.jpg\",\"width\":750,\"height\":550,\"caption\":\"Ringier\"},\"image\":{\"@id\":\"https:\/\/www.ringier.com\/fr\/#\/schema\/logo\/image\/\"},\"sameAs\":[\"https:\/\/www.facebook.com\/ringierag\/\",\"https:\/\/x.com\/ringier_ag\",\"https:\/\/www.instagram.com\/ringier_ag\/\",\"https:\/\/www.linkedin.com\/company\/ringier\/\",\"https:\/\/www.youtube.com\/user\/RingierComm\",\"https:\/\/en.wikipedia.org\/wiki\/Ringier\",\"https:\/\/de.wikipedia.org\/wiki\/Ringier\",\"https:\/\/fr.wikipedia.org\/wiki\/Ringier\",\"https:\/\/www.crunchbase.com\/organization\/ringier-ag\"]},{\"@type\":\"Person\",\"@id\":\"https:\/\/www.ringier.com\/fr\/#\/schema\/person\/4cf76a308dc4b2bb5121bd1e7b752e52\",\"name\":\"Ringier Corporate Communications\",\"image\":{\"@type\":\"ImageObject\",\"inLanguage\":\"fr-FR\",\"@id\":\"https:\/\/www.ringier.com\/fr\/#\/schema\/person\/image\/\",\"url\":\"https:\/\/secure.gravatar.com\/avatar\/9391e20481368d5df4fe3e1e476c13b27786347489822ec1ed07e532bb41f587?s=96&d=mm&r=g\",\"contentUrl\":\"https:\/\/secure.gravatar.com\/avatar\/9391e20481368d5df4fe3e1e476c13b27786347489822ec1ed07e532bb41f587?s=96&d=mm&r=g\",\"caption\":\"Ringier Corporate Communications\"},\"sameAs\":[\"https:\/\/www.ringier.com\"]}]}<\/script>\n<!-- \/ Yoast SEO Premium plugin. -->","yoast_head_json":{"title":"Armin Meier nomm\u00e9 directeur du marketing et du sponsoring chez Ringier - Ringier","robots":{"index":"index","follow":"follow","max-snippet":"max-snippet:-1","max-image-preview":"max-image-preview:large","max-video-preview":"max-video-preview:-1"},"canonical":"https:\/\/www.ringier.com\/fr\/armin-meier-nomme-directeur-du-marketing-et-du-sponsoring-chez-ringier\/","og_locale":"fr_FR","og_type":"article","og_title":"Armin Meier nomm\u00e9 directeur du marketing et du sponsoring chez Ringier","og_description":"Ringier Suisse renforce son \u00e9quipe du marketing et du sponsoring gr\u00e2ce \u00e0 l'engagement de l'un des promoteurs les plus talentueux de Suisse, \u00e0 savoir Armin Meier, directeur d'IMG, qui entre ainsi dans la plus importante maison d'\u00e9dition suisse.","og_url":"https:\/\/www.ringier.com\/fr\/armin-meier-nomme-directeur-du-marketing-et-du-sponsoring-chez-ringier\/","og_site_name":"Ringier","article_publisher":"https:\/\/www.facebook.com\/ringierag\/","article_published_time":"2010-06-29T08:05:00+00:00","article_modified_time":"2024-11-14T13:50:32+00:00","og_image":[{"width":8001,"height":4201,"url":"https:\/\/www.ringier.com\/wp-content\/uploads\/2013\/03\/Press-Release-Default.png","type":"image\/png"}],"author":"Ringier Corporate Communications","twitter_card":"summary_large_image","twitter_creator":"@ringier_ag","twitter_site":"@ringier_ag","twitter_misc":{"\u00c9crit par":"Ringier Corporate Communications","Dur\u00e9e de lecture estim\u00e9e":"2 minutes"},"schema":{"@context":"https:\/\/schema.org","@graph":[{"@type":"Article","@id":"https:\/\/www.ringier.com\/fr\/armin-meier-nomme-directeur-du-marketing-et-du-sponsoring-chez-ringier\/#article","isPartOf":{"@id":"https:\/\/www.ringier.com\/fr\/armin-meier-nomme-directeur-du-marketing-et-du-sponsoring-chez-ringier\/"},"author":{"name":"Ringier Corporate Communications","@id":"https:\/\/www.ringier.com\/fr\/#\/schema\/person\/4cf76a308dc4b2bb5121bd1e7b752e52"},"headline":"Armin Meier nomm\u00e9 directeur du marketing et du sponsoring chez Ringier","datePublished":"2010-06-29T08:05:00+00:00","dateModified":"2024-11-14T13:50:32+00:00","mainEntityOfPage":{"@id":"https:\/\/www.ringier.com\/fr\/armin-meier-nomme-directeur-du-marketing-et-du-sponsoring-chez-ringier\/"},"wordCount":247,"publisher":{"@id":"https:\/\/www.ringier.com\/fr\/#organization"},"image":{"@id":"https:\/\/www.ringier.com\/fr\/armin-meier-nomme-directeur-du-marketing-et-du-sponsoring-chez-ringier\/#primaryimage"},"thumbnailUrl":"https:\/\/www.ringier.com\/wp-content\/uploads\/2013\/03\/Press-Release-Default.png","articleSection":["Corporate"],"inLanguage":"fr-FR"},{"@type":"WebPage","@id":"https:\/\/www.ringier.com\/fr\/armin-meier-nomme-directeur-du-marketing-et-du-sponsoring-chez-ringier\/","url":"https:\/\/www.ringier.com\/fr\/armin-meier-nomme-directeur-du-marketing-et-du-sponsoring-chez-ringier\/","name":"Armin Meier nomm\u00e9 directeur du marketing et du sponsoring chez Ringier - Ringier","isPartOf":{"@id":"https:\/\/www.ringier.com\/fr\/#website"},"primaryImageOfPage":{"@id":"https:\/\/www.ringier.com\/fr\/armin-meier-nomme-directeur-du-marketing-et-du-sponsoring-chez-ringier\/#primaryimage"},"image":{"@id":"https:\/\/www.ringier.com\/fr\/armin-meier-nomme-directeur-du-marketing-et-du-sponsoring-chez-ringier\/#primaryimage"},"thumbnailUrl":"https:\/\/www.ringier.com\/wp-content\/uploads\/2013\/03\/Press-Release-Default.png","datePublished":"2010-06-29T08:05:00+00:00","dateModified":"2024-11-14T13:50:32+00:00","breadcrumb":{"@id":"https:\/\/www.ringier.com\/fr\/armin-meier-nomme-directeur-du-marketing-et-du-sponsoring-chez-ringier\/#breadcrumb"},"inLanguage":"fr-FR","potentialAction":[{"@type":"ReadAction","target":["https:\/\/www.ringier.com\/fr\/armin-meier-nomme-directeur-du-marketing-et-du-sponsoring-chez-ringier\/"]}]},{"@type":"ImageObject","inLanguage":"fr-FR","@id":"https:\/\/www.ringier.com\/fr\/armin-meier-nomme-directeur-du-marketing-et-du-sponsoring-chez-ringier\/#primaryimage","url":"https:\/\/www.ringier.com\/wp-content\/uploads\/2013\/03\/Press-Release-Default.png","contentUrl":"https:\/\/www.ringier.com\/wp-content\/uploads\/2013\/03\/Press-Release-Default.png","width":8001,"height":4201},{"@type":"BreadcrumbList","@id":"https:\/\/www.ringier.com\/fr\/armin-meier-nomme-directeur-du-marketing-et-du-sponsoring-chez-ringier\/#breadcrumb","itemListElement":[{"@type":"ListItem","position":1,"name":"Home","item":"https:\/\/www.ringier.com\/fr\/"},{"@type":"ListItem","position":2,"name":"Armin Meier nomm\u00e9 directeur du marketing et du sponsoring chez Ringier"}]},{"@type":"WebSite","@id":"https:\/\/www.ringier.com\/fr\/#website","url":"https:\/\/www.ringier.com\/fr\/","name":"Ringier","description":"We inform. We entertain. We connect","publisher":{"@id":"https:\/\/www.ringier.com\/fr\/#organization"},"potentialAction":[{"@type":"SearchAction","target":{"@type":"EntryPoint","urlTemplate":"https:\/\/www.ringier.com\/fr\/?s={search_term_string}"},"query-input":{"@type":"PropertyValueSpecification","valueRequired":true,"valueName":"search_term_string"}}],"inLanguage":"fr-FR"},{"@type":"Organization","@id":"https:\/\/www.ringier.com\/fr\/#organization","name":"Ringier","url":"https:\/\/www.ringier.com\/fr\/","logo":{"@type":"ImageObject","inLanguage":"fr-FR","@id":"https:\/\/www.ringier.com\/fr\/#\/schema\/logo\/image\/","url":"https:\/\/www.ringier.com\/wp-content\/uploads\/2021\/10\/ringier_logo_2.jpg","contentUrl":"https:\/\/www.ringier.com\/wp-content\/uploads\/2021\/10\/ringier_logo_2.jpg","width":750,"height":550,"caption":"Ringier"},"image":{"@id":"https:\/\/www.ringier.com\/fr\/#\/schema\/logo\/image\/"},"sameAs":["https:\/\/www.facebook.com\/ringierag\/","https:\/\/x.com\/ringier_ag","https:\/\/www.instagram.com\/ringier_ag\/","https:\/\/www.linkedin.com\/company\/ringier\/","https:\/\/www.youtube.com\/user\/RingierComm","https:\/\/en.wikipedia.org\/wiki\/Ringier","https:\/\/de.wikipedia.org\/wiki\/Ringier","https:\/\/fr.wikipedia.org\/wiki\/Ringier","https:\/\/www.crunchbase.com\/organization\/ringier-ag"]},{"@type":"Person","@id":"https:\/\/www.ringier.com\/fr\/#\/schema\/person\/4cf76a308dc4b2bb5121bd1e7b752e52","name":"Ringier Corporate Communications","image":{"@type":"ImageObject","inLanguage":"fr-FR","@id":"https:\/\/www.ringier.com\/fr\/#\/schema\/person\/image\/","url":"https:\/\/secure.gravatar.com\/avatar\/9391e20481368d5df4fe3e1e476c13b27786347489822ec1ed07e532bb41f587?s=96&d=mm&r=g","contentUrl":"https:\/\/secure.gravatar.com\/avatar\/9391e20481368d5df4fe3e1e476c13b27786347489822ec1ed07e532bb41f587?s=96&d=mm&r=g","caption":"Ringier Corporate Communications"},"sameAs":["https:\/\/www.ringier.com"]}]}},"_links":{"self":[{"href":"https:\/\/www.ringier.com\/fr\/wp-json\/wp\/v2\/posts\/9375","targetHints":{"allow":["GET"]}}],"collection":[{"href":"https:\/\/www.ringier.com\/fr\/wp-json\/wp\/v2\/posts"}],"about":[{"href":"https:\/\/www.ringier.com\/fr\/wp-json\/wp\/v2\/types\/post"}],"author":[{"embeddable":true,"href":"https:\/\/www.ringier.com\/fr\/wp-json\/wp\/v2\/users\/23"}],"replies":[{"embeddable":true,"href":"https:\/\/www.ringier.com\/fr\/wp-json\/wp\/v2\/comments?post=9375"}],"version-history":[{"count":0,"href":"https:\/\/www.ringier.com\/fr\/wp-json\/wp\/v2\/posts\/9375\/revisions"}],"wp:featuredmedia":[{"embeddable":true,"href":"https:\/\/www.ringier.com\/fr\/wp-json\/wp\/v2\/media\/5765"}],"wp:attachment":[{"href":"https:\/\/www.ringier.com\/fr\/wp-json\/wp\/v2\/media?parent=9375"}],"wp:term":[{"taxonomy":"category","embeddable":true,"href":"https:\/\/www.ringier.com\/fr\/wp-json\/wp\/v2\/categories?post=9375"},{"taxonomy":"post_tag","embeddable":true,"href":"https:\/\/www.ringier.com\/fr\/wp-json\/wp\/v2\/tags?post=9375"}],"curies":[{"name":"wp","href":"https:\/\/api.w.org\/{rel}","templated":true}]}}