{"id":937,"date":"2019-08-23T13:43:00","date_gmt":"2019-08-23T11:43:00","guid":{"rendered":"https:\/\/www.ringier.com\/ringier-brand-studio-produziert-zum-dritten-mal-das-magazin-zum-digitaltag-schweiz-4-0\/"},"modified":"2025-06-23T15:24:49","modified_gmt":"2025-06-23T13:24:49","slug":"pour-la-troisieme-fois-ringier-brand-studio-produit-le-magazine-de-la-journee-du-digital-suisse-4-0","status":"publish","type":"post","link":"https:\/\/www.ringier.com\/fr\/pour-la-troisieme-fois-ringier-brand-studio-produit-le-magazine-de-la-journee-du-digital-suisse-4-0\/","title":{"rendered":"Pour la troisi\u00e8me fois, Ringier Brand Studio produit le magazine de la Journ\u00e9e du digital \u00abSuisse 4.0\u00bb"},"content":{"rendered":"\n<p>Des d\u00e9cideurs du monde de la politique et de l\u2019\u00e9conomie, des experts, des activistes et le peuple suisse qui a \u00e9t\u00e9 interrog\u00e9 dans le cadre d\u2019une enqu\u00eate repr\u00e9sentative prendront la parole: o\u00f9 nous emm\u00e8ne la num\u00e9risation, comment le monde \u00e9voluera et qu\u2019est-ce qui est source d\u2019espoir ou de peur.<\/p>\n\n\n\n<p>Le Ringier Brand Studio, sous la direction de son r\u00e9dacteur en chef Fabian Z\u00fcrcher, \u00e9tait responsable de la production du magazine moderne et de haute qualit\u00e9 de la Journ\u00e9e du digital.<\/p>\n\n\n\n<p>\u00abLa troisi\u00e8me Journ\u00e9e suisse du digital, le 3&nbsp;septembre prochain, sera plac\u00e9e sous le signe du dialogue. La population, les politiciens et les experts y d\u00e9battront d\u2019\u00e9gal \u00e0 \u00e9gal. Ils tenteront de d\u00e9finir, ensemble, un avenir souhaitable, et s\u2019interpelleront pour remettre en question l\u2019\u00e9volution actuelle. Car si les machines sont capables de fournir des r\u00e9ponses, pour les questions, il faut encore l\u2019\u00eatre humain\u00bb, affirme Fabian Z\u00fcrcher dans son introduction au magazine de la Journ\u00e9e du digital.<\/p>\n\n\n\n<p>La version num\u00e9rique du magazine Journ\u00e9e du digital de Ringier peut \u00eatre consult\u00e9e sur&nbsp;<a href=\"https:\/\/mag.digitaltag.swiss\/\">https:\/\/mag.digitaltag.swiss\/<\/a>.<\/p>\n\n\n\n<p>L\u2019ePaper est disponible dans trois langues nationales en fran\u00e7ais, en allemand et en italien ici:<\/p>\n\n\n\n<figure class=\"wp-block-embed is-type-rich is-provider-issuu wp-block-embed-issuu\"><div class=\"wp-block-embed__wrapper\">\n<div data-url=\"https:\/\/issuu.com\/ringier-brandstudio\/docs\/digitaltag_2019_de\" style=\"width: 640px; height: 430px;\" class=\"issuuembed\"><\/div><script type=\"text\/javascript\" src=\"\/\/e.issuu.com\/embed.js\" async=\"true\"><\/script>\n<\/div><\/figure>\n\n\n\n<figure class=\"wp-block-embed is-type-rich is-provider-issuu wp-block-embed-issuu\"><div class=\"wp-block-embed__wrapper\">\n<div data-url=\"https:\/\/issuu.com\/ringier-brandstudio\/docs\/digitaltag_2019_fr\" style=\"width: 640px; height: 430px;\" class=\"issuuembed\"><\/div><script type=\"text\/javascript\" src=\"\/\/e.issuu.com\/embed.js\" async=\"true\"><\/script>\n<\/div><\/figure>\n\n\n\n<figure class=\"wp-block-embed is-type-rich is-provider-issuu wp-block-embed-issuu\"><div class=\"wp-block-embed__wrapper\">\n<div data-url=\"https:\/\/issuu.com\/ringier-brandstudio\/docs\/digitaltag_2019_it\" style=\"width: 640px; height: 430px;\" class=\"issuuembed\"><\/div><script type=\"text\/javascript\" src=\"\/\/e.issuu.com\/embed.js\" async=\"true\"><\/script>\n<\/div><\/figure>\n\n\n\n<p>Cette journ\u00e9e d\u2019action mise en place par digitalswitzerland doit encourager le dialogue avec la population et sa devise en 2019 est \u00abExplorer ensemble le digital\u00bb. Pr\u00e8s de 90&nbsp;partenaires de la Journ\u00e9e du digital pr\u00e9senteront au public toutes les facettes de la transition num\u00e9rique sur douze sites r\u00e9partis dans toute la Suisse. Le patronage de la Journ\u00e9e du digital est confi\u00e9 au pr\u00e9sident de la Conf\u00e9d\u00e9ration Ueli Maurer. Le Conseil f\u00e9d\u00e9ral souligne l\u2019importance de cet \u00e9v\u00e9nement par la pr\u00e9sence de la conseill\u00e8re f\u00e9d\u00e9rale Simonetta Sommaruga et du conseiller f\u00e9d\u00e9ral Guy Parmelin. Des informations d\u00e9taill\u00e9es sur le programme de la Journ\u00e9e du digital sont disponibles sur&nbsp;<a href=\"https:\/\/www.digitaltag.swiss\/fr\/\">https:\/\/www.digitaltag.swiss\/fr\/<\/a>.<\/p>\n","protected":false},"excerpt":{"rendered":"<p>A l\u2019occasion de la troisi\u00e8me Journ\u00e9e suisse du digital qui sera plac\u00e9e sous le signe du dialogue avec la population et aura lieu le 3 septembre 2019, Ringier a de nouveau produit un magazine sp\u00e9cial de 92 pages au total et tir\u00e9 \u00e0 470 000 exemplaires. Il accompagnera les num\u00e9ros actuels du Temps (24.08), du SonntagsBlick (25.08), d\u2019il Caff\u00e8 (25.08) et de la Handelszeitung (29.08), et il sera \u00e9galement disponible gratuitement dans la gare de Zurich lors de la Journ\u00e9e du digital.<\/p>\n","protected":false},"author":23,"featured_media":932,"comment_status":"closed","ping_status":"open","sticky":false,"template":"","format":"standard","meta":{"inline_featured_image":false,"footnotes":""},"categories":[370,363],"tags":[],"class_list":["post-937","post","type-post","status-publish","format-standard","has-post-thumbnail","hentry","category-media-fr","category-ringier-medias-suisse"],"yoast_head":"<!-- This site is optimized with the Yoast SEO Premium plugin v27.0 (Yoast SEO v27.0) - https:\/\/yoast.com\/product\/yoast-seo-premium-wordpress\/ -->\n<title>Pour la troisi\u00e8me fois, Ringier Brand Studio produit le magazine de la Journ\u00e9e du digital \u00abSuisse 4.0\u00bb - Ringier<\/title>\n<meta name=\"robots\" content=\"index, follow, max-snippet:-1, max-image-preview:large, max-video-preview:-1\" \/>\n<link rel=\"canonical\" href=\"https:\/\/www.ringier.com\/fr\/pour-la-troisieme-fois-ringier-brand-studio-produit-le-magazine-de-la-journee-du-digital-suisse-4-0\/\" \/>\n<meta property=\"og:locale\" content=\"fr_FR\" \/>\n<meta property=\"og:type\" content=\"article\" \/>\n<meta property=\"og:title\" content=\"Pour la troisi\u00e8me fois, Ringier Brand Studio produit le magazine de la Journ\u00e9e du digital \u00abSuisse 4.0\u00bb\" \/>\n<meta property=\"og:description\" content=\"A l\u2019occasion de la troisi\u00e8me Journ\u00e9e suisse du digital qui sera plac\u00e9e sous le signe du dialogue avec la population et aura lieu le 3 septembre 2019, Ringier a de nouveau produit un magazine sp\u00e9cial de 92 pages au total et tir\u00e9 \u00e0 470 000 exemplaires. Il accompagnera les num\u00e9ros actuels du Temps (24.08), du SonntagsBlick (25.08), d\u2019il Caff\u00e8 (25.08) et de la Handelszeitung (29.08), et il sera \u00e9galement disponible gratuitement dans la gare de Zurich lors de la Journ\u00e9e du digital.\" \/>\n<meta property=\"og:url\" content=\"https:\/\/www.ringier.com\/fr\/pour-la-troisieme-fois-ringier-brand-studio-produit-le-magazine-de-la-journee-du-digital-suisse-4-0\/\" \/>\n<meta property=\"og:site_name\" content=\"Ringier\" \/>\n<meta property=\"article:publisher\" content=\"https:\/\/www.facebook.com\/ringierag\/\" \/>\n<meta property=\"article:published_time\" content=\"2019-08-23T11:43:00+00:00\" \/>\n<meta property=\"article:modified_time\" content=\"2025-06-23T13:24:49+00:00\" \/>\n<meta property=\"og:image\" content=\"https:\/\/www.ringier.com\/wp-content\/uploads\/2021\/08\/Digital-Magazin-Digitaltag-2019.png\" \/>\n\t<meta property=\"og:image:width\" content=\"600\" \/>\n\t<meta property=\"og:image:height\" content=\"400\" \/>\n\t<meta property=\"og:image:type\" content=\"image\/png\" \/>\n<meta name=\"author\" content=\"Ringier Corporate Communications\" \/>\n<meta name=\"twitter:card\" content=\"summary_large_image\" \/>\n<meta name=\"twitter:creator\" content=\"@ringier_ag\" \/>\n<meta name=\"twitter:site\" content=\"@ringier_ag\" \/>\n<meta name=\"twitter:label1\" content=\"\u00c9crit par\" \/>\n\t<meta name=\"twitter:data1\" content=\"Ringier Corporate Communications\" \/>\n\t<meta name=\"twitter:label2\" content=\"Dur\u00e9e de lecture estim\u00e9e\" \/>\n\t<meta name=\"twitter:data2\" content=\"1 minute\" \/>\n<script type=\"application\/ld+json\" class=\"yoast-schema-graph\">{\"@context\":\"https:\/\/schema.org\",\"@graph\":[{\"@type\":\"Article\",\"@id\":\"https:\/\/www.ringier.com\/fr\/pour-la-troisieme-fois-ringier-brand-studio-produit-le-magazine-de-la-journee-du-digital-suisse-4-0\/#article\",\"isPartOf\":{\"@id\":\"https:\/\/www.ringier.com\/fr\/pour-la-troisieme-fois-ringier-brand-studio-produit-le-magazine-de-la-journee-du-digital-suisse-4-0\/\"},\"author\":{\"name\":\"Ringier Corporate Communications\",\"@id\":\"https:\/\/www.ringier.com\/fr\/#\/schema\/person\/4cf76a308dc4b2bb5121bd1e7b752e52\"},\"headline\":\"Pour la troisi\u00e8me fois, Ringier Brand Studio produit le magazine de la Journ\u00e9e du digital \u00abSuisse 4.0\u00bb\",\"datePublished\":\"2019-08-23T11:43:00+00:00\",\"dateModified\":\"2025-06-23T13:24:49+00:00\",\"mainEntityOfPage\":{\"@id\":\"https:\/\/www.ringier.com\/fr\/pour-la-troisieme-fois-ringier-brand-studio-produit-le-magazine-de-la-journee-du-digital-suisse-4-0\/\"},\"wordCount\":391,\"publisher\":{\"@id\":\"https:\/\/www.ringier.com\/fr\/#organization\"},\"image\":{\"@id\":\"https:\/\/www.ringier.com\/fr\/pour-la-troisieme-fois-ringier-brand-studio-produit-le-magazine-de-la-journee-du-digital-suisse-4-0\/#primaryimage\"},\"thumbnailUrl\":\"https:\/\/www.ringier.com\/wp-content\/uploads\/2021\/08\/Digital-Magazin-Digitaltag-2019.png\",\"articleSection\":[\"Media\",\"Ringier Medias Suisse\"],\"inLanguage\":\"fr-FR\"},{\"@type\":\"WebPage\",\"@id\":\"https:\/\/www.ringier.com\/fr\/pour-la-troisieme-fois-ringier-brand-studio-produit-le-magazine-de-la-journee-du-digital-suisse-4-0\/\",\"url\":\"https:\/\/www.ringier.com\/fr\/pour-la-troisieme-fois-ringier-brand-studio-produit-le-magazine-de-la-journee-du-digital-suisse-4-0\/\",\"name\":\"Pour la troisi\u00e8me fois, Ringier Brand Studio produit le magazine de la Journ\u00e9e du digital \u00abSuisse 4.0\u00bb - Ringier\",\"isPartOf\":{\"@id\":\"https:\/\/www.ringier.com\/fr\/#website\"},\"primaryImageOfPage\":{\"@id\":\"https:\/\/www.ringier.com\/fr\/pour-la-troisieme-fois-ringier-brand-studio-produit-le-magazine-de-la-journee-du-digital-suisse-4-0\/#primaryimage\"},\"image\":{\"@id\":\"https:\/\/www.ringier.com\/fr\/pour-la-troisieme-fois-ringier-brand-studio-produit-le-magazine-de-la-journee-du-digital-suisse-4-0\/#primaryimage\"},\"thumbnailUrl\":\"https:\/\/www.ringier.com\/wp-content\/uploads\/2021\/08\/Digital-Magazin-Digitaltag-2019.png\",\"datePublished\":\"2019-08-23T11:43:00+00:00\",\"dateModified\":\"2025-06-23T13:24:49+00:00\",\"breadcrumb\":{\"@id\":\"https:\/\/www.ringier.com\/fr\/pour-la-troisieme-fois-ringier-brand-studio-produit-le-magazine-de-la-journee-du-digital-suisse-4-0\/#breadcrumb\"},\"inLanguage\":\"fr-FR\",\"potentialAction\":[{\"@type\":\"ReadAction\",\"target\":[\"https:\/\/www.ringier.com\/fr\/pour-la-troisieme-fois-ringier-brand-studio-produit-le-magazine-de-la-journee-du-digital-suisse-4-0\/\"]}]},{\"@type\":\"ImageObject\",\"inLanguage\":\"fr-FR\",\"@id\":\"https:\/\/www.ringier.com\/fr\/pour-la-troisieme-fois-ringier-brand-studio-produit-le-magazine-de-la-journee-du-digital-suisse-4-0\/#primaryimage\",\"url\":\"https:\/\/www.ringier.com\/wp-content\/uploads\/2021\/08\/Digital-Magazin-Digitaltag-2019.png\",\"contentUrl\":\"https:\/\/www.ringier.com\/wp-content\/uploads\/2021\/08\/Digital-Magazin-Digitaltag-2019.png\",\"width\":600,\"height\":400},{\"@type\":\"BreadcrumbList\",\"@id\":\"https:\/\/www.ringier.com\/fr\/pour-la-troisieme-fois-ringier-brand-studio-produit-le-magazine-de-la-journee-du-digital-suisse-4-0\/#breadcrumb\",\"itemListElement\":[{\"@type\":\"ListItem\",\"position\":1,\"name\":\"Home\",\"item\":\"https:\/\/www.ringier.com\/fr\/\"},{\"@type\":\"ListItem\",\"position\":2,\"name\":\"Pour la troisi\u00e8me fois, Ringier Brand Studio produit le magazine de la Journ\u00e9e du digital \u00abSuisse 4.0\u00bb\"}]},{\"@type\":\"WebSite\",\"@id\":\"https:\/\/www.ringier.com\/fr\/#website\",\"url\":\"https:\/\/www.ringier.com\/fr\/\",\"name\":\"Ringier\",\"description\":\"We inform. We entertain. We connect\",\"publisher\":{\"@id\":\"https:\/\/www.ringier.com\/fr\/#organization\"},\"potentialAction\":[{\"@type\":\"SearchAction\",\"target\":{\"@type\":\"EntryPoint\",\"urlTemplate\":\"https:\/\/www.ringier.com\/fr\/?s={search_term_string}\"},\"query-input\":{\"@type\":\"PropertyValueSpecification\",\"valueRequired\":true,\"valueName\":\"search_term_string\"}}],\"inLanguage\":\"fr-FR\"},{\"@type\":\"Organization\",\"@id\":\"https:\/\/www.ringier.com\/fr\/#organization\",\"name\":\"Ringier\",\"url\":\"https:\/\/www.ringier.com\/fr\/\",\"logo\":{\"@type\":\"ImageObject\",\"inLanguage\":\"fr-FR\",\"@id\":\"https:\/\/www.ringier.com\/fr\/#\/schema\/logo\/image\/\",\"url\":\"https:\/\/www.ringier.com\/wp-content\/uploads\/2021\/10\/ringier_logo_2.jpg\",\"contentUrl\":\"https:\/\/www.ringier.com\/wp-content\/uploads\/2021\/10\/ringier_logo_2.jpg\",\"width\":750,\"height\":550,\"caption\":\"Ringier\"},\"image\":{\"@id\":\"https:\/\/www.ringier.com\/fr\/#\/schema\/logo\/image\/\"},\"sameAs\":[\"https:\/\/www.facebook.com\/ringierag\/\",\"https:\/\/x.com\/ringier_ag\",\"https:\/\/www.instagram.com\/ringier_ag\/\",\"https:\/\/www.linkedin.com\/company\/ringier\/\",\"https:\/\/www.youtube.com\/user\/RingierComm\",\"https:\/\/en.wikipedia.org\/wiki\/Ringier\",\"https:\/\/de.wikipedia.org\/wiki\/Ringier\",\"https:\/\/fr.wikipedia.org\/wiki\/Ringier\",\"https:\/\/www.crunchbase.com\/organization\/ringier-ag\"]},{\"@type\":\"Person\",\"@id\":\"https:\/\/www.ringier.com\/fr\/#\/schema\/person\/4cf76a308dc4b2bb5121bd1e7b752e52\",\"name\":\"Ringier Corporate Communications\",\"image\":{\"@type\":\"ImageObject\",\"inLanguage\":\"fr-FR\",\"@id\":\"https:\/\/www.ringier.com\/fr\/#\/schema\/person\/image\/\",\"url\":\"https:\/\/secure.gravatar.com\/avatar\/9391e20481368d5df4fe3e1e476c13b27786347489822ec1ed07e532bb41f587?s=96&d=mm&r=g\",\"contentUrl\":\"https:\/\/secure.gravatar.com\/avatar\/9391e20481368d5df4fe3e1e476c13b27786347489822ec1ed07e532bb41f587?s=96&d=mm&r=g\",\"caption\":\"Ringier Corporate Communications\"},\"sameAs\":[\"https:\/\/www.ringier.com\"]}]}<\/script>\n<!-- \/ Yoast SEO Premium plugin. -->","yoast_head_json":{"title":"Pour la troisi\u00e8me fois, Ringier Brand Studio produit le magazine de la Journ\u00e9e du digital \u00abSuisse 4.0\u00bb - Ringier","robots":{"index":"index","follow":"follow","max-snippet":"max-snippet:-1","max-image-preview":"max-image-preview:large","max-video-preview":"max-video-preview:-1"},"canonical":"https:\/\/www.ringier.com\/fr\/pour-la-troisieme-fois-ringier-brand-studio-produit-le-magazine-de-la-journee-du-digital-suisse-4-0\/","og_locale":"fr_FR","og_type":"article","og_title":"Pour la troisi\u00e8me fois, Ringier Brand Studio produit le magazine de la Journ\u00e9e du digital \u00abSuisse 4.0\u00bb","og_description":"A l\u2019occasion de la troisi\u00e8me Journ\u00e9e suisse du digital qui sera plac\u00e9e sous le signe du dialogue avec la population et aura lieu le 3 septembre 2019, Ringier a de nouveau produit un magazine sp\u00e9cial de 92 pages au total et tir\u00e9 \u00e0 470 000 exemplaires. Il accompagnera les num\u00e9ros actuels du Temps (24.08), du SonntagsBlick (25.08), d\u2019il Caff\u00e8 (25.08) et de la Handelszeitung (29.08), et il sera \u00e9galement disponible gratuitement dans la gare de Zurich lors de la Journ\u00e9e du digital.","og_url":"https:\/\/www.ringier.com\/fr\/pour-la-troisieme-fois-ringier-brand-studio-produit-le-magazine-de-la-journee-du-digital-suisse-4-0\/","og_site_name":"Ringier","article_publisher":"https:\/\/www.facebook.com\/ringierag\/","article_published_time":"2019-08-23T11:43:00+00:00","article_modified_time":"2025-06-23T13:24:49+00:00","og_image":[{"width":600,"height":400,"url":"https:\/\/www.ringier.com\/wp-content\/uploads\/2021\/08\/Digital-Magazin-Digitaltag-2019.png","type":"image\/png"}],"author":"Ringier Corporate Communications","twitter_card":"summary_large_image","twitter_creator":"@ringier_ag","twitter_site":"@ringier_ag","twitter_misc":{"\u00c9crit par":"Ringier Corporate Communications","Dur\u00e9e de lecture estim\u00e9e":"1 minute"},"schema":{"@context":"https:\/\/schema.org","@graph":[{"@type":"Article","@id":"https:\/\/www.ringier.com\/fr\/pour-la-troisieme-fois-ringier-brand-studio-produit-le-magazine-de-la-journee-du-digital-suisse-4-0\/#article","isPartOf":{"@id":"https:\/\/www.ringier.com\/fr\/pour-la-troisieme-fois-ringier-brand-studio-produit-le-magazine-de-la-journee-du-digital-suisse-4-0\/"},"author":{"name":"Ringier Corporate Communications","@id":"https:\/\/www.ringier.com\/fr\/#\/schema\/person\/4cf76a308dc4b2bb5121bd1e7b752e52"},"headline":"Pour la troisi\u00e8me fois, Ringier Brand Studio produit le magazine de la Journ\u00e9e du digital \u00abSuisse 4.0\u00bb","datePublished":"2019-08-23T11:43:00+00:00","dateModified":"2025-06-23T13:24:49+00:00","mainEntityOfPage":{"@id":"https:\/\/www.ringier.com\/fr\/pour-la-troisieme-fois-ringier-brand-studio-produit-le-magazine-de-la-journee-du-digital-suisse-4-0\/"},"wordCount":391,"publisher":{"@id":"https:\/\/www.ringier.com\/fr\/#organization"},"image":{"@id":"https:\/\/www.ringier.com\/fr\/pour-la-troisieme-fois-ringier-brand-studio-produit-le-magazine-de-la-journee-du-digital-suisse-4-0\/#primaryimage"},"thumbnailUrl":"https:\/\/www.ringier.com\/wp-content\/uploads\/2021\/08\/Digital-Magazin-Digitaltag-2019.png","articleSection":["Media","Ringier Medias Suisse"],"inLanguage":"fr-FR"},{"@type":"WebPage","@id":"https:\/\/www.ringier.com\/fr\/pour-la-troisieme-fois-ringier-brand-studio-produit-le-magazine-de-la-journee-du-digital-suisse-4-0\/","url":"https:\/\/www.ringier.com\/fr\/pour-la-troisieme-fois-ringier-brand-studio-produit-le-magazine-de-la-journee-du-digital-suisse-4-0\/","name":"Pour la troisi\u00e8me fois, Ringier Brand Studio produit le magazine de la Journ\u00e9e du digital \u00abSuisse 4.0\u00bb - Ringier","isPartOf":{"@id":"https:\/\/www.ringier.com\/fr\/#website"},"primaryImageOfPage":{"@id":"https:\/\/www.ringier.com\/fr\/pour-la-troisieme-fois-ringier-brand-studio-produit-le-magazine-de-la-journee-du-digital-suisse-4-0\/#primaryimage"},"image":{"@id":"https:\/\/www.ringier.com\/fr\/pour-la-troisieme-fois-ringier-brand-studio-produit-le-magazine-de-la-journee-du-digital-suisse-4-0\/#primaryimage"},"thumbnailUrl":"https:\/\/www.ringier.com\/wp-content\/uploads\/2021\/08\/Digital-Magazin-Digitaltag-2019.png","datePublished":"2019-08-23T11:43:00+00:00","dateModified":"2025-06-23T13:24:49+00:00","breadcrumb":{"@id":"https:\/\/www.ringier.com\/fr\/pour-la-troisieme-fois-ringier-brand-studio-produit-le-magazine-de-la-journee-du-digital-suisse-4-0\/#breadcrumb"},"inLanguage":"fr-FR","potentialAction":[{"@type":"ReadAction","target":["https:\/\/www.ringier.com\/fr\/pour-la-troisieme-fois-ringier-brand-studio-produit-le-magazine-de-la-journee-du-digital-suisse-4-0\/"]}]},{"@type":"ImageObject","inLanguage":"fr-FR","@id":"https:\/\/www.ringier.com\/fr\/pour-la-troisieme-fois-ringier-brand-studio-produit-le-magazine-de-la-journee-du-digital-suisse-4-0\/#primaryimage","url":"https:\/\/www.ringier.com\/wp-content\/uploads\/2021\/08\/Digital-Magazin-Digitaltag-2019.png","contentUrl":"https:\/\/www.ringier.com\/wp-content\/uploads\/2021\/08\/Digital-Magazin-Digitaltag-2019.png","width":600,"height":400},{"@type":"BreadcrumbList","@id":"https:\/\/www.ringier.com\/fr\/pour-la-troisieme-fois-ringier-brand-studio-produit-le-magazine-de-la-journee-du-digital-suisse-4-0\/#breadcrumb","itemListElement":[{"@type":"ListItem","position":1,"name":"Home","item":"https:\/\/www.ringier.com\/fr\/"},{"@type":"ListItem","position":2,"name":"Pour la troisi\u00e8me fois, Ringier Brand Studio produit le magazine de la Journ\u00e9e du digital \u00abSuisse 4.0\u00bb"}]},{"@type":"WebSite","@id":"https:\/\/www.ringier.com\/fr\/#website","url":"https:\/\/www.ringier.com\/fr\/","name":"Ringier","description":"We inform. We entertain. We connect","publisher":{"@id":"https:\/\/www.ringier.com\/fr\/#organization"},"potentialAction":[{"@type":"SearchAction","target":{"@type":"EntryPoint","urlTemplate":"https:\/\/www.ringier.com\/fr\/?s={search_term_string}"},"query-input":{"@type":"PropertyValueSpecification","valueRequired":true,"valueName":"search_term_string"}}],"inLanguage":"fr-FR"},{"@type":"Organization","@id":"https:\/\/www.ringier.com\/fr\/#organization","name":"Ringier","url":"https:\/\/www.ringier.com\/fr\/","logo":{"@type":"ImageObject","inLanguage":"fr-FR","@id":"https:\/\/www.ringier.com\/fr\/#\/schema\/logo\/image\/","url":"https:\/\/www.ringier.com\/wp-content\/uploads\/2021\/10\/ringier_logo_2.jpg","contentUrl":"https:\/\/www.ringier.com\/wp-content\/uploads\/2021\/10\/ringier_logo_2.jpg","width":750,"height":550,"caption":"Ringier"},"image":{"@id":"https:\/\/www.ringier.com\/fr\/#\/schema\/logo\/image\/"},"sameAs":["https:\/\/www.facebook.com\/ringierag\/","https:\/\/x.com\/ringier_ag","https:\/\/www.instagram.com\/ringier_ag\/","https:\/\/www.linkedin.com\/company\/ringier\/","https:\/\/www.youtube.com\/user\/RingierComm","https:\/\/en.wikipedia.org\/wiki\/Ringier","https:\/\/de.wikipedia.org\/wiki\/Ringier","https:\/\/fr.wikipedia.org\/wiki\/Ringier","https:\/\/www.crunchbase.com\/organization\/ringier-ag"]},{"@type":"Person","@id":"https:\/\/www.ringier.com\/fr\/#\/schema\/person\/4cf76a308dc4b2bb5121bd1e7b752e52","name":"Ringier Corporate Communications","image":{"@type":"ImageObject","inLanguage":"fr-FR","@id":"https:\/\/www.ringier.com\/fr\/#\/schema\/person\/image\/","url":"https:\/\/secure.gravatar.com\/avatar\/9391e20481368d5df4fe3e1e476c13b27786347489822ec1ed07e532bb41f587?s=96&d=mm&r=g","contentUrl":"https:\/\/secure.gravatar.com\/avatar\/9391e20481368d5df4fe3e1e476c13b27786347489822ec1ed07e532bb41f587?s=96&d=mm&r=g","caption":"Ringier Corporate Communications"},"sameAs":["https:\/\/www.ringier.com"]}]}},"_links":{"self":[{"href":"https:\/\/www.ringier.com\/fr\/wp-json\/wp\/v2\/posts\/937","targetHints":{"allow":["GET"]}}],"collection":[{"href":"https:\/\/www.ringier.com\/fr\/wp-json\/wp\/v2\/posts"}],"about":[{"href":"https:\/\/www.ringier.com\/fr\/wp-json\/wp\/v2\/types\/post"}],"author":[{"embeddable":true,"href":"https:\/\/www.ringier.com\/fr\/wp-json\/wp\/v2\/users\/23"}],"replies":[{"embeddable":true,"href":"https:\/\/www.ringier.com\/fr\/wp-json\/wp\/v2\/comments?post=937"}],"version-history":[{"count":0,"href":"https:\/\/www.ringier.com\/fr\/wp-json\/wp\/v2\/posts\/937\/revisions"}],"wp:featuredmedia":[{"embeddable":true,"href":"https:\/\/www.ringier.com\/fr\/wp-json\/wp\/v2\/media\/932"}],"wp:attachment":[{"href":"https:\/\/www.ringier.com\/fr\/wp-json\/wp\/v2\/media?parent=937"}],"wp:term":[{"taxonomy":"category","embeddable":true,"href":"https:\/\/www.ringier.com\/fr\/wp-json\/wp\/v2\/categories?post=937"},{"taxonomy":"post_tag","embeddable":true,"href":"https:\/\/www.ringier.com\/fr\/wp-json\/wp\/v2\/tags?post=937"}],"curies":[{"name":"wp","href":"https:\/\/api.w.org\/{rel}","templated":true}]}}