{"id":9363,"date":"2010-07-02T09:30:00","date_gmt":"2010-07-02T07:30:00","guid":{"rendered":"https:\/\/www.ringier.com\/launch-of-eastern-europe-joint-venture-ringier-axel-springer-media-ag-becomes-operational\/"},"modified":"2025-06-24T09:47:56","modified_gmt":"2025-06-24T07:47:56","slug":"demarrage-de-leur-coentreprise-en-europe-de-lest-ringier-axel-springer-media-ag-entame-ses-activites","status":"publish","type":"post","link":"https:\/\/www.ringier.com\/fr\/demarrage-de-leur-coentreprise-en-europe-de-lest-ringier-axel-springer-media-ag-entame-ses-activites\/","title":{"rendered":"D\u00e9marrage de leur coentreprise en Europe de l\u2019est: Ringier Axel Springer Media AG entame ses activit\u00e9s"},"content":{"rendered":"\n<p>Le 1er juillet 2010, Ringier et Axel Springer AG ont fond\u00e9 une nouvelle entreprise de m\u00e9dias commune au sein de laquelle les deux soci\u00e9t\u00e9s m\u00e8neront ensemble leurs activit\u00e9s d&rsquo;Europe de l&rsquo;est. Cette nouvelle entreprise devient op\u00e9rationnelle sous le nom de Ringier Axel Springer Media AG.\u00a0<\/p>\n\n\n\n<p>Ringier et Axel Springer ont franchi un pas d\u00e9cisif dans la mise en \u0153uvre de la coentreprise qu&rsquo;ils envisageaient. Moins de quatre mois apr\u00e8s l&rsquo;annonce, en mars, de leur projet commun, cette nouvelle entreprise a \u00e9t\u00e9 fond\u00e9e le 1er juillet et devient imm\u00e9diatement op\u00e9rationnelle. Les autorit\u00e9s cartellaires de Pologne, de Serbie, de Slovaquie, de Tch\u00e9quie, de Suisse, d&rsquo;Allemagne et d&rsquo;Autriche ont d\u00e9j\u00e0 autoris\u00e9 cette fusion. Comme pr\u00e9vu, la d\u00e9cision des autorit\u00e9s cartellaires de Hongrie se fait encore attendre. L&rsquo;int\u00e9gration dans la nouvelle entreprise des soci\u00e9t\u00e9s hongroises de Ringier et d&rsquo;Axel Springer est pr\u00e9vue dans un deuxi\u00e8me temps d\u00e8s que l&rsquo;autorisation correspondante sera accord\u00e9e.&nbsp;<\/p>\n\n\n\n<p>La nouvelle entreprise porte le nom de Ringier Axel Springer Media AG. Son nom se r\u00e9f\u00e8re \u00e0 ses racines, solidement arrim\u00e9es au c\u0153ur de deux maisons de m\u00e9dias europ\u00e9ennes de pointe qui m\u00e8nent des activit\u00e9s internationales. Lors de la phase d&rsquo;int\u00e9gration suivante actuellement en cours, les entreprises concern\u00e9es des deux partenaires seront plac\u00e9es sous la m\u00eame direction et les structures internes de la nouvelle soci\u00e9t\u00e9 mises en place.&nbsp;<\/p>\n\n\n\n<p>Axel Springer et Ringier avaient annonc\u00e9 le 23 mars dernier la fondation de cette coentreprise. Celle-ci, bas\u00e9e \u00e0 Zurich, comprendra d&rsquo;une part les activit\u00e9s des filiales d&rsquo;Axel Springer de Pologne, de Tch\u00e9quie et de Hongrie, d&rsquo;autre part celles de Ringier en Serbie, en Slovaquie, en Tch\u00e9quie et en Hongrie. Avec un chiffre d&rsquo;affaires de 414 millions d&rsquo;euros, un EBITDA de 62 millions d&rsquo;euros et quelque 4800 collaborateurs, Ringier Axel Springer Media AG devient l&rsquo;une des plus importantes entreprises de m\u00e9dias d&rsquo;Europe de l&rsquo;est. A terme, d&rsquo;ici trois \u00e0 cinq ans, elle devrait entrer en bourse. Sa direction est assur\u00e9e par Florian Fels, 43 ans, qui auparavant assumait la fonction de CEO d&rsquo;Europe centrale pour Ringier et encore avant la direction d&rsquo;Axel Springer Pologne. Mark Dekan, 33 ans, prend le poste de chief financial officer (CFO). Il est depuis 2008 directeur commercial de la division finances &amp; services d&rsquo;Axel Springer AG.<\/p>\n","protected":false},"excerpt":{"rendered":"<p>Zurich \/ Berlin : <\/p>\n<p>Array <\/p>\n","protected":false},"author":23,"featured_media":5765,"comment_status":"closed","ping_status":"open","sticky":false,"template":"","format":"standard","meta":{"inline_featured_image":false,"footnotes":""},"categories":[43,370,363],"tags":[],"class_list":["post-9363","post","type-post","status-publish","format-standard","has-post-thumbnail","hentry","category-corporate-fr","category-media-fr","category-ringier-medias-suisse"],"yoast_head":"<!-- This site is optimized with the Yoast SEO Premium plugin v27.0 (Yoast SEO v27.0) - https:\/\/yoast.com\/product\/yoast-seo-premium-wordpress\/ -->\n<title>D\u00e9marrage de leur coentreprise en Europe de l\u2019est: Ringier Axel Springer Media AG entame ses activit\u00e9s - Ringier<\/title>\n<meta name=\"robots\" content=\"index, follow, max-snippet:-1, max-image-preview:large, max-video-preview:-1\" \/>\n<link rel=\"canonical\" href=\"https:\/\/www.ringier.com\/fr\/demarrage-de-leur-coentreprise-en-europe-de-lest-ringier-axel-springer-media-ag-entame-ses-activites\/\" \/>\n<meta property=\"og:locale\" content=\"fr_FR\" \/>\n<meta property=\"og:type\" content=\"article\" \/>\n<meta property=\"og:title\" content=\"D\u00e9marrage de leur coentreprise en Europe de l\u2019est: Ringier Axel Springer Media AG entame ses activit\u00e9s\" \/>\n<meta property=\"og:description\" content=\"Zurich \/ Berlin :  Array\" \/>\n<meta property=\"og:url\" content=\"https:\/\/www.ringier.com\/fr\/demarrage-de-leur-coentreprise-en-europe-de-lest-ringier-axel-springer-media-ag-entame-ses-activites\/\" \/>\n<meta property=\"og:site_name\" content=\"Ringier\" \/>\n<meta property=\"article:publisher\" content=\"https:\/\/www.facebook.com\/ringierag\/\" \/>\n<meta property=\"article:published_time\" content=\"2010-07-02T07:30:00+00:00\" \/>\n<meta property=\"article:modified_time\" content=\"2025-06-24T07:47:56+00:00\" \/>\n<meta property=\"og:image\" content=\"https:\/\/www.ringier.com\/wp-content\/uploads\/2013\/03\/Press-Release-Default.png\" \/>\n\t<meta property=\"og:image:width\" content=\"8001\" \/>\n\t<meta property=\"og:image:height\" content=\"4201\" \/>\n\t<meta property=\"og:image:type\" content=\"image\/png\" \/>\n<meta name=\"author\" content=\"Ringier Corporate Communications\" \/>\n<meta name=\"twitter:card\" content=\"summary_large_image\" \/>\n<meta name=\"twitter:creator\" content=\"@ringier_ag\" \/>\n<meta name=\"twitter:site\" content=\"@ringier_ag\" \/>\n<meta name=\"twitter:label1\" content=\"\u00c9crit par\" \/>\n\t<meta name=\"twitter:data1\" content=\"Ringier Corporate Communications\" \/>\n\t<meta name=\"twitter:label2\" content=\"Dur\u00e9e de lecture estim\u00e9e\" \/>\n\t<meta name=\"twitter:data2\" content=\"3 minutes\" \/>\n<script type=\"application\/ld+json\" class=\"yoast-schema-graph\">{\"@context\":\"https:\/\/schema.org\",\"@graph\":[{\"@type\":\"Article\",\"@id\":\"https:\/\/www.ringier.com\/fr\/demarrage-de-leur-coentreprise-en-europe-de-lest-ringier-axel-springer-media-ag-entame-ses-activites\/#article\",\"isPartOf\":{\"@id\":\"https:\/\/www.ringier.com\/fr\/demarrage-de-leur-coentreprise-en-europe-de-lest-ringier-axel-springer-media-ag-entame-ses-activites\/\"},\"author\":{\"name\":\"Ringier Corporate Communications\",\"@id\":\"https:\/\/www.ringier.com\/fr\/#\/schema\/person\/4cf76a308dc4b2bb5121bd1e7b752e52\"},\"headline\":\"D\u00e9marrage de leur coentreprise en Europe de l\u2019est: Ringier Axel Springer Media AG entame ses activit\u00e9s\",\"datePublished\":\"2010-07-02T07:30:00+00:00\",\"dateModified\":\"2025-06-24T07:47:56+00:00\",\"mainEntityOfPage\":{\"@id\":\"https:\/\/www.ringier.com\/fr\/demarrage-de-leur-coentreprise-en-europe-de-lest-ringier-axel-springer-media-ag-entame-ses-activites\/\"},\"wordCount\":442,\"publisher\":{\"@id\":\"https:\/\/www.ringier.com\/fr\/#organization\"},\"image\":{\"@id\":\"https:\/\/www.ringier.com\/fr\/demarrage-de-leur-coentreprise-en-europe-de-lest-ringier-axel-springer-media-ag-entame-ses-activites\/#primaryimage\"},\"thumbnailUrl\":\"https:\/\/www.ringier.com\/wp-content\/uploads\/2013\/03\/Press-Release-Default.png\",\"articleSection\":[\"Corporate\",\"Media\",\"Ringier Medias Suisse\"],\"inLanguage\":\"fr-FR\"},{\"@type\":\"WebPage\",\"@id\":\"https:\/\/www.ringier.com\/fr\/demarrage-de-leur-coentreprise-en-europe-de-lest-ringier-axel-springer-media-ag-entame-ses-activites\/\",\"url\":\"https:\/\/www.ringier.com\/fr\/demarrage-de-leur-coentreprise-en-europe-de-lest-ringier-axel-springer-media-ag-entame-ses-activites\/\",\"name\":\"D\u00e9marrage de leur coentreprise en Europe de l\u2019est: Ringier Axel Springer Media AG entame ses activit\u00e9s - Ringier\",\"isPartOf\":{\"@id\":\"https:\/\/www.ringier.com\/fr\/#website\"},\"primaryImageOfPage\":{\"@id\":\"https:\/\/www.ringier.com\/fr\/demarrage-de-leur-coentreprise-en-europe-de-lest-ringier-axel-springer-media-ag-entame-ses-activites\/#primaryimage\"},\"image\":{\"@id\":\"https:\/\/www.ringier.com\/fr\/demarrage-de-leur-coentreprise-en-europe-de-lest-ringier-axel-springer-media-ag-entame-ses-activites\/#primaryimage\"},\"thumbnailUrl\":\"https:\/\/www.ringier.com\/wp-content\/uploads\/2013\/03\/Press-Release-Default.png\",\"datePublished\":\"2010-07-02T07:30:00+00:00\",\"dateModified\":\"2025-06-24T07:47:56+00:00\",\"breadcrumb\":{\"@id\":\"https:\/\/www.ringier.com\/fr\/demarrage-de-leur-coentreprise-en-europe-de-lest-ringier-axel-springer-media-ag-entame-ses-activites\/#breadcrumb\"},\"inLanguage\":\"fr-FR\",\"potentialAction\":[{\"@type\":\"ReadAction\",\"target\":[\"https:\/\/www.ringier.com\/fr\/demarrage-de-leur-coentreprise-en-europe-de-lest-ringier-axel-springer-media-ag-entame-ses-activites\/\"]}]},{\"@type\":\"ImageObject\",\"inLanguage\":\"fr-FR\",\"@id\":\"https:\/\/www.ringier.com\/fr\/demarrage-de-leur-coentreprise-en-europe-de-lest-ringier-axel-springer-media-ag-entame-ses-activites\/#primaryimage\",\"url\":\"https:\/\/www.ringier.com\/wp-content\/uploads\/2013\/03\/Press-Release-Default.png\",\"contentUrl\":\"https:\/\/www.ringier.com\/wp-content\/uploads\/2013\/03\/Press-Release-Default.png\",\"width\":8001,\"height\":4201},{\"@type\":\"BreadcrumbList\",\"@id\":\"https:\/\/www.ringier.com\/fr\/demarrage-de-leur-coentreprise-en-europe-de-lest-ringier-axel-springer-media-ag-entame-ses-activites\/#breadcrumb\",\"itemListElement\":[{\"@type\":\"ListItem\",\"position\":1,\"name\":\"Home\",\"item\":\"https:\/\/www.ringier.com\/fr\/\"},{\"@type\":\"ListItem\",\"position\":2,\"name\":\"D\u00e9marrage de leur coentreprise en Europe de l\u2019est: Ringier Axel Springer Media AG entame ses activit\u00e9s\"}]},{\"@type\":\"WebSite\",\"@id\":\"https:\/\/www.ringier.com\/fr\/#website\",\"url\":\"https:\/\/www.ringier.com\/fr\/\",\"name\":\"Ringier\",\"description\":\"We inform. We entertain. We connect\",\"publisher\":{\"@id\":\"https:\/\/www.ringier.com\/fr\/#organization\"},\"potentialAction\":[{\"@type\":\"SearchAction\",\"target\":{\"@type\":\"EntryPoint\",\"urlTemplate\":\"https:\/\/www.ringier.com\/fr\/?s={search_term_string}\"},\"query-input\":{\"@type\":\"PropertyValueSpecification\",\"valueRequired\":true,\"valueName\":\"search_term_string\"}}],\"inLanguage\":\"fr-FR\"},{\"@type\":\"Organization\",\"@id\":\"https:\/\/www.ringier.com\/fr\/#organization\",\"name\":\"Ringier\",\"url\":\"https:\/\/www.ringier.com\/fr\/\",\"logo\":{\"@type\":\"ImageObject\",\"inLanguage\":\"fr-FR\",\"@id\":\"https:\/\/www.ringier.com\/fr\/#\/schema\/logo\/image\/\",\"url\":\"https:\/\/www.ringier.com\/wp-content\/uploads\/2021\/10\/ringier_logo_2.jpg\",\"contentUrl\":\"https:\/\/www.ringier.com\/wp-content\/uploads\/2021\/10\/ringier_logo_2.jpg\",\"width\":750,\"height\":550,\"caption\":\"Ringier\"},\"image\":{\"@id\":\"https:\/\/www.ringier.com\/fr\/#\/schema\/logo\/image\/\"},\"sameAs\":[\"https:\/\/www.facebook.com\/ringierag\/\",\"https:\/\/x.com\/ringier_ag\",\"https:\/\/www.instagram.com\/ringier_ag\/\",\"https:\/\/www.linkedin.com\/company\/ringier\/\",\"https:\/\/www.youtube.com\/user\/RingierComm\",\"https:\/\/en.wikipedia.org\/wiki\/Ringier\",\"https:\/\/de.wikipedia.org\/wiki\/Ringier\",\"https:\/\/fr.wikipedia.org\/wiki\/Ringier\",\"https:\/\/www.crunchbase.com\/organization\/ringier-ag\"]},{\"@type\":\"Person\",\"@id\":\"https:\/\/www.ringier.com\/fr\/#\/schema\/person\/4cf76a308dc4b2bb5121bd1e7b752e52\",\"name\":\"Ringier Corporate Communications\",\"image\":{\"@type\":\"ImageObject\",\"inLanguage\":\"fr-FR\",\"@id\":\"https:\/\/www.ringier.com\/fr\/#\/schema\/person\/image\/\",\"url\":\"https:\/\/secure.gravatar.com\/avatar\/9391e20481368d5df4fe3e1e476c13b27786347489822ec1ed07e532bb41f587?s=96&d=mm&r=g\",\"contentUrl\":\"https:\/\/secure.gravatar.com\/avatar\/9391e20481368d5df4fe3e1e476c13b27786347489822ec1ed07e532bb41f587?s=96&d=mm&r=g\",\"caption\":\"Ringier Corporate Communications\"},\"sameAs\":[\"https:\/\/www.ringier.com\"]}]}<\/script>\n<!-- \/ Yoast SEO Premium plugin. -->","yoast_head_json":{"title":"D\u00e9marrage de leur coentreprise en Europe de l\u2019est: Ringier Axel Springer Media AG entame ses activit\u00e9s - Ringier","robots":{"index":"index","follow":"follow","max-snippet":"max-snippet:-1","max-image-preview":"max-image-preview:large","max-video-preview":"max-video-preview:-1"},"canonical":"https:\/\/www.ringier.com\/fr\/demarrage-de-leur-coentreprise-en-europe-de-lest-ringier-axel-springer-media-ag-entame-ses-activites\/","og_locale":"fr_FR","og_type":"article","og_title":"D\u00e9marrage de leur coentreprise en Europe de l\u2019est: Ringier Axel Springer Media AG entame ses activit\u00e9s","og_description":"Zurich \/ Berlin :  Array","og_url":"https:\/\/www.ringier.com\/fr\/demarrage-de-leur-coentreprise-en-europe-de-lest-ringier-axel-springer-media-ag-entame-ses-activites\/","og_site_name":"Ringier","article_publisher":"https:\/\/www.facebook.com\/ringierag\/","article_published_time":"2010-07-02T07:30:00+00:00","article_modified_time":"2025-06-24T07:47:56+00:00","og_image":[{"width":8001,"height":4201,"url":"https:\/\/www.ringier.com\/wp-content\/uploads\/2013\/03\/Press-Release-Default.png","type":"image\/png"}],"author":"Ringier Corporate Communications","twitter_card":"summary_large_image","twitter_creator":"@ringier_ag","twitter_site":"@ringier_ag","twitter_misc":{"\u00c9crit par":"Ringier Corporate Communications","Dur\u00e9e de lecture estim\u00e9e":"3 minutes"},"schema":{"@context":"https:\/\/schema.org","@graph":[{"@type":"Article","@id":"https:\/\/www.ringier.com\/fr\/demarrage-de-leur-coentreprise-en-europe-de-lest-ringier-axel-springer-media-ag-entame-ses-activites\/#article","isPartOf":{"@id":"https:\/\/www.ringier.com\/fr\/demarrage-de-leur-coentreprise-en-europe-de-lest-ringier-axel-springer-media-ag-entame-ses-activites\/"},"author":{"name":"Ringier Corporate Communications","@id":"https:\/\/www.ringier.com\/fr\/#\/schema\/person\/4cf76a308dc4b2bb5121bd1e7b752e52"},"headline":"D\u00e9marrage de leur coentreprise en Europe de l\u2019est: Ringier Axel Springer Media AG entame ses activit\u00e9s","datePublished":"2010-07-02T07:30:00+00:00","dateModified":"2025-06-24T07:47:56+00:00","mainEntityOfPage":{"@id":"https:\/\/www.ringier.com\/fr\/demarrage-de-leur-coentreprise-en-europe-de-lest-ringier-axel-springer-media-ag-entame-ses-activites\/"},"wordCount":442,"publisher":{"@id":"https:\/\/www.ringier.com\/fr\/#organization"},"image":{"@id":"https:\/\/www.ringier.com\/fr\/demarrage-de-leur-coentreprise-en-europe-de-lest-ringier-axel-springer-media-ag-entame-ses-activites\/#primaryimage"},"thumbnailUrl":"https:\/\/www.ringier.com\/wp-content\/uploads\/2013\/03\/Press-Release-Default.png","articleSection":["Corporate","Media","Ringier Medias Suisse"],"inLanguage":"fr-FR"},{"@type":"WebPage","@id":"https:\/\/www.ringier.com\/fr\/demarrage-de-leur-coentreprise-en-europe-de-lest-ringier-axel-springer-media-ag-entame-ses-activites\/","url":"https:\/\/www.ringier.com\/fr\/demarrage-de-leur-coentreprise-en-europe-de-lest-ringier-axel-springer-media-ag-entame-ses-activites\/","name":"D\u00e9marrage de leur coentreprise en Europe de l\u2019est: Ringier Axel Springer Media AG entame ses activit\u00e9s - Ringier","isPartOf":{"@id":"https:\/\/www.ringier.com\/fr\/#website"},"primaryImageOfPage":{"@id":"https:\/\/www.ringier.com\/fr\/demarrage-de-leur-coentreprise-en-europe-de-lest-ringier-axel-springer-media-ag-entame-ses-activites\/#primaryimage"},"image":{"@id":"https:\/\/www.ringier.com\/fr\/demarrage-de-leur-coentreprise-en-europe-de-lest-ringier-axel-springer-media-ag-entame-ses-activites\/#primaryimage"},"thumbnailUrl":"https:\/\/www.ringier.com\/wp-content\/uploads\/2013\/03\/Press-Release-Default.png","datePublished":"2010-07-02T07:30:00+00:00","dateModified":"2025-06-24T07:47:56+00:00","breadcrumb":{"@id":"https:\/\/www.ringier.com\/fr\/demarrage-de-leur-coentreprise-en-europe-de-lest-ringier-axel-springer-media-ag-entame-ses-activites\/#breadcrumb"},"inLanguage":"fr-FR","potentialAction":[{"@type":"ReadAction","target":["https:\/\/www.ringier.com\/fr\/demarrage-de-leur-coentreprise-en-europe-de-lest-ringier-axel-springer-media-ag-entame-ses-activites\/"]}]},{"@type":"ImageObject","inLanguage":"fr-FR","@id":"https:\/\/www.ringier.com\/fr\/demarrage-de-leur-coentreprise-en-europe-de-lest-ringier-axel-springer-media-ag-entame-ses-activites\/#primaryimage","url":"https:\/\/www.ringier.com\/wp-content\/uploads\/2013\/03\/Press-Release-Default.png","contentUrl":"https:\/\/www.ringier.com\/wp-content\/uploads\/2013\/03\/Press-Release-Default.png","width":8001,"height":4201},{"@type":"BreadcrumbList","@id":"https:\/\/www.ringier.com\/fr\/demarrage-de-leur-coentreprise-en-europe-de-lest-ringier-axel-springer-media-ag-entame-ses-activites\/#breadcrumb","itemListElement":[{"@type":"ListItem","position":1,"name":"Home","item":"https:\/\/www.ringier.com\/fr\/"},{"@type":"ListItem","position":2,"name":"D\u00e9marrage de leur coentreprise en Europe de l\u2019est: Ringier Axel Springer Media AG entame ses activit\u00e9s"}]},{"@type":"WebSite","@id":"https:\/\/www.ringier.com\/fr\/#website","url":"https:\/\/www.ringier.com\/fr\/","name":"Ringier","description":"We inform. We entertain. We connect","publisher":{"@id":"https:\/\/www.ringier.com\/fr\/#organization"},"potentialAction":[{"@type":"SearchAction","target":{"@type":"EntryPoint","urlTemplate":"https:\/\/www.ringier.com\/fr\/?s={search_term_string}"},"query-input":{"@type":"PropertyValueSpecification","valueRequired":true,"valueName":"search_term_string"}}],"inLanguage":"fr-FR"},{"@type":"Organization","@id":"https:\/\/www.ringier.com\/fr\/#organization","name":"Ringier","url":"https:\/\/www.ringier.com\/fr\/","logo":{"@type":"ImageObject","inLanguage":"fr-FR","@id":"https:\/\/www.ringier.com\/fr\/#\/schema\/logo\/image\/","url":"https:\/\/www.ringier.com\/wp-content\/uploads\/2021\/10\/ringier_logo_2.jpg","contentUrl":"https:\/\/www.ringier.com\/wp-content\/uploads\/2021\/10\/ringier_logo_2.jpg","width":750,"height":550,"caption":"Ringier"},"image":{"@id":"https:\/\/www.ringier.com\/fr\/#\/schema\/logo\/image\/"},"sameAs":["https:\/\/www.facebook.com\/ringierag\/","https:\/\/x.com\/ringier_ag","https:\/\/www.instagram.com\/ringier_ag\/","https:\/\/www.linkedin.com\/company\/ringier\/","https:\/\/www.youtube.com\/user\/RingierComm","https:\/\/en.wikipedia.org\/wiki\/Ringier","https:\/\/de.wikipedia.org\/wiki\/Ringier","https:\/\/fr.wikipedia.org\/wiki\/Ringier","https:\/\/www.crunchbase.com\/organization\/ringier-ag"]},{"@type":"Person","@id":"https:\/\/www.ringier.com\/fr\/#\/schema\/person\/4cf76a308dc4b2bb5121bd1e7b752e52","name":"Ringier Corporate Communications","image":{"@type":"ImageObject","inLanguage":"fr-FR","@id":"https:\/\/www.ringier.com\/fr\/#\/schema\/person\/image\/","url":"https:\/\/secure.gravatar.com\/avatar\/9391e20481368d5df4fe3e1e476c13b27786347489822ec1ed07e532bb41f587?s=96&d=mm&r=g","contentUrl":"https:\/\/secure.gravatar.com\/avatar\/9391e20481368d5df4fe3e1e476c13b27786347489822ec1ed07e532bb41f587?s=96&d=mm&r=g","caption":"Ringier Corporate Communications"},"sameAs":["https:\/\/www.ringier.com"]}]}},"_links":{"self":[{"href":"https:\/\/www.ringier.com\/fr\/wp-json\/wp\/v2\/posts\/9363","targetHints":{"allow":["GET"]}}],"collection":[{"href":"https:\/\/www.ringier.com\/fr\/wp-json\/wp\/v2\/posts"}],"about":[{"href":"https:\/\/www.ringier.com\/fr\/wp-json\/wp\/v2\/types\/post"}],"author":[{"embeddable":true,"href":"https:\/\/www.ringier.com\/fr\/wp-json\/wp\/v2\/users\/23"}],"replies":[{"embeddable":true,"href":"https:\/\/www.ringier.com\/fr\/wp-json\/wp\/v2\/comments?post=9363"}],"version-history":[{"count":0,"href":"https:\/\/www.ringier.com\/fr\/wp-json\/wp\/v2\/posts\/9363\/revisions"}],"wp:featuredmedia":[{"embeddable":true,"href":"https:\/\/www.ringier.com\/fr\/wp-json\/wp\/v2\/media\/5765"}],"wp:attachment":[{"href":"https:\/\/www.ringier.com\/fr\/wp-json\/wp\/v2\/media?parent=9363"}],"wp:term":[{"taxonomy":"category","embeddable":true,"href":"https:\/\/www.ringier.com\/fr\/wp-json\/wp\/v2\/categories?post=9363"},{"taxonomy":"post_tag","embeddable":true,"href":"https:\/\/www.ringier.com\/fr\/wp-json\/wp\/v2\/tags?post=9363"}],"curies":[{"name":"wp","href":"https:\/\/api.w.org\/{rel}","templated":true}]}}