{"id":9253,"date":"2017-11-08T15:56:00","date_gmt":"2017-11-08T14:56:00","guid":{"rendered":"https:\/\/www.ringier.com\/ringier-richtet-druckgeschaeft-neu-aus\/"},"modified":"2025-06-23T15:36:12","modified_gmt":"2025-06-23T13:36:12","slug":"ringier-reorganise-ses-activites-dimprimerie","status":"publish","type":"post","link":"https:\/\/www.ringier.com\/fr\/ringier-reorganise-ses-activites-dimprimerie\/","title":{"rendered":"Ringier r\u00e9organise ses activit\u00e9s d\u2019imprimerie"},"content":{"rendered":"\n<ul class=\"wp-block-list\">\n<li>Les activit\u00e9s de Ringier, dans le secteur de l\u2019imprimerie, se concentrent sur l\u2019impression de magazines chez Swissprinters \u00e0 Zofingue.<\/li>\n\n\n\n<li>Il est pr\u00e9vu d\u2019arr\u00eater l\u2019exploitation de l\u2019imprimerie de journaux de Ringier Print \u00e0 Adligenswil.<\/li>\n\n\n\n<li>Pour les collaborateurs concern\u00e9s, le plan social existant s\u2019applique.<\/li>\n\n\n\n<li>Les titres\u00a0<em>Blick<\/em>,\u00a0<em>Handelszeitung<\/em>\u00a0et\u00a0<em>Le Temps<\/em>\u00a0seront d\u00e9sormais imprim\u00e9s par Tamedia.<\/li>\n<\/ul>\n\n\n\n<p>En raison de la baisse des prix du march\u00e9 et d\u2019une exploitation insuffisante de la capacit\u00e9 de production, le centre d\u2019impression Ringier Print \u00e0 Adligenswil ne pourra plus assurer sa rentabilit\u00e9 \u00e0 l\u2019avenir. La perte de plusieurs mandats importants de clients tiers ces derniers mois ainsi que des tirages g\u00e9n\u00e9ralement en baisse ont compliqu\u00e9 encore sa situation financi\u00e8re, ce qui ne permet plus de garantir la stabilit\u00e9 des perspectives d\u2019avenir. Ringier concentrera par cons\u00e9quent ses activit\u00e9s d\u2019impression sur l\u2019imprimerie \u00e0 rotative offset Swissprinters \u00e0 Zofingue. Swissprinters propose des prestations compl\u00e8tes dans le secteur des m\u00e9dias \u2013 de la conception \u00e0 l\u2019envoi en passant par l\u2019impression de mat\u00e9riel publicitaire, de magazines et de catalogues.<\/p>\n\n\n\n<p>Marc Walder, CEO de Ringier: \u00abL\u2019impression de journaux en Suisse est en surcapacit\u00e9 consid\u00e9rable, et les prix du march\u00e9 subissent une \u00e9norme pression. Poursuivre nos activit\u00e9s d\u2019impression de journaux \u00e0 Adligenswil n\u2019est plus viable, \u00e9conomiquement parlant. Nous le regrettons beaucoup. Nous allons tout mettre en \u0153uvre pour trouver la meilleure solution possible et socialement acceptable pour les collaborateurs concern\u00e9s; pour ce faire, nous travaillerons \u00e9troitement avec la commission du personnel.\u00bb<\/p>\n\n\n\n<p>172 collaborateurs de Ringier Print Adligenswil AG sont concern\u00e9s par l\u2019arr\u00eat des activit\u00e9s de l\u2019imprimerie. La proc\u00e9dure de consultation avec la commission du personnel a \u00e9t\u00e9 ouverte aujourd\u2019hui. Les collaborateurs conserveront leur emploi jusqu\u2019\u00e0 la fermeture, \u00e0 la fin de 2018. Dans le cadre du plan social existant, une analyse est en cours pour d\u00e9terminer si une partie des suppressions de postes pourra \u00eatre compens\u00e9e par des retraites anticip\u00e9es et des transferts.<\/p>\n\n\n\n<p>Les journaux \u00e9dit\u00e9s par Ringier et Ringier Axel Springer Suisse \u2013&nbsp;<em>Blick<\/em>,&nbsp;<em>Blick am Abend<\/em>,&nbsp;<em>SonntagsBlick<\/em>,&nbsp;<em>Handelszeitung<\/em>&nbsp;et&nbsp;<em>Le Temps<\/em>&nbsp;\u2013 seront imprim\u00e9s \u00e0 l\u2019avenir dans les centres d\u2019impression de Tamedia \u00e0 Zurich, Berne et Bussigny. Tous les nouveaux postes vacants dans les centres d\u2019impression de Tamedia \u00e0 Berne et \u00e0 Zurich seront propos\u00e9s \u00e0 des collaborateurs de Ringier Print Adligenswil.<\/p>\n\n\n\n<p>Ringier Print \u00e0 Adligenswil emploie actuellement 172 collaborateurs permanents et produit des quotidiens, des hebdomadaires, des journaux sp\u00e9cialis\u00e9s, des supports publicitaires et des journaux \u00e0 destination d\u2019associations et de clients tiers. L\u2019ex\u00e9cution des mandats de production est assur\u00e9e jusqu\u2019\u00e0 la fin de 2018.<\/p>\n","protected":false},"excerpt":{"rendered":"<p>Au vu de l\u2019\u00e9volution du march\u00e9 suisse de l\u2019imprimerie, Ringier r\u00e9organise ses activit\u00e9s d\u2019impression. L\u2019entreprise concentrera d\u00e9sormais celles-ci sur Swissprinters AG \u00e0 Zofingue et pr\u00e9voit d\u2019arr\u00eater l\u2019impression de journaux \u00e0 Adligenswil \u00e0 la fin de 2018. Cette d\u00e9cision fait suite au recul constant des revenus contractuels, associ\u00e9 \u00e0 des perspectives d\u2019avenir moroses sur le plan \u00e9conomique. Ringier prend ainsi \u00e9galement en compte la baisse g\u00e9n\u00e9rale de la publication papier au profit de la publication en ligne.<\/p>\n","protected":false},"author":23,"featured_media":5765,"comment_status":"closed","ping_status":"open","sticky":false,"template":"","format":"standard","meta":{"inline_featured_image":false,"footnotes":""},"categories":[43,370,363],"tags":[],"class_list":["post-9253","post","type-post","status-publish","format-standard","has-post-thumbnail","hentry","category-corporate-fr","category-media-fr","category-ringier-medias-suisse"],"yoast_head":"<!-- This site is optimized with the Yoast SEO Premium plugin v27.0 (Yoast SEO v27.0) - https:\/\/yoast.com\/product\/yoast-seo-premium-wordpress\/ -->\n<title>Ringier r\u00e9organise ses activit\u00e9s d\u2019imprimerie - Ringier<\/title>\n<meta name=\"robots\" content=\"index, follow, max-snippet:-1, max-image-preview:large, max-video-preview:-1\" \/>\n<link rel=\"canonical\" href=\"https:\/\/www.ringier.com\/fr\/ringier-reorganise-ses-activites-dimprimerie\/\" \/>\n<meta property=\"og:locale\" content=\"fr_FR\" \/>\n<meta property=\"og:type\" content=\"article\" \/>\n<meta property=\"og:title\" content=\"Ringier r\u00e9organise ses activit\u00e9s d\u2019imprimerie\" \/>\n<meta property=\"og:description\" content=\"Au vu de l\u2019\u00e9volution du march\u00e9 suisse de l\u2019imprimerie, Ringier r\u00e9organise ses activit\u00e9s d\u2019impression. L\u2019entreprise concentrera d\u00e9sormais celles-ci sur Swissprinters AG \u00e0 Zofingue et pr\u00e9voit d\u2019arr\u00eater l\u2019impression de journaux \u00e0 Adligenswil \u00e0 la fin de 2018. Cette d\u00e9cision fait suite au recul constant des revenus contractuels, associ\u00e9 \u00e0 des perspectives d\u2019avenir moroses sur le plan \u00e9conomique. Ringier prend ainsi \u00e9galement en compte la baisse g\u00e9n\u00e9rale de la publication papier au profit de la publication en ligne.\" \/>\n<meta property=\"og:url\" content=\"https:\/\/www.ringier.com\/fr\/ringier-reorganise-ses-activites-dimprimerie\/\" \/>\n<meta property=\"og:site_name\" content=\"Ringier\" \/>\n<meta property=\"article:publisher\" content=\"https:\/\/www.facebook.com\/ringierag\/\" \/>\n<meta property=\"article:published_time\" content=\"2017-11-08T14:56:00+00:00\" \/>\n<meta property=\"article:modified_time\" content=\"2025-06-23T13:36:12+00:00\" \/>\n<meta property=\"og:image\" content=\"https:\/\/www.ringier.com\/wp-content\/uploads\/2013\/03\/Press-Release-Default.png\" \/>\n\t<meta property=\"og:image:width\" content=\"8001\" \/>\n\t<meta property=\"og:image:height\" content=\"4201\" \/>\n\t<meta property=\"og:image:type\" content=\"image\/png\" \/>\n<meta name=\"author\" content=\"Ringier Corporate Communications\" \/>\n<meta name=\"twitter:card\" content=\"summary_large_image\" \/>\n<meta name=\"twitter:creator\" content=\"@ringier_ag\" \/>\n<meta name=\"twitter:site\" content=\"@ringier_ag\" \/>\n<meta name=\"twitter:label1\" content=\"\u00c9crit par\" \/>\n\t<meta name=\"twitter:data1\" content=\"Ringier Corporate Communications\" \/>\n\t<meta name=\"twitter:label2\" content=\"Dur\u00e9e de lecture estim\u00e9e\" \/>\n\t<meta name=\"twitter:data2\" content=\"3 minutes\" \/>\n<script type=\"application\/ld+json\" class=\"yoast-schema-graph\">{\"@context\":\"https:\/\/schema.org\",\"@graph\":[{\"@type\":\"Article\",\"@id\":\"https:\/\/www.ringier.com\/fr\/ringier-reorganise-ses-activites-dimprimerie\/#article\",\"isPartOf\":{\"@id\":\"https:\/\/www.ringier.com\/fr\/ringier-reorganise-ses-activites-dimprimerie\/\"},\"author\":{\"name\":\"Ringier Corporate Communications\",\"@id\":\"https:\/\/www.ringier.com\/fr\/#\/schema\/person\/4cf76a308dc4b2bb5121bd1e7b752e52\"},\"headline\":\"Ringier r\u00e9organise ses activit\u00e9s d\u2019imprimerie\",\"datePublished\":\"2017-11-08T14:56:00+00:00\",\"dateModified\":\"2025-06-23T13:36:12+00:00\",\"mainEntityOfPage\":{\"@id\":\"https:\/\/www.ringier.com\/fr\/ringier-reorganise-ses-activites-dimprimerie\/\"},\"wordCount\":461,\"publisher\":{\"@id\":\"https:\/\/www.ringier.com\/fr\/#organization\"},\"image\":{\"@id\":\"https:\/\/www.ringier.com\/fr\/ringier-reorganise-ses-activites-dimprimerie\/#primaryimage\"},\"thumbnailUrl\":\"https:\/\/www.ringier.com\/wp-content\/uploads\/2013\/03\/Press-Release-Default.png\",\"articleSection\":[\"Corporate\",\"Media\",\"Ringier Medias Suisse\"],\"inLanguage\":\"fr-FR\"},{\"@type\":\"WebPage\",\"@id\":\"https:\/\/www.ringier.com\/fr\/ringier-reorganise-ses-activites-dimprimerie\/\",\"url\":\"https:\/\/www.ringier.com\/fr\/ringier-reorganise-ses-activites-dimprimerie\/\",\"name\":\"Ringier r\u00e9organise ses activit\u00e9s d\u2019imprimerie - Ringier\",\"isPartOf\":{\"@id\":\"https:\/\/www.ringier.com\/fr\/#website\"},\"primaryImageOfPage\":{\"@id\":\"https:\/\/www.ringier.com\/fr\/ringier-reorganise-ses-activites-dimprimerie\/#primaryimage\"},\"image\":{\"@id\":\"https:\/\/www.ringier.com\/fr\/ringier-reorganise-ses-activites-dimprimerie\/#primaryimage\"},\"thumbnailUrl\":\"https:\/\/www.ringier.com\/wp-content\/uploads\/2013\/03\/Press-Release-Default.png\",\"datePublished\":\"2017-11-08T14:56:00+00:00\",\"dateModified\":\"2025-06-23T13:36:12+00:00\",\"breadcrumb\":{\"@id\":\"https:\/\/www.ringier.com\/fr\/ringier-reorganise-ses-activites-dimprimerie\/#breadcrumb\"},\"inLanguage\":\"fr-FR\",\"potentialAction\":[{\"@type\":\"ReadAction\",\"target\":[\"https:\/\/www.ringier.com\/fr\/ringier-reorganise-ses-activites-dimprimerie\/\"]}]},{\"@type\":\"ImageObject\",\"inLanguage\":\"fr-FR\",\"@id\":\"https:\/\/www.ringier.com\/fr\/ringier-reorganise-ses-activites-dimprimerie\/#primaryimage\",\"url\":\"https:\/\/www.ringier.com\/wp-content\/uploads\/2013\/03\/Press-Release-Default.png\",\"contentUrl\":\"https:\/\/www.ringier.com\/wp-content\/uploads\/2013\/03\/Press-Release-Default.png\",\"width\":8001,\"height\":4201},{\"@type\":\"BreadcrumbList\",\"@id\":\"https:\/\/www.ringier.com\/fr\/ringier-reorganise-ses-activites-dimprimerie\/#breadcrumb\",\"itemListElement\":[{\"@type\":\"ListItem\",\"position\":1,\"name\":\"Home\",\"item\":\"https:\/\/www.ringier.com\/fr\/\"},{\"@type\":\"ListItem\",\"position\":2,\"name\":\"Ringier r\u00e9organise ses activit\u00e9s d\u2019imprimerie\"}]},{\"@type\":\"WebSite\",\"@id\":\"https:\/\/www.ringier.com\/fr\/#website\",\"url\":\"https:\/\/www.ringier.com\/fr\/\",\"name\":\"Ringier\",\"description\":\"We inform. We entertain. We connect\",\"publisher\":{\"@id\":\"https:\/\/www.ringier.com\/fr\/#organization\"},\"potentialAction\":[{\"@type\":\"SearchAction\",\"target\":{\"@type\":\"EntryPoint\",\"urlTemplate\":\"https:\/\/www.ringier.com\/fr\/?s={search_term_string}\"},\"query-input\":{\"@type\":\"PropertyValueSpecification\",\"valueRequired\":true,\"valueName\":\"search_term_string\"}}],\"inLanguage\":\"fr-FR\"},{\"@type\":\"Organization\",\"@id\":\"https:\/\/www.ringier.com\/fr\/#organization\",\"name\":\"Ringier\",\"url\":\"https:\/\/www.ringier.com\/fr\/\",\"logo\":{\"@type\":\"ImageObject\",\"inLanguage\":\"fr-FR\",\"@id\":\"https:\/\/www.ringier.com\/fr\/#\/schema\/logo\/image\/\",\"url\":\"https:\/\/www.ringier.com\/wp-content\/uploads\/2021\/10\/ringier_logo_2.jpg\",\"contentUrl\":\"https:\/\/www.ringier.com\/wp-content\/uploads\/2021\/10\/ringier_logo_2.jpg\",\"width\":750,\"height\":550,\"caption\":\"Ringier\"},\"image\":{\"@id\":\"https:\/\/www.ringier.com\/fr\/#\/schema\/logo\/image\/\"},\"sameAs\":[\"https:\/\/www.facebook.com\/ringierag\/\",\"https:\/\/x.com\/ringier_ag\",\"https:\/\/www.instagram.com\/ringier_ag\/\",\"https:\/\/www.linkedin.com\/company\/ringier\/\",\"https:\/\/www.youtube.com\/user\/RingierComm\",\"https:\/\/en.wikipedia.org\/wiki\/Ringier\",\"https:\/\/de.wikipedia.org\/wiki\/Ringier\",\"https:\/\/fr.wikipedia.org\/wiki\/Ringier\",\"https:\/\/www.crunchbase.com\/organization\/ringier-ag\"]},{\"@type\":\"Person\",\"@id\":\"https:\/\/www.ringier.com\/fr\/#\/schema\/person\/4cf76a308dc4b2bb5121bd1e7b752e52\",\"name\":\"Ringier Corporate Communications\",\"image\":{\"@type\":\"ImageObject\",\"inLanguage\":\"fr-FR\",\"@id\":\"https:\/\/www.ringier.com\/fr\/#\/schema\/person\/image\/\",\"url\":\"https:\/\/secure.gravatar.com\/avatar\/9391e20481368d5df4fe3e1e476c13b27786347489822ec1ed07e532bb41f587?s=96&d=mm&r=g\",\"contentUrl\":\"https:\/\/secure.gravatar.com\/avatar\/9391e20481368d5df4fe3e1e476c13b27786347489822ec1ed07e532bb41f587?s=96&d=mm&r=g\",\"caption\":\"Ringier Corporate Communications\"},\"sameAs\":[\"https:\/\/www.ringier.com\"]}]}<\/script>\n<!-- \/ Yoast SEO Premium plugin. -->","yoast_head_json":{"title":"Ringier r\u00e9organise ses activit\u00e9s d\u2019imprimerie - Ringier","robots":{"index":"index","follow":"follow","max-snippet":"max-snippet:-1","max-image-preview":"max-image-preview:large","max-video-preview":"max-video-preview:-1"},"canonical":"https:\/\/www.ringier.com\/fr\/ringier-reorganise-ses-activites-dimprimerie\/","og_locale":"fr_FR","og_type":"article","og_title":"Ringier r\u00e9organise ses activit\u00e9s d\u2019imprimerie","og_description":"Au vu de l\u2019\u00e9volution du march\u00e9 suisse de l\u2019imprimerie, Ringier r\u00e9organise ses activit\u00e9s d\u2019impression. L\u2019entreprise concentrera d\u00e9sormais celles-ci sur Swissprinters AG \u00e0 Zofingue et pr\u00e9voit d\u2019arr\u00eater l\u2019impression de journaux \u00e0 Adligenswil \u00e0 la fin de 2018. Cette d\u00e9cision fait suite au recul constant des revenus contractuels, associ\u00e9 \u00e0 des perspectives d\u2019avenir moroses sur le plan \u00e9conomique. Ringier prend ainsi \u00e9galement en compte la baisse g\u00e9n\u00e9rale de la publication papier au profit de la publication en ligne.","og_url":"https:\/\/www.ringier.com\/fr\/ringier-reorganise-ses-activites-dimprimerie\/","og_site_name":"Ringier","article_publisher":"https:\/\/www.facebook.com\/ringierag\/","article_published_time":"2017-11-08T14:56:00+00:00","article_modified_time":"2025-06-23T13:36:12+00:00","og_image":[{"width":8001,"height":4201,"url":"https:\/\/www.ringier.com\/wp-content\/uploads\/2013\/03\/Press-Release-Default.png","type":"image\/png"}],"author":"Ringier Corporate Communications","twitter_card":"summary_large_image","twitter_creator":"@ringier_ag","twitter_site":"@ringier_ag","twitter_misc":{"\u00c9crit par":"Ringier Corporate Communications","Dur\u00e9e de lecture estim\u00e9e":"3 minutes"},"schema":{"@context":"https:\/\/schema.org","@graph":[{"@type":"Article","@id":"https:\/\/www.ringier.com\/fr\/ringier-reorganise-ses-activites-dimprimerie\/#article","isPartOf":{"@id":"https:\/\/www.ringier.com\/fr\/ringier-reorganise-ses-activites-dimprimerie\/"},"author":{"name":"Ringier Corporate Communications","@id":"https:\/\/www.ringier.com\/fr\/#\/schema\/person\/4cf76a308dc4b2bb5121bd1e7b752e52"},"headline":"Ringier r\u00e9organise ses activit\u00e9s d\u2019imprimerie","datePublished":"2017-11-08T14:56:00+00:00","dateModified":"2025-06-23T13:36:12+00:00","mainEntityOfPage":{"@id":"https:\/\/www.ringier.com\/fr\/ringier-reorganise-ses-activites-dimprimerie\/"},"wordCount":461,"publisher":{"@id":"https:\/\/www.ringier.com\/fr\/#organization"},"image":{"@id":"https:\/\/www.ringier.com\/fr\/ringier-reorganise-ses-activites-dimprimerie\/#primaryimage"},"thumbnailUrl":"https:\/\/www.ringier.com\/wp-content\/uploads\/2013\/03\/Press-Release-Default.png","articleSection":["Corporate","Media","Ringier Medias Suisse"],"inLanguage":"fr-FR"},{"@type":"WebPage","@id":"https:\/\/www.ringier.com\/fr\/ringier-reorganise-ses-activites-dimprimerie\/","url":"https:\/\/www.ringier.com\/fr\/ringier-reorganise-ses-activites-dimprimerie\/","name":"Ringier r\u00e9organise ses activit\u00e9s d\u2019imprimerie - Ringier","isPartOf":{"@id":"https:\/\/www.ringier.com\/fr\/#website"},"primaryImageOfPage":{"@id":"https:\/\/www.ringier.com\/fr\/ringier-reorganise-ses-activites-dimprimerie\/#primaryimage"},"image":{"@id":"https:\/\/www.ringier.com\/fr\/ringier-reorganise-ses-activites-dimprimerie\/#primaryimage"},"thumbnailUrl":"https:\/\/www.ringier.com\/wp-content\/uploads\/2013\/03\/Press-Release-Default.png","datePublished":"2017-11-08T14:56:00+00:00","dateModified":"2025-06-23T13:36:12+00:00","breadcrumb":{"@id":"https:\/\/www.ringier.com\/fr\/ringier-reorganise-ses-activites-dimprimerie\/#breadcrumb"},"inLanguage":"fr-FR","potentialAction":[{"@type":"ReadAction","target":["https:\/\/www.ringier.com\/fr\/ringier-reorganise-ses-activites-dimprimerie\/"]}]},{"@type":"ImageObject","inLanguage":"fr-FR","@id":"https:\/\/www.ringier.com\/fr\/ringier-reorganise-ses-activites-dimprimerie\/#primaryimage","url":"https:\/\/www.ringier.com\/wp-content\/uploads\/2013\/03\/Press-Release-Default.png","contentUrl":"https:\/\/www.ringier.com\/wp-content\/uploads\/2013\/03\/Press-Release-Default.png","width":8001,"height":4201},{"@type":"BreadcrumbList","@id":"https:\/\/www.ringier.com\/fr\/ringier-reorganise-ses-activites-dimprimerie\/#breadcrumb","itemListElement":[{"@type":"ListItem","position":1,"name":"Home","item":"https:\/\/www.ringier.com\/fr\/"},{"@type":"ListItem","position":2,"name":"Ringier r\u00e9organise ses activit\u00e9s d\u2019imprimerie"}]},{"@type":"WebSite","@id":"https:\/\/www.ringier.com\/fr\/#website","url":"https:\/\/www.ringier.com\/fr\/","name":"Ringier","description":"We inform. We entertain. We connect","publisher":{"@id":"https:\/\/www.ringier.com\/fr\/#organization"},"potentialAction":[{"@type":"SearchAction","target":{"@type":"EntryPoint","urlTemplate":"https:\/\/www.ringier.com\/fr\/?s={search_term_string}"},"query-input":{"@type":"PropertyValueSpecification","valueRequired":true,"valueName":"search_term_string"}}],"inLanguage":"fr-FR"},{"@type":"Organization","@id":"https:\/\/www.ringier.com\/fr\/#organization","name":"Ringier","url":"https:\/\/www.ringier.com\/fr\/","logo":{"@type":"ImageObject","inLanguage":"fr-FR","@id":"https:\/\/www.ringier.com\/fr\/#\/schema\/logo\/image\/","url":"https:\/\/www.ringier.com\/wp-content\/uploads\/2021\/10\/ringier_logo_2.jpg","contentUrl":"https:\/\/www.ringier.com\/wp-content\/uploads\/2021\/10\/ringier_logo_2.jpg","width":750,"height":550,"caption":"Ringier"},"image":{"@id":"https:\/\/www.ringier.com\/fr\/#\/schema\/logo\/image\/"},"sameAs":["https:\/\/www.facebook.com\/ringierag\/","https:\/\/x.com\/ringier_ag","https:\/\/www.instagram.com\/ringier_ag\/","https:\/\/www.linkedin.com\/company\/ringier\/","https:\/\/www.youtube.com\/user\/RingierComm","https:\/\/en.wikipedia.org\/wiki\/Ringier","https:\/\/de.wikipedia.org\/wiki\/Ringier","https:\/\/fr.wikipedia.org\/wiki\/Ringier","https:\/\/www.crunchbase.com\/organization\/ringier-ag"]},{"@type":"Person","@id":"https:\/\/www.ringier.com\/fr\/#\/schema\/person\/4cf76a308dc4b2bb5121bd1e7b752e52","name":"Ringier Corporate Communications","image":{"@type":"ImageObject","inLanguage":"fr-FR","@id":"https:\/\/www.ringier.com\/fr\/#\/schema\/person\/image\/","url":"https:\/\/secure.gravatar.com\/avatar\/9391e20481368d5df4fe3e1e476c13b27786347489822ec1ed07e532bb41f587?s=96&d=mm&r=g","contentUrl":"https:\/\/secure.gravatar.com\/avatar\/9391e20481368d5df4fe3e1e476c13b27786347489822ec1ed07e532bb41f587?s=96&d=mm&r=g","caption":"Ringier Corporate Communications"},"sameAs":["https:\/\/www.ringier.com"]}]}},"_links":{"self":[{"href":"https:\/\/www.ringier.com\/fr\/wp-json\/wp\/v2\/posts\/9253","targetHints":{"allow":["GET"]}}],"collection":[{"href":"https:\/\/www.ringier.com\/fr\/wp-json\/wp\/v2\/posts"}],"about":[{"href":"https:\/\/www.ringier.com\/fr\/wp-json\/wp\/v2\/types\/post"}],"author":[{"embeddable":true,"href":"https:\/\/www.ringier.com\/fr\/wp-json\/wp\/v2\/users\/23"}],"replies":[{"embeddable":true,"href":"https:\/\/www.ringier.com\/fr\/wp-json\/wp\/v2\/comments?post=9253"}],"version-history":[{"count":0,"href":"https:\/\/www.ringier.com\/fr\/wp-json\/wp\/v2\/posts\/9253\/revisions"}],"wp:featuredmedia":[{"embeddable":true,"href":"https:\/\/www.ringier.com\/fr\/wp-json\/wp\/v2\/media\/5765"}],"wp:attachment":[{"href":"https:\/\/www.ringier.com\/fr\/wp-json\/wp\/v2\/media?parent=9253"}],"wp:term":[{"taxonomy":"category","embeddable":true,"href":"https:\/\/www.ringier.com\/fr\/wp-json\/wp\/v2\/categories?post=9253"},{"taxonomy":"post_tag","embeddable":true,"href":"https:\/\/www.ringier.com\/fr\/wp-json\/wp\/v2\/tags?post=9253"}],"curies":[{"name":"wp","href":"https:\/\/api.w.org\/{rel}","templated":true}]}}