{"id":9204,"date":"2012-09-19T15:09:00","date_gmt":"2012-09-19T13:09:00","guid":{"rendered":"https:\/\/www.ringier.com\/gemeinsame-vermarktung-der-ringier-zeitschriften-von-deutsch-und-westschweiz\/"},"modified":"2024-11-13T16:58:35","modified_gmt":"2024-11-13T15:58:35","slug":"commercialisation-en-commun-des-magazines-ringier-de-suisse-alemanique-et-de-suisse-romande","status":"publish","type":"post","link":"https:\/\/www.ringier.com\/fr\/commercialisation-en-commun-des-magazines-ringier-de-suisse-alemanique-et-de-suisse-romande\/","title":{"rendered":"Commercialisation en commun des magazines Ringier de Suisse al\u00e9manique et de Suisse romande"},"content":{"rendered":"\n<p>Les Magazines Ringier renforcent leur position sur le march\u00e9 des annonces: l\u2019ensemble des magazines de Suisse al\u00e9manique et de Suisse romande seront d\u00e9sormais g\u00e9r\u00e9s par une seule et m\u00eame \u00e9quipe.<\/p>\n\n\n\n<p>Elle sera dirig\u00e9e par Thomas Passen Head of Sales &amp; Marketing. Il sera second\u00e9 par Beniamino Esposito (Groupe Blick) qui revient en qualit\u00e9 de directeur de la publicit\u00e9 chez Ringier Magazines.<\/p>\n\n\n\n<p>Communication Ringier Suisse<\/p>\n","protected":false},"excerpt":{"rendered":"<p>Les Magazines Ringier renforcent leur position sur le march\u00e9 des annonces: l\u2019ensemble des magazines de Suisse al\u00e9manique et de Suisse romande seront d\u00e9sormais g\u00e9r\u00e9s par une seule et m\u00eame \u00e9quipe. Elle sera dirig\u00e9e par Thomas Passen Head of Sales &amp; Marketing. Il sera second\u00e9 par Beniamino Esposito (Groupe Blick) qui revient en qualit\u00e9 de directeur [&hellip;]<\/p>\n","protected":false},"author":23,"featured_media":5765,"comment_status":"closed","ping_status":"open","sticky":false,"template":"","format":"standard","meta":{"inline_featured_image":false,"footnotes":""},"categories":[370,363],"tags":[],"class_list":["post-9204","post","type-post","status-publish","format-standard","has-post-thumbnail","hentry","category-media-fr","category-ringier-medias-suisse"],"yoast_head":"<!-- This site is optimized with the Yoast SEO Premium plugin v27.0 (Yoast SEO v27.0) - https:\/\/yoast.com\/product\/yoast-seo-premium-wordpress\/ -->\n<title>Commercialisation en commun des magazines Ringier de Suisse al\u00e9manique et de Suisse romande - Ringier<\/title>\n<meta name=\"robots\" content=\"index, follow, max-snippet:-1, max-image-preview:large, max-video-preview:-1\" \/>\n<link rel=\"canonical\" href=\"https:\/\/www.ringier.com\/fr\/commercialisation-en-commun-des-magazines-ringier-de-suisse-alemanique-et-de-suisse-romande\/\" \/>\n<meta property=\"og:locale\" content=\"fr_FR\" \/>\n<meta property=\"og:type\" content=\"article\" \/>\n<meta property=\"og:title\" content=\"Commercialisation en commun des magazines Ringier de Suisse al\u00e9manique et de Suisse romande\" \/>\n<meta property=\"og:description\" content=\"Les Magazines Ringier renforcent leur position sur le march\u00e9 des annonces: l\u2019ensemble des magazines de Suisse al\u00e9manique et de Suisse romande seront d\u00e9sormais g\u00e9r\u00e9s par une seule et m\u00eame \u00e9quipe. Elle sera dirig\u00e9e par Thomas Passen Head of Sales &amp; Marketing. Il sera second\u00e9 par Beniamino Esposito (Groupe Blick) qui revient en qualit\u00e9 de directeur [&hellip;]\" \/>\n<meta property=\"og:url\" content=\"https:\/\/www.ringier.com\/fr\/commercialisation-en-commun-des-magazines-ringier-de-suisse-alemanique-et-de-suisse-romande\/\" \/>\n<meta property=\"og:site_name\" content=\"Ringier\" \/>\n<meta property=\"article:publisher\" content=\"https:\/\/www.facebook.com\/ringierag\/\" \/>\n<meta property=\"article:published_time\" content=\"2012-09-19T13:09:00+00:00\" \/>\n<meta property=\"article:modified_time\" content=\"2024-11-13T15:58:35+00:00\" \/>\n<meta property=\"og:image\" content=\"https:\/\/www.ringier.com\/wp-content\/uploads\/2013\/03\/Press-Release-Default.png\" \/>\n\t<meta property=\"og:image:width\" content=\"8001\" \/>\n\t<meta property=\"og:image:height\" content=\"4201\" \/>\n\t<meta property=\"og:image:type\" content=\"image\/png\" \/>\n<meta name=\"author\" content=\"Ringier Corporate Communications\" \/>\n<meta name=\"twitter:card\" content=\"summary_large_image\" \/>\n<meta name=\"twitter:creator\" content=\"@ringier_ag\" \/>\n<meta name=\"twitter:site\" content=\"@ringier_ag\" \/>\n<meta name=\"twitter:label1\" content=\"\u00c9crit par\" \/>\n\t<meta name=\"twitter:data1\" content=\"Ringier Corporate Communications\" \/>\n\t<meta name=\"twitter:label2\" content=\"Dur\u00e9e de lecture estim\u00e9e\" \/>\n\t<meta name=\"twitter:data2\" content=\"1 minute\" \/>\n<script type=\"application\/ld+json\" class=\"yoast-schema-graph\">{\"@context\":\"https:\/\/schema.org\",\"@graph\":[{\"@type\":\"Article\",\"@id\":\"https:\/\/www.ringier.com\/fr\/commercialisation-en-commun-des-magazines-ringier-de-suisse-alemanique-et-de-suisse-romande\/#article\",\"isPartOf\":{\"@id\":\"https:\/\/www.ringier.com\/fr\/commercialisation-en-commun-des-magazines-ringier-de-suisse-alemanique-et-de-suisse-romande\/\"},\"author\":{\"name\":\"Ringier Corporate Communications\",\"@id\":\"https:\/\/www.ringier.com\/fr\/#\/schema\/person\/4cf76a308dc4b2bb5121bd1e7b752e52\"},\"headline\":\"Commercialisation en commun des magazines Ringier de Suisse al\u00e9manique et de Suisse romande\",\"datePublished\":\"2012-09-19T13:09:00+00:00\",\"dateModified\":\"2024-11-13T15:58:35+00:00\",\"mainEntityOfPage\":{\"@id\":\"https:\/\/www.ringier.com\/fr\/commercialisation-en-commun-des-magazines-ringier-de-suisse-alemanique-et-de-suisse-romande\/\"},\"wordCount\":85,\"publisher\":{\"@id\":\"https:\/\/www.ringier.com\/fr\/#organization\"},\"image\":{\"@id\":\"https:\/\/www.ringier.com\/fr\/commercialisation-en-commun-des-magazines-ringier-de-suisse-alemanique-et-de-suisse-romande\/#primaryimage\"},\"thumbnailUrl\":\"https:\/\/www.ringier.com\/wp-content\/uploads\/2013\/03\/Press-Release-Default.png\",\"articleSection\":[\"Media\",\"Ringier Medias Suisse\"],\"inLanguage\":\"fr-FR\"},{\"@type\":\"WebPage\",\"@id\":\"https:\/\/www.ringier.com\/fr\/commercialisation-en-commun-des-magazines-ringier-de-suisse-alemanique-et-de-suisse-romande\/\",\"url\":\"https:\/\/www.ringier.com\/fr\/commercialisation-en-commun-des-magazines-ringier-de-suisse-alemanique-et-de-suisse-romande\/\",\"name\":\"Commercialisation en commun des magazines Ringier de Suisse al\u00e9manique et de Suisse romande - Ringier\",\"isPartOf\":{\"@id\":\"https:\/\/www.ringier.com\/fr\/#website\"},\"primaryImageOfPage\":{\"@id\":\"https:\/\/www.ringier.com\/fr\/commercialisation-en-commun-des-magazines-ringier-de-suisse-alemanique-et-de-suisse-romande\/#primaryimage\"},\"image\":{\"@id\":\"https:\/\/www.ringier.com\/fr\/commercialisation-en-commun-des-magazines-ringier-de-suisse-alemanique-et-de-suisse-romande\/#primaryimage\"},\"thumbnailUrl\":\"https:\/\/www.ringier.com\/wp-content\/uploads\/2013\/03\/Press-Release-Default.png\",\"datePublished\":\"2012-09-19T13:09:00+00:00\",\"dateModified\":\"2024-11-13T15:58:35+00:00\",\"breadcrumb\":{\"@id\":\"https:\/\/www.ringier.com\/fr\/commercialisation-en-commun-des-magazines-ringier-de-suisse-alemanique-et-de-suisse-romande\/#breadcrumb\"},\"inLanguage\":\"fr-FR\",\"potentialAction\":[{\"@type\":\"ReadAction\",\"target\":[\"https:\/\/www.ringier.com\/fr\/commercialisation-en-commun-des-magazines-ringier-de-suisse-alemanique-et-de-suisse-romande\/\"]}]},{\"@type\":\"ImageObject\",\"inLanguage\":\"fr-FR\",\"@id\":\"https:\/\/www.ringier.com\/fr\/commercialisation-en-commun-des-magazines-ringier-de-suisse-alemanique-et-de-suisse-romande\/#primaryimage\",\"url\":\"https:\/\/www.ringier.com\/wp-content\/uploads\/2013\/03\/Press-Release-Default.png\",\"contentUrl\":\"https:\/\/www.ringier.com\/wp-content\/uploads\/2013\/03\/Press-Release-Default.png\",\"width\":8001,\"height\":4201},{\"@type\":\"BreadcrumbList\",\"@id\":\"https:\/\/www.ringier.com\/fr\/commercialisation-en-commun-des-magazines-ringier-de-suisse-alemanique-et-de-suisse-romande\/#breadcrumb\",\"itemListElement\":[{\"@type\":\"ListItem\",\"position\":1,\"name\":\"Home\",\"item\":\"https:\/\/www.ringier.com\/fr\/\"},{\"@type\":\"ListItem\",\"position\":2,\"name\":\"Commercialisation en commun des magazines Ringier de Suisse al\u00e9manique et de Suisse romande\"}]},{\"@type\":\"WebSite\",\"@id\":\"https:\/\/www.ringier.com\/fr\/#website\",\"url\":\"https:\/\/www.ringier.com\/fr\/\",\"name\":\"Ringier\",\"description\":\"We inform. We entertain. We connect\",\"publisher\":{\"@id\":\"https:\/\/www.ringier.com\/fr\/#organization\"},\"potentialAction\":[{\"@type\":\"SearchAction\",\"target\":{\"@type\":\"EntryPoint\",\"urlTemplate\":\"https:\/\/www.ringier.com\/fr\/?s={search_term_string}\"},\"query-input\":{\"@type\":\"PropertyValueSpecification\",\"valueRequired\":true,\"valueName\":\"search_term_string\"}}],\"inLanguage\":\"fr-FR\"},{\"@type\":\"Organization\",\"@id\":\"https:\/\/www.ringier.com\/fr\/#organization\",\"name\":\"Ringier\",\"url\":\"https:\/\/www.ringier.com\/fr\/\",\"logo\":{\"@type\":\"ImageObject\",\"inLanguage\":\"fr-FR\",\"@id\":\"https:\/\/www.ringier.com\/fr\/#\/schema\/logo\/image\/\",\"url\":\"https:\/\/www.ringier.com\/wp-content\/uploads\/2021\/10\/ringier_logo_2.jpg\",\"contentUrl\":\"https:\/\/www.ringier.com\/wp-content\/uploads\/2021\/10\/ringier_logo_2.jpg\",\"width\":750,\"height\":550,\"caption\":\"Ringier\"},\"image\":{\"@id\":\"https:\/\/www.ringier.com\/fr\/#\/schema\/logo\/image\/\"},\"sameAs\":[\"https:\/\/www.facebook.com\/ringierag\/\",\"https:\/\/x.com\/ringier_ag\",\"https:\/\/www.instagram.com\/ringier_ag\/\",\"https:\/\/www.linkedin.com\/company\/ringier\/\",\"https:\/\/www.youtube.com\/user\/RingierComm\",\"https:\/\/en.wikipedia.org\/wiki\/Ringier\",\"https:\/\/de.wikipedia.org\/wiki\/Ringier\",\"https:\/\/fr.wikipedia.org\/wiki\/Ringier\",\"https:\/\/www.crunchbase.com\/organization\/ringier-ag\"]},{\"@type\":\"Person\",\"@id\":\"https:\/\/www.ringier.com\/fr\/#\/schema\/person\/4cf76a308dc4b2bb5121bd1e7b752e52\",\"name\":\"Ringier Corporate Communications\",\"image\":{\"@type\":\"ImageObject\",\"inLanguage\":\"fr-FR\",\"@id\":\"https:\/\/www.ringier.com\/fr\/#\/schema\/person\/image\/\",\"url\":\"https:\/\/secure.gravatar.com\/avatar\/9391e20481368d5df4fe3e1e476c13b27786347489822ec1ed07e532bb41f587?s=96&d=mm&r=g\",\"contentUrl\":\"https:\/\/secure.gravatar.com\/avatar\/9391e20481368d5df4fe3e1e476c13b27786347489822ec1ed07e532bb41f587?s=96&d=mm&r=g\",\"caption\":\"Ringier Corporate Communications\"},\"sameAs\":[\"https:\/\/www.ringier.com\"]}]}<\/script>\n<!-- \/ Yoast SEO Premium plugin. -->","yoast_head_json":{"title":"Commercialisation en commun des magazines Ringier de Suisse al\u00e9manique et de Suisse romande - Ringier","robots":{"index":"index","follow":"follow","max-snippet":"max-snippet:-1","max-image-preview":"max-image-preview:large","max-video-preview":"max-video-preview:-1"},"canonical":"https:\/\/www.ringier.com\/fr\/commercialisation-en-commun-des-magazines-ringier-de-suisse-alemanique-et-de-suisse-romande\/","og_locale":"fr_FR","og_type":"article","og_title":"Commercialisation en commun des magazines Ringier de Suisse al\u00e9manique et de Suisse romande","og_description":"Les Magazines Ringier renforcent leur position sur le march\u00e9 des annonces: l\u2019ensemble des magazines de Suisse al\u00e9manique et de Suisse romande seront d\u00e9sormais g\u00e9r\u00e9s par une seule et m\u00eame \u00e9quipe. Elle sera dirig\u00e9e par Thomas Passen Head of Sales &amp; Marketing. Il sera second\u00e9 par Beniamino Esposito (Groupe Blick) qui revient en qualit\u00e9 de directeur [&hellip;]","og_url":"https:\/\/www.ringier.com\/fr\/commercialisation-en-commun-des-magazines-ringier-de-suisse-alemanique-et-de-suisse-romande\/","og_site_name":"Ringier","article_publisher":"https:\/\/www.facebook.com\/ringierag\/","article_published_time":"2012-09-19T13:09:00+00:00","article_modified_time":"2024-11-13T15:58:35+00:00","og_image":[{"width":8001,"height":4201,"url":"https:\/\/www.ringier.com\/wp-content\/uploads\/2013\/03\/Press-Release-Default.png","type":"image\/png"}],"author":"Ringier Corporate Communications","twitter_card":"summary_large_image","twitter_creator":"@ringier_ag","twitter_site":"@ringier_ag","twitter_misc":{"\u00c9crit par":"Ringier Corporate Communications","Dur\u00e9e de lecture estim\u00e9e":"1 minute"},"schema":{"@context":"https:\/\/schema.org","@graph":[{"@type":"Article","@id":"https:\/\/www.ringier.com\/fr\/commercialisation-en-commun-des-magazines-ringier-de-suisse-alemanique-et-de-suisse-romande\/#article","isPartOf":{"@id":"https:\/\/www.ringier.com\/fr\/commercialisation-en-commun-des-magazines-ringier-de-suisse-alemanique-et-de-suisse-romande\/"},"author":{"name":"Ringier Corporate Communications","@id":"https:\/\/www.ringier.com\/fr\/#\/schema\/person\/4cf76a308dc4b2bb5121bd1e7b752e52"},"headline":"Commercialisation en commun des magazines Ringier de Suisse al\u00e9manique et de Suisse romande","datePublished":"2012-09-19T13:09:00+00:00","dateModified":"2024-11-13T15:58:35+00:00","mainEntityOfPage":{"@id":"https:\/\/www.ringier.com\/fr\/commercialisation-en-commun-des-magazines-ringier-de-suisse-alemanique-et-de-suisse-romande\/"},"wordCount":85,"publisher":{"@id":"https:\/\/www.ringier.com\/fr\/#organization"},"image":{"@id":"https:\/\/www.ringier.com\/fr\/commercialisation-en-commun-des-magazines-ringier-de-suisse-alemanique-et-de-suisse-romande\/#primaryimage"},"thumbnailUrl":"https:\/\/www.ringier.com\/wp-content\/uploads\/2013\/03\/Press-Release-Default.png","articleSection":["Media","Ringier Medias Suisse"],"inLanguage":"fr-FR"},{"@type":"WebPage","@id":"https:\/\/www.ringier.com\/fr\/commercialisation-en-commun-des-magazines-ringier-de-suisse-alemanique-et-de-suisse-romande\/","url":"https:\/\/www.ringier.com\/fr\/commercialisation-en-commun-des-magazines-ringier-de-suisse-alemanique-et-de-suisse-romande\/","name":"Commercialisation en commun des magazines Ringier de Suisse al\u00e9manique et de Suisse romande - Ringier","isPartOf":{"@id":"https:\/\/www.ringier.com\/fr\/#website"},"primaryImageOfPage":{"@id":"https:\/\/www.ringier.com\/fr\/commercialisation-en-commun-des-magazines-ringier-de-suisse-alemanique-et-de-suisse-romande\/#primaryimage"},"image":{"@id":"https:\/\/www.ringier.com\/fr\/commercialisation-en-commun-des-magazines-ringier-de-suisse-alemanique-et-de-suisse-romande\/#primaryimage"},"thumbnailUrl":"https:\/\/www.ringier.com\/wp-content\/uploads\/2013\/03\/Press-Release-Default.png","datePublished":"2012-09-19T13:09:00+00:00","dateModified":"2024-11-13T15:58:35+00:00","breadcrumb":{"@id":"https:\/\/www.ringier.com\/fr\/commercialisation-en-commun-des-magazines-ringier-de-suisse-alemanique-et-de-suisse-romande\/#breadcrumb"},"inLanguage":"fr-FR","potentialAction":[{"@type":"ReadAction","target":["https:\/\/www.ringier.com\/fr\/commercialisation-en-commun-des-magazines-ringier-de-suisse-alemanique-et-de-suisse-romande\/"]}]},{"@type":"ImageObject","inLanguage":"fr-FR","@id":"https:\/\/www.ringier.com\/fr\/commercialisation-en-commun-des-magazines-ringier-de-suisse-alemanique-et-de-suisse-romande\/#primaryimage","url":"https:\/\/www.ringier.com\/wp-content\/uploads\/2013\/03\/Press-Release-Default.png","contentUrl":"https:\/\/www.ringier.com\/wp-content\/uploads\/2013\/03\/Press-Release-Default.png","width":8001,"height":4201},{"@type":"BreadcrumbList","@id":"https:\/\/www.ringier.com\/fr\/commercialisation-en-commun-des-magazines-ringier-de-suisse-alemanique-et-de-suisse-romande\/#breadcrumb","itemListElement":[{"@type":"ListItem","position":1,"name":"Home","item":"https:\/\/www.ringier.com\/fr\/"},{"@type":"ListItem","position":2,"name":"Commercialisation en commun des magazines Ringier de Suisse al\u00e9manique et de Suisse romande"}]},{"@type":"WebSite","@id":"https:\/\/www.ringier.com\/fr\/#website","url":"https:\/\/www.ringier.com\/fr\/","name":"Ringier","description":"We inform. We entertain. We connect","publisher":{"@id":"https:\/\/www.ringier.com\/fr\/#organization"},"potentialAction":[{"@type":"SearchAction","target":{"@type":"EntryPoint","urlTemplate":"https:\/\/www.ringier.com\/fr\/?s={search_term_string}"},"query-input":{"@type":"PropertyValueSpecification","valueRequired":true,"valueName":"search_term_string"}}],"inLanguage":"fr-FR"},{"@type":"Organization","@id":"https:\/\/www.ringier.com\/fr\/#organization","name":"Ringier","url":"https:\/\/www.ringier.com\/fr\/","logo":{"@type":"ImageObject","inLanguage":"fr-FR","@id":"https:\/\/www.ringier.com\/fr\/#\/schema\/logo\/image\/","url":"https:\/\/www.ringier.com\/wp-content\/uploads\/2021\/10\/ringier_logo_2.jpg","contentUrl":"https:\/\/www.ringier.com\/wp-content\/uploads\/2021\/10\/ringier_logo_2.jpg","width":750,"height":550,"caption":"Ringier"},"image":{"@id":"https:\/\/www.ringier.com\/fr\/#\/schema\/logo\/image\/"},"sameAs":["https:\/\/www.facebook.com\/ringierag\/","https:\/\/x.com\/ringier_ag","https:\/\/www.instagram.com\/ringier_ag\/","https:\/\/www.linkedin.com\/company\/ringier\/","https:\/\/www.youtube.com\/user\/RingierComm","https:\/\/en.wikipedia.org\/wiki\/Ringier","https:\/\/de.wikipedia.org\/wiki\/Ringier","https:\/\/fr.wikipedia.org\/wiki\/Ringier","https:\/\/www.crunchbase.com\/organization\/ringier-ag"]},{"@type":"Person","@id":"https:\/\/www.ringier.com\/fr\/#\/schema\/person\/4cf76a308dc4b2bb5121bd1e7b752e52","name":"Ringier Corporate Communications","image":{"@type":"ImageObject","inLanguage":"fr-FR","@id":"https:\/\/www.ringier.com\/fr\/#\/schema\/person\/image\/","url":"https:\/\/secure.gravatar.com\/avatar\/9391e20481368d5df4fe3e1e476c13b27786347489822ec1ed07e532bb41f587?s=96&d=mm&r=g","contentUrl":"https:\/\/secure.gravatar.com\/avatar\/9391e20481368d5df4fe3e1e476c13b27786347489822ec1ed07e532bb41f587?s=96&d=mm&r=g","caption":"Ringier Corporate Communications"},"sameAs":["https:\/\/www.ringier.com"]}]}},"_links":{"self":[{"href":"https:\/\/www.ringier.com\/fr\/wp-json\/wp\/v2\/posts\/9204","targetHints":{"allow":["GET"]}}],"collection":[{"href":"https:\/\/www.ringier.com\/fr\/wp-json\/wp\/v2\/posts"}],"about":[{"href":"https:\/\/www.ringier.com\/fr\/wp-json\/wp\/v2\/types\/post"}],"author":[{"embeddable":true,"href":"https:\/\/www.ringier.com\/fr\/wp-json\/wp\/v2\/users\/23"}],"replies":[{"embeddable":true,"href":"https:\/\/www.ringier.com\/fr\/wp-json\/wp\/v2\/comments?post=9204"}],"version-history":[{"count":0,"href":"https:\/\/www.ringier.com\/fr\/wp-json\/wp\/v2\/posts\/9204\/revisions"}],"wp:featuredmedia":[{"embeddable":true,"href":"https:\/\/www.ringier.com\/fr\/wp-json\/wp\/v2\/media\/5765"}],"wp:attachment":[{"href":"https:\/\/www.ringier.com\/fr\/wp-json\/wp\/v2\/media?parent=9204"}],"wp:term":[{"taxonomy":"category","embeddable":true,"href":"https:\/\/www.ringier.com\/fr\/wp-json\/wp\/v2\/categories?post=9204"},{"taxonomy":"post_tag","embeddable":true,"href":"https:\/\/www.ringier.com\/fr\/wp-json\/wp\/v2\/tags?post=9204"}],"curies":[{"name":"wp","href":"https:\/\/api.w.org\/{rel}","templated":true}]}}