{"id":9032,"date":"2010-08-07T08:52:00","date_gmt":"2010-08-07T06:52:00","guid":{"rendered":"https:\/\/www.ringier.com\/european-prize-for-political-culture-awarded-to-jean-claude-trichet\/"},"modified":"2024-11-13T15:12:23","modified_gmt":"2024-11-13T14:12:23","slug":"le-prix-europeen-de-la-culture-politique-decerne-a-jean-claude-trichet","status":"publish","type":"post","link":"https:\/\/www.ringier.com\/fr\/le-prix-europeen-de-la-culture-politique-decerne-a-jean-claude-trichet\/","title":{"rendered":"\u00abLe Prix europ\u00e9en de la culture politique\u00bb d\u00e9cern\u00e9 \u00e0 Jean-Claude Trichet"},"content":{"rendered":"\n<p>D\u00e9cern\u00e9 par la Fondation Ringier, le Prix europ\u00e9en de la culture politique a \u00e9t\u00e9 d\u00e9cern\u00e9 samedi \u00e0 M. Jean-Claude Trichet, pr\u00e9sident de la Banque centrale europ\u00e9enne. Le jury a voulu honor\u00e9 la personnalit\u00e9 qui a pr\u00e9sid\u00e9 aux destin\u00e9es de la monnaie europ\u00e9enne ces sept derni\u00e8res ann\u00e9es, tenant ferme la barre dans les temp\u00eates r\u00e9centes.\u00a0<\/p>\n\n\n\n<p>L&rsquo;ancien chancelier allemand Gerhard Schr\u00f6der a \u00e9galement compliment\u00e9 Jean-Claude Trichet. Le prix de la Fondation Hans Ringier, d&rsquo;une valeur de 50&rsquo;000 euros, a \u00e9t\u00e9 remis dans le cadre du traditionnel \u00abD\u00eener r\u00e9publicain\u00bb de Frank A. Meyer \u00e0 Castello del Sole \u00e0 Ascona (Suisse).\u00a0<\/p>\n\n\n\n<p>Le jury se composait de l&rsquo;ancien chancelier allemand Gerhard Schr\u00f6der, de l&rsquo;\u00e9diteur Michael Ringier, de l&rsquo;\u00e9crivain Adolf Muschg et du manager Utz Claassen ainsi que du pr\u00e9sident du jury, Frank A. Meyer.\u00a0<\/p>\n\n\n\n<p>Le \u00abD\u00eener r\u00e9publicain\u00bb auquel invitait le journaliste suisse Frank A. Meyer s&rsquo;est tenu \u00e0 l&rsquo;occasion de la 35e \u00e9dition du Festival international du film de Locarno. Le prix a \u00e9t\u00e9 remis en pr\u00e9sence d&rsquo;invit\u00e9s comme Moritz Leuenberger, conseiller f\u00e9d\u00e9ral suisse, Jacques Barrot, membre du conseil constitutionnel fran\u00e7ais, Pascale Bruderer, pr\u00e9sidente suisse du conseil national, et Hans K\u00fcng, th\u00e9ologien.\u00a0<\/p>\n\n\n\n<p>Fondation Hans Ringier\u00a0<\/p>\n","protected":false},"excerpt":{"rendered":"<p>Locarno: <\/p>\n<p>Jean-Claude Trichet, pr\u00e9sident de la Banque centrale europ\u00e9enne (BCE), remporte le \u00abPrix europ\u00e9en de la culture politique\u00bb 2010. Les ann\u00e9es pr\u00e9c\u00e9dentes, cette distinction d&rsquo;une valeur de 50&rsquo;000 euros de la Fondation Hans Ringier a \u00e9t\u00e9 d\u00e9cern\u00e9e au directeur g\u00e9n\u00e9ral de l&rsquo;OMT, Pascal Lamy, au philosophe J\u00fcrgen Habermas, au pr\u00e9sident serbe Boris Tadi? et au premier ministre du Luxembourg Jean-Claude Juncker.<\/p>\n","protected":false},"author":23,"featured_media":9025,"comment_status":"closed","ping_status":"open","sticky":false,"template":"","format":"standard","meta":{"inline_featured_image":false,"footnotes":""},"categories":[43],"tags":[],"class_list":["post-9032","post","type-post","status-publish","format-standard","has-post-thumbnail","hentry","category-corporate-fr"],"yoast_head":"<!-- This site is optimized with the Yoast SEO Premium plugin v27.0 (Yoast SEO v27.0) - https:\/\/yoast.com\/product\/yoast-seo-premium-wordpress\/ -->\n<title>\u00abLe Prix europ\u00e9en de la culture politique\u00bb d\u00e9cern\u00e9 \u00e0 Jean-Claude Trichet - Ringier<\/title>\n<meta name=\"robots\" content=\"index, follow, max-snippet:-1, max-image-preview:large, max-video-preview:-1\" \/>\n<link rel=\"canonical\" href=\"https:\/\/www.ringier.com\/fr\/le-prix-europeen-de-la-culture-politique-decerne-a-jean-claude-trichet\/\" \/>\n<meta property=\"og:locale\" content=\"fr_FR\" \/>\n<meta property=\"og:type\" content=\"article\" \/>\n<meta property=\"og:title\" content=\"\u00abLe Prix europ\u00e9en de la culture politique\u00bb d\u00e9cern\u00e9 \u00e0 Jean-Claude Trichet\" \/>\n<meta property=\"og:description\" content=\"Locarno:  Jean-Claude Trichet, pr\u00e9sident de la Banque centrale europ\u00e9enne (BCE), remporte le \u00abPrix europ\u00e9en de la culture politique\u00bb 2010. Les ann\u00e9es pr\u00e9c\u00e9dentes, cette distinction d&#039;une valeur de 50&#039;000 euros de la Fondation Hans Ringier a \u00e9t\u00e9 d\u00e9cern\u00e9e au directeur g\u00e9n\u00e9ral de l&#039;OMT, Pascal Lamy, au philosophe J\u00fcrgen Habermas, au pr\u00e9sident serbe Boris Tadi? et au premier ministre du Luxembourg Jean-Claude Juncker.\" \/>\n<meta property=\"og:url\" content=\"https:\/\/www.ringier.com\/fr\/le-prix-europeen-de-la-culture-politique-decerne-a-jean-claude-trichet\/\" \/>\n<meta property=\"og:site_name\" content=\"Ringier\" \/>\n<meta property=\"article:publisher\" content=\"https:\/\/www.facebook.com\/ringierag\/\" \/>\n<meta property=\"article:published_time\" content=\"2010-08-07T06:52:00+00:00\" \/>\n<meta property=\"article:modified_time\" content=\"2024-11-13T14:12:23+00:00\" \/>\n<meta property=\"og:image\" content=\"https:\/\/www.ringier.com\/wp-content\/uploads\/2021\/09\/jean-claude_trichet-Aug-2010-scaled.jpg\" \/>\n\t<meta property=\"og:image:width\" content=\"1281\" \/>\n\t<meta property=\"og:image:height\" content=\"2560\" \/>\n\t<meta property=\"og:image:type\" content=\"image\/jpeg\" \/>\n<meta name=\"author\" content=\"Ringier Corporate Communications\" \/>\n<meta name=\"twitter:card\" content=\"summary_large_image\" \/>\n<meta name=\"twitter:creator\" content=\"@ringier_ag\" \/>\n<meta name=\"twitter:site\" content=\"@ringier_ag\" \/>\n<meta name=\"twitter:label1\" content=\"\u00c9crit par\" \/>\n\t<meta name=\"twitter:data1\" content=\"Ringier Corporate Communications\" \/>\n\t<meta name=\"twitter:label2\" content=\"Dur\u00e9e de lecture estim\u00e9e\" \/>\n\t<meta name=\"twitter:data2\" content=\"2 minutes\" \/>\n<script type=\"application\/ld+json\" class=\"yoast-schema-graph\">{\"@context\":\"https:\/\/schema.org\",\"@graph\":[{\"@type\":\"Article\",\"@id\":\"https:\/\/www.ringier.com\/fr\/le-prix-europeen-de-la-culture-politique-decerne-a-jean-claude-trichet\/#article\",\"isPartOf\":{\"@id\":\"https:\/\/www.ringier.com\/fr\/le-prix-europeen-de-la-culture-politique-decerne-a-jean-claude-trichet\/\"},\"author\":{\"name\":\"Ringier Corporate Communications\",\"@id\":\"https:\/\/www.ringier.com\/fr\/#\/schema\/person\/4cf76a308dc4b2bb5121bd1e7b752e52\"},\"headline\":\"\u00abLe Prix europ\u00e9en de la culture politique\u00bb d\u00e9cern\u00e9 \u00e0 Jean-Claude Trichet\",\"datePublished\":\"2010-08-07T06:52:00+00:00\",\"dateModified\":\"2024-11-13T14:12:23+00:00\",\"mainEntityOfPage\":{\"@id\":\"https:\/\/www.ringier.com\/fr\/le-prix-europeen-de-la-culture-politique-decerne-a-jean-claude-trichet\/\"},\"wordCount\":232,\"publisher\":{\"@id\":\"https:\/\/www.ringier.com\/fr\/#organization\"},\"image\":{\"@id\":\"https:\/\/www.ringier.com\/fr\/le-prix-europeen-de-la-culture-politique-decerne-a-jean-claude-trichet\/#primaryimage\"},\"thumbnailUrl\":\"https:\/\/www.ringier.com\/wp-content\/uploads\/2021\/09\/jean-claude_trichet-Aug-2010-scaled.jpg\",\"articleSection\":[\"Corporate\"],\"inLanguage\":\"fr-FR\"},{\"@type\":\"WebPage\",\"@id\":\"https:\/\/www.ringier.com\/fr\/le-prix-europeen-de-la-culture-politique-decerne-a-jean-claude-trichet\/\",\"url\":\"https:\/\/www.ringier.com\/fr\/le-prix-europeen-de-la-culture-politique-decerne-a-jean-claude-trichet\/\",\"name\":\"\u00abLe Prix europ\u00e9en de la culture politique\u00bb d\u00e9cern\u00e9 \u00e0 Jean-Claude Trichet - Ringier\",\"isPartOf\":{\"@id\":\"https:\/\/www.ringier.com\/fr\/#website\"},\"primaryImageOfPage\":{\"@id\":\"https:\/\/www.ringier.com\/fr\/le-prix-europeen-de-la-culture-politique-decerne-a-jean-claude-trichet\/#primaryimage\"},\"image\":{\"@id\":\"https:\/\/www.ringier.com\/fr\/le-prix-europeen-de-la-culture-politique-decerne-a-jean-claude-trichet\/#primaryimage\"},\"thumbnailUrl\":\"https:\/\/www.ringier.com\/wp-content\/uploads\/2021\/09\/jean-claude_trichet-Aug-2010-scaled.jpg\",\"datePublished\":\"2010-08-07T06:52:00+00:00\",\"dateModified\":\"2024-11-13T14:12:23+00:00\",\"breadcrumb\":{\"@id\":\"https:\/\/www.ringier.com\/fr\/le-prix-europeen-de-la-culture-politique-decerne-a-jean-claude-trichet\/#breadcrumb\"},\"inLanguage\":\"fr-FR\",\"potentialAction\":[{\"@type\":\"ReadAction\",\"target\":[\"https:\/\/www.ringier.com\/fr\/le-prix-europeen-de-la-culture-politique-decerne-a-jean-claude-trichet\/\"]}]},{\"@type\":\"ImageObject\",\"inLanguage\":\"fr-FR\",\"@id\":\"https:\/\/www.ringier.com\/fr\/le-prix-europeen-de-la-culture-politique-decerne-a-jean-claude-trichet\/#primaryimage\",\"url\":\"https:\/\/www.ringier.com\/wp-content\/uploads\/2021\/09\/jean-claude_trichet-Aug-2010-scaled.jpg\",\"contentUrl\":\"https:\/\/www.ringier.com\/wp-content\/uploads\/2021\/09\/jean-claude_trichet-Aug-2010-scaled.jpg\",\"width\":1281,\"height\":2560,\"caption\":\"ASCONA, 07.08.2010 --- Preistraeger Jean-Claude Trichet mit \\\"seinem Bild\\\",einem Teil der Ehrung f\u00fcr den Preistraeger. Foto: Karl-Heinz Hug\"},{\"@type\":\"BreadcrumbList\",\"@id\":\"https:\/\/www.ringier.com\/fr\/le-prix-europeen-de-la-culture-politique-decerne-a-jean-claude-trichet\/#breadcrumb\",\"itemListElement\":[{\"@type\":\"ListItem\",\"position\":1,\"name\":\"Home\",\"item\":\"https:\/\/www.ringier.com\/fr\/\"},{\"@type\":\"ListItem\",\"position\":2,\"name\":\"\u00abLe Prix europ\u00e9en de la culture politique\u00bb d\u00e9cern\u00e9 \u00e0 Jean-Claude Trichet\"}]},{\"@type\":\"WebSite\",\"@id\":\"https:\/\/www.ringier.com\/fr\/#website\",\"url\":\"https:\/\/www.ringier.com\/fr\/\",\"name\":\"Ringier\",\"description\":\"We inform. We entertain. We connect\",\"publisher\":{\"@id\":\"https:\/\/www.ringier.com\/fr\/#organization\"},\"potentialAction\":[{\"@type\":\"SearchAction\",\"target\":{\"@type\":\"EntryPoint\",\"urlTemplate\":\"https:\/\/www.ringier.com\/fr\/?s={search_term_string}\"},\"query-input\":{\"@type\":\"PropertyValueSpecification\",\"valueRequired\":true,\"valueName\":\"search_term_string\"}}],\"inLanguage\":\"fr-FR\"},{\"@type\":\"Organization\",\"@id\":\"https:\/\/www.ringier.com\/fr\/#organization\",\"name\":\"Ringier\",\"url\":\"https:\/\/www.ringier.com\/fr\/\",\"logo\":{\"@type\":\"ImageObject\",\"inLanguage\":\"fr-FR\",\"@id\":\"https:\/\/www.ringier.com\/fr\/#\/schema\/logo\/image\/\",\"url\":\"https:\/\/www.ringier.com\/wp-content\/uploads\/2021\/10\/ringier_logo_2.jpg\",\"contentUrl\":\"https:\/\/www.ringier.com\/wp-content\/uploads\/2021\/10\/ringier_logo_2.jpg\",\"width\":750,\"height\":550,\"caption\":\"Ringier\"},\"image\":{\"@id\":\"https:\/\/www.ringier.com\/fr\/#\/schema\/logo\/image\/\"},\"sameAs\":[\"https:\/\/www.facebook.com\/ringierag\/\",\"https:\/\/x.com\/ringier_ag\",\"https:\/\/www.instagram.com\/ringier_ag\/\",\"https:\/\/www.linkedin.com\/company\/ringier\/\",\"https:\/\/www.youtube.com\/user\/RingierComm\",\"https:\/\/en.wikipedia.org\/wiki\/Ringier\",\"https:\/\/de.wikipedia.org\/wiki\/Ringier\",\"https:\/\/fr.wikipedia.org\/wiki\/Ringier\",\"https:\/\/www.crunchbase.com\/organization\/ringier-ag\"]},{\"@type\":\"Person\",\"@id\":\"https:\/\/www.ringier.com\/fr\/#\/schema\/person\/4cf76a308dc4b2bb5121bd1e7b752e52\",\"name\":\"Ringier Corporate Communications\",\"image\":{\"@type\":\"ImageObject\",\"inLanguage\":\"fr-FR\",\"@id\":\"https:\/\/www.ringier.com\/fr\/#\/schema\/person\/image\/\",\"url\":\"https:\/\/secure.gravatar.com\/avatar\/9391e20481368d5df4fe3e1e476c13b27786347489822ec1ed07e532bb41f587?s=96&d=mm&r=g\",\"contentUrl\":\"https:\/\/secure.gravatar.com\/avatar\/9391e20481368d5df4fe3e1e476c13b27786347489822ec1ed07e532bb41f587?s=96&d=mm&r=g\",\"caption\":\"Ringier Corporate Communications\"},\"sameAs\":[\"https:\/\/www.ringier.com\"]}]}<\/script>\n<!-- \/ Yoast SEO Premium plugin. -->","yoast_head_json":{"title":"\u00abLe Prix europ\u00e9en de la culture politique\u00bb d\u00e9cern\u00e9 \u00e0 Jean-Claude Trichet - Ringier","robots":{"index":"index","follow":"follow","max-snippet":"max-snippet:-1","max-image-preview":"max-image-preview:large","max-video-preview":"max-video-preview:-1"},"canonical":"https:\/\/www.ringier.com\/fr\/le-prix-europeen-de-la-culture-politique-decerne-a-jean-claude-trichet\/","og_locale":"fr_FR","og_type":"article","og_title":"\u00abLe Prix europ\u00e9en de la culture politique\u00bb d\u00e9cern\u00e9 \u00e0 Jean-Claude Trichet","og_description":"Locarno:  Jean-Claude Trichet, pr\u00e9sident de la Banque centrale europ\u00e9enne (BCE), remporte le \u00abPrix europ\u00e9en de la culture politique\u00bb 2010. Les ann\u00e9es pr\u00e9c\u00e9dentes, cette distinction d'une valeur de 50'000 euros de la Fondation Hans Ringier a \u00e9t\u00e9 d\u00e9cern\u00e9e au directeur g\u00e9n\u00e9ral de l'OMT, Pascal Lamy, au philosophe J\u00fcrgen Habermas, au pr\u00e9sident serbe Boris Tadi? et au premier ministre du Luxembourg Jean-Claude Juncker.","og_url":"https:\/\/www.ringier.com\/fr\/le-prix-europeen-de-la-culture-politique-decerne-a-jean-claude-trichet\/","og_site_name":"Ringier","article_publisher":"https:\/\/www.facebook.com\/ringierag\/","article_published_time":"2010-08-07T06:52:00+00:00","article_modified_time":"2024-11-13T14:12:23+00:00","og_image":[{"width":1281,"height":2560,"url":"https:\/\/www.ringier.com\/wp-content\/uploads\/2021\/09\/jean-claude_trichet-Aug-2010-scaled.jpg","type":"image\/jpeg"}],"author":"Ringier Corporate Communications","twitter_card":"summary_large_image","twitter_creator":"@ringier_ag","twitter_site":"@ringier_ag","twitter_misc":{"\u00c9crit par":"Ringier Corporate Communications","Dur\u00e9e de lecture estim\u00e9e":"2 minutes"},"schema":{"@context":"https:\/\/schema.org","@graph":[{"@type":"Article","@id":"https:\/\/www.ringier.com\/fr\/le-prix-europeen-de-la-culture-politique-decerne-a-jean-claude-trichet\/#article","isPartOf":{"@id":"https:\/\/www.ringier.com\/fr\/le-prix-europeen-de-la-culture-politique-decerne-a-jean-claude-trichet\/"},"author":{"name":"Ringier Corporate Communications","@id":"https:\/\/www.ringier.com\/fr\/#\/schema\/person\/4cf76a308dc4b2bb5121bd1e7b752e52"},"headline":"\u00abLe Prix europ\u00e9en de la culture politique\u00bb d\u00e9cern\u00e9 \u00e0 Jean-Claude Trichet","datePublished":"2010-08-07T06:52:00+00:00","dateModified":"2024-11-13T14:12:23+00:00","mainEntityOfPage":{"@id":"https:\/\/www.ringier.com\/fr\/le-prix-europeen-de-la-culture-politique-decerne-a-jean-claude-trichet\/"},"wordCount":232,"publisher":{"@id":"https:\/\/www.ringier.com\/fr\/#organization"},"image":{"@id":"https:\/\/www.ringier.com\/fr\/le-prix-europeen-de-la-culture-politique-decerne-a-jean-claude-trichet\/#primaryimage"},"thumbnailUrl":"https:\/\/www.ringier.com\/wp-content\/uploads\/2021\/09\/jean-claude_trichet-Aug-2010-scaled.jpg","articleSection":["Corporate"],"inLanguage":"fr-FR"},{"@type":"WebPage","@id":"https:\/\/www.ringier.com\/fr\/le-prix-europeen-de-la-culture-politique-decerne-a-jean-claude-trichet\/","url":"https:\/\/www.ringier.com\/fr\/le-prix-europeen-de-la-culture-politique-decerne-a-jean-claude-trichet\/","name":"\u00abLe Prix europ\u00e9en de la culture politique\u00bb d\u00e9cern\u00e9 \u00e0 Jean-Claude Trichet - Ringier","isPartOf":{"@id":"https:\/\/www.ringier.com\/fr\/#website"},"primaryImageOfPage":{"@id":"https:\/\/www.ringier.com\/fr\/le-prix-europeen-de-la-culture-politique-decerne-a-jean-claude-trichet\/#primaryimage"},"image":{"@id":"https:\/\/www.ringier.com\/fr\/le-prix-europeen-de-la-culture-politique-decerne-a-jean-claude-trichet\/#primaryimage"},"thumbnailUrl":"https:\/\/www.ringier.com\/wp-content\/uploads\/2021\/09\/jean-claude_trichet-Aug-2010-scaled.jpg","datePublished":"2010-08-07T06:52:00+00:00","dateModified":"2024-11-13T14:12:23+00:00","breadcrumb":{"@id":"https:\/\/www.ringier.com\/fr\/le-prix-europeen-de-la-culture-politique-decerne-a-jean-claude-trichet\/#breadcrumb"},"inLanguage":"fr-FR","potentialAction":[{"@type":"ReadAction","target":["https:\/\/www.ringier.com\/fr\/le-prix-europeen-de-la-culture-politique-decerne-a-jean-claude-trichet\/"]}]},{"@type":"ImageObject","inLanguage":"fr-FR","@id":"https:\/\/www.ringier.com\/fr\/le-prix-europeen-de-la-culture-politique-decerne-a-jean-claude-trichet\/#primaryimage","url":"https:\/\/www.ringier.com\/wp-content\/uploads\/2021\/09\/jean-claude_trichet-Aug-2010-scaled.jpg","contentUrl":"https:\/\/www.ringier.com\/wp-content\/uploads\/2021\/09\/jean-claude_trichet-Aug-2010-scaled.jpg","width":1281,"height":2560,"caption":"ASCONA, 07.08.2010 --- Preistraeger Jean-Claude Trichet mit \"seinem Bild\",einem Teil der Ehrung f\u00fcr den Preistraeger. Foto: Karl-Heinz Hug"},{"@type":"BreadcrumbList","@id":"https:\/\/www.ringier.com\/fr\/le-prix-europeen-de-la-culture-politique-decerne-a-jean-claude-trichet\/#breadcrumb","itemListElement":[{"@type":"ListItem","position":1,"name":"Home","item":"https:\/\/www.ringier.com\/fr\/"},{"@type":"ListItem","position":2,"name":"\u00abLe Prix europ\u00e9en de la culture politique\u00bb d\u00e9cern\u00e9 \u00e0 Jean-Claude Trichet"}]},{"@type":"WebSite","@id":"https:\/\/www.ringier.com\/fr\/#website","url":"https:\/\/www.ringier.com\/fr\/","name":"Ringier","description":"We inform. We entertain. We connect","publisher":{"@id":"https:\/\/www.ringier.com\/fr\/#organization"},"potentialAction":[{"@type":"SearchAction","target":{"@type":"EntryPoint","urlTemplate":"https:\/\/www.ringier.com\/fr\/?s={search_term_string}"},"query-input":{"@type":"PropertyValueSpecification","valueRequired":true,"valueName":"search_term_string"}}],"inLanguage":"fr-FR"},{"@type":"Organization","@id":"https:\/\/www.ringier.com\/fr\/#organization","name":"Ringier","url":"https:\/\/www.ringier.com\/fr\/","logo":{"@type":"ImageObject","inLanguage":"fr-FR","@id":"https:\/\/www.ringier.com\/fr\/#\/schema\/logo\/image\/","url":"https:\/\/www.ringier.com\/wp-content\/uploads\/2021\/10\/ringier_logo_2.jpg","contentUrl":"https:\/\/www.ringier.com\/wp-content\/uploads\/2021\/10\/ringier_logo_2.jpg","width":750,"height":550,"caption":"Ringier"},"image":{"@id":"https:\/\/www.ringier.com\/fr\/#\/schema\/logo\/image\/"},"sameAs":["https:\/\/www.facebook.com\/ringierag\/","https:\/\/x.com\/ringier_ag","https:\/\/www.instagram.com\/ringier_ag\/","https:\/\/www.linkedin.com\/company\/ringier\/","https:\/\/www.youtube.com\/user\/RingierComm","https:\/\/en.wikipedia.org\/wiki\/Ringier","https:\/\/de.wikipedia.org\/wiki\/Ringier","https:\/\/fr.wikipedia.org\/wiki\/Ringier","https:\/\/www.crunchbase.com\/organization\/ringier-ag"]},{"@type":"Person","@id":"https:\/\/www.ringier.com\/fr\/#\/schema\/person\/4cf76a308dc4b2bb5121bd1e7b752e52","name":"Ringier Corporate Communications","image":{"@type":"ImageObject","inLanguage":"fr-FR","@id":"https:\/\/www.ringier.com\/fr\/#\/schema\/person\/image\/","url":"https:\/\/secure.gravatar.com\/avatar\/9391e20481368d5df4fe3e1e476c13b27786347489822ec1ed07e532bb41f587?s=96&d=mm&r=g","contentUrl":"https:\/\/secure.gravatar.com\/avatar\/9391e20481368d5df4fe3e1e476c13b27786347489822ec1ed07e532bb41f587?s=96&d=mm&r=g","caption":"Ringier Corporate Communications"},"sameAs":["https:\/\/www.ringier.com"]}]}},"_links":{"self":[{"href":"https:\/\/www.ringier.com\/fr\/wp-json\/wp\/v2\/posts\/9032","targetHints":{"allow":["GET"]}}],"collection":[{"href":"https:\/\/www.ringier.com\/fr\/wp-json\/wp\/v2\/posts"}],"about":[{"href":"https:\/\/www.ringier.com\/fr\/wp-json\/wp\/v2\/types\/post"}],"author":[{"embeddable":true,"href":"https:\/\/www.ringier.com\/fr\/wp-json\/wp\/v2\/users\/23"}],"replies":[{"embeddable":true,"href":"https:\/\/www.ringier.com\/fr\/wp-json\/wp\/v2\/comments?post=9032"}],"version-history":[{"count":0,"href":"https:\/\/www.ringier.com\/fr\/wp-json\/wp\/v2\/posts\/9032\/revisions"}],"wp:featuredmedia":[{"embeddable":true,"href":"https:\/\/www.ringier.com\/fr\/wp-json\/wp\/v2\/media\/9025"}],"wp:attachment":[{"href":"https:\/\/www.ringier.com\/fr\/wp-json\/wp\/v2\/media?parent=9032"}],"wp:term":[{"taxonomy":"category","embeddable":true,"href":"https:\/\/www.ringier.com\/fr\/wp-json\/wp\/v2\/categories?post=9032"},{"taxonomy":"post_tag","embeddable":true,"href":"https:\/\/www.ringier.com\/fr\/wp-json\/wp\/v2\/tags?post=9032"}],"curies":[{"name":"wp","href":"https:\/\/api.w.org\/{rel}","templated":true}]}}