{"id":9005,"date":"2013-01-16T22:54:00","date_gmt":"2013-01-16T21:54:00","guid":{"rendered":"https:\/\/www.ringier.com\/ringier-romandie-tv-vermarktung-mit-erfolgreicher-jahresbilanz\/"},"modified":"2024-11-13T16:57:38","modified_gmt":"2024-11-13T15:57:38","slug":"excellent-bilan-annuel-pour-la-regie-tf1-de-ringier-romandie","status":"publish","type":"post","link":"https:\/\/www.ringier.com\/fr\/excellent-bilan-annuel-pour-la-regie-tf1-de-ringier-romandie\/","title":{"rendered":"Excellent bilan annuel pour la R\u00e9gie TF1 de Ringier Romandie"},"content":{"rendered":"\n<p>Les stars, les grands \u00e9v\u00e9nements de divertissement et une touche de \u00ab&nbsp;swissness&nbsp;\u00bb s\u00e9duisent les t\u00e9l\u00e9spectateurs romands et ils participent ainsi au succ\u00e8s de Ringier Romandie en 2012. Selon Daniel Gauchat, Directeur de la R\u00e9gie TF1&nbsp;: \u00ab&nbsp;L\u2019essentiel de notre r\u00e9ussite est d\u00fb \u00e0 la qualit\u00e9 des grandes \u00e9missions de divertissement et \u00e0 leurs audiences \u00e9lev\u00e9es aupr\u00e8s du public romand. Avec TF1 Suisse nous avons une cha\u00eene qui r\u00e9pond autant aux exigences quantitatives que qualitatives de nos clients. Notre d\u00e9partement a ainsi b\u00e9n\u00e9fici\u00e9 d\u2019une forte croissance en 2012.&nbsp;\u00bb<\/p>\n\n\n\n<p>Les t\u00e9l\u00e9spectateurs se passionnent de plus en plus pour des \u00e9missions avec des c\u00e9l\u00e9brit\u00e9s ou des candidats charismatiques auxquels ils peuvent s\u2019identifier. Le succ\u00e8s r\u00e9gulier des participants suisses lors des \u00e9missions de t\u00e9l\u00e9r\u00e9alit\u00e9 permet ainsi de soutenir l\u2019int\u00e9r\u00eat du public romand, qui contribue aux grands succ\u00e8s de 2012 tels que&nbsp;<em>Le Bal des Enfoir\u00e9s<\/em>,&nbsp;<em>The Voice<\/em>,&nbsp;<em>NRJ Music Award<\/em>,&nbsp;<em>Masterchef<\/em>,&nbsp;<em>Secret Story<\/em>,&nbsp;<em>Koh Lanta<\/em>&nbsp;et&nbsp;<em>Danse avec les stars<\/em>.<\/p>\n\n\n\n<p><em>Le Bal des Enfoir\u00e9s<\/em>, le fameux concert de charit\u00e9 des&nbsp;<em>Restos du C\u0153ur<\/em>, a atteint en 2012 une part de march\u00e9 de 29.6% (personnes 3+) et m\u00eame 38.2% sur les femmes de 25 \u00e0 44 ans. Cette ann\u00e9e le concert sera diffus\u00e9 dans le courant du mois de mars sur TF1 Suisse. Comme d\u2019habitude, la totalit\u00e9 des recettes de la tourn\u00e9e sera revers\u00e9e \u00e0 l\u2019association.<\/p>\n\n\n\n<p>Un autre point fort de l\u2019ann\u00e9e fut&nbsp;<em>The Voice \u2013 la plus belle voix<\/em>. La c\u00e9l\u00e8bre \u00e9mission de casting musical a g\u00e9n\u00e9r\u00e9 jusqu\u2019\u00e0 270&rsquo;000 t\u00e9l\u00e9spectateurs en Suisse romande (18.5% de part de march\u00e9). La saison 2 est dans les starting-blocks puisque les castings sont d\u00e9j\u00e0 en cours. Egalement pr\u00e9vue d\u00e8s le mois de f\u00e9vrier, cette nouvelle saison devrait atteindre une part de march\u00e9 au moins \u00e9quivalente \u00e0 l\u2019ann\u00e9e derni\u00e8re.<\/p>\n\n\n\n<p>Swissness:&nbsp;<em>Danse avec les stars<\/em>&nbsp;a b\u00e9n\u00e9fici\u00e9 l\u2019ann\u00e9e derni\u00e8re de la participation d\u2019une c\u00e9l\u00e9brit\u00e9 suisse gr\u00e2ce \u00e0 Bastian Baker qui en a profit\u00e9 pour se faire conna\u00eetre du public fran\u00e7ais. Le jeune chanteur n\u2019est malheureusement pas parvenu jusqu\u2019en finale mais il a r\u00e9ussi \u00e0 faire chavirer le c\u0153ur des jeunes t\u00e9l\u00e9spectatrices. Les \u00e9missions dans lesquelles il \u00e9tait pr\u00e9sent ont atteint une part de march\u00e9 de plus de 33% aupr\u00e8s du public f\u00e9minin (15 \u00e0 49 ans).<\/p>\n\n\n\n<p>Tous ces environnements et bien plus encore sont commercialis\u00e9s par la R\u00e9gie TF1 de Ringier Romandie aupr\u00e8s des annonceurs suisses.<\/p>\n\n\n\n<p>Communication Ringier Suisse<\/p>\n","protected":false},"excerpt":{"rendered":"<p>Ringier Romandie est tr\u00e8s satisfait des r\u00e9sultats 2012 de la R\u00e9gie TF1 : gr\u00e2ce \u00e0 la diversit\u00e9 de sa programmation et \u00e0 ses audiences \u00e9lev\u00e9es, TF1 Suisse est une cha\u00eene privil\u00e9gi\u00e9e des annonceurs helv\u00e9tiques.<\/p>\n","protected":false},"author":23,"featured_media":9004,"comment_status":"closed","ping_status":"open","sticky":false,"template":"","format":"standard","meta":{"inline_featured_image":false,"footnotes":""},"categories":[370,363],"tags":[],"class_list":["post-9005","post","type-post","status-publish","format-standard","has-post-thumbnail","hentry","category-media-fr","category-ringier-medias-suisse"],"yoast_head":"<!-- This site is optimized with the Yoast SEO Premium plugin v27.0 (Yoast SEO v27.0) - https:\/\/yoast.com\/product\/yoast-seo-premium-wordpress\/ -->\n<title>Excellent bilan annuel pour la R\u00e9gie TF1 de Ringier Romandie - Ringier<\/title>\n<meta name=\"robots\" content=\"index, follow, max-snippet:-1, max-image-preview:large, max-video-preview:-1\" \/>\n<link rel=\"canonical\" href=\"https:\/\/www.ringier.com\/fr\/excellent-bilan-annuel-pour-la-regie-tf1-de-ringier-romandie\/\" \/>\n<meta property=\"og:locale\" content=\"fr_FR\" \/>\n<meta property=\"og:type\" content=\"article\" \/>\n<meta property=\"og:title\" content=\"Excellent bilan annuel pour la R\u00e9gie TF1 de Ringier Romandie\" \/>\n<meta property=\"og:description\" content=\"Ringier Romandie est tr\u00e8s satisfait des r\u00e9sultats 2012 de la R\u00e9gie TF1 : gr\u00e2ce \u00e0 la diversit\u00e9 de sa programmation et \u00e0 ses audiences \u00e9lev\u00e9es, TF1 Suisse est une cha\u00eene privil\u00e9gi\u00e9e des annonceurs helv\u00e9tiques.\" \/>\n<meta property=\"og:url\" content=\"https:\/\/www.ringier.com\/fr\/excellent-bilan-annuel-pour-la-regie-tf1-de-ringier-romandie\/\" \/>\n<meta property=\"og:site_name\" content=\"Ringier\" \/>\n<meta property=\"article:publisher\" content=\"https:\/\/www.facebook.com\/ringierag\/\" \/>\n<meta property=\"article:published_time\" content=\"2013-01-16T21:54:00+00:00\" \/>\n<meta property=\"article:modified_time\" content=\"2024-11-13T15:57:38+00:00\" \/>\n<meta property=\"og:image\" content=\"https:\/\/www.ringier.com\/wp-content\/uploads\/2021\/09\/Danse-avec-les-stars.jpg\" \/>\n\t<meta property=\"og:image:width\" content=\"1000\" \/>\n\t<meta property=\"og:image:height\" content=\"565\" \/>\n\t<meta property=\"og:image:type\" content=\"image\/jpeg\" \/>\n<meta name=\"author\" content=\"Ringier Corporate Communications\" \/>\n<meta name=\"twitter:card\" content=\"summary_large_image\" \/>\n<meta name=\"twitter:creator\" content=\"@ringier_ag\" \/>\n<meta name=\"twitter:site\" content=\"@ringier_ag\" \/>\n<meta name=\"twitter:label1\" content=\"\u00c9crit par\" \/>\n\t<meta name=\"twitter:data1\" content=\"Ringier Corporate Communications\" \/>\n\t<meta name=\"twitter:label2\" content=\"Dur\u00e9e de lecture estim\u00e9e\" \/>\n\t<meta name=\"twitter:data2\" content=\"2 minutes\" \/>\n<script type=\"application\/ld+json\" class=\"yoast-schema-graph\">{\"@context\":\"https:\/\/schema.org\",\"@graph\":[{\"@type\":\"Article\",\"@id\":\"https:\/\/www.ringier.com\/fr\/excellent-bilan-annuel-pour-la-regie-tf1-de-ringier-romandie\/#article\",\"isPartOf\":{\"@id\":\"https:\/\/www.ringier.com\/fr\/excellent-bilan-annuel-pour-la-regie-tf1-de-ringier-romandie\/\"},\"author\":{\"name\":\"Ringier Corporate Communications\",\"@id\":\"https:\/\/www.ringier.com\/fr\/#\/schema\/person\/4cf76a308dc4b2bb5121bd1e7b752e52\"},\"headline\":\"Excellent bilan annuel pour la R\u00e9gie TF1 de Ringier Romandie\",\"datePublished\":\"2013-01-16T21:54:00+00:00\",\"dateModified\":\"2024-11-13T15:57:38+00:00\",\"mainEntityOfPage\":{\"@id\":\"https:\/\/www.ringier.com\/fr\/excellent-bilan-annuel-pour-la-regie-tf1-de-ringier-romandie\/\"},\"wordCount\":470,\"publisher\":{\"@id\":\"https:\/\/www.ringier.com\/fr\/#organization\"},\"image\":{\"@id\":\"https:\/\/www.ringier.com\/fr\/excellent-bilan-annuel-pour-la-regie-tf1-de-ringier-romandie\/#primaryimage\"},\"thumbnailUrl\":\"https:\/\/www.ringier.com\/wp-content\/uploads\/2021\/09\/Danse-avec-les-stars.jpg\",\"articleSection\":[\"Media\",\"Ringier Medias Suisse\"],\"inLanguage\":\"fr-FR\"},{\"@type\":\"WebPage\",\"@id\":\"https:\/\/www.ringier.com\/fr\/excellent-bilan-annuel-pour-la-regie-tf1-de-ringier-romandie\/\",\"url\":\"https:\/\/www.ringier.com\/fr\/excellent-bilan-annuel-pour-la-regie-tf1-de-ringier-romandie\/\",\"name\":\"Excellent bilan annuel pour la R\u00e9gie TF1 de Ringier Romandie - Ringier\",\"isPartOf\":{\"@id\":\"https:\/\/www.ringier.com\/fr\/#website\"},\"primaryImageOfPage\":{\"@id\":\"https:\/\/www.ringier.com\/fr\/excellent-bilan-annuel-pour-la-regie-tf1-de-ringier-romandie\/#primaryimage\"},\"image\":{\"@id\":\"https:\/\/www.ringier.com\/fr\/excellent-bilan-annuel-pour-la-regie-tf1-de-ringier-romandie\/#primaryimage\"},\"thumbnailUrl\":\"https:\/\/www.ringier.com\/wp-content\/uploads\/2021\/09\/Danse-avec-les-stars.jpg\",\"datePublished\":\"2013-01-16T21:54:00+00:00\",\"dateModified\":\"2024-11-13T15:57:38+00:00\",\"breadcrumb\":{\"@id\":\"https:\/\/www.ringier.com\/fr\/excellent-bilan-annuel-pour-la-regie-tf1-de-ringier-romandie\/#breadcrumb\"},\"inLanguage\":\"fr-FR\",\"potentialAction\":[{\"@type\":\"ReadAction\",\"target\":[\"https:\/\/www.ringier.com\/fr\/excellent-bilan-annuel-pour-la-regie-tf1-de-ringier-romandie\/\"]}]},{\"@type\":\"ImageObject\",\"inLanguage\":\"fr-FR\",\"@id\":\"https:\/\/www.ringier.com\/fr\/excellent-bilan-annuel-pour-la-regie-tf1-de-ringier-romandie\/#primaryimage\",\"url\":\"https:\/\/www.ringier.com\/wp-content\/uploads\/2021\/09\/Danse-avec-les-stars.jpg\",\"contentUrl\":\"https:\/\/www.ringier.com\/wp-content\/uploads\/2021\/09\/Danse-avec-les-stars.jpg\",\"width\":1000,\"height\":565,\"caption\":\"CHIMENE BADI, EMMANUEL MOIRE, AMEL BENT, CHRISTOPHE DOMINICI, ESTELLE LEFEBURE, LAURA FLESSEL, TAIG KHRIS, GERARD VIVES, LORIE, BASTIAN BAKER\"},{\"@type\":\"BreadcrumbList\",\"@id\":\"https:\/\/www.ringier.com\/fr\/excellent-bilan-annuel-pour-la-regie-tf1-de-ringier-romandie\/#breadcrumb\",\"itemListElement\":[{\"@type\":\"ListItem\",\"position\":1,\"name\":\"Home\",\"item\":\"https:\/\/www.ringier.com\/fr\/\"},{\"@type\":\"ListItem\",\"position\":2,\"name\":\"Excellent bilan annuel pour la R\u00e9gie TF1 de Ringier Romandie\"}]},{\"@type\":\"WebSite\",\"@id\":\"https:\/\/www.ringier.com\/fr\/#website\",\"url\":\"https:\/\/www.ringier.com\/fr\/\",\"name\":\"Ringier\",\"description\":\"We inform. We entertain. We connect\",\"publisher\":{\"@id\":\"https:\/\/www.ringier.com\/fr\/#organization\"},\"potentialAction\":[{\"@type\":\"SearchAction\",\"target\":{\"@type\":\"EntryPoint\",\"urlTemplate\":\"https:\/\/www.ringier.com\/fr\/?s={search_term_string}\"},\"query-input\":{\"@type\":\"PropertyValueSpecification\",\"valueRequired\":true,\"valueName\":\"search_term_string\"}}],\"inLanguage\":\"fr-FR\"},{\"@type\":\"Organization\",\"@id\":\"https:\/\/www.ringier.com\/fr\/#organization\",\"name\":\"Ringier\",\"url\":\"https:\/\/www.ringier.com\/fr\/\",\"logo\":{\"@type\":\"ImageObject\",\"inLanguage\":\"fr-FR\",\"@id\":\"https:\/\/www.ringier.com\/fr\/#\/schema\/logo\/image\/\",\"url\":\"https:\/\/www.ringier.com\/wp-content\/uploads\/2021\/10\/ringier_logo_2.jpg\",\"contentUrl\":\"https:\/\/www.ringier.com\/wp-content\/uploads\/2021\/10\/ringier_logo_2.jpg\",\"width\":750,\"height\":550,\"caption\":\"Ringier\"},\"image\":{\"@id\":\"https:\/\/www.ringier.com\/fr\/#\/schema\/logo\/image\/\"},\"sameAs\":[\"https:\/\/www.facebook.com\/ringierag\/\",\"https:\/\/x.com\/ringier_ag\",\"https:\/\/www.instagram.com\/ringier_ag\/\",\"https:\/\/www.linkedin.com\/company\/ringier\/\",\"https:\/\/www.youtube.com\/user\/RingierComm\",\"https:\/\/en.wikipedia.org\/wiki\/Ringier\",\"https:\/\/de.wikipedia.org\/wiki\/Ringier\",\"https:\/\/fr.wikipedia.org\/wiki\/Ringier\",\"https:\/\/www.crunchbase.com\/organization\/ringier-ag\"]},{\"@type\":\"Person\",\"@id\":\"https:\/\/www.ringier.com\/fr\/#\/schema\/person\/4cf76a308dc4b2bb5121bd1e7b752e52\",\"name\":\"Ringier Corporate Communications\",\"image\":{\"@type\":\"ImageObject\",\"inLanguage\":\"fr-FR\",\"@id\":\"https:\/\/www.ringier.com\/fr\/#\/schema\/person\/image\/\",\"url\":\"https:\/\/secure.gravatar.com\/avatar\/9391e20481368d5df4fe3e1e476c13b27786347489822ec1ed07e532bb41f587?s=96&d=mm&r=g\",\"contentUrl\":\"https:\/\/secure.gravatar.com\/avatar\/9391e20481368d5df4fe3e1e476c13b27786347489822ec1ed07e532bb41f587?s=96&d=mm&r=g\",\"caption\":\"Ringier Corporate Communications\"},\"sameAs\":[\"https:\/\/www.ringier.com\"]}]}<\/script>\n<!-- \/ Yoast SEO Premium plugin. -->","yoast_head_json":{"title":"Excellent bilan annuel pour la R\u00e9gie TF1 de Ringier Romandie - Ringier","robots":{"index":"index","follow":"follow","max-snippet":"max-snippet:-1","max-image-preview":"max-image-preview:large","max-video-preview":"max-video-preview:-1"},"canonical":"https:\/\/www.ringier.com\/fr\/excellent-bilan-annuel-pour-la-regie-tf1-de-ringier-romandie\/","og_locale":"fr_FR","og_type":"article","og_title":"Excellent bilan annuel pour la R\u00e9gie TF1 de Ringier Romandie","og_description":"Ringier Romandie est tr\u00e8s satisfait des r\u00e9sultats 2012 de la R\u00e9gie TF1 : gr\u00e2ce \u00e0 la diversit\u00e9 de sa programmation et \u00e0 ses audiences \u00e9lev\u00e9es, TF1 Suisse est une cha\u00eene privil\u00e9gi\u00e9e des annonceurs helv\u00e9tiques.","og_url":"https:\/\/www.ringier.com\/fr\/excellent-bilan-annuel-pour-la-regie-tf1-de-ringier-romandie\/","og_site_name":"Ringier","article_publisher":"https:\/\/www.facebook.com\/ringierag\/","article_published_time":"2013-01-16T21:54:00+00:00","article_modified_time":"2024-11-13T15:57:38+00:00","og_image":[{"width":1000,"height":565,"url":"https:\/\/www.ringier.com\/wp-content\/uploads\/2021\/09\/Danse-avec-les-stars.jpg","type":"image\/jpeg"}],"author":"Ringier Corporate Communications","twitter_card":"summary_large_image","twitter_creator":"@ringier_ag","twitter_site":"@ringier_ag","twitter_misc":{"\u00c9crit par":"Ringier Corporate Communications","Dur\u00e9e de lecture estim\u00e9e":"2 minutes"},"schema":{"@context":"https:\/\/schema.org","@graph":[{"@type":"Article","@id":"https:\/\/www.ringier.com\/fr\/excellent-bilan-annuel-pour-la-regie-tf1-de-ringier-romandie\/#article","isPartOf":{"@id":"https:\/\/www.ringier.com\/fr\/excellent-bilan-annuel-pour-la-regie-tf1-de-ringier-romandie\/"},"author":{"name":"Ringier Corporate Communications","@id":"https:\/\/www.ringier.com\/fr\/#\/schema\/person\/4cf76a308dc4b2bb5121bd1e7b752e52"},"headline":"Excellent bilan annuel pour la R\u00e9gie TF1 de Ringier Romandie","datePublished":"2013-01-16T21:54:00+00:00","dateModified":"2024-11-13T15:57:38+00:00","mainEntityOfPage":{"@id":"https:\/\/www.ringier.com\/fr\/excellent-bilan-annuel-pour-la-regie-tf1-de-ringier-romandie\/"},"wordCount":470,"publisher":{"@id":"https:\/\/www.ringier.com\/fr\/#organization"},"image":{"@id":"https:\/\/www.ringier.com\/fr\/excellent-bilan-annuel-pour-la-regie-tf1-de-ringier-romandie\/#primaryimage"},"thumbnailUrl":"https:\/\/www.ringier.com\/wp-content\/uploads\/2021\/09\/Danse-avec-les-stars.jpg","articleSection":["Media","Ringier Medias Suisse"],"inLanguage":"fr-FR"},{"@type":"WebPage","@id":"https:\/\/www.ringier.com\/fr\/excellent-bilan-annuel-pour-la-regie-tf1-de-ringier-romandie\/","url":"https:\/\/www.ringier.com\/fr\/excellent-bilan-annuel-pour-la-regie-tf1-de-ringier-romandie\/","name":"Excellent bilan annuel pour la R\u00e9gie TF1 de Ringier Romandie - Ringier","isPartOf":{"@id":"https:\/\/www.ringier.com\/fr\/#website"},"primaryImageOfPage":{"@id":"https:\/\/www.ringier.com\/fr\/excellent-bilan-annuel-pour-la-regie-tf1-de-ringier-romandie\/#primaryimage"},"image":{"@id":"https:\/\/www.ringier.com\/fr\/excellent-bilan-annuel-pour-la-regie-tf1-de-ringier-romandie\/#primaryimage"},"thumbnailUrl":"https:\/\/www.ringier.com\/wp-content\/uploads\/2021\/09\/Danse-avec-les-stars.jpg","datePublished":"2013-01-16T21:54:00+00:00","dateModified":"2024-11-13T15:57:38+00:00","breadcrumb":{"@id":"https:\/\/www.ringier.com\/fr\/excellent-bilan-annuel-pour-la-regie-tf1-de-ringier-romandie\/#breadcrumb"},"inLanguage":"fr-FR","potentialAction":[{"@type":"ReadAction","target":["https:\/\/www.ringier.com\/fr\/excellent-bilan-annuel-pour-la-regie-tf1-de-ringier-romandie\/"]}]},{"@type":"ImageObject","inLanguage":"fr-FR","@id":"https:\/\/www.ringier.com\/fr\/excellent-bilan-annuel-pour-la-regie-tf1-de-ringier-romandie\/#primaryimage","url":"https:\/\/www.ringier.com\/wp-content\/uploads\/2021\/09\/Danse-avec-les-stars.jpg","contentUrl":"https:\/\/www.ringier.com\/wp-content\/uploads\/2021\/09\/Danse-avec-les-stars.jpg","width":1000,"height":565,"caption":"CHIMENE BADI, EMMANUEL MOIRE, AMEL BENT, CHRISTOPHE DOMINICI, ESTELLE LEFEBURE, LAURA FLESSEL, TAIG KHRIS, GERARD VIVES, LORIE, BASTIAN BAKER"},{"@type":"BreadcrumbList","@id":"https:\/\/www.ringier.com\/fr\/excellent-bilan-annuel-pour-la-regie-tf1-de-ringier-romandie\/#breadcrumb","itemListElement":[{"@type":"ListItem","position":1,"name":"Home","item":"https:\/\/www.ringier.com\/fr\/"},{"@type":"ListItem","position":2,"name":"Excellent bilan annuel pour la R\u00e9gie TF1 de Ringier Romandie"}]},{"@type":"WebSite","@id":"https:\/\/www.ringier.com\/fr\/#website","url":"https:\/\/www.ringier.com\/fr\/","name":"Ringier","description":"We inform. We entertain. We connect","publisher":{"@id":"https:\/\/www.ringier.com\/fr\/#organization"},"potentialAction":[{"@type":"SearchAction","target":{"@type":"EntryPoint","urlTemplate":"https:\/\/www.ringier.com\/fr\/?s={search_term_string}"},"query-input":{"@type":"PropertyValueSpecification","valueRequired":true,"valueName":"search_term_string"}}],"inLanguage":"fr-FR"},{"@type":"Organization","@id":"https:\/\/www.ringier.com\/fr\/#organization","name":"Ringier","url":"https:\/\/www.ringier.com\/fr\/","logo":{"@type":"ImageObject","inLanguage":"fr-FR","@id":"https:\/\/www.ringier.com\/fr\/#\/schema\/logo\/image\/","url":"https:\/\/www.ringier.com\/wp-content\/uploads\/2021\/10\/ringier_logo_2.jpg","contentUrl":"https:\/\/www.ringier.com\/wp-content\/uploads\/2021\/10\/ringier_logo_2.jpg","width":750,"height":550,"caption":"Ringier"},"image":{"@id":"https:\/\/www.ringier.com\/fr\/#\/schema\/logo\/image\/"},"sameAs":["https:\/\/www.facebook.com\/ringierag\/","https:\/\/x.com\/ringier_ag","https:\/\/www.instagram.com\/ringier_ag\/","https:\/\/www.linkedin.com\/company\/ringier\/","https:\/\/www.youtube.com\/user\/RingierComm","https:\/\/en.wikipedia.org\/wiki\/Ringier","https:\/\/de.wikipedia.org\/wiki\/Ringier","https:\/\/fr.wikipedia.org\/wiki\/Ringier","https:\/\/www.crunchbase.com\/organization\/ringier-ag"]},{"@type":"Person","@id":"https:\/\/www.ringier.com\/fr\/#\/schema\/person\/4cf76a308dc4b2bb5121bd1e7b752e52","name":"Ringier Corporate Communications","image":{"@type":"ImageObject","inLanguage":"fr-FR","@id":"https:\/\/www.ringier.com\/fr\/#\/schema\/person\/image\/","url":"https:\/\/secure.gravatar.com\/avatar\/9391e20481368d5df4fe3e1e476c13b27786347489822ec1ed07e532bb41f587?s=96&d=mm&r=g","contentUrl":"https:\/\/secure.gravatar.com\/avatar\/9391e20481368d5df4fe3e1e476c13b27786347489822ec1ed07e532bb41f587?s=96&d=mm&r=g","caption":"Ringier Corporate Communications"},"sameAs":["https:\/\/www.ringier.com"]}]}},"_links":{"self":[{"href":"https:\/\/www.ringier.com\/fr\/wp-json\/wp\/v2\/posts\/9005","targetHints":{"allow":["GET"]}}],"collection":[{"href":"https:\/\/www.ringier.com\/fr\/wp-json\/wp\/v2\/posts"}],"about":[{"href":"https:\/\/www.ringier.com\/fr\/wp-json\/wp\/v2\/types\/post"}],"author":[{"embeddable":true,"href":"https:\/\/www.ringier.com\/fr\/wp-json\/wp\/v2\/users\/23"}],"replies":[{"embeddable":true,"href":"https:\/\/www.ringier.com\/fr\/wp-json\/wp\/v2\/comments?post=9005"}],"version-history":[{"count":0,"href":"https:\/\/www.ringier.com\/fr\/wp-json\/wp\/v2\/posts\/9005\/revisions"}],"wp:featuredmedia":[{"embeddable":true,"href":"https:\/\/www.ringier.com\/fr\/wp-json\/wp\/v2\/media\/9004"}],"wp:attachment":[{"href":"https:\/\/www.ringier.com\/fr\/wp-json\/wp\/v2\/media?parent=9005"}],"wp:term":[{"taxonomy":"category","embeddable":true,"href":"https:\/\/www.ringier.com\/fr\/wp-json\/wp\/v2\/categories?post=9005"},{"taxonomy":"post_tag","embeddable":true,"href":"https:\/\/www.ringier.com\/fr\/wp-json\/wp\/v2\/tags?post=9005"}],"curies":[{"name":"wp","href":"https:\/\/api.w.org\/{rel}","templated":true}]}}