{"id":8961,"date":"2013-03-14T22:17:00","date_gmt":"2013-03-14T21:17:00","guid":{"rendered":"https:\/\/www.ringier.com\/esquire-creative-director-designing-the-cover-of-ringiers-company-magazine-domo\/"},"modified":"2025-06-23T16:07:38","modified_gmt":"2025-06-23T14:07:38","slug":"esquire-creative-director-designing-the-cover-of-ringiers-company-magazine-domo","status":"publish","type":"post","link":"https:\/\/www.ringier.com\/fr\/esquire-creative-director-designing-the-cover-of-ringiers-company-magazine-domo\/","title":{"rendered":"Le directeur artistique d\u2019Esquire a con\u00e7u la couverture de la revue d\u2019entreprise DOMO de Ringier"},"content":{"rendered":"\n<p>La revue d\u2019entreprise&nbsp;<em>DOMO<\/em>&nbsp;de Ringier a rendu visite \u00e0 la r\u00e9daction du magazine am\u00e9ricain&nbsp;<em>Esquire<\/em>&nbsp;\u00e0 New York.&nbsp;<em>Esquire<\/em>&nbsp;\u00e9tant l\u00e9gendaire pour ses couvertures, la r\u00e9daction de&nbsp;<em>DOMO&nbsp;<\/em>a demand\u00e9 \u00e0 son directeur artistique, David Curcurito, de concevoir la couverture consacr\u00e9e \u00e0&nbsp;<em>Esquire<\/em>&nbsp;dans&nbsp;<em>DOMO<\/em>. Cette couverture est unique et exclusive, puisque Curcurito l\u2019a \u00e9crite \u00e0 la main. C\u2019est la raison pour laquelle elle ne para\u00eet qu\u2019en anglais et non traduite en fran\u00e7ais, allemand, chinois, hongrois et roumain, comme il est pourtant d\u2019usage dans&nbsp;<em>DOMO<\/em>.<\/p>\n\n\n\n<p>David Granger, r\u00e9dacteur en chef d\u2019<em>Esquire<\/em>, et David Curcurito, directeur artistique d\u2019<em>Esquire<\/em>, ont racont\u00e9 dans&nbsp;<em>DOMO<\/em>&nbsp;comment travaille la r\u00e9daction, pourquoi elle mise tout sur la version papier, \u00e0 quel point les couvertures sont importantes et de quelle mani\u00e8re le magazine imprim\u00e9 et la version online pourront se compl\u00e9ter mutuellement.<\/p>\n\n\n\n<p>Autres grands sujets trait\u00e9s dans le nouveau&nbsp;<em>DOMO<\/em>:<\/p>\n\n\n\n<ul class=\"wp-block-list\">\n<li>L\u2019essayiste Alexander von Streit, r\u00e9dacteur en chef de\u00a0<em>Wired Magazine<\/em>, se demande \u00e0 quoi ressembleront les divertissements du futur dans l\u2019optique de l\u2019Augmented Reality.<\/li>\n\n\n\n<li>Peter Hossli, r\u00e9dacteur \u00e0\u00a0<em>DOMO<\/em>, d\u00e9crit de quelle fa\u00e7on les attach\u00e9s de presse censurent les \u00e9crits sous le pr\u00e9texte de donner leur \u00abbon \u00e0 tirer\u00bb.<\/li>\n\n\n\n<li>Helmut Maria Glogger, r\u00e9dacteur \u00e0\u00a0<em>DOMO<\/em>, a rendu visite \u00e0 Ernst P\u00f6ppel, chercheur allemand sp\u00e9cialiste du cerveau, dans son institut \u00e0 Munich, et s\u2019est entretenu avec lui de l\u2019optimisation c\u00e9r\u00e9brale dans le journalisme. Dans son second article, Glogger se souvient d\u2019une passionnante c\u00e9r\u00e9monie des Oscars \u00e0 Hollywood, en compagnie de Veronica Ferres.<\/li>\n<\/ul>\n\n\n\n<p>La revue para\u00eetra le 15 mars 2013 et peut \u00eatre command\u00e9e aupr\u00e8s de Ringier Corporate Communications (media@ringier.com).<br><br><strong><em>DOMO<\/em><\/strong><em>, la revue d\u2019entreprise de Ringier, para\u00eet quatre fois par an et se saisit des sujets qui agitent les m\u00e9dias sous forme de grands dossiers, d&rsquo;interviews et de reportages. DOMO est publi\u00e9 en six langues (fran\u00e7ais, allemand, anglais, roumain, hongrois et chinois) et distribu\u00e9 aux collaborateurs de Ringier dans douze pays o\u00f9 l&rsquo;entreprise est active, mais aussi \u00e0 tous ses partenaires commerciaux ainsi qu\u2019aux leaders d&rsquo;opinion, aux employ\u00e9s des m\u00e9dias et aux annonceurs.<\/em><\/p>\n\n\n\n<p><\/p>\n\n\n\n<figure class=\"wp-block-image size-large\"><img loading=\"lazy\" decoding=\"async\" width=\"1024\" height=\"538\" src=\"https:\/\/www.ringier.com\/wp-content\/uploads\/2021\/09\/DOMO-1-2013-1024x538.png\" alt=\"\" class=\"wp-image-7263\" srcset=\"https:\/\/www.ringier.com\/wp-content\/uploads\/2021\/09\/DOMO-1-2013-1024x538.png 1024w, https:\/\/www.ringier.com\/wp-content\/uploads\/2021\/09\/DOMO-1-2013-300x158.png 300w, https:\/\/www.ringier.com\/wp-content\/uploads\/2021\/09\/DOMO-1-2013-768x403.png 768w, https:\/\/www.ringier.com\/wp-content\/uploads\/2021\/09\/DOMO-1-2013.png 1200w\" sizes=\"auto, (max-width: 1024px) 100vw, 1024px\" \/><\/figure>\n","protected":false},"excerpt":{"rendered":"<p>David Curcurito, directeur artistique d\u2019Esquire, a con\u00e7u la couverture du num\u00e9ro de mars de la revue d\u2019entreprise DOMO de Ringier. DOMO a rendu visite \u00e0 la r\u00e9daction du magazine am\u00e9ricain.<\/p>\n","protected":false},"author":23,"featured_media":7262,"comment_status":"closed","ping_status":"open","sticky":false,"template":"","format":"standard","meta":{"inline_featured_image":false,"footnotes":""},"categories":[43],"tags":[],"class_list":["post-8961","post","type-post","status-publish","format-standard","has-post-thumbnail","hentry","category-corporate-fr"],"yoast_head":"<!-- This site is optimized with the Yoast SEO Premium plugin v27.0 (Yoast SEO v27.0) - https:\/\/yoast.com\/product\/yoast-seo-premium-wordpress\/ -->\n<title>Le directeur artistique d\u2019Esquire a con\u00e7u la couverture de la revue d\u2019entreprise DOMO de Ringier - Ringier<\/title>\n<meta name=\"robots\" content=\"index, follow, max-snippet:-1, max-image-preview:large, max-video-preview:-1\" \/>\n<link rel=\"canonical\" href=\"https:\/\/www.ringier.com\/fr\/esquire-creative-director-designing-the-cover-of-ringiers-company-magazine-domo\/\" \/>\n<meta property=\"og:locale\" content=\"fr_FR\" \/>\n<meta property=\"og:type\" content=\"article\" \/>\n<meta property=\"og:title\" content=\"Le directeur artistique d\u2019Esquire a con\u00e7u la couverture de la revue d\u2019entreprise DOMO de Ringier\" \/>\n<meta property=\"og:description\" content=\"David Curcurito, directeur artistique d\u2019Esquire, a con\u00e7u la couverture du num\u00e9ro de mars de la revue d\u2019entreprise DOMO de Ringier. DOMO a rendu visite \u00e0 la r\u00e9daction du magazine am\u00e9ricain.\" \/>\n<meta property=\"og:url\" content=\"https:\/\/www.ringier.com\/fr\/esquire-creative-director-designing-the-cover-of-ringiers-company-magazine-domo\/\" \/>\n<meta property=\"og:site_name\" content=\"Ringier\" \/>\n<meta property=\"article:publisher\" content=\"https:\/\/www.facebook.com\/ringierag\/\" \/>\n<meta property=\"article:published_time\" content=\"2013-03-14T21:17:00+00:00\" \/>\n<meta property=\"article:modified_time\" content=\"2025-06-23T14:07:38+00:00\" \/>\n<meta property=\"og:image\" content=\"https:\/\/www.ringier.com\/wp-content\/uploads\/2021\/09\/DOMO-1-2013.png\" \/>\n\t<meta property=\"og:image:width\" content=\"1200\" \/>\n\t<meta property=\"og:image:height\" content=\"630\" \/>\n\t<meta property=\"og:image:type\" content=\"image\/png\" \/>\n<meta name=\"author\" content=\"Ringier Corporate Communications\" \/>\n<meta name=\"twitter:card\" content=\"summary_large_image\" \/>\n<meta name=\"twitter:creator\" content=\"@ringier_ag\" \/>\n<meta name=\"twitter:site\" content=\"@ringier_ag\" \/>\n<meta name=\"twitter:label1\" content=\"\u00c9crit par\" \/>\n\t<meta name=\"twitter:data1\" content=\"Ringier Corporate Communications\" \/>\n\t<meta name=\"twitter:label2\" content=\"Dur\u00e9e de lecture estim\u00e9e\" \/>\n\t<meta name=\"twitter:data2\" content=\"3 minutes\" \/>\n<script type=\"application\/ld+json\" class=\"yoast-schema-graph\">{\"@context\":\"https:\/\/schema.org\",\"@graph\":[{\"@type\":\"Article\",\"@id\":\"https:\/\/www.ringier.com\/fr\/esquire-creative-director-designing-the-cover-of-ringiers-company-magazine-domo\/#article\",\"isPartOf\":{\"@id\":\"https:\/\/www.ringier.com\/fr\/esquire-creative-director-designing-the-cover-of-ringiers-company-magazine-domo\/\"},\"author\":{\"name\":\"Ringier Corporate Communications\",\"@id\":\"https:\/\/www.ringier.com\/fr\/#\/schema\/person\/4cf76a308dc4b2bb5121bd1e7b752e52\"},\"headline\":\"Le directeur artistique d\u2019Esquire a con\u00e7u la couverture de la revue d\u2019entreprise DOMO de Ringier\",\"datePublished\":\"2013-03-14T21:17:00+00:00\",\"dateModified\":\"2025-06-23T14:07:38+00:00\",\"mainEntityOfPage\":{\"@id\":\"https:\/\/www.ringier.com\/fr\/esquire-creative-director-designing-the-cover-of-ringiers-company-magazine-domo\/\"},\"wordCount\":405,\"publisher\":{\"@id\":\"https:\/\/www.ringier.com\/fr\/#organization\"},\"image\":{\"@id\":\"https:\/\/www.ringier.com\/fr\/esquire-creative-director-designing-the-cover-of-ringiers-company-magazine-domo\/#primaryimage\"},\"thumbnailUrl\":\"https:\/\/www.ringier.com\/wp-content\/uploads\/2021\/09\/DOMO-1-2013.png\",\"articleSection\":[\"Corporate\"],\"inLanguage\":\"fr-FR\"},{\"@type\":\"WebPage\",\"@id\":\"https:\/\/www.ringier.com\/fr\/esquire-creative-director-designing-the-cover-of-ringiers-company-magazine-domo\/\",\"url\":\"https:\/\/www.ringier.com\/fr\/esquire-creative-director-designing-the-cover-of-ringiers-company-magazine-domo\/\",\"name\":\"Le directeur artistique d\u2019Esquire a con\u00e7u la couverture de la revue d\u2019entreprise DOMO de Ringier - Ringier\",\"isPartOf\":{\"@id\":\"https:\/\/www.ringier.com\/fr\/#website\"},\"primaryImageOfPage\":{\"@id\":\"https:\/\/www.ringier.com\/fr\/esquire-creative-director-designing-the-cover-of-ringiers-company-magazine-domo\/#primaryimage\"},\"image\":{\"@id\":\"https:\/\/www.ringier.com\/fr\/esquire-creative-director-designing-the-cover-of-ringiers-company-magazine-domo\/#primaryimage\"},\"thumbnailUrl\":\"https:\/\/www.ringier.com\/wp-content\/uploads\/2021\/09\/DOMO-1-2013.png\",\"datePublished\":\"2013-03-14T21:17:00+00:00\",\"dateModified\":\"2025-06-23T14:07:38+00:00\",\"breadcrumb\":{\"@id\":\"https:\/\/www.ringier.com\/fr\/esquire-creative-director-designing-the-cover-of-ringiers-company-magazine-domo\/#breadcrumb\"},\"inLanguage\":\"fr-FR\",\"potentialAction\":[{\"@type\":\"ReadAction\",\"target\":[\"https:\/\/www.ringier.com\/fr\/esquire-creative-director-designing-the-cover-of-ringiers-company-magazine-domo\/\"]}]},{\"@type\":\"ImageObject\",\"inLanguage\":\"fr-FR\",\"@id\":\"https:\/\/www.ringier.com\/fr\/esquire-creative-director-designing-the-cover-of-ringiers-company-magazine-domo\/#primaryimage\",\"url\":\"https:\/\/www.ringier.com\/wp-content\/uploads\/2021\/09\/DOMO-1-2013.png\",\"contentUrl\":\"https:\/\/www.ringier.com\/wp-content\/uploads\/2021\/09\/DOMO-1-2013.png\",\"width\":1200,\"height\":630},{\"@type\":\"BreadcrumbList\",\"@id\":\"https:\/\/www.ringier.com\/fr\/esquire-creative-director-designing-the-cover-of-ringiers-company-magazine-domo\/#breadcrumb\",\"itemListElement\":[{\"@type\":\"ListItem\",\"position\":1,\"name\":\"Home\",\"item\":\"https:\/\/www.ringier.com\/fr\/\"},{\"@type\":\"ListItem\",\"position\":2,\"name\":\"Le directeur artistique d\u2019Esquire a con\u00e7u la couverture de la revue d\u2019entreprise DOMO de Ringier\"}]},{\"@type\":\"WebSite\",\"@id\":\"https:\/\/www.ringier.com\/fr\/#website\",\"url\":\"https:\/\/www.ringier.com\/fr\/\",\"name\":\"Ringier\",\"description\":\"We inform. We entertain. We connect\",\"publisher\":{\"@id\":\"https:\/\/www.ringier.com\/fr\/#organization\"},\"potentialAction\":[{\"@type\":\"SearchAction\",\"target\":{\"@type\":\"EntryPoint\",\"urlTemplate\":\"https:\/\/www.ringier.com\/fr\/?s={search_term_string}\"},\"query-input\":{\"@type\":\"PropertyValueSpecification\",\"valueRequired\":true,\"valueName\":\"search_term_string\"}}],\"inLanguage\":\"fr-FR\"},{\"@type\":\"Organization\",\"@id\":\"https:\/\/www.ringier.com\/fr\/#organization\",\"name\":\"Ringier\",\"url\":\"https:\/\/www.ringier.com\/fr\/\",\"logo\":{\"@type\":\"ImageObject\",\"inLanguage\":\"fr-FR\",\"@id\":\"https:\/\/www.ringier.com\/fr\/#\/schema\/logo\/image\/\",\"url\":\"https:\/\/www.ringier.com\/wp-content\/uploads\/2021\/10\/ringier_logo_2.jpg\",\"contentUrl\":\"https:\/\/www.ringier.com\/wp-content\/uploads\/2021\/10\/ringier_logo_2.jpg\",\"width\":750,\"height\":550,\"caption\":\"Ringier\"},\"image\":{\"@id\":\"https:\/\/www.ringier.com\/fr\/#\/schema\/logo\/image\/\"},\"sameAs\":[\"https:\/\/www.facebook.com\/ringierag\/\",\"https:\/\/x.com\/ringier_ag\",\"https:\/\/www.instagram.com\/ringier_ag\/\",\"https:\/\/www.linkedin.com\/company\/ringier\/\",\"https:\/\/www.youtube.com\/user\/RingierComm\",\"https:\/\/en.wikipedia.org\/wiki\/Ringier\",\"https:\/\/de.wikipedia.org\/wiki\/Ringier\",\"https:\/\/fr.wikipedia.org\/wiki\/Ringier\",\"https:\/\/www.crunchbase.com\/organization\/ringier-ag\"]},{\"@type\":\"Person\",\"@id\":\"https:\/\/www.ringier.com\/fr\/#\/schema\/person\/4cf76a308dc4b2bb5121bd1e7b752e52\",\"name\":\"Ringier Corporate Communications\",\"image\":{\"@type\":\"ImageObject\",\"inLanguage\":\"fr-FR\",\"@id\":\"https:\/\/www.ringier.com\/fr\/#\/schema\/person\/image\/\",\"url\":\"https:\/\/secure.gravatar.com\/avatar\/9391e20481368d5df4fe3e1e476c13b27786347489822ec1ed07e532bb41f587?s=96&d=mm&r=g\",\"contentUrl\":\"https:\/\/secure.gravatar.com\/avatar\/9391e20481368d5df4fe3e1e476c13b27786347489822ec1ed07e532bb41f587?s=96&d=mm&r=g\",\"caption\":\"Ringier Corporate Communications\"},\"sameAs\":[\"https:\/\/www.ringier.com\"]}]}<\/script>\n<!-- \/ Yoast SEO Premium plugin. -->","yoast_head_json":{"title":"Le directeur artistique d\u2019Esquire a con\u00e7u la couverture de la revue d\u2019entreprise DOMO de Ringier - Ringier","robots":{"index":"index","follow":"follow","max-snippet":"max-snippet:-1","max-image-preview":"max-image-preview:large","max-video-preview":"max-video-preview:-1"},"canonical":"https:\/\/www.ringier.com\/fr\/esquire-creative-director-designing-the-cover-of-ringiers-company-magazine-domo\/","og_locale":"fr_FR","og_type":"article","og_title":"Le directeur artistique d\u2019Esquire a con\u00e7u la couverture de la revue d\u2019entreprise DOMO de Ringier","og_description":"David Curcurito, directeur artistique d\u2019Esquire, a con\u00e7u la couverture du num\u00e9ro de mars de la revue d\u2019entreprise DOMO de Ringier. DOMO a rendu visite \u00e0 la r\u00e9daction du magazine am\u00e9ricain.","og_url":"https:\/\/www.ringier.com\/fr\/esquire-creative-director-designing-the-cover-of-ringiers-company-magazine-domo\/","og_site_name":"Ringier","article_publisher":"https:\/\/www.facebook.com\/ringierag\/","article_published_time":"2013-03-14T21:17:00+00:00","article_modified_time":"2025-06-23T14:07:38+00:00","og_image":[{"width":1200,"height":630,"url":"https:\/\/www.ringier.com\/wp-content\/uploads\/2021\/09\/DOMO-1-2013.png","type":"image\/png"}],"author":"Ringier Corporate Communications","twitter_card":"summary_large_image","twitter_creator":"@ringier_ag","twitter_site":"@ringier_ag","twitter_misc":{"\u00c9crit par":"Ringier Corporate Communications","Dur\u00e9e de lecture estim\u00e9e":"3 minutes"},"schema":{"@context":"https:\/\/schema.org","@graph":[{"@type":"Article","@id":"https:\/\/www.ringier.com\/fr\/esquire-creative-director-designing-the-cover-of-ringiers-company-magazine-domo\/#article","isPartOf":{"@id":"https:\/\/www.ringier.com\/fr\/esquire-creative-director-designing-the-cover-of-ringiers-company-magazine-domo\/"},"author":{"name":"Ringier Corporate Communications","@id":"https:\/\/www.ringier.com\/fr\/#\/schema\/person\/4cf76a308dc4b2bb5121bd1e7b752e52"},"headline":"Le directeur artistique d\u2019Esquire a con\u00e7u la couverture de la revue d\u2019entreprise DOMO de Ringier","datePublished":"2013-03-14T21:17:00+00:00","dateModified":"2025-06-23T14:07:38+00:00","mainEntityOfPage":{"@id":"https:\/\/www.ringier.com\/fr\/esquire-creative-director-designing-the-cover-of-ringiers-company-magazine-domo\/"},"wordCount":405,"publisher":{"@id":"https:\/\/www.ringier.com\/fr\/#organization"},"image":{"@id":"https:\/\/www.ringier.com\/fr\/esquire-creative-director-designing-the-cover-of-ringiers-company-magazine-domo\/#primaryimage"},"thumbnailUrl":"https:\/\/www.ringier.com\/wp-content\/uploads\/2021\/09\/DOMO-1-2013.png","articleSection":["Corporate"],"inLanguage":"fr-FR"},{"@type":"WebPage","@id":"https:\/\/www.ringier.com\/fr\/esquire-creative-director-designing-the-cover-of-ringiers-company-magazine-domo\/","url":"https:\/\/www.ringier.com\/fr\/esquire-creative-director-designing-the-cover-of-ringiers-company-magazine-domo\/","name":"Le directeur artistique d\u2019Esquire a con\u00e7u la couverture de la revue d\u2019entreprise DOMO de Ringier - Ringier","isPartOf":{"@id":"https:\/\/www.ringier.com\/fr\/#website"},"primaryImageOfPage":{"@id":"https:\/\/www.ringier.com\/fr\/esquire-creative-director-designing-the-cover-of-ringiers-company-magazine-domo\/#primaryimage"},"image":{"@id":"https:\/\/www.ringier.com\/fr\/esquire-creative-director-designing-the-cover-of-ringiers-company-magazine-domo\/#primaryimage"},"thumbnailUrl":"https:\/\/www.ringier.com\/wp-content\/uploads\/2021\/09\/DOMO-1-2013.png","datePublished":"2013-03-14T21:17:00+00:00","dateModified":"2025-06-23T14:07:38+00:00","breadcrumb":{"@id":"https:\/\/www.ringier.com\/fr\/esquire-creative-director-designing-the-cover-of-ringiers-company-magazine-domo\/#breadcrumb"},"inLanguage":"fr-FR","potentialAction":[{"@type":"ReadAction","target":["https:\/\/www.ringier.com\/fr\/esquire-creative-director-designing-the-cover-of-ringiers-company-magazine-domo\/"]}]},{"@type":"ImageObject","inLanguage":"fr-FR","@id":"https:\/\/www.ringier.com\/fr\/esquire-creative-director-designing-the-cover-of-ringiers-company-magazine-domo\/#primaryimage","url":"https:\/\/www.ringier.com\/wp-content\/uploads\/2021\/09\/DOMO-1-2013.png","contentUrl":"https:\/\/www.ringier.com\/wp-content\/uploads\/2021\/09\/DOMO-1-2013.png","width":1200,"height":630},{"@type":"BreadcrumbList","@id":"https:\/\/www.ringier.com\/fr\/esquire-creative-director-designing-the-cover-of-ringiers-company-magazine-domo\/#breadcrumb","itemListElement":[{"@type":"ListItem","position":1,"name":"Home","item":"https:\/\/www.ringier.com\/fr\/"},{"@type":"ListItem","position":2,"name":"Le directeur artistique d\u2019Esquire a con\u00e7u la couverture de la revue d\u2019entreprise DOMO de Ringier"}]},{"@type":"WebSite","@id":"https:\/\/www.ringier.com\/fr\/#website","url":"https:\/\/www.ringier.com\/fr\/","name":"Ringier","description":"We inform. We entertain. We connect","publisher":{"@id":"https:\/\/www.ringier.com\/fr\/#organization"},"potentialAction":[{"@type":"SearchAction","target":{"@type":"EntryPoint","urlTemplate":"https:\/\/www.ringier.com\/fr\/?s={search_term_string}"},"query-input":{"@type":"PropertyValueSpecification","valueRequired":true,"valueName":"search_term_string"}}],"inLanguage":"fr-FR"},{"@type":"Organization","@id":"https:\/\/www.ringier.com\/fr\/#organization","name":"Ringier","url":"https:\/\/www.ringier.com\/fr\/","logo":{"@type":"ImageObject","inLanguage":"fr-FR","@id":"https:\/\/www.ringier.com\/fr\/#\/schema\/logo\/image\/","url":"https:\/\/www.ringier.com\/wp-content\/uploads\/2021\/10\/ringier_logo_2.jpg","contentUrl":"https:\/\/www.ringier.com\/wp-content\/uploads\/2021\/10\/ringier_logo_2.jpg","width":750,"height":550,"caption":"Ringier"},"image":{"@id":"https:\/\/www.ringier.com\/fr\/#\/schema\/logo\/image\/"},"sameAs":["https:\/\/www.facebook.com\/ringierag\/","https:\/\/x.com\/ringier_ag","https:\/\/www.instagram.com\/ringier_ag\/","https:\/\/www.linkedin.com\/company\/ringier\/","https:\/\/www.youtube.com\/user\/RingierComm","https:\/\/en.wikipedia.org\/wiki\/Ringier","https:\/\/de.wikipedia.org\/wiki\/Ringier","https:\/\/fr.wikipedia.org\/wiki\/Ringier","https:\/\/www.crunchbase.com\/organization\/ringier-ag"]},{"@type":"Person","@id":"https:\/\/www.ringier.com\/fr\/#\/schema\/person\/4cf76a308dc4b2bb5121bd1e7b752e52","name":"Ringier Corporate Communications","image":{"@type":"ImageObject","inLanguage":"fr-FR","@id":"https:\/\/www.ringier.com\/fr\/#\/schema\/person\/image\/","url":"https:\/\/secure.gravatar.com\/avatar\/9391e20481368d5df4fe3e1e476c13b27786347489822ec1ed07e532bb41f587?s=96&d=mm&r=g","contentUrl":"https:\/\/secure.gravatar.com\/avatar\/9391e20481368d5df4fe3e1e476c13b27786347489822ec1ed07e532bb41f587?s=96&d=mm&r=g","caption":"Ringier Corporate Communications"},"sameAs":["https:\/\/www.ringier.com"]}]}},"_links":{"self":[{"href":"https:\/\/www.ringier.com\/fr\/wp-json\/wp\/v2\/posts\/8961","targetHints":{"allow":["GET"]}}],"collection":[{"href":"https:\/\/www.ringier.com\/fr\/wp-json\/wp\/v2\/posts"}],"about":[{"href":"https:\/\/www.ringier.com\/fr\/wp-json\/wp\/v2\/types\/post"}],"author":[{"embeddable":true,"href":"https:\/\/www.ringier.com\/fr\/wp-json\/wp\/v2\/users\/23"}],"replies":[{"embeddable":true,"href":"https:\/\/www.ringier.com\/fr\/wp-json\/wp\/v2\/comments?post=8961"}],"version-history":[{"count":0,"href":"https:\/\/www.ringier.com\/fr\/wp-json\/wp\/v2\/posts\/8961\/revisions"}],"wp:featuredmedia":[{"embeddable":true,"href":"https:\/\/www.ringier.com\/fr\/wp-json\/wp\/v2\/media\/7262"}],"wp:attachment":[{"href":"https:\/\/www.ringier.com\/fr\/wp-json\/wp\/v2\/media?parent=8961"}],"wp:term":[{"taxonomy":"category","embeddable":true,"href":"https:\/\/www.ringier.com\/fr\/wp-json\/wp\/v2\/categories?post=8961"},{"taxonomy":"post_tag","embeddable":true,"href":"https:\/\/www.ringier.com\/fr\/wp-json\/wp\/v2\/tags?post=8961"}],"curies":[{"name":"wp","href":"https:\/\/api.w.org\/{rel}","templated":true}]}}