{"id":8831,"date":"2018-02-22T08:38:00","date_gmt":"2018-02-22T07:38:00","guid":{"rendered":"https:\/\/www.ringier.com\/bilanz-das-fuehrende-schweizer-wirtschaftsmagazin-wird-40ig\/"},"modified":"2024-11-14T11:30:03","modified_gmt":"2024-11-14T10:30:03","slug":"bilanz-le-celebre-magazine-economique-suisse-fete-ses-quarante-ans","status":"publish","type":"post","link":"https:\/\/www.ringier.com\/fr\/bilanz-le-celebre-magazine-economique-suisse-fete-ses-quarante-ans\/","title":{"rendered":"BILANZ: le c\u00e9l\u00e8bre magazine \u00e9conomique suisse f\u00eate ses quarante ans"},"content":{"rendered":"\n<p>Dans le cadre de sa grande \u00e9dition anniversaire,&nbsp;<em>BILANZ<\/em>&nbsp;dresse une r\u00e9trospective de l\u2019histoire \u00e9conomique suisse r\u00e9cente. Cette \u00e9dition inclut en outre le top 10 des personnalit\u00e9s en couverture et les entreprises qui ont \u00e9t\u00e9 les plus trait\u00e9es. De plus, la r\u00e9daction du magazine y analyse ce qu\u2019il est advenu 20&nbsp;ans plus tard des faits pronostiqu\u00e9s dans l\u2019\u00e9dition de 1997&nbsp;\u2013 et fournit de nouvelles pr\u00e9visions pour les 20&nbsp;prochaines ann\u00e9es. Bien entendu, les lecteurs n\u2019ont pas \u00e9t\u00e9 oubli\u00e9s:&nbsp;<em>BILANZ<\/em>&nbsp;pr\u00e9sente les abonn\u00e9s de la premi\u00e8re heure. Le magazine inclut en outre un incroyable poster regroupant l\u2019ensemble de ses 613&nbsp;grands titres.<\/p>\n\n\n\n<p>Le premier num\u00e9ro de&nbsp;<em>BILANZ&nbsp;<\/em>a \u00e9t\u00e9 publi\u00e9 en novembre&nbsp;1977. Le magazine \u00e9conomique, dont l\u2019\u00e9dition compte d\u00e9sormais 140&nbsp;pages, ne perd pas de son lustre et est toujours aussi populaire. En 2017,&nbsp;<em>BILANZ<\/em>&nbsp;a r\u00e9tabli sa parution mensuelle (entre 2005 et 2016, le magazine paraissait tous les quinze jours) et met encore plus l\u2019accent depuis lors sur ses points forts: informations exclusives, recherches approfondies et reportages de fond, analyses solides et points de vue. A la fin de l\u2019ann\u00e9e derni\u00e8re, les offres num\u00e9riques des m\u00e9dias \u00e9conomiques ont \u00e9galement \u00e9t\u00e9 relanc\u00e9es.&nbsp;<em>Bilanz.ch&nbsp;<\/em>offre d\u00e9sormais une apparence visuelle plus moderne et de nouvelles fonctionnalit\u00e9s, ainsi que des liens judicieux vers des contenus de l\u2019ensemble des m\u00e9dias \u00e9conomiques de Ringier Axel Springer Schweiz et d\u2019autres sources d\u2019information.<\/p>\n\n\n\n<p>Dirk Sch\u00fctz, r\u00e9dacteur en chef de&nbsp;<em>BILANZ<\/em>, s\u2019exprime au sujet du magazine: \u00abD\u00e8s sa cr\u00e9ation,&nbsp;<em>BILANZ<\/em>&nbsp;est parvenu \u00e0 se positionner comme la marque phare de l\u2019information \u00e9conomique suisse en tenant compte des besoins des lecteurs en mati\u00e8re d\u2019orientation et de classification. Nous nous engageons \u00e9galement \u00e0 respecter cette m\u00eame exigence pour les 40&nbsp;prochaines ann\u00e9es et, ce faisant, \u00e0 rester fid\u00e8les au credo de&nbsp;<em>BILANZ<\/em>: des reportages et des informations qui sont pertinents plus d\u2019une journ\u00e9e, pr\u00e9sent\u00e9s de fa\u00e7on passionnante et divertissante.\u00bb<\/p>\n\n\n\n<p>Dans le cadre du&nbsp;<em>BILANZ<\/em>&nbsp;Business Talk du 27&nbsp;f\u00e9vrier&nbsp;2018, quatre t\u00e9moins prestigieux de l\u2019\u00e9poque et pr\u00e8s de 200&nbsp;invit\u00e9s publics issus de la sph\u00e8re politique et \u00e9conomique c\u00e9l\u00e9breront ensemble cet anniversaire. Le r\u00e9dacteur en chef de&nbsp;<em>BILANZ<\/em>, Dirk Sch\u00fctz, y \u00e9voquera avec Christoph Blocher (directeur de la strat\u00e9gie UDC), Oswald Gr\u00fcbel (ancien CEO chez CS et UBS), Franz Humer (ancien CEO et VRP de Roche) et Rudolf Strahm (ancien conseiller national PS et surveillant des prix) les grandes tendances ayant marqu\u00e9 les quatre derni\u00e8res d\u00e9cennies. L\u2019\u00e9mission sera diffus\u00e9e le dimanche 11&nbsp;mars&nbsp;2018 \u00e0 13h10 sur SRF1.<\/p>\n\n\n\n<p>Le 30 novembre 2018,&nbsp;<em>BILANZ<\/em>&nbsp;f\u00eatera un autre anniversaire: le 30<sup>e<\/sup>&nbsp;num\u00e9ro de \u00ab300 Reichste\u00bb sera en effet disponible! C\u2019est en 1989 que l\u2019\u00e9dition \u00abor\u00bb de&nbsp;<em>BILANZ&nbsp;<\/em>est partie pour la premi\u00e8re fois \u00e0 la recherche des 100 plus grandes fortunes de Suisse. A partir de 1999 et au cours des ann\u00e9es qui ont suivi, le chiffre a peu \u00e0 peu augment\u00e9, pour atteindre celui de 300. Chaque ann\u00e9e, cette \u00e9dition est de loin la plus vendue.<\/p>\n\n\n\n<p>Ringier Axel Springer Suisse SA<\/p>\n\n\n\n<p>Corporate Communications<\/p>\n\n\n\n<figure class=\"wp-block-image\"><img decoding=\"async\" src=\"https:\/\/www.ringier.ch\/sites\/default\/files\/styles\/gallery\/public\/images\/B-JUBI_Plakat_LOW.jpg?itok=pw1lsn6k\" alt=\"\"\/><\/figure>\n\n\n\n<figure class=\"wp-block-image\"><img decoding=\"async\" src=\"https:\/\/www.ringier.ch\/sites\/default\/files\/styles\/gallery\/public\/images\/BIHP03_2302_Cover_CMYK_high__1_.jpg?itok=TQzMJWGH\" alt=\"\"\/><\/figure>\n\n\n\n<figure class=\"wp-block-image\"><img decoding=\"async\" src=\"https:\/\/www.ringier.ch\/sites\/default\/files\/styles\/gallery\/public\/images\/Dirk_Schuetz.jpg?itok=quuzAa9z\" alt=\"\"\/><\/figure>\n\n\n\n<h3 class=\"wp-block-heading\" id=\"ui-accordion-1-header-0\"><\/h3>\n","protected":false},"excerpt":{"rendered":"<p>Depuis 40 ans, BILANZ met en lumi\u00e8re les histoires passionnantes et significatives marquant l\u2019\u00e9conomie suisse et ses principaux protagonistes. A l\u2019occasion de cet anniversaire, le num\u00e9ro de mars dat\u00e9 du 23 f\u00e9vrier 2018 publie une grande \u00e9dition sp\u00e9ciale. La r\u00e9daction propose une analyse des hauts et des bas de l\u2019histoire \u00e9conomique \u00e9coul\u00e9e et fait des pr\u00e9visions concernant l\u2019\u00e9tat de la Suisse dans 20 ans.<\/p>\n","protected":false},"author":7,"featured_media":8830,"comment_status":"closed","ping_status":"open","sticky":false,"template":"","format":"standard","meta":{"inline_featured_image":false,"footnotes":""},"categories":[370,363],"tags":[],"class_list":["post-8831","post","type-post","status-publish","format-standard","has-post-thumbnail","hentry","category-media-fr","category-ringier-medias-suisse"],"yoast_head":"<!-- This site is optimized with the Yoast SEO Premium plugin v27.0 (Yoast SEO v27.0) - https:\/\/yoast.com\/product\/yoast-seo-premium-wordpress\/ -->\n<title>BILANZ: le c\u00e9l\u00e8bre magazine \u00e9conomique suisse f\u00eate ses quarante ans - Ringier<\/title>\n<meta name=\"robots\" content=\"index, follow, max-snippet:-1, max-image-preview:large, max-video-preview:-1\" \/>\n<link rel=\"canonical\" href=\"https:\/\/www.ringier.com\/fr\/bilanz-le-celebre-magazine-economique-suisse-fete-ses-quarante-ans\/\" \/>\n<meta property=\"og:locale\" content=\"fr_FR\" \/>\n<meta property=\"og:type\" content=\"article\" \/>\n<meta property=\"og:title\" content=\"BILANZ: le c\u00e9l\u00e8bre magazine \u00e9conomique suisse f\u00eate ses quarante ans\" \/>\n<meta property=\"og:description\" content=\"Depuis 40 ans, BILANZ met en lumi\u00e8re les histoires passionnantes et significatives marquant l\u2019\u00e9conomie suisse et ses principaux protagonistes. A l\u2019occasion de cet anniversaire, le num\u00e9ro de mars dat\u00e9 du 23 f\u00e9vrier 2018 publie une grande \u00e9dition sp\u00e9ciale. La r\u00e9daction propose une analyse des hauts et des bas de l\u2019histoire \u00e9conomique \u00e9coul\u00e9e et fait des pr\u00e9visions concernant l\u2019\u00e9tat de la Suisse dans 20 ans.\" \/>\n<meta property=\"og:url\" content=\"https:\/\/www.ringier.com\/fr\/bilanz-le-celebre-magazine-economique-suisse-fete-ses-quarante-ans\/\" \/>\n<meta property=\"og:site_name\" content=\"Ringier\" \/>\n<meta property=\"article:publisher\" content=\"https:\/\/www.facebook.com\/ringierag\/\" \/>\n<meta property=\"article:published_time\" content=\"2018-02-22T07:38:00+00:00\" \/>\n<meta property=\"article:modified_time\" content=\"2024-11-14T10:30:03+00:00\" \/>\n<meta property=\"og:image\" content=\"https:\/\/www.ringier.com\/wp-content\/uploads\/2021\/09\/Bilanz_40_Jahre_Cover_WebOnly-scaled.jpg\" \/>\n\t<meta property=\"og:image:width\" content=\"2560\" \/>\n\t<meta property=\"og:image:height\" content=\"1707\" \/>\n\t<meta property=\"og:image:type\" content=\"image\/jpeg\" \/>\n<meta name=\"author\" content=\"Marc Liniger\" \/>\n<meta name=\"twitter:card\" content=\"summary_large_image\" \/>\n<meta name=\"twitter:creator\" content=\"@ringier_ag\" \/>\n<meta name=\"twitter:site\" content=\"@ringier_ag\" \/>\n<meta name=\"twitter:label1\" content=\"\u00c9crit par\" \/>\n\t<meta name=\"twitter:data1\" content=\"Marc Liniger\" \/>\n\t<meta name=\"twitter:label2\" content=\"Dur\u00e9e de lecture estim\u00e9e\" \/>\n\t<meta name=\"twitter:data2\" content=\"3 minutes\" \/>\n<script type=\"application\/ld+json\" class=\"yoast-schema-graph\">{\"@context\":\"https:\/\/schema.org\",\"@graph\":[{\"@type\":\"Article\",\"@id\":\"https:\/\/www.ringier.com\/fr\/bilanz-le-celebre-magazine-economique-suisse-fete-ses-quarante-ans\/#article\",\"isPartOf\":{\"@id\":\"https:\/\/www.ringier.com\/fr\/bilanz-le-celebre-magazine-economique-suisse-fete-ses-quarante-ans\/\"},\"author\":{\"name\":\"Marc Liniger\",\"@id\":\"https:\/\/www.ringier.com\/fr\/#\/schema\/person\/1e03be3d98efb061d1ca29fef411db66\"},\"headline\":\"BILANZ: le c\u00e9l\u00e8bre magazine \u00e9conomique suisse f\u00eate ses quarante ans\",\"datePublished\":\"2018-02-22T07:38:00+00:00\",\"dateModified\":\"2024-11-14T10:30:03+00:00\",\"mainEntityOfPage\":{\"@id\":\"https:\/\/www.ringier.com\/fr\/bilanz-le-celebre-magazine-economique-suisse-fete-ses-quarante-ans\/\"},\"wordCount\":585,\"publisher\":{\"@id\":\"https:\/\/www.ringier.com\/fr\/#organization\"},\"image\":{\"@id\":\"https:\/\/www.ringier.com\/fr\/bilanz-le-celebre-magazine-economique-suisse-fete-ses-quarante-ans\/#primaryimage\"},\"thumbnailUrl\":\"https:\/\/www.ringier.com\/wp-content\/uploads\/2021\/09\/Bilanz_40_Jahre_Cover_WebOnly-scaled.jpg\",\"articleSection\":[\"Media\",\"Ringier Medias Suisse\"],\"inLanguage\":\"fr-FR\"},{\"@type\":\"WebPage\",\"@id\":\"https:\/\/www.ringier.com\/fr\/bilanz-le-celebre-magazine-economique-suisse-fete-ses-quarante-ans\/\",\"url\":\"https:\/\/www.ringier.com\/fr\/bilanz-le-celebre-magazine-economique-suisse-fete-ses-quarante-ans\/\",\"name\":\"BILANZ: le c\u00e9l\u00e8bre magazine \u00e9conomique suisse f\u00eate ses quarante ans - Ringier\",\"isPartOf\":{\"@id\":\"https:\/\/www.ringier.com\/fr\/#website\"},\"primaryImageOfPage\":{\"@id\":\"https:\/\/www.ringier.com\/fr\/bilanz-le-celebre-magazine-economique-suisse-fete-ses-quarante-ans\/#primaryimage\"},\"image\":{\"@id\":\"https:\/\/www.ringier.com\/fr\/bilanz-le-celebre-magazine-economique-suisse-fete-ses-quarante-ans\/#primaryimage\"},\"thumbnailUrl\":\"https:\/\/www.ringier.com\/wp-content\/uploads\/2021\/09\/Bilanz_40_Jahre_Cover_WebOnly-scaled.jpg\",\"datePublished\":\"2018-02-22T07:38:00+00:00\",\"dateModified\":\"2024-11-14T10:30:03+00:00\",\"breadcrumb\":{\"@id\":\"https:\/\/www.ringier.com\/fr\/bilanz-le-celebre-magazine-economique-suisse-fete-ses-quarante-ans\/#breadcrumb\"},\"inLanguage\":\"fr-FR\",\"potentialAction\":[{\"@type\":\"ReadAction\",\"target\":[\"https:\/\/www.ringier.com\/fr\/bilanz-le-celebre-magazine-economique-suisse-fete-ses-quarante-ans\/\"]}]},{\"@type\":\"ImageObject\",\"inLanguage\":\"fr-FR\",\"@id\":\"https:\/\/www.ringier.com\/fr\/bilanz-le-celebre-magazine-economique-suisse-fete-ses-quarante-ans\/#primaryimage\",\"url\":\"https:\/\/www.ringier.com\/wp-content\/uploads\/2021\/09\/Bilanz_40_Jahre_Cover_WebOnly-scaled.jpg\",\"contentUrl\":\"https:\/\/www.ringier.com\/wp-content\/uploads\/2021\/09\/Bilanz_40_Jahre_Cover_WebOnly-scaled.jpg\",\"width\":2560,\"height\":1707},{\"@type\":\"BreadcrumbList\",\"@id\":\"https:\/\/www.ringier.com\/fr\/bilanz-le-celebre-magazine-economique-suisse-fete-ses-quarante-ans\/#breadcrumb\",\"itemListElement\":[{\"@type\":\"ListItem\",\"position\":1,\"name\":\"Home\",\"item\":\"https:\/\/www.ringier.com\/fr\/\"},{\"@type\":\"ListItem\",\"position\":2,\"name\":\"BILANZ: le c\u00e9l\u00e8bre magazine \u00e9conomique suisse f\u00eate ses quarante ans\"}]},{\"@type\":\"WebSite\",\"@id\":\"https:\/\/www.ringier.com\/fr\/#website\",\"url\":\"https:\/\/www.ringier.com\/fr\/\",\"name\":\"Ringier\",\"description\":\"We inform. We entertain. We connect\",\"publisher\":{\"@id\":\"https:\/\/www.ringier.com\/fr\/#organization\"},\"potentialAction\":[{\"@type\":\"SearchAction\",\"target\":{\"@type\":\"EntryPoint\",\"urlTemplate\":\"https:\/\/www.ringier.com\/fr\/?s={search_term_string}\"},\"query-input\":{\"@type\":\"PropertyValueSpecification\",\"valueRequired\":true,\"valueName\":\"search_term_string\"}}],\"inLanguage\":\"fr-FR\"},{\"@type\":\"Organization\",\"@id\":\"https:\/\/www.ringier.com\/fr\/#organization\",\"name\":\"Ringier\",\"url\":\"https:\/\/www.ringier.com\/fr\/\",\"logo\":{\"@type\":\"ImageObject\",\"inLanguage\":\"fr-FR\",\"@id\":\"https:\/\/www.ringier.com\/fr\/#\/schema\/logo\/image\/\",\"url\":\"https:\/\/www.ringier.com\/wp-content\/uploads\/2021\/10\/ringier_logo_2.jpg\",\"contentUrl\":\"https:\/\/www.ringier.com\/wp-content\/uploads\/2021\/10\/ringier_logo_2.jpg\",\"width\":750,\"height\":550,\"caption\":\"Ringier\"},\"image\":{\"@id\":\"https:\/\/www.ringier.com\/fr\/#\/schema\/logo\/image\/\"},\"sameAs\":[\"https:\/\/www.facebook.com\/ringierag\/\",\"https:\/\/x.com\/ringier_ag\",\"https:\/\/www.instagram.com\/ringier_ag\/\",\"https:\/\/www.linkedin.com\/company\/ringier\/\",\"https:\/\/www.youtube.com\/user\/RingierComm\",\"https:\/\/en.wikipedia.org\/wiki\/Ringier\",\"https:\/\/de.wikipedia.org\/wiki\/Ringier\",\"https:\/\/fr.wikipedia.org\/wiki\/Ringier\",\"https:\/\/www.crunchbase.com\/organization\/ringier-ag\"]},{\"@type\":\"Person\",\"@id\":\"https:\/\/www.ringier.com\/fr\/#\/schema\/person\/1e03be3d98efb061d1ca29fef411db66\",\"name\":\"Marc Liniger\",\"image\":{\"@type\":\"ImageObject\",\"inLanguage\":\"fr-FR\",\"@id\":\"https:\/\/www.ringier.com\/fr\/#\/schema\/person\/image\/\",\"url\":\"https:\/\/secure.gravatar.com\/avatar\/8d184da6aa7bdcc4d1a251ecaf713aa707e2a4c24b859c6360b2b31b83c1020e?s=96&d=mm&r=g\",\"contentUrl\":\"https:\/\/secure.gravatar.com\/avatar\/8d184da6aa7bdcc4d1a251ecaf713aa707e2a4c24b859c6360b2b31b83c1020e?s=96&d=mm&r=g\",\"caption\":\"Marc Liniger\"},\"sameAs\":[\"https:\/\/www.ringier.com\"]}]}<\/script>\n<!-- \/ Yoast SEO Premium plugin. -->","yoast_head_json":{"title":"BILANZ: le c\u00e9l\u00e8bre magazine \u00e9conomique suisse f\u00eate ses quarante ans - Ringier","robots":{"index":"index","follow":"follow","max-snippet":"max-snippet:-1","max-image-preview":"max-image-preview:large","max-video-preview":"max-video-preview:-1"},"canonical":"https:\/\/www.ringier.com\/fr\/bilanz-le-celebre-magazine-economique-suisse-fete-ses-quarante-ans\/","og_locale":"fr_FR","og_type":"article","og_title":"BILANZ: le c\u00e9l\u00e8bre magazine \u00e9conomique suisse f\u00eate ses quarante ans","og_description":"Depuis 40 ans, BILANZ met en lumi\u00e8re les histoires passionnantes et significatives marquant l\u2019\u00e9conomie suisse et ses principaux protagonistes. A l\u2019occasion de cet anniversaire, le num\u00e9ro de mars dat\u00e9 du 23 f\u00e9vrier 2018 publie une grande \u00e9dition sp\u00e9ciale. La r\u00e9daction propose une analyse des hauts et des bas de l\u2019histoire \u00e9conomique \u00e9coul\u00e9e et fait des pr\u00e9visions concernant l\u2019\u00e9tat de la Suisse dans 20 ans.","og_url":"https:\/\/www.ringier.com\/fr\/bilanz-le-celebre-magazine-economique-suisse-fete-ses-quarante-ans\/","og_site_name":"Ringier","article_publisher":"https:\/\/www.facebook.com\/ringierag\/","article_published_time":"2018-02-22T07:38:00+00:00","article_modified_time":"2024-11-14T10:30:03+00:00","og_image":[{"width":2560,"height":1707,"url":"https:\/\/www.ringier.com\/wp-content\/uploads\/2021\/09\/Bilanz_40_Jahre_Cover_WebOnly-scaled.jpg","type":"image\/jpeg"}],"author":"Marc Liniger","twitter_card":"summary_large_image","twitter_creator":"@ringier_ag","twitter_site":"@ringier_ag","twitter_misc":{"\u00c9crit par":"Marc Liniger","Dur\u00e9e de lecture estim\u00e9e":"3 minutes"},"schema":{"@context":"https:\/\/schema.org","@graph":[{"@type":"Article","@id":"https:\/\/www.ringier.com\/fr\/bilanz-le-celebre-magazine-economique-suisse-fete-ses-quarante-ans\/#article","isPartOf":{"@id":"https:\/\/www.ringier.com\/fr\/bilanz-le-celebre-magazine-economique-suisse-fete-ses-quarante-ans\/"},"author":{"name":"Marc Liniger","@id":"https:\/\/www.ringier.com\/fr\/#\/schema\/person\/1e03be3d98efb061d1ca29fef411db66"},"headline":"BILANZ: le c\u00e9l\u00e8bre magazine \u00e9conomique suisse f\u00eate ses quarante ans","datePublished":"2018-02-22T07:38:00+00:00","dateModified":"2024-11-14T10:30:03+00:00","mainEntityOfPage":{"@id":"https:\/\/www.ringier.com\/fr\/bilanz-le-celebre-magazine-economique-suisse-fete-ses-quarante-ans\/"},"wordCount":585,"publisher":{"@id":"https:\/\/www.ringier.com\/fr\/#organization"},"image":{"@id":"https:\/\/www.ringier.com\/fr\/bilanz-le-celebre-magazine-economique-suisse-fete-ses-quarante-ans\/#primaryimage"},"thumbnailUrl":"https:\/\/www.ringier.com\/wp-content\/uploads\/2021\/09\/Bilanz_40_Jahre_Cover_WebOnly-scaled.jpg","articleSection":["Media","Ringier Medias Suisse"],"inLanguage":"fr-FR"},{"@type":"WebPage","@id":"https:\/\/www.ringier.com\/fr\/bilanz-le-celebre-magazine-economique-suisse-fete-ses-quarante-ans\/","url":"https:\/\/www.ringier.com\/fr\/bilanz-le-celebre-magazine-economique-suisse-fete-ses-quarante-ans\/","name":"BILANZ: le c\u00e9l\u00e8bre magazine \u00e9conomique suisse f\u00eate ses quarante ans - Ringier","isPartOf":{"@id":"https:\/\/www.ringier.com\/fr\/#website"},"primaryImageOfPage":{"@id":"https:\/\/www.ringier.com\/fr\/bilanz-le-celebre-magazine-economique-suisse-fete-ses-quarante-ans\/#primaryimage"},"image":{"@id":"https:\/\/www.ringier.com\/fr\/bilanz-le-celebre-magazine-economique-suisse-fete-ses-quarante-ans\/#primaryimage"},"thumbnailUrl":"https:\/\/www.ringier.com\/wp-content\/uploads\/2021\/09\/Bilanz_40_Jahre_Cover_WebOnly-scaled.jpg","datePublished":"2018-02-22T07:38:00+00:00","dateModified":"2024-11-14T10:30:03+00:00","breadcrumb":{"@id":"https:\/\/www.ringier.com\/fr\/bilanz-le-celebre-magazine-economique-suisse-fete-ses-quarante-ans\/#breadcrumb"},"inLanguage":"fr-FR","potentialAction":[{"@type":"ReadAction","target":["https:\/\/www.ringier.com\/fr\/bilanz-le-celebre-magazine-economique-suisse-fete-ses-quarante-ans\/"]}]},{"@type":"ImageObject","inLanguage":"fr-FR","@id":"https:\/\/www.ringier.com\/fr\/bilanz-le-celebre-magazine-economique-suisse-fete-ses-quarante-ans\/#primaryimage","url":"https:\/\/www.ringier.com\/wp-content\/uploads\/2021\/09\/Bilanz_40_Jahre_Cover_WebOnly-scaled.jpg","contentUrl":"https:\/\/www.ringier.com\/wp-content\/uploads\/2021\/09\/Bilanz_40_Jahre_Cover_WebOnly-scaled.jpg","width":2560,"height":1707},{"@type":"BreadcrumbList","@id":"https:\/\/www.ringier.com\/fr\/bilanz-le-celebre-magazine-economique-suisse-fete-ses-quarante-ans\/#breadcrumb","itemListElement":[{"@type":"ListItem","position":1,"name":"Home","item":"https:\/\/www.ringier.com\/fr\/"},{"@type":"ListItem","position":2,"name":"BILANZ: le c\u00e9l\u00e8bre magazine \u00e9conomique suisse f\u00eate ses quarante ans"}]},{"@type":"WebSite","@id":"https:\/\/www.ringier.com\/fr\/#website","url":"https:\/\/www.ringier.com\/fr\/","name":"Ringier","description":"We inform. We entertain. We connect","publisher":{"@id":"https:\/\/www.ringier.com\/fr\/#organization"},"potentialAction":[{"@type":"SearchAction","target":{"@type":"EntryPoint","urlTemplate":"https:\/\/www.ringier.com\/fr\/?s={search_term_string}"},"query-input":{"@type":"PropertyValueSpecification","valueRequired":true,"valueName":"search_term_string"}}],"inLanguage":"fr-FR"},{"@type":"Organization","@id":"https:\/\/www.ringier.com\/fr\/#organization","name":"Ringier","url":"https:\/\/www.ringier.com\/fr\/","logo":{"@type":"ImageObject","inLanguage":"fr-FR","@id":"https:\/\/www.ringier.com\/fr\/#\/schema\/logo\/image\/","url":"https:\/\/www.ringier.com\/wp-content\/uploads\/2021\/10\/ringier_logo_2.jpg","contentUrl":"https:\/\/www.ringier.com\/wp-content\/uploads\/2021\/10\/ringier_logo_2.jpg","width":750,"height":550,"caption":"Ringier"},"image":{"@id":"https:\/\/www.ringier.com\/fr\/#\/schema\/logo\/image\/"},"sameAs":["https:\/\/www.facebook.com\/ringierag\/","https:\/\/x.com\/ringier_ag","https:\/\/www.instagram.com\/ringier_ag\/","https:\/\/www.linkedin.com\/company\/ringier\/","https:\/\/www.youtube.com\/user\/RingierComm","https:\/\/en.wikipedia.org\/wiki\/Ringier","https:\/\/de.wikipedia.org\/wiki\/Ringier","https:\/\/fr.wikipedia.org\/wiki\/Ringier","https:\/\/www.crunchbase.com\/organization\/ringier-ag"]},{"@type":"Person","@id":"https:\/\/www.ringier.com\/fr\/#\/schema\/person\/1e03be3d98efb061d1ca29fef411db66","name":"Marc Liniger","image":{"@type":"ImageObject","inLanguage":"fr-FR","@id":"https:\/\/www.ringier.com\/fr\/#\/schema\/person\/image\/","url":"https:\/\/secure.gravatar.com\/avatar\/8d184da6aa7bdcc4d1a251ecaf713aa707e2a4c24b859c6360b2b31b83c1020e?s=96&d=mm&r=g","contentUrl":"https:\/\/secure.gravatar.com\/avatar\/8d184da6aa7bdcc4d1a251ecaf713aa707e2a4c24b859c6360b2b31b83c1020e?s=96&d=mm&r=g","caption":"Marc Liniger"},"sameAs":["https:\/\/www.ringier.com"]}]}},"_links":{"self":[{"href":"https:\/\/www.ringier.com\/fr\/wp-json\/wp\/v2\/posts\/8831","targetHints":{"allow":["GET"]}}],"collection":[{"href":"https:\/\/www.ringier.com\/fr\/wp-json\/wp\/v2\/posts"}],"about":[{"href":"https:\/\/www.ringier.com\/fr\/wp-json\/wp\/v2\/types\/post"}],"author":[{"embeddable":true,"href":"https:\/\/www.ringier.com\/fr\/wp-json\/wp\/v2\/users\/7"}],"replies":[{"embeddable":true,"href":"https:\/\/www.ringier.com\/fr\/wp-json\/wp\/v2\/comments?post=8831"}],"version-history":[{"count":0,"href":"https:\/\/www.ringier.com\/fr\/wp-json\/wp\/v2\/posts\/8831\/revisions"}],"wp:featuredmedia":[{"embeddable":true,"href":"https:\/\/www.ringier.com\/fr\/wp-json\/wp\/v2\/media\/8830"}],"wp:attachment":[{"href":"https:\/\/www.ringier.com\/fr\/wp-json\/wp\/v2\/media?parent=8831"}],"wp:term":[{"taxonomy":"category","embeddable":true,"href":"https:\/\/www.ringier.com\/fr\/wp-json\/wp\/v2\/categories?post=8831"},{"taxonomy":"post_tag","embeddable":true,"href":"https:\/\/www.ringier.com\/fr\/wp-json\/wp\/v2\/tags?post=8831"}],"curies":[{"name":"wp","href":"https:\/\/api.w.org\/{rel}","templated":true}]}}