{"id":8585,"date":"2018-08-21T10:46:00","date_gmt":"2018-08-21T08:46:00","guid":{"rendered":"https:\/\/www.ringier.com\/magazin-bolero-wird-supplement-der-bilanz-und-handelszeitung-ausbau-der-schweizer-versicherung\/"},"modified":"2024-11-14T11:28:38","modified_gmt":"2024-11-14T10:28:38","slug":"diffusion-du-magazine-bolero-en-supplement-des-titres-bilanz-et-handelszeitung-developpement-de-la-revue-schweizer-versicherung","status":"publish","type":"post","link":"https:\/\/www.ringier.com\/fr\/diffusion-du-magazine-bolero-en-supplement-des-titres-bilanz-et-handelszeitung-developpement-de-la-revue-schweizer-versicherung\/","title":{"rendered":"Diffusion du magazine Bolero en suppl\u00e9ment des titres Bilanz et Handelszeitung \u2013 D\u00e9veloppement de la revue Schweizer Versicherung"},"content":{"rendered":"\n<p>D\u00e8s 2019,&nbsp;<em>Bolero<\/em>, le magazine suisse de r\u00e9f\u00e9rence consacr\u00e9 au luxe, \u00e0 la mode et \u00e0 la culture,&nbsp;para\u00eetra sous une forme remani\u00e9e, au rythme de six num\u00e9ros par an diffus\u00e9s en suppl\u00e9ment de&nbsp;<em>Bilanz&nbsp;<\/em>et de la&nbsp;<em>Handelszeitung<\/em>.&nbsp;<em>Bolero&nbsp;<\/em>remplace ainsi l\u2019\u00e9dition suisse de la revue&nbsp;<em>Icon<\/em>, distribu\u00e9e jusqu\u2019\u00e0 pr\u00e9sent en suppl\u00e9ment de&nbsp;<em>Bilanz<\/em>.&nbsp;&nbsp;<\/p>\n\n\n\n<p>\u00ab<em>Bolero<\/em>&nbsp;est un digne successeur&nbsp;du magazine<em>&nbsp;Icon<\/em>&nbsp;car&nbsp;il&nbsp;remplit tous les crit\u00e8res pour informer le lectorat exigeant de&nbsp;<em>Bilanz<\/em>&nbsp;et de la&nbsp;<em>Handelszeitung<\/em>&nbsp;sur l\u2019actualit\u00e9 culturelle, lifestyle et de la mode\u00bb, d\u00e9clare Urs Heller, responsable des magazines grand public et membre dirigeant de Ringier Axel Springer Suisse SA.<\/p>\n\n\n\n<p><em>Bolero Men<\/em>&nbsp;ainsi que l\u2019\u00e9dition fran\u00e7aise de&nbsp;<em>Bolero<\/em>&nbsp;cesseront de para\u00eetre \u00e0 la fin de l\u2019ann\u00e9e 2018. Les th\u00e8mes de la mode, de la beaut\u00e9, des accessoires et du luxe, pr\u00e9sent\u00e9s jusqu\u2019ici par l\u2019\u00e9dition fran\u00e7aise de&nbsp;<em>Bolero<\/em>, seront trait\u00e9s d\u00e9sormais dans six num\u00e9ros sp\u00e9ciaux annuels du suppl\u00e9ment&nbsp;<em>T&nbsp;<\/em>au journal&nbsp;<em>Le Temps<\/em>. \u00abA travers les \u00e9ditions sp\u00e9ciales du magazine&nbsp;<em>T<\/em>, nous fournirons au lectorat actuel de&nbsp;<em>Bolero<\/em>&nbsp;une offre \u00e9quivalente pour la Suisse francophone\u00bb, explique Daniel Pillard, responsable Suisse romande et membre dirigeant de Ringier Axel Springer Suisse SA.<\/p>\n\n\n\n<p>Du c\u00f4t\u00e9 de la presse \u00e9conomique, le portefeuille de magazines sp\u00e9cialis\u00e9s se resserre.&nbsp;<em>Schweizer Bank<\/em>, le mensuel cr\u00e9\u00e9 en 1985 et d\u00e9di\u00e9 au monde bancaire, s\u2019arr\u00eatera \u00e0 la fin de l\u2019ann\u00e9e. Les changements structurels \u00e0 l\u2019\u0153uvre dans le secteur bancaire et sur le march\u00e9 publicitaire correspondant expliquent ce choix. Les ressources ainsi lib\u00e9r\u00e9es se consacreront \u00e0 d\u00e9velopper la&nbsp;<em>Schweizer Versicherung<\/em>&nbsp;et \u00e0 enrichir les contenus de cette publication de r\u00e9f\u00e9rence, d\u00e9di\u00e9e au secteur connexe de l\u2019assurance.&nbsp;Cette restructuration conduit \u00e0 supprimer sept postes au total.&nbsp;&nbsp;<\/p>\n\n\n\n<p>\u00abNous mettons en \u0153uvre cette restructuration n\u00e9cessaire pour tenir compte de l\u2019\u00e9volution du lectorat et du march\u00e9 publicitaire en Suisse et renforcer simultan\u00e9ment l\u2019attractivit\u00e9 des titres<em>\u00a0Bilanz<\/em>,\u00a0<em>Handelszeitung\u00a0<\/em>et\u00a0<em>Schweizer Versicherung<\/em>\u00bb, commente Nina Ranke, responsable M\u00e9dias \u00e9conomiques pour Ringier Axel Springer Suisse SA. Dans cette optique, l\u2019\u00e9diteur entend\u00a0compl\u00e9ter l\u2019offre de la<em>\u00a0Schweizer Versicherung\u00a0<\/em>par des newsletters, des blogs sp\u00e9cialis\u00e9s et des \u00e9v\u00e9nements autour de la pr\u00e9voyance et des investissements. Il pr\u00e9voit notamment de publier un guide sur le th\u00e8me \u00abInvestissements &amp; produits financiers\u00bb, s\u2019appuyant fortement sur les m\u00e9dias en ligne. Les sites Internet actuels des m\u00e9dias \u00e9conomiques (<em>Bilanz.ch,\u00a0Handelszeitung.ch<\/em>) int\u00e9greront en outre des contenus \u00e9ditoriaux du magazine<em>\u00a0Schweizer Versicherung\u00a0<\/em>dans leurs articles en ligne.<\/p>\n\n\n\n<p>Ringier Axel Springer Suisse SA<\/p>\n\n\n\n<p>Corporate Communications<\/p>\n","protected":false},"excerpt":{"rendered":"<p>Ringier Axel Springer Suisse SA r\u00e9organise son portefeuille de magazines. Le magazine Bolero devient un suppl\u00e9ment des titres \u00e9conomiques Bilanz et Handelszeitung. En parall\u00e8le, Bolero \u00e9dition fran\u00e7aise et le Bolero Men cessent de para\u00eetre. Parmi les m\u00e9dias \u00e9conomiques de l\u2019\u00e9diteur, la revue sp\u00e9cialis\u00e9e Schweizer Versicherung poursuit son d\u00e9veloppement. En revanche, le mensuel Schweizer Bank s\u2019interrompra \u00e0 la fin de l\u2019ann\u00e9e. <\/p>\n","protected":false},"author":7,"featured_media":3580,"comment_status":"closed","ping_status":"open","sticky":false,"template":"","format":"standard","meta":{"inline_featured_image":false,"footnotes":""},"categories":[370,363],"tags":[],"class_list":["post-8585","post","type-post","status-publish","format-standard","has-post-thumbnail","hentry","category-media-fr","category-ringier-medias-suisse"],"yoast_head":"<!-- This site is optimized with the Yoast SEO Premium plugin v27.0 (Yoast SEO v27.0) - https:\/\/yoast.com\/product\/yoast-seo-premium-wordpress\/ -->\n<title>Diffusion du magazine Bolero en suppl\u00e9ment des titres Bilanz et Handelszeitung \u2013 D\u00e9veloppement de la revue Schweizer Versicherung - Ringier<\/title>\n<meta name=\"robots\" content=\"index, follow, max-snippet:-1, max-image-preview:large, max-video-preview:-1\" \/>\n<link rel=\"canonical\" href=\"https:\/\/www.ringier.com\/fr\/diffusion-du-magazine-bolero-en-supplement-des-titres-bilanz-et-handelszeitung-developpement-de-la-revue-schweizer-versicherung\/\" \/>\n<meta property=\"og:locale\" content=\"fr_FR\" \/>\n<meta property=\"og:type\" content=\"article\" \/>\n<meta property=\"og:title\" content=\"Diffusion du magazine Bolero en suppl\u00e9ment des titres Bilanz et Handelszeitung \u2013 D\u00e9veloppement de la revue Schweizer Versicherung\" \/>\n<meta property=\"og:description\" content=\"Ringier Axel Springer Suisse SA r\u00e9organise son portefeuille de magazines. Le magazine Bolero devient un suppl\u00e9ment des titres \u00e9conomiques Bilanz et Handelszeitung. En parall\u00e8le, Bolero \u00e9dition fran\u00e7aise et le Bolero Men cessent de para\u00eetre. Parmi les m\u00e9dias \u00e9conomiques de l\u2019\u00e9diteur, la revue sp\u00e9cialis\u00e9e Schweizer Versicherung poursuit son d\u00e9veloppement. En revanche, le mensuel Schweizer Bank s\u2019interrompra \u00e0 la fin de l\u2019ann\u00e9e.\" \/>\n<meta property=\"og:url\" content=\"https:\/\/www.ringier.com\/fr\/diffusion-du-magazine-bolero-en-supplement-des-titres-bilanz-et-handelszeitung-developpement-de-la-revue-schweizer-versicherung\/\" \/>\n<meta property=\"og:site_name\" content=\"Ringier\" \/>\n<meta property=\"article:publisher\" content=\"https:\/\/www.facebook.com\/ringierag\/\" \/>\n<meta property=\"article:published_time\" content=\"2018-08-21T08:46:00+00:00\" \/>\n<meta property=\"article:modified_time\" content=\"2024-11-14T10:28:38+00:00\" \/>\n<meta name=\"author\" content=\"Marc Liniger\" \/>\n<meta name=\"twitter:card\" content=\"summary_large_image\" \/>\n<meta name=\"twitter:creator\" content=\"@ringier_ag\" \/>\n<meta name=\"twitter:site\" content=\"@ringier_ag\" \/>\n<meta name=\"twitter:label1\" content=\"\u00c9crit par\" \/>\n\t<meta name=\"twitter:data1\" content=\"Marc Liniger\" \/>\n\t<meta name=\"twitter:label2\" content=\"Dur\u00e9e de lecture estim\u00e9e\" \/>\n\t<meta name=\"twitter:data2\" content=\"2 minutes\" \/>\n<script type=\"application\/ld+json\" class=\"yoast-schema-graph\">{\"@context\":\"https:\/\/schema.org\",\"@graph\":[{\"@type\":\"Article\",\"@id\":\"https:\/\/www.ringier.com\/fr\/diffusion-du-magazine-bolero-en-supplement-des-titres-bilanz-et-handelszeitung-developpement-de-la-revue-schweizer-versicherung\/#article\",\"isPartOf\":{\"@id\":\"https:\/\/www.ringier.com\/fr\/diffusion-du-magazine-bolero-en-supplement-des-titres-bilanz-et-handelszeitung-developpement-de-la-revue-schweizer-versicherung\/\"},\"author\":{\"name\":\"Marc Liniger\",\"@id\":\"https:\/\/www.ringier.com\/fr\/#\/schema\/person\/1e03be3d98efb061d1ca29fef411db66\"},\"headline\":\"Diffusion du magazine Bolero en suppl\u00e9ment des titres Bilanz et Handelszeitung \u2013 D\u00e9veloppement de la revue Schweizer Versicherung\",\"datePublished\":\"2018-08-21T08:46:00+00:00\",\"dateModified\":\"2024-11-14T10:28:38+00:00\",\"mainEntityOfPage\":{\"@id\":\"https:\/\/www.ringier.com\/fr\/diffusion-du-magazine-bolero-en-supplement-des-titres-bilanz-et-handelszeitung-developpement-de-la-revue-schweizer-versicherung\/\"},\"wordCount\":515,\"publisher\":{\"@id\":\"https:\/\/www.ringier.com\/fr\/#organization\"},\"image\":{\"@id\":\"https:\/\/www.ringier.com\/fr\/diffusion-du-magazine-bolero-en-supplement-des-titres-bilanz-et-handelszeitung-developpement-de-la-revue-schweizer-versicherung\/#primaryimage\"},\"thumbnailUrl\":\"https:\/\/www.ringier.com\/wp-content\/uploads\/2021\/09\/Bolero_Logo.svg\",\"articleSection\":[\"Media\",\"Ringier Medias Suisse\"],\"inLanguage\":\"fr-FR\"},{\"@type\":\"WebPage\",\"@id\":\"https:\/\/www.ringier.com\/fr\/diffusion-du-magazine-bolero-en-supplement-des-titres-bilanz-et-handelszeitung-developpement-de-la-revue-schweizer-versicherung\/\",\"url\":\"https:\/\/www.ringier.com\/fr\/diffusion-du-magazine-bolero-en-supplement-des-titres-bilanz-et-handelszeitung-developpement-de-la-revue-schweizer-versicherung\/\",\"name\":\"Diffusion du magazine Bolero en suppl\u00e9ment des titres Bilanz et Handelszeitung \u2013 D\u00e9veloppement de la revue Schweizer Versicherung - Ringier\",\"isPartOf\":{\"@id\":\"https:\/\/www.ringier.com\/fr\/#website\"},\"primaryImageOfPage\":{\"@id\":\"https:\/\/www.ringier.com\/fr\/diffusion-du-magazine-bolero-en-supplement-des-titres-bilanz-et-handelszeitung-developpement-de-la-revue-schweizer-versicherung\/#primaryimage\"},\"image\":{\"@id\":\"https:\/\/www.ringier.com\/fr\/diffusion-du-magazine-bolero-en-supplement-des-titres-bilanz-et-handelszeitung-developpement-de-la-revue-schweizer-versicherung\/#primaryimage\"},\"thumbnailUrl\":\"https:\/\/www.ringier.com\/wp-content\/uploads\/2021\/09\/Bolero_Logo.svg\",\"datePublished\":\"2018-08-21T08:46:00+00:00\",\"dateModified\":\"2024-11-14T10:28:38+00:00\",\"breadcrumb\":{\"@id\":\"https:\/\/www.ringier.com\/fr\/diffusion-du-magazine-bolero-en-supplement-des-titres-bilanz-et-handelszeitung-developpement-de-la-revue-schweizer-versicherung\/#breadcrumb\"},\"inLanguage\":\"fr-FR\",\"potentialAction\":[{\"@type\":\"ReadAction\",\"target\":[\"https:\/\/www.ringier.com\/fr\/diffusion-du-magazine-bolero-en-supplement-des-titres-bilanz-et-handelszeitung-developpement-de-la-revue-schweizer-versicherung\/\"]}]},{\"@type\":\"ImageObject\",\"inLanguage\":\"fr-FR\",\"@id\":\"https:\/\/www.ringier.com\/fr\/diffusion-du-magazine-bolero-en-supplement-des-titres-bilanz-et-handelszeitung-developpement-de-la-revue-schweizer-versicherung\/#primaryimage\",\"url\":\"https:\/\/www.ringier.com\/wp-content\/uploads\/2021\/09\/Bolero_Logo.svg\",\"contentUrl\":\"https:\/\/www.ringier.com\/wp-content\/uploads\/2021\/09\/Bolero_Logo.svg\"},{\"@type\":\"BreadcrumbList\",\"@id\":\"https:\/\/www.ringier.com\/fr\/diffusion-du-magazine-bolero-en-supplement-des-titres-bilanz-et-handelszeitung-developpement-de-la-revue-schweizer-versicherung\/#breadcrumb\",\"itemListElement\":[{\"@type\":\"ListItem\",\"position\":1,\"name\":\"Home\",\"item\":\"https:\/\/www.ringier.com\/fr\/\"},{\"@type\":\"ListItem\",\"position\":2,\"name\":\"Diffusion du magazine Bolero en suppl\u00e9ment des titres Bilanz et Handelszeitung \u2013 D\u00e9veloppement de la revue Schweizer Versicherung\"}]},{\"@type\":\"WebSite\",\"@id\":\"https:\/\/www.ringier.com\/fr\/#website\",\"url\":\"https:\/\/www.ringier.com\/fr\/\",\"name\":\"Ringier\",\"description\":\"We inform. We entertain. We connect\",\"publisher\":{\"@id\":\"https:\/\/www.ringier.com\/fr\/#organization\"},\"potentialAction\":[{\"@type\":\"SearchAction\",\"target\":{\"@type\":\"EntryPoint\",\"urlTemplate\":\"https:\/\/www.ringier.com\/fr\/?s={search_term_string}\"},\"query-input\":{\"@type\":\"PropertyValueSpecification\",\"valueRequired\":true,\"valueName\":\"search_term_string\"}}],\"inLanguage\":\"fr-FR\"},{\"@type\":\"Organization\",\"@id\":\"https:\/\/www.ringier.com\/fr\/#organization\",\"name\":\"Ringier\",\"url\":\"https:\/\/www.ringier.com\/fr\/\",\"logo\":{\"@type\":\"ImageObject\",\"inLanguage\":\"fr-FR\",\"@id\":\"https:\/\/www.ringier.com\/fr\/#\/schema\/logo\/image\/\",\"url\":\"https:\/\/www.ringier.com\/wp-content\/uploads\/2021\/10\/ringier_logo_2.jpg\",\"contentUrl\":\"https:\/\/www.ringier.com\/wp-content\/uploads\/2021\/10\/ringier_logo_2.jpg\",\"width\":750,\"height\":550,\"caption\":\"Ringier\"},\"image\":{\"@id\":\"https:\/\/www.ringier.com\/fr\/#\/schema\/logo\/image\/\"},\"sameAs\":[\"https:\/\/www.facebook.com\/ringierag\/\",\"https:\/\/x.com\/ringier_ag\",\"https:\/\/www.instagram.com\/ringier_ag\/\",\"https:\/\/www.linkedin.com\/company\/ringier\/\",\"https:\/\/www.youtube.com\/user\/RingierComm\",\"https:\/\/en.wikipedia.org\/wiki\/Ringier\",\"https:\/\/de.wikipedia.org\/wiki\/Ringier\",\"https:\/\/fr.wikipedia.org\/wiki\/Ringier\",\"https:\/\/www.crunchbase.com\/organization\/ringier-ag\"]},{\"@type\":\"Person\",\"@id\":\"https:\/\/www.ringier.com\/fr\/#\/schema\/person\/1e03be3d98efb061d1ca29fef411db66\",\"name\":\"Marc Liniger\",\"image\":{\"@type\":\"ImageObject\",\"inLanguage\":\"fr-FR\",\"@id\":\"https:\/\/www.ringier.com\/fr\/#\/schema\/person\/image\/\",\"url\":\"https:\/\/secure.gravatar.com\/avatar\/8d184da6aa7bdcc4d1a251ecaf713aa707e2a4c24b859c6360b2b31b83c1020e?s=96&d=mm&r=g\",\"contentUrl\":\"https:\/\/secure.gravatar.com\/avatar\/8d184da6aa7bdcc4d1a251ecaf713aa707e2a4c24b859c6360b2b31b83c1020e?s=96&d=mm&r=g\",\"caption\":\"Marc Liniger\"},\"sameAs\":[\"https:\/\/www.ringier.com\"]}]}<\/script>\n<!-- \/ Yoast SEO Premium plugin. -->","yoast_head_json":{"title":"Diffusion du magazine Bolero en suppl\u00e9ment des titres Bilanz et Handelszeitung \u2013 D\u00e9veloppement de la revue Schweizer Versicherung - Ringier","robots":{"index":"index","follow":"follow","max-snippet":"max-snippet:-1","max-image-preview":"max-image-preview:large","max-video-preview":"max-video-preview:-1"},"canonical":"https:\/\/www.ringier.com\/fr\/diffusion-du-magazine-bolero-en-supplement-des-titres-bilanz-et-handelszeitung-developpement-de-la-revue-schweizer-versicherung\/","og_locale":"fr_FR","og_type":"article","og_title":"Diffusion du magazine Bolero en suppl\u00e9ment des titres Bilanz et Handelszeitung \u2013 D\u00e9veloppement de la revue Schweizer Versicherung","og_description":"Ringier Axel Springer Suisse SA r\u00e9organise son portefeuille de magazines. Le magazine Bolero devient un suppl\u00e9ment des titres \u00e9conomiques Bilanz et Handelszeitung. En parall\u00e8le, Bolero \u00e9dition fran\u00e7aise et le Bolero Men cessent de para\u00eetre. Parmi les m\u00e9dias \u00e9conomiques de l\u2019\u00e9diteur, la revue sp\u00e9cialis\u00e9e Schweizer Versicherung poursuit son d\u00e9veloppement. En revanche, le mensuel Schweizer Bank s\u2019interrompra \u00e0 la fin de l\u2019ann\u00e9e.","og_url":"https:\/\/www.ringier.com\/fr\/diffusion-du-magazine-bolero-en-supplement-des-titres-bilanz-et-handelszeitung-developpement-de-la-revue-schweizer-versicherung\/","og_site_name":"Ringier","article_publisher":"https:\/\/www.facebook.com\/ringierag\/","article_published_time":"2018-08-21T08:46:00+00:00","article_modified_time":"2024-11-14T10:28:38+00:00","author":"Marc Liniger","twitter_card":"summary_large_image","twitter_creator":"@ringier_ag","twitter_site":"@ringier_ag","twitter_misc":{"\u00c9crit par":"Marc Liniger","Dur\u00e9e de lecture estim\u00e9e":"2 minutes"},"schema":{"@context":"https:\/\/schema.org","@graph":[{"@type":"Article","@id":"https:\/\/www.ringier.com\/fr\/diffusion-du-magazine-bolero-en-supplement-des-titres-bilanz-et-handelszeitung-developpement-de-la-revue-schweizer-versicherung\/#article","isPartOf":{"@id":"https:\/\/www.ringier.com\/fr\/diffusion-du-magazine-bolero-en-supplement-des-titres-bilanz-et-handelszeitung-developpement-de-la-revue-schweizer-versicherung\/"},"author":{"name":"Marc Liniger","@id":"https:\/\/www.ringier.com\/fr\/#\/schema\/person\/1e03be3d98efb061d1ca29fef411db66"},"headline":"Diffusion du magazine Bolero en suppl\u00e9ment des titres Bilanz et Handelszeitung \u2013 D\u00e9veloppement de la revue Schweizer Versicherung","datePublished":"2018-08-21T08:46:00+00:00","dateModified":"2024-11-14T10:28:38+00:00","mainEntityOfPage":{"@id":"https:\/\/www.ringier.com\/fr\/diffusion-du-magazine-bolero-en-supplement-des-titres-bilanz-et-handelszeitung-developpement-de-la-revue-schweizer-versicherung\/"},"wordCount":515,"publisher":{"@id":"https:\/\/www.ringier.com\/fr\/#organization"},"image":{"@id":"https:\/\/www.ringier.com\/fr\/diffusion-du-magazine-bolero-en-supplement-des-titres-bilanz-et-handelszeitung-developpement-de-la-revue-schweizer-versicherung\/#primaryimage"},"thumbnailUrl":"https:\/\/www.ringier.com\/wp-content\/uploads\/2021\/09\/Bolero_Logo.svg","articleSection":["Media","Ringier Medias Suisse"],"inLanguage":"fr-FR"},{"@type":"WebPage","@id":"https:\/\/www.ringier.com\/fr\/diffusion-du-magazine-bolero-en-supplement-des-titres-bilanz-et-handelszeitung-developpement-de-la-revue-schweizer-versicherung\/","url":"https:\/\/www.ringier.com\/fr\/diffusion-du-magazine-bolero-en-supplement-des-titres-bilanz-et-handelszeitung-developpement-de-la-revue-schweizer-versicherung\/","name":"Diffusion du magazine Bolero en suppl\u00e9ment des titres Bilanz et Handelszeitung \u2013 D\u00e9veloppement de la revue Schweizer Versicherung - Ringier","isPartOf":{"@id":"https:\/\/www.ringier.com\/fr\/#website"},"primaryImageOfPage":{"@id":"https:\/\/www.ringier.com\/fr\/diffusion-du-magazine-bolero-en-supplement-des-titres-bilanz-et-handelszeitung-developpement-de-la-revue-schweizer-versicherung\/#primaryimage"},"image":{"@id":"https:\/\/www.ringier.com\/fr\/diffusion-du-magazine-bolero-en-supplement-des-titres-bilanz-et-handelszeitung-developpement-de-la-revue-schweizer-versicherung\/#primaryimage"},"thumbnailUrl":"https:\/\/www.ringier.com\/wp-content\/uploads\/2021\/09\/Bolero_Logo.svg","datePublished":"2018-08-21T08:46:00+00:00","dateModified":"2024-11-14T10:28:38+00:00","breadcrumb":{"@id":"https:\/\/www.ringier.com\/fr\/diffusion-du-magazine-bolero-en-supplement-des-titres-bilanz-et-handelszeitung-developpement-de-la-revue-schweizer-versicherung\/#breadcrumb"},"inLanguage":"fr-FR","potentialAction":[{"@type":"ReadAction","target":["https:\/\/www.ringier.com\/fr\/diffusion-du-magazine-bolero-en-supplement-des-titres-bilanz-et-handelszeitung-developpement-de-la-revue-schweizer-versicherung\/"]}]},{"@type":"ImageObject","inLanguage":"fr-FR","@id":"https:\/\/www.ringier.com\/fr\/diffusion-du-magazine-bolero-en-supplement-des-titres-bilanz-et-handelszeitung-developpement-de-la-revue-schweizer-versicherung\/#primaryimage","url":"https:\/\/www.ringier.com\/wp-content\/uploads\/2021\/09\/Bolero_Logo.svg","contentUrl":"https:\/\/www.ringier.com\/wp-content\/uploads\/2021\/09\/Bolero_Logo.svg"},{"@type":"BreadcrumbList","@id":"https:\/\/www.ringier.com\/fr\/diffusion-du-magazine-bolero-en-supplement-des-titres-bilanz-et-handelszeitung-developpement-de-la-revue-schweizer-versicherung\/#breadcrumb","itemListElement":[{"@type":"ListItem","position":1,"name":"Home","item":"https:\/\/www.ringier.com\/fr\/"},{"@type":"ListItem","position":2,"name":"Diffusion du magazine Bolero en suppl\u00e9ment des titres Bilanz et Handelszeitung \u2013 D\u00e9veloppement de la revue Schweizer Versicherung"}]},{"@type":"WebSite","@id":"https:\/\/www.ringier.com\/fr\/#website","url":"https:\/\/www.ringier.com\/fr\/","name":"Ringier","description":"We inform. We entertain. We connect","publisher":{"@id":"https:\/\/www.ringier.com\/fr\/#organization"},"potentialAction":[{"@type":"SearchAction","target":{"@type":"EntryPoint","urlTemplate":"https:\/\/www.ringier.com\/fr\/?s={search_term_string}"},"query-input":{"@type":"PropertyValueSpecification","valueRequired":true,"valueName":"search_term_string"}}],"inLanguage":"fr-FR"},{"@type":"Organization","@id":"https:\/\/www.ringier.com\/fr\/#organization","name":"Ringier","url":"https:\/\/www.ringier.com\/fr\/","logo":{"@type":"ImageObject","inLanguage":"fr-FR","@id":"https:\/\/www.ringier.com\/fr\/#\/schema\/logo\/image\/","url":"https:\/\/www.ringier.com\/wp-content\/uploads\/2021\/10\/ringier_logo_2.jpg","contentUrl":"https:\/\/www.ringier.com\/wp-content\/uploads\/2021\/10\/ringier_logo_2.jpg","width":750,"height":550,"caption":"Ringier"},"image":{"@id":"https:\/\/www.ringier.com\/fr\/#\/schema\/logo\/image\/"},"sameAs":["https:\/\/www.facebook.com\/ringierag\/","https:\/\/x.com\/ringier_ag","https:\/\/www.instagram.com\/ringier_ag\/","https:\/\/www.linkedin.com\/company\/ringier\/","https:\/\/www.youtube.com\/user\/RingierComm","https:\/\/en.wikipedia.org\/wiki\/Ringier","https:\/\/de.wikipedia.org\/wiki\/Ringier","https:\/\/fr.wikipedia.org\/wiki\/Ringier","https:\/\/www.crunchbase.com\/organization\/ringier-ag"]},{"@type":"Person","@id":"https:\/\/www.ringier.com\/fr\/#\/schema\/person\/1e03be3d98efb061d1ca29fef411db66","name":"Marc Liniger","image":{"@type":"ImageObject","inLanguage":"fr-FR","@id":"https:\/\/www.ringier.com\/fr\/#\/schema\/person\/image\/","url":"https:\/\/secure.gravatar.com\/avatar\/8d184da6aa7bdcc4d1a251ecaf713aa707e2a4c24b859c6360b2b31b83c1020e?s=96&d=mm&r=g","contentUrl":"https:\/\/secure.gravatar.com\/avatar\/8d184da6aa7bdcc4d1a251ecaf713aa707e2a4c24b859c6360b2b31b83c1020e?s=96&d=mm&r=g","caption":"Marc Liniger"},"sameAs":["https:\/\/www.ringier.com"]}]}},"_links":{"self":[{"href":"https:\/\/www.ringier.com\/fr\/wp-json\/wp\/v2\/posts\/8585","targetHints":{"allow":["GET"]}}],"collection":[{"href":"https:\/\/www.ringier.com\/fr\/wp-json\/wp\/v2\/posts"}],"about":[{"href":"https:\/\/www.ringier.com\/fr\/wp-json\/wp\/v2\/types\/post"}],"author":[{"embeddable":true,"href":"https:\/\/www.ringier.com\/fr\/wp-json\/wp\/v2\/users\/7"}],"replies":[{"embeddable":true,"href":"https:\/\/www.ringier.com\/fr\/wp-json\/wp\/v2\/comments?post=8585"}],"version-history":[{"count":0,"href":"https:\/\/www.ringier.com\/fr\/wp-json\/wp\/v2\/posts\/8585\/revisions"}],"wp:featuredmedia":[{"embeddable":true,"href":"https:\/\/www.ringier.com\/fr\/wp-json\/wp\/v2\/media\/3580"}],"wp:attachment":[{"href":"https:\/\/www.ringier.com\/fr\/wp-json\/wp\/v2\/media?parent=8585"}],"wp:term":[{"taxonomy":"category","embeddable":true,"href":"https:\/\/www.ringier.com\/fr\/wp-json\/wp\/v2\/categories?post=8585"},{"taxonomy":"post_tag","embeddable":true,"href":"https:\/\/www.ringier.com\/fr\/wp-json\/wp\/v2\/tags?post=8585"}],"curies":[{"name":"wp","href":"https:\/\/api.w.org\/{rel}","templated":true}]}}