{"id":8164,"date":"2015-04-15T13:41:00","date_gmt":"2015-04-15T11:41:00","guid":{"rendered":"https:\/\/www.ringier.com\/ringier-annual-report-large-or-small\/"},"modified":"2025-06-23T15:55:29","modified_gmt":"2025-06-23T13:55:29","slug":"rapport-annuel-de-ringier-grand-ou-petit","status":"publish","type":"post","link":"https:\/\/www.ringier.com\/fr\/rapport-annuel-de-ringier-grand-ou-petit\/","title":{"rendered":"Rapport annuel de Ringier: GRAND ou petit"},"content":{"rendered":"\n<p>Celui qui feuillette le rapport annuel 2014 de Ringier pourra observer, page apr\u00e8s page, des extraits d\u2019une \u0153uvre intitul\u00e9e \u00ab3031\u00bb, de 8,60 m\u00e8tres de largeur sur 2,75 m\u00e8tres de hauteur: tant\u00f4t uniquement en noir, tant\u00f4t la toile \u00e9crue portant les traces d\u2019impression du plotter. En grand et en petit, la totalit\u00e9 en grand et les petits fragments isol\u00e9s, le noir et le blanc \u2013 le concept de Guyton permet de nombreuses associations.<\/p>\n\n\n\n<p>La brochure comporte ensuite le rapport proprement dit en annexe, con\u00e7u comme un livre d\u2019art. L\u00e0 aussi, Wade Guyton mise sur le GRAND et le petit. Les chiffres sont en GRAND, car ils constituent en r\u00e9alit\u00e9 le c\u0153ur de tout rapport annuel; le texte en revanche est imprim\u00e9 en petits caract\u00e8res. La couleur est totalement absente.<\/p>\n\n\n\n<p>Originaire du Middle West des Etats-Unis, Wade Guyton, 42 ans, s\u2019est install\u00e9 tr\u00e8s jeune \u00e0 New York, o\u00f9 il a notamment travaill\u00e9 comme gardien de nuit. D\u00e8s le d\u00e9but, il a mis\u00e9 sur Photoshop et les imprimantes \u00e0 jet d\u2019encre en tant qu\u2019outils de sa production artistique. Il s\u2019est fait conna\u00eetre avec son grand X, imprim\u00e9 sur des pages de revues et de catalogues. En 2012 d\u00e9j\u00e0, le mus\u00e9e Whitney de New York a accueilli une r\u00e9trospective de Guyton, mais il est \u00e9galement tr\u00e8s pr\u00e9sent en Europe dans diverses expositions.<\/p>\n\n\n\n<p>Le rapport annuel de Ringier est disponible en fran\u00e7ais, allemand et anglais. Il peut \u00eatre t\u00e9l\u00e9charg\u00e9 ou command\u00e9 sur le site web de l\u2019entreprise Ringier&nbsp;<a href=\"http:\/\/www.ringier.com\/de\/media\/jahresberichte\">www.ringier.com<\/a>.<\/p>\n\n\n\n<figure class=\"wp-block-image\"><img decoding=\"async\" src=\"https:\/\/www.ringier.ch\/sites\/default\/files\/styles\/full-page\/public\/images\/jb_d_web.jpg?itok=NIK8jn1T\" alt=\"\"\/><\/figure>\n","protected":false},"excerpt":{"rendered":"<p>Cette ann\u00e9e, pour le rapport annuel de Ringier, l\u2019artiste conceptuel new-yorkais Wade Guyton a fragment\u00e9 une de ses grandes \u0153uvres en 360 morceaux gr\u00e2ce \u00e0 la photographie, et les a rassembl\u00e9s entre deux couvertures de livre \u2013 et voil\u00e0!<\/p>\n","protected":false},"author":23,"featured_media":8155,"comment_status":"closed","ping_status":"open","sticky":false,"template":"","format":"standard","meta":{"inline_featured_image":false,"footnotes":""},"categories":[43],"tags":[],"class_list":["post-8164","post","type-post","status-publish","format-standard","has-post-thumbnail","hentry","category-corporate-fr"],"yoast_head":"<!-- This site is optimized with the Yoast SEO Premium plugin v27.0 (Yoast SEO v27.0) - https:\/\/yoast.com\/product\/yoast-seo-premium-wordpress\/ -->\n<title>Rapport annuel de Ringier: GRAND ou petit - Ringier<\/title>\n<meta name=\"robots\" content=\"index, follow, max-snippet:-1, max-image-preview:large, max-video-preview:-1\" \/>\n<link rel=\"canonical\" href=\"https:\/\/www.ringier.com\/fr\/rapport-annuel-de-ringier-grand-ou-petit\/\" \/>\n<meta property=\"og:locale\" content=\"fr_FR\" \/>\n<meta property=\"og:type\" content=\"article\" \/>\n<meta property=\"og:title\" content=\"Rapport annuel de Ringier: GRAND ou petit\" \/>\n<meta property=\"og:description\" content=\"Cette ann\u00e9e, pour le rapport annuel de Ringier, l\u2019artiste conceptuel new-yorkais Wade Guyton a fragment\u00e9 une de ses grandes \u0153uvres en 360 morceaux gr\u00e2ce \u00e0 la photographie, et les a rassembl\u00e9s entre deux couvertures de livre \u2013 et voil\u00e0!\" \/>\n<meta property=\"og:url\" content=\"https:\/\/www.ringier.com\/fr\/rapport-annuel-de-ringier-grand-ou-petit\/\" \/>\n<meta property=\"og:site_name\" content=\"Ringier\" \/>\n<meta property=\"article:publisher\" content=\"https:\/\/www.facebook.com\/ringierag\/\" \/>\n<meta property=\"article:published_time\" content=\"2015-04-15T11:41:00+00:00\" \/>\n<meta property=\"article:modified_time\" content=\"2025-06-23T13:55:29+00:00\" \/>\n<meta property=\"og:image\" content=\"https:\/\/www.ringier.com\/wp-content\/uploads\/2021\/09\/jb_d_web.jpg\" \/>\n\t<meta property=\"og:image:width\" content=\"750\" \/>\n\t<meta property=\"og:image:height\" content=\"500\" \/>\n\t<meta property=\"og:image:type\" content=\"image\/jpeg\" \/>\n<meta name=\"author\" content=\"Ringier Corporate Communications\" \/>\n<meta name=\"twitter:card\" content=\"summary_large_image\" \/>\n<meta name=\"twitter:creator\" content=\"@ringier_ag\" \/>\n<meta name=\"twitter:site\" content=\"@ringier_ag\" \/>\n<meta name=\"twitter:label1\" content=\"\u00c9crit par\" \/>\n\t<meta name=\"twitter:data1\" content=\"Ringier Corporate Communications\" \/>\n\t<meta name=\"twitter:label2\" content=\"Dur\u00e9e de lecture estim\u00e9e\" \/>\n\t<meta name=\"twitter:data2\" content=\"1 minute\" \/>\n<script type=\"application\/ld+json\" class=\"yoast-schema-graph\">{\"@context\":\"https:\/\/schema.org\",\"@graph\":[{\"@type\":\"Article\",\"@id\":\"https:\/\/www.ringier.com\/fr\/rapport-annuel-de-ringier-grand-ou-petit\/#article\",\"isPartOf\":{\"@id\":\"https:\/\/www.ringier.com\/fr\/rapport-annuel-de-ringier-grand-ou-petit\/\"},\"author\":{\"name\":\"Ringier Corporate Communications\",\"@id\":\"https:\/\/www.ringier.com\/fr\/#\/schema\/person\/4cf76a308dc4b2bb5121bd1e7b752e52\"},\"headline\":\"Rapport annuel de Ringier: GRAND ou petit\",\"datePublished\":\"2015-04-15T11:41:00+00:00\",\"dateModified\":\"2025-06-23T13:55:29+00:00\",\"mainEntityOfPage\":{\"@id\":\"https:\/\/www.ringier.com\/fr\/rapport-annuel-de-ringier-grand-ou-petit\/\"},\"wordCount\":276,\"publisher\":{\"@id\":\"https:\/\/www.ringier.com\/fr\/#organization\"},\"image\":{\"@id\":\"https:\/\/www.ringier.com\/fr\/rapport-annuel-de-ringier-grand-ou-petit\/#primaryimage\"},\"thumbnailUrl\":\"https:\/\/www.ringier.com\/wp-content\/uploads\/2021\/09\/jb_d_web.jpg\",\"articleSection\":[\"Corporate\"],\"inLanguage\":\"fr-FR\"},{\"@type\":\"WebPage\",\"@id\":\"https:\/\/www.ringier.com\/fr\/rapport-annuel-de-ringier-grand-ou-petit\/\",\"url\":\"https:\/\/www.ringier.com\/fr\/rapport-annuel-de-ringier-grand-ou-petit\/\",\"name\":\"Rapport annuel de Ringier: GRAND ou petit - Ringier\",\"isPartOf\":{\"@id\":\"https:\/\/www.ringier.com\/fr\/#website\"},\"primaryImageOfPage\":{\"@id\":\"https:\/\/www.ringier.com\/fr\/rapport-annuel-de-ringier-grand-ou-petit\/#primaryimage\"},\"image\":{\"@id\":\"https:\/\/www.ringier.com\/fr\/rapport-annuel-de-ringier-grand-ou-petit\/#primaryimage\"},\"thumbnailUrl\":\"https:\/\/www.ringier.com\/wp-content\/uploads\/2021\/09\/jb_d_web.jpg\",\"datePublished\":\"2015-04-15T11:41:00+00:00\",\"dateModified\":\"2025-06-23T13:55:29+00:00\",\"breadcrumb\":{\"@id\":\"https:\/\/www.ringier.com\/fr\/rapport-annuel-de-ringier-grand-ou-petit\/#breadcrumb\"},\"inLanguage\":\"fr-FR\",\"potentialAction\":[{\"@type\":\"ReadAction\",\"target\":[\"https:\/\/www.ringier.com\/fr\/rapport-annuel-de-ringier-grand-ou-petit\/\"]}]},{\"@type\":\"ImageObject\",\"inLanguage\":\"fr-FR\",\"@id\":\"https:\/\/www.ringier.com\/fr\/rapport-annuel-de-ringier-grand-ou-petit\/#primaryimage\",\"url\":\"https:\/\/www.ringier.com\/wp-content\/uploads\/2021\/09\/jb_d_web.jpg\",\"contentUrl\":\"https:\/\/www.ringier.com\/wp-content\/uploads\/2021\/09\/jb_d_web.jpg\",\"width\":750,\"height\":500},{\"@type\":\"BreadcrumbList\",\"@id\":\"https:\/\/www.ringier.com\/fr\/rapport-annuel-de-ringier-grand-ou-petit\/#breadcrumb\",\"itemListElement\":[{\"@type\":\"ListItem\",\"position\":1,\"name\":\"Home\",\"item\":\"https:\/\/www.ringier.com\/fr\/\"},{\"@type\":\"ListItem\",\"position\":2,\"name\":\"Rapport annuel de Ringier: GRAND ou petit\"}]},{\"@type\":\"WebSite\",\"@id\":\"https:\/\/www.ringier.com\/fr\/#website\",\"url\":\"https:\/\/www.ringier.com\/fr\/\",\"name\":\"Ringier\",\"description\":\"We inform. We entertain. We connect\",\"publisher\":{\"@id\":\"https:\/\/www.ringier.com\/fr\/#organization\"},\"potentialAction\":[{\"@type\":\"SearchAction\",\"target\":{\"@type\":\"EntryPoint\",\"urlTemplate\":\"https:\/\/www.ringier.com\/fr\/?s={search_term_string}\"},\"query-input\":{\"@type\":\"PropertyValueSpecification\",\"valueRequired\":true,\"valueName\":\"search_term_string\"}}],\"inLanguage\":\"fr-FR\"},{\"@type\":\"Organization\",\"@id\":\"https:\/\/www.ringier.com\/fr\/#organization\",\"name\":\"Ringier\",\"url\":\"https:\/\/www.ringier.com\/fr\/\",\"logo\":{\"@type\":\"ImageObject\",\"inLanguage\":\"fr-FR\",\"@id\":\"https:\/\/www.ringier.com\/fr\/#\/schema\/logo\/image\/\",\"url\":\"https:\/\/www.ringier.com\/wp-content\/uploads\/2021\/10\/ringier_logo_2.jpg\",\"contentUrl\":\"https:\/\/www.ringier.com\/wp-content\/uploads\/2021\/10\/ringier_logo_2.jpg\",\"width\":750,\"height\":550,\"caption\":\"Ringier\"},\"image\":{\"@id\":\"https:\/\/www.ringier.com\/fr\/#\/schema\/logo\/image\/\"},\"sameAs\":[\"https:\/\/www.facebook.com\/ringierag\/\",\"https:\/\/x.com\/ringier_ag\",\"https:\/\/www.instagram.com\/ringier_ag\/\",\"https:\/\/www.linkedin.com\/company\/ringier\/\",\"https:\/\/www.youtube.com\/user\/RingierComm\",\"https:\/\/en.wikipedia.org\/wiki\/Ringier\",\"https:\/\/de.wikipedia.org\/wiki\/Ringier\",\"https:\/\/fr.wikipedia.org\/wiki\/Ringier\",\"https:\/\/www.crunchbase.com\/organization\/ringier-ag\"]},{\"@type\":\"Person\",\"@id\":\"https:\/\/www.ringier.com\/fr\/#\/schema\/person\/4cf76a308dc4b2bb5121bd1e7b752e52\",\"name\":\"Ringier Corporate Communications\",\"image\":{\"@type\":\"ImageObject\",\"inLanguage\":\"fr-FR\",\"@id\":\"https:\/\/www.ringier.com\/fr\/#\/schema\/person\/image\/\",\"url\":\"https:\/\/secure.gravatar.com\/avatar\/9391e20481368d5df4fe3e1e476c13b27786347489822ec1ed07e532bb41f587?s=96&d=mm&r=g\",\"contentUrl\":\"https:\/\/secure.gravatar.com\/avatar\/9391e20481368d5df4fe3e1e476c13b27786347489822ec1ed07e532bb41f587?s=96&d=mm&r=g\",\"caption\":\"Ringier Corporate Communications\"},\"sameAs\":[\"https:\/\/www.ringier.com\"]}]}<\/script>\n<!-- \/ Yoast SEO Premium plugin. -->","yoast_head_json":{"title":"Rapport annuel de Ringier: GRAND ou petit - Ringier","robots":{"index":"index","follow":"follow","max-snippet":"max-snippet:-1","max-image-preview":"max-image-preview:large","max-video-preview":"max-video-preview:-1"},"canonical":"https:\/\/www.ringier.com\/fr\/rapport-annuel-de-ringier-grand-ou-petit\/","og_locale":"fr_FR","og_type":"article","og_title":"Rapport annuel de Ringier: GRAND ou petit","og_description":"Cette ann\u00e9e, pour le rapport annuel de Ringier, l\u2019artiste conceptuel new-yorkais Wade Guyton a fragment\u00e9 une de ses grandes \u0153uvres en 360 morceaux gr\u00e2ce \u00e0 la photographie, et les a rassembl\u00e9s entre deux couvertures de livre \u2013 et voil\u00e0!","og_url":"https:\/\/www.ringier.com\/fr\/rapport-annuel-de-ringier-grand-ou-petit\/","og_site_name":"Ringier","article_publisher":"https:\/\/www.facebook.com\/ringierag\/","article_published_time":"2015-04-15T11:41:00+00:00","article_modified_time":"2025-06-23T13:55:29+00:00","og_image":[{"width":750,"height":500,"url":"https:\/\/www.ringier.com\/wp-content\/uploads\/2021\/09\/jb_d_web.jpg","type":"image\/jpeg"}],"author":"Ringier Corporate Communications","twitter_card":"summary_large_image","twitter_creator":"@ringier_ag","twitter_site":"@ringier_ag","twitter_misc":{"\u00c9crit par":"Ringier Corporate Communications","Dur\u00e9e de lecture estim\u00e9e":"1 minute"},"schema":{"@context":"https:\/\/schema.org","@graph":[{"@type":"Article","@id":"https:\/\/www.ringier.com\/fr\/rapport-annuel-de-ringier-grand-ou-petit\/#article","isPartOf":{"@id":"https:\/\/www.ringier.com\/fr\/rapport-annuel-de-ringier-grand-ou-petit\/"},"author":{"name":"Ringier Corporate Communications","@id":"https:\/\/www.ringier.com\/fr\/#\/schema\/person\/4cf76a308dc4b2bb5121bd1e7b752e52"},"headline":"Rapport annuel de Ringier: GRAND ou petit","datePublished":"2015-04-15T11:41:00+00:00","dateModified":"2025-06-23T13:55:29+00:00","mainEntityOfPage":{"@id":"https:\/\/www.ringier.com\/fr\/rapport-annuel-de-ringier-grand-ou-petit\/"},"wordCount":276,"publisher":{"@id":"https:\/\/www.ringier.com\/fr\/#organization"},"image":{"@id":"https:\/\/www.ringier.com\/fr\/rapport-annuel-de-ringier-grand-ou-petit\/#primaryimage"},"thumbnailUrl":"https:\/\/www.ringier.com\/wp-content\/uploads\/2021\/09\/jb_d_web.jpg","articleSection":["Corporate"],"inLanguage":"fr-FR"},{"@type":"WebPage","@id":"https:\/\/www.ringier.com\/fr\/rapport-annuel-de-ringier-grand-ou-petit\/","url":"https:\/\/www.ringier.com\/fr\/rapport-annuel-de-ringier-grand-ou-petit\/","name":"Rapport annuel de Ringier: GRAND ou petit - Ringier","isPartOf":{"@id":"https:\/\/www.ringier.com\/fr\/#website"},"primaryImageOfPage":{"@id":"https:\/\/www.ringier.com\/fr\/rapport-annuel-de-ringier-grand-ou-petit\/#primaryimage"},"image":{"@id":"https:\/\/www.ringier.com\/fr\/rapport-annuel-de-ringier-grand-ou-petit\/#primaryimage"},"thumbnailUrl":"https:\/\/www.ringier.com\/wp-content\/uploads\/2021\/09\/jb_d_web.jpg","datePublished":"2015-04-15T11:41:00+00:00","dateModified":"2025-06-23T13:55:29+00:00","breadcrumb":{"@id":"https:\/\/www.ringier.com\/fr\/rapport-annuel-de-ringier-grand-ou-petit\/#breadcrumb"},"inLanguage":"fr-FR","potentialAction":[{"@type":"ReadAction","target":["https:\/\/www.ringier.com\/fr\/rapport-annuel-de-ringier-grand-ou-petit\/"]}]},{"@type":"ImageObject","inLanguage":"fr-FR","@id":"https:\/\/www.ringier.com\/fr\/rapport-annuel-de-ringier-grand-ou-petit\/#primaryimage","url":"https:\/\/www.ringier.com\/wp-content\/uploads\/2021\/09\/jb_d_web.jpg","contentUrl":"https:\/\/www.ringier.com\/wp-content\/uploads\/2021\/09\/jb_d_web.jpg","width":750,"height":500},{"@type":"BreadcrumbList","@id":"https:\/\/www.ringier.com\/fr\/rapport-annuel-de-ringier-grand-ou-petit\/#breadcrumb","itemListElement":[{"@type":"ListItem","position":1,"name":"Home","item":"https:\/\/www.ringier.com\/fr\/"},{"@type":"ListItem","position":2,"name":"Rapport annuel de Ringier: GRAND ou petit"}]},{"@type":"WebSite","@id":"https:\/\/www.ringier.com\/fr\/#website","url":"https:\/\/www.ringier.com\/fr\/","name":"Ringier","description":"We inform. We entertain. We connect","publisher":{"@id":"https:\/\/www.ringier.com\/fr\/#organization"},"potentialAction":[{"@type":"SearchAction","target":{"@type":"EntryPoint","urlTemplate":"https:\/\/www.ringier.com\/fr\/?s={search_term_string}"},"query-input":{"@type":"PropertyValueSpecification","valueRequired":true,"valueName":"search_term_string"}}],"inLanguage":"fr-FR"},{"@type":"Organization","@id":"https:\/\/www.ringier.com\/fr\/#organization","name":"Ringier","url":"https:\/\/www.ringier.com\/fr\/","logo":{"@type":"ImageObject","inLanguage":"fr-FR","@id":"https:\/\/www.ringier.com\/fr\/#\/schema\/logo\/image\/","url":"https:\/\/www.ringier.com\/wp-content\/uploads\/2021\/10\/ringier_logo_2.jpg","contentUrl":"https:\/\/www.ringier.com\/wp-content\/uploads\/2021\/10\/ringier_logo_2.jpg","width":750,"height":550,"caption":"Ringier"},"image":{"@id":"https:\/\/www.ringier.com\/fr\/#\/schema\/logo\/image\/"},"sameAs":["https:\/\/www.facebook.com\/ringierag\/","https:\/\/x.com\/ringier_ag","https:\/\/www.instagram.com\/ringier_ag\/","https:\/\/www.linkedin.com\/company\/ringier\/","https:\/\/www.youtube.com\/user\/RingierComm","https:\/\/en.wikipedia.org\/wiki\/Ringier","https:\/\/de.wikipedia.org\/wiki\/Ringier","https:\/\/fr.wikipedia.org\/wiki\/Ringier","https:\/\/www.crunchbase.com\/organization\/ringier-ag"]},{"@type":"Person","@id":"https:\/\/www.ringier.com\/fr\/#\/schema\/person\/4cf76a308dc4b2bb5121bd1e7b752e52","name":"Ringier Corporate Communications","image":{"@type":"ImageObject","inLanguage":"fr-FR","@id":"https:\/\/www.ringier.com\/fr\/#\/schema\/person\/image\/","url":"https:\/\/secure.gravatar.com\/avatar\/9391e20481368d5df4fe3e1e476c13b27786347489822ec1ed07e532bb41f587?s=96&d=mm&r=g","contentUrl":"https:\/\/secure.gravatar.com\/avatar\/9391e20481368d5df4fe3e1e476c13b27786347489822ec1ed07e532bb41f587?s=96&d=mm&r=g","caption":"Ringier Corporate Communications"},"sameAs":["https:\/\/www.ringier.com"]}]}},"_links":{"self":[{"href":"https:\/\/www.ringier.com\/fr\/wp-json\/wp\/v2\/posts\/8164","targetHints":{"allow":["GET"]}}],"collection":[{"href":"https:\/\/www.ringier.com\/fr\/wp-json\/wp\/v2\/posts"}],"about":[{"href":"https:\/\/www.ringier.com\/fr\/wp-json\/wp\/v2\/types\/post"}],"author":[{"embeddable":true,"href":"https:\/\/www.ringier.com\/fr\/wp-json\/wp\/v2\/users\/23"}],"replies":[{"embeddable":true,"href":"https:\/\/www.ringier.com\/fr\/wp-json\/wp\/v2\/comments?post=8164"}],"version-history":[{"count":0,"href":"https:\/\/www.ringier.com\/fr\/wp-json\/wp\/v2\/posts\/8164\/revisions"}],"wp:featuredmedia":[{"embeddable":true,"href":"https:\/\/www.ringier.com\/fr\/wp-json\/wp\/v2\/media\/8155"}],"wp:attachment":[{"href":"https:\/\/www.ringier.com\/fr\/wp-json\/wp\/v2\/media?parent=8164"}],"wp:term":[{"taxonomy":"category","embeddable":true,"href":"https:\/\/www.ringier.com\/fr\/wp-json\/wp\/v2\/categories?post=8164"},{"taxonomy":"post_tag","embeddable":true,"href":"https:\/\/www.ringier.com\/fr\/wp-json\/wp\/v2\/tags?post=8164"}],"curies":[{"name":"wp","href":"https:\/\/api.w.org\/{rel}","templated":true}]}}