{"id":814,"date":"2021-03-05T09:36:00","date_gmt":"2021-03-05T08:36:00","guid":{"rendered":"https:\/\/www.ringier.com\/brack-ch-ab-dem-1-juli-2021-nicht-mehr-titelsponsor-der-challenge-league\/"},"modified":"2025-06-27T15:56:55","modified_gmt":"2025-06-27T13:56:55","slug":"brack-ch-ne-sera-plus-le-sponsor-titre-de-la-challenge-league-a-compter-du-1er-juillet-2021","status":"publish","type":"post","link":"https:\/\/www.ringier.com\/fr\/brack-ch-ne-sera-plus-le-sponsor-titre-de-la-challenge-league-a-compter-du-1er-juillet-2021\/","title":{"rendered":"BRACK.CH ne sera plus le sponsor titre de la Challenge League \u00e0 compter du 1er juillet 2021"},"content":{"rendered":"\n<p>Simon Thoma, responsable du marketing chez BRACK.CH, d\u00e9clare: \u00abLe parrainage du titre de la Challenge League reste un jalon important dans l\u2019histoire de notre entreprise. Nous tenons \u00e0 remercier Ringier Sports et les clubs de la Challenge League pour l\u2019excellente collaboration au cours des huit derni\u00e8res ann\u00e9es et les nombreuses r\u00e9ussites communes. Nous continuons \u00e0 soutenir fortement la ligue et tous les clubs.\u00bb<\/p>\n\n\n\n<p>Martin Blaser, CEO de Ringier Sports, s\u2019exprime: \u00abNous sommes vraiment navr\u00e9s de perdre BRACK.CH, un partenaire commercial de longue date. La collaboration entre les deux parties a \u00e9t\u00e9 fructueuse jusqu\u2019\u00e0 ce jour. Dans notre fonction de distributeur global de la Swiss Football League, nous regardons vers l\u2019avenir et esp\u00e9rons que, malgr\u00e9 la situation difficile actuelle, nous parviendrons \u00e0 attirer une soci\u00e9t\u00e9 qui prendra la succession de cet engagement.\u00bb<\/p>\n\n\n\n<p><strong>\u00c0 propos de Ringier Sports<\/strong><\/p>\n\n\n\n<p>Ringier Sports SA se concentre sur le march\u00e9 suisse et sur les activit\u00e9s relatives au d\u00e9veloppement, \u00e0 la mise en sc\u00e8ne et \u00e0 la commercialisation. L&rsquo;accent est mis sur des sports pratiqu\u00e9s par le grand public comme le football et le hockey sur glace, ainsi que sur des sports comptant de nombreux sportifs licenci\u00e9s et\/ou pratiquants. L&rsquo;objectif de Ringier Sports SA et de la nouvelle structure est la commercialisation des associations, clubs et organisations suisses ainsi que d&rsquo;\u00e9v\u00e9nements nationaux et internationaux sur le march\u00e9 suisse. Parall\u00e8lement, Ringier Sports SA et la nouvelle structure se concentrent sur la valorisation de droits commerciaux portant sur des ligues nationales, ainsi que sur le d\u00e9veloppement et la commercialisation futurs de formats d&rsquo;\u00e9v\u00e9nement et de championnat \u00e0 caract\u00e8re national. Dans ce cadre, Ringier Sports peut compter sur la longue expertise de ses collaborateurs et sur un vaste r\u00e9seau de partenaires \u00e9tablis et renomm\u00e9s.<\/p>\n\n\n\n<p><strong>A propos de BRACK.CH<\/strong><\/p>\n\n\n\n<p>BRACK.CH est une entreprise commerciale suisse. Fond\u00e9e en 1994 par Roland Brack qui en \u00e9tait le seul employ\u00e9, l\u2019entreprise s\u2019est rapidement d\u00e9velopp\u00e9e au cours des ann\u00e9es suivantes. D\u00e8s le d\u00e9but, BRACK.CH a mis\u00e9 sur l\u2019Internet et le commerce \u00e9lectronique. Aujourd\u2019hui, la soci\u00e9t\u00e9 BRACK.CH AG r\u00e9alise la majeure partie de son chiffre d\u2019affaires par le biais de sa boutique en ligne BRACK.CH.<\/p>\n\n\n\n<p>BRACK.CH AG fait partie du groupe d\u2019entreprises Competec. Le groupe Competec emploie plus de 920 personnes sur ses sites de M\u00e4genwil AG, Willisau LU, Renens VD, Rothrist AG, Zurich et Cracovie\/Pologne. Roland Brack est le fondateur et le propri\u00e9taire de Competec.<\/p>\n","protected":false},"excerpt":{"rendered":"<p>Depuis le 1er juillet 2013, BRACK.CH s\u2019engage en tant que sponsor titre de la Challenge League, la deuxi\u00e8me plus haute division du football de club suisse. Dans le cadre d\u2019une r\u00e9orientation strat\u00e9gique de ses activit\u00e9s de sponsoring, BRACK.CH se concentrera d\u00e9sormais plus fortement sur le sport de masse et le sport des jeunes. Pour cette raison, BRACK.CH ne renouvelle pas son contrat qui expire le 30 juin 2021.<\/p>\n","protected":false},"author":7,"featured_media":813,"comment_status":"closed","ping_status":"open","sticky":false,"template":"","format":"standard","meta":{"inline_featured_image":false,"footnotes":""},"categories":[43],"tags":[],"class_list":["post-814","post","type-post","status-publish","format-standard","has-post-thumbnail","hentry","category-corporate-fr"],"yoast_head":"<!-- This site is optimized with the Yoast SEO Premium plugin v27.0 (Yoast SEO v27.0) - https:\/\/yoast.com\/product\/yoast-seo-premium-wordpress\/ -->\n<title>BRACK.CH ne sera plus le sponsor titre de la Challenge League \u00e0 compter du 1er juillet 2021 - Ringier<\/title>\n<meta name=\"robots\" content=\"index, follow, max-snippet:-1, max-image-preview:large, max-video-preview:-1\" \/>\n<link rel=\"canonical\" href=\"https:\/\/www.ringier.com\/fr\/brack-ch-ne-sera-plus-le-sponsor-titre-de-la-challenge-league-a-compter-du-1er-juillet-2021\/\" \/>\n<meta property=\"og:locale\" content=\"fr_FR\" \/>\n<meta property=\"og:type\" content=\"article\" \/>\n<meta property=\"og:title\" content=\"BRACK.CH ne sera plus le sponsor titre de la Challenge League \u00e0 compter du 1er juillet 2021\" \/>\n<meta property=\"og:description\" content=\"Depuis le 1er juillet 2013, BRACK.CH s\u2019engage en tant que sponsor titre de la Challenge League, la deuxi\u00e8me plus haute division du football de club suisse. Dans le cadre d\u2019une r\u00e9orientation strat\u00e9gique de ses activit\u00e9s de sponsoring, BRACK.CH se concentrera d\u00e9sormais plus fortement sur le sport de masse et le sport des jeunes. Pour cette raison, BRACK.CH ne renouvelle pas son contrat qui expire le 30 juin 2021.\" \/>\n<meta property=\"og:url\" content=\"https:\/\/www.ringier.com\/fr\/brack-ch-ne-sera-plus-le-sponsor-titre-de-la-challenge-league-a-compter-du-1er-juillet-2021\/\" \/>\n<meta property=\"og:site_name\" content=\"Ringier\" \/>\n<meta property=\"article:publisher\" content=\"https:\/\/www.facebook.com\/ringierag\/\" \/>\n<meta property=\"article:published_time\" content=\"2021-03-05T08:36:00+00:00\" \/>\n<meta property=\"article:modified_time\" content=\"2025-06-27T13:56:55+00:00\" \/>\n<meta property=\"og:image\" content=\"https:\/\/www.ringier.com\/wp-content\/uploads\/2021\/08\/ringiersports_mit_stadion-scaled.jpg\" \/>\n\t<meta property=\"og:image:width\" content=\"2560\" \/>\n\t<meta property=\"og:image:height\" content=\"1707\" \/>\n\t<meta property=\"og:image:type\" content=\"image\/jpeg\" \/>\n<meta name=\"author\" content=\"Marc Liniger\" \/>\n<meta name=\"twitter:card\" content=\"summary_large_image\" \/>\n<meta name=\"twitter:creator\" content=\"@ringier_ag\" \/>\n<meta name=\"twitter:site\" content=\"@ringier_ag\" \/>\n<meta name=\"twitter:label1\" content=\"\u00c9crit par\" \/>\n\t<meta name=\"twitter:data1\" content=\"Marc Liniger\" \/>\n\t<meta name=\"twitter:label2\" content=\"Dur\u00e9e de lecture estim\u00e9e\" \/>\n\t<meta name=\"twitter:data2\" content=\"3 minutes\" \/>\n<script type=\"application\/ld+json\" class=\"yoast-schema-graph\">{\"@context\":\"https:\/\/schema.org\",\"@graph\":[{\"@type\":\"Article\",\"@id\":\"https:\/\/www.ringier.com\/fr\/brack-ch-ne-sera-plus-le-sponsor-titre-de-la-challenge-league-a-compter-du-1er-juillet-2021\/#article\",\"isPartOf\":{\"@id\":\"https:\/\/www.ringier.com\/fr\/brack-ch-ne-sera-plus-le-sponsor-titre-de-la-challenge-league-a-compter-du-1er-juillet-2021\/\"},\"author\":{\"name\":\"Marc Liniger\",\"@id\":\"https:\/\/www.ringier.com\/fr\/#\/schema\/person\/1e03be3d98efb061d1ca29fef411db66\"},\"headline\":\"BRACK.CH ne sera plus le sponsor titre de la Challenge League \u00e0 compter du 1er juillet 2021\",\"datePublished\":\"2021-03-05T08:36:00+00:00\",\"dateModified\":\"2025-06-27T13:56:55+00:00\",\"mainEntityOfPage\":{\"@id\":\"https:\/\/www.ringier.com\/fr\/brack-ch-ne-sera-plus-le-sponsor-titre-de-la-challenge-league-a-compter-du-1er-juillet-2021\/\"},\"wordCount\":450,\"publisher\":{\"@id\":\"https:\/\/www.ringier.com\/fr\/#organization\"},\"image\":{\"@id\":\"https:\/\/www.ringier.com\/fr\/brack-ch-ne-sera-plus-le-sponsor-titre-de-la-challenge-league-a-compter-du-1er-juillet-2021\/#primaryimage\"},\"thumbnailUrl\":\"https:\/\/www.ringier.com\/wp-content\/uploads\/2021\/08\/ringiersports_mit_stadion-scaled.jpg\",\"articleSection\":[\"Corporate\"],\"inLanguage\":\"fr-FR\"},{\"@type\":\"WebPage\",\"@id\":\"https:\/\/www.ringier.com\/fr\/brack-ch-ne-sera-plus-le-sponsor-titre-de-la-challenge-league-a-compter-du-1er-juillet-2021\/\",\"url\":\"https:\/\/www.ringier.com\/fr\/brack-ch-ne-sera-plus-le-sponsor-titre-de-la-challenge-league-a-compter-du-1er-juillet-2021\/\",\"name\":\"BRACK.CH ne sera plus le sponsor titre de la Challenge League \u00e0 compter du 1er juillet 2021 - Ringier\",\"isPartOf\":{\"@id\":\"https:\/\/www.ringier.com\/fr\/#website\"},\"primaryImageOfPage\":{\"@id\":\"https:\/\/www.ringier.com\/fr\/brack-ch-ne-sera-plus-le-sponsor-titre-de-la-challenge-league-a-compter-du-1er-juillet-2021\/#primaryimage\"},\"image\":{\"@id\":\"https:\/\/www.ringier.com\/fr\/brack-ch-ne-sera-plus-le-sponsor-titre-de-la-challenge-league-a-compter-du-1er-juillet-2021\/#primaryimage\"},\"thumbnailUrl\":\"https:\/\/www.ringier.com\/wp-content\/uploads\/2021\/08\/ringiersports_mit_stadion-scaled.jpg\",\"datePublished\":\"2021-03-05T08:36:00+00:00\",\"dateModified\":\"2025-06-27T13:56:55+00:00\",\"breadcrumb\":{\"@id\":\"https:\/\/www.ringier.com\/fr\/brack-ch-ne-sera-plus-le-sponsor-titre-de-la-challenge-league-a-compter-du-1er-juillet-2021\/#breadcrumb\"},\"inLanguage\":\"fr-FR\",\"potentialAction\":[{\"@type\":\"ReadAction\",\"target\":[\"https:\/\/www.ringier.com\/fr\/brack-ch-ne-sera-plus-le-sponsor-titre-de-la-challenge-league-a-compter-du-1er-juillet-2021\/\"]}]},{\"@type\":\"ImageObject\",\"inLanguage\":\"fr-FR\",\"@id\":\"https:\/\/www.ringier.com\/fr\/brack-ch-ne-sera-plus-le-sponsor-titre-de-la-challenge-league-a-compter-du-1er-juillet-2021\/#primaryimage\",\"url\":\"https:\/\/www.ringier.com\/wp-content\/uploads\/2021\/08\/ringiersports_mit_stadion-scaled.jpg\",\"contentUrl\":\"https:\/\/www.ringier.com\/wp-content\/uploads\/2021\/08\/ringiersports_mit_stadion-scaled.jpg\",\"width\":2560,\"height\":1707},{\"@type\":\"BreadcrumbList\",\"@id\":\"https:\/\/www.ringier.com\/fr\/brack-ch-ne-sera-plus-le-sponsor-titre-de-la-challenge-league-a-compter-du-1er-juillet-2021\/#breadcrumb\",\"itemListElement\":[{\"@type\":\"ListItem\",\"position\":1,\"name\":\"Home\",\"item\":\"https:\/\/www.ringier.com\/fr\/\"},{\"@type\":\"ListItem\",\"position\":2,\"name\":\"BRACK.CH ne sera plus le sponsor titre de la Challenge League \u00e0 compter du 1er juillet 2021\"}]},{\"@type\":\"WebSite\",\"@id\":\"https:\/\/www.ringier.com\/fr\/#website\",\"url\":\"https:\/\/www.ringier.com\/fr\/\",\"name\":\"Ringier\",\"description\":\"We inform. We entertain. We connect\",\"publisher\":{\"@id\":\"https:\/\/www.ringier.com\/fr\/#organization\"},\"potentialAction\":[{\"@type\":\"SearchAction\",\"target\":{\"@type\":\"EntryPoint\",\"urlTemplate\":\"https:\/\/www.ringier.com\/fr\/?s={search_term_string}\"},\"query-input\":{\"@type\":\"PropertyValueSpecification\",\"valueRequired\":true,\"valueName\":\"search_term_string\"}}],\"inLanguage\":\"fr-FR\"},{\"@type\":\"Organization\",\"@id\":\"https:\/\/www.ringier.com\/fr\/#organization\",\"name\":\"Ringier\",\"url\":\"https:\/\/www.ringier.com\/fr\/\",\"logo\":{\"@type\":\"ImageObject\",\"inLanguage\":\"fr-FR\",\"@id\":\"https:\/\/www.ringier.com\/fr\/#\/schema\/logo\/image\/\",\"url\":\"https:\/\/www.ringier.com\/wp-content\/uploads\/2021\/10\/ringier_logo_2.jpg\",\"contentUrl\":\"https:\/\/www.ringier.com\/wp-content\/uploads\/2021\/10\/ringier_logo_2.jpg\",\"width\":750,\"height\":550,\"caption\":\"Ringier\"},\"image\":{\"@id\":\"https:\/\/www.ringier.com\/fr\/#\/schema\/logo\/image\/\"},\"sameAs\":[\"https:\/\/www.facebook.com\/ringierag\/\",\"https:\/\/x.com\/ringier_ag\",\"https:\/\/www.instagram.com\/ringier_ag\/\",\"https:\/\/www.linkedin.com\/company\/ringier\/\",\"https:\/\/www.youtube.com\/user\/RingierComm\",\"https:\/\/en.wikipedia.org\/wiki\/Ringier\",\"https:\/\/de.wikipedia.org\/wiki\/Ringier\",\"https:\/\/fr.wikipedia.org\/wiki\/Ringier\",\"https:\/\/www.crunchbase.com\/organization\/ringier-ag\"]},{\"@type\":\"Person\",\"@id\":\"https:\/\/www.ringier.com\/fr\/#\/schema\/person\/1e03be3d98efb061d1ca29fef411db66\",\"name\":\"Marc Liniger\",\"image\":{\"@type\":\"ImageObject\",\"inLanguage\":\"fr-FR\",\"@id\":\"https:\/\/www.ringier.com\/fr\/#\/schema\/person\/image\/\",\"url\":\"https:\/\/secure.gravatar.com\/avatar\/8d184da6aa7bdcc4d1a251ecaf713aa707e2a4c24b859c6360b2b31b83c1020e?s=96&d=mm&r=g\",\"contentUrl\":\"https:\/\/secure.gravatar.com\/avatar\/8d184da6aa7bdcc4d1a251ecaf713aa707e2a4c24b859c6360b2b31b83c1020e?s=96&d=mm&r=g\",\"caption\":\"Marc Liniger\"},\"sameAs\":[\"https:\/\/www.ringier.com\"]}]}<\/script>\n<!-- \/ Yoast SEO Premium plugin. -->","yoast_head_json":{"title":"BRACK.CH ne sera plus le sponsor titre de la Challenge League \u00e0 compter du 1er juillet 2021 - Ringier","robots":{"index":"index","follow":"follow","max-snippet":"max-snippet:-1","max-image-preview":"max-image-preview:large","max-video-preview":"max-video-preview:-1"},"canonical":"https:\/\/www.ringier.com\/fr\/brack-ch-ne-sera-plus-le-sponsor-titre-de-la-challenge-league-a-compter-du-1er-juillet-2021\/","og_locale":"fr_FR","og_type":"article","og_title":"BRACK.CH ne sera plus le sponsor titre de la Challenge League \u00e0 compter du 1er juillet 2021","og_description":"Depuis le 1er juillet 2013, BRACK.CH s\u2019engage en tant que sponsor titre de la Challenge League, la deuxi\u00e8me plus haute division du football de club suisse. Dans le cadre d\u2019une r\u00e9orientation strat\u00e9gique de ses activit\u00e9s de sponsoring, BRACK.CH se concentrera d\u00e9sormais plus fortement sur le sport de masse et le sport des jeunes. Pour cette raison, BRACK.CH ne renouvelle pas son contrat qui expire le 30 juin 2021.","og_url":"https:\/\/www.ringier.com\/fr\/brack-ch-ne-sera-plus-le-sponsor-titre-de-la-challenge-league-a-compter-du-1er-juillet-2021\/","og_site_name":"Ringier","article_publisher":"https:\/\/www.facebook.com\/ringierag\/","article_published_time":"2021-03-05T08:36:00+00:00","article_modified_time":"2025-06-27T13:56:55+00:00","og_image":[{"width":2560,"height":1707,"url":"https:\/\/www.ringier.com\/wp-content\/uploads\/2021\/08\/ringiersports_mit_stadion-scaled.jpg","type":"image\/jpeg"}],"author":"Marc Liniger","twitter_card":"summary_large_image","twitter_creator":"@ringier_ag","twitter_site":"@ringier_ag","twitter_misc":{"\u00c9crit par":"Marc Liniger","Dur\u00e9e de lecture estim\u00e9e":"3 minutes"},"schema":{"@context":"https:\/\/schema.org","@graph":[{"@type":"Article","@id":"https:\/\/www.ringier.com\/fr\/brack-ch-ne-sera-plus-le-sponsor-titre-de-la-challenge-league-a-compter-du-1er-juillet-2021\/#article","isPartOf":{"@id":"https:\/\/www.ringier.com\/fr\/brack-ch-ne-sera-plus-le-sponsor-titre-de-la-challenge-league-a-compter-du-1er-juillet-2021\/"},"author":{"name":"Marc Liniger","@id":"https:\/\/www.ringier.com\/fr\/#\/schema\/person\/1e03be3d98efb061d1ca29fef411db66"},"headline":"BRACK.CH ne sera plus le sponsor titre de la Challenge League \u00e0 compter du 1er juillet 2021","datePublished":"2021-03-05T08:36:00+00:00","dateModified":"2025-06-27T13:56:55+00:00","mainEntityOfPage":{"@id":"https:\/\/www.ringier.com\/fr\/brack-ch-ne-sera-plus-le-sponsor-titre-de-la-challenge-league-a-compter-du-1er-juillet-2021\/"},"wordCount":450,"publisher":{"@id":"https:\/\/www.ringier.com\/fr\/#organization"},"image":{"@id":"https:\/\/www.ringier.com\/fr\/brack-ch-ne-sera-plus-le-sponsor-titre-de-la-challenge-league-a-compter-du-1er-juillet-2021\/#primaryimage"},"thumbnailUrl":"https:\/\/www.ringier.com\/wp-content\/uploads\/2021\/08\/ringiersports_mit_stadion-scaled.jpg","articleSection":["Corporate"],"inLanguage":"fr-FR"},{"@type":"WebPage","@id":"https:\/\/www.ringier.com\/fr\/brack-ch-ne-sera-plus-le-sponsor-titre-de-la-challenge-league-a-compter-du-1er-juillet-2021\/","url":"https:\/\/www.ringier.com\/fr\/brack-ch-ne-sera-plus-le-sponsor-titre-de-la-challenge-league-a-compter-du-1er-juillet-2021\/","name":"BRACK.CH ne sera plus le sponsor titre de la Challenge League \u00e0 compter du 1er juillet 2021 - Ringier","isPartOf":{"@id":"https:\/\/www.ringier.com\/fr\/#website"},"primaryImageOfPage":{"@id":"https:\/\/www.ringier.com\/fr\/brack-ch-ne-sera-plus-le-sponsor-titre-de-la-challenge-league-a-compter-du-1er-juillet-2021\/#primaryimage"},"image":{"@id":"https:\/\/www.ringier.com\/fr\/brack-ch-ne-sera-plus-le-sponsor-titre-de-la-challenge-league-a-compter-du-1er-juillet-2021\/#primaryimage"},"thumbnailUrl":"https:\/\/www.ringier.com\/wp-content\/uploads\/2021\/08\/ringiersports_mit_stadion-scaled.jpg","datePublished":"2021-03-05T08:36:00+00:00","dateModified":"2025-06-27T13:56:55+00:00","breadcrumb":{"@id":"https:\/\/www.ringier.com\/fr\/brack-ch-ne-sera-plus-le-sponsor-titre-de-la-challenge-league-a-compter-du-1er-juillet-2021\/#breadcrumb"},"inLanguage":"fr-FR","potentialAction":[{"@type":"ReadAction","target":["https:\/\/www.ringier.com\/fr\/brack-ch-ne-sera-plus-le-sponsor-titre-de-la-challenge-league-a-compter-du-1er-juillet-2021\/"]}]},{"@type":"ImageObject","inLanguage":"fr-FR","@id":"https:\/\/www.ringier.com\/fr\/brack-ch-ne-sera-plus-le-sponsor-titre-de-la-challenge-league-a-compter-du-1er-juillet-2021\/#primaryimage","url":"https:\/\/www.ringier.com\/wp-content\/uploads\/2021\/08\/ringiersports_mit_stadion-scaled.jpg","contentUrl":"https:\/\/www.ringier.com\/wp-content\/uploads\/2021\/08\/ringiersports_mit_stadion-scaled.jpg","width":2560,"height":1707},{"@type":"BreadcrumbList","@id":"https:\/\/www.ringier.com\/fr\/brack-ch-ne-sera-plus-le-sponsor-titre-de-la-challenge-league-a-compter-du-1er-juillet-2021\/#breadcrumb","itemListElement":[{"@type":"ListItem","position":1,"name":"Home","item":"https:\/\/www.ringier.com\/fr\/"},{"@type":"ListItem","position":2,"name":"BRACK.CH ne sera plus le sponsor titre de la Challenge League \u00e0 compter du 1er juillet 2021"}]},{"@type":"WebSite","@id":"https:\/\/www.ringier.com\/fr\/#website","url":"https:\/\/www.ringier.com\/fr\/","name":"Ringier","description":"We inform. We entertain. We connect","publisher":{"@id":"https:\/\/www.ringier.com\/fr\/#organization"},"potentialAction":[{"@type":"SearchAction","target":{"@type":"EntryPoint","urlTemplate":"https:\/\/www.ringier.com\/fr\/?s={search_term_string}"},"query-input":{"@type":"PropertyValueSpecification","valueRequired":true,"valueName":"search_term_string"}}],"inLanguage":"fr-FR"},{"@type":"Organization","@id":"https:\/\/www.ringier.com\/fr\/#organization","name":"Ringier","url":"https:\/\/www.ringier.com\/fr\/","logo":{"@type":"ImageObject","inLanguage":"fr-FR","@id":"https:\/\/www.ringier.com\/fr\/#\/schema\/logo\/image\/","url":"https:\/\/www.ringier.com\/wp-content\/uploads\/2021\/10\/ringier_logo_2.jpg","contentUrl":"https:\/\/www.ringier.com\/wp-content\/uploads\/2021\/10\/ringier_logo_2.jpg","width":750,"height":550,"caption":"Ringier"},"image":{"@id":"https:\/\/www.ringier.com\/fr\/#\/schema\/logo\/image\/"},"sameAs":["https:\/\/www.facebook.com\/ringierag\/","https:\/\/x.com\/ringier_ag","https:\/\/www.instagram.com\/ringier_ag\/","https:\/\/www.linkedin.com\/company\/ringier\/","https:\/\/www.youtube.com\/user\/RingierComm","https:\/\/en.wikipedia.org\/wiki\/Ringier","https:\/\/de.wikipedia.org\/wiki\/Ringier","https:\/\/fr.wikipedia.org\/wiki\/Ringier","https:\/\/www.crunchbase.com\/organization\/ringier-ag"]},{"@type":"Person","@id":"https:\/\/www.ringier.com\/fr\/#\/schema\/person\/1e03be3d98efb061d1ca29fef411db66","name":"Marc Liniger","image":{"@type":"ImageObject","inLanguage":"fr-FR","@id":"https:\/\/www.ringier.com\/fr\/#\/schema\/person\/image\/","url":"https:\/\/secure.gravatar.com\/avatar\/8d184da6aa7bdcc4d1a251ecaf713aa707e2a4c24b859c6360b2b31b83c1020e?s=96&d=mm&r=g","contentUrl":"https:\/\/secure.gravatar.com\/avatar\/8d184da6aa7bdcc4d1a251ecaf713aa707e2a4c24b859c6360b2b31b83c1020e?s=96&d=mm&r=g","caption":"Marc Liniger"},"sameAs":["https:\/\/www.ringier.com"]}]}},"_links":{"self":[{"href":"https:\/\/www.ringier.com\/fr\/wp-json\/wp\/v2\/posts\/814","targetHints":{"allow":["GET"]}}],"collection":[{"href":"https:\/\/www.ringier.com\/fr\/wp-json\/wp\/v2\/posts"}],"about":[{"href":"https:\/\/www.ringier.com\/fr\/wp-json\/wp\/v2\/types\/post"}],"author":[{"embeddable":true,"href":"https:\/\/www.ringier.com\/fr\/wp-json\/wp\/v2\/users\/7"}],"replies":[{"embeddable":true,"href":"https:\/\/www.ringier.com\/fr\/wp-json\/wp\/v2\/comments?post=814"}],"version-history":[{"count":0,"href":"https:\/\/www.ringier.com\/fr\/wp-json\/wp\/v2\/posts\/814\/revisions"}],"wp:featuredmedia":[{"embeddable":true,"href":"https:\/\/www.ringier.com\/fr\/wp-json\/wp\/v2\/media\/813"}],"wp:attachment":[{"href":"https:\/\/www.ringier.com\/fr\/wp-json\/wp\/v2\/media?parent=814"}],"wp:term":[{"taxonomy":"category","embeddable":true,"href":"https:\/\/www.ringier.com\/fr\/wp-json\/wp\/v2\/categories?post=814"},{"taxonomy":"post_tag","embeddable":true,"href":"https:\/\/www.ringier.com\/fr\/wp-json\/wp\/v2\/tags?post=814"}],"curies":[{"name":"wp","href":"https:\/\/api.w.org\/{rel}","templated":true}]}}