{"id":782,"date":"2021-08-07T22:15:00","date_gmt":"2021-08-07T20:15:00","guid":{"rendered":"https:\/\/www.ringier.com\/hans-ringier-stiftung-peter-sloterdijk-mit-dem-europapreis-fuer-politische-kultur-2021-ausgezeichnet\/"},"modified":"2025-06-23T14:41:36","modified_gmt":"2025-06-23T12:41:36","slug":"fondation-hans-ringier-peter-sloterdijk-a-recu-le-prix-europeen-de-la-culture-politique-2021","status":"publish","type":"post","link":"https:\/\/www.ringier.com\/fr\/fondation-hans-ringier-peter-sloterdijk-a-recu-le-prix-europeen-de-la-culture-politique-2021\/","title":{"rendered":"Fondation Hans Ringier: Peter Sloterdijk a re\u00e7u le \u00abPrix europ\u00e9en de la culture politique 2021\u00bb"},"content":{"rendered":"\n<p>Peter Sloterdijk a re\u00e7u aujourd\u2019hui \u00e0 Ascona le \u00abPrix europ\u00e9en de la culture politique\u00bb d\u00e9cern\u00e9 par la Fondation Hans Ringier. \u00abAvec sa pens\u00e9e provocatrice, le philosophe allemand remue sans cesse les consciences de ses contemporains, et notamment des politiciens. Penseur infatigable, dans la plus pure tradition r\u00e9publicaine bourgeoise, Peter Sloterdijk accompagne notre civilisation occidentale et lib\u00e9rale en la contredisant parfois, mais en l\u2019approuvant d\u2019autres fois\u00bb, d\u00e9clare Frank A. Meyer, pr\u00e9sident de la Fondation Hans Ringier, au sujet du choix du laur\u00e9at de cette ann\u00e9e.<br>&nbsp;<br>Christian Lindner, pr\u00e9sident f\u00e9d\u00e9ral des lib\u00e9raux d\u00e9mocrates et membre du Parlement allemand, a salu\u00e9 le laur\u00e9at dans son \u00e9loge: \u00abPeter Sloterdijk est le ma\u00eetre de la provocation intellectuelle. Ses r\u00e9flexions sur la politique apparaissent comme des exp\u00e9riences qui consistent parfois aussi \u00e0 observer les r\u00e9flexes des voix adverses qui s\u2019\u00e9l\u00e8vent. Il apporte ainsi une contribution exclusive \u00e0 la revitalisation et \u00e0 l\u2019autor\u00e9flexion de la culture politique. Ses cr\u00e9ations verbales n\u2019expriment pas seulement des observations, mais t\u00e9moignent \u00e9galement d\u2019un subtil sens de l\u2019humour. Aucun intellectuel contemporain n\u2019a des formules qui allient aussi bien \u00e9rudition et divertissement que les siennes\u00bb.<br>&nbsp;<br>La remise du prix a eu lieu lors du traditionnel \u00abD\u00eener R\u00e9publicain\u00bb, qui se tient chaque ann\u00e9e sur l\u2019invitation de Frank A. Meyer \u00e0 l\u2019h\u00f4tel Castello del Sole \u00e0 Ascona.<\/p>\n\n\n\n<div class=\"wp-block-media-text alignwide is-stacked-on-mobile\"><figure class=\"wp-block-media-text__media\"><img loading=\"lazy\" decoding=\"async\" width=\"1024\" height=\"683\" src=\"https:\/\/www.ringier.com\/wp-content\/uploads\/2021\/08\/Europapreis-2021-1024x683.jpg\" alt=\"\" class=\"wp-image-777 size-full\" srcset=\"https:\/\/www.ringier.com\/wp-content\/uploads\/2021\/08\/Europapreis-2021-1024x683.jpg 1024w, https:\/\/www.ringier.com\/wp-content\/uploads\/2021\/08\/Europapreis-2021-300x200.jpg 300w, https:\/\/www.ringier.com\/wp-content\/uploads\/2021\/08\/Europapreis-2021-768x512.jpg 768w, https:\/\/www.ringier.com\/wp-content\/uploads\/2021\/08\/Europapreis-2021-1536x1024.jpg 1536w, https:\/\/www.ringier.com\/wp-content\/uploads\/2021\/08\/Europapreis-2021-2048x1365.jpg 2048w\" sizes=\"auto, (max-width: 1024px) 100vw, 1024px\" \/><\/figure><div class=\"wp-block-media-text__content\">\n<p class=\"has-normal-font-size\">Frank A. Meyer | Christian Lindner&nbsp;| Peter Sloterdijk<\/p>\n\n\n\n<p class=\"has-normal-font-size\"><br>Artiste:&nbsp;Tania Jacobi<\/p>\n<\/div><\/div>\n\n\n\n<hr class=\"wp-block-separator has-css-opacity\"\/>\n\n\n\n<div class=\"wp-block-file\"><a href=\"https:\/\/www.ringier.com\/wp-content\/uploads\/2021\/08\/Europapreis-2021-scaled.jpg\">Diner Republicain 2021<\/a><a href=\"https:\/\/www.ringier.com\/wp-content\/uploads\/2021\/08\/Europapreis-2021-scaled.jpg\" class=\"wp-block-file__button wp-element-button\" download>Download<\/a><\/div>\n","protected":false},"excerpt":{"rendered":"<p>Le \u00abPrix europ\u00e9en de la culture politique\u00bb de la Fondation Hans Ringier, dot\u00e9 de 50 000 euros, a \u00e9t\u00e9 d\u00e9cern\u00e9 pour l\u2019ann\u00e9e 2021 au philosophe Peter Sloterdijk. C\u2019est un grand penseur europ\u00e9en qui est r\u00e9compens\u00e9. Le \u00abPrix europ\u00e9en de la culture politique\u00bb existe depuis quinze ans maintenant et a d\u00e9j\u00e0 \u00e9t\u00e9 d\u00e9cern\u00e9 \u00e0 Jean-Claude Juncker, Boris Tadi\u0107, J\u00fcrgen Habermas, Pascal Lamy, Jean-Claude Trichet, Hans-Dietrich Genscher, Donald Tusk, Wolfgang Sch\u00e4uble, Heinrich August Winkler, Mario Draghi, Frank-Walter Steinmeier, Margrethe Vestager, Sir Christopher Munro Clark et Zuzana Caputov\u00e1.<\/p>\n","protected":false},"author":23,"featured_media":10326,"comment_status":"closed","ping_status":"open","sticky":false,"template":"","format":"standard","meta":{"inline_featured_image":false,"footnotes":""},"categories":[43],"tags":[],"class_list":["post-782","post","type-post","status-publish","format-standard","has-post-thumbnail","hentry","category-corporate-fr"],"yoast_head":"<!-- This site is optimized with the Yoast SEO Premium plugin v27.0 (Yoast SEO v27.0) - https:\/\/yoast.com\/product\/yoast-seo-premium-wordpress\/ -->\n<title>Fondation Hans Ringier: Peter Sloterdijk a re\u00e7u le \u00abPrix europ\u00e9en de la culture politique 2021\u00bb - Ringier<\/title>\n<meta name=\"robots\" content=\"index, follow, max-snippet:-1, max-image-preview:large, max-video-preview:-1\" \/>\n<link rel=\"canonical\" href=\"https:\/\/www.ringier.com\/fr\/fondation-hans-ringier-peter-sloterdijk-a-recu-le-prix-europeen-de-la-culture-politique-2021\/\" \/>\n<meta property=\"og:locale\" content=\"fr_FR\" \/>\n<meta property=\"og:type\" content=\"article\" \/>\n<meta property=\"og:title\" content=\"Fondation Hans Ringier: Peter Sloterdijk a re\u00e7u le \u00abPrix europ\u00e9en de la culture politique 2021\u00bb\" \/>\n<meta property=\"og:description\" content=\"Le \u00abPrix europ\u00e9en de la culture politique\u00bb de la Fondation Hans Ringier, dot\u00e9 de 50 000 euros, a \u00e9t\u00e9 d\u00e9cern\u00e9 pour l\u2019ann\u00e9e 2021 au philosophe Peter Sloterdijk. C\u2019est un grand penseur europ\u00e9en qui est r\u00e9compens\u00e9. Le \u00abPrix europ\u00e9en de la culture politique\u00bb existe depuis quinze ans maintenant et a d\u00e9j\u00e0 \u00e9t\u00e9 d\u00e9cern\u00e9 \u00e0 Jean-Claude Juncker, Boris Tadi\u0107, J\u00fcrgen Habermas, Pascal Lamy, Jean-Claude Trichet, Hans-Dietrich Genscher, Donald Tusk, Wolfgang Sch\u00e4uble, Heinrich August Winkler, Mario Draghi, Frank-Walter Steinmeier, Margrethe Vestager, Sir Christopher Munro Clark et Zuzana Caputov\u00e1.\" \/>\n<meta property=\"og:url\" content=\"https:\/\/www.ringier.com\/fr\/fondation-hans-ringier-peter-sloterdijk-a-recu-le-prix-europeen-de-la-culture-politique-2021\/\" \/>\n<meta property=\"og:site_name\" content=\"Ringier\" \/>\n<meta property=\"article:publisher\" content=\"https:\/\/www.facebook.com\/ringierag\/\" \/>\n<meta property=\"article:published_time\" content=\"2021-08-07T20:15:00+00:00\" \/>\n<meta property=\"article:modified_time\" content=\"2025-06-23T12:41:36+00:00\" \/>\n<meta property=\"og:image\" content=\"https:\/\/www.ringier.com\/wp-content\/uploads\/2021\/08\/Europapreis-2021-1-scaled.jpg\" \/>\n\t<meta property=\"og:image:width\" content=\"2560\" \/>\n\t<meta property=\"og:image:height\" content=\"1339\" \/>\n\t<meta property=\"og:image:type\" content=\"image\/jpeg\" \/>\n<meta name=\"author\" content=\"Ringier Corporate Communications\" \/>\n<meta name=\"twitter:card\" content=\"summary_large_image\" \/>\n<meta name=\"twitter:creator\" content=\"@ringier_ag\" \/>\n<meta name=\"twitter:site\" content=\"@ringier_ag\" \/>\n<meta name=\"twitter:label1\" content=\"\u00c9crit par\" \/>\n\t<meta name=\"twitter:data1\" content=\"Ringier Corporate Communications\" \/>\n\t<meta name=\"twitter:label2\" content=\"Dur\u00e9e de lecture estim\u00e9e\" \/>\n\t<meta name=\"twitter:data2\" content=\"2 minutes\" \/>\n<script type=\"application\/ld+json\" class=\"yoast-schema-graph\">{\"@context\":\"https:\/\/schema.org\",\"@graph\":[{\"@type\":\"Article\",\"@id\":\"https:\/\/www.ringier.com\/fr\/fondation-hans-ringier-peter-sloterdijk-a-recu-le-prix-europeen-de-la-culture-politique-2021\/#article\",\"isPartOf\":{\"@id\":\"https:\/\/www.ringier.com\/fr\/fondation-hans-ringier-peter-sloterdijk-a-recu-le-prix-europeen-de-la-culture-politique-2021\/\"},\"author\":{\"name\":\"Ringier Corporate Communications\",\"@id\":\"https:\/\/www.ringier.com\/fr\/#\/schema\/person\/4cf76a308dc4b2bb5121bd1e7b752e52\"},\"headline\":\"Fondation Hans Ringier: Peter Sloterdijk a re\u00e7u le \u00abPrix europ\u00e9en de la culture politique 2021\u00bb\",\"datePublished\":\"2021-08-07T20:15:00+00:00\",\"dateModified\":\"2025-06-23T12:41:36+00:00\",\"mainEntityOfPage\":{\"@id\":\"https:\/\/www.ringier.com\/fr\/fondation-hans-ringier-peter-sloterdijk-a-recu-le-prix-europeen-de-la-culture-politique-2021\/\"},\"wordCount\":278,\"publisher\":{\"@id\":\"https:\/\/www.ringier.com\/fr\/#organization\"},\"image\":{\"@id\":\"https:\/\/www.ringier.com\/fr\/fondation-hans-ringier-peter-sloterdijk-a-recu-le-prix-europeen-de-la-culture-politique-2021\/#primaryimage\"},\"thumbnailUrl\":\"https:\/\/www.ringier.com\/wp-content\/uploads\/2021\/08\/Europapreis-2021-1-scaled.jpg\",\"articleSection\":[\"Corporate\"],\"inLanguage\":\"fr-FR\"},{\"@type\":\"WebPage\",\"@id\":\"https:\/\/www.ringier.com\/fr\/fondation-hans-ringier-peter-sloterdijk-a-recu-le-prix-europeen-de-la-culture-politique-2021\/\",\"url\":\"https:\/\/www.ringier.com\/fr\/fondation-hans-ringier-peter-sloterdijk-a-recu-le-prix-europeen-de-la-culture-politique-2021\/\",\"name\":\"Fondation Hans Ringier: Peter Sloterdijk a re\u00e7u le \u00abPrix europ\u00e9en de la culture politique 2021\u00bb - Ringier\",\"isPartOf\":{\"@id\":\"https:\/\/www.ringier.com\/fr\/#website\"},\"primaryImageOfPage\":{\"@id\":\"https:\/\/www.ringier.com\/fr\/fondation-hans-ringier-peter-sloterdijk-a-recu-le-prix-europeen-de-la-culture-politique-2021\/#primaryimage\"},\"image\":{\"@id\":\"https:\/\/www.ringier.com\/fr\/fondation-hans-ringier-peter-sloterdijk-a-recu-le-prix-europeen-de-la-culture-politique-2021\/#primaryimage\"},\"thumbnailUrl\":\"https:\/\/www.ringier.com\/wp-content\/uploads\/2021\/08\/Europapreis-2021-1-scaled.jpg\",\"datePublished\":\"2021-08-07T20:15:00+00:00\",\"dateModified\":\"2025-06-23T12:41:36+00:00\",\"breadcrumb\":{\"@id\":\"https:\/\/www.ringier.com\/fr\/fondation-hans-ringier-peter-sloterdijk-a-recu-le-prix-europeen-de-la-culture-politique-2021\/#breadcrumb\"},\"inLanguage\":\"fr-FR\",\"potentialAction\":[{\"@type\":\"ReadAction\",\"target\":[\"https:\/\/www.ringier.com\/fr\/fondation-hans-ringier-peter-sloterdijk-a-recu-le-prix-europeen-de-la-culture-politique-2021\/\"]}]},{\"@type\":\"ImageObject\",\"inLanguage\":\"fr-FR\",\"@id\":\"https:\/\/www.ringier.com\/fr\/fondation-hans-ringier-peter-sloterdijk-a-recu-le-prix-europeen-de-la-culture-politique-2021\/#primaryimage\",\"url\":\"https:\/\/www.ringier.com\/wp-content\/uploads\/2021\/08\/Europapreis-2021-1-scaled.jpg\",\"contentUrl\":\"https:\/\/www.ringier.com\/wp-content\/uploads\/2021\/08\/Europapreis-2021-1-scaled.jpg\",\"width\":2560,\"height\":1339,\"caption\":\"Ascona, Castello del Sole (TI), 7.8.2021 -- Europapreis geht an Peter Sloterdijk. Bild vlnr: Frank A. Meyer, Gastgeber, Christian Lindner, Bundesvorsitzender der Freien Demokraten, Peter Sloterdijk, Preistr\u00e4ger. Foto: Karl-Heinz Hug\"},{\"@type\":\"BreadcrumbList\",\"@id\":\"https:\/\/www.ringier.com\/fr\/fondation-hans-ringier-peter-sloterdijk-a-recu-le-prix-europeen-de-la-culture-politique-2021\/#breadcrumb\",\"itemListElement\":[{\"@type\":\"ListItem\",\"position\":1,\"name\":\"Home\",\"item\":\"https:\/\/www.ringier.com\/fr\/\"},{\"@type\":\"ListItem\",\"position\":2,\"name\":\"Fondation Hans Ringier: Peter Sloterdijk a re\u00e7u le \u00abPrix europ\u00e9en de la culture politique 2021\u00bb\"}]},{\"@type\":\"WebSite\",\"@id\":\"https:\/\/www.ringier.com\/fr\/#website\",\"url\":\"https:\/\/www.ringier.com\/fr\/\",\"name\":\"Ringier\",\"description\":\"We inform. We entertain. We connect\",\"publisher\":{\"@id\":\"https:\/\/www.ringier.com\/fr\/#organization\"},\"potentialAction\":[{\"@type\":\"SearchAction\",\"target\":{\"@type\":\"EntryPoint\",\"urlTemplate\":\"https:\/\/www.ringier.com\/fr\/?s={search_term_string}\"},\"query-input\":{\"@type\":\"PropertyValueSpecification\",\"valueRequired\":true,\"valueName\":\"search_term_string\"}}],\"inLanguage\":\"fr-FR\"},{\"@type\":\"Organization\",\"@id\":\"https:\/\/www.ringier.com\/fr\/#organization\",\"name\":\"Ringier\",\"url\":\"https:\/\/www.ringier.com\/fr\/\",\"logo\":{\"@type\":\"ImageObject\",\"inLanguage\":\"fr-FR\",\"@id\":\"https:\/\/www.ringier.com\/fr\/#\/schema\/logo\/image\/\",\"url\":\"https:\/\/www.ringier.com\/wp-content\/uploads\/2021\/10\/ringier_logo_2.jpg\",\"contentUrl\":\"https:\/\/www.ringier.com\/wp-content\/uploads\/2021\/10\/ringier_logo_2.jpg\",\"width\":750,\"height\":550,\"caption\":\"Ringier\"},\"image\":{\"@id\":\"https:\/\/www.ringier.com\/fr\/#\/schema\/logo\/image\/\"},\"sameAs\":[\"https:\/\/www.facebook.com\/ringierag\/\",\"https:\/\/x.com\/ringier_ag\",\"https:\/\/www.instagram.com\/ringier_ag\/\",\"https:\/\/www.linkedin.com\/company\/ringier\/\",\"https:\/\/www.youtube.com\/user\/RingierComm\",\"https:\/\/en.wikipedia.org\/wiki\/Ringier\",\"https:\/\/de.wikipedia.org\/wiki\/Ringier\",\"https:\/\/fr.wikipedia.org\/wiki\/Ringier\",\"https:\/\/www.crunchbase.com\/organization\/ringier-ag\"]},{\"@type\":\"Person\",\"@id\":\"https:\/\/www.ringier.com\/fr\/#\/schema\/person\/4cf76a308dc4b2bb5121bd1e7b752e52\",\"name\":\"Ringier Corporate Communications\",\"image\":{\"@type\":\"ImageObject\",\"inLanguage\":\"fr-FR\",\"@id\":\"https:\/\/www.ringier.com\/fr\/#\/schema\/person\/image\/\",\"url\":\"https:\/\/secure.gravatar.com\/avatar\/9391e20481368d5df4fe3e1e476c13b27786347489822ec1ed07e532bb41f587?s=96&d=mm&r=g\",\"contentUrl\":\"https:\/\/secure.gravatar.com\/avatar\/9391e20481368d5df4fe3e1e476c13b27786347489822ec1ed07e532bb41f587?s=96&d=mm&r=g\",\"caption\":\"Ringier Corporate Communications\"},\"sameAs\":[\"https:\/\/www.ringier.com\"]}]}<\/script>\n<!-- \/ Yoast SEO Premium plugin. -->","yoast_head_json":{"title":"Fondation Hans Ringier: Peter Sloterdijk a re\u00e7u le \u00abPrix europ\u00e9en de la culture politique 2021\u00bb - Ringier","robots":{"index":"index","follow":"follow","max-snippet":"max-snippet:-1","max-image-preview":"max-image-preview:large","max-video-preview":"max-video-preview:-1"},"canonical":"https:\/\/www.ringier.com\/fr\/fondation-hans-ringier-peter-sloterdijk-a-recu-le-prix-europeen-de-la-culture-politique-2021\/","og_locale":"fr_FR","og_type":"article","og_title":"Fondation Hans Ringier: Peter Sloterdijk a re\u00e7u le \u00abPrix europ\u00e9en de la culture politique 2021\u00bb","og_description":"Le \u00abPrix europ\u00e9en de la culture politique\u00bb de la Fondation Hans Ringier, dot\u00e9 de 50 000 euros, a \u00e9t\u00e9 d\u00e9cern\u00e9 pour l\u2019ann\u00e9e 2021 au philosophe Peter Sloterdijk. C\u2019est un grand penseur europ\u00e9en qui est r\u00e9compens\u00e9. Le \u00abPrix europ\u00e9en de la culture politique\u00bb existe depuis quinze ans maintenant et a d\u00e9j\u00e0 \u00e9t\u00e9 d\u00e9cern\u00e9 \u00e0 Jean-Claude Juncker, Boris Tadi\u0107, J\u00fcrgen Habermas, Pascal Lamy, Jean-Claude Trichet, Hans-Dietrich Genscher, Donald Tusk, Wolfgang Sch\u00e4uble, Heinrich August Winkler, Mario Draghi, Frank-Walter Steinmeier, Margrethe Vestager, Sir Christopher Munro Clark et Zuzana Caputov\u00e1.","og_url":"https:\/\/www.ringier.com\/fr\/fondation-hans-ringier-peter-sloterdijk-a-recu-le-prix-europeen-de-la-culture-politique-2021\/","og_site_name":"Ringier","article_publisher":"https:\/\/www.facebook.com\/ringierag\/","article_published_time":"2021-08-07T20:15:00+00:00","article_modified_time":"2025-06-23T12:41:36+00:00","og_image":[{"width":2560,"height":1339,"url":"https:\/\/www.ringier.com\/wp-content\/uploads\/2021\/08\/Europapreis-2021-1-scaled.jpg","type":"image\/jpeg"}],"author":"Ringier Corporate Communications","twitter_card":"summary_large_image","twitter_creator":"@ringier_ag","twitter_site":"@ringier_ag","twitter_misc":{"\u00c9crit par":"Ringier Corporate Communications","Dur\u00e9e de lecture estim\u00e9e":"2 minutes"},"schema":{"@context":"https:\/\/schema.org","@graph":[{"@type":"Article","@id":"https:\/\/www.ringier.com\/fr\/fondation-hans-ringier-peter-sloterdijk-a-recu-le-prix-europeen-de-la-culture-politique-2021\/#article","isPartOf":{"@id":"https:\/\/www.ringier.com\/fr\/fondation-hans-ringier-peter-sloterdijk-a-recu-le-prix-europeen-de-la-culture-politique-2021\/"},"author":{"name":"Ringier Corporate Communications","@id":"https:\/\/www.ringier.com\/fr\/#\/schema\/person\/4cf76a308dc4b2bb5121bd1e7b752e52"},"headline":"Fondation Hans Ringier: Peter Sloterdijk a re\u00e7u le \u00abPrix europ\u00e9en de la culture politique 2021\u00bb","datePublished":"2021-08-07T20:15:00+00:00","dateModified":"2025-06-23T12:41:36+00:00","mainEntityOfPage":{"@id":"https:\/\/www.ringier.com\/fr\/fondation-hans-ringier-peter-sloterdijk-a-recu-le-prix-europeen-de-la-culture-politique-2021\/"},"wordCount":278,"publisher":{"@id":"https:\/\/www.ringier.com\/fr\/#organization"},"image":{"@id":"https:\/\/www.ringier.com\/fr\/fondation-hans-ringier-peter-sloterdijk-a-recu-le-prix-europeen-de-la-culture-politique-2021\/#primaryimage"},"thumbnailUrl":"https:\/\/www.ringier.com\/wp-content\/uploads\/2021\/08\/Europapreis-2021-1-scaled.jpg","articleSection":["Corporate"],"inLanguage":"fr-FR"},{"@type":"WebPage","@id":"https:\/\/www.ringier.com\/fr\/fondation-hans-ringier-peter-sloterdijk-a-recu-le-prix-europeen-de-la-culture-politique-2021\/","url":"https:\/\/www.ringier.com\/fr\/fondation-hans-ringier-peter-sloterdijk-a-recu-le-prix-europeen-de-la-culture-politique-2021\/","name":"Fondation Hans Ringier: Peter Sloterdijk a re\u00e7u le \u00abPrix europ\u00e9en de la culture politique 2021\u00bb - Ringier","isPartOf":{"@id":"https:\/\/www.ringier.com\/fr\/#website"},"primaryImageOfPage":{"@id":"https:\/\/www.ringier.com\/fr\/fondation-hans-ringier-peter-sloterdijk-a-recu-le-prix-europeen-de-la-culture-politique-2021\/#primaryimage"},"image":{"@id":"https:\/\/www.ringier.com\/fr\/fondation-hans-ringier-peter-sloterdijk-a-recu-le-prix-europeen-de-la-culture-politique-2021\/#primaryimage"},"thumbnailUrl":"https:\/\/www.ringier.com\/wp-content\/uploads\/2021\/08\/Europapreis-2021-1-scaled.jpg","datePublished":"2021-08-07T20:15:00+00:00","dateModified":"2025-06-23T12:41:36+00:00","breadcrumb":{"@id":"https:\/\/www.ringier.com\/fr\/fondation-hans-ringier-peter-sloterdijk-a-recu-le-prix-europeen-de-la-culture-politique-2021\/#breadcrumb"},"inLanguage":"fr-FR","potentialAction":[{"@type":"ReadAction","target":["https:\/\/www.ringier.com\/fr\/fondation-hans-ringier-peter-sloterdijk-a-recu-le-prix-europeen-de-la-culture-politique-2021\/"]}]},{"@type":"ImageObject","inLanguage":"fr-FR","@id":"https:\/\/www.ringier.com\/fr\/fondation-hans-ringier-peter-sloterdijk-a-recu-le-prix-europeen-de-la-culture-politique-2021\/#primaryimage","url":"https:\/\/www.ringier.com\/wp-content\/uploads\/2021\/08\/Europapreis-2021-1-scaled.jpg","contentUrl":"https:\/\/www.ringier.com\/wp-content\/uploads\/2021\/08\/Europapreis-2021-1-scaled.jpg","width":2560,"height":1339,"caption":"Ascona, Castello del Sole (TI), 7.8.2021 -- Europapreis geht an Peter Sloterdijk. Bild vlnr: Frank A. Meyer, Gastgeber, Christian Lindner, Bundesvorsitzender der Freien Demokraten, Peter Sloterdijk, Preistr\u00e4ger. Foto: Karl-Heinz Hug"},{"@type":"BreadcrumbList","@id":"https:\/\/www.ringier.com\/fr\/fondation-hans-ringier-peter-sloterdijk-a-recu-le-prix-europeen-de-la-culture-politique-2021\/#breadcrumb","itemListElement":[{"@type":"ListItem","position":1,"name":"Home","item":"https:\/\/www.ringier.com\/fr\/"},{"@type":"ListItem","position":2,"name":"Fondation Hans Ringier: Peter Sloterdijk a re\u00e7u le \u00abPrix europ\u00e9en de la culture politique 2021\u00bb"}]},{"@type":"WebSite","@id":"https:\/\/www.ringier.com\/fr\/#website","url":"https:\/\/www.ringier.com\/fr\/","name":"Ringier","description":"We inform. We entertain. We connect","publisher":{"@id":"https:\/\/www.ringier.com\/fr\/#organization"},"potentialAction":[{"@type":"SearchAction","target":{"@type":"EntryPoint","urlTemplate":"https:\/\/www.ringier.com\/fr\/?s={search_term_string}"},"query-input":{"@type":"PropertyValueSpecification","valueRequired":true,"valueName":"search_term_string"}}],"inLanguage":"fr-FR"},{"@type":"Organization","@id":"https:\/\/www.ringier.com\/fr\/#organization","name":"Ringier","url":"https:\/\/www.ringier.com\/fr\/","logo":{"@type":"ImageObject","inLanguage":"fr-FR","@id":"https:\/\/www.ringier.com\/fr\/#\/schema\/logo\/image\/","url":"https:\/\/www.ringier.com\/wp-content\/uploads\/2021\/10\/ringier_logo_2.jpg","contentUrl":"https:\/\/www.ringier.com\/wp-content\/uploads\/2021\/10\/ringier_logo_2.jpg","width":750,"height":550,"caption":"Ringier"},"image":{"@id":"https:\/\/www.ringier.com\/fr\/#\/schema\/logo\/image\/"},"sameAs":["https:\/\/www.facebook.com\/ringierag\/","https:\/\/x.com\/ringier_ag","https:\/\/www.instagram.com\/ringier_ag\/","https:\/\/www.linkedin.com\/company\/ringier\/","https:\/\/www.youtube.com\/user\/RingierComm","https:\/\/en.wikipedia.org\/wiki\/Ringier","https:\/\/de.wikipedia.org\/wiki\/Ringier","https:\/\/fr.wikipedia.org\/wiki\/Ringier","https:\/\/www.crunchbase.com\/organization\/ringier-ag"]},{"@type":"Person","@id":"https:\/\/www.ringier.com\/fr\/#\/schema\/person\/4cf76a308dc4b2bb5121bd1e7b752e52","name":"Ringier Corporate Communications","image":{"@type":"ImageObject","inLanguage":"fr-FR","@id":"https:\/\/www.ringier.com\/fr\/#\/schema\/person\/image\/","url":"https:\/\/secure.gravatar.com\/avatar\/9391e20481368d5df4fe3e1e476c13b27786347489822ec1ed07e532bb41f587?s=96&d=mm&r=g","contentUrl":"https:\/\/secure.gravatar.com\/avatar\/9391e20481368d5df4fe3e1e476c13b27786347489822ec1ed07e532bb41f587?s=96&d=mm&r=g","caption":"Ringier Corporate Communications"},"sameAs":["https:\/\/www.ringier.com"]}]}},"_links":{"self":[{"href":"https:\/\/www.ringier.com\/fr\/wp-json\/wp\/v2\/posts\/782","targetHints":{"allow":["GET"]}}],"collection":[{"href":"https:\/\/www.ringier.com\/fr\/wp-json\/wp\/v2\/posts"}],"about":[{"href":"https:\/\/www.ringier.com\/fr\/wp-json\/wp\/v2\/types\/post"}],"author":[{"embeddable":true,"href":"https:\/\/www.ringier.com\/fr\/wp-json\/wp\/v2\/users\/23"}],"replies":[{"embeddable":true,"href":"https:\/\/www.ringier.com\/fr\/wp-json\/wp\/v2\/comments?post=782"}],"version-history":[{"count":0,"href":"https:\/\/www.ringier.com\/fr\/wp-json\/wp\/v2\/posts\/782\/revisions"}],"wp:featuredmedia":[{"embeddable":true,"href":"https:\/\/www.ringier.com\/fr\/wp-json\/wp\/v2\/media\/10326"}],"wp:attachment":[{"href":"https:\/\/www.ringier.com\/fr\/wp-json\/wp\/v2\/media?parent=782"}],"wp:term":[{"taxonomy":"category","embeddable":true,"href":"https:\/\/www.ringier.com\/fr\/wp-json\/wp\/v2\/categories?post=782"},{"taxonomy":"post_tag","embeddable":true,"href":"https:\/\/www.ringier.com\/fr\/wp-json\/wp\/v2\/tags?post=782"}],"curies":[{"name":"wp","href":"https:\/\/api.w.org\/{rel}","templated":true}]}}