{"id":6991,"date":"2016-08-30T16:02:00","date_gmt":"2016-08-30T14:02:00","guid":{"rendered":"https:\/\/www.ringier.com\/alexander-theobald-uebernimmt-die-leitung-der-blick-gruppe\/"},"modified":"2025-06-27T16:11:18","modified_gmt":"2025-06-27T14:11:18","slug":"alexander-theobald-prend-la-tete-du-groupe-blick","status":"publish","type":"post","link":"https:\/\/www.ringier.com\/fr\/alexander-theobald-prend-la-tete-du-groupe-blick\/","title":{"rendered":"Alexander Theobald prend la t\u00eate du groupe Blick"},"content":{"rendered":"\n<p>Au d\u00e9but du mois d\u2019ao\u00fbt, il a \u00e9t\u00e9 annonc\u00e9 que Wolfgang B\u00fcchner, directeur du groupe\u00a0<em>Blick<\/em>, quitterait Ringier \u00e0 la fin du mois d\u2019octobre de cette ann\u00e9e. Alexander Theobald (52 ans), Chief Operating Officer de Ringier Suisse, reprend d\u00e8s \u00e0 pr\u00e9sent son poste par int\u00e9rim. Il conserve ses fonctions de COO \u00e0 la t\u00eate de la division Operations et Business Development, qu\u2019il assume depuis 2014. De 2004 \u00e0 2009, il avait d\u00e9j\u00e0 \u00e9t\u00e9 membre de la direction du groupe de Ringier, responsable dans un premier temps des magazines suisses, puis des soci\u00e9t\u00e9s nationales en Hongrie et en Roumanie.<br><br>Au 1<sup>er<\/sup>\u00a0septembre, la structure de management du groupe\u00a0<em>Blick<\/em>\u00a0sera \u00e9galement r\u00e9organis\u00e9e. Le d\u00e9partement\u00a0<em>Brand Studio<\/em>\u00a0verra le jour, qui se concentrera sur le d\u00e9veloppement de formats publicitaires comme la publicit\u00e9 native et le sponsoring de production. L\u2019\u00e9quipe sera emmen\u00e9e par Fabian Z\u00fcrcher, qui quittera prochainement son poste de r\u00e9dacteur en chef adjoint de\u00a0<a href=\"http:\/\/www.blick.ch\/\"><em>Blick.ch<\/em><\/a><em>, Blick am Abend<\/em>\u00a0et\u00a0<a href=\"http:\/\/www.blickamabend.ch\/\"><em>Blickamabend.ch<\/em><\/a>.<br><br>C\u2019est Nicolas Pernet qui reprend la t\u00eate des imprim\u00e9s du groupe\u00a0<em>Blick<\/em>\u00a0parall\u00e8lement \u00e0 sa fonction de responsable du marketing pour le m\u00eame groupe. Nicolas Pernet sera ainsi charg\u00e9 du d\u00e9veloppement commercial des titres imprim\u00e9s.<br><br>Juan Baron assumera, en plus de ses responsabilit\u00e9s en tant que Chief Digital Officer de Publishing, la direction par int\u00e9rim du d\u00e9partement Digital. Aussit\u00f4t que l\u2019\u00e9quipe de management d\u00e9finitive sera en place, Juan Baron se concentrera \u00e0 nouveau sur des questions strat\u00e9giques \u00e0 l\u2019\u00e9chelle du groupe.<br><br>Michael Ludewig, chef d\u2019\u00e9dition \u00e0 la newsroom du groupe\u00a0<em>Blick<\/em>, garde sous son aile les divisions de l\u2019administration et de la production. Il s\u2019occupera en particulier de l\u2019\u00e9tablissement des processus de travail convergents au sein de la newsroom.<br><br>Dans cette nouvelle structure, les r\u00e9dacteurs en chef seront \u00e0 nouveau directement subordonn\u00e9s au CEO de Ringier, Marc Walder, pour toutes les questions journalistiques. Du point de vue hi\u00e9rarchique, ils restent \u00e9galement subordonn\u00e9s au directeur du groupe\u00a0<em>Blick<\/em>.<br><br>Le groupe Blick est la premi\u00e8re marque de m\u00e9dias en Suisse al\u00e9manique; d\u2019apr\u00e8s les derni\u00e8res estimations de la REMP (Total Audience 2016-1), ses journaux et ses sites Internet atteignent quotidiennement 1,932 million de lecteurs et d\u2019utilisateurs.<br><\/p>\n\n\n\n<figure class=\"wp-block-image\"><img decoding=\"async\" src=\"https:\/\/www.ringier.ch\/sites\/default\/files\/styles\/full-page\/public\/images\/alexander_theobald_1.jpg?itok=GIfnFedT\" alt=\"\"\/><\/figure>\n","protected":false},"excerpt":{"rendered":"<p>Apr\u00e8s le d\u00e9part annonc\u00e9 de Wolfgang B\u00fcchner, Alexander Theobald, Chief Operating Officer de Ringier Suisse, reprend d\u00e8s \u00e0 pr\u00e9sent la direction op\u00e9rationnelle par int\u00e9rim du groupe Blick. Au 1er septembre, la structure de management du groupe sera en outre r\u00e9organis\u00e9e.<\/p>\n","protected":false},"author":23,"featured_media":6990,"comment_status":"closed","ping_status":"open","sticky":false,"template":"","format":"standard","meta":{"inline_featured_image":false,"footnotes":""},"categories":[43,370,363],"tags":[],"class_list":["post-6991","post","type-post","status-publish","format-standard","has-post-thumbnail","hentry","category-corporate-fr","category-media-fr","category-ringier-medias-suisse"],"yoast_head":"<!-- This site is optimized with the Yoast SEO Premium plugin v27.0 (Yoast SEO v27.0) - https:\/\/yoast.com\/product\/yoast-seo-premium-wordpress\/ -->\n<title>Alexander Theobald prend la t\u00eate du groupe Blick - Ringier<\/title>\n<meta name=\"robots\" content=\"index, follow, max-snippet:-1, max-image-preview:large, max-video-preview:-1\" \/>\n<link rel=\"canonical\" href=\"https:\/\/www.ringier.com\/fr\/alexander-theobald-prend-la-tete-du-groupe-blick\/\" \/>\n<meta property=\"og:locale\" content=\"fr_FR\" \/>\n<meta property=\"og:type\" content=\"article\" \/>\n<meta property=\"og:title\" content=\"Alexander Theobald prend la t\u00eate du groupe Blick\" \/>\n<meta property=\"og:description\" content=\"Apr\u00e8s le d\u00e9part annonc\u00e9 de Wolfgang B\u00fcchner, Alexander Theobald, Chief Operating Officer de Ringier Suisse, reprend d\u00e8s \u00e0 pr\u00e9sent la direction op\u00e9rationnelle par int\u00e9rim du groupe Blick. Au 1er septembre, la structure de management du groupe sera en outre r\u00e9organis\u00e9e.\" \/>\n<meta property=\"og:url\" content=\"https:\/\/www.ringier.com\/fr\/alexander-theobald-prend-la-tete-du-groupe-blick\/\" \/>\n<meta property=\"og:site_name\" content=\"Ringier\" \/>\n<meta property=\"article:publisher\" content=\"https:\/\/www.facebook.com\/ringierag\/\" \/>\n<meta property=\"article:published_time\" content=\"2016-08-30T14:02:00+00:00\" \/>\n<meta property=\"article:modified_time\" content=\"2025-06-27T14:11:18+00:00\" \/>\n<meta property=\"og:image\" content=\"https:\/\/www.ringier.com\/wp-content\/uploads\/2021\/09\/alexander_theobald_1.jpg\" \/>\n\t<meta property=\"og:image:width\" content=\"600\" \/>\n\t<meta property=\"og:image:height\" content=\"400\" \/>\n\t<meta property=\"og:image:type\" content=\"image\/jpeg\" \/>\n<meta name=\"author\" content=\"Ringier Corporate Communications\" \/>\n<meta name=\"twitter:card\" content=\"summary_large_image\" \/>\n<meta name=\"twitter:creator\" content=\"@ringier_ag\" \/>\n<meta name=\"twitter:site\" content=\"@ringier_ag\" \/>\n<meta name=\"twitter:label1\" content=\"\u00c9crit par\" \/>\n\t<meta name=\"twitter:data1\" content=\"Ringier Corporate Communications\" \/>\n\t<meta name=\"twitter:label2\" content=\"Dur\u00e9e de lecture estim\u00e9e\" \/>\n\t<meta name=\"twitter:data2\" content=\"3 minutes\" \/>\n<script type=\"application\/ld+json\" class=\"yoast-schema-graph\">{\"@context\":\"https:\/\/schema.org\",\"@graph\":[{\"@type\":\"Article\",\"@id\":\"https:\/\/www.ringier.com\/fr\/alexander-theobald-prend-la-tete-du-groupe-blick\/#article\",\"isPartOf\":{\"@id\":\"https:\/\/www.ringier.com\/fr\/alexander-theobald-prend-la-tete-du-groupe-blick\/\"},\"author\":{\"name\":\"Ringier Corporate Communications\",\"@id\":\"https:\/\/www.ringier.com\/fr\/#\/schema\/person\/4cf76a308dc4b2bb5121bd1e7b752e52\"},\"headline\":\"Alexander Theobald prend la t\u00eate du groupe Blick\",\"datePublished\":\"2016-08-30T14:02:00+00:00\",\"dateModified\":\"2025-06-27T14:11:18+00:00\",\"mainEntityOfPage\":{\"@id\":\"https:\/\/www.ringier.com\/fr\/alexander-theobald-prend-la-tete-du-groupe-blick\/\"},\"wordCount\":401,\"publisher\":{\"@id\":\"https:\/\/www.ringier.com\/fr\/#organization\"},\"image\":{\"@id\":\"https:\/\/www.ringier.com\/fr\/alexander-theobald-prend-la-tete-du-groupe-blick\/#primaryimage\"},\"thumbnailUrl\":\"https:\/\/www.ringier.com\/wp-content\/uploads\/2021\/09\/alexander_theobald_1.jpg\",\"articleSection\":[\"Corporate\",\"Media\",\"Ringier Medias Suisse\"],\"inLanguage\":\"fr-FR\"},{\"@type\":\"WebPage\",\"@id\":\"https:\/\/www.ringier.com\/fr\/alexander-theobald-prend-la-tete-du-groupe-blick\/\",\"url\":\"https:\/\/www.ringier.com\/fr\/alexander-theobald-prend-la-tete-du-groupe-blick\/\",\"name\":\"Alexander Theobald prend la t\u00eate du groupe Blick - Ringier\",\"isPartOf\":{\"@id\":\"https:\/\/www.ringier.com\/fr\/#website\"},\"primaryImageOfPage\":{\"@id\":\"https:\/\/www.ringier.com\/fr\/alexander-theobald-prend-la-tete-du-groupe-blick\/#primaryimage\"},\"image\":{\"@id\":\"https:\/\/www.ringier.com\/fr\/alexander-theobald-prend-la-tete-du-groupe-blick\/#primaryimage\"},\"thumbnailUrl\":\"https:\/\/www.ringier.com\/wp-content\/uploads\/2021\/09\/alexander_theobald_1.jpg\",\"datePublished\":\"2016-08-30T14:02:00+00:00\",\"dateModified\":\"2025-06-27T14:11:18+00:00\",\"breadcrumb\":{\"@id\":\"https:\/\/www.ringier.com\/fr\/alexander-theobald-prend-la-tete-du-groupe-blick\/#breadcrumb\"},\"inLanguage\":\"fr-FR\",\"potentialAction\":[{\"@type\":\"ReadAction\",\"target\":[\"https:\/\/www.ringier.com\/fr\/alexander-theobald-prend-la-tete-du-groupe-blick\/\"]}]},{\"@type\":\"ImageObject\",\"inLanguage\":\"fr-FR\",\"@id\":\"https:\/\/www.ringier.com\/fr\/alexander-theobald-prend-la-tete-du-groupe-blick\/#primaryimage\",\"url\":\"https:\/\/www.ringier.com\/wp-content\/uploads\/2021\/09\/alexander_theobald_1.jpg\",\"contentUrl\":\"https:\/\/www.ringier.com\/wp-content\/uploads\/2021\/09\/alexander_theobald_1.jpg\",\"width\":600,\"height\":400},{\"@type\":\"BreadcrumbList\",\"@id\":\"https:\/\/www.ringier.com\/fr\/alexander-theobald-prend-la-tete-du-groupe-blick\/#breadcrumb\",\"itemListElement\":[{\"@type\":\"ListItem\",\"position\":1,\"name\":\"Home\",\"item\":\"https:\/\/www.ringier.com\/fr\/\"},{\"@type\":\"ListItem\",\"position\":2,\"name\":\"Alexander Theobald prend la t\u00eate du groupe Blick\"}]},{\"@type\":\"WebSite\",\"@id\":\"https:\/\/www.ringier.com\/fr\/#website\",\"url\":\"https:\/\/www.ringier.com\/fr\/\",\"name\":\"Ringier\",\"description\":\"We inform. We entertain. We connect\",\"publisher\":{\"@id\":\"https:\/\/www.ringier.com\/fr\/#organization\"},\"potentialAction\":[{\"@type\":\"SearchAction\",\"target\":{\"@type\":\"EntryPoint\",\"urlTemplate\":\"https:\/\/www.ringier.com\/fr\/?s={search_term_string}\"},\"query-input\":{\"@type\":\"PropertyValueSpecification\",\"valueRequired\":true,\"valueName\":\"search_term_string\"}}],\"inLanguage\":\"fr-FR\"},{\"@type\":\"Organization\",\"@id\":\"https:\/\/www.ringier.com\/fr\/#organization\",\"name\":\"Ringier\",\"url\":\"https:\/\/www.ringier.com\/fr\/\",\"logo\":{\"@type\":\"ImageObject\",\"inLanguage\":\"fr-FR\",\"@id\":\"https:\/\/www.ringier.com\/fr\/#\/schema\/logo\/image\/\",\"url\":\"https:\/\/www.ringier.com\/wp-content\/uploads\/2021\/10\/ringier_logo_2.jpg\",\"contentUrl\":\"https:\/\/www.ringier.com\/wp-content\/uploads\/2021\/10\/ringier_logo_2.jpg\",\"width\":750,\"height\":550,\"caption\":\"Ringier\"},\"image\":{\"@id\":\"https:\/\/www.ringier.com\/fr\/#\/schema\/logo\/image\/\"},\"sameAs\":[\"https:\/\/www.facebook.com\/ringierag\/\",\"https:\/\/x.com\/ringier_ag\",\"https:\/\/www.instagram.com\/ringier_ag\/\",\"https:\/\/www.linkedin.com\/company\/ringier\/\",\"https:\/\/www.youtube.com\/user\/RingierComm\",\"https:\/\/en.wikipedia.org\/wiki\/Ringier\",\"https:\/\/de.wikipedia.org\/wiki\/Ringier\",\"https:\/\/fr.wikipedia.org\/wiki\/Ringier\",\"https:\/\/www.crunchbase.com\/organization\/ringier-ag\"]},{\"@type\":\"Person\",\"@id\":\"https:\/\/www.ringier.com\/fr\/#\/schema\/person\/4cf76a308dc4b2bb5121bd1e7b752e52\",\"name\":\"Ringier Corporate Communications\",\"image\":{\"@type\":\"ImageObject\",\"inLanguage\":\"fr-FR\",\"@id\":\"https:\/\/www.ringier.com\/fr\/#\/schema\/person\/image\/\",\"url\":\"https:\/\/secure.gravatar.com\/avatar\/9391e20481368d5df4fe3e1e476c13b27786347489822ec1ed07e532bb41f587?s=96&d=mm&r=g\",\"contentUrl\":\"https:\/\/secure.gravatar.com\/avatar\/9391e20481368d5df4fe3e1e476c13b27786347489822ec1ed07e532bb41f587?s=96&d=mm&r=g\",\"caption\":\"Ringier Corporate Communications\"},\"sameAs\":[\"https:\/\/www.ringier.com\"]}]}<\/script>\n<!-- \/ Yoast SEO Premium plugin. -->","yoast_head_json":{"title":"Alexander Theobald prend la t\u00eate du groupe Blick - Ringier","robots":{"index":"index","follow":"follow","max-snippet":"max-snippet:-1","max-image-preview":"max-image-preview:large","max-video-preview":"max-video-preview:-1"},"canonical":"https:\/\/www.ringier.com\/fr\/alexander-theobald-prend-la-tete-du-groupe-blick\/","og_locale":"fr_FR","og_type":"article","og_title":"Alexander Theobald prend la t\u00eate du groupe Blick","og_description":"Apr\u00e8s le d\u00e9part annonc\u00e9 de Wolfgang B\u00fcchner, Alexander Theobald, Chief Operating Officer de Ringier Suisse, reprend d\u00e8s \u00e0 pr\u00e9sent la direction op\u00e9rationnelle par int\u00e9rim du groupe Blick. Au 1er septembre, la structure de management du groupe sera en outre r\u00e9organis\u00e9e.","og_url":"https:\/\/www.ringier.com\/fr\/alexander-theobald-prend-la-tete-du-groupe-blick\/","og_site_name":"Ringier","article_publisher":"https:\/\/www.facebook.com\/ringierag\/","article_published_time":"2016-08-30T14:02:00+00:00","article_modified_time":"2025-06-27T14:11:18+00:00","og_image":[{"width":600,"height":400,"url":"https:\/\/www.ringier.com\/wp-content\/uploads\/2021\/09\/alexander_theobald_1.jpg","type":"image\/jpeg"}],"author":"Ringier Corporate Communications","twitter_card":"summary_large_image","twitter_creator":"@ringier_ag","twitter_site":"@ringier_ag","twitter_misc":{"\u00c9crit par":"Ringier Corporate Communications","Dur\u00e9e de lecture estim\u00e9e":"3 minutes"},"schema":{"@context":"https:\/\/schema.org","@graph":[{"@type":"Article","@id":"https:\/\/www.ringier.com\/fr\/alexander-theobald-prend-la-tete-du-groupe-blick\/#article","isPartOf":{"@id":"https:\/\/www.ringier.com\/fr\/alexander-theobald-prend-la-tete-du-groupe-blick\/"},"author":{"name":"Ringier Corporate Communications","@id":"https:\/\/www.ringier.com\/fr\/#\/schema\/person\/4cf76a308dc4b2bb5121bd1e7b752e52"},"headline":"Alexander Theobald prend la t\u00eate du groupe Blick","datePublished":"2016-08-30T14:02:00+00:00","dateModified":"2025-06-27T14:11:18+00:00","mainEntityOfPage":{"@id":"https:\/\/www.ringier.com\/fr\/alexander-theobald-prend-la-tete-du-groupe-blick\/"},"wordCount":401,"publisher":{"@id":"https:\/\/www.ringier.com\/fr\/#organization"},"image":{"@id":"https:\/\/www.ringier.com\/fr\/alexander-theobald-prend-la-tete-du-groupe-blick\/#primaryimage"},"thumbnailUrl":"https:\/\/www.ringier.com\/wp-content\/uploads\/2021\/09\/alexander_theobald_1.jpg","articleSection":["Corporate","Media","Ringier Medias Suisse"],"inLanguage":"fr-FR"},{"@type":"WebPage","@id":"https:\/\/www.ringier.com\/fr\/alexander-theobald-prend-la-tete-du-groupe-blick\/","url":"https:\/\/www.ringier.com\/fr\/alexander-theobald-prend-la-tete-du-groupe-blick\/","name":"Alexander Theobald prend la t\u00eate du groupe Blick - Ringier","isPartOf":{"@id":"https:\/\/www.ringier.com\/fr\/#website"},"primaryImageOfPage":{"@id":"https:\/\/www.ringier.com\/fr\/alexander-theobald-prend-la-tete-du-groupe-blick\/#primaryimage"},"image":{"@id":"https:\/\/www.ringier.com\/fr\/alexander-theobald-prend-la-tete-du-groupe-blick\/#primaryimage"},"thumbnailUrl":"https:\/\/www.ringier.com\/wp-content\/uploads\/2021\/09\/alexander_theobald_1.jpg","datePublished":"2016-08-30T14:02:00+00:00","dateModified":"2025-06-27T14:11:18+00:00","breadcrumb":{"@id":"https:\/\/www.ringier.com\/fr\/alexander-theobald-prend-la-tete-du-groupe-blick\/#breadcrumb"},"inLanguage":"fr-FR","potentialAction":[{"@type":"ReadAction","target":["https:\/\/www.ringier.com\/fr\/alexander-theobald-prend-la-tete-du-groupe-blick\/"]}]},{"@type":"ImageObject","inLanguage":"fr-FR","@id":"https:\/\/www.ringier.com\/fr\/alexander-theobald-prend-la-tete-du-groupe-blick\/#primaryimage","url":"https:\/\/www.ringier.com\/wp-content\/uploads\/2021\/09\/alexander_theobald_1.jpg","contentUrl":"https:\/\/www.ringier.com\/wp-content\/uploads\/2021\/09\/alexander_theobald_1.jpg","width":600,"height":400},{"@type":"BreadcrumbList","@id":"https:\/\/www.ringier.com\/fr\/alexander-theobald-prend-la-tete-du-groupe-blick\/#breadcrumb","itemListElement":[{"@type":"ListItem","position":1,"name":"Home","item":"https:\/\/www.ringier.com\/fr\/"},{"@type":"ListItem","position":2,"name":"Alexander Theobald prend la t\u00eate du groupe Blick"}]},{"@type":"WebSite","@id":"https:\/\/www.ringier.com\/fr\/#website","url":"https:\/\/www.ringier.com\/fr\/","name":"Ringier","description":"We inform. We entertain. We connect","publisher":{"@id":"https:\/\/www.ringier.com\/fr\/#organization"},"potentialAction":[{"@type":"SearchAction","target":{"@type":"EntryPoint","urlTemplate":"https:\/\/www.ringier.com\/fr\/?s={search_term_string}"},"query-input":{"@type":"PropertyValueSpecification","valueRequired":true,"valueName":"search_term_string"}}],"inLanguage":"fr-FR"},{"@type":"Organization","@id":"https:\/\/www.ringier.com\/fr\/#organization","name":"Ringier","url":"https:\/\/www.ringier.com\/fr\/","logo":{"@type":"ImageObject","inLanguage":"fr-FR","@id":"https:\/\/www.ringier.com\/fr\/#\/schema\/logo\/image\/","url":"https:\/\/www.ringier.com\/wp-content\/uploads\/2021\/10\/ringier_logo_2.jpg","contentUrl":"https:\/\/www.ringier.com\/wp-content\/uploads\/2021\/10\/ringier_logo_2.jpg","width":750,"height":550,"caption":"Ringier"},"image":{"@id":"https:\/\/www.ringier.com\/fr\/#\/schema\/logo\/image\/"},"sameAs":["https:\/\/www.facebook.com\/ringierag\/","https:\/\/x.com\/ringier_ag","https:\/\/www.instagram.com\/ringier_ag\/","https:\/\/www.linkedin.com\/company\/ringier\/","https:\/\/www.youtube.com\/user\/RingierComm","https:\/\/en.wikipedia.org\/wiki\/Ringier","https:\/\/de.wikipedia.org\/wiki\/Ringier","https:\/\/fr.wikipedia.org\/wiki\/Ringier","https:\/\/www.crunchbase.com\/organization\/ringier-ag"]},{"@type":"Person","@id":"https:\/\/www.ringier.com\/fr\/#\/schema\/person\/4cf76a308dc4b2bb5121bd1e7b752e52","name":"Ringier Corporate Communications","image":{"@type":"ImageObject","inLanguage":"fr-FR","@id":"https:\/\/www.ringier.com\/fr\/#\/schema\/person\/image\/","url":"https:\/\/secure.gravatar.com\/avatar\/9391e20481368d5df4fe3e1e476c13b27786347489822ec1ed07e532bb41f587?s=96&d=mm&r=g","contentUrl":"https:\/\/secure.gravatar.com\/avatar\/9391e20481368d5df4fe3e1e476c13b27786347489822ec1ed07e532bb41f587?s=96&d=mm&r=g","caption":"Ringier Corporate Communications"},"sameAs":["https:\/\/www.ringier.com"]}]}},"_links":{"self":[{"href":"https:\/\/www.ringier.com\/fr\/wp-json\/wp\/v2\/posts\/6991","targetHints":{"allow":["GET"]}}],"collection":[{"href":"https:\/\/www.ringier.com\/fr\/wp-json\/wp\/v2\/posts"}],"about":[{"href":"https:\/\/www.ringier.com\/fr\/wp-json\/wp\/v2\/types\/post"}],"author":[{"embeddable":true,"href":"https:\/\/www.ringier.com\/fr\/wp-json\/wp\/v2\/users\/23"}],"replies":[{"embeddable":true,"href":"https:\/\/www.ringier.com\/fr\/wp-json\/wp\/v2\/comments?post=6991"}],"version-history":[{"count":0,"href":"https:\/\/www.ringier.com\/fr\/wp-json\/wp\/v2\/posts\/6991\/revisions"}],"wp:featuredmedia":[{"embeddable":true,"href":"https:\/\/www.ringier.com\/fr\/wp-json\/wp\/v2\/media\/6990"}],"wp:attachment":[{"href":"https:\/\/www.ringier.com\/fr\/wp-json\/wp\/v2\/media?parent=6991"}],"wp:term":[{"taxonomy":"category","embeddable":true,"href":"https:\/\/www.ringier.com\/fr\/wp-json\/wp\/v2\/categories?post=6991"},{"taxonomy":"post_tag","embeddable":true,"href":"https:\/\/www.ringier.com\/fr\/wp-json\/wp\/v2\/tags?post=6991"}],"curies":[{"name":"wp","href":"https:\/\/api.w.org\/{rel}","templated":true}]}}