{"id":6930,"date":"2016-09-07T15:19:00","date_gmt":"2016-09-07T13:19:00","guid":{"rendered":"https:\/\/www.ringier.com\/waehlen-wir-unsere-vorgesetzten-bald-selbst-schweiz-fuehrt-mehrheit-der-schweizer-will-mitbestimmung-in-der-fuehrungsfrage\/"},"modified":"2024-11-14T10:46:01","modified_gmt":"2024-11-14T09:46:01","slug":"a-quand-lelection-de-nos-cadres-dirigeants-par-les-employes-enquete-leadership-en-suisse-la-plupart-des-suisses-souhaitent-influer-davantage-sur-la-direction","status":"publish","type":"post","link":"https:\/\/www.ringier.com\/fr\/a-quand-lelection-de-nos-cadres-dirigeants-par-les-employes-enquete-leadership-en-suisse-la-plupart-des-suisses-souhaitent-influer-davantage-sur-la-direction\/","title":{"rendered":"\u00c0 quand l\u2019\u00e9lection de nos cadres dirigeants par les employ\u00e9s? Enqu\u00eate \u00ab Leadership en Suisse \u00bb : la plupart des Suisses souhaitent influer davantage sur la direction"},"content":{"rendered":"\n<p>Ce r\u00e9sultat n\u2019est pas n\u00e9cessairement d\u00fb \u00e0 l\u2019\u00e2ge des cadres puisque les r\u00e9sultats sont constants entre les diff\u00e9rentes tranches&nbsp;: les cadres dirigeants ayant entre 30 et 50&nbsp;ans arrivent en t\u00eate avec 78&nbsp;% de r\u00e9ponses positives, suivis des baby-boomers (les plus de 50&nbsp;ans) avec 73&nbsp;% et les cadres dirigeants de la g\u00e9n\u00e9ration&nbsp;Y, les plus jeunes, avec 72&nbsp;%. La participation \u00e0 la prise de d\u00e9cisions fait certes partie du quotidien en Suisse, mais il est cependant encore rare que les cadres dirigeants soient \u00e9lus par leurs collaborateurs.<\/p>\n\n\n\n<p>L\u2019\u00e9tude cherchait \u00e9galement \u00e0 savoir s\u2019il existe certaines comp\u00e9tences dont seuls les cadres devraient faire preuve. Fait int\u00e9ressant, presque toutes les comp\u00e9tences \u00e9tudi\u00e9es rev\u00eatent la m\u00eame importance pour les collaborateurs que pour les cadres dirigeants. Parmi elles, on retrouve un style de communication professionnel, la capacit\u00e9 \u00e0 \u00e9tablir et \u00e0 entretenir des relations professionnelles et le fait de savoir s\u2019organiser.<\/p>\n\n\n\n<p>Lorsqu\u2019on demande quelles sont les comp\u00e9tences qui sont avant tout propres aux cadres dirigeants, les sond\u00e9s citent le plus souvent le fait de prendre des d\u00e9cisions importantes (40&nbsp;%) et d\u2019en assumer les responsabilit\u00e9s (24&nbsp;%). Les cadres dirigeants, eux, estiment \u00eatre davantage \u00e0 m\u00eame de penser et d\u2019agir en termes de strat\u00e9gie et de concept et de mettre en \u0153uvre les processus de changement avec succ\u00e8s. En revanche, ils ne sont que 43&nbsp;% \u00e0 d\u00e9celer ces comp\u00e9tences chez leurs employ\u00e9s.<\/p>\n\n\n\n<p>\u00ab&nbsp;Notre \u00e9tude d\u00e9montre que la d\u00e9monstration de pouvoir est une composante de moins en moins importante pour le leadership. La question qui se pose alors est de savoir comment un leadership peut fonctionner efficacement avec de moins en moins de pouvoir, explique Claudia Conrads, conseill\u00e8re au sein d\u2019Information Factory \u00e0 Zurich. De plus, 58&nbsp;% des participants \u00e0 l\u2019\u00e9tude ont indiqu\u00e9 que leur entreprise se trouvait actuellement dans un processus de changement. Si l\u2019on tient compte du fait que ce sont les cadres dirigeants qui assument plus ou moins l\u2019enti\u00e8re responsabilit\u00e9 pour la transformation, on comprend mieux que la moiti\u00e9 des sond\u00e9s ne pense pas que leur entreprise saura venir \u00e0 bout du processus de changement.&nbsp;\u00bb<\/p>\n\n\n\n<p>Vous trouverez davantage de r\u00e9sultats sous forme d\u2019aper\u00e7u au-dessous.<\/p>\n\n\n\n<p><a href=\"http:\/\/www.information-factory.com\/fileadmin\/user_upload\/Etude_Le_Leadership_en_Suisse.pdf\" target=\"_blank\" rel=\"noreferrer noopener\">T\u00e9l\u00e9chargez l\u2019\u00e9tude \u00ab&nbsp;Le Leadership en Suisse&nbsp;\u00bb<\/a><\/p>\n\n\n\n<p>Corporate Communications, JobCloud AG<\/p>\n","protected":false},"excerpt":{"rendered":"<p>Les cadres dirigeants seront-ils bient\u00f4t d\u00e9mocratiquement \u00e9lus par leurs collaborateurs ? Si la majorit\u00e9 des Suisses avaient le choix, la r\u00e9ponse serait tr\u00e8s clairement oui. Selon un sondage men\u00e9 aupr\u00e8s de 2\u2019414 participants, 76 % des employ\u00e9s souhaitent pouvoir participer au choix de leur sup\u00e9rieur hi\u00e9rarchique. Chose surprenante : la grande majorit\u00e9 des cadres dirigeants interrog\u00e9s (76 %) ont d\u00e9clar\u00e9 qu\u2019ils seraient \u00e9galement pr\u00eats \u00e0 \u00eatre choisis tout comme \u00e0 \u00eatre \u00e9cart\u00e9s par leurs collaborateurs. C\u2019est ce que d\u00e9montre le r\u00e9sultat de l\u2019\u00e9tude \u00abLeadership en Suisse\u00bb men\u00e9e par Information Factory en collaboration avec jobup.ch et Persorama au sujet de la direction et du nouveau r\u00f4le des collaborateurs.<\/p>\n","protected":false},"author":23,"featured_media":6928,"comment_status":"closed","ping_status":"open","sticky":false,"template":"","format":"standard","meta":{"inline_featured_image":false,"footnotes":""},"categories":[43,375],"tags":[],"class_list":["post-6930","post","type-post","status-publish","format-standard","has-post-thumbnail","hentry","category-corporate-fr","category-marketplaces-fr"],"yoast_head":"<!-- This site is optimized with the Yoast SEO Premium plugin v27.0 (Yoast SEO v27.0) - https:\/\/yoast.com\/product\/yoast-seo-premium-wordpress\/ -->\n<title>\u00c0 quand l\u2019\u00e9lection de nos cadres dirigeants par les employ\u00e9s? Enqu\u00eate \u00ab Leadership en Suisse \u00bb : la plupart des Suisses souhaitent influer davantage sur la direction - Ringier<\/title>\n<meta name=\"robots\" content=\"index, follow, max-snippet:-1, max-image-preview:large, max-video-preview:-1\" \/>\n<link rel=\"canonical\" href=\"https:\/\/www.ringier.com\/fr\/a-quand-lelection-de-nos-cadres-dirigeants-par-les-employes-enquete-leadership-en-suisse-la-plupart-des-suisses-souhaitent-influer-davantage-sur-la-direction\/\" \/>\n<meta property=\"og:locale\" content=\"fr_FR\" \/>\n<meta property=\"og:type\" content=\"article\" \/>\n<meta property=\"og:title\" content=\"\u00c0 quand l\u2019\u00e9lection de nos cadres dirigeants par les employ\u00e9s? Enqu\u00eate \u00ab Leadership en Suisse \u00bb : la plupart des Suisses souhaitent influer davantage sur la direction\" \/>\n<meta property=\"og:description\" content=\"Les cadres dirigeants seront-ils bient\u00f4t d\u00e9mocratiquement \u00e9lus par leurs collaborateurs ? Si la majorit\u00e9 des Suisses avaient le choix, la r\u00e9ponse serait tr\u00e8s clairement oui. Selon un sondage men\u00e9 aupr\u00e8s de 2\u2019414 participants, 76 % des employ\u00e9s souhaitent pouvoir participer au choix de leur sup\u00e9rieur hi\u00e9rarchique. Chose surprenante : la grande majorit\u00e9 des cadres dirigeants interrog\u00e9s (76 %) ont d\u00e9clar\u00e9 qu\u2019ils seraient \u00e9galement pr\u00eats \u00e0 \u00eatre choisis tout comme \u00e0 \u00eatre \u00e9cart\u00e9s par leurs collaborateurs. C\u2019est ce que d\u00e9montre le r\u00e9sultat de l\u2019\u00e9tude \u00abLeadership en Suisse\u00bb men\u00e9e par Information Factory en collaboration avec jobup.ch et Persorama au sujet de la direction et du nouveau r\u00f4le des collaborateurs.\" \/>\n<meta property=\"og:url\" content=\"https:\/\/www.ringier.com\/fr\/a-quand-lelection-de-nos-cadres-dirigeants-par-les-employes-enquete-leadership-en-suisse-la-plupart-des-suisses-souhaitent-influer-davantage-sur-la-direction\/\" \/>\n<meta property=\"og:site_name\" content=\"Ringier\" \/>\n<meta property=\"article:publisher\" content=\"https:\/\/www.facebook.com\/ringierag\/\" \/>\n<meta property=\"article:published_time\" content=\"2016-09-07T13:19:00+00:00\" \/>\n<meta property=\"article:modified_time\" content=\"2024-11-14T09:46:01+00:00\" \/>\n<meta property=\"og:image\" content=\"https:\/\/www.ringier.com\/wp-content\/uploads\/2021\/09\/20160907.jpg\" \/>\n\t<meta property=\"og:image:width\" content=\"704\" \/>\n\t<meta property=\"og:image:height\" content=\"400\" \/>\n\t<meta property=\"og:image:type\" content=\"image\/jpeg\" \/>\n<meta name=\"author\" content=\"Ringier Corporate Communications\" \/>\n<meta name=\"twitter:card\" content=\"summary_large_image\" \/>\n<meta name=\"twitter:creator\" content=\"@ringier_ag\" \/>\n<meta name=\"twitter:site\" content=\"@ringier_ag\" \/>\n<meta name=\"twitter:label1\" content=\"\u00c9crit par\" \/>\n\t<meta name=\"twitter:data1\" content=\"Ringier Corporate Communications\" \/>\n\t<meta name=\"twitter:label2\" content=\"Dur\u00e9e de lecture estim\u00e9e\" \/>\n\t<meta name=\"twitter:data2\" content=\"2 minutes\" \/>\n<script type=\"application\/ld+json\" class=\"yoast-schema-graph\">{\"@context\":\"https:\/\/schema.org\",\"@graph\":[{\"@type\":\"Article\",\"@id\":\"https:\/\/www.ringier.com\/fr\/a-quand-lelection-de-nos-cadres-dirigeants-par-les-employes-enquete-leadership-en-suisse-la-plupart-des-suisses-souhaitent-influer-davantage-sur-la-direction\/#article\",\"isPartOf\":{\"@id\":\"https:\/\/www.ringier.com\/fr\/a-quand-lelection-de-nos-cadres-dirigeants-par-les-employes-enquete-leadership-en-suisse-la-plupart-des-suisses-souhaitent-influer-davantage-sur-la-direction\/\"},\"author\":{\"name\":\"Ringier Corporate Communications\",\"@id\":\"https:\/\/www.ringier.com\/fr\/#\/schema\/person\/4cf76a308dc4b2bb5121bd1e7b752e52\"},\"headline\":\"\u00c0 quand l\u2019\u00e9lection de nos cadres dirigeants par les employ\u00e9s? Enqu\u00eate \u00ab Leadership en Suisse \u00bb : la plupart des Suisses souhaitent influer davantage sur la direction\",\"datePublished\":\"2016-09-07T13:19:00+00:00\",\"dateModified\":\"2024-11-14T09:46:01+00:00\",\"mainEntityOfPage\":{\"@id\":\"https:\/\/www.ringier.com\/fr\/a-quand-lelection-de-nos-cadres-dirigeants-par-les-employes-enquete-leadership-en-suisse-la-plupart-des-suisses-souhaitent-influer-davantage-sur-la-direction\/\"},\"wordCount\":430,\"publisher\":{\"@id\":\"https:\/\/www.ringier.com\/fr\/#organization\"},\"image\":{\"@id\":\"https:\/\/www.ringier.com\/fr\/a-quand-lelection-de-nos-cadres-dirigeants-par-les-employes-enquete-leadership-en-suisse-la-plupart-des-suisses-souhaitent-influer-davantage-sur-la-direction\/#primaryimage\"},\"thumbnailUrl\":\"https:\/\/www.ringier.com\/wp-content\/uploads\/2021\/09\/20160907.jpg\",\"articleSection\":[\"Corporate\",\"Marketplaces\"],\"inLanguage\":\"fr-FR\"},{\"@type\":\"WebPage\",\"@id\":\"https:\/\/www.ringier.com\/fr\/a-quand-lelection-de-nos-cadres-dirigeants-par-les-employes-enquete-leadership-en-suisse-la-plupart-des-suisses-souhaitent-influer-davantage-sur-la-direction\/\",\"url\":\"https:\/\/www.ringier.com\/fr\/a-quand-lelection-de-nos-cadres-dirigeants-par-les-employes-enquete-leadership-en-suisse-la-plupart-des-suisses-souhaitent-influer-davantage-sur-la-direction\/\",\"name\":\"\u00c0 quand l\u2019\u00e9lection de nos cadres dirigeants par les employ\u00e9s? Enqu\u00eate \u00ab Leadership en Suisse \u00bb : la plupart des Suisses souhaitent influer davantage sur la direction - Ringier\",\"isPartOf\":{\"@id\":\"https:\/\/www.ringier.com\/fr\/#website\"},\"primaryImageOfPage\":{\"@id\":\"https:\/\/www.ringier.com\/fr\/a-quand-lelection-de-nos-cadres-dirigeants-par-les-employes-enquete-leadership-en-suisse-la-plupart-des-suisses-souhaitent-influer-davantage-sur-la-direction\/#primaryimage\"},\"image\":{\"@id\":\"https:\/\/www.ringier.com\/fr\/a-quand-lelection-de-nos-cadres-dirigeants-par-les-employes-enquete-leadership-en-suisse-la-plupart-des-suisses-souhaitent-influer-davantage-sur-la-direction\/#primaryimage\"},\"thumbnailUrl\":\"https:\/\/www.ringier.com\/wp-content\/uploads\/2021\/09\/20160907.jpg\",\"datePublished\":\"2016-09-07T13:19:00+00:00\",\"dateModified\":\"2024-11-14T09:46:01+00:00\",\"breadcrumb\":{\"@id\":\"https:\/\/www.ringier.com\/fr\/a-quand-lelection-de-nos-cadres-dirigeants-par-les-employes-enquete-leadership-en-suisse-la-plupart-des-suisses-souhaitent-influer-davantage-sur-la-direction\/#breadcrumb\"},\"inLanguage\":\"fr-FR\",\"potentialAction\":[{\"@type\":\"ReadAction\",\"target\":[\"https:\/\/www.ringier.com\/fr\/a-quand-lelection-de-nos-cadres-dirigeants-par-les-employes-enquete-leadership-en-suisse-la-plupart-des-suisses-souhaitent-influer-davantage-sur-la-direction\/\"]}]},{\"@type\":\"ImageObject\",\"inLanguage\":\"fr-FR\",\"@id\":\"https:\/\/www.ringier.com\/fr\/a-quand-lelection-de-nos-cadres-dirigeants-par-les-employes-enquete-leadership-en-suisse-la-plupart-des-suisses-souhaitent-influer-davantage-sur-la-direction\/#primaryimage\",\"url\":\"https:\/\/www.ringier.com\/wp-content\/uploads\/2021\/09\/20160907.jpg\",\"contentUrl\":\"https:\/\/www.ringier.com\/wp-content\/uploads\/2021\/09\/20160907.jpg\",\"width\":704,\"height\":400},{\"@type\":\"BreadcrumbList\",\"@id\":\"https:\/\/www.ringier.com\/fr\/a-quand-lelection-de-nos-cadres-dirigeants-par-les-employes-enquete-leadership-en-suisse-la-plupart-des-suisses-souhaitent-influer-davantage-sur-la-direction\/#breadcrumb\",\"itemListElement\":[{\"@type\":\"ListItem\",\"position\":1,\"name\":\"Home\",\"item\":\"https:\/\/www.ringier.com\/fr\/\"},{\"@type\":\"ListItem\",\"position\":2,\"name\":\"\u00c0 quand l\u2019\u00e9lection de nos cadres dirigeants par les employ\u00e9s? Enqu\u00eate \u00ab Leadership en Suisse \u00bb : la plupart des Suisses souhaitent influer davantage sur la direction\"}]},{\"@type\":\"WebSite\",\"@id\":\"https:\/\/www.ringier.com\/fr\/#website\",\"url\":\"https:\/\/www.ringier.com\/fr\/\",\"name\":\"Ringier\",\"description\":\"We inform. We entertain. We connect\",\"publisher\":{\"@id\":\"https:\/\/www.ringier.com\/fr\/#organization\"},\"potentialAction\":[{\"@type\":\"SearchAction\",\"target\":{\"@type\":\"EntryPoint\",\"urlTemplate\":\"https:\/\/www.ringier.com\/fr\/?s={search_term_string}\"},\"query-input\":{\"@type\":\"PropertyValueSpecification\",\"valueRequired\":true,\"valueName\":\"search_term_string\"}}],\"inLanguage\":\"fr-FR\"},{\"@type\":\"Organization\",\"@id\":\"https:\/\/www.ringier.com\/fr\/#organization\",\"name\":\"Ringier\",\"url\":\"https:\/\/www.ringier.com\/fr\/\",\"logo\":{\"@type\":\"ImageObject\",\"inLanguage\":\"fr-FR\",\"@id\":\"https:\/\/www.ringier.com\/fr\/#\/schema\/logo\/image\/\",\"url\":\"https:\/\/www.ringier.com\/wp-content\/uploads\/2021\/10\/ringier_logo_2.jpg\",\"contentUrl\":\"https:\/\/www.ringier.com\/wp-content\/uploads\/2021\/10\/ringier_logo_2.jpg\",\"width\":750,\"height\":550,\"caption\":\"Ringier\"},\"image\":{\"@id\":\"https:\/\/www.ringier.com\/fr\/#\/schema\/logo\/image\/\"},\"sameAs\":[\"https:\/\/www.facebook.com\/ringierag\/\",\"https:\/\/x.com\/ringier_ag\",\"https:\/\/www.instagram.com\/ringier_ag\/\",\"https:\/\/www.linkedin.com\/company\/ringier\/\",\"https:\/\/www.youtube.com\/user\/RingierComm\",\"https:\/\/en.wikipedia.org\/wiki\/Ringier\",\"https:\/\/de.wikipedia.org\/wiki\/Ringier\",\"https:\/\/fr.wikipedia.org\/wiki\/Ringier\",\"https:\/\/www.crunchbase.com\/organization\/ringier-ag\"]},{\"@type\":\"Person\",\"@id\":\"https:\/\/www.ringier.com\/fr\/#\/schema\/person\/4cf76a308dc4b2bb5121bd1e7b752e52\",\"name\":\"Ringier Corporate Communications\",\"image\":{\"@type\":\"ImageObject\",\"inLanguage\":\"fr-FR\",\"@id\":\"https:\/\/www.ringier.com\/fr\/#\/schema\/person\/image\/\",\"url\":\"https:\/\/secure.gravatar.com\/avatar\/9391e20481368d5df4fe3e1e476c13b27786347489822ec1ed07e532bb41f587?s=96&d=mm&r=g\",\"contentUrl\":\"https:\/\/secure.gravatar.com\/avatar\/9391e20481368d5df4fe3e1e476c13b27786347489822ec1ed07e532bb41f587?s=96&d=mm&r=g\",\"caption\":\"Ringier Corporate Communications\"},\"sameAs\":[\"https:\/\/www.ringier.com\"]}]}<\/script>\n<!-- \/ Yoast SEO Premium plugin. -->","yoast_head_json":{"title":"\u00c0 quand l\u2019\u00e9lection de nos cadres dirigeants par les employ\u00e9s? Enqu\u00eate \u00ab Leadership en Suisse \u00bb : la plupart des Suisses souhaitent influer davantage sur la direction - Ringier","robots":{"index":"index","follow":"follow","max-snippet":"max-snippet:-1","max-image-preview":"max-image-preview:large","max-video-preview":"max-video-preview:-1"},"canonical":"https:\/\/www.ringier.com\/fr\/a-quand-lelection-de-nos-cadres-dirigeants-par-les-employes-enquete-leadership-en-suisse-la-plupart-des-suisses-souhaitent-influer-davantage-sur-la-direction\/","og_locale":"fr_FR","og_type":"article","og_title":"\u00c0 quand l\u2019\u00e9lection de nos cadres dirigeants par les employ\u00e9s? Enqu\u00eate \u00ab Leadership en Suisse \u00bb : la plupart des Suisses souhaitent influer davantage sur la direction","og_description":"Les cadres dirigeants seront-ils bient\u00f4t d\u00e9mocratiquement \u00e9lus par leurs collaborateurs ? Si la majorit\u00e9 des Suisses avaient le choix, la r\u00e9ponse serait tr\u00e8s clairement oui. Selon un sondage men\u00e9 aupr\u00e8s de 2\u2019414 participants, 76 % des employ\u00e9s souhaitent pouvoir participer au choix de leur sup\u00e9rieur hi\u00e9rarchique. Chose surprenante : la grande majorit\u00e9 des cadres dirigeants interrog\u00e9s (76 %) ont d\u00e9clar\u00e9 qu\u2019ils seraient \u00e9galement pr\u00eats \u00e0 \u00eatre choisis tout comme \u00e0 \u00eatre \u00e9cart\u00e9s par leurs collaborateurs. C\u2019est ce que d\u00e9montre le r\u00e9sultat de l\u2019\u00e9tude \u00abLeadership en Suisse\u00bb men\u00e9e par Information Factory en collaboration avec jobup.ch et Persorama au sujet de la direction et du nouveau r\u00f4le des collaborateurs.","og_url":"https:\/\/www.ringier.com\/fr\/a-quand-lelection-de-nos-cadres-dirigeants-par-les-employes-enquete-leadership-en-suisse-la-plupart-des-suisses-souhaitent-influer-davantage-sur-la-direction\/","og_site_name":"Ringier","article_publisher":"https:\/\/www.facebook.com\/ringierag\/","article_published_time":"2016-09-07T13:19:00+00:00","article_modified_time":"2024-11-14T09:46:01+00:00","og_image":[{"width":704,"height":400,"url":"https:\/\/www.ringier.com\/wp-content\/uploads\/2021\/09\/20160907.jpg","type":"image\/jpeg"}],"author":"Ringier Corporate Communications","twitter_card":"summary_large_image","twitter_creator":"@ringier_ag","twitter_site":"@ringier_ag","twitter_misc":{"\u00c9crit par":"Ringier Corporate Communications","Dur\u00e9e de lecture estim\u00e9e":"2 minutes"},"schema":{"@context":"https:\/\/schema.org","@graph":[{"@type":"Article","@id":"https:\/\/www.ringier.com\/fr\/a-quand-lelection-de-nos-cadres-dirigeants-par-les-employes-enquete-leadership-en-suisse-la-plupart-des-suisses-souhaitent-influer-davantage-sur-la-direction\/#article","isPartOf":{"@id":"https:\/\/www.ringier.com\/fr\/a-quand-lelection-de-nos-cadres-dirigeants-par-les-employes-enquete-leadership-en-suisse-la-plupart-des-suisses-souhaitent-influer-davantage-sur-la-direction\/"},"author":{"name":"Ringier Corporate Communications","@id":"https:\/\/www.ringier.com\/fr\/#\/schema\/person\/4cf76a308dc4b2bb5121bd1e7b752e52"},"headline":"\u00c0 quand l\u2019\u00e9lection de nos cadres dirigeants par les employ\u00e9s? Enqu\u00eate \u00ab Leadership en Suisse \u00bb : la plupart des Suisses souhaitent influer davantage sur la direction","datePublished":"2016-09-07T13:19:00+00:00","dateModified":"2024-11-14T09:46:01+00:00","mainEntityOfPage":{"@id":"https:\/\/www.ringier.com\/fr\/a-quand-lelection-de-nos-cadres-dirigeants-par-les-employes-enquete-leadership-en-suisse-la-plupart-des-suisses-souhaitent-influer-davantage-sur-la-direction\/"},"wordCount":430,"publisher":{"@id":"https:\/\/www.ringier.com\/fr\/#organization"},"image":{"@id":"https:\/\/www.ringier.com\/fr\/a-quand-lelection-de-nos-cadres-dirigeants-par-les-employes-enquete-leadership-en-suisse-la-plupart-des-suisses-souhaitent-influer-davantage-sur-la-direction\/#primaryimage"},"thumbnailUrl":"https:\/\/www.ringier.com\/wp-content\/uploads\/2021\/09\/20160907.jpg","articleSection":["Corporate","Marketplaces"],"inLanguage":"fr-FR"},{"@type":"WebPage","@id":"https:\/\/www.ringier.com\/fr\/a-quand-lelection-de-nos-cadres-dirigeants-par-les-employes-enquete-leadership-en-suisse-la-plupart-des-suisses-souhaitent-influer-davantage-sur-la-direction\/","url":"https:\/\/www.ringier.com\/fr\/a-quand-lelection-de-nos-cadres-dirigeants-par-les-employes-enquete-leadership-en-suisse-la-plupart-des-suisses-souhaitent-influer-davantage-sur-la-direction\/","name":"\u00c0 quand l\u2019\u00e9lection de nos cadres dirigeants par les employ\u00e9s? Enqu\u00eate \u00ab Leadership en Suisse \u00bb : la plupart des Suisses souhaitent influer davantage sur la direction - Ringier","isPartOf":{"@id":"https:\/\/www.ringier.com\/fr\/#website"},"primaryImageOfPage":{"@id":"https:\/\/www.ringier.com\/fr\/a-quand-lelection-de-nos-cadres-dirigeants-par-les-employes-enquete-leadership-en-suisse-la-plupart-des-suisses-souhaitent-influer-davantage-sur-la-direction\/#primaryimage"},"image":{"@id":"https:\/\/www.ringier.com\/fr\/a-quand-lelection-de-nos-cadres-dirigeants-par-les-employes-enquete-leadership-en-suisse-la-plupart-des-suisses-souhaitent-influer-davantage-sur-la-direction\/#primaryimage"},"thumbnailUrl":"https:\/\/www.ringier.com\/wp-content\/uploads\/2021\/09\/20160907.jpg","datePublished":"2016-09-07T13:19:00+00:00","dateModified":"2024-11-14T09:46:01+00:00","breadcrumb":{"@id":"https:\/\/www.ringier.com\/fr\/a-quand-lelection-de-nos-cadres-dirigeants-par-les-employes-enquete-leadership-en-suisse-la-plupart-des-suisses-souhaitent-influer-davantage-sur-la-direction\/#breadcrumb"},"inLanguage":"fr-FR","potentialAction":[{"@type":"ReadAction","target":["https:\/\/www.ringier.com\/fr\/a-quand-lelection-de-nos-cadres-dirigeants-par-les-employes-enquete-leadership-en-suisse-la-plupart-des-suisses-souhaitent-influer-davantage-sur-la-direction\/"]}]},{"@type":"ImageObject","inLanguage":"fr-FR","@id":"https:\/\/www.ringier.com\/fr\/a-quand-lelection-de-nos-cadres-dirigeants-par-les-employes-enquete-leadership-en-suisse-la-plupart-des-suisses-souhaitent-influer-davantage-sur-la-direction\/#primaryimage","url":"https:\/\/www.ringier.com\/wp-content\/uploads\/2021\/09\/20160907.jpg","contentUrl":"https:\/\/www.ringier.com\/wp-content\/uploads\/2021\/09\/20160907.jpg","width":704,"height":400},{"@type":"BreadcrumbList","@id":"https:\/\/www.ringier.com\/fr\/a-quand-lelection-de-nos-cadres-dirigeants-par-les-employes-enquete-leadership-en-suisse-la-plupart-des-suisses-souhaitent-influer-davantage-sur-la-direction\/#breadcrumb","itemListElement":[{"@type":"ListItem","position":1,"name":"Home","item":"https:\/\/www.ringier.com\/fr\/"},{"@type":"ListItem","position":2,"name":"\u00c0 quand l\u2019\u00e9lection de nos cadres dirigeants par les employ\u00e9s? Enqu\u00eate \u00ab Leadership en Suisse \u00bb : la plupart des Suisses souhaitent influer davantage sur la direction"}]},{"@type":"WebSite","@id":"https:\/\/www.ringier.com\/fr\/#website","url":"https:\/\/www.ringier.com\/fr\/","name":"Ringier","description":"We inform. We entertain. We connect","publisher":{"@id":"https:\/\/www.ringier.com\/fr\/#organization"},"potentialAction":[{"@type":"SearchAction","target":{"@type":"EntryPoint","urlTemplate":"https:\/\/www.ringier.com\/fr\/?s={search_term_string}"},"query-input":{"@type":"PropertyValueSpecification","valueRequired":true,"valueName":"search_term_string"}}],"inLanguage":"fr-FR"},{"@type":"Organization","@id":"https:\/\/www.ringier.com\/fr\/#organization","name":"Ringier","url":"https:\/\/www.ringier.com\/fr\/","logo":{"@type":"ImageObject","inLanguage":"fr-FR","@id":"https:\/\/www.ringier.com\/fr\/#\/schema\/logo\/image\/","url":"https:\/\/www.ringier.com\/wp-content\/uploads\/2021\/10\/ringier_logo_2.jpg","contentUrl":"https:\/\/www.ringier.com\/wp-content\/uploads\/2021\/10\/ringier_logo_2.jpg","width":750,"height":550,"caption":"Ringier"},"image":{"@id":"https:\/\/www.ringier.com\/fr\/#\/schema\/logo\/image\/"},"sameAs":["https:\/\/www.facebook.com\/ringierag\/","https:\/\/x.com\/ringier_ag","https:\/\/www.instagram.com\/ringier_ag\/","https:\/\/www.linkedin.com\/company\/ringier\/","https:\/\/www.youtube.com\/user\/RingierComm","https:\/\/en.wikipedia.org\/wiki\/Ringier","https:\/\/de.wikipedia.org\/wiki\/Ringier","https:\/\/fr.wikipedia.org\/wiki\/Ringier","https:\/\/www.crunchbase.com\/organization\/ringier-ag"]},{"@type":"Person","@id":"https:\/\/www.ringier.com\/fr\/#\/schema\/person\/4cf76a308dc4b2bb5121bd1e7b752e52","name":"Ringier Corporate Communications","image":{"@type":"ImageObject","inLanguage":"fr-FR","@id":"https:\/\/www.ringier.com\/fr\/#\/schema\/person\/image\/","url":"https:\/\/secure.gravatar.com\/avatar\/9391e20481368d5df4fe3e1e476c13b27786347489822ec1ed07e532bb41f587?s=96&d=mm&r=g","contentUrl":"https:\/\/secure.gravatar.com\/avatar\/9391e20481368d5df4fe3e1e476c13b27786347489822ec1ed07e532bb41f587?s=96&d=mm&r=g","caption":"Ringier Corporate Communications"},"sameAs":["https:\/\/www.ringier.com"]}]}},"_links":{"self":[{"href":"https:\/\/www.ringier.com\/fr\/wp-json\/wp\/v2\/posts\/6930","targetHints":{"allow":["GET"]}}],"collection":[{"href":"https:\/\/www.ringier.com\/fr\/wp-json\/wp\/v2\/posts"}],"about":[{"href":"https:\/\/www.ringier.com\/fr\/wp-json\/wp\/v2\/types\/post"}],"author":[{"embeddable":true,"href":"https:\/\/www.ringier.com\/fr\/wp-json\/wp\/v2\/users\/23"}],"replies":[{"embeddable":true,"href":"https:\/\/www.ringier.com\/fr\/wp-json\/wp\/v2\/comments?post=6930"}],"version-history":[{"count":0,"href":"https:\/\/www.ringier.com\/fr\/wp-json\/wp\/v2\/posts\/6930\/revisions"}],"wp:featuredmedia":[{"embeddable":true,"href":"https:\/\/www.ringier.com\/fr\/wp-json\/wp\/v2\/media\/6928"}],"wp:attachment":[{"href":"https:\/\/www.ringier.com\/fr\/wp-json\/wp\/v2\/media?parent=6930"}],"wp:term":[{"taxonomy":"category","embeddable":true,"href":"https:\/\/www.ringier.com\/fr\/wp-json\/wp\/v2\/categories?post=6930"},{"taxonomy":"post_tag","embeddable":true,"href":"https:\/\/www.ringier.com\/fr\/wp-json\/wp\/v2\/tags?post=6930"}],"curies":[{"name":"wp","href":"https:\/\/api.w.org\/{rel}","templated":true}]}}