{"id":6897,"date":"2016-09-15T15:11:00","date_gmt":"2016-09-15T13:11:00","guid":{"rendered":"https:\/\/www.ringier.com\/?p=6897"},"modified":"2025-06-27T16:10:46","modified_gmt":"2025-06-27T14:10:46","slug":"webvideopreis-suisse-debut-de-la-phase-de-nomination","status":"publish","type":"post","link":"https:\/\/www.ringier.com\/fr\/webvideopreis-suisse-debut-de-la-phase-de-nomination\/","title":{"rendered":"Webvideopreis Suisse: d\u00e9but de la phase de nomination"},"content":{"rendered":"\n<p>Les partenaires d\u2019Admeira, Ringier, Swisscom et SRF, lancent Le Prix vid\u00e9o Web Suisse. D\u00e8s \u00e0 pr\u00e9sent et jusqu\u2019au 30 septembre, tous les vid\u00e9astes suisses de talent peuvent envoyer leur projet sur le nouveau site Internet&nbsp;<a href=\"http:\/\/www.webvideopreis.ch\/\">www.webvideopreis.ch<\/a>. L\u2019Oscar de la g\u00e9n\u00e9ration Youtube sera attribu\u00e9 aux vid\u00e9os spectaculaires sur le web dans huit cat\u00e9gories: Best Video of the Year, Person of the Year, vid\u00e9o \u00e0 360\u00b0, Lifestyle, Comedy, Music, Sports et Gaming.<\/p>\n\n\n\n<p>Un jury compos\u00e9 de dix personnalit\u00e9s \u00e9valuera les vid\u00e9os et s\u00e9lectionnera, le 25 octobre, trois candidats par cat\u00e9gorie: il s\u2019agit de&nbsp;<a href=\"http:\/\/karpi.squarespace.com\/\">Patrick \u00abKarpi\u00bb Karpiczenko<\/a>, sc\u00e9nariste et r\u00e9alisateur, \u00ab<a href=\"https:\/\/www.youtube.com\/user\/TyphoonCinema\">Typhoon Cinema<\/a>\u00bb, Nathalie C\u00e9line&nbsp;<a href=\"https:\/\/www.youtube.com\/user\/BeautyProofi\">\u00abBeautyproofi\u00bb<\/a>, youtubeuse beaut\u00e9,&nbsp;<a href=\"https:\/\/www.youtube.com\/user\/HipsterGnogg\">\u00abHipsterGnogg\u00bb<\/a>, Nicole Mureddu&nbsp;<a href=\"https:\/\/www.youtube.com\/user\/fashionpupa\">\u00abFashionpupa\u00bb<\/a>,&nbsp;<a href=\"https:\/\/www.youtube.com\/user\/fabiandoerig\">Fabian D\u00f6rig<\/a>,&nbsp;<a href=\"https:\/\/www.youtube.com\/channel\/UC463BrnYqqrK_2yQdrWcvug\/featured\">Iris Reeves<\/a>,&nbsp;<a href=\"https:\/\/www.youtube.com\/channel\/UCndi9zHvIDYa1Tp6vXJqHxA\">\u00abAsk Switzerland\u00bb<\/a>, Nadia Holdener&nbsp;<a href=\"https:\/\/www.youtube.com\/channel\/UCqfHmt_zlqZCMZFL_fDO8vg\">\u00abDie Lifehackerin\u00bb<\/a>,&nbsp;<a href=\"https:\/\/www.youtube.com\/user\/augustschram\/feed\">August Schram<\/a>&nbsp;et Andreas Pepouni Fraefel de&nbsp;<a href=\"http:\/\/www.swissbeatbox.com\/\">\u00abSwiss Beatbox\u00bb<\/a>, qui publient r\u00e9guli\u00e8rement des vid\u00e9os sur Youtube ou d\u2019autres sites du web.<\/p>\n\n\n\n<p>Dans la phase de vote finale, les nomin\u00e9s d\u00e9pendront du soutien des internautes; le 10&nbsp;d\u00e9cembre, le premier prix suisse de la vid\u00e9o sur le web sera d\u00e9cern\u00e9 au StageOne, \u00e0 Zurich Oerlikon. Animateurs \u00e0 SRF 3, Rosanna Gr\u00fcter et la nouvelle recrue Stefan B\u00fcsser pr\u00e9senteront la c\u00e9r\u00e9monie de remise des prix. L\u2019\u00e9v\u00e9nement sera retransmis en direct sur les canaux en ligne de SF, Ringier et Swisscom, mais aussi sur Youtube et Facebook.<\/p>\n\n\n\n<p>Le partenaire de pr\u00e9sentation et sponsor du vote est la Migros. Le commentaire de Pascal Schaub, responsable de la marque fa\u00eeti\u00e8re de la F\u00e9d\u00e9ration des coop\u00e9ratives Migros: \u00abQui ne conna\u00eet pas les vid\u00e9os de Migros, amusantes et populaires? Les gens aiment les visionner et les partager. C\u2019est la raison pour laquelle Migros soutient le prix suisse de la vid\u00e9o sur le web et le vote du public. Curieux de voir ce que les participants enverront, nous nous r\u00e9jouissons d\u2019ores et d\u00e9j\u00e0 du succ\u00e8s de ces vid\u00e9os\u00bb.<\/p>\n","protected":false},"excerpt":{"rendered":"<p>Jusqu\u2019au 30 septembre, tous les vid\u00e9astes peuvent s\u2019inscrire au premier \u00abWebvideopreis Suisse\u00bb. Les internautes aussi peuvent envoyer leurs vid\u00e9os pr\u00e9f\u00e9r\u00e9es sur le web et soutenir ainsi leurs vid\u00e9astes pr\u00e9f\u00e9r\u00e9s. Le public et un jury suisse sp\u00e9cialis\u00e9 choisiront, parmi huit cat\u00e9gories, les gagnants qui seront r\u00e9compens\u00e9s lors de la grande c\u00e9r\u00e9monie de remise des prix du 10 d\u00e9cembre 2016. L\u2019\u00e9v\u00e9nement sera pr\u00e9sent\u00e9 par deux animateurs de la cha\u00eene de radio SRF 3, Rosanna Gr\u00fcter et Stefan B\u00fcsser. <\/p>\n","protected":false},"author":23,"featured_media":6899,"comment_status":"closed","ping_status":"open","sticky":false,"template":"","format":"standard","meta":{"inline_featured_image":false,"footnotes":""},"categories":[43],"tags":[],"class_list":["post-6897","post","type-post","status-publish","format-standard","has-post-thumbnail","hentry","category-corporate-fr"],"yoast_head":"<!-- This site is optimized with the Yoast SEO Premium plugin v27.0 (Yoast SEO v27.0) - https:\/\/yoast.com\/product\/yoast-seo-premium-wordpress\/ -->\n<title>Webvideopreis Suisse: d\u00e9but de la phase de nomination - Ringier<\/title>\n<meta name=\"robots\" content=\"index, follow, max-snippet:-1, max-image-preview:large, max-video-preview:-1\" \/>\n<link rel=\"canonical\" href=\"https:\/\/www.ringier.com\/fr\/webvideopreis-suisse-debut-de-la-phase-de-nomination\/\" \/>\n<meta property=\"og:locale\" content=\"fr_FR\" \/>\n<meta property=\"og:type\" content=\"article\" \/>\n<meta property=\"og:title\" content=\"Webvideopreis Suisse: d\u00e9but de la phase de nomination\" \/>\n<meta property=\"og:description\" content=\"Jusqu\u2019au 30 septembre, tous les vid\u00e9astes peuvent s\u2019inscrire au premier \u00abWebvideopreis Suisse\u00bb. Les internautes aussi peuvent envoyer leurs vid\u00e9os pr\u00e9f\u00e9r\u00e9es sur le web et soutenir ainsi leurs vid\u00e9astes pr\u00e9f\u00e9r\u00e9s. Le public et un jury suisse sp\u00e9cialis\u00e9 choisiront, parmi huit cat\u00e9gories, les gagnants qui seront r\u00e9compens\u00e9s lors de la grande c\u00e9r\u00e9monie de remise des prix du 10 d\u00e9cembre 2016. L\u2019\u00e9v\u00e9nement sera pr\u00e9sent\u00e9 par deux animateurs de la cha\u00eene de radio SRF 3, Rosanna Gr\u00fcter et Stefan B\u00fcsser.\" \/>\n<meta property=\"og:url\" content=\"https:\/\/www.ringier.com\/fr\/webvideopreis-suisse-debut-de-la-phase-de-nomination\/\" \/>\n<meta property=\"og:site_name\" content=\"Ringier\" \/>\n<meta property=\"article:publisher\" content=\"https:\/\/www.facebook.com\/ringierag\/\" \/>\n<meta property=\"article:published_time\" content=\"2016-09-15T13:11:00+00:00\" \/>\n<meta property=\"article:modified_time\" content=\"2025-06-27T14:10:46+00:00\" \/>\n<meta property=\"og:image\" content=\"https:\/\/www.ringier.com\/wp-content\/uploads\/2021\/09\/wvp_gold_schweiz_72dpi_rgb.png\" \/>\n\t<meta property=\"og:image:width\" content=\"370\" \/>\n\t<meta property=\"og:image:height\" content=\"134\" \/>\n\t<meta property=\"og:image:type\" content=\"image\/png\" \/>\n<meta name=\"author\" content=\"Ringier Corporate Communications\" \/>\n<meta name=\"twitter:card\" content=\"summary_large_image\" \/>\n<meta name=\"twitter:creator\" content=\"@ringier_ag\" \/>\n<meta name=\"twitter:site\" content=\"@ringier_ag\" \/>\n<meta name=\"twitter:label1\" content=\"\u00c9crit par\" \/>\n\t<meta name=\"twitter:data1\" content=\"Ringier Corporate Communications\" \/>\n\t<meta name=\"twitter:label2\" content=\"Dur\u00e9e de lecture estim\u00e9e\" \/>\n\t<meta name=\"twitter:data2\" content=\"2 minutes\" \/>\n<script type=\"application\/ld+json\" class=\"yoast-schema-graph\">{\"@context\":\"https:\/\/schema.org\",\"@graph\":[{\"@type\":\"Article\",\"@id\":\"https:\/\/www.ringier.com\/fr\/webvideopreis-suisse-debut-de-la-phase-de-nomination\/#article\",\"isPartOf\":{\"@id\":\"https:\/\/www.ringier.com\/fr\/webvideopreis-suisse-debut-de-la-phase-de-nomination\/\"},\"author\":{\"name\":\"Ringier Corporate Communications\",\"@id\":\"https:\/\/www.ringier.com\/fr\/#\/schema\/person\/4cf76a308dc4b2bb5121bd1e7b752e52\"},\"headline\":\"Webvideopreis Suisse: d\u00e9but de la phase de nomination\",\"datePublished\":\"2016-09-15T13:11:00+00:00\",\"dateModified\":\"2025-06-27T14:10:46+00:00\",\"mainEntityOfPage\":{\"@id\":\"https:\/\/www.ringier.com\/fr\/webvideopreis-suisse-debut-de-la-phase-de-nomination\/\"},\"wordCount\":365,\"publisher\":{\"@id\":\"https:\/\/www.ringier.com\/fr\/#organization\"},\"image\":{\"@id\":\"https:\/\/www.ringier.com\/fr\/webvideopreis-suisse-debut-de-la-phase-de-nomination\/#primaryimage\"},\"thumbnailUrl\":\"https:\/\/www.ringier.com\/wp-content\/uploads\/2021\/09\/wvp_gold_schweiz_72dpi_rgb.png\",\"articleSection\":[\"Corporate\"],\"inLanguage\":\"fr-FR\"},{\"@type\":\"WebPage\",\"@id\":\"https:\/\/www.ringier.com\/fr\/webvideopreis-suisse-debut-de-la-phase-de-nomination\/\",\"url\":\"https:\/\/www.ringier.com\/fr\/webvideopreis-suisse-debut-de-la-phase-de-nomination\/\",\"name\":\"Webvideopreis Suisse: d\u00e9but de la phase de nomination - Ringier\",\"isPartOf\":{\"@id\":\"https:\/\/www.ringier.com\/fr\/#website\"},\"primaryImageOfPage\":{\"@id\":\"https:\/\/www.ringier.com\/fr\/webvideopreis-suisse-debut-de-la-phase-de-nomination\/#primaryimage\"},\"image\":{\"@id\":\"https:\/\/www.ringier.com\/fr\/webvideopreis-suisse-debut-de-la-phase-de-nomination\/#primaryimage\"},\"thumbnailUrl\":\"https:\/\/www.ringier.com\/wp-content\/uploads\/2021\/09\/wvp_gold_schweiz_72dpi_rgb.png\",\"datePublished\":\"2016-09-15T13:11:00+00:00\",\"dateModified\":\"2025-06-27T14:10:46+00:00\",\"breadcrumb\":{\"@id\":\"https:\/\/www.ringier.com\/fr\/webvideopreis-suisse-debut-de-la-phase-de-nomination\/#breadcrumb\"},\"inLanguage\":\"fr-FR\",\"potentialAction\":[{\"@type\":\"ReadAction\",\"target\":[\"https:\/\/www.ringier.com\/fr\/webvideopreis-suisse-debut-de-la-phase-de-nomination\/\"]}]},{\"@type\":\"ImageObject\",\"inLanguage\":\"fr-FR\",\"@id\":\"https:\/\/www.ringier.com\/fr\/webvideopreis-suisse-debut-de-la-phase-de-nomination\/#primaryimage\",\"url\":\"https:\/\/www.ringier.com\/wp-content\/uploads\/2021\/09\/wvp_gold_schweiz_72dpi_rgb.png\",\"contentUrl\":\"https:\/\/www.ringier.com\/wp-content\/uploads\/2021\/09\/wvp_gold_schweiz_72dpi_rgb.png\",\"width\":370,\"height\":134},{\"@type\":\"BreadcrumbList\",\"@id\":\"https:\/\/www.ringier.com\/fr\/webvideopreis-suisse-debut-de-la-phase-de-nomination\/#breadcrumb\",\"itemListElement\":[{\"@type\":\"ListItem\",\"position\":1,\"name\":\"Home\",\"item\":\"https:\/\/www.ringier.com\/fr\/\"},{\"@type\":\"ListItem\",\"position\":2,\"name\":\"Webvideopreis Suisse: d\u00e9but de la phase de nomination\"}]},{\"@type\":\"WebSite\",\"@id\":\"https:\/\/www.ringier.com\/fr\/#website\",\"url\":\"https:\/\/www.ringier.com\/fr\/\",\"name\":\"Ringier\",\"description\":\"We inform. We entertain. We connect\",\"publisher\":{\"@id\":\"https:\/\/www.ringier.com\/fr\/#organization\"},\"potentialAction\":[{\"@type\":\"SearchAction\",\"target\":{\"@type\":\"EntryPoint\",\"urlTemplate\":\"https:\/\/www.ringier.com\/fr\/?s={search_term_string}\"},\"query-input\":{\"@type\":\"PropertyValueSpecification\",\"valueRequired\":true,\"valueName\":\"search_term_string\"}}],\"inLanguage\":\"fr-FR\"},{\"@type\":\"Organization\",\"@id\":\"https:\/\/www.ringier.com\/fr\/#organization\",\"name\":\"Ringier\",\"url\":\"https:\/\/www.ringier.com\/fr\/\",\"logo\":{\"@type\":\"ImageObject\",\"inLanguage\":\"fr-FR\",\"@id\":\"https:\/\/www.ringier.com\/fr\/#\/schema\/logo\/image\/\",\"url\":\"https:\/\/www.ringier.com\/wp-content\/uploads\/2021\/10\/ringier_logo_2.jpg\",\"contentUrl\":\"https:\/\/www.ringier.com\/wp-content\/uploads\/2021\/10\/ringier_logo_2.jpg\",\"width\":750,\"height\":550,\"caption\":\"Ringier\"},\"image\":{\"@id\":\"https:\/\/www.ringier.com\/fr\/#\/schema\/logo\/image\/\"},\"sameAs\":[\"https:\/\/www.facebook.com\/ringierag\/\",\"https:\/\/x.com\/ringier_ag\",\"https:\/\/www.instagram.com\/ringier_ag\/\",\"https:\/\/www.linkedin.com\/company\/ringier\/\",\"https:\/\/www.youtube.com\/user\/RingierComm\",\"https:\/\/en.wikipedia.org\/wiki\/Ringier\",\"https:\/\/de.wikipedia.org\/wiki\/Ringier\",\"https:\/\/fr.wikipedia.org\/wiki\/Ringier\",\"https:\/\/www.crunchbase.com\/organization\/ringier-ag\"]},{\"@type\":\"Person\",\"@id\":\"https:\/\/www.ringier.com\/fr\/#\/schema\/person\/4cf76a308dc4b2bb5121bd1e7b752e52\",\"name\":\"Ringier Corporate Communications\",\"image\":{\"@type\":\"ImageObject\",\"inLanguage\":\"fr-FR\",\"@id\":\"https:\/\/www.ringier.com\/fr\/#\/schema\/person\/image\/\",\"url\":\"https:\/\/secure.gravatar.com\/avatar\/9391e20481368d5df4fe3e1e476c13b27786347489822ec1ed07e532bb41f587?s=96&d=mm&r=g\",\"contentUrl\":\"https:\/\/secure.gravatar.com\/avatar\/9391e20481368d5df4fe3e1e476c13b27786347489822ec1ed07e532bb41f587?s=96&d=mm&r=g\",\"caption\":\"Ringier Corporate Communications\"},\"sameAs\":[\"https:\/\/www.ringier.com\"]}]}<\/script>\n<!-- \/ Yoast SEO Premium plugin. -->","yoast_head_json":{"title":"Webvideopreis Suisse: d\u00e9but de la phase de nomination - Ringier","robots":{"index":"index","follow":"follow","max-snippet":"max-snippet:-1","max-image-preview":"max-image-preview:large","max-video-preview":"max-video-preview:-1"},"canonical":"https:\/\/www.ringier.com\/fr\/webvideopreis-suisse-debut-de-la-phase-de-nomination\/","og_locale":"fr_FR","og_type":"article","og_title":"Webvideopreis Suisse: d\u00e9but de la phase de nomination","og_description":"Jusqu\u2019au 30 septembre, tous les vid\u00e9astes peuvent s\u2019inscrire au premier \u00abWebvideopreis Suisse\u00bb. Les internautes aussi peuvent envoyer leurs vid\u00e9os pr\u00e9f\u00e9r\u00e9es sur le web et soutenir ainsi leurs vid\u00e9astes pr\u00e9f\u00e9r\u00e9s. Le public et un jury suisse sp\u00e9cialis\u00e9 choisiront, parmi huit cat\u00e9gories, les gagnants qui seront r\u00e9compens\u00e9s lors de la grande c\u00e9r\u00e9monie de remise des prix du 10 d\u00e9cembre 2016. L\u2019\u00e9v\u00e9nement sera pr\u00e9sent\u00e9 par deux animateurs de la cha\u00eene de radio SRF 3, Rosanna Gr\u00fcter et Stefan B\u00fcsser.","og_url":"https:\/\/www.ringier.com\/fr\/webvideopreis-suisse-debut-de-la-phase-de-nomination\/","og_site_name":"Ringier","article_publisher":"https:\/\/www.facebook.com\/ringierag\/","article_published_time":"2016-09-15T13:11:00+00:00","article_modified_time":"2025-06-27T14:10:46+00:00","og_image":[{"width":370,"height":134,"url":"https:\/\/www.ringier.com\/wp-content\/uploads\/2021\/09\/wvp_gold_schweiz_72dpi_rgb.png","type":"image\/png"}],"author":"Ringier Corporate Communications","twitter_card":"summary_large_image","twitter_creator":"@ringier_ag","twitter_site":"@ringier_ag","twitter_misc":{"\u00c9crit par":"Ringier Corporate Communications","Dur\u00e9e de lecture estim\u00e9e":"2 minutes"},"schema":{"@context":"https:\/\/schema.org","@graph":[{"@type":"Article","@id":"https:\/\/www.ringier.com\/fr\/webvideopreis-suisse-debut-de-la-phase-de-nomination\/#article","isPartOf":{"@id":"https:\/\/www.ringier.com\/fr\/webvideopreis-suisse-debut-de-la-phase-de-nomination\/"},"author":{"name":"Ringier Corporate Communications","@id":"https:\/\/www.ringier.com\/fr\/#\/schema\/person\/4cf76a308dc4b2bb5121bd1e7b752e52"},"headline":"Webvideopreis Suisse: d\u00e9but de la phase de nomination","datePublished":"2016-09-15T13:11:00+00:00","dateModified":"2025-06-27T14:10:46+00:00","mainEntityOfPage":{"@id":"https:\/\/www.ringier.com\/fr\/webvideopreis-suisse-debut-de-la-phase-de-nomination\/"},"wordCount":365,"publisher":{"@id":"https:\/\/www.ringier.com\/fr\/#organization"},"image":{"@id":"https:\/\/www.ringier.com\/fr\/webvideopreis-suisse-debut-de-la-phase-de-nomination\/#primaryimage"},"thumbnailUrl":"https:\/\/www.ringier.com\/wp-content\/uploads\/2021\/09\/wvp_gold_schweiz_72dpi_rgb.png","articleSection":["Corporate"],"inLanguage":"fr-FR"},{"@type":"WebPage","@id":"https:\/\/www.ringier.com\/fr\/webvideopreis-suisse-debut-de-la-phase-de-nomination\/","url":"https:\/\/www.ringier.com\/fr\/webvideopreis-suisse-debut-de-la-phase-de-nomination\/","name":"Webvideopreis Suisse: d\u00e9but de la phase de nomination - Ringier","isPartOf":{"@id":"https:\/\/www.ringier.com\/fr\/#website"},"primaryImageOfPage":{"@id":"https:\/\/www.ringier.com\/fr\/webvideopreis-suisse-debut-de-la-phase-de-nomination\/#primaryimage"},"image":{"@id":"https:\/\/www.ringier.com\/fr\/webvideopreis-suisse-debut-de-la-phase-de-nomination\/#primaryimage"},"thumbnailUrl":"https:\/\/www.ringier.com\/wp-content\/uploads\/2021\/09\/wvp_gold_schweiz_72dpi_rgb.png","datePublished":"2016-09-15T13:11:00+00:00","dateModified":"2025-06-27T14:10:46+00:00","breadcrumb":{"@id":"https:\/\/www.ringier.com\/fr\/webvideopreis-suisse-debut-de-la-phase-de-nomination\/#breadcrumb"},"inLanguage":"fr-FR","potentialAction":[{"@type":"ReadAction","target":["https:\/\/www.ringier.com\/fr\/webvideopreis-suisse-debut-de-la-phase-de-nomination\/"]}]},{"@type":"ImageObject","inLanguage":"fr-FR","@id":"https:\/\/www.ringier.com\/fr\/webvideopreis-suisse-debut-de-la-phase-de-nomination\/#primaryimage","url":"https:\/\/www.ringier.com\/wp-content\/uploads\/2021\/09\/wvp_gold_schweiz_72dpi_rgb.png","contentUrl":"https:\/\/www.ringier.com\/wp-content\/uploads\/2021\/09\/wvp_gold_schweiz_72dpi_rgb.png","width":370,"height":134},{"@type":"BreadcrumbList","@id":"https:\/\/www.ringier.com\/fr\/webvideopreis-suisse-debut-de-la-phase-de-nomination\/#breadcrumb","itemListElement":[{"@type":"ListItem","position":1,"name":"Home","item":"https:\/\/www.ringier.com\/fr\/"},{"@type":"ListItem","position":2,"name":"Webvideopreis Suisse: d\u00e9but de la phase de nomination"}]},{"@type":"WebSite","@id":"https:\/\/www.ringier.com\/fr\/#website","url":"https:\/\/www.ringier.com\/fr\/","name":"Ringier","description":"We inform. We entertain. We connect","publisher":{"@id":"https:\/\/www.ringier.com\/fr\/#organization"},"potentialAction":[{"@type":"SearchAction","target":{"@type":"EntryPoint","urlTemplate":"https:\/\/www.ringier.com\/fr\/?s={search_term_string}"},"query-input":{"@type":"PropertyValueSpecification","valueRequired":true,"valueName":"search_term_string"}}],"inLanguage":"fr-FR"},{"@type":"Organization","@id":"https:\/\/www.ringier.com\/fr\/#organization","name":"Ringier","url":"https:\/\/www.ringier.com\/fr\/","logo":{"@type":"ImageObject","inLanguage":"fr-FR","@id":"https:\/\/www.ringier.com\/fr\/#\/schema\/logo\/image\/","url":"https:\/\/www.ringier.com\/wp-content\/uploads\/2021\/10\/ringier_logo_2.jpg","contentUrl":"https:\/\/www.ringier.com\/wp-content\/uploads\/2021\/10\/ringier_logo_2.jpg","width":750,"height":550,"caption":"Ringier"},"image":{"@id":"https:\/\/www.ringier.com\/fr\/#\/schema\/logo\/image\/"},"sameAs":["https:\/\/www.facebook.com\/ringierag\/","https:\/\/x.com\/ringier_ag","https:\/\/www.instagram.com\/ringier_ag\/","https:\/\/www.linkedin.com\/company\/ringier\/","https:\/\/www.youtube.com\/user\/RingierComm","https:\/\/en.wikipedia.org\/wiki\/Ringier","https:\/\/de.wikipedia.org\/wiki\/Ringier","https:\/\/fr.wikipedia.org\/wiki\/Ringier","https:\/\/www.crunchbase.com\/organization\/ringier-ag"]},{"@type":"Person","@id":"https:\/\/www.ringier.com\/fr\/#\/schema\/person\/4cf76a308dc4b2bb5121bd1e7b752e52","name":"Ringier Corporate Communications","image":{"@type":"ImageObject","inLanguage":"fr-FR","@id":"https:\/\/www.ringier.com\/fr\/#\/schema\/person\/image\/","url":"https:\/\/secure.gravatar.com\/avatar\/9391e20481368d5df4fe3e1e476c13b27786347489822ec1ed07e532bb41f587?s=96&d=mm&r=g","contentUrl":"https:\/\/secure.gravatar.com\/avatar\/9391e20481368d5df4fe3e1e476c13b27786347489822ec1ed07e532bb41f587?s=96&d=mm&r=g","caption":"Ringier Corporate Communications"},"sameAs":["https:\/\/www.ringier.com"]}]}},"_links":{"self":[{"href":"https:\/\/www.ringier.com\/fr\/wp-json\/wp\/v2\/posts\/6897","targetHints":{"allow":["GET"]}}],"collection":[{"href":"https:\/\/www.ringier.com\/fr\/wp-json\/wp\/v2\/posts"}],"about":[{"href":"https:\/\/www.ringier.com\/fr\/wp-json\/wp\/v2\/types\/post"}],"author":[{"embeddable":true,"href":"https:\/\/www.ringier.com\/fr\/wp-json\/wp\/v2\/users\/23"}],"replies":[{"embeddable":true,"href":"https:\/\/www.ringier.com\/fr\/wp-json\/wp\/v2\/comments?post=6897"}],"version-history":[{"count":0,"href":"https:\/\/www.ringier.com\/fr\/wp-json\/wp\/v2\/posts\/6897\/revisions"}],"wp:featuredmedia":[{"embeddable":true,"href":"https:\/\/www.ringier.com\/fr\/wp-json\/wp\/v2\/media\/6899"}],"wp:attachment":[{"href":"https:\/\/www.ringier.com\/fr\/wp-json\/wp\/v2\/media?parent=6897"}],"wp:term":[{"taxonomy":"category","embeddable":true,"href":"https:\/\/www.ringier.com\/fr\/wp-json\/wp\/v2\/categories?post=6897"},{"taxonomy":"post_tag","embeddable":true,"href":"https:\/\/www.ringier.com\/fr\/wp-json\/wp\/v2\/tags?post=6897"}],"curies":[{"name":"wp","href":"https:\/\/api.w.org\/{rel}","templated":true}]}}