{"id":6607,"date":"2011-10-28T16:47:00","date_gmt":"2011-10-28T14:47:00","guid":{"rendered":"https:\/\/www.ringier.com\/?p=6607"},"modified":"2024-11-13T16:26:08","modified_gmt":"2024-11-13T15:26:08","slug":"lhebdo-fete-ses-30-ans","status":"publish","type":"post","link":"https:\/\/www.ringier.com\/fr\/lhebdo-fete-ses-30-ans\/","title":{"rendered":"\u00abL\u2019Hebdo\u00bb f\u00eate ses 30 ans"},"content":{"rendered":"\n<p>Lanc\u00e9 par le groupe zurichois Ringier, le projet d&rsquo;origine visait la publication d&rsquo;un magazine publi\u00e9 des deux c\u00f4t\u00e9s de la Sarine: \u00abDie Woche\u00bb, en allemand. Et \u00abL&rsquo;Hebdo\u00bb, en fran\u00e7ais. En 1983, la version al\u00e9manique cesse sa parution. Alors que, sous la houlette de son premier r\u00e9dacteur en chef, Jacques Pilet, la publication en fran\u00e7ais se d\u00e9veloppe rapidement. Aujourd&rsquo;hui, son tirage est de 45 784 exemplaires. Et son audience de 204 000 lecteurs.&nbsp;<\/p>\n\n\n\n<p>Pour f\u00eater cet anniversaire, la r\u00e9daction sort un num\u00e9ro sp\u00e9cial de 238 pages consacr\u00e9 \u00e0 \u00ab30 lieux o\u00f9 s&rsquo;\u00e9crit l&rsquo;avenir\u00bb. Autant de reportages r\u00e9alis\u00e9s par les journalistes aux quatre coins du monde. Du Congo \u00e0 Rio en passant par Singapour. Des hauts plateaux andins \u00e0 l&rsquo;Arabie Saoudite en passant par la Tasmanie. Une op\u00e9ration journalistique unique.&nbsp;<\/p>\n\n\n\n<p>Cette \u00e9dition revient aussi sur les \u00ab30 ann\u00e9es qui ont chang\u00e9 la Suisse\u00bb. Et sur les 30 couvertures qui ont marqu\u00e9 la vie du news magazine suisse.&nbsp;<\/p>\n\n\n\n<p>Quant aux lecteurs, ils ont vot\u00e9 et choisi les 30 meilleurs dessins de Mix &amp; Remix qui donnent lieu \u00e0 un poster encart\u00e9 dans cette \u00e9dition.&nbsp;<\/p>\n\n\n\n<p>Cette \u00e9dition est aussi l&rsquo;occasion pour les annonceurs de saluer cet anniversaire avec des pages sp\u00e9ciales ainsi qu&rsquo;un volume publicitaire record.&nbsp;<\/p>\n\n\n\n<p>Si \u00abL&rsquo;Hebdo\u00bb a r\u00e9ussi son pari, c&rsquo;est non seulement par la poursuite cons\u00e9quente d&rsquo;un projet r\u00e9dactionnel novateur, mais aussi pour avoir su enrichir et d\u00e9cliner la marque de L&rsquo;Hebdo. En cr\u00e9ant de nombreux &nbsp;hors-s\u00e9ries. En mettant en \u0153uvre une politique dynamique de r\u00e9gionalisation. En d\u00e9veloppant tr\u00e8s t\u00f4t une application iPad. Et en proposant, d\u00e8s 2005, une plate-forme de d\u00e9bat d\u00e9sormais incontournable: le Forum des 100. Chaque ann\u00e9e, cette manifestation r\u00e9unit quelque 800 personnalit\u00e9s des milieux politiques, \u00e9conomiques, culturels et acad\u00e9miques.&nbsp;<\/p>\n\n\n\n<p>Ce num\u00e9ro collector est en vente en kiosque d\u00e8s ce jeudi 29 septembre et pour trois semaines.&nbsp;<\/p>\n\n\n\n<p>Communication Ringier Suisse<\/p>\n","protected":false},"excerpt":{"rendered":"<p>Lausanne: <\/p>\n<p>Cr\u00e9\u00e9 le 11 septembre 1981, \u00abL&rsquo;Hebdo\u00bb est le seul news magazine de Suisse. Pour son 30e anniversaire, il sort un num\u00e9ro sp\u00e9cial de 238 pages. Au sommaire: 30 reportages exceptionnels, r\u00e9alis\u00e9s par les journalistes de la r\u00e9daction. La saga des 30 ann\u00e9es qui ont chang\u00e9 la Suisse. Et l&rsquo;histoire du magazine et de son succ\u00e8s.<\/p>\n","protected":false},"author":23,"featured_media":6037,"comment_status":"closed","ping_status":"open","sticky":false,"template":"","format":"standard","meta":{"inline_featured_image":false,"footnotes":""},"categories":[370,363],"tags":[],"class_list":["post-6607","post","type-post","status-publish","format-standard","has-post-thumbnail","hentry","category-media-fr","category-ringier-medias-suisse"],"yoast_head":"<!-- This site is optimized with the Yoast SEO Premium plugin v27.0 (Yoast SEO v27.0) - https:\/\/yoast.com\/product\/yoast-seo-premium-wordpress\/ -->\n<title>\u00abL\u2019Hebdo\u00bb f\u00eate ses 30 ans - Ringier<\/title>\n<meta name=\"robots\" content=\"index, follow, max-snippet:-1, max-image-preview:large, max-video-preview:-1\" \/>\n<link rel=\"canonical\" href=\"https:\/\/www.ringier.com\/fr\/lhebdo-fete-ses-30-ans\/\" \/>\n<meta property=\"og:locale\" content=\"fr_FR\" \/>\n<meta property=\"og:type\" content=\"article\" \/>\n<meta property=\"og:title\" content=\"\u00abL\u2019Hebdo\u00bb f\u00eate ses 30 ans\" \/>\n<meta property=\"og:description\" content=\"Lausanne:  Cr\u00e9\u00e9 le 11 septembre 1981, \u00abL&#039;Hebdo\u00bb est le seul news magazine de Suisse. Pour son 30e anniversaire, il sort un num\u00e9ro sp\u00e9cial de 238 pages. Au sommaire: 30 reportages exceptionnels, r\u00e9alis\u00e9s par les journalistes de la r\u00e9daction. La saga des 30 ann\u00e9es qui ont chang\u00e9 la Suisse. Et l&#039;histoire du magazine et de son succ\u00e8s.\" \/>\n<meta property=\"og:url\" content=\"https:\/\/www.ringier.com\/fr\/lhebdo-fete-ses-30-ans\/\" \/>\n<meta property=\"og:site_name\" content=\"Ringier\" \/>\n<meta property=\"article:publisher\" content=\"https:\/\/www.facebook.com\/ringierag\/\" \/>\n<meta property=\"article:published_time\" content=\"2011-10-28T14:47:00+00:00\" \/>\n<meta property=\"article:modified_time\" content=\"2024-11-13T15:26:08+00:00\" \/>\n<meta property=\"og:image\" content=\"https:\/\/www.ringier.com\/wp-content\/uploads\/2021\/09\/Press-Release-Default.png\" \/>\n\t<meta property=\"og:image:width\" content=\"8001\" \/>\n\t<meta property=\"og:image:height\" content=\"4201\" \/>\n\t<meta property=\"og:image:type\" content=\"image\/png\" \/>\n<meta name=\"author\" content=\"Ringier Corporate Communications\" \/>\n<meta name=\"twitter:card\" content=\"summary_large_image\" \/>\n<meta name=\"twitter:creator\" content=\"@ringier_ag\" \/>\n<meta name=\"twitter:site\" content=\"@ringier_ag\" \/>\n<meta name=\"twitter:label1\" content=\"\u00c9crit par\" \/>\n\t<meta name=\"twitter:data1\" content=\"Ringier Corporate Communications\" \/>\n\t<meta name=\"twitter:label2\" content=\"Dur\u00e9e de lecture estim\u00e9e\" \/>\n\t<meta name=\"twitter:data2\" content=\"2 minutes\" \/>\n<script type=\"application\/ld+json\" class=\"yoast-schema-graph\">{\"@context\":\"https:\/\/schema.org\",\"@graph\":[{\"@type\":\"Article\",\"@id\":\"https:\/\/www.ringier.com\/fr\/lhebdo-fete-ses-30-ans\/#article\",\"isPartOf\":{\"@id\":\"https:\/\/www.ringier.com\/fr\/lhebdo-fete-ses-30-ans\/\"},\"author\":{\"name\":\"Ringier Corporate Communications\",\"@id\":\"https:\/\/www.ringier.com\/fr\/#\/schema\/person\/4cf76a308dc4b2bb5121bd1e7b752e52\"},\"headline\":\"\u00abL\u2019Hebdo\u00bb f\u00eate ses 30 ans\",\"datePublished\":\"2011-10-28T14:47:00+00:00\",\"dateModified\":\"2024-11-13T15:26:08+00:00\",\"mainEntityOfPage\":{\"@id\":\"https:\/\/www.ringier.com\/fr\/lhebdo-fete-ses-30-ans\/\"},\"wordCount\":346,\"publisher\":{\"@id\":\"https:\/\/www.ringier.com\/fr\/#organization\"},\"image\":{\"@id\":\"https:\/\/www.ringier.com\/fr\/lhebdo-fete-ses-30-ans\/#primaryimage\"},\"thumbnailUrl\":\"https:\/\/www.ringier.com\/wp-content\/uploads\/2021\/09\/Press-Release-Default.png\",\"articleSection\":[\"Media\",\"Ringier Medias Suisse\"],\"inLanguage\":\"fr-FR\"},{\"@type\":\"WebPage\",\"@id\":\"https:\/\/www.ringier.com\/fr\/lhebdo-fete-ses-30-ans\/\",\"url\":\"https:\/\/www.ringier.com\/fr\/lhebdo-fete-ses-30-ans\/\",\"name\":\"\u00abL\u2019Hebdo\u00bb f\u00eate ses 30 ans - Ringier\",\"isPartOf\":{\"@id\":\"https:\/\/www.ringier.com\/fr\/#website\"},\"primaryImageOfPage\":{\"@id\":\"https:\/\/www.ringier.com\/fr\/lhebdo-fete-ses-30-ans\/#primaryimage\"},\"image\":{\"@id\":\"https:\/\/www.ringier.com\/fr\/lhebdo-fete-ses-30-ans\/#primaryimage\"},\"thumbnailUrl\":\"https:\/\/www.ringier.com\/wp-content\/uploads\/2021\/09\/Press-Release-Default.png\",\"datePublished\":\"2011-10-28T14:47:00+00:00\",\"dateModified\":\"2024-11-13T15:26:08+00:00\",\"breadcrumb\":{\"@id\":\"https:\/\/www.ringier.com\/fr\/lhebdo-fete-ses-30-ans\/#breadcrumb\"},\"inLanguage\":\"fr-FR\",\"potentialAction\":[{\"@type\":\"ReadAction\",\"target\":[\"https:\/\/www.ringier.com\/fr\/lhebdo-fete-ses-30-ans\/\"]}]},{\"@type\":\"ImageObject\",\"inLanguage\":\"fr-FR\",\"@id\":\"https:\/\/www.ringier.com\/fr\/lhebdo-fete-ses-30-ans\/#primaryimage\",\"url\":\"https:\/\/www.ringier.com\/wp-content\/uploads\/2021\/09\/Press-Release-Default.png\",\"contentUrl\":\"https:\/\/www.ringier.com\/wp-content\/uploads\/2021\/09\/Press-Release-Default.png\",\"width\":8001,\"height\":4201},{\"@type\":\"BreadcrumbList\",\"@id\":\"https:\/\/www.ringier.com\/fr\/lhebdo-fete-ses-30-ans\/#breadcrumb\",\"itemListElement\":[{\"@type\":\"ListItem\",\"position\":1,\"name\":\"Home\",\"item\":\"https:\/\/www.ringier.com\/fr\/\"},{\"@type\":\"ListItem\",\"position\":2,\"name\":\"\u00abL\u2019Hebdo\u00bb f\u00eate ses 30 ans\"}]},{\"@type\":\"WebSite\",\"@id\":\"https:\/\/www.ringier.com\/fr\/#website\",\"url\":\"https:\/\/www.ringier.com\/fr\/\",\"name\":\"Ringier\",\"description\":\"We inform. We entertain. We connect\",\"publisher\":{\"@id\":\"https:\/\/www.ringier.com\/fr\/#organization\"},\"potentialAction\":[{\"@type\":\"SearchAction\",\"target\":{\"@type\":\"EntryPoint\",\"urlTemplate\":\"https:\/\/www.ringier.com\/fr\/?s={search_term_string}\"},\"query-input\":{\"@type\":\"PropertyValueSpecification\",\"valueRequired\":true,\"valueName\":\"search_term_string\"}}],\"inLanguage\":\"fr-FR\"},{\"@type\":\"Organization\",\"@id\":\"https:\/\/www.ringier.com\/fr\/#organization\",\"name\":\"Ringier\",\"url\":\"https:\/\/www.ringier.com\/fr\/\",\"logo\":{\"@type\":\"ImageObject\",\"inLanguage\":\"fr-FR\",\"@id\":\"https:\/\/www.ringier.com\/fr\/#\/schema\/logo\/image\/\",\"url\":\"https:\/\/www.ringier.com\/wp-content\/uploads\/2021\/10\/ringier_logo_2.jpg\",\"contentUrl\":\"https:\/\/www.ringier.com\/wp-content\/uploads\/2021\/10\/ringier_logo_2.jpg\",\"width\":750,\"height\":550,\"caption\":\"Ringier\"},\"image\":{\"@id\":\"https:\/\/www.ringier.com\/fr\/#\/schema\/logo\/image\/\"},\"sameAs\":[\"https:\/\/www.facebook.com\/ringierag\/\",\"https:\/\/x.com\/ringier_ag\",\"https:\/\/www.instagram.com\/ringier_ag\/\",\"https:\/\/www.linkedin.com\/company\/ringier\/\",\"https:\/\/www.youtube.com\/user\/RingierComm\",\"https:\/\/en.wikipedia.org\/wiki\/Ringier\",\"https:\/\/de.wikipedia.org\/wiki\/Ringier\",\"https:\/\/fr.wikipedia.org\/wiki\/Ringier\",\"https:\/\/www.crunchbase.com\/organization\/ringier-ag\"]},{\"@type\":\"Person\",\"@id\":\"https:\/\/www.ringier.com\/fr\/#\/schema\/person\/4cf76a308dc4b2bb5121bd1e7b752e52\",\"name\":\"Ringier Corporate Communications\",\"image\":{\"@type\":\"ImageObject\",\"inLanguage\":\"fr-FR\",\"@id\":\"https:\/\/www.ringier.com\/fr\/#\/schema\/person\/image\/\",\"url\":\"https:\/\/secure.gravatar.com\/avatar\/9391e20481368d5df4fe3e1e476c13b27786347489822ec1ed07e532bb41f587?s=96&d=mm&r=g\",\"contentUrl\":\"https:\/\/secure.gravatar.com\/avatar\/9391e20481368d5df4fe3e1e476c13b27786347489822ec1ed07e532bb41f587?s=96&d=mm&r=g\",\"caption\":\"Ringier Corporate Communications\"},\"sameAs\":[\"https:\/\/www.ringier.com\"]}]}<\/script>\n<!-- \/ Yoast SEO Premium plugin. -->","yoast_head_json":{"title":"\u00abL\u2019Hebdo\u00bb f\u00eate ses 30 ans - Ringier","robots":{"index":"index","follow":"follow","max-snippet":"max-snippet:-1","max-image-preview":"max-image-preview:large","max-video-preview":"max-video-preview:-1"},"canonical":"https:\/\/www.ringier.com\/fr\/lhebdo-fete-ses-30-ans\/","og_locale":"fr_FR","og_type":"article","og_title":"\u00abL\u2019Hebdo\u00bb f\u00eate ses 30 ans","og_description":"Lausanne:  Cr\u00e9\u00e9 le 11 septembre 1981, \u00abL'Hebdo\u00bb est le seul news magazine de Suisse. Pour son 30e anniversaire, il sort un num\u00e9ro sp\u00e9cial de 238 pages. Au sommaire: 30 reportages exceptionnels, r\u00e9alis\u00e9s par les journalistes de la r\u00e9daction. La saga des 30 ann\u00e9es qui ont chang\u00e9 la Suisse. Et l'histoire du magazine et de son succ\u00e8s.","og_url":"https:\/\/www.ringier.com\/fr\/lhebdo-fete-ses-30-ans\/","og_site_name":"Ringier","article_publisher":"https:\/\/www.facebook.com\/ringierag\/","article_published_time":"2011-10-28T14:47:00+00:00","article_modified_time":"2024-11-13T15:26:08+00:00","og_image":[{"width":8001,"height":4201,"url":"https:\/\/www.ringier.com\/wp-content\/uploads\/2021\/09\/Press-Release-Default.png","type":"image\/png"}],"author":"Ringier Corporate Communications","twitter_card":"summary_large_image","twitter_creator":"@ringier_ag","twitter_site":"@ringier_ag","twitter_misc":{"\u00c9crit par":"Ringier Corporate Communications","Dur\u00e9e de lecture estim\u00e9e":"2 minutes"},"schema":{"@context":"https:\/\/schema.org","@graph":[{"@type":"Article","@id":"https:\/\/www.ringier.com\/fr\/lhebdo-fete-ses-30-ans\/#article","isPartOf":{"@id":"https:\/\/www.ringier.com\/fr\/lhebdo-fete-ses-30-ans\/"},"author":{"name":"Ringier Corporate Communications","@id":"https:\/\/www.ringier.com\/fr\/#\/schema\/person\/4cf76a308dc4b2bb5121bd1e7b752e52"},"headline":"\u00abL\u2019Hebdo\u00bb f\u00eate ses 30 ans","datePublished":"2011-10-28T14:47:00+00:00","dateModified":"2024-11-13T15:26:08+00:00","mainEntityOfPage":{"@id":"https:\/\/www.ringier.com\/fr\/lhebdo-fete-ses-30-ans\/"},"wordCount":346,"publisher":{"@id":"https:\/\/www.ringier.com\/fr\/#organization"},"image":{"@id":"https:\/\/www.ringier.com\/fr\/lhebdo-fete-ses-30-ans\/#primaryimage"},"thumbnailUrl":"https:\/\/www.ringier.com\/wp-content\/uploads\/2021\/09\/Press-Release-Default.png","articleSection":["Media","Ringier Medias Suisse"],"inLanguage":"fr-FR"},{"@type":"WebPage","@id":"https:\/\/www.ringier.com\/fr\/lhebdo-fete-ses-30-ans\/","url":"https:\/\/www.ringier.com\/fr\/lhebdo-fete-ses-30-ans\/","name":"\u00abL\u2019Hebdo\u00bb f\u00eate ses 30 ans - Ringier","isPartOf":{"@id":"https:\/\/www.ringier.com\/fr\/#website"},"primaryImageOfPage":{"@id":"https:\/\/www.ringier.com\/fr\/lhebdo-fete-ses-30-ans\/#primaryimage"},"image":{"@id":"https:\/\/www.ringier.com\/fr\/lhebdo-fete-ses-30-ans\/#primaryimage"},"thumbnailUrl":"https:\/\/www.ringier.com\/wp-content\/uploads\/2021\/09\/Press-Release-Default.png","datePublished":"2011-10-28T14:47:00+00:00","dateModified":"2024-11-13T15:26:08+00:00","breadcrumb":{"@id":"https:\/\/www.ringier.com\/fr\/lhebdo-fete-ses-30-ans\/#breadcrumb"},"inLanguage":"fr-FR","potentialAction":[{"@type":"ReadAction","target":["https:\/\/www.ringier.com\/fr\/lhebdo-fete-ses-30-ans\/"]}]},{"@type":"ImageObject","inLanguage":"fr-FR","@id":"https:\/\/www.ringier.com\/fr\/lhebdo-fete-ses-30-ans\/#primaryimage","url":"https:\/\/www.ringier.com\/wp-content\/uploads\/2021\/09\/Press-Release-Default.png","contentUrl":"https:\/\/www.ringier.com\/wp-content\/uploads\/2021\/09\/Press-Release-Default.png","width":8001,"height":4201},{"@type":"BreadcrumbList","@id":"https:\/\/www.ringier.com\/fr\/lhebdo-fete-ses-30-ans\/#breadcrumb","itemListElement":[{"@type":"ListItem","position":1,"name":"Home","item":"https:\/\/www.ringier.com\/fr\/"},{"@type":"ListItem","position":2,"name":"\u00abL\u2019Hebdo\u00bb f\u00eate ses 30 ans"}]},{"@type":"WebSite","@id":"https:\/\/www.ringier.com\/fr\/#website","url":"https:\/\/www.ringier.com\/fr\/","name":"Ringier","description":"We inform. We entertain. We connect","publisher":{"@id":"https:\/\/www.ringier.com\/fr\/#organization"},"potentialAction":[{"@type":"SearchAction","target":{"@type":"EntryPoint","urlTemplate":"https:\/\/www.ringier.com\/fr\/?s={search_term_string}"},"query-input":{"@type":"PropertyValueSpecification","valueRequired":true,"valueName":"search_term_string"}}],"inLanguage":"fr-FR"},{"@type":"Organization","@id":"https:\/\/www.ringier.com\/fr\/#organization","name":"Ringier","url":"https:\/\/www.ringier.com\/fr\/","logo":{"@type":"ImageObject","inLanguage":"fr-FR","@id":"https:\/\/www.ringier.com\/fr\/#\/schema\/logo\/image\/","url":"https:\/\/www.ringier.com\/wp-content\/uploads\/2021\/10\/ringier_logo_2.jpg","contentUrl":"https:\/\/www.ringier.com\/wp-content\/uploads\/2021\/10\/ringier_logo_2.jpg","width":750,"height":550,"caption":"Ringier"},"image":{"@id":"https:\/\/www.ringier.com\/fr\/#\/schema\/logo\/image\/"},"sameAs":["https:\/\/www.facebook.com\/ringierag\/","https:\/\/x.com\/ringier_ag","https:\/\/www.instagram.com\/ringier_ag\/","https:\/\/www.linkedin.com\/company\/ringier\/","https:\/\/www.youtube.com\/user\/RingierComm","https:\/\/en.wikipedia.org\/wiki\/Ringier","https:\/\/de.wikipedia.org\/wiki\/Ringier","https:\/\/fr.wikipedia.org\/wiki\/Ringier","https:\/\/www.crunchbase.com\/organization\/ringier-ag"]},{"@type":"Person","@id":"https:\/\/www.ringier.com\/fr\/#\/schema\/person\/4cf76a308dc4b2bb5121bd1e7b752e52","name":"Ringier Corporate Communications","image":{"@type":"ImageObject","inLanguage":"fr-FR","@id":"https:\/\/www.ringier.com\/fr\/#\/schema\/person\/image\/","url":"https:\/\/secure.gravatar.com\/avatar\/9391e20481368d5df4fe3e1e476c13b27786347489822ec1ed07e532bb41f587?s=96&d=mm&r=g","contentUrl":"https:\/\/secure.gravatar.com\/avatar\/9391e20481368d5df4fe3e1e476c13b27786347489822ec1ed07e532bb41f587?s=96&d=mm&r=g","caption":"Ringier Corporate Communications"},"sameAs":["https:\/\/www.ringier.com"]}]}},"_links":{"self":[{"href":"https:\/\/www.ringier.com\/fr\/wp-json\/wp\/v2\/posts\/6607","targetHints":{"allow":["GET"]}}],"collection":[{"href":"https:\/\/www.ringier.com\/fr\/wp-json\/wp\/v2\/posts"}],"about":[{"href":"https:\/\/www.ringier.com\/fr\/wp-json\/wp\/v2\/types\/post"}],"author":[{"embeddable":true,"href":"https:\/\/www.ringier.com\/fr\/wp-json\/wp\/v2\/users\/23"}],"replies":[{"embeddable":true,"href":"https:\/\/www.ringier.com\/fr\/wp-json\/wp\/v2\/comments?post=6607"}],"version-history":[{"count":0,"href":"https:\/\/www.ringier.com\/fr\/wp-json\/wp\/v2\/posts\/6607\/revisions"}],"wp:featuredmedia":[{"embeddable":true,"href":"https:\/\/www.ringier.com\/fr\/wp-json\/wp\/v2\/media\/6037"}],"wp:attachment":[{"href":"https:\/\/www.ringier.com\/fr\/wp-json\/wp\/v2\/media?parent=6607"}],"wp:term":[{"taxonomy":"category","embeddable":true,"href":"https:\/\/www.ringier.com\/fr\/wp-json\/wp\/v2\/categories?post=6607"},{"taxonomy":"post_tag","embeddable":true,"href":"https:\/\/www.ringier.com\/fr\/wp-json\/wp\/v2\/tags?post=6607"}],"curies":[{"name":"wp","href":"https:\/\/api.w.org\/{rel}","templated":true}]}}