{"id":6303,"date":"2010-01-04T11:11:00","date_gmt":"2010-01-04T10:11:00","guid":{"rendered":"https:\/\/www.ringier.com\/ringier-appoints-florian-fels-to-the-group-executive-board\/"},"modified":"2025-06-24T09:50:14","modified_gmt":"2025-06-24T07:50:14","slug":"ringier-appelle-florian-fels-a-la-direction-du-groupe","status":"publish","type":"post","link":"https:\/\/www.ringier.com\/fr\/ringier-appelle-florian-fels-a-la-direction-du-groupe\/","title":{"rendered":"Ringier appelle Florian Fels \u00e0 la direction du groupe"},"content":{"rendered":"\n<p>Ringier fait entrer Florian Fels au sein de la direction du groupe en tant que CEO d&rsquo;Europe centrale. Il dirigera la toute nouvelle division du groupe Europe centrale et de l&rsquo;est dans laquelle sont regroup\u00e9es les activit\u00e9s commerciales de la Hongrie, la Roumanie, la Tch\u00e9quie, la Slovaquie et la Serbie. Avant cela, Florian Fels \u00e9tait CEO et pr\u00e9sident de la direction commerciale d&rsquo;Axel Springer Polska Sp.z.o.o. qui publie quatre quotidiens et onze magazines, g\u00e8re de nombreux sites internet et fait partie des plus importantes maisons de m\u00e9dias de Pologne. D\u00e8s 1993, il a occup\u00e9 diff\u00e9rents postes chez Axel Springer. Au cours de sa carri\u00e8re, il a amass\u00e9 de pr\u00e9cieuses connaissances sur le march\u00e9 polonais des m\u00e9dias. Depuis sa nomination en 2005 comme CEO et pr\u00e9sident de la direction commerciale des affaires d&rsquo;Axel Springer en Pologne, il a non seulement lanc\u00e9 avec succ\u00e8s de nombreux nouveaux journaux et magazines, mais \u00e9galement port\u00e9 Axel Springer Polska au nombre des vingt plus importants fournisseurs d&rsquo;internet de Pologne.<\/p>\n\n\n\n<p>La nouvelle division du groupe Ringier Europe centrale a \u00e9t\u00e9 cr\u00e9\u00e9e dans la droite ligne de la nouvelle direction strat\u00e9gique \u00e9labor\u00e9e par la direction du groupe. Dans cette optique, Ringier renforce ses marques et les transforme en plateformes digitales multim\u00e9dia. \u00abGr\u00e2ce \u00e0 sa large exp\u00e9rience des m\u00e9dias tant imprim\u00e9s que digitaux, Florian Fels va poursuivre le d\u00e9veloppement de nos activit\u00e9s en Europe centrale selon la nouvelle strat\u00e9gie du groupe,\u00bb se r\u00e9jouit Christian Unger, CEO de Ringier.<\/p>\n\n\n\n<p>On retrouve donc dans la direction du groupe Ringier sous la pr\u00e9sidence de Christian Unger, CEO du groupe, \u00e0 c\u00f4t\u00e9 de Florian Fels, CEO de Ringier Europe centrale, Samuel H\u00fcgli, CFO, Thomas Tr\u00fcb, CEO de Ringier Asie\/nouveaux march\u00e9s, Marc Walder, CEO de Ringier Allemagne et Suisse et Marco Castellaneta, CCO.<\/p>\n\n\n\n<p>Ringier Group Communications<\/p>\n","protected":false},"excerpt":{"rendered":"<p>Florian Fels devient responsable de la nouvelle division d&rsquo;Europe centrale du groupe Ringier. Auparavant, Florian Fels \u00e9tait responsable des affaires polonaises des \u00e9ditions Axel Springer en tant que CEO et pr\u00e9sident de la direction commerciale d&rsquo;Axel Springer Polska. Il prendra ses fonctions le 1er f\u00e9vrier prochain.<\/p>\n","protected":false},"author":23,"featured_media":6301,"comment_status":"closed","ping_status":"open","sticky":false,"template":"","format":"standard","meta":{"inline_featured_image":false,"footnotes":""},"categories":[43,375],"tags":[],"class_list":["post-6303","post","type-post","status-publish","format-standard","has-post-thumbnail","hentry","category-corporate-fr","category-marketplaces-fr"],"yoast_head":"<!-- This site is optimized with the Yoast SEO Premium plugin v27.0 (Yoast SEO v27.0) - https:\/\/yoast.com\/product\/yoast-seo-premium-wordpress\/ -->\n<title>Ringier appelle Florian Fels \u00e0 la direction du groupe - Ringier<\/title>\n<meta name=\"robots\" content=\"index, follow, max-snippet:-1, max-image-preview:large, max-video-preview:-1\" \/>\n<link rel=\"canonical\" href=\"https:\/\/www.ringier.com\/fr\/ringier-appelle-florian-fels-a-la-direction-du-groupe\/\" \/>\n<meta property=\"og:locale\" content=\"fr_FR\" \/>\n<meta property=\"og:type\" content=\"article\" \/>\n<meta property=\"og:title\" content=\"Ringier appelle Florian Fels \u00e0 la direction du groupe\" \/>\n<meta property=\"og:description\" content=\"Florian Fels devient responsable de la nouvelle division d&#039;Europe centrale du groupe Ringier. Auparavant, Florian Fels \u00e9tait responsable des affaires polonaises des \u00e9ditions Axel Springer en tant que CEO et pr\u00e9sident de la direction commerciale d&#039;Axel Springer Polska. Il prendra ses fonctions le 1er f\u00e9vrier prochain.\" \/>\n<meta property=\"og:url\" content=\"https:\/\/www.ringier.com\/fr\/ringier-appelle-florian-fels-a-la-direction-du-groupe\/\" \/>\n<meta property=\"og:site_name\" content=\"Ringier\" \/>\n<meta property=\"article:publisher\" content=\"https:\/\/www.facebook.com\/ringierag\/\" \/>\n<meta property=\"article:published_time\" content=\"2010-01-04T10:11:00+00:00\" \/>\n<meta property=\"article:modified_time\" content=\"2025-06-24T07:50:14+00:00\" \/>\n<meta property=\"og:image\" content=\"https:\/\/www.ringier.com\/wp-content\/uploads\/2021\/09\/florian_fels_group_board_2010.jpg\" \/>\n\t<meta property=\"og:image:width\" content=\"800\" \/>\n\t<meta property=\"og:image:height\" content=\"533\" \/>\n\t<meta property=\"og:image:type\" content=\"image\/jpeg\" \/>\n<meta name=\"author\" content=\"Ringier Corporate Communications\" \/>\n<meta name=\"twitter:card\" content=\"summary_large_image\" \/>\n<meta name=\"twitter:creator\" content=\"@ringier_ag\" \/>\n<meta name=\"twitter:site\" content=\"@ringier_ag\" \/>\n<meta name=\"twitter:label1\" content=\"\u00c9crit par\" \/>\n\t<meta name=\"twitter:data1\" content=\"Ringier Corporate Communications\" \/>\n\t<meta name=\"twitter:label2\" content=\"Dur\u00e9e de lecture estim\u00e9e\" \/>\n\t<meta name=\"twitter:data2\" content=\"2 minutes\" \/>\n<script type=\"application\/ld+json\" class=\"yoast-schema-graph\">{\"@context\":\"https:\/\/schema.org\",\"@graph\":[{\"@type\":\"Article\",\"@id\":\"https:\/\/www.ringier.com\/fr\/ringier-appelle-florian-fels-a-la-direction-du-groupe\/#article\",\"isPartOf\":{\"@id\":\"https:\/\/www.ringier.com\/fr\/ringier-appelle-florian-fels-a-la-direction-du-groupe\/\"},\"author\":{\"name\":\"Ringier Corporate Communications\",\"@id\":\"https:\/\/www.ringier.com\/fr\/#\/schema\/person\/4cf76a308dc4b2bb5121bd1e7b752e52\"},\"headline\":\"Ringier appelle Florian Fels \u00e0 la direction du groupe\",\"datePublished\":\"2010-01-04T10:11:00+00:00\",\"dateModified\":\"2025-06-24T07:50:14+00:00\",\"mainEntityOfPage\":{\"@id\":\"https:\/\/www.ringier.com\/fr\/ringier-appelle-florian-fels-a-la-direction-du-groupe\/\"},\"wordCount\":336,\"publisher\":{\"@id\":\"https:\/\/www.ringier.com\/fr\/#organization\"},\"image\":{\"@id\":\"https:\/\/www.ringier.com\/fr\/ringier-appelle-florian-fels-a-la-direction-du-groupe\/#primaryimage\"},\"thumbnailUrl\":\"https:\/\/www.ringier.com\/wp-content\/uploads\/2021\/09\/florian_fels_group_board_2010.jpg\",\"articleSection\":[\"Corporate\",\"Marketplaces\"],\"inLanguage\":\"fr-FR\"},{\"@type\":\"WebPage\",\"@id\":\"https:\/\/www.ringier.com\/fr\/ringier-appelle-florian-fels-a-la-direction-du-groupe\/\",\"url\":\"https:\/\/www.ringier.com\/fr\/ringier-appelle-florian-fels-a-la-direction-du-groupe\/\",\"name\":\"Ringier appelle Florian Fels \u00e0 la direction du groupe - Ringier\",\"isPartOf\":{\"@id\":\"https:\/\/www.ringier.com\/fr\/#website\"},\"primaryImageOfPage\":{\"@id\":\"https:\/\/www.ringier.com\/fr\/ringier-appelle-florian-fels-a-la-direction-du-groupe\/#primaryimage\"},\"image\":{\"@id\":\"https:\/\/www.ringier.com\/fr\/ringier-appelle-florian-fels-a-la-direction-du-groupe\/#primaryimage\"},\"thumbnailUrl\":\"https:\/\/www.ringier.com\/wp-content\/uploads\/2021\/09\/florian_fels_group_board_2010.jpg\",\"datePublished\":\"2010-01-04T10:11:00+00:00\",\"dateModified\":\"2025-06-24T07:50:14+00:00\",\"breadcrumb\":{\"@id\":\"https:\/\/www.ringier.com\/fr\/ringier-appelle-florian-fels-a-la-direction-du-groupe\/#breadcrumb\"},\"inLanguage\":\"fr-FR\",\"potentialAction\":[{\"@type\":\"ReadAction\",\"target\":[\"https:\/\/www.ringier.com\/fr\/ringier-appelle-florian-fels-a-la-direction-du-groupe\/\"]}]},{\"@type\":\"ImageObject\",\"inLanguage\":\"fr-FR\",\"@id\":\"https:\/\/www.ringier.com\/fr\/ringier-appelle-florian-fels-a-la-direction-du-groupe\/#primaryimage\",\"url\":\"https:\/\/www.ringier.com\/wp-content\/uploads\/2021\/09\/florian_fels_group_board_2010.jpg\",\"contentUrl\":\"https:\/\/www.ringier.com\/wp-content\/uploads\/2021\/09\/florian_fels_group_board_2010.jpg\",\"width\":800,\"height\":533},{\"@type\":\"BreadcrumbList\",\"@id\":\"https:\/\/www.ringier.com\/fr\/ringier-appelle-florian-fels-a-la-direction-du-groupe\/#breadcrumb\",\"itemListElement\":[{\"@type\":\"ListItem\",\"position\":1,\"name\":\"Home\",\"item\":\"https:\/\/www.ringier.com\/fr\/\"},{\"@type\":\"ListItem\",\"position\":2,\"name\":\"Ringier appelle Florian Fels \u00e0 la direction du groupe\"}]},{\"@type\":\"WebSite\",\"@id\":\"https:\/\/www.ringier.com\/fr\/#website\",\"url\":\"https:\/\/www.ringier.com\/fr\/\",\"name\":\"Ringier\",\"description\":\"We inform. We entertain. We connect\",\"publisher\":{\"@id\":\"https:\/\/www.ringier.com\/fr\/#organization\"},\"potentialAction\":[{\"@type\":\"SearchAction\",\"target\":{\"@type\":\"EntryPoint\",\"urlTemplate\":\"https:\/\/www.ringier.com\/fr\/?s={search_term_string}\"},\"query-input\":{\"@type\":\"PropertyValueSpecification\",\"valueRequired\":true,\"valueName\":\"search_term_string\"}}],\"inLanguage\":\"fr-FR\"},{\"@type\":\"Organization\",\"@id\":\"https:\/\/www.ringier.com\/fr\/#organization\",\"name\":\"Ringier\",\"url\":\"https:\/\/www.ringier.com\/fr\/\",\"logo\":{\"@type\":\"ImageObject\",\"inLanguage\":\"fr-FR\",\"@id\":\"https:\/\/www.ringier.com\/fr\/#\/schema\/logo\/image\/\",\"url\":\"https:\/\/www.ringier.com\/wp-content\/uploads\/2021\/10\/ringier_logo_2.jpg\",\"contentUrl\":\"https:\/\/www.ringier.com\/wp-content\/uploads\/2021\/10\/ringier_logo_2.jpg\",\"width\":750,\"height\":550,\"caption\":\"Ringier\"},\"image\":{\"@id\":\"https:\/\/www.ringier.com\/fr\/#\/schema\/logo\/image\/\"},\"sameAs\":[\"https:\/\/www.facebook.com\/ringierag\/\",\"https:\/\/x.com\/ringier_ag\",\"https:\/\/www.instagram.com\/ringier_ag\/\",\"https:\/\/www.linkedin.com\/company\/ringier\/\",\"https:\/\/www.youtube.com\/user\/RingierComm\",\"https:\/\/en.wikipedia.org\/wiki\/Ringier\",\"https:\/\/de.wikipedia.org\/wiki\/Ringier\",\"https:\/\/fr.wikipedia.org\/wiki\/Ringier\",\"https:\/\/www.crunchbase.com\/organization\/ringier-ag\"]},{\"@type\":\"Person\",\"@id\":\"https:\/\/www.ringier.com\/fr\/#\/schema\/person\/4cf76a308dc4b2bb5121bd1e7b752e52\",\"name\":\"Ringier Corporate Communications\",\"image\":{\"@type\":\"ImageObject\",\"inLanguage\":\"fr-FR\",\"@id\":\"https:\/\/www.ringier.com\/fr\/#\/schema\/person\/image\/\",\"url\":\"https:\/\/secure.gravatar.com\/avatar\/9391e20481368d5df4fe3e1e476c13b27786347489822ec1ed07e532bb41f587?s=96&d=mm&r=g\",\"contentUrl\":\"https:\/\/secure.gravatar.com\/avatar\/9391e20481368d5df4fe3e1e476c13b27786347489822ec1ed07e532bb41f587?s=96&d=mm&r=g\",\"caption\":\"Ringier Corporate Communications\"},\"sameAs\":[\"https:\/\/www.ringier.com\"]}]}<\/script>\n<!-- \/ Yoast SEO Premium plugin. -->","yoast_head_json":{"title":"Ringier appelle Florian Fels \u00e0 la direction du groupe - Ringier","robots":{"index":"index","follow":"follow","max-snippet":"max-snippet:-1","max-image-preview":"max-image-preview:large","max-video-preview":"max-video-preview:-1"},"canonical":"https:\/\/www.ringier.com\/fr\/ringier-appelle-florian-fels-a-la-direction-du-groupe\/","og_locale":"fr_FR","og_type":"article","og_title":"Ringier appelle Florian Fels \u00e0 la direction du groupe","og_description":"Florian Fels devient responsable de la nouvelle division d'Europe centrale du groupe Ringier. Auparavant, Florian Fels \u00e9tait responsable des affaires polonaises des \u00e9ditions Axel Springer en tant que CEO et pr\u00e9sident de la direction commerciale d'Axel Springer Polska. Il prendra ses fonctions le 1er f\u00e9vrier prochain.","og_url":"https:\/\/www.ringier.com\/fr\/ringier-appelle-florian-fels-a-la-direction-du-groupe\/","og_site_name":"Ringier","article_publisher":"https:\/\/www.facebook.com\/ringierag\/","article_published_time":"2010-01-04T10:11:00+00:00","article_modified_time":"2025-06-24T07:50:14+00:00","og_image":[{"width":800,"height":533,"url":"https:\/\/www.ringier.com\/wp-content\/uploads\/2021\/09\/florian_fels_group_board_2010.jpg","type":"image\/jpeg"}],"author":"Ringier Corporate Communications","twitter_card":"summary_large_image","twitter_creator":"@ringier_ag","twitter_site":"@ringier_ag","twitter_misc":{"\u00c9crit par":"Ringier Corporate Communications","Dur\u00e9e de lecture estim\u00e9e":"2 minutes"},"schema":{"@context":"https:\/\/schema.org","@graph":[{"@type":"Article","@id":"https:\/\/www.ringier.com\/fr\/ringier-appelle-florian-fels-a-la-direction-du-groupe\/#article","isPartOf":{"@id":"https:\/\/www.ringier.com\/fr\/ringier-appelle-florian-fels-a-la-direction-du-groupe\/"},"author":{"name":"Ringier Corporate Communications","@id":"https:\/\/www.ringier.com\/fr\/#\/schema\/person\/4cf76a308dc4b2bb5121bd1e7b752e52"},"headline":"Ringier appelle Florian Fels \u00e0 la direction du groupe","datePublished":"2010-01-04T10:11:00+00:00","dateModified":"2025-06-24T07:50:14+00:00","mainEntityOfPage":{"@id":"https:\/\/www.ringier.com\/fr\/ringier-appelle-florian-fels-a-la-direction-du-groupe\/"},"wordCount":336,"publisher":{"@id":"https:\/\/www.ringier.com\/fr\/#organization"},"image":{"@id":"https:\/\/www.ringier.com\/fr\/ringier-appelle-florian-fels-a-la-direction-du-groupe\/#primaryimage"},"thumbnailUrl":"https:\/\/www.ringier.com\/wp-content\/uploads\/2021\/09\/florian_fels_group_board_2010.jpg","articleSection":["Corporate","Marketplaces"],"inLanguage":"fr-FR"},{"@type":"WebPage","@id":"https:\/\/www.ringier.com\/fr\/ringier-appelle-florian-fels-a-la-direction-du-groupe\/","url":"https:\/\/www.ringier.com\/fr\/ringier-appelle-florian-fels-a-la-direction-du-groupe\/","name":"Ringier appelle Florian Fels \u00e0 la direction du groupe - Ringier","isPartOf":{"@id":"https:\/\/www.ringier.com\/fr\/#website"},"primaryImageOfPage":{"@id":"https:\/\/www.ringier.com\/fr\/ringier-appelle-florian-fels-a-la-direction-du-groupe\/#primaryimage"},"image":{"@id":"https:\/\/www.ringier.com\/fr\/ringier-appelle-florian-fels-a-la-direction-du-groupe\/#primaryimage"},"thumbnailUrl":"https:\/\/www.ringier.com\/wp-content\/uploads\/2021\/09\/florian_fels_group_board_2010.jpg","datePublished":"2010-01-04T10:11:00+00:00","dateModified":"2025-06-24T07:50:14+00:00","breadcrumb":{"@id":"https:\/\/www.ringier.com\/fr\/ringier-appelle-florian-fels-a-la-direction-du-groupe\/#breadcrumb"},"inLanguage":"fr-FR","potentialAction":[{"@type":"ReadAction","target":["https:\/\/www.ringier.com\/fr\/ringier-appelle-florian-fels-a-la-direction-du-groupe\/"]}]},{"@type":"ImageObject","inLanguage":"fr-FR","@id":"https:\/\/www.ringier.com\/fr\/ringier-appelle-florian-fels-a-la-direction-du-groupe\/#primaryimage","url":"https:\/\/www.ringier.com\/wp-content\/uploads\/2021\/09\/florian_fels_group_board_2010.jpg","contentUrl":"https:\/\/www.ringier.com\/wp-content\/uploads\/2021\/09\/florian_fels_group_board_2010.jpg","width":800,"height":533},{"@type":"BreadcrumbList","@id":"https:\/\/www.ringier.com\/fr\/ringier-appelle-florian-fels-a-la-direction-du-groupe\/#breadcrumb","itemListElement":[{"@type":"ListItem","position":1,"name":"Home","item":"https:\/\/www.ringier.com\/fr\/"},{"@type":"ListItem","position":2,"name":"Ringier appelle Florian Fels \u00e0 la direction du groupe"}]},{"@type":"WebSite","@id":"https:\/\/www.ringier.com\/fr\/#website","url":"https:\/\/www.ringier.com\/fr\/","name":"Ringier","description":"We inform. We entertain. We connect","publisher":{"@id":"https:\/\/www.ringier.com\/fr\/#organization"},"potentialAction":[{"@type":"SearchAction","target":{"@type":"EntryPoint","urlTemplate":"https:\/\/www.ringier.com\/fr\/?s={search_term_string}"},"query-input":{"@type":"PropertyValueSpecification","valueRequired":true,"valueName":"search_term_string"}}],"inLanguage":"fr-FR"},{"@type":"Organization","@id":"https:\/\/www.ringier.com\/fr\/#organization","name":"Ringier","url":"https:\/\/www.ringier.com\/fr\/","logo":{"@type":"ImageObject","inLanguage":"fr-FR","@id":"https:\/\/www.ringier.com\/fr\/#\/schema\/logo\/image\/","url":"https:\/\/www.ringier.com\/wp-content\/uploads\/2021\/10\/ringier_logo_2.jpg","contentUrl":"https:\/\/www.ringier.com\/wp-content\/uploads\/2021\/10\/ringier_logo_2.jpg","width":750,"height":550,"caption":"Ringier"},"image":{"@id":"https:\/\/www.ringier.com\/fr\/#\/schema\/logo\/image\/"},"sameAs":["https:\/\/www.facebook.com\/ringierag\/","https:\/\/x.com\/ringier_ag","https:\/\/www.instagram.com\/ringier_ag\/","https:\/\/www.linkedin.com\/company\/ringier\/","https:\/\/www.youtube.com\/user\/RingierComm","https:\/\/en.wikipedia.org\/wiki\/Ringier","https:\/\/de.wikipedia.org\/wiki\/Ringier","https:\/\/fr.wikipedia.org\/wiki\/Ringier","https:\/\/www.crunchbase.com\/organization\/ringier-ag"]},{"@type":"Person","@id":"https:\/\/www.ringier.com\/fr\/#\/schema\/person\/4cf76a308dc4b2bb5121bd1e7b752e52","name":"Ringier Corporate Communications","image":{"@type":"ImageObject","inLanguage":"fr-FR","@id":"https:\/\/www.ringier.com\/fr\/#\/schema\/person\/image\/","url":"https:\/\/secure.gravatar.com\/avatar\/9391e20481368d5df4fe3e1e476c13b27786347489822ec1ed07e532bb41f587?s=96&d=mm&r=g","contentUrl":"https:\/\/secure.gravatar.com\/avatar\/9391e20481368d5df4fe3e1e476c13b27786347489822ec1ed07e532bb41f587?s=96&d=mm&r=g","caption":"Ringier Corporate Communications"},"sameAs":["https:\/\/www.ringier.com"]}]}},"_links":{"self":[{"href":"https:\/\/www.ringier.com\/fr\/wp-json\/wp\/v2\/posts\/6303","targetHints":{"allow":["GET"]}}],"collection":[{"href":"https:\/\/www.ringier.com\/fr\/wp-json\/wp\/v2\/posts"}],"about":[{"href":"https:\/\/www.ringier.com\/fr\/wp-json\/wp\/v2\/types\/post"}],"author":[{"embeddable":true,"href":"https:\/\/www.ringier.com\/fr\/wp-json\/wp\/v2\/users\/23"}],"replies":[{"embeddable":true,"href":"https:\/\/www.ringier.com\/fr\/wp-json\/wp\/v2\/comments?post=6303"}],"version-history":[{"count":0,"href":"https:\/\/www.ringier.com\/fr\/wp-json\/wp\/v2\/posts\/6303\/revisions"}],"wp:featuredmedia":[{"embeddable":true,"href":"https:\/\/www.ringier.com\/fr\/wp-json\/wp\/v2\/media\/6301"}],"wp:attachment":[{"href":"https:\/\/www.ringier.com\/fr\/wp-json\/wp\/v2\/media?parent=6303"}],"wp:term":[{"taxonomy":"category","embeddable":true,"href":"https:\/\/www.ringier.com\/fr\/wp-json\/wp\/v2\/categories?post=6303"},{"taxonomy":"post_tag","embeddable":true,"href":"https:\/\/www.ringier.com\/fr\/wp-json\/wp\/v2\/tags?post=6303"}],"curies":[{"name":"wp","href":"https:\/\/api.w.org\/{rel}","templated":true}]}}