{"id":6247,"date":"2011-05-23T10:33:00","date_gmt":"2011-05-23T08:33:00","guid":{"rendered":"https:\/\/www.ringier.com\/ringier-romandie-vermarktet-werbeplaetze-des-senders-tf1-fuer-schweizer-werbetreibende\/"},"modified":"2024-11-13T16:11:36","modified_gmt":"2024-11-13T15:11:36","slug":"ringier-romandie-va-commercialiser-les-espaces-publicitaires-de-la-chaine-tf1-pour-le-annonceures-suisse","status":"publish","type":"post","link":"https:\/\/www.ringier.com\/fr\/ringier-romandie-va-commercialiser-les-espaces-publicitaires-de-la-chaine-tf1-pour-le-annonceures-suisse\/","title":{"rendered":"Ringier Romandie va commercialiser les espaces publicitaires de la cha\u00eene TF1 pour le annonceures Suisse"},"content":{"rendered":"\n<p>Ringier, premier \u00e9diteur suisse, et TF1, cha\u00eene priv\u00e9e la plus regard\u00e9e en Suisse romande (derri\u00e8re la premi\u00e8re cha\u00eene publique romande tout au long de la journ\u00e9e) vont conjuguer leurs forces et leurs comp\u00e9tences afin d&rsquo;ouvrir une nouvelle fen\u00eatre publicitaire en Suisse d\u00e8s cet automne, avec une offre partielle tout au long de la journ\u00e9e, puis de mani\u00e8re compl\u00e8te au 1er janvier prochain.<\/p>\n\n\n\n<p>Ringier est un acteur majeur de la commercialisation de marques premium et des m\u00e9dias romands en g\u00e9n\u00e9ral, tels \u00ab\u00a0L&rsquo;illustr\u00e9\u00a0\u00bb ou \u00ab\u00a0L&rsquo;Hebdo\u00a0\u00bb dans le print ou \u00ab\u00a0anibis\u00a0\u00bb sur le web.<\/p>\n\n\n\n<p>Ringier a cr\u00e9\u00e9, au sein de Ringier Romandie, une \u00e9quipe commerciale d\u00e9di\u00e9e \u00e0 TF1. Ce service est rattach\u00e9 au d\u00e9partement publicit\u00e9 + R&amp;D, avec une pr\u00e9sence \u00e0 Zurich et Lausanne.<\/p>\n\n\n\n<p>Pour r\u00e9pondre aux besoins des clients et agences m\u00e9dia, c&rsquo;est l&rsquo;outil software publiplan qui a \u00e9t\u00e9 choisi par Ringier Romandie comme plateforme de r\u00e9servations des espaces publicitaires.<\/p>\n\n\n\n<p>Ringier a d\u00e9velopp\u00e9 une strat\u00e9gie commerciale alliant puissance et originalit\u00e9, deux v\u00e9ritables marques de fabrique de la maison. Des packages multidiffusion sur le signal suisse de TF1 sont disponibles et une offre d\u00e9taill\u00e9e suivra sur publiplan d\u00e8s la fin du mois de juin (avec les conditions g\u00e9n\u00e9rales de vente). Ringier a aussi pr\u00e9vu d&rsquo;offrir la possibilit\u00e9 de d\u00e9velopper des offres \u00e9v\u00e9nementielles autour des \u00e9missions phares de TF1 afin d&rsquo;optimiser l&rsquo;impact et l&rsquo;efficacit\u00e9 des messages publicitaires des annonceurs.<\/p>\n","protected":false},"excerpt":{"rendered":"<p>Afin de r\u00e9pondre \u00e0 une demande du march\u00e9, TF1, la cha\u00eene priv\u00e9e la plus regard\u00e9e en Suisse Romande, va ouvrir une fen\u00eatre publicitaire \u00e0 destination du public romand. Cette fen\u00eatre va allier puissance &#038; innovation.<\/p>\n","protected":false},"author":23,"featured_media":5765,"comment_status":"closed","ping_status":"open","sticky":false,"template":"","format":"standard","meta":{"inline_featured_image":false,"footnotes":""},"categories":[370,363],"tags":[],"class_list":["post-6247","post","type-post","status-publish","format-standard","has-post-thumbnail","hentry","category-media-fr","category-ringier-medias-suisse"],"yoast_head":"<!-- This site is optimized with the Yoast SEO Premium plugin v27.0 (Yoast SEO v27.0) - https:\/\/yoast.com\/product\/yoast-seo-premium-wordpress\/ -->\n<title>Ringier Romandie va commercialiser les espaces publicitaires de la cha\u00eene TF1 pour le annonceures Suisse - Ringier<\/title>\n<meta name=\"robots\" content=\"index, follow, max-snippet:-1, max-image-preview:large, max-video-preview:-1\" \/>\n<link rel=\"canonical\" href=\"https:\/\/www.ringier.com\/fr\/ringier-romandie-va-commercialiser-les-espaces-publicitaires-de-la-chaine-tf1-pour-le-annonceures-suisse\/\" \/>\n<meta property=\"og:locale\" content=\"fr_FR\" \/>\n<meta property=\"og:type\" content=\"article\" \/>\n<meta property=\"og:title\" content=\"Ringier Romandie va commercialiser les espaces publicitaires de la cha\u00eene TF1 pour le annonceures Suisse\" \/>\n<meta property=\"og:description\" content=\"Afin de r\u00e9pondre \u00e0 une demande du march\u00e9, TF1, la cha\u00eene priv\u00e9e la plus regard\u00e9e en Suisse Romande, va ouvrir une fen\u00eatre publicitaire \u00e0 destination du public romand. Cette fen\u00eatre va allier puissance &amp; innovation.\" \/>\n<meta property=\"og:url\" content=\"https:\/\/www.ringier.com\/fr\/ringier-romandie-va-commercialiser-les-espaces-publicitaires-de-la-chaine-tf1-pour-le-annonceures-suisse\/\" \/>\n<meta property=\"og:site_name\" content=\"Ringier\" \/>\n<meta property=\"article:publisher\" content=\"https:\/\/www.facebook.com\/ringierag\/\" \/>\n<meta property=\"article:published_time\" content=\"2011-05-23T08:33:00+00:00\" \/>\n<meta property=\"article:modified_time\" content=\"2024-11-13T15:11:36+00:00\" \/>\n<meta property=\"og:image\" content=\"https:\/\/www.ringier.com\/wp-content\/uploads\/2013\/03\/Press-Release-Default.png\" \/>\n\t<meta property=\"og:image:width\" content=\"8001\" \/>\n\t<meta property=\"og:image:height\" content=\"4201\" \/>\n\t<meta property=\"og:image:type\" content=\"image\/png\" \/>\n<meta name=\"author\" content=\"Ringier Corporate Communications\" \/>\n<meta name=\"twitter:card\" content=\"summary_large_image\" \/>\n<meta name=\"twitter:creator\" content=\"@ringier_ag\" \/>\n<meta name=\"twitter:site\" content=\"@ringier_ag\" \/>\n<meta name=\"twitter:label1\" content=\"\u00c9crit par\" \/>\n\t<meta name=\"twitter:data1\" content=\"Ringier Corporate Communications\" \/>\n\t<meta name=\"twitter:label2\" content=\"Dur\u00e9e de lecture estim\u00e9e\" \/>\n\t<meta name=\"twitter:data2\" content=\"2 minutes\" \/>\n<script type=\"application\/ld+json\" class=\"yoast-schema-graph\">{\"@context\":\"https:\/\/schema.org\",\"@graph\":[{\"@type\":\"Article\",\"@id\":\"https:\/\/www.ringier.com\/fr\/ringier-romandie-va-commercialiser-les-espaces-publicitaires-de-la-chaine-tf1-pour-le-annonceures-suisse\/#article\",\"isPartOf\":{\"@id\":\"https:\/\/www.ringier.com\/fr\/ringier-romandie-va-commercialiser-les-espaces-publicitaires-de-la-chaine-tf1-pour-le-annonceures-suisse\/\"},\"author\":{\"name\":\"Ringier Corporate Communications\",\"@id\":\"https:\/\/www.ringier.com\/fr\/#\/schema\/person\/4cf76a308dc4b2bb5121bd1e7b752e52\"},\"headline\":\"Ringier Romandie va commercialiser les espaces publicitaires de la cha\u00eene TF1 pour le annonceures Suisse\",\"datePublished\":\"2011-05-23T08:33:00+00:00\",\"dateModified\":\"2024-11-13T15:11:36+00:00\",\"mainEntityOfPage\":{\"@id\":\"https:\/\/www.ringier.com\/fr\/ringier-romandie-va-commercialiser-les-espaces-publicitaires-de-la-chaine-tf1-pour-le-annonceures-suisse\/\"},\"wordCount\":283,\"publisher\":{\"@id\":\"https:\/\/www.ringier.com\/fr\/#organization\"},\"image\":{\"@id\":\"https:\/\/www.ringier.com\/fr\/ringier-romandie-va-commercialiser-les-espaces-publicitaires-de-la-chaine-tf1-pour-le-annonceures-suisse\/#primaryimage\"},\"thumbnailUrl\":\"https:\/\/www.ringier.com\/wp-content\/uploads\/2013\/03\/Press-Release-Default.png\",\"articleSection\":[\"Media\",\"Ringier Medias Suisse\"],\"inLanguage\":\"fr-FR\"},{\"@type\":\"WebPage\",\"@id\":\"https:\/\/www.ringier.com\/fr\/ringier-romandie-va-commercialiser-les-espaces-publicitaires-de-la-chaine-tf1-pour-le-annonceures-suisse\/\",\"url\":\"https:\/\/www.ringier.com\/fr\/ringier-romandie-va-commercialiser-les-espaces-publicitaires-de-la-chaine-tf1-pour-le-annonceures-suisse\/\",\"name\":\"Ringier Romandie va commercialiser les espaces publicitaires de la cha\u00eene TF1 pour le annonceures Suisse - Ringier\",\"isPartOf\":{\"@id\":\"https:\/\/www.ringier.com\/fr\/#website\"},\"primaryImageOfPage\":{\"@id\":\"https:\/\/www.ringier.com\/fr\/ringier-romandie-va-commercialiser-les-espaces-publicitaires-de-la-chaine-tf1-pour-le-annonceures-suisse\/#primaryimage\"},\"image\":{\"@id\":\"https:\/\/www.ringier.com\/fr\/ringier-romandie-va-commercialiser-les-espaces-publicitaires-de-la-chaine-tf1-pour-le-annonceures-suisse\/#primaryimage\"},\"thumbnailUrl\":\"https:\/\/www.ringier.com\/wp-content\/uploads\/2013\/03\/Press-Release-Default.png\",\"datePublished\":\"2011-05-23T08:33:00+00:00\",\"dateModified\":\"2024-11-13T15:11:36+00:00\",\"breadcrumb\":{\"@id\":\"https:\/\/www.ringier.com\/fr\/ringier-romandie-va-commercialiser-les-espaces-publicitaires-de-la-chaine-tf1-pour-le-annonceures-suisse\/#breadcrumb\"},\"inLanguage\":\"fr-FR\",\"potentialAction\":[{\"@type\":\"ReadAction\",\"target\":[\"https:\/\/www.ringier.com\/fr\/ringier-romandie-va-commercialiser-les-espaces-publicitaires-de-la-chaine-tf1-pour-le-annonceures-suisse\/\"]}]},{\"@type\":\"ImageObject\",\"inLanguage\":\"fr-FR\",\"@id\":\"https:\/\/www.ringier.com\/fr\/ringier-romandie-va-commercialiser-les-espaces-publicitaires-de-la-chaine-tf1-pour-le-annonceures-suisse\/#primaryimage\",\"url\":\"https:\/\/www.ringier.com\/wp-content\/uploads\/2013\/03\/Press-Release-Default.png\",\"contentUrl\":\"https:\/\/www.ringier.com\/wp-content\/uploads\/2013\/03\/Press-Release-Default.png\",\"width\":8001,\"height\":4201},{\"@type\":\"BreadcrumbList\",\"@id\":\"https:\/\/www.ringier.com\/fr\/ringier-romandie-va-commercialiser-les-espaces-publicitaires-de-la-chaine-tf1-pour-le-annonceures-suisse\/#breadcrumb\",\"itemListElement\":[{\"@type\":\"ListItem\",\"position\":1,\"name\":\"Home\",\"item\":\"https:\/\/www.ringier.com\/fr\/\"},{\"@type\":\"ListItem\",\"position\":2,\"name\":\"Ringier Romandie va commercialiser les espaces publicitaires de la cha\u00eene TF1 pour le annonceures Suisse\"}]},{\"@type\":\"WebSite\",\"@id\":\"https:\/\/www.ringier.com\/fr\/#website\",\"url\":\"https:\/\/www.ringier.com\/fr\/\",\"name\":\"Ringier\",\"description\":\"We inform. We entertain. We connect\",\"publisher\":{\"@id\":\"https:\/\/www.ringier.com\/fr\/#organization\"},\"potentialAction\":[{\"@type\":\"SearchAction\",\"target\":{\"@type\":\"EntryPoint\",\"urlTemplate\":\"https:\/\/www.ringier.com\/fr\/?s={search_term_string}\"},\"query-input\":{\"@type\":\"PropertyValueSpecification\",\"valueRequired\":true,\"valueName\":\"search_term_string\"}}],\"inLanguage\":\"fr-FR\"},{\"@type\":\"Organization\",\"@id\":\"https:\/\/www.ringier.com\/fr\/#organization\",\"name\":\"Ringier\",\"url\":\"https:\/\/www.ringier.com\/fr\/\",\"logo\":{\"@type\":\"ImageObject\",\"inLanguage\":\"fr-FR\",\"@id\":\"https:\/\/www.ringier.com\/fr\/#\/schema\/logo\/image\/\",\"url\":\"https:\/\/www.ringier.com\/wp-content\/uploads\/2021\/10\/ringier_logo_2.jpg\",\"contentUrl\":\"https:\/\/www.ringier.com\/wp-content\/uploads\/2021\/10\/ringier_logo_2.jpg\",\"width\":750,\"height\":550,\"caption\":\"Ringier\"},\"image\":{\"@id\":\"https:\/\/www.ringier.com\/fr\/#\/schema\/logo\/image\/\"},\"sameAs\":[\"https:\/\/www.facebook.com\/ringierag\/\",\"https:\/\/x.com\/ringier_ag\",\"https:\/\/www.instagram.com\/ringier_ag\/\",\"https:\/\/www.linkedin.com\/company\/ringier\/\",\"https:\/\/www.youtube.com\/user\/RingierComm\",\"https:\/\/en.wikipedia.org\/wiki\/Ringier\",\"https:\/\/de.wikipedia.org\/wiki\/Ringier\",\"https:\/\/fr.wikipedia.org\/wiki\/Ringier\",\"https:\/\/www.crunchbase.com\/organization\/ringier-ag\"]},{\"@type\":\"Person\",\"@id\":\"https:\/\/www.ringier.com\/fr\/#\/schema\/person\/4cf76a308dc4b2bb5121bd1e7b752e52\",\"name\":\"Ringier Corporate Communications\",\"image\":{\"@type\":\"ImageObject\",\"inLanguage\":\"fr-FR\",\"@id\":\"https:\/\/www.ringier.com\/fr\/#\/schema\/person\/image\/\",\"url\":\"https:\/\/secure.gravatar.com\/avatar\/9391e20481368d5df4fe3e1e476c13b27786347489822ec1ed07e532bb41f587?s=96&d=mm&r=g\",\"contentUrl\":\"https:\/\/secure.gravatar.com\/avatar\/9391e20481368d5df4fe3e1e476c13b27786347489822ec1ed07e532bb41f587?s=96&d=mm&r=g\",\"caption\":\"Ringier Corporate Communications\"},\"sameAs\":[\"https:\/\/www.ringier.com\"]}]}<\/script>\n<!-- \/ Yoast SEO Premium plugin. -->","yoast_head_json":{"title":"Ringier Romandie va commercialiser les espaces publicitaires de la cha\u00eene TF1 pour le annonceures Suisse - Ringier","robots":{"index":"index","follow":"follow","max-snippet":"max-snippet:-1","max-image-preview":"max-image-preview:large","max-video-preview":"max-video-preview:-1"},"canonical":"https:\/\/www.ringier.com\/fr\/ringier-romandie-va-commercialiser-les-espaces-publicitaires-de-la-chaine-tf1-pour-le-annonceures-suisse\/","og_locale":"fr_FR","og_type":"article","og_title":"Ringier Romandie va commercialiser les espaces publicitaires de la cha\u00eene TF1 pour le annonceures Suisse","og_description":"Afin de r\u00e9pondre \u00e0 une demande du march\u00e9, TF1, la cha\u00eene priv\u00e9e la plus regard\u00e9e en Suisse Romande, va ouvrir une fen\u00eatre publicitaire \u00e0 destination du public romand. Cette fen\u00eatre va allier puissance & innovation.","og_url":"https:\/\/www.ringier.com\/fr\/ringier-romandie-va-commercialiser-les-espaces-publicitaires-de-la-chaine-tf1-pour-le-annonceures-suisse\/","og_site_name":"Ringier","article_publisher":"https:\/\/www.facebook.com\/ringierag\/","article_published_time":"2011-05-23T08:33:00+00:00","article_modified_time":"2024-11-13T15:11:36+00:00","og_image":[{"width":8001,"height":4201,"url":"https:\/\/www.ringier.com\/wp-content\/uploads\/2013\/03\/Press-Release-Default.png","type":"image\/png"}],"author":"Ringier Corporate Communications","twitter_card":"summary_large_image","twitter_creator":"@ringier_ag","twitter_site":"@ringier_ag","twitter_misc":{"\u00c9crit par":"Ringier Corporate Communications","Dur\u00e9e de lecture estim\u00e9e":"2 minutes"},"schema":{"@context":"https:\/\/schema.org","@graph":[{"@type":"Article","@id":"https:\/\/www.ringier.com\/fr\/ringier-romandie-va-commercialiser-les-espaces-publicitaires-de-la-chaine-tf1-pour-le-annonceures-suisse\/#article","isPartOf":{"@id":"https:\/\/www.ringier.com\/fr\/ringier-romandie-va-commercialiser-les-espaces-publicitaires-de-la-chaine-tf1-pour-le-annonceures-suisse\/"},"author":{"name":"Ringier Corporate Communications","@id":"https:\/\/www.ringier.com\/fr\/#\/schema\/person\/4cf76a308dc4b2bb5121bd1e7b752e52"},"headline":"Ringier Romandie va commercialiser les espaces publicitaires de la cha\u00eene TF1 pour le annonceures Suisse","datePublished":"2011-05-23T08:33:00+00:00","dateModified":"2024-11-13T15:11:36+00:00","mainEntityOfPage":{"@id":"https:\/\/www.ringier.com\/fr\/ringier-romandie-va-commercialiser-les-espaces-publicitaires-de-la-chaine-tf1-pour-le-annonceures-suisse\/"},"wordCount":283,"publisher":{"@id":"https:\/\/www.ringier.com\/fr\/#organization"},"image":{"@id":"https:\/\/www.ringier.com\/fr\/ringier-romandie-va-commercialiser-les-espaces-publicitaires-de-la-chaine-tf1-pour-le-annonceures-suisse\/#primaryimage"},"thumbnailUrl":"https:\/\/www.ringier.com\/wp-content\/uploads\/2013\/03\/Press-Release-Default.png","articleSection":["Media","Ringier Medias Suisse"],"inLanguage":"fr-FR"},{"@type":"WebPage","@id":"https:\/\/www.ringier.com\/fr\/ringier-romandie-va-commercialiser-les-espaces-publicitaires-de-la-chaine-tf1-pour-le-annonceures-suisse\/","url":"https:\/\/www.ringier.com\/fr\/ringier-romandie-va-commercialiser-les-espaces-publicitaires-de-la-chaine-tf1-pour-le-annonceures-suisse\/","name":"Ringier Romandie va commercialiser les espaces publicitaires de la cha\u00eene TF1 pour le annonceures Suisse - Ringier","isPartOf":{"@id":"https:\/\/www.ringier.com\/fr\/#website"},"primaryImageOfPage":{"@id":"https:\/\/www.ringier.com\/fr\/ringier-romandie-va-commercialiser-les-espaces-publicitaires-de-la-chaine-tf1-pour-le-annonceures-suisse\/#primaryimage"},"image":{"@id":"https:\/\/www.ringier.com\/fr\/ringier-romandie-va-commercialiser-les-espaces-publicitaires-de-la-chaine-tf1-pour-le-annonceures-suisse\/#primaryimage"},"thumbnailUrl":"https:\/\/www.ringier.com\/wp-content\/uploads\/2013\/03\/Press-Release-Default.png","datePublished":"2011-05-23T08:33:00+00:00","dateModified":"2024-11-13T15:11:36+00:00","breadcrumb":{"@id":"https:\/\/www.ringier.com\/fr\/ringier-romandie-va-commercialiser-les-espaces-publicitaires-de-la-chaine-tf1-pour-le-annonceures-suisse\/#breadcrumb"},"inLanguage":"fr-FR","potentialAction":[{"@type":"ReadAction","target":["https:\/\/www.ringier.com\/fr\/ringier-romandie-va-commercialiser-les-espaces-publicitaires-de-la-chaine-tf1-pour-le-annonceures-suisse\/"]}]},{"@type":"ImageObject","inLanguage":"fr-FR","@id":"https:\/\/www.ringier.com\/fr\/ringier-romandie-va-commercialiser-les-espaces-publicitaires-de-la-chaine-tf1-pour-le-annonceures-suisse\/#primaryimage","url":"https:\/\/www.ringier.com\/wp-content\/uploads\/2013\/03\/Press-Release-Default.png","contentUrl":"https:\/\/www.ringier.com\/wp-content\/uploads\/2013\/03\/Press-Release-Default.png","width":8001,"height":4201},{"@type":"BreadcrumbList","@id":"https:\/\/www.ringier.com\/fr\/ringier-romandie-va-commercialiser-les-espaces-publicitaires-de-la-chaine-tf1-pour-le-annonceures-suisse\/#breadcrumb","itemListElement":[{"@type":"ListItem","position":1,"name":"Home","item":"https:\/\/www.ringier.com\/fr\/"},{"@type":"ListItem","position":2,"name":"Ringier Romandie va commercialiser les espaces publicitaires de la cha\u00eene TF1 pour le annonceures Suisse"}]},{"@type":"WebSite","@id":"https:\/\/www.ringier.com\/fr\/#website","url":"https:\/\/www.ringier.com\/fr\/","name":"Ringier","description":"We inform. We entertain. We connect","publisher":{"@id":"https:\/\/www.ringier.com\/fr\/#organization"},"potentialAction":[{"@type":"SearchAction","target":{"@type":"EntryPoint","urlTemplate":"https:\/\/www.ringier.com\/fr\/?s={search_term_string}"},"query-input":{"@type":"PropertyValueSpecification","valueRequired":true,"valueName":"search_term_string"}}],"inLanguage":"fr-FR"},{"@type":"Organization","@id":"https:\/\/www.ringier.com\/fr\/#organization","name":"Ringier","url":"https:\/\/www.ringier.com\/fr\/","logo":{"@type":"ImageObject","inLanguage":"fr-FR","@id":"https:\/\/www.ringier.com\/fr\/#\/schema\/logo\/image\/","url":"https:\/\/www.ringier.com\/wp-content\/uploads\/2021\/10\/ringier_logo_2.jpg","contentUrl":"https:\/\/www.ringier.com\/wp-content\/uploads\/2021\/10\/ringier_logo_2.jpg","width":750,"height":550,"caption":"Ringier"},"image":{"@id":"https:\/\/www.ringier.com\/fr\/#\/schema\/logo\/image\/"},"sameAs":["https:\/\/www.facebook.com\/ringierag\/","https:\/\/x.com\/ringier_ag","https:\/\/www.instagram.com\/ringier_ag\/","https:\/\/www.linkedin.com\/company\/ringier\/","https:\/\/www.youtube.com\/user\/RingierComm","https:\/\/en.wikipedia.org\/wiki\/Ringier","https:\/\/de.wikipedia.org\/wiki\/Ringier","https:\/\/fr.wikipedia.org\/wiki\/Ringier","https:\/\/www.crunchbase.com\/organization\/ringier-ag"]},{"@type":"Person","@id":"https:\/\/www.ringier.com\/fr\/#\/schema\/person\/4cf76a308dc4b2bb5121bd1e7b752e52","name":"Ringier Corporate Communications","image":{"@type":"ImageObject","inLanguage":"fr-FR","@id":"https:\/\/www.ringier.com\/fr\/#\/schema\/person\/image\/","url":"https:\/\/secure.gravatar.com\/avatar\/9391e20481368d5df4fe3e1e476c13b27786347489822ec1ed07e532bb41f587?s=96&d=mm&r=g","contentUrl":"https:\/\/secure.gravatar.com\/avatar\/9391e20481368d5df4fe3e1e476c13b27786347489822ec1ed07e532bb41f587?s=96&d=mm&r=g","caption":"Ringier Corporate Communications"},"sameAs":["https:\/\/www.ringier.com"]}]}},"_links":{"self":[{"href":"https:\/\/www.ringier.com\/fr\/wp-json\/wp\/v2\/posts\/6247","targetHints":{"allow":["GET"]}}],"collection":[{"href":"https:\/\/www.ringier.com\/fr\/wp-json\/wp\/v2\/posts"}],"about":[{"href":"https:\/\/www.ringier.com\/fr\/wp-json\/wp\/v2\/types\/post"}],"author":[{"embeddable":true,"href":"https:\/\/www.ringier.com\/fr\/wp-json\/wp\/v2\/users\/23"}],"replies":[{"embeddable":true,"href":"https:\/\/www.ringier.com\/fr\/wp-json\/wp\/v2\/comments?post=6247"}],"version-history":[{"count":0,"href":"https:\/\/www.ringier.com\/fr\/wp-json\/wp\/v2\/posts\/6247\/revisions"}],"wp:featuredmedia":[{"embeddable":true,"href":"https:\/\/www.ringier.com\/fr\/wp-json\/wp\/v2\/media\/5765"}],"wp:attachment":[{"href":"https:\/\/www.ringier.com\/fr\/wp-json\/wp\/v2\/media?parent=6247"}],"wp:term":[{"taxonomy":"category","embeddable":true,"href":"https:\/\/www.ringier.com\/fr\/wp-json\/wp\/v2\/categories?post=6247"},{"taxonomy":"post_tag","embeddable":true,"href":"https:\/\/www.ringier.com\/fr\/wp-json\/wp\/v2\/tags?post=6247"}],"curies":[{"name":"wp","href":"https:\/\/api.w.org\/{rel}","templated":true}]}}