{"id":6221,"date":"2011-11-28T10:11:00","date_gmt":"2011-11-28T09:11:00","guid":{"rendered":"https:\/\/www.ringier.com\/?p=6221"},"modified":"2025-06-24T09:38:25","modified_gmt":"2025-06-24T07:38:25","slug":"vlada-mihailovic-nouveau-directeur-general-de-ringier-print-adligenswil-sa","status":"publish","type":"post","link":"https:\/\/www.ringier.com\/fr\/vlada-mihailovic-nouveau-directeur-general-de-ringier-print-adligenswil-sa\/","title":{"rendered":"Vlada Mihailovic, nouveau directeur g\u00e9n\u00e9ral de Ringier Print Adligenswil SA"},"content":{"rendered":"\n<p>Mihailovic est directeur g\u00e9n\u00e9ral de S\u00fcdostschweiz Partner SA (Haag SG) depuis mars 2006. Auparavant, il a \u00e9t\u00e9 directeur technique et directeur des processus pendant un an et demi chez AZ Medien Gruppe SA (Aarau). N\u00e9 en Allemagne, il a r\u00e9alis\u00e9 son m\u00e9moire de dipl\u00f4me d&rsquo;ing\u00e9nieur en \u00e9conomie Imprimerie HES au sein de la soci\u00e9t\u00e9 Vogt-Schild\/Habegger Medien SA de Soleure. Jusqu&rsquo;en 2002, Mihailovic a \u00e9t\u00e9 assistant de la direction dans cette m\u00eame entreprise avant de devenir assistant du directoire de K\u00f6nig &amp; Bauer Druckmaschinen SA (W\u00fcrzburg).&nbsp;<\/p>\n\n\n\n<p>Vlada Mihailovic succ\u00e8de \u00e0 Bruno Blaser, 66 ans, chez Ringier depuis d\u00e9j\u00e0 42 ans. Au cours de cette longue et pr\u00e9cieuse collaboration, Blaser a occup\u00e9 plusieurs fonctions. D\u00e8s 1970, il est charg\u00e9 de mettre en place et de diriger la formation et la formation continue en reproduction offset \u00e0 Zofingue avant de diriger ce service. Il devient aussi directeur du service Pr\u00e9presse, membre de la direction g\u00e9n\u00e9rale de C.J. Bucher SA (Lucerne)\/Centre offset Adligenswil, et directeur du personnel de Ringier Zofingue en 1988. A partir de 1993, il dirige le service Journaux Suisse centrale de Ringier et, en 1996, le service Editions, et devient membre de la direction g\u00e9n\u00e9rale du titre Neue Luzerner Zeitung. D\u00e8s l&rsquo;an 2000, on le retrouve \u00e0 la direction des \u00e9ditions de Blick\/SonntagsBlick puis, \u00e0 partir d&rsquo;octobre 2009, il devient directeur g\u00e9n\u00e9ral de Ringier Print Adligenswil et membre de la direction g\u00e9n\u00e9rale de Ringier Suisse. Pendant toute sa trajectoire chez Ringier, Bruno Blaser a aussi \u00e9t\u00e9 membre du conseil d&rsquo;administration de Radio Pilatus AG (Lucerne), de 2R Media SA (Locarno), de Wemf SA et de mm&amp;b (Budapest).\u00a0<\/p>\n\n\n\n<p>Marc Walder, CEO de Ringier Suisse et Allemagne, s&rsquo;exprime en ces mots sur le d\u00e9part de Bruno Blaser: \u00abBruno Blaser a marqu\u00e9 le devenir de Ringier pendant plus de quatre d\u00e9cennies en occupant les fonctions les plus diverses. Je le remercie pour sa collaboration hors du commun, son engagement et sa fid\u00e9lit\u00e9 \u00e0 notre entreprise.\u00bb&nbsp;<\/p>\n\n\n\n<p>Ringier Print Adligenswil emploie aujourd&rsquo;hui quelque 300 personnes, produit plus de 60 titres de journaux, dispose de cinq machines \u00e0 imprimer rotatives offset capables de produire jusqu&rsquo;\u00e0 210 000 journaux par heure et son chiffre d&rsquo;affaires s&rsquo;\u00e9l\u00e8ve \u00e0 CHF 72,7 millions (2010).&nbsp;<\/p>\n\n\n\n<p>Communication Ringier Suisse<\/p>\n","protected":false},"excerpt":{"rendered":"<p>L&rsquo;entreprise d&rsquo;imprimerie Ringier Print Adligenswil LU accueille son nouveau directeur g\u00e9n\u00e9ral: Vlada Mihailovic, 38 ans, reprendra la direction de l&rsquo;imprimerie d&rsquo;Adligenswil au plus tard le 1er mai 2012.<\/p>\n","protected":false},"author":23,"featured_media":6228,"comment_status":"closed","ping_status":"open","sticky":false,"template":"","format":"standard","meta":{"inline_featured_image":false,"footnotes":""},"categories":[43,3],"tags":[],"class_list":["post-6221","post","type-post","status-publish","format-standard","has-post-thumbnail","hentry","category-corporate-fr","category-unkategorisiert"],"yoast_head":"<!-- This site is optimized with the Yoast SEO Premium plugin v27.0 (Yoast SEO v27.0) - https:\/\/yoast.com\/product\/yoast-seo-premium-wordpress\/ -->\n<title>Vlada Mihailovic, nouveau directeur g\u00e9n\u00e9ral de Ringier Print Adligenswil SA - Ringier<\/title>\n<meta name=\"robots\" content=\"index, follow, max-snippet:-1, max-image-preview:large, max-video-preview:-1\" \/>\n<link rel=\"canonical\" href=\"https:\/\/www.ringier.com\/fr\/vlada-mihailovic-nouveau-directeur-general-de-ringier-print-adligenswil-sa\/\" \/>\n<meta property=\"og:locale\" content=\"fr_FR\" \/>\n<meta property=\"og:type\" content=\"article\" \/>\n<meta property=\"og:title\" content=\"Vlada Mihailovic, nouveau directeur g\u00e9n\u00e9ral de Ringier Print Adligenswil SA\" \/>\n<meta property=\"og:description\" content=\"L&#039;entreprise d&#039;imprimerie Ringier Print Adligenswil LU accueille son nouveau directeur g\u00e9n\u00e9ral: Vlada Mihailovic, 38 ans, reprendra la direction de l&#039;imprimerie d&#039;Adligenswil au plus tard le 1er mai 2012.\" \/>\n<meta property=\"og:url\" content=\"https:\/\/www.ringier.com\/fr\/vlada-mihailovic-nouveau-directeur-general-de-ringier-print-adligenswil-sa\/\" \/>\n<meta property=\"og:site_name\" content=\"Ringier\" \/>\n<meta property=\"article:publisher\" content=\"https:\/\/www.facebook.com\/ringierag\/\" \/>\n<meta property=\"article:published_time\" content=\"2011-11-28T09:11:00+00:00\" \/>\n<meta property=\"article:modified_time\" content=\"2025-06-24T07:38:25+00:00\" \/>\n<meta property=\"og:image\" content=\"https:\/\/www.ringier.com\/wp-content\/uploads\/2021\/09\/vlada_mihailovic-Nov-2011.jpg\" \/>\n\t<meta property=\"og:image:width\" content=\"1571\" \/>\n\t<meta property=\"og:image:height\" content=\"1654\" \/>\n\t<meta property=\"og:image:type\" content=\"image\/jpeg\" \/>\n<meta name=\"author\" content=\"Ringier Corporate Communications\" \/>\n<meta name=\"twitter:card\" content=\"summary_large_image\" \/>\n<meta name=\"twitter:creator\" content=\"@ringier_ag\" \/>\n<meta name=\"twitter:site\" content=\"@ringier_ag\" \/>\n<meta name=\"twitter:label1\" content=\"\u00c9crit par\" \/>\n\t<meta name=\"twitter:data1\" content=\"Ringier Corporate Communications\" \/>\n\t<meta name=\"twitter:label2\" content=\"Dur\u00e9e de lecture estim\u00e9e\" \/>\n\t<meta name=\"twitter:data2\" content=\"3 minutes\" \/>\n<script type=\"application\/ld+json\" class=\"yoast-schema-graph\">{\"@context\":\"https:\/\/schema.org\",\"@graph\":[{\"@type\":\"Article\",\"@id\":\"https:\/\/www.ringier.com\/fr\/vlada-mihailovic-nouveau-directeur-general-de-ringier-print-adligenswil-sa\/#article\",\"isPartOf\":{\"@id\":\"https:\/\/www.ringier.com\/fr\/vlada-mihailovic-nouveau-directeur-general-de-ringier-print-adligenswil-sa\/\"},\"author\":{\"name\":\"Ringier Corporate Communications\",\"@id\":\"https:\/\/www.ringier.com\/fr\/#\/schema\/person\/4cf76a308dc4b2bb5121bd1e7b752e52\"},\"headline\":\"Vlada Mihailovic, nouveau directeur g\u00e9n\u00e9ral de Ringier Print Adligenswil SA\",\"datePublished\":\"2011-11-28T09:11:00+00:00\",\"dateModified\":\"2025-06-24T07:38:25+00:00\",\"mainEntityOfPage\":{\"@id\":\"https:\/\/www.ringier.com\/fr\/vlada-mihailovic-nouveau-directeur-general-de-ringier-print-adligenswil-sa\/\"},\"wordCount\":402,\"publisher\":{\"@id\":\"https:\/\/www.ringier.com\/fr\/#organization\"},\"image\":{\"@id\":\"https:\/\/www.ringier.com\/fr\/vlada-mihailovic-nouveau-directeur-general-de-ringier-print-adligenswil-sa\/#primaryimage\"},\"thumbnailUrl\":\"https:\/\/www.ringier.com\/wp-content\/uploads\/2021\/09\/vlada_mihailovic-Nov-2011.jpg\",\"articleSection\":[\"Corporate\",\"Unkategorisiert\"],\"inLanguage\":\"fr-FR\"},{\"@type\":\"WebPage\",\"@id\":\"https:\/\/www.ringier.com\/fr\/vlada-mihailovic-nouveau-directeur-general-de-ringier-print-adligenswil-sa\/\",\"url\":\"https:\/\/www.ringier.com\/fr\/vlada-mihailovic-nouveau-directeur-general-de-ringier-print-adligenswil-sa\/\",\"name\":\"Vlada Mihailovic, nouveau directeur g\u00e9n\u00e9ral de Ringier Print Adligenswil SA - Ringier\",\"isPartOf\":{\"@id\":\"https:\/\/www.ringier.com\/fr\/#website\"},\"primaryImageOfPage\":{\"@id\":\"https:\/\/www.ringier.com\/fr\/vlada-mihailovic-nouveau-directeur-general-de-ringier-print-adligenswil-sa\/#primaryimage\"},\"image\":{\"@id\":\"https:\/\/www.ringier.com\/fr\/vlada-mihailovic-nouveau-directeur-general-de-ringier-print-adligenswil-sa\/#primaryimage\"},\"thumbnailUrl\":\"https:\/\/www.ringier.com\/wp-content\/uploads\/2021\/09\/vlada_mihailovic-Nov-2011.jpg\",\"datePublished\":\"2011-11-28T09:11:00+00:00\",\"dateModified\":\"2025-06-24T07:38:25+00:00\",\"breadcrumb\":{\"@id\":\"https:\/\/www.ringier.com\/fr\/vlada-mihailovic-nouveau-directeur-general-de-ringier-print-adligenswil-sa\/#breadcrumb\"},\"inLanguage\":\"fr-FR\",\"potentialAction\":[{\"@type\":\"ReadAction\",\"target\":[\"https:\/\/www.ringier.com\/fr\/vlada-mihailovic-nouveau-directeur-general-de-ringier-print-adligenswil-sa\/\"]}]},{\"@type\":\"ImageObject\",\"inLanguage\":\"fr-FR\",\"@id\":\"https:\/\/www.ringier.com\/fr\/vlada-mihailovic-nouveau-directeur-general-de-ringier-print-adligenswil-sa\/#primaryimage\",\"url\":\"https:\/\/www.ringier.com\/wp-content\/uploads\/2021\/09\/vlada_mihailovic-Nov-2011.jpg\",\"contentUrl\":\"https:\/\/www.ringier.com\/wp-content\/uploads\/2021\/09\/vlada_mihailovic-Nov-2011.jpg\",\"width\":1571,\"height\":1654},{\"@type\":\"BreadcrumbList\",\"@id\":\"https:\/\/www.ringier.com\/fr\/vlada-mihailovic-nouveau-directeur-general-de-ringier-print-adligenswil-sa\/#breadcrumb\",\"itemListElement\":[{\"@type\":\"ListItem\",\"position\":1,\"name\":\"Home\",\"item\":\"https:\/\/www.ringier.com\/fr\/\"},{\"@type\":\"ListItem\",\"position\":2,\"name\":\"Vlada Mihailovic, nouveau directeur g\u00e9n\u00e9ral de Ringier Print Adligenswil SA\"}]},{\"@type\":\"WebSite\",\"@id\":\"https:\/\/www.ringier.com\/fr\/#website\",\"url\":\"https:\/\/www.ringier.com\/fr\/\",\"name\":\"Ringier\",\"description\":\"We inform. We entertain. We connect\",\"publisher\":{\"@id\":\"https:\/\/www.ringier.com\/fr\/#organization\"},\"potentialAction\":[{\"@type\":\"SearchAction\",\"target\":{\"@type\":\"EntryPoint\",\"urlTemplate\":\"https:\/\/www.ringier.com\/fr\/?s={search_term_string}\"},\"query-input\":{\"@type\":\"PropertyValueSpecification\",\"valueRequired\":true,\"valueName\":\"search_term_string\"}}],\"inLanguage\":\"fr-FR\"},{\"@type\":\"Organization\",\"@id\":\"https:\/\/www.ringier.com\/fr\/#organization\",\"name\":\"Ringier\",\"url\":\"https:\/\/www.ringier.com\/fr\/\",\"logo\":{\"@type\":\"ImageObject\",\"inLanguage\":\"fr-FR\",\"@id\":\"https:\/\/www.ringier.com\/fr\/#\/schema\/logo\/image\/\",\"url\":\"https:\/\/www.ringier.com\/wp-content\/uploads\/2021\/10\/ringier_logo_2.jpg\",\"contentUrl\":\"https:\/\/www.ringier.com\/wp-content\/uploads\/2021\/10\/ringier_logo_2.jpg\",\"width\":750,\"height\":550,\"caption\":\"Ringier\"},\"image\":{\"@id\":\"https:\/\/www.ringier.com\/fr\/#\/schema\/logo\/image\/\"},\"sameAs\":[\"https:\/\/www.facebook.com\/ringierag\/\",\"https:\/\/x.com\/ringier_ag\",\"https:\/\/www.instagram.com\/ringier_ag\/\",\"https:\/\/www.linkedin.com\/company\/ringier\/\",\"https:\/\/www.youtube.com\/user\/RingierComm\",\"https:\/\/en.wikipedia.org\/wiki\/Ringier\",\"https:\/\/de.wikipedia.org\/wiki\/Ringier\",\"https:\/\/fr.wikipedia.org\/wiki\/Ringier\",\"https:\/\/www.crunchbase.com\/organization\/ringier-ag\"]},{\"@type\":\"Person\",\"@id\":\"https:\/\/www.ringier.com\/fr\/#\/schema\/person\/4cf76a308dc4b2bb5121bd1e7b752e52\",\"name\":\"Ringier Corporate Communications\",\"image\":{\"@type\":\"ImageObject\",\"inLanguage\":\"fr-FR\",\"@id\":\"https:\/\/www.ringier.com\/fr\/#\/schema\/person\/image\/\",\"url\":\"https:\/\/secure.gravatar.com\/avatar\/9391e20481368d5df4fe3e1e476c13b27786347489822ec1ed07e532bb41f587?s=96&d=mm&r=g\",\"contentUrl\":\"https:\/\/secure.gravatar.com\/avatar\/9391e20481368d5df4fe3e1e476c13b27786347489822ec1ed07e532bb41f587?s=96&d=mm&r=g\",\"caption\":\"Ringier Corporate Communications\"},\"sameAs\":[\"https:\/\/www.ringier.com\"]}]}<\/script>\n<!-- \/ Yoast SEO Premium plugin. -->","yoast_head_json":{"title":"Vlada Mihailovic, nouveau directeur g\u00e9n\u00e9ral de Ringier Print Adligenswil SA - Ringier","robots":{"index":"index","follow":"follow","max-snippet":"max-snippet:-1","max-image-preview":"max-image-preview:large","max-video-preview":"max-video-preview:-1"},"canonical":"https:\/\/www.ringier.com\/fr\/vlada-mihailovic-nouveau-directeur-general-de-ringier-print-adligenswil-sa\/","og_locale":"fr_FR","og_type":"article","og_title":"Vlada Mihailovic, nouveau directeur g\u00e9n\u00e9ral de Ringier Print Adligenswil SA","og_description":"L'entreprise d'imprimerie Ringier Print Adligenswil LU accueille son nouveau directeur g\u00e9n\u00e9ral: Vlada Mihailovic, 38 ans, reprendra la direction de l'imprimerie d'Adligenswil au plus tard le 1er mai 2012.","og_url":"https:\/\/www.ringier.com\/fr\/vlada-mihailovic-nouveau-directeur-general-de-ringier-print-adligenswil-sa\/","og_site_name":"Ringier","article_publisher":"https:\/\/www.facebook.com\/ringierag\/","article_published_time":"2011-11-28T09:11:00+00:00","article_modified_time":"2025-06-24T07:38:25+00:00","og_image":[{"width":1571,"height":1654,"url":"https:\/\/www.ringier.com\/wp-content\/uploads\/2021\/09\/vlada_mihailovic-Nov-2011.jpg","type":"image\/jpeg"}],"author":"Ringier Corporate Communications","twitter_card":"summary_large_image","twitter_creator":"@ringier_ag","twitter_site":"@ringier_ag","twitter_misc":{"\u00c9crit par":"Ringier Corporate Communications","Dur\u00e9e de lecture estim\u00e9e":"3 minutes"},"schema":{"@context":"https:\/\/schema.org","@graph":[{"@type":"Article","@id":"https:\/\/www.ringier.com\/fr\/vlada-mihailovic-nouveau-directeur-general-de-ringier-print-adligenswil-sa\/#article","isPartOf":{"@id":"https:\/\/www.ringier.com\/fr\/vlada-mihailovic-nouveau-directeur-general-de-ringier-print-adligenswil-sa\/"},"author":{"name":"Ringier Corporate Communications","@id":"https:\/\/www.ringier.com\/fr\/#\/schema\/person\/4cf76a308dc4b2bb5121bd1e7b752e52"},"headline":"Vlada Mihailovic, nouveau directeur g\u00e9n\u00e9ral de Ringier Print Adligenswil SA","datePublished":"2011-11-28T09:11:00+00:00","dateModified":"2025-06-24T07:38:25+00:00","mainEntityOfPage":{"@id":"https:\/\/www.ringier.com\/fr\/vlada-mihailovic-nouveau-directeur-general-de-ringier-print-adligenswil-sa\/"},"wordCount":402,"publisher":{"@id":"https:\/\/www.ringier.com\/fr\/#organization"},"image":{"@id":"https:\/\/www.ringier.com\/fr\/vlada-mihailovic-nouveau-directeur-general-de-ringier-print-adligenswil-sa\/#primaryimage"},"thumbnailUrl":"https:\/\/www.ringier.com\/wp-content\/uploads\/2021\/09\/vlada_mihailovic-Nov-2011.jpg","articleSection":["Corporate","Unkategorisiert"],"inLanguage":"fr-FR"},{"@type":"WebPage","@id":"https:\/\/www.ringier.com\/fr\/vlada-mihailovic-nouveau-directeur-general-de-ringier-print-adligenswil-sa\/","url":"https:\/\/www.ringier.com\/fr\/vlada-mihailovic-nouveau-directeur-general-de-ringier-print-adligenswil-sa\/","name":"Vlada Mihailovic, nouveau directeur g\u00e9n\u00e9ral de Ringier Print Adligenswil SA - Ringier","isPartOf":{"@id":"https:\/\/www.ringier.com\/fr\/#website"},"primaryImageOfPage":{"@id":"https:\/\/www.ringier.com\/fr\/vlada-mihailovic-nouveau-directeur-general-de-ringier-print-adligenswil-sa\/#primaryimage"},"image":{"@id":"https:\/\/www.ringier.com\/fr\/vlada-mihailovic-nouveau-directeur-general-de-ringier-print-adligenswil-sa\/#primaryimage"},"thumbnailUrl":"https:\/\/www.ringier.com\/wp-content\/uploads\/2021\/09\/vlada_mihailovic-Nov-2011.jpg","datePublished":"2011-11-28T09:11:00+00:00","dateModified":"2025-06-24T07:38:25+00:00","breadcrumb":{"@id":"https:\/\/www.ringier.com\/fr\/vlada-mihailovic-nouveau-directeur-general-de-ringier-print-adligenswil-sa\/#breadcrumb"},"inLanguage":"fr-FR","potentialAction":[{"@type":"ReadAction","target":["https:\/\/www.ringier.com\/fr\/vlada-mihailovic-nouveau-directeur-general-de-ringier-print-adligenswil-sa\/"]}]},{"@type":"ImageObject","inLanguage":"fr-FR","@id":"https:\/\/www.ringier.com\/fr\/vlada-mihailovic-nouveau-directeur-general-de-ringier-print-adligenswil-sa\/#primaryimage","url":"https:\/\/www.ringier.com\/wp-content\/uploads\/2021\/09\/vlada_mihailovic-Nov-2011.jpg","contentUrl":"https:\/\/www.ringier.com\/wp-content\/uploads\/2021\/09\/vlada_mihailovic-Nov-2011.jpg","width":1571,"height":1654},{"@type":"BreadcrumbList","@id":"https:\/\/www.ringier.com\/fr\/vlada-mihailovic-nouveau-directeur-general-de-ringier-print-adligenswil-sa\/#breadcrumb","itemListElement":[{"@type":"ListItem","position":1,"name":"Home","item":"https:\/\/www.ringier.com\/fr\/"},{"@type":"ListItem","position":2,"name":"Vlada Mihailovic, nouveau directeur g\u00e9n\u00e9ral de Ringier Print Adligenswil SA"}]},{"@type":"WebSite","@id":"https:\/\/www.ringier.com\/fr\/#website","url":"https:\/\/www.ringier.com\/fr\/","name":"Ringier","description":"We inform. We entertain. We connect","publisher":{"@id":"https:\/\/www.ringier.com\/fr\/#organization"},"potentialAction":[{"@type":"SearchAction","target":{"@type":"EntryPoint","urlTemplate":"https:\/\/www.ringier.com\/fr\/?s={search_term_string}"},"query-input":{"@type":"PropertyValueSpecification","valueRequired":true,"valueName":"search_term_string"}}],"inLanguage":"fr-FR"},{"@type":"Organization","@id":"https:\/\/www.ringier.com\/fr\/#organization","name":"Ringier","url":"https:\/\/www.ringier.com\/fr\/","logo":{"@type":"ImageObject","inLanguage":"fr-FR","@id":"https:\/\/www.ringier.com\/fr\/#\/schema\/logo\/image\/","url":"https:\/\/www.ringier.com\/wp-content\/uploads\/2021\/10\/ringier_logo_2.jpg","contentUrl":"https:\/\/www.ringier.com\/wp-content\/uploads\/2021\/10\/ringier_logo_2.jpg","width":750,"height":550,"caption":"Ringier"},"image":{"@id":"https:\/\/www.ringier.com\/fr\/#\/schema\/logo\/image\/"},"sameAs":["https:\/\/www.facebook.com\/ringierag\/","https:\/\/x.com\/ringier_ag","https:\/\/www.instagram.com\/ringier_ag\/","https:\/\/www.linkedin.com\/company\/ringier\/","https:\/\/www.youtube.com\/user\/RingierComm","https:\/\/en.wikipedia.org\/wiki\/Ringier","https:\/\/de.wikipedia.org\/wiki\/Ringier","https:\/\/fr.wikipedia.org\/wiki\/Ringier","https:\/\/www.crunchbase.com\/organization\/ringier-ag"]},{"@type":"Person","@id":"https:\/\/www.ringier.com\/fr\/#\/schema\/person\/4cf76a308dc4b2bb5121bd1e7b752e52","name":"Ringier Corporate Communications","image":{"@type":"ImageObject","inLanguage":"fr-FR","@id":"https:\/\/www.ringier.com\/fr\/#\/schema\/person\/image\/","url":"https:\/\/secure.gravatar.com\/avatar\/9391e20481368d5df4fe3e1e476c13b27786347489822ec1ed07e532bb41f587?s=96&d=mm&r=g","contentUrl":"https:\/\/secure.gravatar.com\/avatar\/9391e20481368d5df4fe3e1e476c13b27786347489822ec1ed07e532bb41f587?s=96&d=mm&r=g","caption":"Ringier Corporate Communications"},"sameAs":["https:\/\/www.ringier.com"]}]}},"_links":{"self":[{"href":"https:\/\/www.ringier.com\/fr\/wp-json\/wp\/v2\/posts\/6221","targetHints":{"allow":["GET"]}}],"collection":[{"href":"https:\/\/www.ringier.com\/fr\/wp-json\/wp\/v2\/posts"}],"about":[{"href":"https:\/\/www.ringier.com\/fr\/wp-json\/wp\/v2\/types\/post"}],"author":[{"embeddable":true,"href":"https:\/\/www.ringier.com\/fr\/wp-json\/wp\/v2\/users\/23"}],"replies":[{"embeddable":true,"href":"https:\/\/www.ringier.com\/fr\/wp-json\/wp\/v2\/comments?post=6221"}],"version-history":[{"count":0,"href":"https:\/\/www.ringier.com\/fr\/wp-json\/wp\/v2\/posts\/6221\/revisions"}],"wp:featuredmedia":[{"embeddable":true,"href":"https:\/\/www.ringier.com\/fr\/wp-json\/wp\/v2\/media\/6228"}],"wp:attachment":[{"href":"https:\/\/www.ringier.com\/fr\/wp-json\/wp\/v2\/media?parent=6221"}],"wp:term":[{"taxonomy":"category","embeddable":true,"href":"https:\/\/www.ringier.com\/fr\/wp-json\/wp\/v2\/categories?post=6221"},{"taxonomy":"post_tag","embeddable":true,"href":"https:\/\/www.ringier.com\/fr\/wp-json\/wp\/v2\/tags?post=6221"}],"curies":[{"name":"wp","href":"https:\/\/api.w.org\/{rel}","templated":true}]}}