{"id":5858,"date":"2011-08-01T16:41:00","date_gmt":"2011-08-01T14:41:00","guid":{"rendered":"https:\/\/www.ringier.com\/ringier-trennt-sich-von-nik-niethammer-chefredaktor-der-schweizer-illustrierte\/"},"modified":"2024-11-13T16:31:23","modified_gmt":"2024-11-13T15:31:23","slug":"ringier-se-separe-de-nik-niethammer-redacteur-en-chef-de-la-schweizer-illustrierte","status":"publish","type":"post","link":"https:\/\/www.ringier.com\/fr\/ringier-se-separe-de-nik-niethammer-redacteur-en-chef-de-la-schweizer-illustrierte\/","title":{"rendered":"Ringier se s\u00e9pare de Nik Niethammer, r\u00e9dacteur en chef de la Schweizer Illustrierte"},"content":{"rendered":"\n<p>Nik Niethammer (49 ans) \u00e9tait devenu r\u00e9dacteur en chef de la Schweizer Illustrierte le 1er d\u00e9cembre 2008. Auparavant, de 2004 \u00e0 2007, il avait \u00e9t\u00e9 r\u00e9dacteur en chef et directeur de programmation de TeleZ\u00fcri et de Tele24, avait travaill\u00e9 pendant cinq ans comme membre de la r\u00e9daction en chef du Blick et avait \u00e9t\u00e9 chef de magazine, puis r\u00e9dacteur en chef chez Sat.1 en Allemagne.<\/p>\n\n\n\n<p>A son poste de r\u00e9dacteur en chef, Niethammer avait notablement remani\u00e9 le langage visuel de la c\u00e9l\u00e8bre Schweizer Illustrierte et en avait d\u00e9velopp\u00e9 avec succ\u00e8s le concept people. Il avait fait entrer la plus grande revue de Suisse dans l&rsquo;\u00e8re du num\u00e9rique, avait tr\u00e8s fortement consolid\u00e9 la r\u00e9daction en ligne et s&rsquo;\u00e9tait occup\u00e9 de l&rsquo;introduction et de la mise en \u0153uvre du eMagazin de la SI pour iPad, tr\u00e8s respect\u00e9 sur le plan international.<\/p>\n\n\n\n<p>Ringier se s\u00e9pare de Nik Niethammer en raison de diff\u00e9rences de conception quant \u00e0 l&rsquo;orientation future de la revue. Ce dernier passe le flambeau \u00e0 son adjoint Stefan Regez (40 ans), qui est membre de la r\u00e9daction en chef depuis avril 2010. Urs Heller, directeur des revues Ringier Suisse: \u00abJe remercie Nik Niethammer pour son grand engagement et ses contributions, et je lui pr\u00e9sente tous mes v\u0153ux de succ\u00e8s pour son avenir professionnel.\u00bb<\/p>\n\n\n\n<p>Communication Ringier Suisse<\/p>\n","protected":false},"excerpt":{"rendered":"<p>Un changement est intervenu \u00e0 la t\u00eate de la Schweizer Illustrierte: Ringier se s\u00e9pare du r\u00e9dacteur en chef Nik Niethammer. Le r\u00e9dacteur en chef adjoint de la SI, Stefan Regez, en assume la direction par int\u00e9rim \u00e0 compter du 1er septembre.<\/p>\n","protected":false},"author":23,"featured_media":5854,"comment_status":"closed","ping_status":"open","sticky":false,"template":"","format":"standard","meta":{"inline_featured_image":false,"footnotes":""},"categories":[370,363],"tags":[],"class_list":["post-5858","post","type-post","status-publish","format-standard","has-post-thumbnail","hentry","category-media-fr","category-ringier-medias-suisse"],"yoast_head":"<!-- This site is optimized with the Yoast SEO Premium plugin v27.0 (Yoast SEO v27.0) - https:\/\/yoast.com\/product\/yoast-seo-premium-wordpress\/ -->\n<title>Ringier se s\u00e9pare de Nik Niethammer, r\u00e9dacteur en chef de la Schweizer Illustrierte - Ringier<\/title>\n<meta name=\"robots\" content=\"index, follow, max-snippet:-1, max-image-preview:large, max-video-preview:-1\" \/>\n<link rel=\"canonical\" href=\"https:\/\/www.ringier.com\/fr\/ringier-se-separe-de-nik-niethammer-redacteur-en-chef-de-la-schweizer-illustrierte\/\" \/>\n<meta property=\"og:locale\" content=\"fr_FR\" \/>\n<meta property=\"og:type\" content=\"article\" \/>\n<meta property=\"og:title\" content=\"Ringier se s\u00e9pare de Nik Niethammer, r\u00e9dacteur en chef de la Schweizer Illustrierte\" \/>\n<meta property=\"og:description\" content=\"Un changement est intervenu \u00e0 la t\u00eate de la Schweizer Illustrierte: Ringier se s\u00e9pare du r\u00e9dacteur en chef Nik Niethammer. Le r\u00e9dacteur en chef adjoint de la SI, Stefan Regez, en assume la direction par int\u00e9rim \u00e0 compter du 1er septembre.\" \/>\n<meta property=\"og:url\" content=\"https:\/\/www.ringier.com\/fr\/ringier-se-separe-de-nik-niethammer-redacteur-en-chef-de-la-schweizer-illustrierte\/\" \/>\n<meta property=\"og:site_name\" content=\"Ringier\" \/>\n<meta property=\"article:publisher\" content=\"https:\/\/www.facebook.com\/ringierag\/\" \/>\n<meta property=\"article:published_time\" content=\"2011-08-01T14:41:00+00:00\" \/>\n<meta property=\"article:modified_time\" content=\"2024-11-13T15:31:23+00:00\" \/>\n<meta property=\"og:image\" content=\"https:\/\/www.ringier.com\/wp-content\/uploads\/2021\/09\/nik_niethammer_2011.jpg\" \/>\n\t<meta property=\"og:image:width\" content=\"1080\" \/>\n\t<meta property=\"og:image:height\" content=\"1620\" \/>\n\t<meta property=\"og:image:type\" content=\"image\/jpeg\" \/>\n<meta name=\"author\" content=\"Ringier Corporate Communications\" \/>\n<meta name=\"twitter:card\" content=\"summary_large_image\" \/>\n<meta name=\"twitter:creator\" content=\"@ringier_ag\" \/>\n<meta name=\"twitter:site\" content=\"@ringier_ag\" \/>\n<meta name=\"twitter:label1\" content=\"\u00c9crit par\" \/>\n\t<meta name=\"twitter:data1\" content=\"Ringier Corporate Communications\" \/>\n\t<meta name=\"twitter:label2\" content=\"Dur\u00e9e de lecture estim\u00e9e\" \/>\n\t<meta name=\"twitter:data2\" content=\"2 minutes\" \/>\n<script type=\"application\/ld+json\" class=\"yoast-schema-graph\">{\"@context\":\"https:\/\/schema.org\",\"@graph\":[{\"@type\":\"Article\",\"@id\":\"https:\/\/www.ringier.com\/fr\/ringier-se-separe-de-nik-niethammer-redacteur-en-chef-de-la-schweizer-illustrierte\/#article\",\"isPartOf\":{\"@id\":\"https:\/\/www.ringier.com\/fr\/ringier-se-separe-de-nik-niethammer-redacteur-en-chef-de-la-schweizer-illustrierte\/\"},\"author\":{\"name\":\"Ringier Corporate Communications\",\"@id\":\"https:\/\/www.ringier.com\/fr\/#\/schema\/person\/4cf76a308dc4b2bb5121bd1e7b752e52\"},\"headline\":\"Ringier se s\u00e9pare de Nik Niethammer, r\u00e9dacteur en chef de la Schweizer Illustrierte\",\"datePublished\":\"2011-08-01T14:41:00+00:00\",\"dateModified\":\"2024-11-13T15:31:23+00:00\",\"mainEntityOfPage\":{\"@id\":\"https:\/\/www.ringier.com\/fr\/ringier-se-separe-de-nik-niethammer-redacteur-en-chef-de-la-schweizer-illustrierte\/\"},\"wordCount\":246,\"publisher\":{\"@id\":\"https:\/\/www.ringier.com\/fr\/#organization\"},\"image\":{\"@id\":\"https:\/\/www.ringier.com\/fr\/ringier-se-separe-de-nik-niethammer-redacteur-en-chef-de-la-schweizer-illustrierte\/#primaryimage\"},\"thumbnailUrl\":\"https:\/\/www.ringier.com\/wp-content\/uploads\/2021\/09\/nik_niethammer_2011.jpg\",\"articleSection\":[\"Media\",\"Ringier Medias Suisse\"],\"inLanguage\":\"fr-FR\"},{\"@type\":\"WebPage\",\"@id\":\"https:\/\/www.ringier.com\/fr\/ringier-se-separe-de-nik-niethammer-redacteur-en-chef-de-la-schweizer-illustrierte\/\",\"url\":\"https:\/\/www.ringier.com\/fr\/ringier-se-separe-de-nik-niethammer-redacteur-en-chef-de-la-schweizer-illustrierte\/\",\"name\":\"Ringier se s\u00e9pare de Nik Niethammer, r\u00e9dacteur en chef de la Schweizer Illustrierte - Ringier\",\"isPartOf\":{\"@id\":\"https:\/\/www.ringier.com\/fr\/#website\"},\"primaryImageOfPage\":{\"@id\":\"https:\/\/www.ringier.com\/fr\/ringier-se-separe-de-nik-niethammer-redacteur-en-chef-de-la-schweizer-illustrierte\/#primaryimage\"},\"image\":{\"@id\":\"https:\/\/www.ringier.com\/fr\/ringier-se-separe-de-nik-niethammer-redacteur-en-chef-de-la-schweizer-illustrierte\/#primaryimage\"},\"thumbnailUrl\":\"https:\/\/www.ringier.com\/wp-content\/uploads\/2021\/09\/nik_niethammer_2011.jpg\",\"datePublished\":\"2011-08-01T14:41:00+00:00\",\"dateModified\":\"2024-11-13T15:31:23+00:00\",\"breadcrumb\":{\"@id\":\"https:\/\/www.ringier.com\/fr\/ringier-se-separe-de-nik-niethammer-redacteur-en-chef-de-la-schweizer-illustrierte\/#breadcrumb\"},\"inLanguage\":\"fr-FR\",\"potentialAction\":[{\"@type\":\"ReadAction\",\"target\":[\"https:\/\/www.ringier.com\/fr\/ringier-se-separe-de-nik-niethammer-redacteur-en-chef-de-la-schweizer-illustrierte\/\"]}]},{\"@type\":\"ImageObject\",\"inLanguage\":\"fr-FR\",\"@id\":\"https:\/\/www.ringier.com\/fr\/ringier-se-separe-de-nik-niethammer-redacteur-en-chef-de-la-schweizer-illustrierte\/#primaryimage\",\"url\":\"https:\/\/www.ringier.com\/wp-content\/uploads\/2021\/09\/nik_niethammer_2011.jpg\",\"contentUrl\":\"https:\/\/www.ringier.com\/wp-content\/uploads\/2021\/09\/nik_niethammer_2011.jpg\",\"width\":1080,\"height\":1620},{\"@type\":\"BreadcrumbList\",\"@id\":\"https:\/\/www.ringier.com\/fr\/ringier-se-separe-de-nik-niethammer-redacteur-en-chef-de-la-schweizer-illustrierte\/#breadcrumb\",\"itemListElement\":[{\"@type\":\"ListItem\",\"position\":1,\"name\":\"Home\",\"item\":\"https:\/\/www.ringier.com\/fr\/\"},{\"@type\":\"ListItem\",\"position\":2,\"name\":\"Ringier se s\u00e9pare de Nik Niethammer, r\u00e9dacteur en chef de la Schweizer Illustrierte\"}]},{\"@type\":\"WebSite\",\"@id\":\"https:\/\/www.ringier.com\/fr\/#website\",\"url\":\"https:\/\/www.ringier.com\/fr\/\",\"name\":\"Ringier\",\"description\":\"We inform. We entertain. We connect\",\"publisher\":{\"@id\":\"https:\/\/www.ringier.com\/fr\/#organization\"},\"potentialAction\":[{\"@type\":\"SearchAction\",\"target\":{\"@type\":\"EntryPoint\",\"urlTemplate\":\"https:\/\/www.ringier.com\/fr\/?s={search_term_string}\"},\"query-input\":{\"@type\":\"PropertyValueSpecification\",\"valueRequired\":true,\"valueName\":\"search_term_string\"}}],\"inLanguage\":\"fr-FR\"},{\"@type\":\"Organization\",\"@id\":\"https:\/\/www.ringier.com\/fr\/#organization\",\"name\":\"Ringier\",\"url\":\"https:\/\/www.ringier.com\/fr\/\",\"logo\":{\"@type\":\"ImageObject\",\"inLanguage\":\"fr-FR\",\"@id\":\"https:\/\/www.ringier.com\/fr\/#\/schema\/logo\/image\/\",\"url\":\"https:\/\/www.ringier.com\/wp-content\/uploads\/2021\/10\/ringier_logo_2.jpg\",\"contentUrl\":\"https:\/\/www.ringier.com\/wp-content\/uploads\/2021\/10\/ringier_logo_2.jpg\",\"width\":750,\"height\":550,\"caption\":\"Ringier\"},\"image\":{\"@id\":\"https:\/\/www.ringier.com\/fr\/#\/schema\/logo\/image\/\"},\"sameAs\":[\"https:\/\/www.facebook.com\/ringierag\/\",\"https:\/\/x.com\/ringier_ag\",\"https:\/\/www.instagram.com\/ringier_ag\/\",\"https:\/\/www.linkedin.com\/company\/ringier\/\",\"https:\/\/www.youtube.com\/user\/RingierComm\",\"https:\/\/en.wikipedia.org\/wiki\/Ringier\",\"https:\/\/de.wikipedia.org\/wiki\/Ringier\",\"https:\/\/fr.wikipedia.org\/wiki\/Ringier\",\"https:\/\/www.crunchbase.com\/organization\/ringier-ag\"]},{\"@type\":\"Person\",\"@id\":\"https:\/\/www.ringier.com\/fr\/#\/schema\/person\/4cf76a308dc4b2bb5121bd1e7b752e52\",\"name\":\"Ringier Corporate Communications\",\"image\":{\"@type\":\"ImageObject\",\"inLanguage\":\"fr-FR\",\"@id\":\"https:\/\/www.ringier.com\/fr\/#\/schema\/person\/image\/\",\"url\":\"https:\/\/secure.gravatar.com\/avatar\/9391e20481368d5df4fe3e1e476c13b27786347489822ec1ed07e532bb41f587?s=96&d=mm&r=g\",\"contentUrl\":\"https:\/\/secure.gravatar.com\/avatar\/9391e20481368d5df4fe3e1e476c13b27786347489822ec1ed07e532bb41f587?s=96&d=mm&r=g\",\"caption\":\"Ringier Corporate Communications\"},\"sameAs\":[\"https:\/\/www.ringier.com\"]}]}<\/script>\n<!-- \/ Yoast SEO Premium plugin. -->","yoast_head_json":{"title":"Ringier se s\u00e9pare de Nik Niethammer, r\u00e9dacteur en chef de la Schweizer Illustrierte - Ringier","robots":{"index":"index","follow":"follow","max-snippet":"max-snippet:-1","max-image-preview":"max-image-preview:large","max-video-preview":"max-video-preview:-1"},"canonical":"https:\/\/www.ringier.com\/fr\/ringier-se-separe-de-nik-niethammer-redacteur-en-chef-de-la-schweizer-illustrierte\/","og_locale":"fr_FR","og_type":"article","og_title":"Ringier se s\u00e9pare de Nik Niethammer, r\u00e9dacteur en chef de la Schweizer Illustrierte","og_description":"Un changement est intervenu \u00e0 la t\u00eate de la Schweizer Illustrierte: Ringier se s\u00e9pare du r\u00e9dacteur en chef Nik Niethammer. Le r\u00e9dacteur en chef adjoint de la SI, Stefan Regez, en assume la direction par int\u00e9rim \u00e0 compter du 1er septembre.","og_url":"https:\/\/www.ringier.com\/fr\/ringier-se-separe-de-nik-niethammer-redacteur-en-chef-de-la-schweizer-illustrierte\/","og_site_name":"Ringier","article_publisher":"https:\/\/www.facebook.com\/ringierag\/","article_published_time":"2011-08-01T14:41:00+00:00","article_modified_time":"2024-11-13T15:31:23+00:00","og_image":[{"width":1080,"height":1620,"url":"https:\/\/www.ringier.com\/wp-content\/uploads\/2021\/09\/nik_niethammer_2011.jpg","type":"image\/jpeg"}],"author":"Ringier Corporate Communications","twitter_card":"summary_large_image","twitter_creator":"@ringier_ag","twitter_site":"@ringier_ag","twitter_misc":{"\u00c9crit par":"Ringier Corporate Communications","Dur\u00e9e de lecture estim\u00e9e":"2 minutes"},"schema":{"@context":"https:\/\/schema.org","@graph":[{"@type":"Article","@id":"https:\/\/www.ringier.com\/fr\/ringier-se-separe-de-nik-niethammer-redacteur-en-chef-de-la-schweizer-illustrierte\/#article","isPartOf":{"@id":"https:\/\/www.ringier.com\/fr\/ringier-se-separe-de-nik-niethammer-redacteur-en-chef-de-la-schweizer-illustrierte\/"},"author":{"name":"Ringier Corporate Communications","@id":"https:\/\/www.ringier.com\/fr\/#\/schema\/person\/4cf76a308dc4b2bb5121bd1e7b752e52"},"headline":"Ringier se s\u00e9pare de Nik Niethammer, r\u00e9dacteur en chef de la Schweizer Illustrierte","datePublished":"2011-08-01T14:41:00+00:00","dateModified":"2024-11-13T15:31:23+00:00","mainEntityOfPage":{"@id":"https:\/\/www.ringier.com\/fr\/ringier-se-separe-de-nik-niethammer-redacteur-en-chef-de-la-schweizer-illustrierte\/"},"wordCount":246,"publisher":{"@id":"https:\/\/www.ringier.com\/fr\/#organization"},"image":{"@id":"https:\/\/www.ringier.com\/fr\/ringier-se-separe-de-nik-niethammer-redacteur-en-chef-de-la-schweizer-illustrierte\/#primaryimage"},"thumbnailUrl":"https:\/\/www.ringier.com\/wp-content\/uploads\/2021\/09\/nik_niethammer_2011.jpg","articleSection":["Media","Ringier Medias Suisse"],"inLanguage":"fr-FR"},{"@type":"WebPage","@id":"https:\/\/www.ringier.com\/fr\/ringier-se-separe-de-nik-niethammer-redacteur-en-chef-de-la-schweizer-illustrierte\/","url":"https:\/\/www.ringier.com\/fr\/ringier-se-separe-de-nik-niethammer-redacteur-en-chef-de-la-schweizer-illustrierte\/","name":"Ringier se s\u00e9pare de Nik Niethammer, r\u00e9dacteur en chef de la Schweizer Illustrierte - Ringier","isPartOf":{"@id":"https:\/\/www.ringier.com\/fr\/#website"},"primaryImageOfPage":{"@id":"https:\/\/www.ringier.com\/fr\/ringier-se-separe-de-nik-niethammer-redacteur-en-chef-de-la-schweizer-illustrierte\/#primaryimage"},"image":{"@id":"https:\/\/www.ringier.com\/fr\/ringier-se-separe-de-nik-niethammer-redacteur-en-chef-de-la-schweizer-illustrierte\/#primaryimage"},"thumbnailUrl":"https:\/\/www.ringier.com\/wp-content\/uploads\/2021\/09\/nik_niethammer_2011.jpg","datePublished":"2011-08-01T14:41:00+00:00","dateModified":"2024-11-13T15:31:23+00:00","breadcrumb":{"@id":"https:\/\/www.ringier.com\/fr\/ringier-se-separe-de-nik-niethammer-redacteur-en-chef-de-la-schweizer-illustrierte\/#breadcrumb"},"inLanguage":"fr-FR","potentialAction":[{"@type":"ReadAction","target":["https:\/\/www.ringier.com\/fr\/ringier-se-separe-de-nik-niethammer-redacteur-en-chef-de-la-schweizer-illustrierte\/"]}]},{"@type":"ImageObject","inLanguage":"fr-FR","@id":"https:\/\/www.ringier.com\/fr\/ringier-se-separe-de-nik-niethammer-redacteur-en-chef-de-la-schweizer-illustrierte\/#primaryimage","url":"https:\/\/www.ringier.com\/wp-content\/uploads\/2021\/09\/nik_niethammer_2011.jpg","contentUrl":"https:\/\/www.ringier.com\/wp-content\/uploads\/2021\/09\/nik_niethammer_2011.jpg","width":1080,"height":1620},{"@type":"BreadcrumbList","@id":"https:\/\/www.ringier.com\/fr\/ringier-se-separe-de-nik-niethammer-redacteur-en-chef-de-la-schweizer-illustrierte\/#breadcrumb","itemListElement":[{"@type":"ListItem","position":1,"name":"Home","item":"https:\/\/www.ringier.com\/fr\/"},{"@type":"ListItem","position":2,"name":"Ringier se s\u00e9pare de Nik Niethammer, r\u00e9dacteur en chef de la Schweizer Illustrierte"}]},{"@type":"WebSite","@id":"https:\/\/www.ringier.com\/fr\/#website","url":"https:\/\/www.ringier.com\/fr\/","name":"Ringier","description":"We inform. We entertain. We connect","publisher":{"@id":"https:\/\/www.ringier.com\/fr\/#organization"},"potentialAction":[{"@type":"SearchAction","target":{"@type":"EntryPoint","urlTemplate":"https:\/\/www.ringier.com\/fr\/?s={search_term_string}"},"query-input":{"@type":"PropertyValueSpecification","valueRequired":true,"valueName":"search_term_string"}}],"inLanguage":"fr-FR"},{"@type":"Organization","@id":"https:\/\/www.ringier.com\/fr\/#organization","name":"Ringier","url":"https:\/\/www.ringier.com\/fr\/","logo":{"@type":"ImageObject","inLanguage":"fr-FR","@id":"https:\/\/www.ringier.com\/fr\/#\/schema\/logo\/image\/","url":"https:\/\/www.ringier.com\/wp-content\/uploads\/2021\/10\/ringier_logo_2.jpg","contentUrl":"https:\/\/www.ringier.com\/wp-content\/uploads\/2021\/10\/ringier_logo_2.jpg","width":750,"height":550,"caption":"Ringier"},"image":{"@id":"https:\/\/www.ringier.com\/fr\/#\/schema\/logo\/image\/"},"sameAs":["https:\/\/www.facebook.com\/ringierag\/","https:\/\/x.com\/ringier_ag","https:\/\/www.instagram.com\/ringier_ag\/","https:\/\/www.linkedin.com\/company\/ringier\/","https:\/\/www.youtube.com\/user\/RingierComm","https:\/\/en.wikipedia.org\/wiki\/Ringier","https:\/\/de.wikipedia.org\/wiki\/Ringier","https:\/\/fr.wikipedia.org\/wiki\/Ringier","https:\/\/www.crunchbase.com\/organization\/ringier-ag"]},{"@type":"Person","@id":"https:\/\/www.ringier.com\/fr\/#\/schema\/person\/4cf76a308dc4b2bb5121bd1e7b752e52","name":"Ringier Corporate Communications","image":{"@type":"ImageObject","inLanguage":"fr-FR","@id":"https:\/\/www.ringier.com\/fr\/#\/schema\/person\/image\/","url":"https:\/\/secure.gravatar.com\/avatar\/9391e20481368d5df4fe3e1e476c13b27786347489822ec1ed07e532bb41f587?s=96&d=mm&r=g","contentUrl":"https:\/\/secure.gravatar.com\/avatar\/9391e20481368d5df4fe3e1e476c13b27786347489822ec1ed07e532bb41f587?s=96&d=mm&r=g","caption":"Ringier Corporate Communications"},"sameAs":["https:\/\/www.ringier.com"]}]}},"_links":{"self":[{"href":"https:\/\/www.ringier.com\/fr\/wp-json\/wp\/v2\/posts\/5858","targetHints":{"allow":["GET"]}}],"collection":[{"href":"https:\/\/www.ringier.com\/fr\/wp-json\/wp\/v2\/posts"}],"about":[{"href":"https:\/\/www.ringier.com\/fr\/wp-json\/wp\/v2\/types\/post"}],"author":[{"embeddable":true,"href":"https:\/\/www.ringier.com\/fr\/wp-json\/wp\/v2\/users\/23"}],"replies":[{"embeddable":true,"href":"https:\/\/www.ringier.com\/fr\/wp-json\/wp\/v2\/comments?post=5858"}],"version-history":[{"count":0,"href":"https:\/\/www.ringier.com\/fr\/wp-json\/wp\/v2\/posts\/5858\/revisions"}],"wp:featuredmedia":[{"embeddable":true,"href":"https:\/\/www.ringier.com\/fr\/wp-json\/wp\/v2\/media\/5854"}],"wp:attachment":[{"href":"https:\/\/www.ringier.com\/fr\/wp-json\/wp\/v2\/media?parent=5858"}],"wp:term":[{"taxonomy":"category","embeddable":true,"href":"https:\/\/www.ringier.com\/fr\/wp-json\/wp\/v2\/categories?post=5858"},{"taxonomy":"post_tag","embeddable":true,"href":"https:\/\/www.ringier.com\/fr\/wp-json\/wp\/v2\/tags?post=5858"}],"curies":[{"name":"wp","href":"https:\/\/api.w.org\/{rel}","templated":true}]}}