{"id":4452,"date":"2013-08-28T14:47:00","date_gmt":"2013-08-28T12:47:00","guid":{"rendered":"https:\/\/www.ringier.com\/marcus-dauck-wird-cio-der-ringier-ag\/"},"modified":"2025-06-23T13:25:16","modified_gmt":"2025-06-23T11:25:16","slug":"marcus-dauck-nomme-cio-de-ringier-sa","status":"publish","type":"post","link":"https:\/\/www.ringier.com\/fr\/marcus-dauck-nomme-cio-de-ringier-sa\/","title":{"rendered":"Marcus Dauck nomm\u00e9 CIO de Ringier"},"content":{"rendered":"\n<p>Marcus Dauck (41 ans) occupe depuis 2011 la fonction de CIO aupr\u00e8s de Ringier Axel Springer Media SA, joint-venture de Ringier et d\u2019Axel Springer AG en Europe centrale et en Europe de l\u2019Est, qui a son si\u00e8ge \u00e0 Zurich. Marcus Dauck est nomm\u00e9 CIO de Ringier au 1<sup>er\u00a0<\/sup>janvier 2014, succ\u00e9dant ainsi \u00e0 Roland K\u00fchne, nouveau directeur adjoint du groupe Blick.<\/p>\n\n\n\n<p>Marcus Dauck est entr\u00e9 au service de l\u2019informatique d\u2019Axel Springer en 1988. De 2000 \u00e0 2003, il a \u00e9t\u00e9 consultant en strat\u00e9gie m\u00e9dias internationaux pour la soci\u00e9t\u00e9 Siemens. La m\u00eame ann\u00e9e, il a r\u00e9int\u00e9gr\u00e9 Axel Springer AG, o\u00f9 il a occup\u00e9 plusieurs postes jusqu\u2019en 2011: responsable du d\u00e9partement des syst\u00e8mes informatiques des annonces et du marketing, responsable du d\u00e9partement des syst\u00e8mes informatiques des journaux, de la r\u00e9daction et de la production web et papier.<\/p>\n\n\n\n<p>En tant que CIO de Ringier Axel Springer Media SA, il est aujourd\u2019hui responsable de tout le paysage informatique de la joint-venture. Au poste de CIO de Ringier, il sera subordonn\u00e9 directement \u00e0 Michael Voss, COO de Ringier.<\/p>\n\n\n\n<p>Michael Voss: \u00abJe remercie Roland K\u00fchne pour l\u2019excellent travail qu\u2019il a fourni ces derni\u00e8res ann\u00e9es dans les d\u00e9partements des services et de l\u2019informatique et je lui souhaite plein succ\u00e8s au groupe Blick. Je me r\u00e9jouis d\u2019accueillir dans mon \u00e9quipe Marcus Dauck, dont l\u2019exp\u00e9rience et le savoir-faire seront profitables au d\u00e9veloppement de nos produits, dont il a la charge.\u00bb<\/p>\n\n\n\n<p>Communication Ringier Suisse<\/p>\n","protected":false},"excerpt":{"rendered":"<p>Marcus Dauck, \u00e0 ce jour Chief Information Officer (CIO) aupr\u00e8s de Ringier Axel Springer Media SA, est nomm\u00e9 CIO de Ringier au 1er janvier 2014. Il succ\u00e8de \u00e0 ce poste \u00e0 Roland K\u00fchne, nomm\u00e9 directeur adjoint du groupe Blick au 1er septembre 2013.<\/p>\n","protected":false},"author":23,"featured_media":4449,"comment_status":"closed","ping_status":"open","sticky":false,"template":"","format":"standard","meta":{"inline_featured_image":false,"footnotes":""},"categories":[43],"tags":[],"class_list":["post-4452","post","type-post","status-publish","format-standard","has-post-thumbnail","hentry","category-corporate-fr"],"yoast_head":"<!-- This site is optimized with the Yoast SEO Premium plugin v27.0 (Yoast SEO v27.0) - https:\/\/yoast.com\/product\/yoast-seo-premium-wordpress\/ -->\n<title>Marcus Dauck nomm\u00e9 CIO de Ringier - Ringier<\/title>\n<meta name=\"robots\" content=\"index, follow, max-snippet:-1, max-image-preview:large, max-video-preview:-1\" \/>\n<link rel=\"canonical\" href=\"https:\/\/www.ringier.com\/fr\/marcus-dauck-nomme-cio-de-ringier-sa\/\" \/>\n<meta property=\"og:locale\" content=\"fr_FR\" \/>\n<meta property=\"og:type\" content=\"article\" \/>\n<meta property=\"og:title\" content=\"Marcus Dauck nomm\u00e9 CIO de Ringier\" \/>\n<meta property=\"og:description\" content=\"Marcus Dauck, \u00e0 ce jour Chief Information Officer (CIO) aupr\u00e8s de Ringier Axel Springer Media SA, est nomm\u00e9 CIO de Ringier au 1er janvier 2014. Il succ\u00e8de \u00e0 ce poste \u00e0 Roland K\u00fchne, nomm\u00e9 directeur adjoint du groupe Blick au 1er septembre 2013.\" \/>\n<meta property=\"og:url\" content=\"https:\/\/www.ringier.com\/fr\/marcus-dauck-nomme-cio-de-ringier-sa\/\" \/>\n<meta property=\"og:site_name\" content=\"Ringier\" \/>\n<meta property=\"article:publisher\" content=\"https:\/\/www.facebook.com\/ringierag\/\" \/>\n<meta property=\"article:published_time\" content=\"2013-08-28T12:47:00+00:00\" \/>\n<meta property=\"article:modified_time\" content=\"2025-06-23T11:25:16+00:00\" \/>\n<meta property=\"og:image\" content=\"https:\/\/www.ringier.com\/wp-content\/uploads\/2021\/09\/Marcus_Dauck_2013.jpg\" \/>\n\t<meta property=\"og:image:width\" content=\"706\" \/>\n\t<meta property=\"og:image:height\" content=\"446\" \/>\n\t<meta property=\"og:image:type\" content=\"image\/jpeg\" \/>\n<meta name=\"author\" content=\"Ringier Corporate Communications\" \/>\n<meta name=\"twitter:card\" content=\"summary_large_image\" \/>\n<meta name=\"twitter:creator\" content=\"@ringier_ag\" \/>\n<meta name=\"twitter:site\" content=\"@ringier_ag\" \/>\n<meta name=\"twitter:label1\" content=\"\u00c9crit par\" \/>\n\t<meta name=\"twitter:data1\" content=\"Ringier Corporate Communications\" \/>\n\t<meta name=\"twitter:label2\" content=\"Dur\u00e9e de lecture estim\u00e9e\" \/>\n\t<meta name=\"twitter:data2\" content=\"2 minutes\" \/>\n<script type=\"application\/ld+json\" class=\"yoast-schema-graph\">{\"@context\":\"https:\/\/schema.org\",\"@graph\":[{\"@type\":\"Article\",\"@id\":\"https:\/\/www.ringier.com\/fr\/marcus-dauck-nomme-cio-de-ringier-sa\/#article\",\"isPartOf\":{\"@id\":\"https:\/\/www.ringier.com\/fr\/marcus-dauck-nomme-cio-de-ringier-sa\/\"},\"author\":{\"name\":\"Ringier Corporate Communications\",\"@id\":\"https:\/\/www.ringier.com\/fr\/#\/schema\/person\/4cf76a308dc4b2bb5121bd1e7b752e52\"},\"headline\":\"Marcus Dauck nomm\u00e9 CIO de Ringier\",\"datePublished\":\"2013-08-28T12:47:00+00:00\",\"dateModified\":\"2025-06-23T11:25:16+00:00\",\"mainEntityOfPage\":{\"@id\":\"https:\/\/www.ringier.com\/fr\/marcus-dauck-nomme-cio-de-ringier-sa\/\"},\"wordCount\":264,\"publisher\":{\"@id\":\"https:\/\/www.ringier.com\/fr\/#organization\"},\"image\":{\"@id\":\"https:\/\/www.ringier.com\/fr\/marcus-dauck-nomme-cio-de-ringier-sa\/#primaryimage\"},\"thumbnailUrl\":\"https:\/\/www.ringier.com\/wp-content\/uploads\/2021\/09\/Marcus_Dauck_2013.jpg\",\"articleSection\":[\"Corporate\"],\"inLanguage\":\"fr-FR\"},{\"@type\":\"WebPage\",\"@id\":\"https:\/\/www.ringier.com\/fr\/marcus-dauck-nomme-cio-de-ringier-sa\/\",\"url\":\"https:\/\/www.ringier.com\/fr\/marcus-dauck-nomme-cio-de-ringier-sa\/\",\"name\":\"Marcus Dauck nomm\u00e9 CIO de Ringier - Ringier\",\"isPartOf\":{\"@id\":\"https:\/\/www.ringier.com\/fr\/#website\"},\"primaryImageOfPage\":{\"@id\":\"https:\/\/www.ringier.com\/fr\/marcus-dauck-nomme-cio-de-ringier-sa\/#primaryimage\"},\"image\":{\"@id\":\"https:\/\/www.ringier.com\/fr\/marcus-dauck-nomme-cio-de-ringier-sa\/#primaryimage\"},\"thumbnailUrl\":\"https:\/\/www.ringier.com\/wp-content\/uploads\/2021\/09\/Marcus_Dauck_2013.jpg\",\"datePublished\":\"2013-08-28T12:47:00+00:00\",\"dateModified\":\"2025-06-23T11:25:16+00:00\",\"breadcrumb\":{\"@id\":\"https:\/\/www.ringier.com\/fr\/marcus-dauck-nomme-cio-de-ringier-sa\/#breadcrumb\"},\"inLanguage\":\"fr-FR\",\"potentialAction\":[{\"@type\":\"ReadAction\",\"target\":[\"https:\/\/www.ringier.com\/fr\/marcus-dauck-nomme-cio-de-ringier-sa\/\"]}]},{\"@type\":\"ImageObject\",\"inLanguage\":\"fr-FR\",\"@id\":\"https:\/\/www.ringier.com\/fr\/marcus-dauck-nomme-cio-de-ringier-sa\/#primaryimage\",\"url\":\"https:\/\/www.ringier.com\/wp-content\/uploads\/2021\/09\/Marcus_Dauck_2013.jpg\",\"contentUrl\":\"https:\/\/www.ringier.com\/wp-content\/uploads\/2021\/09\/Marcus_Dauck_2013.jpg\",\"width\":706,\"height\":446},{\"@type\":\"BreadcrumbList\",\"@id\":\"https:\/\/www.ringier.com\/fr\/marcus-dauck-nomme-cio-de-ringier-sa\/#breadcrumb\",\"itemListElement\":[{\"@type\":\"ListItem\",\"position\":1,\"name\":\"Home\",\"item\":\"https:\/\/www.ringier.com\/fr\/\"},{\"@type\":\"ListItem\",\"position\":2,\"name\":\"Marcus Dauck nomm\u00e9 CIO de Ringier\"}]},{\"@type\":\"WebSite\",\"@id\":\"https:\/\/www.ringier.com\/fr\/#website\",\"url\":\"https:\/\/www.ringier.com\/fr\/\",\"name\":\"Ringier\",\"description\":\"We inform. We entertain. We connect\",\"publisher\":{\"@id\":\"https:\/\/www.ringier.com\/fr\/#organization\"},\"potentialAction\":[{\"@type\":\"SearchAction\",\"target\":{\"@type\":\"EntryPoint\",\"urlTemplate\":\"https:\/\/www.ringier.com\/fr\/?s={search_term_string}\"},\"query-input\":{\"@type\":\"PropertyValueSpecification\",\"valueRequired\":true,\"valueName\":\"search_term_string\"}}],\"inLanguage\":\"fr-FR\"},{\"@type\":\"Organization\",\"@id\":\"https:\/\/www.ringier.com\/fr\/#organization\",\"name\":\"Ringier\",\"url\":\"https:\/\/www.ringier.com\/fr\/\",\"logo\":{\"@type\":\"ImageObject\",\"inLanguage\":\"fr-FR\",\"@id\":\"https:\/\/www.ringier.com\/fr\/#\/schema\/logo\/image\/\",\"url\":\"https:\/\/www.ringier.com\/wp-content\/uploads\/2021\/10\/ringier_logo_2.jpg\",\"contentUrl\":\"https:\/\/www.ringier.com\/wp-content\/uploads\/2021\/10\/ringier_logo_2.jpg\",\"width\":750,\"height\":550,\"caption\":\"Ringier\"},\"image\":{\"@id\":\"https:\/\/www.ringier.com\/fr\/#\/schema\/logo\/image\/\"},\"sameAs\":[\"https:\/\/www.facebook.com\/ringierag\/\",\"https:\/\/x.com\/ringier_ag\",\"https:\/\/www.instagram.com\/ringier_ag\/\",\"https:\/\/www.linkedin.com\/company\/ringier\/\",\"https:\/\/www.youtube.com\/user\/RingierComm\",\"https:\/\/en.wikipedia.org\/wiki\/Ringier\",\"https:\/\/de.wikipedia.org\/wiki\/Ringier\",\"https:\/\/fr.wikipedia.org\/wiki\/Ringier\",\"https:\/\/www.crunchbase.com\/organization\/ringier-ag\"]},{\"@type\":\"Person\",\"@id\":\"https:\/\/www.ringier.com\/fr\/#\/schema\/person\/4cf76a308dc4b2bb5121bd1e7b752e52\",\"name\":\"Ringier Corporate Communications\",\"image\":{\"@type\":\"ImageObject\",\"inLanguage\":\"fr-FR\",\"@id\":\"https:\/\/www.ringier.com\/fr\/#\/schema\/person\/image\/\",\"url\":\"https:\/\/secure.gravatar.com\/avatar\/9391e20481368d5df4fe3e1e476c13b27786347489822ec1ed07e532bb41f587?s=96&d=mm&r=g\",\"contentUrl\":\"https:\/\/secure.gravatar.com\/avatar\/9391e20481368d5df4fe3e1e476c13b27786347489822ec1ed07e532bb41f587?s=96&d=mm&r=g\",\"caption\":\"Ringier Corporate Communications\"},\"sameAs\":[\"https:\/\/www.ringier.com\"]}]}<\/script>\n<!-- \/ Yoast SEO Premium plugin. -->","yoast_head_json":{"title":"Marcus Dauck nomm\u00e9 CIO de Ringier - Ringier","robots":{"index":"index","follow":"follow","max-snippet":"max-snippet:-1","max-image-preview":"max-image-preview:large","max-video-preview":"max-video-preview:-1"},"canonical":"https:\/\/www.ringier.com\/fr\/marcus-dauck-nomme-cio-de-ringier-sa\/","og_locale":"fr_FR","og_type":"article","og_title":"Marcus Dauck nomm\u00e9 CIO de Ringier","og_description":"Marcus Dauck, \u00e0 ce jour Chief Information Officer (CIO) aupr\u00e8s de Ringier Axel Springer Media SA, est nomm\u00e9 CIO de Ringier au 1er janvier 2014. Il succ\u00e8de \u00e0 ce poste \u00e0 Roland K\u00fchne, nomm\u00e9 directeur adjoint du groupe Blick au 1er septembre 2013.","og_url":"https:\/\/www.ringier.com\/fr\/marcus-dauck-nomme-cio-de-ringier-sa\/","og_site_name":"Ringier","article_publisher":"https:\/\/www.facebook.com\/ringierag\/","article_published_time":"2013-08-28T12:47:00+00:00","article_modified_time":"2025-06-23T11:25:16+00:00","og_image":[{"width":706,"height":446,"url":"https:\/\/www.ringier.com\/wp-content\/uploads\/2021\/09\/Marcus_Dauck_2013.jpg","type":"image\/jpeg"}],"author":"Ringier Corporate Communications","twitter_card":"summary_large_image","twitter_creator":"@ringier_ag","twitter_site":"@ringier_ag","twitter_misc":{"\u00c9crit par":"Ringier Corporate Communications","Dur\u00e9e de lecture estim\u00e9e":"2 minutes"},"schema":{"@context":"https:\/\/schema.org","@graph":[{"@type":"Article","@id":"https:\/\/www.ringier.com\/fr\/marcus-dauck-nomme-cio-de-ringier-sa\/#article","isPartOf":{"@id":"https:\/\/www.ringier.com\/fr\/marcus-dauck-nomme-cio-de-ringier-sa\/"},"author":{"name":"Ringier Corporate Communications","@id":"https:\/\/www.ringier.com\/fr\/#\/schema\/person\/4cf76a308dc4b2bb5121bd1e7b752e52"},"headline":"Marcus Dauck nomm\u00e9 CIO de Ringier","datePublished":"2013-08-28T12:47:00+00:00","dateModified":"2025-06-23T11:25:16+00:00","mainEntityOfPage":{"@id":"https:\/\/www.ringier.com\/fr\/marcus-dauck-nomme-cio-de-ringier-sa\/"},"wordCount":264,"publisher":{"@id":"https:\/\/www.ringier.com\/fr\/#organization"},"image":{"@id":"https:\/\/www.ringier.com\/fr\/marcus-dauck-nomme-cio-de-ringier-sa\/#primaryimage"},"thumbnailUrl":"https:\/\/www.ringier.com\/wp-content\/uploads\/2021\/09\/Marcus_Dauck_2013.jpg","articleSection":["Corporate"],"inLanguage":"fr-FR"},{"@type":"WebPage","@id":"https:\/\/www.ringier.com\/fr\/marcus-dauck-nomme-cio-de-ringier-sa\/","url":"https:\/\/www.ringier.com\/fr\/marcus-dauck-nomme-cio-de-ringier-sa\/","name":"Marcus Dauck nomm\u00e9 CIO de Ringier - Ringier","isPartOf":{"@id":"https:\/\/www.ringier.com\/fr\/#website"},"primaryImageOfPage":{"@id":"https:\/\/www.ringier.com\/fr\/marcus-dauck-nomme-cio-de-ringier-sa\/#primaryimage"},"image":{"@id":"https:\/\/www.ringier.com\/fr\/marcus-dauck-nomme-cio-de-ringier-sa\/#primaryimage"},"thumbnailUrl":"https:\/\/www.ringier.com\/wp-content\/uploads\/2021\/09\/Marcus_Dauck_2013.jpg","datePublished":"2013-08-28T12:47:00+00:00","dateModified":"2025-06-23T11:25:16+00:00","breadcrumb":{"@id":"https:\/\/www.ringier.com\/fr\/marcus-dauck-nomme-cio-de-ringier-sa\/#breadcrumb"},"inLanguage":"fr-FR","potentialAction":[{"@type":"ReadAction","target":["https:\/\/www.ringier.com\/fr\/marcus-dauck-nomme-cio-de-ringier-sa\/"]}]},{"@type":"ImageObject","inLanguage":"fr-FR","@id":"https:\/\/www.ringier.com\/fr\/marcus-dauck-nomme-cio-de-ringier-sa\/#primaryimage","url":"https:\/\/www.ringier.com\/wp-content\/uploads\/2021\/09\/Marcus_Dauck_2013.jpg","contentUrl":"https:\/\/www.ringier.com\/wp-content\/uploads\/2021\/09\/Marcus_Dauck_2013.jpg","width":706,"height":446},{"@type":"BreadcrumbList","@id":"https:\/\/www.ringier.com\/fr\/marcus-dauck-nomme-cio-de-ringier-sa\/#breadcrumb","itemListElement":[{"@type":"ListItem","position":1,"name":"Home","item":"https:\/\/www.ringier.com\/fr\/"},{"@type":"ListItem","position":2,"name":"Marcus Dauck nomm\u00e9 CIO de Ringier"}]},{"@type":"WebSite","@id":"https:\/\/www.ringier.com\/fr\/#website","url":"https:\/\/www.ringier.com\/fr\/","name":"Ringier","description":"We inform. We entertain. We connect","publisher":{"@id":"https:\/\/www.ringier.com\/fr\/#organization"},"potentialAction":[{"@type":"SearchAction","target":{"@type":"EntryPoint","urlTemplate":"https:\/\/www.ringier.com\/fr\/?s={search_term_string}"},"query-input":{"@type":"PropertyValueSpecification","valueRequired":true,"valueName":"search_term_string"}}],"inLanguage":"fr-FR"},{"@type":"Organization","@id":"https:\/\/www.ringier.com\/fr\/#organization","name":"Ringier","url":"https:\/\/www.ringier.com\/fr\/","logo":{"@type":"ImageObject","inLanguage":"fr-FR","@id":"https:\/\/www.ringier.com\/fr\/#\/schema\/logo\/image\/","url":"https:\/\/www.ringier.com\/wp-content\/uploads\/2021\/10\/ringier_logo_2.jpg","contentUrl":"https:\/\/www.ringier.com\/wp-content\/uploads\/2021\/10\/ringier_logo_2.jpg","width":750,"height":550,"caption":"Ringier"},"image":{"@id":"https:\/\/www.ringier.com\/fr\/#\/schema\/logo\/image\/"},"sameAs":["https:\/\/www.facebook.com\/ringierag\/","https:\/\/x.com\/ringier_ag","https:\/\/www.instagram.com\/ringier_ag\/","https:\/\/www.linkedin.com\/company\/ringier\/","https:\/\/www.youtube.com\/user\/RingierComm","https:\/\/en.wikipedia.org\/wiki\/Ringier","https:\/\/de.wikipedia.org\/wiki\/Ringier","https:\/\/fr.wikipedia.org\/wiki\/Ringier","https:\/\/www.crunchbase.com\/organization\/ringier-ag"]},{"@type":"Person","@id":"https:\/\/www.ringier.com\/fr\/#\/schema\/person\/4cf76a308dc4b2bb5121bd1e7b752e52","name":"Ringier Corporate Communications","image":{"@type":"ImageObject","inLanguage":"fr-FR","@id":"https:\/\/www.ringier.com\/fr\/#\/schema\/person\/image\/","url":"https:\/\/secure.gravatar.com\/avatar\/9391e20481368d5df4fe3e1e476c13b27786347489822ec1ed07e532bb41f587?s=96&d=mm&r=g","contentUrl":"https:\/\/secure.gravatar.com\/avatar\/9391e20481368d5df4fe3e1e476c13b27786347489822ec1ed07e532bb41f587?s=96&d=mm&r=g","caption":"Ringier Corporate Communications"},"sameAs":["https:\/\/www.ringier.com"]}]}},"_links":{"self":[{"href":"https:\/\/www.ringier.com\/fr\/wp-json\/wp\/v2\/posts\/4452","targetHints":{"allow":["GET"]}}],"collection":[{"href":"https:\/\/www.ringier.com\/fr\/wp-json\/wp\/v2\/posts"}],"about":[{"href":"https:\/\/www.ringier.com\/fr\/wp-json\/wp\/v2\/types\/post"}],"author":[{"embeddable":true,"href":"https:\/\/www.ringier.com\/fr\/wp-json\/wp\/v2\/users\/23"}],"replies":[{"embeddable":true,"href":"https:\/\/www.ringier.com\/fr\/wp-json\/wp\/v2\/comments?post=4452"}],"version-history":[{"count":0,"href":"https:\/\/www.ringier.com\/fr\/wp-json\/wp\/v2\/posts\/4452\/revisions"}],"wp:featuredmedia":[{"embeddable":true,"href":"https:\/\/www.ringier.com\/fr\/wp-json\/wp\/v2\/media\/4449"}],"wp:attachment":[{"href":"https:\/\/www.ringier.com\/fr\/wp-json\/wp\/v2\/media?parent=4452"}],"wp:term":[{"taxonomy":"category","embeddable":true,"href":"https:\/\/www.ringier.com\/fr\/wp-json\/wp\/v2\/categories?post=4452"},{"taxonomy":"post_tag","embeddable":true,"href":"https:\/\/www.ringier.com\/fr\/wp-json\/wp\/v2\/tags?post=4452"}],"curies":[{"name":"wp","href":"https:\/\/api.w.org\/{rel}","templated":true}]}}