{"id":385,"date":"2021-05-31T09:07:00","date_gmt":"2021-05-31T07:07:00","guid":{"rendered":"https:\/\/www.ringier.com\/reorganising-and-new-appointments-to-the-ringier-group-legal-department\/"},"modified":"2025-06-23T14:46:44","modified_gmt":"2025-06-23T12:46:44","slug":"restructuration-et-renforcement-du-departement-juridique-du-groupe-ringier","status":"publish","type":"post","link":"https:\/\/www.ringier.com\/fr\/restructuration-et-renforcement-du-departement-juridique-du-groupe-ringier\/","title":{"rendered":"Restructuration et renforcement du d\u00e9partement juridique du groupe Ringier"},"content":{"rendered":"\n<p>Manuel Liatowitsch, General Counsel et Chief Legal Officer de Ringier et membre du Group Executive Board dans cette fonction depuis mai 2021 ainsi que Head of Corporate Center de Ringier, a adapt\u00e9 le d\u00e9partement juridique du groupe Ringier aux exigences et aux besoins d\u2019une entreprise de m\u00e9dias diversifi\u00e9e et active au niveau international. Cela doit \u00e9galement faciliter et acc\u00e9l\u00e9rer la recherche du bon interlocuteur juridique au sein du groupe. A partir du 1er juin, le d\u00e9partement juridique sera donc r\u00e9organis\u00e9 en deux domaines principaux: Commercial, IP &amp; Technology et Corporate \/ M&amp;A.<\/p>\n\n\n\n<p>Laurence Hulliger, Legal Counsel pour le groupe Ringier depuis 2010, est d\u00e9sormais responsable, en tant que Head Legal Commercial, IP &amp; Technology, des domaines juridiques suivants: droit g\u00e9n\u00e9ral des contrats, droit du travail, droit de la propri\u00e9t\u00e9 intellectuelle (IP) \u2013 en particulier droit d\u2019auteur et droit des marques \u2013 droit de la publicit\u00e9 et des m\u00e9dias, droit public, technologie, droit de l\u2019informatique et droit de la protection des donn\u00e9es (contractuel). Laurence Hulliger est avocate et a obtenu une licence de droit (lic.iur.) \u00e0 l\u2019Universit\u00e9 de Saint-Gall (HSG). Elle est \u00e9galement titulaire d\u2019une ma\u00eetrise en droit (LL.M.) de l\u2019Universit\u00e9 de Nouvelle-Galles du Sud \u00e0 Sydney. Avant de rejoindre Ringier, Laurence Hulliger a travaill\u00e9 pendant cinq ans comme avocate au cabinet d\u2019avocats Meyerlustenberger Lachenal SA. L\u2019\u00e9quipe de Laurence Hulliger comprend les deux avocates Annegret Kammermann et Stephanie Bruderer-Lattmann. Annegret Kammermann travaille pour Ringier en tant que Legal Counsel depuis 2014 d\u00e9j\u00e0. Elle est actuellement en cong\u00e9 de maternit\u00e9. Stephanie Bruderer-Lattmann a pris ses fonctions de Legal Counsel le 1er mai 2021.<\/p>\n\n\n\n<p>Lucas H\u00e4nni est Senior Counsel Corporate \/ M&amp;A pour le groupe Ringier au niveau international depuis 2016. A l\u2019avenir, en tant que Head Legal Corporate \/ M&amp;A, il sera responsable des fusions et acquisitions, des transactions du capital-investissement et de capital-risque, du droit des soci\u00e9t\u00e9s, des financements, des restructurations, de la gestion des investissements ainsi que de la gouvernance d\u2019entreprise et de la propri\u00e9t\u00e9 (KYC). Lucas H\u00e4nni est avocat et a termin\u00e9 ses \u00e9tudes de droit dans les universit\u00e9s de Zurich et d\u2019Alicante avec une licence (lic.iur.). Avant de rejoindre Ringier, il a travaill\u00e9 pendant sept ans comme avocat au cabinet Walder Wyss SA \u00e0 Zurich et pendant deux ans dans une soci\u00e9t\u00e9 d\u2019investissement internationale. Il est \u00e9galement l\u2019auteur de nombreuses publications sp\u00e9cialis\u00e9es. Dans ses nouvelles fonctions, Lucas H\u00e4nni sera second\u00e9 par l\u2019avocat Christoph Aeberhardt (Senior Legal Counsel Marketplaces) et, depuis le 1er mai 2021, par l\u2019avocate Karin M\u00fclchi (Legal Counsel).<\/p>\n\n\n\n<p>\u00abJe f\u00e9licite chaleureusement Laurence Hulliger et Lucas H\u00e4nni pour leurs promotions bien m\u00e9rit\u00e9es et je me r\u00e9jouis de continuer \u00e0 travailler en \u00e9troite collaboration avec eux. Tous deux sont tr\u00e8s appr\u00e9ci\u00e9s pour leurs comp\u00e9tences professionnelles, tant \u00e0 l\u2019int\u00e9rieur qu\u2019\u00e0 l\u2019ext\u00e9rieur de l\u2019entreprise. Je suis \u00e9galement heureux d\u2019accueillir Stephanie Bruderer-Lattmann et Karin M\u00fclchi en tant que nouvelles membres de l\u2019\u00e9quipe juridique. Je suis convaincu qu\u2019avec cette \u00e9quipe, nous serons en mesure de relever les d\u00e9fis sans cesse croissants de la meilleure fa\u00e7on possible\u00bb, d\u00e9clare Manuel Liatowitsch.<\/p>\n","protected":false},"excerpt":{"rendered":"<p>A partir de juin 2021, le d\u00e9partement juridique du groupe Ringier sera r\u00e9organis\u00e9 en deux domaines principaux: Commercial, IP &#038; Technologie et Corporate \/ M&#038;A. Il s\u2019agit d\u2019une r\u00e9ponse optimale \u00e0 l\u2019\u00e9volution des besoins au sein du groupe et aux exigences qui en d\u00e9coulent pour la division juridique. La restructuration s\u2019accompagne de la promotion de Laurence Hulliger au poste de Head Legal Commercial, IP &#038; Technology et de Lucas H\u00e4nni au poste de Head Legal Corporate \/ M&#038;A.<\/p>\n","protected":false},"author":7,"featured_media":382,"comment_status":"closed","ping_status":"open","sticky":false,"template":"","format":"standard","meta":{"inline_featured_image":false,"footnotes":""},"categories":[43],"tags":[],"class_list":["post-385","post","type-post","status-publish","format-standard","has-post-thumbnail","hentry","category-corporate-fr"],"yoast_head":"<!-- This site is optimized with the Yoast SEO Premium plugin v27.0 (Yoast SEO v27.0) - https:\/\/yoast.com\/product\/yoast-seo-premium-wordpress\/ -->\n<title>Restructuration et renforcement du d\u00e9partement juridique du groupe Ringier - Ringier<\/title>\n<meta name=\"robots\" content=\"index, follow, max-snippet:-1, max-image-preview:large, max-video-preview:-1\" \/>\n<link rel=\"canonical\" href=\"https:\/\/www.ringier.com\/fr\/restructuration-et-renforcement-du-departement-juridique-du-groupe-ringier\/\" \/>\n<meta property=\"og:locale\" content=\"fr_FR\" \/>\n<meta property=\"og:type\" content=\"article\" \/>\n<meta property=\"og:title\" content=\"Restructuration et renforcement du d\u00e9partement juridique du groupe Ringier\" \/>\n<meta property=\"og:description\" content=\"A partir de juin 2021, le d\u00e9partement juridique du groupe Ringier sera r\u00e9organis\u00e9 en deux domaines principaux: Commercial, IP &amp; Technologie et Corporate \/ M&amp;A. Il s\u2019agit d\u2019une r\u00e9ponse optimale \u00e0 l\u2019\u00e9volution des besoins au sein du groupe et aux exigences qui en d\u00e9coulent pour la division juridique. La restructuration s\u2019accompagne de la promotion de Laurence Hulliger au poste de Head Legal Commercial, IP &amp; Technology et de Lucas H\u00e4nni au poste de Head Legal Corporate \/ M&amp;A.\" \/>\n<meta property=\"og:url\" content=\"https:\/\/www.ringier.com\/fr\/restructuration-et-renforcement-du-departement-juridique-du-groupe-ringier\/\" \/>\n<meta property=\"og:site_name\" content=\"Ringier\" \/>\n<meta property=\"article:publisher\" content=\"https:\/\/www.facebook.com\/ringierag\/\" \/>\n<meta property=\"article:published_time\" content=\"2021-05-31T07:07:00+00:00\" \/>\n<meta property=\"article:modified_time\" content=\"2025-06-23T12:46:44+00:00\" \/>\n<meta property=\"og:image\" content=\"https:\/\/www.ringier.com\/wp-content\/uploads\/2021\/08\/laurence-hulliger-lucas-haenni-scaled.jpg\" \/>\n\t<meta property=\"og:image:width\" content=\"2560\" \/>\n\t<meta property=\"og:image:height\" content=\"1707\" \/>\n\t<meta property=\"og:image:type\" content=\"image\/jpeg\" \/>\n<meta name=\"author\" content=\"Marc Liniger\" \/>\n<meta name=\"twitter:card\" content=\"summary_large_image\" \/>\n<meta name=\"twitter:creator\" content=\"@ringier_ag\" \/>\n<meta name=\"twitter:site\" content=\"@ringier_ag\" \/>\n<meta name=\"twitter:label1\" content=\"\u00c9crit par\" \/>\n\t<meta name=\"twitter:data1\" content=\"Marc Liniger\" \/>\n\t<meta name=\"twitter:label2\" content=\"Dur\u00e9e de lecture estim\u00e9e\" \/>\n\t<meta name=\"twitter:data2\" content=\"3 minutes\" \/>\n<script type=\"application\/ld+json\" class=\"yoast-schema-graph\">{\"@context\":\"https:\/\/schema.org\",\"@graph\":[{\"@type\":\"Article\",\"@id\":\"https:\/\/www.ringier.com\/fr\/restructuration-et-renforcement-du-departement-juridique-du-groupe-ringier\/#article\",\"isPartOf\":{\"@id\":\"https:\/\/www.ringier.com\/fr\/restructuration-et-renforcement-du-departement-juridique-du-groupe-ringier\/\"},\"author\":{\"name\":\"Marc Liniger\",\"@id\":\"https:\/\/www.ringier.com\/fr\/#\/schema\/person\/1e03be3d98efb061d1ca29fef411db66\"},\"headline\":\"Restructuration et renforcement du d\u00e9partement juridique du groupe Ringier\",\"datePublished\":\"2021-05-31T07:07:00+00:00\",\"dateModified\":\"2025-06-23T12:46:44+00:00\",\"mainEntityOfPage\":{\"@id\":\"https:\/\/www.ringier.com\/fr\/restructuration-et-renforcement-du-departement-juridique-du-groupe-ringier\/\"},\"wordCount\":562,\"publisher\":{\"@id\":\"https:\/\/www.ringier.com\/fr\/#organization\"},\"image\":{\"@id\":\"https:\/\/www.ringier.com\/fr\/restructuration-et-renforcement-du-departement-juridique-du-groupe-ringier\/#primaryimage\"},\"thumbnailUrl\":\"https:\/\/www.ringier.com\/wp-content\/uploads\/2021\/08\/laurence-hulliger-lucas-haenni-scaled.jpg\",\"articleSection\":[\"Corporate\"],\"inLanguage\":\"fr-FR\"},{\"@type\":\"WebPage\",\"@id\":\"https:\/\/www.ringier.com\/fr\/restructuration-et-renforcement-du-departement-juridique-du-groupe-ringier\/\",\"url\":\"https:\/\/www.ringier.com\/fr\/restructuration-et-renforcement-du-departement-juridique-du-groupe-ringier\/\",\"name\":\"Restructuration et renforcement du d\u00e9partement juridique du groupe Ringier - Ringier\",\"isPartOf\":{\"@id\":\"https:\/\/www.ringier.com\/fr\/#website\"},\"primaryImageOfPage\":{\"@id\":\"https:\/\/www.ringier.com\/fr\/restructuration-et-renforcement-du-departement-juridique-du-groupe-ringier\/#primaryimage\"},\"image\":{\"@id\":\"https:\/\/www.ringier.com\/fr\/restructuration-et-renforcement-du-departement-juridique-du-groupe-ringier\/#primaryimage\"},\"thumbnailUrl\":\"https:\/\/www.ringier.com\/wp-content\/uploads\/2021\/08\/laurence-hulliger-lucas-haenni-scaled.jpg\",\"datePublished\":\"2021-05-31T07:07:00+00:00\",\"dateModified\":\"2025-06-23T12:46:44+00:00\",\"breadcrumb\":{\"@id\":\"https:\/\/www.ringier.com\/fr\/restructuration-et-renforcement-du-departement-juridique-du-groupe-ringier\/#breadcrumb\"},\"inLanguage\":\"fr-FR\",\"potentialAction\":[{\"@type\":\"ReadAction\",\"target\":[\"https:\/\/www.ringier.com\/fr\/restructuration-et-renforcement-du-departement-juridique-du-groupe-ringier\/\"]}]},{\"@type\":\"ImageObject\",\"inLanguage\":\"fr-FR\",\"@id\":\"https:\/\/www.ringier.com\/fr\/restructuration-et-renforcement-du-departement-juridique-du-groupe-ringier\/#primaryimage\",\"url\":\"https:\/\/www.ringier.com\/wp-content\/uploads\/2021\/08\/laurence-hulliger-lucas-haenni-scaled.jpg\",\"contentUrl\":\"https:\/\/www.ringier.com\/wp-content\/uploads\/2021\/08\/laurence-hulliger-lucas-haenni-scaled.jpg\",\"width\":2560,\"height\":1707},{\"@type\":\"BreadcrumbList\",\"@id\":\"https:\/\/www.ringier.com\/fr\/restructuration-et-renforcement-du-departement-juridique-du-groupe-ringier\/#breadcrumb\",\"itemListElement\":[{\"@type\":\"ListItem\",\"position\":1,\"name\":\"Home\",\"item\":\"https:\/\/www.ringier.com\/fr\/\"},{\"@type\":\"ListItem\",\"position\":2,\"name\":\"Restructuration et renforcement du d\u00e9partement juridique du groupe Ringier\"}]},{\"@type\":\"WebSite\",\"@id\":\"https:\/\/www.ringier.com\/fr\/#website\",\"url\":\"https:\/\/www.ringier.com\/fr\/\",\"name\":\"Ringier\",\"description\":\"We inform. We entertain. We connect\",\"publisher\":{\"@id\":\"https:\/\/www.ringier.com\/fr\/#organization\"},\"potentialAction\":[{\"@type\":\"SearchAction\",\"target\":{\"@type\":\"EntryPoint\",\"urlTemplate\":\"https:\/\/www.ringier.com\/fr\/?s={search_term_string}\"},\"query-input\":{\"@type\":\"PropertyValueSpecification\",\"valueRequired\":true,\"valueName\":\"search_term_string\"}}],\"inLanguage\":\"fr-FR\"},{\"@type\":\"Organization\",\"@id\":\"https:\/\/www.ringier.com\/fr\/#organization\",\"name\":\"Ringier\",\"url\":\"https:\/\/www.ringier.com\/fr\/\",\"logo\":{\"@type\":\"ImageObject\",\"inLanguage\":\"fr-FR\",\"@id\":\"https:\/\/www.ringier.com\/fr\/#\/schema\/logo\/image\/\",\"url\":\"https:\/\/www.ringier.com\/wp-content\/uploads\/2021\/10\/ringier_logo_2.jpg\",\"contentUrl\":\"https:\/\/www.ringier.com\/wp-content\/uploads\/2021\/10\/ringier_logo_2.jpg\",\"width\":750,\"height\":550,\"caption\":\"Ringier\"},\"image\":{\"@id\":\"https:\/\/www.ringier.com\/fr\/#\/schema\/logo\/image\/\"},\"sameAs\":[\"https:\/\/www.facebook.com\/ringierag\/\",\"https:\/\/x.com\/ringier_ag\",\"https:\/\/www.instagram.com\/ringier_ag\/\",\"https:\/\/www.linkedin.com\/company\/ringier\/\",\"https:\/\/www.youtube.com\/user\/RingierComm\",\"https:\/\/en.wikipedia.org\/wiki\/Ringier\",\"https:\/\/de.wikipedia.org\/wiki\/Ringier\",\"https:\/\/fr.wikipedia.org\/wiki\/Ringier\",\"https:\/\/www.crunchbase.com\/organization\/ringier-ag\"]},{\"@type\":\"Person\",\"@id\":\"https:\/\/www.ringier.com\/fr\/#\/schema\/person\/1e03be3d98efb061d1ca29fef411db66\",\"name\":\"Marc Liniger\",\"image\":{\"@type\":\"ImageObject\",\"inLanguage\":\"fr-FR\",\"@id\":\"https:\/\/www.ringier.com\/fr\/#\/schema\/person\/image\/\",\"url\":\"https:\/\/secure.gravatar.com\/avatar\/8d184da6aa7bdcc4d1a251ecaf713aa707e2a4c24b859c6360b2b31b83c1020e?s=96&d=mm&r=g\",\"contentUrl\":\"https:\/\/secure.gravatar.com\/avatar\/8d184da6aa7bdcc4d1a251ecaf713aa707e2a4c24b859c6360b2b31b83c1020e?s=96&d=mm&r=g\",\"caption\":\"Marc Liniger\"},\"sameAs\":[\"https:\/\/www.ringier.com\"]}]}<\/script>\n<!-- \/ Yoast SEO Premium plugin. -->","yoast_head_json":{"title":"Restructuration et renforcement du d\u00e9partement juridique du groupe Ringier - Ringier","robots":{"index":"index","follow":"follow","max-snippet":"max-snippet:-1","max-image-preview":"max-image-preview:large","max-video-preview":"max-video-preview:-1"},"canonical":"https:\/\/www.ringier.com\/fr\/restructuration-et-renforcement-du-departement-juridique-du-groupe-ringier\/","og_locale":"fr_FR","og_type":"article","og_title":"Restructuration et renforcement du d\u00e9partement juridique du groupe Ringier","og_description":"A partir de juin 2021, le d\u00e9partement juridique du groupe Ringier sera r\u00e9organis\u00e9 en deux domaines principaux: Commercial, IP & Technologie et Corporate \/ M&A. Il s\u2019agit d\u2019une r\u00e9ponse optimale \u00e0 l\u2019\u00e9volution des besoins au sein du groupe et aux exigences qui en d\u00e9coulent pour la division juridique. La restructuration s\u2019accompagne de la promotion de Laurence Hulliger au poste de Head Legal Commercial, IP & Technology et de Lucas H\u00e4nni au poste de Head Legal Corporate \/ M&A.","og_url":"https:\/\/www.ringier.com\/fr\/restructuration-et-renforcement-du-departement-juridique-du-groupe-ringier\/","og_site_name":"Ringier","article_publisher":"https:\/\/www.facebook.com\/ringierag\/","article_published_time":"2021-05-31T07:07:00+00:00","article_modified_time":"2025-06-23T12:46:44+00:00","og_image":[{"width":2560,"height":1707,"url":"https:\/\/www.ringier.com\/wp-content\/uploads\/2021\/08\/laurence-hulliger-lucas-haenni-scaled.jpg","type":"image\/jpeg"}],"author":"Marc Liniger","twitter_card":"summary_large_image","twitter_creator":"@ringier_ag","twitter_site":"@ringier_ag","twitter_misc":{"\u00c9crit par":"Marc Liniger","Dur\u00e9e de lecture estim\u00e9e":"3 minutes"},"schema":{"@context":"https:\/\/schema.org","@graph":[{"@type":"Article","@id":"https:\/\/www.ringier.com\/fr\/restructuration-et-renforcement-du-departement-juridique-du-groupe-ringier\/#article","isPartOf":{"@id":"https:\/\/www.ringier.com\/fr\/restructuration-et-renforcement-du-departement-juridique-du-groupe-ringier\/"},"author":{"name":"Marc Liniger","@id":"https:\/\/www.ringier.com\/fr\/#\/schema\/person\/1e03be3d98efb061d1ca29fef411db66"},"headline":"Restructuration et renforcement du d\u00e9partement juridique du groupe Ringier","datePublished":"2021-05-31T07:07:00+00:00","dateModified":"2025-06-23T12:46:44+00:00","mainEntityOfPage":{"@id":"https:\/\/www.ringier.com\/fr\/restructuration-et-renforcement-du-departement-juridique-du-groupe-ringier\/"},"wordCount":562,"publisher":{"@id":"https:\/\/www.ringier.com\/fr\/#organization"},"image":{"@id":"https:\/\/www.ringier.com\/fr\/restructuration-et-renforcement-du-departement-juridique-du-groupe-ringier\/#primaryimage"},"thumbnailUrl":"https:\/\/www.ringier.com\/wp-content\/uploads\/2021\/08\/laurence-hulliger-lucas-haenni-scaled.jpg","articleSection":["Corporate"],"inLanguage":"fr-FR"},{"@type":"WebPage","@id":"https:\/\/www.ringier.com\/fr\/restructuration-et-renforcement-du-departement-juridique-du-groupe-ringier\/","url":"https:\/\/www.ringier.com\/fr\/restructuration-et-renforcement-du-departement-juridique-du-groupe-ringier\/","name":"Restructuration et renforcement du d\u00e9partement juridique du groupe Ringier - Ringier","isPartOf":{"@id":"https:\/\/www.ringier.com\/fr\/#website"},"primaryImageOfPage":{"@id":"https:\/\/www.ringier.com\/fr\/restructuration-et-renforcement-du-departement-juridique-du-groupe-ringier\/#primaryimage"},"image":{"@id":"https:\/\/www.ringier.com\/fr\/restructuration-et-renforcement-du-departement-juridique-du-groupe-ringier\/#primaryimage"},"thumbnailUrl":"https:\/\/www.ringier.com\/wp-content\/uploads\/2021\/08\/laurence-hulliger-lucas-haenni-scaled.jpg","datePublished":"2021-05-31T07:07:00+00:00","dateModified":"2025-06-23T12:46:44+00:00","breadcrumb":{"@id":"https:\/\/www.ringier.com\/fr\/restructuration-et-renforcement-du-departement-juridique-du-groupe-ringier\/#breadcrumb"},"inLanguage":"fr-FR","potentialAction":[{"@type":"ReadAction","target":["https:\/\/www.ringier.com\/fr\/restructuration-et-renforcement-du-departement-juridique-du-groupe-ringier\/"]}]},{"@type":"ImageObject","inLanguage":"fr-FR","@id":"https:\/\/www.ringier.com\/fr\/restructuration-et-renforcement-du-departement-juridique-du-groupe-ringier\/#primaryimage","url":"https:\/\/www.ringier.com\/wp-content\/uploads\/2021\/08\/laurence-hulliger-lucas-haenni-scaled.jpg","contentUrl":"https:\/\/www.ringier.com\/wp-content\/uploads\/2021\/08\/laurence-hulliger-lucas-haenni-scaled.jpg","width":2560,"height":1707},{"@type":"BreadcrumbList","@id":"https:\/\/www.ringier.com\/fr\/restructuration-et-renforcement-du-departement-juridique-du-groupe-ringier\/#breadcrumb","itemListElement":[{"@type":"ListItem","position":1,"name":"Home","item":"https:\/\/www.ringier.com\/fr\/"},{"@type":"ListItem","position":2,"name":"Restructuration et renforcement du d\u00e9partement juridique du groupe Ringier"}]},{"@type":"WebSite","@id":"https:\/\/www.ringier.com\/fr\/#website","url":"https:\/\/www.ringier.com\/fr\/","name":"Ringier","description":"We inform. We entertain. We connect","publisher":{"@id":"https:\/\/www.ringier.com\/fr\/#organization"},"potentialAction":[{"@type":"SearchAction","target":{"@type":"EntryPoint","urlTemplate":"https:\/\/www.ringier.com\/fr\/?s={search_term_string}"},"query-input":{"@type":"PropertyValueSpecification","valueRequired":true,"valueName":"search_term_string"}}],"inLanguage":"fr-FR"},{"@type":"Organization","@id":"https:\/\/www.ringier.com\/fr\/#organization","name":"Ringier","url":"https:\/\/www.ringier.com\/fr\/","logo":{"@type":"ImageObject","inLanguage":"fr-FR","@id":"https:\/\/www.ringier.com\/fr\/#\/schema\/logo\/image\/","url":"https:\/\/www.ringier.com\/wp-content\/uploads\/2021\/10\/ringier_logo_2.jpg","contentUrl":"https:\/\/www.ringier.com\/wp-content\/uploads\/2021\/10\/ringier_logo_2.jpg","width":750,"height":550,"caption":"Ringier"},"image":{"@id":"https:\/\/www.ringier.com\/fr\/#\/schema\/logo\/image\/"},"sameAs":["https:\/\/www.facebook.com\/ringierag\/","https:\/\/x.com\/ringier_ag","https:\/\/www.instagram.com\/ringier_ag\/","https:\/\/www.linkedin.com\/company\/ringier\/","https:\/\/www.youtube.com\/user\/RingierComm","https:\/\/en.wikipedia.org\/wiki\/Ringier","https:\/\/de.wikipedia.org\/wiki\/Ringier","https:\/\/fr.wikipedia.org\/wiki\/Ringier","https:\/\/www.crunchbase.com\/organization\/ringier-ag"]},{"@type":"Person","@id":"https:\/\/www.ringier.com\/fr\/#\/schema\/person\/1e03be3d98efb061d1ca29fef411db66","name":"Marc Liniger","image":{"@type":"ImageObject","inLanguage":"fr-FR","@id":"https:\/\/www.ringier.com\/fr\/#\/schema\/person\/image\/","url":"https:\/\/secure.gravatar.com\/avatar\/8d184da6aa7bdcc4d1a251ecaf713aa707e2a4c24b859c6360b2b31b83c1020e?s=96&d=mm&r=g","contentUrl":"https:\/\/secure.gravatar.com\/avatar\/8d184da6aa7bdcc4d1a251ecaf713aa707e2a4c24b859c6360b2b31b83c1020e?s=96&d=mm&r=g","caption":"Marc Liniger"},"sameAs":["https:\/\/www.ringier.com"]}]}},"_links":{"self":[{"href":"https:\/\/www.ringier.com\/fr\/wp-json\/wp\/v2\/posts\/385","targetHints":{"allow":["GET"]}}],"collection":[{"href":"https:\/\/www.ringier.com\/fr\/wp-json\/wp\/v2\/posts"}],"about":[{"href":"https:\/\/www.ringier.com\/fr\/wp-json\/wp\/v2\/types\/post"}],"author":[{"embeddable":true,"href":"https:\/\/www.ringier.com\/fr\/wp-json\/wp\/v2\/users\/7"}],"replies":[{"embeddable":true,"href":"https:\/\/www.ringier.com\/fr\/wp-json\/wp\/v2\/comments?post=385"}],"version-history":[{"count":0,"href":"https:\/\/www.ringier.com\/fr\/wp-json\/wp\/v2\/posts\/385\/revisions"}],"wp:featuredmedia":[{"embeddable":true,"href":"https:\/\/www.ringier.com\/fr\/wp-json\/wp\/v2\/media\/382"}],"wp:attachment":[{"href":"https:\/\/www.ringier.com\/fr\/wp-json\/wp\/v2\/media?parent=385"}],"wp:term":[{"taxonomy":"category","embeddable":true,"href":"https:\/\/www.ringier.com\/fr\/wp-json\/wp\/v2\/categories?post=385"},{"taxonomy":"post_tag","embeddable":true,"href":"https:\/\/www.ringier.com\/fr\/wp-json\/wp\/v2\/tags?post=385"}],"curies":[{"name":"wp","href":"https:\/\/api.w.org\/{rel}","templated":true}]}}