{"id":330,"date":"2021-06-10T09:25:00","date_gmt":"2021-06-10T07:25:00","guid":{"rendered":"https:\/\/www.ringier.com\/schweizer-digital-allianz-ernennt-silvano-oeschger-zum-geschaeftsfuehrer-ihres-joint-ventures-onelog-zum-sso-betrieb\/"},"modified":"2025-06-30T10:48:45","modified_gmt":"2025-06-30T08:48:45","slug":"alliance-numerique-suisse-nomme-silvano-oeschger-directeur-de-sa-co-entreprise-onelog-chargee-de-lexploitation-du-sso","status":"publish","type":"post","link":"https:\/\/www.ringier.com\/fr\/alliance-numerique-suisse-nomme-silvano-oeschger-directeur-de-sa-co-entreprise-onelog-chargee-de-lexploitation-du-sso\/","title":{"rendered":"L\u2019Alliance num\u00e9rique suisse nomme Silvano Oeschger directeur de sa co-entreprise \u00abOneLog\u00bb, charg\u00e9e de l\u2019exploitation du SSO"},"content":{"rendered":"\n<p>D\u00e8s juin 2021, Silvano Oeschger prendra la direction de l\u2019entreprise OneLog, qui a pour objectif d\u2019introduire une technologie de login commune pour les entreprises de m\u00e9dias en Suisse. \u00c2g\u00e9 de 31 ans, il travaille actuellement comme Senior Product Manager Technology chez TX Group et a pr\u00e9c\u00e9demment occup\u00e9, pendant 14 ans, diff\u00e9rentes fonctions chez Ringier, la derni\u00e8re en date en qualit\u00e9 de Senior Project Manager Data Services. En tant qu\u2019informaticien dipl\u00f4m\u00e9 en gestion ES et sp\u00e9cialiste de la transformation num\u00e9rique, il b\u00e9n\u00e9ficie de connaissances approfondies des domaines Publishing et Content Management.\u00a0Dans sa nouvelle fonction, Silvano Oeschger sera assist\u00e9 par Marcus Dauck, Head Publishing Technology &amp; Services de Ringier, qui accompagnera la co-entreprise en qualit\u00e9 de Senior Adviser. Marcus Dauck travaille depuis trente ans dans le secteur informatique et poss\u00e8de une grande expertise dans le journalisme num\u00e9rique.<\/p>\n\n\n\n<p>\u00abL\u2019Alliance num\u00e9rique suisse a pour objectif commun que les utilisateurs\/utilisatrices soient aussi nombreux que possible \u00e0 se connecter. OneLog repr\u00e9sente une opportunit\u00e9 formidable pour le secteur suisse des m\u00e9dias et je me r\u00e9jouis de pouvoir y contribuer\u00bb, d\u00e9clare Silvano Oeschger.<\/p>\n\n\n\n<p>\u00c0 l\u2019occasion de la cr\u00e9ation de la co-entreprise OneLog, Abdi Scheybani, qui a dirig\u00e9 l\u2019Alliance num\u00e9rique suisse depuis le d\u00e9but en tant que chef de projet global externe et qui a eu une influence d\u00e9terminante sur les phases ant\u00e9rieures du projet d\u2019Alliance num\u00e9rique suisse en raison de ses connaissances techniques \u00e9tendues et de son excellente gestion de projet, c\u00e8de sa place \u00e0 Silvano Oeschger et Marcus Dauck.<\/p>\n\n\n\n<p>Le conseil d\u2019administration de OneLog a \u00e9t\u00e9 compl\u00e9t\u00e9 par la nomination de Marco di Bernardo (CTO m\u00e9dias pendulaires, 20 Minuten), de Christoph Zimmer (CPO Tamedia Digital Product) et, du c\u00f4t\u00e9 de Ringier, de Kilian K\u00e4mpfen (Chief Technology &amp; Data Officer) et de Patrick Rademacher (Head of Strategy &amp; Intelligence de la Global Media Unit).<\/p>\n\n\n\n<p>D\u00e8s mars 2021, Marc Walder (CEO Ringier) a \u00e9t\u00e9 nomm\u00e9 pr\u00e9sident du conseil d\u2019administration et Samuel H\u00fcgli (membre de la direction de TX Group), vice-pr\u00e9sident du conseil d\u2019administration de OneLog.<\/p>\n\n\n\n<p>La cr\u00e9ation formelle de l\u2019entreprise OneLog, une co-entreprise de TX Group et Ringier, est pr\u00e9vue \u00e0 fin juin. CH Media et NZZ ont \u00e9galement l\u2019intention de participer \u00e0 l\u2019entreprise commune OneLog, d\u00e8s qu\u2019elles introduiront le login commune de l\u2019Alliance num\u00e9rique .<\/p>\n\n\n\n<p>\u00abLes utilisatrices et utilisateurs de 20 Minuten peuvent utiliser le nouveau login depuis mars. Il s\u2019agissait de la premi\u00e8re \u00e9tape de concr\u00e9tisation d\u2019un login commun aux m\u00e9dias en Suisse, un projet qui suscite \u00e9galement un vif int\u00e9r\u00eat sur le plan international. Nous nous engageons d\u00e9sormais dans l\u2019\u00e9tape suivante, consistant \u00e0 cr\u00e9er l\u2019entreprise commune OneLog et \u00e0 en nommer son directeur. Je suis tr\u00e8s heureux que nous ayons pu engager Silvano Oeschger en tant que directeur, un sp\u00e9cialiste du num\u00e9rique qui conna\u00eet parfaitement le paysage des m\u00e9dias en Suisse\u00bb, d\u00e9clare Samuel H\u00fcgli, membre de la direction de TX Group.<\/p>\n\n\n\n<p>OneLog s\u2019appuie sur le logiciel de login de Ringier Connect, d\u00e9velopp\u00e9 en interne et d\u00e9ploy\u00e9 avec succ\u00e8s par Bernd Volf, CEO Ringier Connect, au cours de ces trois derni\u00e8res ann\u00e9es. \u00abJe vois comme un honneur que notre solution SSO interne ait \u00e9t\u00e9 choisie comme base technique de OneLog et qu\u2019elle aidera d\u00e9sormais le secteur suisse des m\u00e9dias \u00e0 faire un grand pas en avant num\u00e9rique gr\u00e2ce \u00e0 sa technologie innovante\u00bb, explique Bernd Volf.<\/p>\n\n\n\n<p>Marc Walder: \u00abLa cr\u00e9ation de la soci\u00e9t\u00e9 fa\u00eeti\u00e8re OneLog, responsable de l\u2019exploitation du login commun de l\u2019Alliance, constitue une \u00e9tape importante suppl\u00e9mentaire pour le secteur suisse des m\u00e9dias. Les services num\u00e9riques sont en mesure d\u2019offrir une bien meilleure prestation \u00e0 leurs utilisatrices et utilisateurs s\u2019ils sont connect\u00e9s. Cela vaut \u00e9galement pour le secteur des m\u00e9dias. Les marques de m\u00e9dias des partenaires de l\u2019Alliance sont parmi les plus importantes de Suisse. Elles ont besoin d\u2019utilisateurs enregistr\u00e9s afin de leur proposer de meilleurs contenus et produits publicitaires. Cette alliance, en mati\u00e8re de login, est vitale pour les m\u00e9dias ind\u00e9pendants en Suisse.\u00bb<\/p>\n","protected":false},"excerpt":{"rendered":"<p>L\u2019entreprise commune OneLog a \u00e9t\u00e9 cr\u00e9\u00e9e pour d\u00e9velopper et exploiter une solution unique d\u2019authentification &#8211; Single-Sign-On de l\u2019Alliance num\u00e9rique suisse. La soci\u00e9t\u00e9 OneLog franchit une \u00e9tape importante en d\u00e9signant sa direction et en compl\u00e9tant son conseil d\u2019administration.<\/p>\n","protected":false},"author":7,"featured_media":327,"comment_status":"closed","ping_status":"open","sticky":false,"template":"","format":"standard","meta":{"inline_featured_image":false,"footnotes":""},"categories":[43],"tags":[],"class_list":["post-330","post","type-post","status-publish","format-standard","has-post-thumbnail","hentry","category-corporate-fr"],"yoast_head":"<!-- This site is optimized with the Yoast SEO Premium plugin v27.0 (Yoast SEO v27.0) - https:\/\/yoast.com\/product\/yoast-seo-premium-wordpress\/ -->\n<title>L\u2019Alliance num\u00e9rique suisse nomme Silvano Oeschger directeur de sa co-entreprise \u00abOneLog\u00bb, charg\u00e9e de l\u2019exploitation du SSO - Ringier<\/title>\n<meta name=\"robots\" content=\"index, follow, max-snippet:-1, max-image-preview:large, max-video-preview:-1\" \/>\n<link rel=\"canonical\" href=\"https:\/\/www.ringier.com\/fr\/alliance-numerique-suisse-nomme-silvano-oeschger-directeur-de-sa-co-entreprise-onelog-chargee-de-lexploitation-du-sso\/\" \/>\n<meta property=\"og:locale\" content=\"fr_FR\" \/>\n<meta property=\"og:type\" content=\"article\" \/>\n<meta property=\"og:title\" content=\"L\u2019Alliance num\u00e9rique suisse nomme Silvano Oeschger directeur de sa co-entreprise \u00abOneLog\u00bb, charg\u00e9e de l\u2019exploitation du SSO\" \/>\n<meta property=\"og:description\" content=\"L\u2019entreprise commune OneLog a \u00e9t\u00e9 cr\u00e9\u00e9e pour d\u00e9velopper et exploiter une solution unique d\u2019authentification - Single-Sign-On de l\u2019Alliance num\u00e9rique suisse. La soci\u00e9t\u00e9 OneLog franchit une \u00e9tape importante en d\u00e9signant sa direction et en compl\u00e9tant son conseil d\u2019administration.\" \/>\n<meta property=\"og:url\" content=\"https:\/\/www.ringier.com\/fr\/alliance-numerique-suisse-nomme-silvano-oeschger-directeur-de-sa-co-entreprise-onelog-chargee-de-lexploitation-du-sso\/\" \/>\n<meta property=\"og:site_name\" content=\"Ringier\" \/>\n<meta property=\"article:publisher\" content=\"https:\/\/www.facebook.com\/ringierag\/\" \/>\n<meta property=\"article:published_time\" content=\"2021-06-10T07:25:00+00:00\" \/>\n<meta property=\"article:modified_time\" content=\"2025-06-30T08:48:45+00:00\" \/>\n<meta property=\"og:image\" content=\"https:\/\/www.ringier.com\/wp-content\/uploads\/2021\/08\/onelog_logo.jpg\" \/>\n\t<meta property=\"og:image:width\" content=\"1573\" \/>\n\t<meta property=\"og:image:height\" content=\"1049\" \/>\n\t<meta property=\"og:image:type\" content=\"image\/jpeg\" \/>\n<meta name=\"author\" content=\"Marc Liniger\" \/>\n<meta name=\"twitter:card\" content=\"summary_large_image\" \/>\n<meta name=\"twitter:creator\" content=\"@ringier_ag\" \/>\n<meta name=\"twitter:site\" content=\"@ringier_ag\" \/>\n<meta name=\"twitter:label1\" content=\"\u00c9crit par\" \/>\n\t<meta name=\"twitter:data1\" content=\"Marc Liniger\" \/>\n\t<meta name=\"twitter:label2\" content=\"Dur\u00e9e de lecture estim\u00e9e\" \/>\n\t<meta name=\"twitter:data2\" content=\"4 minutes\" \/>\n<script type=\"application\/ld+json\" class=\"yoast-schema-graph\">{\"@context\":\"https:\/\/schema.org\",\"@graph\":[{\"@type\":\"Article\",\"@id\":\"https:\/\/www.ringier.com\/fr\/alliance-numerique-suisse-nomme-silvano-oeschger-directeur-de-sa-co-entreprise-onelog-chargee-de-lexploitation-du-sso\/#article\",\"isPartOf\":{\"@id\":\"https:\/\/www.ringier.com\/fr\/alliance-numerique-suisse-nomme-silvano-oeschger-directeur-de-sa-co-entreprise-onelog-chargee-de-lexploitation-du-sso\/\"},\"author\":{\"name\":\"Marc Liniger\",\"@id\":\"https:\/\/www.ringier.com\/fr\/#\/schema\/person\/1e03be3d98efb061d1ca29fef411db66\"},\"headline\":\"L\u2019Alliance num\u00e9rique suisse nomme Silvano Oeschger directeur de sa co-entreprise \u00abOneLog\u00bb, charg\u00e9e de l\u2019exploitation du SSO\",\"datePublished\":\"2021-06-10T07:25:00+00:00\",\"dateModified\":\"2025-06-30T08:48:45+00:00\",\"mainEntityOfPage\":{\"@id\":\"https:\/\/www.ringier.com\/fr\/alliance-numerique-suisse-nomme-silvano-oeschger-directeur-de-sa-co-entreprise-onelog-chargee-de-lexploitation-du-sso\/\"},\"wordCount\":743,\"publisher\":{\"@id\":\"https:\/\/www.ringier.com\/fr\/#organization\"},\"image\":{\"@id\":\"https:\/\/www.ringier.com\/fr\/alliance-numerique-suisse-nomme-silvano-oeschger-directeur-de-sa-co-entreprise-onelog-chargee-de-lexploitation-du-sso\/#primaryimage\"},\"thumbnailUrl\":\"https:\/\/www.ringier.com\/wp-content\/uploads\/2021\/08\/onelog_logo.jpg\",\"articleSection\":[\"Corporate\"],\"inLanguage\":\"fr-FR\"},{\"@type\":\"WebPage\",\"@id\":\"https:\/\/www.ringier.com\/fr\/alliance-numerique-suisse-nomme-silvano-oeschger-directeur-de-sa-co-entreprise-onelog-chargee-de-lexploitation-du-sso\/\",\"url\":\"https:\/\/www.ringier.com\/fr\/alliance-numerique-suisse-nomme-silvano-oeschger-directeur-de-sa-co-entreprise-onelog-chargee-de-lexploitation-du-sso\/\",\"name\":\"L\u2019Alliance num\u00e9rique suisse nomme Silvano Oeschger directeur de sa co-entreprise \u00abOneLog\u00bb, charg\u00e9e de l\u2019exploitation du SSO - Ringier\",\"isPartOf\":{\"@id\":\"https:\/\/www.ringier.com\/fr\/#website\"},\"primaryImageOfPage\":{\"@id\":\"https:\/\/www.ringier.com\/fr\/alliance-numerique-suisse-nomme-silvano-oeschger-directeur-de-sa-co-entreprise-onelog-chargee-de-lexploitation-du-sso\/#primaryimage\"},\"image\":{\"@id\":\"https:\/\/www.ringier.com\/fr\/alliance-numerique-suisse-nomme-silvano-oeschger-directeur-de-sa-co-entreprise-onelog-chargee-de-lexploitation-du-sso\/#primaryimage\"},\"thumbnailUrl\":\"https:\/\/www.ringier.com\/wp-content\/uploads\/2021\/08\/onelog_logo.jpg\",\"datePublished\":\"2021-06-10T07:25:00+00:00\",\"dateModified\":\"2025-06-30T08:48:45+00:00\",\"breadcrumb\":{\"@id\":\"https:\/\/www.ringier.com\/fr\/alliance-numerique-suisse-nomme-silvano-oeschger-directeur-de-sa-co-entreprise-onelog-chargee-de-lexploitation-du-sso\/#breadcrumb\"},\"inLanguage\":\"fr-FR\",\"potentialAction\":[{\"@type\":\"ReadAction\",\"target\":[\"https:\/\/www.ringier.com\/fr\/alliance-numerique-suisse-nomme-silvano-oeschger-directeur-de-sa-co-entreprise-onelog-chargee-de-lexploitation-du-sso\/\"]}]},{\"@type\":\"ImageObject\",\"inLanguage\":\"fr-FR\",\"@id\":\"https:\/\/www.ringier.com\/fr\/alliance-numerique-suisse-nomme-silvano-oeschger-directeur-de-sa-co-entreprise-onelog-chargee-de-lexploitation-du-sso\/#primaryimage\",\"url\":\"https:\/\/www.ringier.com\/wp-content\/uploads\/2021\/08\/onelog_logo.jpg\",\"contentUrl\":\"https:\/\/www.ringier.com\/wp-content\/uploads\/2021\/08\/onelog_logo.jpg\",\"width\":1573,\"height\":1049},{\"@type\":\"BreadcrumbList\",\"@id\":\"https:\/\/www.ringier.com\/fr\/alliance-numerique-suisse-nomme-silvano-oeschger-directeur-de-sa-co-entreprise-onelog-chargee-de-lexploitation-du-sso\/#breadcrumb\",\"itemListElement\":[{\"@type\":\"ListItem\",\"position\":1,\"name\":\"Home\",\"item\":\"https:\/\/www.ringier.com\/fr\/\"},{\"@type\":\"ListItem\",\"position\":2,\"name\":\"L\u2019Alliance num\u00e9rique suisse nomme Silvano Oeschger directeur de sa co-entreprise \u00abOneLog\u00bb, charg\u00e9e de l\u2019exploitation du SSO\"}]},{\"@type\":\"WebSite\",\"@id\":\"https:\/\/www.ringier.com\/fr\/#website\",\"url\":\"https:\/\/www.ringier.com\/fr\/\",\"name\":\"Ringier\",\"description\":\"We inform. We entertain. We connect\",\"publisher\":{\"@id\":\"https:\/\/www.ringier.com\/fr\/#organization\"},\"potentialAction\":[{\"@type\":\"SearchAction\",\"target\":{\"@type\":\"EntryPoint\",\"urlTemplate\":\"https:\/\/www.ringier.com\/fr\/?s={search_term_string}\"},\"query-input\":{\"@type\":\"PropertyValueSpecification\",\"valueRequired\":true,\"valueName\":\"search_term_string\"}}],\"inLanguage\":\"fr-FR\"},{\"@type\":\"Organization\",\"@id\":\"https:\/\/www.ringier.com\/fr\/#organization\",\"name\":\"Ringier\",\"url\":\"https:\/\/www.ringier.com\/fr\/\",\"logo\":{\"@type\":\"ImageObject\",\"inLanguage\":\"fr-FR\",\"@id\":\"https:\/\/www.ringier.com\/fr\/#\/schema\/logo\/image\/\",\"url\":\"https:\/\/www.ringier.com\/wp-content\/uploads\/2021\/10\/ringier_logo_2.jpg\",\"contentUrl\":\"https:\/\/www.ringier.com\/wp-content\/uploads\/2021\/10\/ringier_logo_2.jpg\",\"width\":750,\"height\":550,\"caption\":\"Ringier\"},\"image\":{\"@id\":\"https:\/\/www.ringier.com\/fr\/#\/schema\/logo\/image\/\"},\"sameAs\":[\"https:\/\/www.facebook.com\/ringierag\/\",\"https:\/\/x.com\/ringier_ag\",\"https:\/\/www.instagram.com\/ringier_ag\/\",\"https:\/\/www.linkedin.com\/company\/ringier\/\",\"https:\/\/www.youtube.com\/user\/RingierComm\",\"https:\/\/en.wikipedia.org\/wiki\/Ringier\",\"https:\/\/de.wikipedia.org\/wiki\/Ringier\",\"https:\/\/fr.wikipedia.org\/wiki\/Ringier\",\"https:\/\/www.crunchbase.com\/organization\/ringier-ag\"]},{\"@type\":\"Person\",\"@id\":\"https:\/\/www.ringier.com\/fr\/#\/schema\/person\/1e03be3d98efb061d1ca29fef411db66\",\"name\":\"Marc Liniger\",\"image\":{\"@type\":\"ImageObject\",\"inLanguage\":\"fr-FR\",\"@id\":\"https:\/\/www.ringier.com\/fr\/#\/schema\/person\/image\/\",\"url\":\"https:\/\/secure.gravatar.com\/avatar\/8d184da6aa7bdcc4d1a251ecaf713aa707e2a4c24b859c6360b2b31b83c1020e?s=96&d=mm&r=g\",\"contentUrl\":\"https:\/\/secure.gravatar.com\/avatar\/8d184da6aa7bdcc4d1a251ecaf713aa707e2a4c24b859c6360b2b31b83c1020e?s=96&d=mm&r=g\",\"caption\":\"Marc Liniger\"},\"sameAs\":[\"https:\/\/www.ringier.com\"]}]}<\/script>\n<!-- \/ Yoast SEO Premium plugin. -->","yoast_head_json":{"title":"L\u2019Alliance num\u00e9rique suisse nomme Silvano Oeschger directeur de sa co-entreprise \u00abOneLog\u00bb, charg\u00e9e de l\u2019exploitation du SSO - Ringier","robots":{"index":"index","follow":"follow","max-snippet":"max-snippet:-1","max-image-preview":"max-image-preview:large","max-video-preview":"max-video-preview:-1"},"canonical":"https:\/\/www.ringier.com\/fr\/alliance-numerique-suisse-nomme-silvano-oeschger-directeur-de-sa-co-entreprise-onelog-chargee-de-lexploitation-du-sso\/","og_locale":"fr_FR","og_type":"article","og_title":"L\u2019Alliance num\u00e9rique suisse nomme Silvano Oeschger directeur de sa co-entreprise \u00abOneLog\u00bb, charg\u00e9e de l\u2019exploitation du SSO","og_description":"L\u2019entreprise commune OneLog a \u00e9t\u00e9 cr\u00e9\u00e9e pour d\u00e9velopper et exploiter une solution unique d\u2019authentification - Single-Sign-On de l\u2019Alliance num\u00e9rique suisse. La soci\u00e9t\u00e9 OneLog franchit une \u00e9tape importante en d\u00e9signant sa direction et en compl\u00e9tant son conseil d\u2019administration.","og_url":"https:\/\/www.ringier.com\/fr\/alliance-numerique-suisse-nomme-silvano-oeschger-directeur-de-sa-co-entreprise-onelog-chargee-de-lexploitation-du-sso\/","og_site_name":"Ringier","article_publisher":"https:\/\/www.facebook.com\/ringierag\/","article_published_time":"2021-06-10T07:25:00+00:00","article_modified_time":"2025-06-30T08:48:45+00:00","og_image":[{"width":1573,"height":1049,"url":"https:\/\/www.ringier.com\/wp-content\/uploads\/2021\/08\/onelog_logo.jpg","type":"image\/jpeg"}],"author":"Marc Liniger","twitter_card":"summary_large_image","twitter_creator":"@ringier_ag","twitter_site":"@ringier_ag","twitter_misc":{"\u00c9crit par":"Marc Liniger","Dur\u00e9e de lecture estim\u00e9e":"4 minutes"},"schema":{"@context":"https:\/\/schema.org","@graph":[{"@type":"Article","@id":"https:\/\/www.ringier.com\/fr\/alliance-numerique-suisse-nomme-silvano-oeschger-directeur-de-sa-co-entreprise-onelog-chargee-de-lexploitation-du-sso\/#article","isPartOf":{"@id":"https:\/\/www.ringier.com\/fr\/alliance-numerique-suisse-nomme-silvano-oeschger-directeur-de-sa-co-entreprise-onelog-chargee-de-lexploitation-du-sso\/"},"author":{"name":"Marc Liniger","@id":"https:\/\/www.ringier.com\/fr\/#\/schema\/person\/1e03be3d98efb061d1ca29fef411db66"},"headline":"L\u2019Alliance num\u00e9rique suisse nomme Silvano Oeschger directeur de sa co-entreprise \u00abOneLog\u00bb, charg\u00e9e de l\u2019exploitation du SSO","datePublished":"2021-06-10T07:25:00+00:00","dateModified":"2025-06-30T08:48:45+00:00","mainEntityOfPage":{"@id":"https:\/\/www.ringier.com\/fr\/alliance-numerique-suisse-nomme-silvano-oeschger-directeur-de-sa-co-entreprise-onelog-chargee-de-lexploitation-du-sso\/"},"wordCount":743,"publisher":{"@id":"https:\/\/www.ringier.com\/fr\/#organization"},"image":{"@id":"https:\/\/www.ringier.com\/fr\/alliance-numerique-suisse-nomme-silvano-oeschger-directeur-de-sa-co-entreprise-onelog-chargee-de-lexploitation-du-sso\/#primaryimage"},"thumbnailUrl":"https:\/\/www.ringier.com\/wp-content\/uploads\/2021\/08\/onelog_logo.jpg","articleSection":["Corporate"],"inLanguage":"fr-FR"},{"@type":"WebPage","@id":"https:\/\/www.ringier.com\/fr\/alliance-numerique-suisse-nomme-silvano-oeschger-directeur-de-sa-co-entreprise-onelog-chargee-de-lexploitation-du-sso\/","url":"https:\/\/www.ringier.com\/fr\/alliance-numerique-suisse-nomme-silvano-oeschger-directeur-de-sa-co-entreprise-onelog-chargee-de-lexploitation-du-sso\/","name":"L\u2019Alliance num\u00e9rique suisse nomme Silvano Oeschger directeur de sa co-entreprise \u00abOneLog\u00bb, charg\u00e9e de l\u2019exploitation du SSO - Ringier","isPartOf":{"@id":"https:\/\/www.ringier.com\/fr\/#website"},"primaryImageOfPage":{"@id":"https:\/\/www.ringier.com\/fr\/alliance-numerique-suisse-nomme-silvano-oeschger-directeur-de-sa-co-entreprise-onelog-chargee-de-lexploitation-du-sso\/#primaryimage"},"image":{"@id":"https:\/\/www.ringier.com\/fr\/alliance-numerique-suisse-nomme-silvano-oeschger-directeur-de-sa-co-entreprise-onelog-chargee-de-lexploitation-du-sso\/#primaryimage"},"thumbnailUrl":"https:\/\/www.ringier.com\/wp-content\/uploads\/2021\/08\/onelog_logo.jpg","datePublished":"2021-06-10T07:25:00+00:00","dateModified":"2025-06-30T08:48:45+00:00","breadcrumb":{"@id":"https:\/\/www.ringier.com\/fr\/alliance-numerique-suisse-nomme-silvano-oeschger-directeur-de-sa-co-entreprise-onelog-chargee-de-lexploitation-du-sso\/#breadcrumb"},"inLanguage":"fr-FR","potentialAction":[{"@type":"ReadAction","target":["https:\/\/www.ringier.com\/fr\/alliance-numerique-suisse-nomme-silvano-oeschger-directeur-de-sa-co-entreprise-onelog-chargee-de-lexploitation-du-sso\/"]}]},{"@type":"ImageObject","inLanguage":"fr-FR","@id":"https:\/\/www.ringier.com\/fr\/alliance-numerique-suisse-nomme-silvano-oeschger-directeur-de-sa-co-entreprise-onelog-chargee-de-lexploitation-du-sso\/#primaryimage","url":"https:\/\/www.ringier.com\/wp-content\/uploads\/2021\/08\/onelog_logo.jpg","contentUrl":"https:\/\/www.ringier.com\/wp-content\/uploads\/2021\/08\/onelog_logo.jpg","width":1573,"height":1049},{"@type":"BreadcrumbList","@id":"https:\/\/www.ringier.com\/fr\/alliance-numerique-suisse-nomme-silvano-oeschger-directeur-de-sa-co-entreprise-onelog-chargee-de-lexploitation-du-sso\/#breadcrumb","itemListElement":[{"@type":"ListItem","position":1,"name":"Home","item":"https:\/\/www.ringier.com\/fr\/"},{"@type":"ListItem","position":2,"name":"L\u2019Alliance num\u00e9rique suisse nomme Silvano Oeschger directeur de sa co-entreprise \u00abOneLog\u00bb, charg\u00e9e de l\u2019exploitation du SSO"}]},{"@type":"WebSite","@id":"https:\/\/www.ringier.com\/fr\/#website","url":"https:\/\/www.ringier.com\/fr\/","name":"Ringier","description":"We inform. We entertain. We connect","publisher":{"@id":"https:\/\/www.ringier.com\/fr\/#organization"},"potentialAction":[{"@type":"SearchAction","target":{"@type":"EntryPoint","urlTemplate":"https:\/\/www.ringier.com\/fr\/?s={search_term_string}"},"query-input":{"@type":"PropertyValueSpecification","valueRequired":true,"valueName":"search_term_string"}}],"inLanguage":"fr-FR"},{"@type":"Organization","@id":"https:\/\/www.ringier.com\/fr\/#organization","name":"Ringier","url":"https:\/\/www.ringier.com\/fr\/","logo":{"@type":"ImageObject","inLanguage":"fr-FR","@id":"https:\/\/www.ringier.com\/fr\/#\/schema\/logo\/image\/","url":"https:\/\/www.ringier.com\/wp-content\/uploads\/2021\/10\/ringier_logo_2.jpg","contentUrl":"https:\/\/www.ringier.com\/wp-content\/uploads\/2021\/10\/ringier_logo_2.jpg","width":750,"height":550,"caption":"Ringier"},"image":{"@id":"https:\/\/www.ringier.com\/fr\/#\/schema\/logo\/image\/"},"sameAs":["https:\/\/www.facebook.com\/ringierag\/","https:\/\/x.com\/ringier_ag","https:\/\/www.instagram.com\/ringier_ag\/","https:\/\/www.linkedin.com\/company\/ringier\/","https:\/\/www.youtube.com\/user\/RingierComm","https:\/\/en.wikipedia.org\/wiki\/Ringier","https:\/\/de.wikipedia.org\/wiki\/Ringier","https:\/\/fr.wikipedia.org\/wiki\/Ringier","https:\/\/www.crunchbase.com\/organization\/ringier-ag"]},{"@type":"Person","@id":"https:\/\/www.ringier.com\/fr\/#\/schema\/person\/1e03be3d98efb061d1ca29fef411db66","name":"Marc Liniger","image":{"@type":"ImageObject","inLanguage":"fr-FR","@id":"https:\/\/www.ringier.com\/fr\/#\/schema\/person\/image\/","url":"https:\/\/secure.gravatar.com\/avatar\/8d184da6aa7bdcc4d1a251ecaf713aa707e2a4c24b859c6360b2b31b83c1020e?s=96&d=mm&r=g","contentUrl":"https:\/\/secure.gravatar.com\/avatar\/8d184da6aa7bdcc4d1a251ecaf713aa707e2a4c24b859c6360b2b31b83c1020e?s=96&d=mm&r=g","caption":"Marc Liniger"},"sameAs":["https:\/\/www.ringier.com"]}]}},"_links":{"self":[{"href":"https:\/\/www.ringier.com\/fr\/wp-json\/wp\/v2\/posts\/330","targetHints":{"allow":["GET"]}}],"collection":[{"href":"https:\/\/www.ringier.com\/fr\/wp-json\/wp\/v2\/posts"}],"about":[{"href":"https:\/\/www.ringier.com\/fr\/wp-json\/wp\/v2\/types\/post"}],"author":[{"embeddable":true,"href":"https:\/\/www.ringier.com\/fr\/wp-json\/wp\/v2\/users\/7"}],"replies":[{"embeddable":true,"href":"https:\/\/www.ringier.com\/fr\/wp-json\/wp\/v2\/comments?post=330"}],"version-history":[{"count":0,"href":"https:\/\/www.ringier.com\/fr\/wp-json\/wp\/v2\/posts\/330\/revisions"}],"wp:featuredmedia":[{"embeddable":true,"href":"https:\/\/www.ringier.com\/fr\/wp-json\/wp\/v2\/media\/327"}],"wp:attachment":[{"href":"https:\/\/www.ringier.com\/fr\/wp-json\/wp\/v2\/media?parent=330"}],"wp:term":[{"taxonomy":"category","embeddable":true,"href":"https:\/\/www.ringier.com\/fr\/wp-json\/wp\/v2\/categories?post=330"},{"taxonomy":"post_tag","embeddable":true,"href":"https:\/\/www.ringier.com\/fr\/wp-json\/wp\/v2\/tags?post=330"}],"curies":[{"name":"wp","href":"https:\/\/api.w.org\/{rel}","templated":true}]}}