{"id":3141,"date":"2014-05-09T16:03:00","date_gmt":"2014-05-09T14:03:00","guid":{"rendered":"https:\/\/www.ringier.com\/der-sonntagsblick-und-das-sonntagsblick-magazin-im-neuen-kleid\/"},"modified":"2024-11-14T06:57:12","modified_gmt":"2024-11-14T05:57:12","slug":"le-sonntagsblick-et-le-sonntagsblick-magazin-font-peau-neuve","status":"publish","type":"post","link":"https:\/\/www.ringier.com\/fr\/le-sonntagsblick-et-le-sonntagsblick-magazin-font-peau-neuve\/","title":{"rendered":"Le SonntagsBlick et le SonntagsBlick Magazin font peau neuve"},"content":{"rendered":"\n<p>La conception du nouveau look du&nbsp;<em>SonntagsBlick<\/em>&nbsp;est l\u2019\u0153uvre de Mario Garcia, star am\u00e9ricaine du design de journaux, associ\u00e9 aux concepteurs du groupe&nbsp;<em>Blick<\/em>. L\u2019aspect du journal prend un coup de jeune, est plus l\u00e9ger, plus clair et plus moderne. Outre une nouvelle typographie et une large place r\u00e9serv\u00e9e aux th\u00e8mes d\u2019actualit\u00e9 dans la premi\u00e8re section, les g\u00e9n\u00e9reuses pages de garde des sections Politique, Economie et People sont plus faciles \u00e0 lire.<\/p>\n\n\n\n<p>Avec une section sportive \u00e9galement r\u00e9nov\u00e9e et un&nbsp;<em>SonntagsBlick Magazin<\/em>&nbsp;remani\u00e9, les trois sections du journal forment d\u00e9sormais une famille harmonis\u00e9e, avec une impression r\u00e9alis\u00e9e sur le m\u00eame papier. Sur le contenu, le&nbsp;<em>SonntagsBlick&nbsp;<\/em>conserve sa formule \u00e9prouv\u00e9e de journal de boulevard soign\u00e9 et de haute qualit\u00e9. Le&nbsp;<em>SonntagsBlick Magazin<\/em>&nbsp;est parvenu \u00e0 s\u2019attacher les services de nouveaux chroniqueurs passionnants et continue \u00e0 se centrer sur les th\u00e8mes utiles li\u00e9s \u00e0 la famille, le divertissement et le conseil.<\/p>\n\n\n\n<p>Christine Maier, r\u00e9dactrice en chef, \u00e0 propos de cette nouvelle pr\u00e9sentation: \u00abDans son nouveau look, le&nbsp;<em>SonntagsBlick<\/em>&nbsp;reste un journal dominical pour toute la famille. Nous restons un journal de boulevard qui va au fond des choses et transmet des \u00e9motions. Et s\u2019appuyant toujours sur un journalisme tr\u00e8s s\u00e9rieux et comp\u00e9tent.\u00bb<\/p>\n\n\n\n<p>Ce nouveau lancement est accompagn\u00e9 d\u2019une campagne marketing de grande envergure, jalonn\u00e9e de promotions dans les kiosques et d&rsquo;un spot t\u00e9l\u00e9vis\u00e9. Le nouveau&nbsp;<em>SonntagsBlick<\/em>&nbsp;sera aussi distribu\u00e9 gratuitement ce dimanche matin de 08h30 \u00e0 11h30 dans les gares de Berne, B\u00e2le, St-Gall, Zurich et Zurich-Stadelhofen.<\/p>\n\n\n\n<p>Ensemble, le&nbsp;<em>SonntagsBlick<\/em>&nbsp;et le&nbsp;<em>SonntagsBlick Magazin<\/em>&nbsp;comptent 1&rsquo;063&rsquo;000 lectrices et lecteurs sans chevauchement (MACH Basic 2014-1). Avec un lectorat s\u2019\u00e9levant actuellement \u00e0 839&rsquo;000 personnes, le&nbsp;<em>SonntagsBlick<\/em>&nbsp;reste de loin la publication dominicale la plus lue de Suisse.<\/p>\n\n\n\n<p>Communication Ringier Suisse<\/p>\n","protected":false},"excerpt":{"rendered":"<p>Dimanche prochain, la publication dominicale la plus lue de Suisse, le SonntagsBlick, para\u00eetra sous un nouveau look remani\u00e9. Sur le contenu, le journal reste fid\u00e8le \u00e0 sa formule \u00e9prouv\u00e9e, mais la mise en page a \u00e9t\u00e9 rajeunie et elle gagne en modernit\u00e9, l\u00e9g\u00e8ret\u00e9 et clart\u00e9.<\/p>\n","protected":false},"author":23,"featured_media":3140,"comment_status":"closed","ping_status":"open","sticky":false,"template":"","format":"standard","meta":{"inline_featured_image":false,"footnotes":""},"categories":[370,363],"tags":[],"class_list":["post-3141","post","type-post","status-publish","format-standard","has-post-thumbnail","hentry","category-media-fr","category-ringier-medias-suisse"],"yoast_head":"<!-- This site is optimized with the Yoast SEO Premium plugin v27.0 (Yoast SEO v27.0) - https:\/\/yoast.com\/product\/yoast-seo-premium-wordpress\/ -->\n<title>Le SonntagsBlick et le SonntagsBlick Magazin font peau neuve - Ringier<\/title>\n<meta name=\"robots\" content=\"index, follow, max-snippet:-1, max-image-preview:large, max-video-preview:-1\" \/>\n<link rel=\"canonical\" href=\"https:\/\/www.ringier.com\/fr\/le-sonntagsblick-et-le-sonntagsblick-magazin-font-peau-neuve\/\" \/>\n<meta property=\"og:locale\" content=\"fr_FR\" \/>\n<meta property=\"og:type\" content=\"article\" \/>\n<meta property=\"og:title\" content=\"Le SonntagsBlick et le SonntagsBlick Magazin font peau neuve\" \/>\n<meta property=\"og:description\" content=\"Dimanche prochain, la publication dominicale la plus lue de Suisse, le SonntagsBlick, para\u00eetra sous un nouveau look remani\u00e9. Sur le contenu, le journal reste fid\u00e8le \u00e0 sa formule \u00e9prouv\u00e9e, mais la mise en page a \u00e9t\u00e9 rajeunie et elle gagne en modernit\u00e9, l\u00e9g\u00e8ret\u00e9 et clart\u00e9.\" \/>\n<meta property=\"og:url\" content=\"https:\/\/www.ringier.com\/fr\/le-sonntagsblick-et-le-sonntagsblick-magazin-font-peau-neuve\/\" \/>\n<meta property=\"og:site_name\" content=\"Ringier\" \/>\n<meta property=\"article:publisher\" content=\"https:\/\/www.facebook.com\/ringierag\/\" \/>\n<meta property=\"article:published_time\" content=\"2014-05-09T14:03:00+00:00\" \/>\n<meta property=\"article:modified_time\" content=\"2024-11-14T05:57:12+00:00\" \/>\n<meta property=\"og:image\" content=\"https:\/\/www.ringier.com\/wp-content\/uploads\/2021\/08\/Sonntagsblick_Logo_old.jpg\" \/>\n\t<meta property=\"og:image:width\" content=\"1080\" \/>\n\t<meta property=\"og:image:height\" content=\"634\" \/>\n\t<meta property=\"og:image:type\" content=\"image\/jpeg\" \/>\n<meta name=\"author\" content=\"Ringier Corporate Communications\" \/>\n<meta name=\"twitter:card\" content=\"summary_large_image\" \/>\n<meta name=\"twitter:creator\" content=\"@ringier_ag\" \/>\n<meta name=\"twitter:site\" content=\"@ringier_ag\" \/>\n<meta name=\"twitter:label1\" content=\"\u00c9crit par\" \/>\n\t<meta name=\"twitter:data1\" content=\"Ringier Corporate Communications\" \/>\n\t<meta name=\"twitter:label2\" content=\"Dur\u00e9e de lecture estim\u00e9e\" \/>\n\t<meta name=\"twitter:data2\" content=\"2 minutes\" \/>\n<script type=\"application\/ld+json\" class=\"yoast-schema-graph\">{\"@context\":\"https:\/\/schema.org\",\"@graph\":[{\"@type\":\"Article\",\"@id\":\"https:\/\/www.ringier.com\/fr\/le-sonntagsblick-et-le-sonntagsblick-magazin-font-peau-neuve\/#article\",\"isPartOf\":{\"@id\":\"https:\/\/www.ringier.com\/fr\/le-sonntagsblick-et-le-sonntagsblick-magazin-font-peau-neuve\/\"},\"author\":{\"name\":\"Ringier Corporate Communications\",\"@id\":\"https:\/\/www.ringier.com\/fr\/#\/schema\/person\/4cf76a308dc4b2bb5121bd1e7b752e52\"},\"headline\":\"Le SonntagsBlick et le SonntagsBlick Magazin font peau neuve\",\"datePublished\":\"2014-05-09T14:03:00+00:00\",\"dateModified\":\"2024-11-14T05:57:12+00:00\",\"mainEntityOfPage\":{\"@id\":\"https:\/\/www.ringier.com\/fr\/le-sonntagsblick-et-le-sonntagsblick-magazin-font-peau-neuve\/\"},\"wordCount\":341,\"publisher\":{\"@id\":\"https:\/\/www.ringier.com\/fr\/#organization\"},\"image\":{\"@id\":\"https:\/\/www.ringier.com\/fr\/le-sonntagsblick-et-le-sonntagsblick-magazin-font-peau-neuve\/#primaryimage\"},\"thumbnailUrl\":\"https:\/\/www.ringier.com\/wp-content\/uploads\/2021\/08\/Sonntagsblick_Logo_old.jpg\",\"articleSection\":[\"Media\",\"Ringier Medias Suisse\"],\"inLanguage\":\"fr-FR\"},{\"@type\":\"WebPage\",\"@id\":\"https:\/\/www.ringier.com\/fr\/le-sonntagsblick-et-le-sonntagsblick-magazin-font-peau-neuve\/\",\"url\":\"https:\/\/www.ringier.com\/fr\/le-sonntagsblick-et-le-sonntagsblick-magazin-font-peau-neuve\/\",\"name\":\"Le SonntagsBlick et le SonntagsBlick Magazin font peau neuve - Ringier\",\"isPartOf\":{\"@id\":\"https:\/\/www.ringier.com\/fr\/#website\"},\"primaryImageOfPage\":{\"@id\":\"https:\/\/www.ringier.com\/fr\/le-sonntagsblick-et-le-sonntagsblick-magazin-font-peau-neuve\/#primaryimage\"},\"image\":{\"@id\":\"https:\/\/www.ringier.com\/fr\/le-sonntagsblick-et-le-sonntagsblick-magazin-font-peau-neuve\/#primaryimage\"},\"thumbnailUrl\":\"https:\/\/www.ringier.com\/wp-content\/uploads\/2021\/08\/Sonntagsblick_Logo_old.jpg\",\"datePublished\":\"2014-05-09T14:03:00+00:00\",\"dateModified\":\"2024-11-14T05:57:12+00:00\",\"breadcrumb\":{\"@id\":\"https:\/\/www.ringier.com\/fr\/le-sonntagsblick-et-le-sonntagsblick-magazin-font-peau-neuve\/#breadcrumb\"},\"inLanguage\":\"fr-FR\",\"potentialAction\":[{\"@type\":\"ReadAction\",\"target\":[\"https:\/\/www.ringier.com\/fr\/le-sonntagsblick-et-le-sonntagsblick-magazin-font-peau-neuve\/\"]}]},{\"@type\":\"ImageObject\",\"inLanguage\":\"fr-FR\",\"@id\":\"https:\/\/www.ringier.com\/fr\/le-sonntagsblick-et-le-sonntagsblick-magazin-font-peau-neuve\/#primaryimage\",\"url\":\"https:\/\/www.ringier.com\/wp-content\/uploads\/2021\/08\/Sonntagsblick_Logo_old.jpg\",\"contentUrl\":\"https:\/\/www.ringier.com\/wp-content\/uploads\/2021\/08\/Sonntagsblick_Logo_old.jpg\",\"width\":1080,\"height\":634},{\"@type\":\"BreadcrumbList\",\"@id\":\"https:\/\/www.ringier.com\/fr\/le-sonntagsblick-et-le-sonntagsblick-magazin-font-peau-neuve\/#breadcrumb\",\"itemListElement\":[{\"@type\":\"ListItem\",\"position\":1,\"name\":\"Home\",\"item\":\"https:\/\/www.ringier.com\/fr\/\"},{\"@type\":\"ListItem\",\"position\":2,\"name\":\"Le SonntagsBlick et le SonntagsBlick Magazin font peau neuve\"}]},{\"@type\":\"WebSite\",\"@id\":\"https:\/\/www.ringier.com\/fr\/#website\",\"url\":\"https:\/\/www.ringier.com\/fr\/\",\"name\":\"Ringier\",\"description\":\"We inform. We entertain. We connect\",\"publisher\":{\"@id\":\"https:\/\/www.ringier.com\/fr\/#organization\"},\"potentialAction\":[{\"@type\":\"SearchAction\",\"target\":{\"@type\":\"EntryPoint\",\"urlTemplate\":\"https:\/\/www.ringier.com\/fr\/?s={search_term_string}\"},\"query-input\":{\"@type\":\"PropertyValueSpecification\",\"valueRequired\":true,\"valueName\":\"search_term_string\"}}],\"inLanguage\":\"fr-FR\"},{\"@type\":\"Organization\",\"@id\":\"https:\/\/www.ringier.com\/fr\/#organization\",\"name\":\"Ringier\",\"url\":\"https:\/\/www.ringier.com\/fr\/\",\"logo\":{\"@type\":\"ImageObject\",\"inLanguage\":\"fr-FR\",\"@id\":\"https:\/\/www.ringier.com\/fr\/#\/schema\/logo\/image\/\",\"url\":\"https:\/\/www.ringier.com\/wp-content\/uploads\/2021\/10\/ringier_logo_2.jpg\",\"contentUrl\":\"https:\/\/www.ringier.com\/wp-content\/uploads\/2021\/10\/ringier_logo_2.jpg\",\"width\":750,\"height\":550,\"caption\":\"Ringier\"},\"image\":{\"@id\":\"https:\/\/www.ringier.com\/fr\/#\/schema\/logo\/image\/\"},\"sameAs\":[\"https:\/\/www.facebook.com\/ringierag\/\",\"https:\/\/x.com\/ringier_ag\",\"https:\/\/www.instagram.com\/ringier_ag\/\",\"https:\/\/www.linkedin.com\/company\/ringier\/\",\"https:\/\/www.youtube.com\/user\/RingierComm\",\"https:\/\/en.wikipedia.org\/wiki\/Ringier\",\"https:\/\/de.wikipedia.org\/wiki\/Ringier\",\"https:\/\/fr.wikipedia.org\/wiki\/Ringier\",\"https:\/\/www.crunchbase.com\/organization\/ringier-ag\"]},{\"@type\":\"Person\",\"@id\":\"https:\/\/www.ringier.com\/fr\/#\/schema\/person\/4cf76a308dc4b2bb5121bd1e7b752e52\",\"name\":\"Ringier Corporate Communications\",\"image\":{\"@type\":\"ImageObject\",\"inLanguage\":\"fr-FR\",\"@id\":\"https:\/\/www.ringier.com\/fr\/#\/schema\/person\/image\/\",\"url\":\"https:\/\/secure.gravatar.com\/avatar\/9391e20481368d5df4fe3e1e476c13b27786347489822ec1ed07e532bb41f587?s=96&d=mm&r=g\",\"contentUrl\":\"https:\/\/secure.gravatar.com\/avatar\/9391e20481368d5df4fe3e1e476c13b27786347489822ec1ed07e532bb41f587?s=96&d=mm&r=g\",\"caption\":\"Ringier Corporate Communications\"},\"sameAs\":[\"https:\/\/www.ringier.com\"]}]}<\/script>\n<!-- \/ Yoast SEO Premium plugin. -->","yoast_head_json":{"title":"Le SonntagsBlick et le SonntagsBlick Magazin font peau neuve - Ringier","robots":{"index":"index","follow":"follow","max-snippet":"max-snippet:-1","max-image-preview":"max-image-preview:large","max-video-preview":"max-video-preview:-1"},"canonical":"https:\/\/www.ringier.com\/fr\/le-sonntagsblick-et-le-sonntagsblick-magazin-font-peau-neuve\/","og_locale":"fr_FR","og_type":"article","og_title":"Le SonntagsBlick et le SonntagsBlick Magazin font peau neuve","og_description":"Dimanche prochain, la publication dominicale la plus lue de Suisse, le SonntagsBlick, para\u00eetra sous un nouveau look remani\u00e9. Sur le contenu, le journal reste fid\u00e8le \u00e0 sa formule \u00e9prouv\u00e9e, mais la mise en page a \u00e9t\u00e9 rajeunie et elle gagne en modernit\u00e9, l\u00e9g\u00e8ret\u00e9 et clart\u00e9.","og_url":"https:\/\/www.ringier.com\/fr\/le-sonntagsblick-et-le-sonntagsblick-magazin-font-peau-neuve\/","og_site_name":"Ringier","article_publisher":"https:\/\/www.facebook.com\/ringierag\/","article_published_time":"2014-05-09T14:03:00+00:00","article_modified_time":"2024-11-14T05:57:12+00:00","og_image":[{"width":1080,"height":634,"url":"https:\/\/www.ringier.com\/wp-content\/uploads\/2021\/08\/Sonntagsblick_Logo_old.jpg","type":"image\/jpeg"}],"author":"Ringier Corporate Communications","twitter_card":"summary_large_image","twitter_creator":"@ringier_ag","twitter_site":"@ringier_ag","twitter_misc":{"\u00c9crit par":"Ringier Corporate Communications","Dur\u00e9e de lecture estim\u00e9e":"2 minutes"},"schema":{"@context":"https:\/\/schema.org","@graph":[{"@type":"Article","@id":"https:\/\/www.ringier.com\/fr\/le-sonntagsblick-et-le-sonntagsblick-magazin-font-peau-neuve\/#article","isPartOf":{"@id":"https:\/\/www.ringier.com\/fr\/le-sonntagsblick-et-le-sonntagsblick-magazin-font-peau-neuve\/"},"author":{"name":"Ringier Corporate Communications","@id":"https:\/\/www.ringier.com\/fr\/#\/schema\/person\/4cf76a308dc4b2bb5121bd1e7b752e52"},"headline":"Le SonntagsBlick et le SonntagsBlick Magazin font peau neuve","datePublished":"2014-05-09T14:03:00+00:00","dateModified":"2024-11-14T05:57:12+00:00","mainEntityOfPage":{"@id":"https:\/\/www.ringier.com\/fr\/le-sonntagsblick-et-le-sonntagsblick-magazin-font-peau-neuve\/"},"wordCount":341,"publisher":{"@id":"https:\/\/www.ringier.com\/fr\/#organization"},"image":{"@id":"https:\/\/www.ringier.com\/fr\/le-sonntagsblick-et-le-sonntagsblick-magazin-font-peau-neuve\/#primaryimage"},"thumbnailUrl":"https:\/\/www.ringier.com\/wp-content\/uploads\/2021\/08\/Sonntagsblick_Logo_old.jpg","articleSection":["Media","Ringier Medias Suisse"],"inLanguage":"fr-FR"},{"@type":"WebPage","@id":"https:\/\/www.ringier.com\/fr\/le-sonntagsblick-et-le-sonntagsblick-magazin-font-peau-neuve\/","url":"https:\/\/www.ringier.com\/fr\/le-sonntagsblick-et-le-sonntagsblick-magazin-font-peau-neuve\/","name":"Le SonntagsBlick et le SonntagsBlick Magazin font peau neuve - Ringier","isPartOf":{"@id":"https:\/\/www.ringier.com\/fr\/#website"},"primaryImageOfPage":{"@id":"https:\/\/www.ringier.com\/fr\/le-sonntagsblick-et-le-sonntagsblick-magazin-font-peau-neuve\/#primaryimage"},"image":{"@id":"https:\/\/www.ringier.com\/fr\/le-sonntagsblick-et-le-sonntagsblick-magazin-font-peau-neuve\/#primaryimage"},"thumbnailUrl":"https:\/\/www.ringier.com\/wp-content\/uploads\/2021\/08\/Sonntagsblick_Logo_old.jpg","datePublished":"2014-05-09T14:03:00+00:00","dateModified":"2024-11-14T05:57:12+00:00","breadcrumb":{"@id":"https:\/\/www.ringier.com\/fr\/le-sonntagsblick-et-le-sonntagsblick-magazin-font-peau-neuve\/#breadcrumb"},"inLanguage":"fr-FR","potentialAction":[{"@type":"ReadAction","target":["https:\/\/www.ringier.com\/fr\/le-sonntagsblick-et-le-sonntagsblick-magazin-font-peau-neuve\/"]}]},{"@type":"ImageObject","inLanguage":"fr-FR","@id":"https:\/\/www.ringier.com\/fr\/le-sonntagsblick-et-le-sonntagsblick-magazin-font-peau-neuve\/#primaryimage","url":"https:\/\/www.ringier.com\/wp-content\/uploads\/2021\/08\/Sonntagsblick_Logo_old.jpg","contentUrl":"https:\/\/www.ringier.com\/wp-content\/uploads\/2021\/08\/Sonntagsblick_Logo_old.jpg","width":1080,"height":634},{"@type":"BreadcrumbList","@id":"https:\/\/www.ringier.com\/fr\/le-sonntagsblick-et-le-sonntagsblick-magazin-font-peau-neuve\/#breadcrumb","itemListElement":[{"@type":"ListItem","position":1,"name":"Home","item":"https:\/\/www.ringier.com\/fr\/"},{"@type":"ListItem","position":2,"name":"Le SonntagsBlick et le SonntagsBlick Magazin font peau neuve"}]},{"@type":"WebSite","@id":"https:\/\/www.ringier.com\/fr\/#website","url":"https:\/\/www.ringier.com\/fr\/","name":"Ringier","description":"We inform. We entertain. We connect","publisher":{"@id":"https:\/\/www.ringier.com\/fr\/#organization"},"potentialAction":[{"@type":"SearchAction","target":{"@type":"EntryPoint","urlTemplate":"https:\/\/www.ringier.com\/fr\/?s={search_term_string}"},"query-input":{"@type":"PropertyValueSpecification","valueRequired":true,"valueName":"search_term_string"}}],"inLanguage":"fr-FR"},{"@type":"Organization","@id":"https:\/\/www.ringier.com\/fr\/#organization","name":"Ringier","url":"https:\/\/www.ringier.com\/fr\/","logo":{"@type":"ImageObject","inLanguage":"fr-FR","@id":"https:\/\/www.ringier.com\/fr\/#\/schema\/logo\/image\/","url":"https:\/\/www.ringier.com\/wp-content\/uploads\/2021\/10\/ringier_logo_2.jpg","contentUrl":"https:\/\/www.ringier.com\/wp-content\/uploads\/2021\/10\/ringier_logo_2.jpg","width":750,"height":550,"caption":"Ringier"},"image":{"@id":"https:\/\/www.ringier.com\/fr\/#\/schema\/logo\/image\/"},"sameAs":["https:\/\/www.facebook.com\/ringierag\/","https:\/\/x.com\/ringier_ag","https:\/\/www.instagram.com\/ringier_ag\/","https:\/\/www.linkedin.com\/company\/ringier\/","https:\/\/www.youtube.com\/user\/RingierComm","https:\/\/en.wikipedia.org\/wiki\/Ringier","https:\/\/de.wikipedia.org\/wiki\/Ringier","https:\/\/fr.wikipedia.org\/wiki\/Ringier","https:\/\/www.crunchbase.com\/organization\/ringier-ag"]},{"@type":"Person","@id":"https:\/\/www.ringier.com\/fr\/#\/schema\/person\/4cf76a308dc4b2bb5121bd1e7b752e52","name":"Ringier Corporate Communications","image":{"@type":"ImageObject","inLanguage":"fr-FR","@id":"https:\/\/www.ringier.com\/fr\/#\/schema\/person\/image\/","url":"https:\/\/secure.gravatar.com\/avatar\/9391e20481368d5df4fe3e1e476c13b27786347489822ec1ed07e532bb41f587?s=96&d=mm&r=g","contentUrl":"https:\/\/secure.gravatar.com\/avatar\/9391e20481368d5df4fe3e1e476c13b27786347489822ec1ed07e532bb41f587?s=96&d=mm&r=g","caption":"Ringier Corporate Communications"},"sameAs":["https:\/\/www.ringier.com"]}]}},"_links":{"self":[{"href":"https:\/\/www.ringier.com\/fr\/wp-json\/wp\/v2\/posts\/3141","targetHints":{"allow":["GET"]}}],"collection":[{"href":"https:\/\/www.ringier.com\/fr\/wp-json\/wp\/v2\/posts"}],"about":[{"href":"https:\/\/www.ringier.com\/fr\/wp-json\/wp\/v2\/types\/post"}],"author":[{"embeddable":true,"href":"https:\/\/www.ringier.com\/fr\/wp-json\/wp\/v2\/users\/23"}],"replies":[{"embeddable":true,"href":"https:\/\/www.ringier.com\/fr\/wp-json\/wp\/v2\/comments?post=3141"}],"version-history":[{"count":0,"href":"https:\/\/www.ringier.com\/fr\/wp-json\/wp\/v2\/posts\/3141\/revisions"}],"wp:featuredmedia":[{"embeddable":true,"href":"https:\/\/www.ringier.com\/fr\/wp-json\/wp\/v2\/media\/3140"}],"wp:attachment":[{"href":"https:\/\/www.ringier.com\/fr\/wp-json\/wp\/v2\/media?parent=3141"}],"wp:term":[{"taxonomy":"category","embeddable":true,"href":"https:\/\/www.ringier.com\/fr\/wp-json\/wp\/v2\/categories?post=3141"},{"taxonomy":"post_tag","embeddable":true,"href":"https:\/\/www.ringier.com\/fr\/wp-json\/wp\/v2\/tags?post=3141"}],"curies":[{"name":"wp","href":"https:\/\/api.w.org\/{rel}","templated":true}]}}