{"id":3073,"date":"2014-10-24T14:05:00","date_gmt":"2014-10-24T12:05:00","guid":{"rendered":"https:\/\/www.ringier.com\/altiplano-38-mm-900p-von-piaget-uhr-des-jahres-2014\/"},"modified":"2025-06-27T16:21:53","modified_gmt":"2025-06-27T14:21:53","slug":"altiplano-38-mm-900p-de-piaget-montre-de-lannee-2014","status":"publish","type":"post","link":"https:\/\/www.ringier.com\/fr\/altiplano-38-mm-900p-de-piaget-montre-de-lannee-2014\/","title":{"rendered":"Altiplano 38 mm 900P de Piaget Montre de l\u2019Ann\u00e9e 2014"},"content":{"rendered":"\n<p>Le palmar\u00e8s est:<\/p>\n\n\n\n<p><strong>1er Prix du Jury Montre de l\u2019Ann\u00e9e 2014:<\/strong><br>Piaget \u2013 Altiplano 38 mm 900P<\/p>\n\n\n\n<p><strong>2e Prix du Jury:<\/strong><br>H. Moser &amp; Cie \u2013 Venturer Small Seconds<\/p>\n\n\n\n<p><strong>3e Prix du Jury:<\/strong><br>Bulgari \u2013 Octo Finissimo<\/p>\n\n\n\n<p><strong>Montre Dame de l\u2019Ann\u00e9e:<\/strong><br>F.P. Journe \u2013 El\u00e9gante<\/p>\n\n\n\n<p><strong>Prix Sp\u00e9cial du Jury:&nbsp;<\/strong>Non attribu\u00e9<\/p>\n\n\n\n<p>Comme chaque ann\u00e9e depuis vingt et un ans et la cr\u00e9ation du prix, le public a \u00e9galement \u00e9lu sa montre pr\u00e9f\u00e9r\u00e9e lors d\u2019un vote en ligne sur un site d\u00e9di\u00e9 pendant trois semaines. Au d\u00e9compte de plusieurs milliers de voix, il a choisi:<\/p>\n\n\n\n<p><strong>Prix du Public:&nbsp;<\/strong>Breitling \u2013 Navitimer GMT Prix et troph\u00e9es ont \u00e9t\u00e9 remis aux repr\u00e9sentants des marques et manufactures laur\u00e9ates lors d\u2019une c\u00e9r\u00e9monie qui s\u2019est d\u00e9roul\u00e9e le 24 octobre 2014 \u00e0 Gen\u00e8ve devant plus de 500 personnalit\u00e9s du monde horloger.<\/p>\n\n\n\n<p>Avec ses 3,65 mm d\u2019\u00e9paisseur \u2013 record mondial de finesse pour une montre m\u00e9canique \u00e0 remontage manuel \u2013,&nbsp;<strong>l\u2019Altiplano 900P de Piaget&nbsp;<\/strong>a s\u00e9duit tant par son esth\u00e9tique que par sa conception. Le mouvement invers\u00e9, le fond usin\u00e9 en guise de platine ainsi que le cadran excentr\u00e9 log\u00e9 sous le niveau des ponts apparents ont particuli\u00e8rement plu aux membres du jury. \u00abLa technique est le design\u00bb, a-t-on entendu, tout comme: \u00abC\u2019est de loin la montre qui m\u2019a le plus plu!\u00bb En 2013 d\u00e9j\u00e0, Piaget avait re\u00e7u le Prix Montre de l\u2019Ann\u00e9e pour son mod\u00e8le Altiplano Date. Loin d\u2019h\u00e9siter \u00e0 donner deux fois de suite la r\u00e9compense supr\u00eame \u00e0 la m\u00eame maison, le jury assume pleinement: \u00abPiaget est une des marques les plus innovantes actuellement. Avec cette pi\u00e8ce, elle est all\u00e9e artistiquement plus loin encore que l\u2019an dernier.\u00bb<\/p>\n\n\n\n<p>C\u2019est la forme et la sobri\u00e9t\u00e9 qui ont retenu l\u2019attention chez la&nbsp;<strong>Venturer Small Seconds de H. Moser &amp; Cie<\/strong>. Son verre galb\u00e9, sa lunette tr\u00e8s large, le cadran bomb\u00e9 ainsi que les lignes \u00e9chancr\u00e9es de la carrure font prendre conscience de tout le travail esth\u00e9tique effectu\u00e9. Cette montre qui se regarde autant avec les yeux qu\u2019avec les mains est d\u00e9crite comme ayant \u00abdu sexe-appeal\u00bb et comme \u00e9tant \u00abl\u2019\u00e9l\u00e9gance au masculin\u00bb. \u00abCette pi\u00e8ce est tellement intemporelle qu\u2019on a l\u2019impression de la voir depuis longtemps, avec toutefois ce sentiment d\u2019avoir quelque chose de totalement nouveau entre les mains\u00bb, a soulign\u00e9 un jur\u00e9.<\/p>\n\n\n\n<p>Une future ic\u00f4ne\u00bb: c\u2019est ainsi que le jury voit la&nbsp;<strong>Bulgari Octo Finissimo<\/strong>! Son design facett\u00e9 tr\u00e8s audacieux a suscit\u00e9 beaucoup de r\u00e9actions: ont \u00e9t\u00e9 salu\u00e9s \u00abla belle uniformit\u00e9\u00bb, \u00able cadran tr\u00e8s pur\u00bb ainsi que \u00able courage\u00bb de la marque qui, pour ce mod\u00e8le, n\u2019est partie de rien d\u2019existant. \u00abNous ne serions pas \u00e9tonn\u00e9s que cette montre devienne un nouveau classique\u00bb, r\u00e9sume un membre.<\/p>\n\n\n\n<p>Depuis 1994, le&nbsp;<strong>Prix Montre de l\u2019Ann\u00e9e&nbsp;<\/strong>a pour but de promouvoir les meilleures cr\u00e9ations horlog\u00e8res de l\u2019ann\u00e9e, du point de vue tant technique qu\u2019esth\u00e9tique. Le prix a \u00e9t\u00e9 cr\u00e9\u00e9 par le magazine&nbsp;<em>Montres Passion<\/em>, publi\u00e9 en fran\u00e7ais et en allemand par Ringier Romandie. Ce magazine de r\u00e9f\u00e9rence, ambassadeur de la montre suisse de qualit\u00e9, a pour vocation de contribuer au d\u00e9veloppement de la culture horlog\u00e8re.<\/p>\n\n\n\n<p><strong><em>Contact:<\/em><\/strong><br><em>Fabrice Eschmann<br>R\u00e9dacteur en chef de Montres Passion<br>Ringier, Pont Bessi\u00e8res 3, CP 7289, CH-1002 Lausanne<br>T\u00e9l\u00e9phone: +41 21 331 77 80 T\u00e9l\u00e9fax: +41 21 331 70 01<br>E-mail: fabrice.eschmann@ringier.ch<\/em><\/p>\n\n\n\n<p>* * * * * * * * * * * *<\/p>\n\n\n\n<p><strong>PRIX DE LA CAMPAGNE HORLOG\u00c8RE DE L&rsquo;ANN\u00c9E 2014<\/strong><\/p>\n\n\n\n<p><strong>Chanel, TAG Heuer, Baume &amp; Mercier<\/strong>&nbsp;remportent le Prix de la Campagne Horlog\u00e8re de l\u2019Ann\u00e9e 2014<\/p>\n\n\n\n<p>Le Prix de la Campagne Horlog\u00e8re de l\u2019Ann\u00e9e a pour vocation de primer la cr\u00e9ation, l\u2019esprit d\u2019innovation, l\u2019esth\u00e9tisme et la qualit\u00e9 des campagnes publicitaires cr\u00e9\u00e9es par l\u2019industrie horlog\u00e8re. Le jury a enregistr\u00e9, cette ann\u00e9e, un nombre record de campagnes et de visuels inscrits, d\u00e9montrant ainsi l\u2019\u00e9volution permanente, la qualit\u00e9 et la richesse de la cr\u00e9ativit\u00e9 publicitaire des marques.<\/p>\n\n\n\n<p>Les campagnes ont \u00e9t\u00e9 soumises au vote du jury, qui a d\u00e9termin\u00e9 son choix lors de sa session qui s\u2019est tenue \u00e0 Lausanne le 8 octobre, ainsi qu\u2019au vote du public qui, au travers de plusieurs milliers de r\u00e9pondants, a exprim\u00e9 son choix via le site&nbsp;<em><a href=\"http:\/\/www.montrespassion.ch\/\">www.montrespassion.ch<\/a><\/em>.<\/p>\n\n\n\n<p>C\u2019est au cours de la soir\u00e9e de la Montre de l\u2019Ann\u00e9e, qui s\u2019est d\u00e9roul\u00e9e le vendredi 24 octobre 2014 devant quelque 500 personnalit\u00e9s du monde de l\u2019horlogerie et de la communication, que les Prix de la Campagne Horlog\u00e8re de l\u2019Ann\u00e9e ont \u00e9t\u00e9 remis.<\/p>\n\n\n\n<p>Dans la cat\u00e9gorie Print\/Affichage, le Prix de la Campagne Horlog\u00e8re de l\u2019Ann\u00e9e a \u00e9t\u00e9 d\u00e9cern\u00e9 par le jury \u00e0 la campagne de la marque&nbsp;<strong>CHANEL \u00abL\u2019instant CHANEL<\/strong><strong>\u00bb.<\/strong>&nbsp;Dans son choix, le jury a notamment relev\u00e9 la coh\u00e9rence entre l\u2019id\u00e9e cr\u00e9ative, la r\u00e9alisation et l\u2019ex\u00e9cution, la r\u00e9ussite esth\u00e9tique ainsi que la grande lisibilit\u00e9 des visuels. Une campagne moderne, d\u2019une grande puret\u00e9 qui exploite, retranscrit et d\u00e9cline parfaitement, pour sa division horlog\u00e8re, les \u00e9l\u00e9ments iconiques de la marque.<\/p>\n\n\n\n<p>Le choix du jury pour le Prix de la Campagne Horlog\u00e8re de l\u2019Ann\u00e9e cat\u00e9gorie Film &amp; Cyber s\u2019est port\u00e9 sur le film&nbsp;<strong>\u00abDon\u2019t crack under pressure\u00bb<\/strong>&nbsp;de la marque&nbsp;<strong>TAG HEUER<\/strong>&nbsp;, pour la force du message, l\u2019univers exploit\u00e9, sa fid\u00e9lit\u00e9 aux ic\u00f4nes du pr\u00e9sent et du pass\u00e9 ainsi qu\u2019\u00e0 l\u2019h\u00e9ritage de la marque.<\/p>\n\n\n\n<p>Dans ses d\u00e9lib\u00e9rations, le jury a souhait\u00e9 attribuer deux Prix Mention Sp\u00e9ciale dans la cat\u00e9gorie Print\/Affichage pour la campagne&nbsp;<strong>\u00ab2014\u00bb<\/strong>&nbsp;de la marque&nbsp;<strong>BELL &amp; ROSS<\/strong>&nbsp;et dans la cat\u00e9gorie Film &amp; Cyber pour la campagne&nbsp;<strong>\u00abMovie Scenes\u00bb<\/strong>&nbsp;de la marque&nbsp;<strong>RJ ROMAIN JEROME<\/strong>.<\/p>\n\n\n\n<p>Le Prix du Public a \u00e9t\u00e9 d\u00e9cern\u00e9 par les internautes \u00e0 la marque&nbsp;<strong>BAUME &amp; MERCIER<\/strong>&nbsp;pour sa campagne&nbsp;<strong>\u00abLife is about moments\u00bb<\/strong>.<\/p>\n\n\n\n<p><strong>Membres du jury<\/strong><\/p>\n\n\n\n<p>Victoria Marchand<br>R\u00e9dactrice en chef, Cominmag<\/p>\n\n\n\n<p>Claude Miffon<br>Vice-pr\u00e9sident, Publicit\u00e9 Suisse<\/p>\n\n\n\n<p>Olivier Bailly<br>Pr\u00e9sident du GREM et directeur d\u2019ECS Conseil SA<\/p>\n\n\n\n<p>David Sadigh<br>Unit Manager, Digital Luxury Group, DLG SA<\/p>\n\n\n\n<p>R\u00e9gis Colombo<br>Pr\u00e9sident de l\u2019USPP, Union suisse des photographes professionnels<\/p>\n\n\n\n<p>C\u00e9dric Gachet<br>Artiste free-lance<\/p>\n\n\n\n<p>Yannick Chevailler<br>Directeur Suisse romande, SAWI<\/p>\n\n\n\n<p><em><strong>Renseignements:<\/strong><br><br>Sandrine Boehm<br>Responsable Campagne Horlog\u00e8re<br>E-mail: campagnehorlogere@ringier.ch,<br>t\u00e9l\u00e9phone: + 41 79 229 31 56<\/em><\/p>\n\n\n<div id=\"gutenslider-dk9hwo0wk\" class=\"wp-block-eedee-block-gutenslider gs-frontend content-change alignnone arrow-style-1 arrow-position-sides arrow-mb-none arrows-lg arrows-md arrows-sm dot-style-1 dots-lg dots-md dots-sm dot-position-bottom is-position-center-center mb-none wrap-auto-height\" data-parallax-direction=\"down\" data-parallax-amount=\"1.3\" data-lg-transition=\"lg-slide\" data-hash=\"\" ><div class=\"eedee-swiper-outer\" style=\"--gutenslider-min-height: 50vh;--gutenslider-arrow-size: 30px;--gutenslider-dot-size: 25px;--gutenslider-arrow-color: #ffffff;--gutenslider-dot-color: #ffffff;--gutenslider-padding-y-mobile: 40px;--gutenslider-padding-x-mobile: 40px;--gutenslider-padding-y-tablet: 40px;--gutenslider-padding-x-tablet: 40px;--gutenslider-padding-y-desktop: 40px;--gutenslider-padding-x-desktop: 40px;--gutenslider-bg-image: url();--gutenslider-min-height-md: 50vh;--gutenslider-min-height-sm: 50vh;--gutenslider-padding-x: 40px;--gutenslider-padding-x-md: 40px;--gutenslider-padding-x-sm: 20px;--gutenslider-padding-y: 40px;--gutenslider-padding-y-md: 40px;--gutenslider-padding-y-sm: 20px;--gutenslider-arrow-size-md: 30px;--gutenslider-arrow-size-sm: 30px;--gutenslider-dot-size-md: 25px;--gutenslider-dot-size-sm: 25px;--gutenslider-arrow-bg-color: transparent;--gutenslider-arrow-hover-color: #eeeeee;--gutenslider-arrow-bg-hover-color: transparent;--gutenslider-arrow-x-offset: 10px;--gutenslider-arrow-x-offset-md: 10px;--gutenslider-arrow-x-offset-sm: 10px;--gutenslider-arrow-y-offset: 0px;--gutenslider-arrow-y-offset-md: 0px;--gutenslider-arrow-y-offset-sm: 0px;--gutenslider-arrow-x-spacing: 0px;--gutenslider-dot-y-offset: 10px;--gutenslider-dot-y-offset-md: 10px;--gutenslider-dot-y-offset-sm: 10px;--gutenslider-margin-x: 0px;--gutenslider-margin-x-md: 0px;--gutenslider-margin-x-sm: 0px;--gutenslider-margin-y: 0px;--gutenslider-margin-y-md: 0px;--gutenslider-margin-y-sm: 0px;--gutenslider-divider-top: 60px;--gutenslider-divider-bottom: 60px;--gutenslider-lightgallery-bg: #ffffff;--gutenslider-lightgallery-font: #000000;--gs-first-pos: 50% 50%;--gs-gap-vertical: var( --wp--style--gallery-gap-default, var( --gallery-block--gutter-size, var( --wp--style--block-gap, 0.5em ) ) );--gs-gap-horizontal: var( --wp--style--gallery-gap-default, var( --gallery-block--gutter-size, var( --wp--style--block-gap, 0.5em ) ) );\"><div class=\"gutenslider-divider-top\" style=\"color:#fff;\"><\/div><div class=\"swiper\" data-settings='{\"autoplay\":{\"delay\":3000,\"pauseOnMouseEnter\":true,\"disableOnInteraction\":false},\"speed\":700,\"direction\":\"horizontal\",\"autoHeight\":\"\",\"loop\":true,\"centeredSlides\":true,\"spaceBetween\":0,\"slidesPerView\":1,\"slidesPerGroup\":1,\"effect\":\"slide\",\"coverflowEffect\":{\"rotate\":30,\"slideShadows\":false,\"depth\":100,\"stretch\":50,\"modifier\":1},\"fadeEffect\":{\"crossFade\":true},\"zoom\":\"\",\"navigation\":{\"nextEl\":\"#gutenslider-dk9hwo0wk .eedee-gutenslider-next\",\"prevEl\":\"#gutenslider-dk9hwo0wk .eedee-gutenslider-prev\"},\"pagination\":{\"type\":\"bullets\",\"clickable\":true,\"dynamicBullets\":false,\"el\":\"#gutenslider-dk9hwo0wk .eedee-gutenslider-pagination\"},\"pauseOnHover\":\"1\",\"watchSlidesProgress\":true,\"watchSlidesVisibility\":true,\"settingsMd\":{\"autoHeight\":\"\",\"slidesPerView\":1,\"slidesPerGroup\":1,\"spaceBetween\":0,\"loop\":true},\"settingsLg\":{\"autoHeight\":\"\",\"slidesPerView\":1,\"slidesPerGroup\":1,\"spaceBetween\":0,\"loop\":true},\"hasLg\":false,\"hasLgCounter\":true,\"isFullScreen\":false,\"arrowsFollowMouse\":false,\"lgTitle\":\"none\",\"lgCaption\":\"none\",\"lgThumbnails\":true,\"lgZoomEnabled\":false,\"keyboard\":{\"keyboard\":{\"enabled\":true,\"onlyInViewport\":true}},\"hashNavigation\":false,\"dividers\":false}'><div class=\"swiper-wrapper\">\n<div class=\"swiper-slide wp-block-eedee-block-gutenslide is-position-center-center ed-bg-image\" style=\"--ed-vw:300;--ed-vh:200;\" data-hash=\"\"><div class=\"eedee-background-div bg-image\"><img loading=\"lazy\" width=\"750\" height=\"500\" class=\"wp-image-3052\" src=\"https:\/\/www.ringier.com\/wp-content\/uploads\/2021\/08\/Montre-de-lannee_Logo_2014.jpg\" alt=\"\" decoding=\"async\" style=\"object-fit: cover; object-position: 50% 50%;\"  data-title=\"MA_logo_2014\" srcset=\"https:\/\/www.ringier.com\/wp-content\/uploads\/2021\/08\/Montre-de-lannee_Logo_2014.jpg 750w, https:\/\/www.ringier.com\/wp-content\/uploads\/2021\/08\/Montre-de-lannee_Logo_2014-300x200.jpg 300w\" sizes=\"auto, (max-width: 750px) 100vw, 750px\" \/><div class=\"eedee-background-div__overlay\" style=\"opacity:1;\"><\/div><\/div><div class=\"slide-content\">\n\n<p class=\"has-text-align-center gutenslider-content-initial has-larger-font-size\"><\/p>\n\n<\/div><\/div>\n\n<div class=\"swiper-slide wp-block-eedee-block-gutenslide is-position-center-center ed-bg-image\" style=\"--ed-vw:300;--ed-vh:200;\" data-hash=\"\"><div class=\"eedee-background-div bg-image\"><img loading=\"lazy\" width=\"750\" height=\"500\" class=\"wp-image-3049\" src=\"https:\/\/www.ringier.com\/wp-content\/uploads\/2021\/08\/Piaget_1-Price_Watch-of-the-year_201410.jpg\" alt=\"\" decoding=\"async\" style=\"object-fit: cover; object-position: 50% 50%;\"  data-title=\"Piaget_1-Price_Watch-of-the-year_201410\" srcset=\"https:\/\/www.ringier.com\/wp-content\/uploads\/2021\/08\/Piaget_1-Price_Watch-of-the-year_201410.jpg 750w, https:\/\/www.ringier.com\/wp-content\/uploads\/2021\/08\/Piaget_1-Price_Watch-of-the-year_201410-300x200.jpg 300w\" sizes=\"auto, (max-width: 750px) 100vw, 750px\" \/><div class=\"eedee-background-div__overlay\" style=\"opacity:1;\"><\/div><\/div><div class=\"slide-content\">\n\n<p class=\"has-text-align-center gutenslider-content-initial has-larger-font-size\"><\/p>\n\n<\/div><\/div>\n\n<div class=\"swiper-slide wp-block-eedee-block-gutenslide is-position-center-center ed-bg-image\" style=\"--ed-vw:300;--ed-vh:200;\" data-hash=\"\"><div class=\"eedee-background-div bg-image\"><img loading=\"lazy\" width=\"750\" height=\"500\" class=\"wp-image-3067\" src=\"https:\/\/www.ringier.com\/wp-content\/uploads\/2021\/08\/Moster-et-Cie_2-Price_Watch-of-the-year_201410.jpg\" alt=\"\" decoding=\"async\" style=\"object-fit: cover; object-position: 50% 50%;\"  data-title=\"Moster-et-Cie_2-Price_Watch-of-the-year_201410\" srcset=\"https:\/\/www.ringier.com\/wp-content\/uploads\/2021\/08\/Moster-et-Cie_2-Price_Watch-of-the-year_201410.jpg 750w, https:\/\/www.ringier.com\/wp-content\/uploads\/2021\/08\/Moster-et-Cie_2-Price_Watch-of-the-year_201410-300x200.jpg 300w\" sizes=\"auto, (max-width: 750px) 100vw, 750px\" \/><div class=\"eedee-background-div__overlay\" style=\"opacity:1;\"><\/div><\/div><div class=\"slide-content\">\n\n<p class=\"has-text-align-center gutenslider-content-initial has-larger-font-size\"><\/p>\n\n<\/div><\/div>\n\n<div class=\"swiper-slide wp-block-eedee-block-gutenslide is-position-center-center ed-bg-image\" style=\"--ed-vw:300;--ed-vh:200;\" data-hash=\"\"><div class=\"eedee-background-div bg-image\"><img loading=\"lazy\" width=\"750\" height=\"500\" class=\"wp-image-3058\" src=\"https:\/\/www.ringier.com\/wp-content\/uploads\/2021\/08\/Bulgari_3-Price_Watch-of-the-year_201410.jpg\" alt=\"\" decoding=\"async\" style=\"object-fit: cover; object-position: 50% 50%;\"  data-title=\"Bulgari_3-Price_Watch-of-the-year_201410\" srcset=\"https:\/\/www.ringier.com\/wp-content\/uploads\/2021\/08\/Bulgari_3-Price_Watch-of-the-year_201410.jpg 750w, https:\/\/www.ringier.com\/wp-content\/uploads\/2021\/08\/Bulgari_3-Price_Watch-of-the-year_201410-300x200.jpg 300w\" sizes=\"auto, (max-width: 750px) 100vw, 750px\" \/><div class=\"eedee-background-div__overlay\" style=\"opacity:1;\"><\/div><\/div><div class=\"slide-content\">\n\n<p class=\"has-text-align-center gutenslider-content-initial has-larger-font-size\"><\/p>\n\n<\/div><\/div>\n\n<div class=\"swiper-slide wp-block-eedee-block-gutenslide is-position-center-center ed-bg-image\" style=\"--ed-vw:300;--ed-vh:200;\" data-hash=\"\"><div class=\"eedee-background-div bg-image\"><img loading=\"lazy\" width=\"750\" height=\"500\" class=\"wp-image-3064\" src=\"https:\/\/www.ringier.com\/wp-content\/uploads\/2021\/08\/FP-Journe_Ladies-watch_Watch-of-the-year_201410.jpg\" alt=\"\" decoding=\"async\" style=\"object-fit: cover; object-position: 50% 50%;\"  data-title=\"FP-Journe_Ladies-watch_Watch-of-the-year_201410\" srcset=\"https:\/\/www.ringier.com\/wp-content\/uploads\/2021\/08\/FP-Journe_Ladies-watch_Watch-of-the-year_201410.jpg 750w, https:\/\/www.ringier.com\/wp-content\/uploads\/2021\/08\/FP-Journe_Ladies-watch_Watch-of-the-year_201410-300x200.jpg 300w\" sizes=\"auto, (max-width: 750px) 100vw, 750px\" \/><div class=\"eedee-background-div__overlay\" style=\"opacity:1;\"><\/div><\/div><div class=\"slide-content\">\n\n<p><\/p>\n\n<\/div><\/div>\n\n<div class=\"swiper-slide wp-block-eedee-block-gutenslide is-position-center-center ed-bg-image\" style=\"--ed-vw:300;--ed-vh:200;\" data-hash=\"\"><div class=\"eedee-background-div bg-image\"><img loading=\"lazy\" width=\"750\" height=\"500\" class=\"wp-image-3061\" src=\"https:\/\/www.ringier.com\/wp-content\/uploads\/2021\/08\/Breitling_Special-Jury-Price_Watch-of-the-year_201410.jpg\" alt=\"\" decoding=\"async\" style=\"object-fit: cover; object-position: 50% 50%;\"  data-title=\"Breitling_Special-Jury-Price_Watch-of-the-year_201410\" srcset=\"https:\/\/www.ringier.com\/wp-content\/uploads\/2021\/08\/Breitling_Special-Jury-Price_Watch-of-the-year_201410.jpg 750w, https:\/\/www.ringier.com\/wp-content\/uploads\/2021\/08\/Breitling_Special-Jury-Price_Watch-of-the-year_201410-300x200.jpg 300w\" sizes=\"auto, (max-width: 750px) 100vw, 750px\" \/><div class=\"eedee-background-div__overlay\" style=\"opacity:1;\"><\/div><\/div><div class=\"slide-content\">\n\n<p><\/p>\n\n<\/div><\/div>\n\n<div class=\"swiper-slide wp-block-eedee-block-gutenslide is-position-center-center ed-bg-image\" style=\"--ed-vw:300;--ed-vh:200;\" data-hash=\"\"><div class=\"eedee-background-div bg-image\"><img loading=\"lazy\" width=\"750\" height=\"500\" class=\"wp-image-3055\" src=\"https:\/\/www.ringier.com\/wp-content\/uploads\/2021\/08\/Baume-Mercier_Campaign-Public-Choice-Award_Watch-of-the-year_201410.jpg\" alt=\"\" decoding=\"async\" style=\"object-fit: cover; object-position: 50% 50%;\"  data-title=\"DP INSTANT CHANEL_Anneaux_BCL_06H00  440x285 Master FR.indd\" srcset=\"https:\/\/www.ringier.com\/wp-content\/uploads\/2021\/08\/Baume-Mercier_Campaign-Public-Choice-Award_Watch-of-the-year_201410.jpg 750w, https:\/\/www.ringier.com\/wp-content\/uploads\/2021\/08\/Baume-Mercier_Campaign-Public-Choice-Award_Watch-of-the-year_201410-300x200.jpg 300w\" sizes=\"auto, (max-width: 750px) 100vw, 750px\" \/><div class=\"eedee-background-div__overlay\" style=\"opacity:1;\"><\/div><\/div><div class=\"slide-content\">\n\n<p><\/p>\n\n<\/div><\/div>\n<\/div><\/div><button class=\"eedee-gutenslider-nav eedee-gutenslider-prev\"><svg xmlns=\"http:\/\/www.w3.org\/2000\/svg\" viewBox=\"0 0 24 24\" width=\"24\" height=\"24\"><circle class=\"bg\" cx=\"13\" cy=\"12\" r=\"11\" \/><path fill=\"none\" d=\"M0 0h24v24H0z\"\/><path class=\"arrow\" d=\"M10.828 12l4.95 4.95-1.414 1.414L8 12l6.364-6.364 1.414 1.414z\"\/><\/svg><\/button><button class=\"eedee-gutenslider-nav eedee-gutenslider-next\"><svg xmlns=\"http:\/\/www.w3.org\/2000\/svg\" viewBox=\"0 0 24 24\" width=\"24\" height=\"24\"><circle class=\"bg\" cx=\"11\" cy=\"12\" r=\"11\" \/><path fill=\"none\" d=\"M0 0h24v24H0z\"\/><path class=\"arrow\" d=\"M13.172 12l-4.95-4.95 1.414-1.414L16 12l-6.364 6.364-1.414-1.414z\"\/><\/svg><\/button><div class=\"eedee-gutenslider-pagination\"><\/div><div class=\"gutenslider-divider-bottom \" style=\"color:#fff;\"><\/div><\/div><\/div>\n\n\n<p><\/p>\n","protected":false},"excerpt":{"rendered":"<p>R\u00e9uni en derni\u00e8re assembl\u00e9e le 17 septembre 2014 sous les auspices du magazine Montres Passion, le jury ind\u00e9pendant de professionnels de l\u2019horlogerie a d\u00e9sign\u00e9 les laur\u00e9ats du Prix Montre de l\u2019Ann\u00e9e parmi une quarantaine de mod\u00e8les pr\u00e9s\u00e9lectionn\u00e9s.<\/p>\n","protected":false},"author":23,"featured_media":3053,"comment_status":"closed","ping_status":"open","sticky":false,"template":"","format":"standard","meta":{"inline_featured_image":false,"footnotes":""},"categories":[370,363],"tags":[],"class_list":["post-3073","post","type-post","status-publish","format-standard","has-post-thumbnail","hentry","category-media-fr","category-ringier-medias-suisse"],"yoast_head":"<!-- This site is optimized with the Yoast SEO Premium plugin v27.0 (Yoast SEO v27.0) - https:\/\/yoast.com\/product\/yoast-seo-premium-wordpress\/ -->\n<title>Altiplano 38 mm 900P de Piaget Montre de l\u2019Ann\u00e9e 2014 - Ringier<\/title>\n<meta name=\"robots\" content=\"index, follow, max-snippet:-1, max-image-preview:large, max-video-preview:-1\" \/>\n<link rel=\"canonical\" href=\"https:\/\/www.ringier.com\/fr\/altiplano-38-mm-900p-de-piaget-montre-de-lannee-2014\/\" \/>\n<meta property=\"og:locale\" content=\"fr_FR\" \/>\n<meta property=\"og:type\" content=\"article\" \/>\n<meta property=\"og:title\" content=\"Altiplano 38 mm 900P de Piaget Montre de l\u2019Ann\u00e9e 2014\" \/>\n<meta property=\"og:description\" content=\"R\u00e9uni en derni\u00e8re assembl\u00e9e le 17 septembre 2014 sous les auspices du magazine Montres Passion, le jury ind\u00e9pendant de professionnels de l\u2019horlogerie a d\u00e9sign\u00e9 les laur\u00e9ats du Prix Montre de l\u2019Ann\u00e9e parmi une quarantaine de mod\u00e8les pr\u00e9s\u00e9lectionn\u00e9s.\" \/>\n<meta property=\"og:url\" content=\"https:\/\/www.ringier.com\/fr\/altiplano-38-mm-900p-de-piaget-montre-de-lannee-2014\/\" \/>\n<meta property=\"og:site_name\" content=\"Ringier\" \/>\n<meta property=\"article:publisher\" content=\"https:\/\/www.facebook.com\/ringierag\/\" \/>\n<meta property=\"article:published_time\" content=\"2014-10-24T12:05:00+00:00\" \/>\n<meta property=\"article:modified_time\" content=\"2025-06-27T14:21:53+00:00\" \/>\n<meta property=\"og:image\" content=\"https:\/\/www.ringier.com\/wp-content\/uploads\/2021\/08\/Montre-de-lannee_Logo_2014.jpg\" \/>\n\t<meta property=\"og:image:width\" content=\"750\" \/>\n\t<meta property=\"og:image:height\" content=\"500\" \/>\n\t<meta property=\"og:image:type\" content=\"image\/jpeg\" \/>\n<meta name=\"author\" content=\"Ringier Corporate Communications\" \/>\n<meta name=\"twitter:card\" content=\"summary_large_image\" \/>\n<meta name=\"twitter:creator\" content=\"@ringier_ag\" \/>\n<meta name=\"twitter:site\" content=\"@ringier_ag\" \/>\n<meta name=\"twitter:label1\" content=\"\u00c9crit par\" \/>\n\t<meta name=\"twitter:data1\" content=\"Ringier Corporate Communications\" \/>\n\t<meta name=\"twitter:label2\" content=\"Dur\u00e9e de lecture estim\u00e9e\" \/>\n\t<meta name=\"twitter:data2\" content=\"6 minutes\" \/>\n<script type=\"application\/ld+json\" class=\"yoast-schema-graph\">{\"@context\":\"https:\/\/schema.org\",\"@graph\":[{\"@type\":\"Article\",\"@id\":\"https:\/\/www.ringier.com\/fr\/altiplano-38-mm-900p-de-piaget-montre-de-lannee-2014\/#article\",\"isPartOf\":{\"@id\":\"https:\/\/www.ringier.com\/fr\/altiplano-38-mm-900p-de-piaget-montre-de-lannee-2014\/\"},\"author\":{\"name\":\"Ringier Corporate Communications\",\"@id\":\"https:\/\/www.ringier.com\/fr\/#\/schema\/person\/4cf76a308dc4b2bb5121bd1e7b752e52\"},\"headline\":\"Altiplano 38 mm 900P de Piaget Montre de l\u2019Ann\u00e9e 2014\",\"datePublished\":\"2014-10-24T12:05:00+00:00\",\"dateModified\":\"2025-06-27T14:21:53+00:00\",\"mainEntityOfPage\":{\"@id\":\"https:\/\/www.ringier.com\/fr\/altiplano-38-mm-900p-de-piaget-montre-de-lannee-2014\/\"},\"wordCount\":1133,\"publisher\":{\"@id\":\"https:\/\/www.ringier.com\/fr\/#organization\"},\"image\":{\"@id\":\"https:\/\/www.ringier.com\/fr\/altiplano-38-mm-900p-de-piaget-montre-de-lannee-2014\/#primaryimage\"},\"thumbnailUrl\":\"https:\/\/www.ringier.com\/wp-content\/uploads\/2021\/08\/Montre-de-lannee_Logo_2014.jpg\",\"articleSection\":[\"Media\",\"Ringier Medias Suisse\"],\"inLanguage\":\"fr-FR\"},{\"@type\":\"WebPage\",\"@id\":\"https:\/\/www.ringier.com\/fr\/altiplano-38-mm-900p-de-piaget-montre-de-lannee-2014\/\",\"url\":\"https:\/\/www.ringier.com\/fr\/altiplano-38-mm-900p-de-piaget-montre-de-lannee-2014\/\",\"name\":\"Altiplano 38 mm 900P de Piaget Montre de l\u2019Ann\u00e9e 2014 - Ringier\",\"isPartOf\":{\"@id\":\"https:\/\/www.ringier.com\/fr\/#website\"},\"primaryImageOfPage\":{\"@id\":\"https:\/\/www.ringier.com\/fr\/altiplano-38-mm-900p-de-piaget-montre-de-lannee-2014\/#primaryimage\"},\"image\":{\"@id\":\"https:\/\/www.ringier.com\/fr\/altiplano-38-mm-900p-de-piaget-montre-de-lannee-2014\/#primaryimage\"},\"thumbnailUrl\":\"https:\/\/www.ringier.com\/wp-content\/uploads\/2021\/08\/Montre-de-lannee_Logo_2014.jpg\",\"datePublished\":\"2014-10-24T12:05:00+00:00\",\"dateModified\":\"2025-06-27T14:21:53+00:00\",\"breadcrumb\":{\"@id\":\"https:\/\/www.ringier.com\/fr\/altiplano-38-mm-900p-de-piaget-montre-de-lannee-2014\/#breadcrumb\"},\"inLanguage\":\"fr-FR\",\"potentialAction\":[{\"@type\":\"ReadAction\",\"target\":[\"https:\/\/www.ringier.com\/fr\/altiplano-38-mm-900p-de-piaget-montre-de-lannee-2014\/\"]}]},{\"@type\":\"ImageObject\",\"inLanguage\":\"fr-FR\",\"@id\":\"https:\/\/www.ringier.com\/fr\/altiplano-38-mm-900p-de-piaget-montre-de-lannee-2014\/#primaryimage\",\"url\":\"https:\/\/www.ringier.com\/wp-content\/uploads\/2021\/08\/Montre-de-lannee_Logo_2014.jpg\",\"contentUrl\":\"https:\/\/www.ringier.com\/wp-content\/uploads\/2021\/08\/Montre-de-lannee_Logo_2014.jpg\",\"width\":750,\"height\":500},{\"@type\":\"BreadcrumbList\",\"@id\":\"https:\/\/www.ringier.com\/fr\/altiplano-38-mm-900p-de-piaget-montre-de-lannee-2014\/#breadcrumb\",\"itemListElement\":[{\"@type\":\"ListItem\",\"position\":1,\"name\":\"Home\",\"item\":\"https:\/\/www.ringier.com\/fr\/\"},{\"@type\":\"ListItem\",\"position\":2,\"name\":\"Altiplano 38 mm 900P de Piaget Montre de l\u2019Ann\u00e9e 2014\"}]},{\"@type\":\"WebSite\",\"@id\":\"https:\/\/www.ringier.com\/fr\/#website\",\"url\":\"https:\/\/www.ringier.com\/fr\/\",\"name\":\"Ringier\",\"description\":\"We inform. We entertain. We connect\",\"publisher\":{\"@id\":\"https:\/\/www.ringier.com\/fr\/#organization\"},\"potentialAction\":[{\"@type\":\"SearchAction\",\"target\":{\"@type\":\"EntryPoint\",\"urlTemplate\":\"https:\/\/www.ringier.com\/fr\/?s={search_term_string}\"},\"query-input\":{\"@type\":\"PropertyValueSpecification\",\"valueRequired\":true,\"valueName\":\"search_term_string\"}}],\"inLanguage\":\"fr-FR\"},{\"@type\":\"Organization\",\"@id\":\"https:\/\/www.ringier.com\/fr\/#organization\",\"name\":\"Ringier\",\"url\":\"https:\/\/www.ringier.com\/fr\/\",\"logo\":{\"@type\":\"ImageObject\",\"inLanguage\":\"fr-FR\",\"@id\":\"https:\/\/www.ringier.com\/fr\/#\/schema\/logo\/image\/\",\"url\":\"https:\/\/www.ringier.com\/wp-content\/uploads\/2021\/10\/ringier_logo_2.jpg\",\"contentUrl\":\"https:\/\/www.ringier.com\/wp-content\/uploads\/2021\/10\/ringier_logo_2.jpg\",\"width\":750,\"height\":550,\"caption\":\"Ringier\"},\"image\":{\"@id\":\"https:\/\/www.ringier.com\/fr\/#\/schema\/logo\/image\/\"},\"sameAs\":[\"https:\/\/www.facebook.com\/ringierag\/\",\"https:\/\/x.com\/ringier_ag\",\"https:\/\/www.instagram.com\/ringier_ag\/\",\"https:\/\/www.linkedin.com\/company\/ringier\/\",\"https:\/\/www.youtube.com\/user\/RingierComm\",\"https:\/\/en.wikipedia.org\/wiki\/Ringier\",\"https:\/\/de.wikipedia.org\/wiki\/Ringier\",\"https:\/\/fr.wikipedia.org\/wiki\/Ringier\",\"https:\/\/www.crunchbase.com\/organization\/ringier-ag\"]},{\"@type\":\"Person\",\"@id\":\"https:\/\/www.ringier.com\/fr\/#\/schema\/person\/4cf76a308dc4b2bb5121bd1e7b752e52\",\"name\":\"Ringier Corporate Communications\",\"image\":{\"@type\":\"ImageObject\",\"inLanguage\":\"fr-FR\",\"@id\":\"https:\/\/www.ringier.com\/fr\/#\/schema\/person\/image\/\",\"url\":\"https:\/\/secure.gravatar.com\/avatar\/9391e20481368d5df4fe3e1e476c13b27786347489822ec1ed07e532bb41f587?s=96&d=mm&r=g\",\"contentUrl\":\"https:\/\/secure.gravatar.com\/avatar\/9391e20481368d5df4fe3e1e476c13b27786347489822ec1ed07e532bb41f587?s=96&d=mm&r=g\",\"caption\":\"Ringier Corporate Communications\"},\"sameAs\":[\"https:\/\/www.ringier.com\"]}]}<\/script>\n<!-- \/ Yoast SEO Premium plugin. -->","yoast_head_json":{"title":"Altiplano 38 mm 900P de Piaget Montre de l\u2019Ann\u00e9e 2014 - Ringier","robots":{"index":"index","follow":"follow","max-snippet":"max-snippet:-1","max-image-preview":"max-image-preview:large","max-video-preview":"max-video-preview:-1"},"canonical":"https:\/\/www.ringier.com\/fr\/altiplano-38-mm-900p-de-piaget-montre-de-lannee-2014\/","og_locale":"fr_FR","og_type":"article","og_title":"Altiplano 38 mm 900P de Piaget Montre de l\u2019Ann\u00e9e 2014","og_description":"R\u00e9uni en derni\u00e8re assembl\u00e9e le 17 septembre 2014 sous les auspices du magazine Montres Passion, le jury ind\u00e9pendant de professionnels de l\u2019horlogerie a d\u00e9sign\u00e9 les laur\u00e9ats du Prix Montre de l\u2019Ann\u00e9e parmi une quarantaine de mod\u00e8les pr\u00e9s\u00e9lectionn\u00e9s.","og_url":"https:\/\/www.ringier.com\/fr\/altiplano-38-mm-900p-de-piaget-montre-de-lannee-2014\/","og_site_name":"Ringier","article_publisher":"https:\/\/www.facebook.com\/ringierag\/","article_published_time":"2014-10-24T12:05:00+00:00","article_modified_time":"2025-06-27T14:21:53+00:00","og_image":[{"width":750,"height":500,"url":"https:\/\/www.ringier.com\/wp-content\/uploads\/2021\/08\/Montre-de-lannee_Logo_2014.jpg","type":"image\/jpeg"}],"author":"Ringier Corporate Communications","twitter_card":"summary_large_image","twitter_creator":"@ringier_ag","twitter_site":"@ringier_ag","twitter_misc":{"\u00c9crit par":"Ringier Corporate Communications","Dur\u00e9e de lecture estim\u00e9e":"6 minutes"},"schema":{"@context":"https:\/\/schema.org","@graph":[{"@type":"Article","@id":"https:\/\/www.ringier.com\/fr\/altiplano-38-mm-900p-de-piaget-montre-de-lannee-2014\/#article","isPartOf":{"@id":"https:\/\/www.ringier.com\/fr\/altiplano-38-mm-900p-de-piaget-montre-de-lannee-2014\/"},"author":{"name":"Ringier Corporate Communications","@id":"https:\/\/www.ringier.com\/fr\/#\/schema\/person\/4cf76a308dc4b2bb5121bd1e7b752e52"},"headline":"Altiplano 38 mm 900P de Piaget Montre de l\u2019Ann\u00e9e 2014","datePublished":"2014-10-24T12:05:00+00:00","dateModified":"2025-06-27T14:21:53+00:00","mainEntityOfPage":{"@id":"https:\/\/www.ringier.com\/fr\/altiplano-38-mm-900p-de-piaget-montre-de-lannee-2014\/"},"wordCount":1133,"publisher":{"@id":"https:\/\/www.ringier.com\/fr\/#organization"},"image":{"@id":"https:\/\/www.ringier.com\/fr\/altiplano-38-mm-900p-de-piaget-montre-de-lannee-2014\/#primaryimage"},"thumbnailUrl":"https:\/\/www.ringier.com\/wp-content\/uploads\/2021\/08\/Montre-de-lannee_Logo_2014.jpg","articleSection":["Media","Ringier Medias Suisse"],"inLanguage":"fr-FR"},{"@type":"WebPage","@id":"https:\/\/www.ringier.com\/fr\/altiplano-38-mm-900p-de-piaget-montre-de-lannee-2014\/","url":"https:\/\/www.ringier.com\/fr\/altiplano-38-mm-900p-de-piaget-montre-de-lannee-2014\/","name":"Altiplano 38 mm 900P de Piaget Montre de l\u2019Ann\u00e9e 2014 - Ringier","isPartOf":{"@id":"https:\/\/www.ringier.com\/fr\/#website"},"primaryImageOfPage":{"@id":"https:\/\/www.ringier.com\/fr\/altiplano-38-mm-900p-de-piaget-montre-de-lannee-2014\/#primaryimage"},"image":{"@id":"https:\/\/www.ringier.com\/fr\/altiplano-38-mm-900p-de-piaget-montre-de-lannee-2014\/#primaryimage"},"thumbnailUrl":"https:\/\/www.ringier.com\/wp-content\/uploads\/2021\/08\/Montre-de-lannee_Logo_2014.jpg","datePublished":"2014-10-24T12:05:00+00:00","dateModified":"2025-06-27T14:21:53+00:00","breadcrumb":{"@id":"https:\/\/www.ringier.com\/fr\/altiplano-38-mm-900p-de-piaget-montre-de-lannee-2014\/#breadcrumb"},"inLanguage":"fr-FR","potentialAction":[{"@type":"ReadAction","target":["https:\/\/www.ringier.com\/fr\/altiplano-38-mm-900p-de-piaget-montre-de-lannee-2014\/"]}]},{"@type":"ImageObject","inLanguage":"fr-FR","@id":"https:\/\/www.ringier.com\/fr\/altiplano-38-mm-900p-de-piaget-montre-de-lannee-2014\/#primaryimage","url":"https:\/\/www.ringier.com\/wp-content\/uploads\/2021\/08\/Montre-de-lannee_Logo_2014.jpg","contentUrl":"https:\/\/www.ringier.com\/wp-content\/uploads\/2021\/08\/Montre-de-lannee_Logo_2014.jpg","width":750,"height":500},{"@type":"BreadcrumbList","@id":"https:\/\/www.ringier.com\/fr\/altiplano-38-mm-900p-de-piaget-montre-de-lannee-2014\/#breadcrumb","itemListElement":[{"@type":"ListItem","position":1,"name":"Home","item":"https:\/\/www.ringier.com\/fr\/"},{"@type":"ListItem","position":2,"name":"Altiplano 38 mm 900P de Piaget Montre de l\u2019Ann\u00e9e 2014"}]},{"@type":"WebSite","@id":"https:\/\/www.ringier.com\/fr\/#website","url":"https:\/\/www.ringier.com\/fr\/","name":"Ringier","description":"We inform. We entertain. We connect","publisher":{"@id":"https:\/\/www.ringier.com\/fr\/#organization"},"potentialAction":[{"@type":"SearchAction","target":{"@type":"EntryPoint","urlTemplate":"https:\/\/www.ringier.com\/fr\/?s={search_term_string}"},"query-input":{"@type":"PropertyValueSpecification","valueRequired":true,"valueName":"search_term_string"}}],"inLanguage":"fr-FR"},{"@type":"Organization","@id":"https:\/\/www.ringier.com\/fr\/#organization","name":"Ringier","url":"https:\/\/www.ringier.com\/fr\/","logo":{"@type":"ImageObject","inLanguage":"fr-FR","@id":"https:\/\/www.ringier.com\/fr\/#\/schema\/logo\/image\/","url":"https:\/\/www.ringier.com\/wp-content\/uploads\/2021\/10\/ringier_logo_2.jpg","contentUrl":"https:\/\/www.ringier.com\/wp-content\/uploads\/2021\/10\/ringier_logo_2.jpg","width":750,"height":550,"caption":"Ringier"},"image":{"@id":"https:\/\/www.ringier.com\/fr\/#\/schema\/logo\/image\/"},"sameAs":["https:\/\/www.facebook.com\/ringierag\/","https:\/\/x.com\/ringier_ag","https:\/\/www.instagram.com\/ringier_ag\/","https:\/\/www.linkedin.com\/company\/ringier\/","https:\/\/www.youtube.com\/user\/RingierComm","https:\/\/en.wikipedia.org\/wiki\/Ringier","https:\/\/de.wikipedia.org\/wiki\/Ringier","https:\/\/fr.wikipedia.org\/wiki\/Ringier","https:\/\/www.crunchbase.com\/organization\/ringier-ag"]},{"@type":"Person","@id":"https:\/\/www.ringier.com\/fr\/#\/schema\/person\/4cf76a308dc4b2bb5121bd1e7b752e52","name":"Ringier Corporate Communications","image":{"@type":"ImageObject","inLanguage":"fr-FR","@id":"https:\/\/www.ringier.com\/fr\/#\/schema\/person\/image\/","url":"https:\/\/secure.gravatar.com\/avatar\/9391e20481368d5df4fe3e1e476c13b27786347489822ec1ed07e532bb41f587?s=96&d=mm&r=g","contentUrl":"https:\/\/secure.gravatar.com\/avatar\/9391e20481368d5df4fe3e1e476c13b27786347489822ec1ed07e532bb41f587?s=96&d=mm&r=g","caption":"Ringier Corporate Communications"},"sameAs":["https:\/\/www.ringier.com"]}]}},"_links":{"self":[{"href":"https:\/\/www.ringier.com\/fr\/wp-json\/wp\/v2\/posts\/3073","targetHints":{"allow":["GET"]}}],"collection":[{"href":"https:\/\/www.ringier.com\/fr\/wp-json\/wp\/v2\/posts"}],"about":[{"href":"https:\/\/www.ringier.com\/fr\/wp-json\/wp\/v2\/types\/post"}],"author":[{"embeddable":true,"href":"https:\/\/www.ringier.com\/fr\/wp-json\/wp\/v2\/users\/23"}],"replies":[{"embeddable":true,"href":"https:\/\/www.ringier.com\/fr\/wp-json\/wp\/v2\/comments?post=3073"}],"version-history":[{"count":0,"href":"https:\/\/www.ringier.com\/fr\/wp-json\/wp\/v2\/posts\/3073\/revisions"}],"wp:featuredmedia":[{"embeddable":true,"href":"https:\/\/www.ringier.com\/fr\/wp-json\/wp\/v2\/media\/3053"}],"wp:attachment":[{"href":"https:\/\/www.ringier.com\/fr\/wp-json\/wp\/v2\/media?parent=3073"}],"wp:term":[{"taxonomy":"category","embeddable":true,"href":"https:\/\/www.ringier.com\/fr\/wp-json\/wp\/v2\/categories?post=3073"},{"taxonomy":"post_tag","embeddable":true,"href":"https:\/\/www.ringier.com\/fr\/wp-json\/wp\/v2\/tags?post=3073"}],"curies":[{"name":"wp","href":"https:\/\/api.w.org\/{rel}","templated":true}]}}