{"id":302,"date":"2019-11-25T14:51:00","date_gmt":"2019-11-25T13:51:00","guid":{"rendered":"https:\/\/www.ringier.com\/ringier-gruppe-lanciert-die-initiative-equalvoice-hoehere-sichtbarkeit-von-frauen-in-der-medienberichterstattung\/"},"modified":"2025-06-23T15:23:02","modified_gmt":"2025-06-23T13:23:02","slug":"le-groupe-ringier-lance-linitiative-equalvoice-pour-accroitre-la-visibilite-des-femmes-dans-les-medias","status":"publish","type":"post","link":"https:\/\/www.ringier.com\/fr\/le-groupe-ringier-lance-linitiative-equalvoice-pour-accroitre-la-visibilite-des-femmes-dans-les-medias\/","title":{"rendered":"Le groupe Ringier lance l\u2019initiative \u00abEqualVoice\u00bb pour accro\u00eetre la visibilit\u00e9 des femmes dans les m\u00e9dias"},"content":{"rendered":"\n<p>Les hommes sont repr\u00e9sent\u00e9s \u00e0 75% dans les articles de presse des m\u00e9dias suisses. Selon le Global Media Monitoring Project, la part mondiale \u00e9tait m\u00eame de 82% en 2016. La situation n\u2019a pas vraiment \u00e9volu\u00e9 en 2019. Dans Blick.ch, la proportion d\u2019articles concernant les hommes est actuellement de 75% et celles sur les femmes de 25%. Ce r\u00e9sultat soul\u00e8ve des questions: n\u2019existe-t-il aucune femme qui m\u00e9riterait un article \u00e0 son sujet? Les hommes font-ils de meilleurs gros titres? Ou plut\u00f4t la proportion dans les m\u00e9dias est-elle le simple reflet de la r\u00e9alit\u00e9 du monde du travail, o\u00f9 les femmes sont moins repr\u00e9sent\u00e9es, notamment dans les postes de direction? Les scientifiques parlent d\u2019un \u00abGender Content Gap\u00bb. Le sujet fait l\u2019objet de nombreux d\u00e9bats, tout comme chez Ringier.<\/p>\n\n\n\n<p>\u00abNous souhaitons placer les femmes et les hommes sur un pied d\u2019\u00e9galit\u00e9 dans les m\u00e9dias\u00bb, confie Annabella Bassler, Chief Financial Officer Ringier. Elle a lanc\u00e9 l\u2019initiative EqualVoice, pr\u00e9sid\u00e9e par l\u2019\u00e9diteur Michael Ringier et le CEO Marc Walder, dans l\u2019id\u00e9e qu\u2019elle puisse avoir un impact \u00e0 l\u2019interne comme \u00e0 l\u2019externe. \u00abGr\u00e2ce \u00e0 EqualVoice, nous souhaitons rendre les femmes plus visibles dans les m\u00e9dias\u00bb, explique Marc Walder.<\/p>\n\n\n\n<p>EqualVoice-Factor, le noyau de l\u2019initiative, met en lumi\u00e8re la visibilit\u00e9 des femmes et des hommes sur les sites Internet de Ringier et de Ringier Axel Springer Suisse. \u00abPour chaque site Internet, le propre outil de Ringier, Sherlock, analyse le nombre d&rsquo;articles sur les femmes et les hommes et le nombre d&rsquo;articles sur le sujet\u00bb, explique Katia Murmann, r\u00e9dactrice num\u00e9rique en chef chez Blick. Deux \u00abscores\u00bb r\u00e9sultent de cette analyse: d\u2019une part, le \u00abTeaser-Score\u00bb qui \u00e9value les images, les surtitres, les titres et les leads relatifs \u00e0 la visibilit\u00e9 des femmes et des hommes sur les sites Internet des m\u00e9dias Ringier; et d\u2019autre part, le \u00abBody-Score\u00bb qui examine le texte de l\u2019article correspondant en mesurant de mani\u00e8re sp\u00e9cifique la fr\u00e9quence \u00e0 laquelle les femmes et les hommes ont la parole. Amazon Rekognition identifie et compte de fa\u00e7on syst\u00e9matique les personnes sur les images des sites Internet. Les algorithmes utilis\u00e9s et la qualit\u00e9 des donn\u00e9es sont r\u00e9guli\u00e8rement v\u00e9rifi\u00e9s par les sp\u00e9cialistes de donn\u00e9es de Ringier et les \u00e9quipes de r\u00e9daction afin que l\u2019intelligence artificielle soit constamment enrichie de nouvelles connaissances et se perfectionne.<\/p>\n\n\n\n<p>\u00abL\u2019objectif n\u2019est pas d\u2019avoir d\u2019un seul coup 50% d\u2019hommes et 50% de femmes dans tous les titres\u00bb, insiste Marc Walder. \u00abNos journalistes ne sont pas des activistes. Chaque titre a son propre ADN qui doit \u00eatre prot\u00e9g\u00e9. Il s\u2019agit principalement, pour les r\u00e9dactrices et r\u00e9dacteurs en chef, de sensibiliser leurs \u00e9quipes au sujet de l\u2019\u00e9galit\u00e9. Nous sommes convaincus que les femmes et les hommes ensemble ont plus d\u2019impact que femmes et hommes s\u00e9par\u00e9ment. De plus, il existe plus de femmes qui m\u00e9riteraient un article \u00e0 leur sujet.\u00bb<\/p>\n\n\n\n<p>&nbsp;\u00abAu lieu d\u2019exiger des quotas, nous faisons appel \u00e0 notre pouvoir journalistique et technologique pour promouvoir l\u2019\u00e9galit\u00e9 entre femmes et hommes et vivons concr\u00e8tement cette parit\u00e9 au quotidien\u00bb, partage Annabella Bassler. \u00abL\u2019\u00e9galit\u00e9 de traitement des femmes et des hommes est un sujet d\u2019une grande pertinence sociale. C\u2019est pourquoi il est d\u2019autant plus important pour nous de continuer \u00e0 promouvoir ce sujet dans la soci\u00e9t\u00e9 suisse \u00e0 travers nos m\u00e9dias et d\u2019apporter notre contribution.\u00bb<\/p>\n\n\n\n<p>Les \u00e9quipes de r\u00e9daction de Ringier se penchent depuis longtemps sur le sujet de l\u2019\u00e9galit\u00e9 des sexes dans les reportages. Ainsi, le Blick se focalise r\u00e9guli\u00e8rement sur des sujets pertinents pour les femmes. De plus, Katia Murmann, r\u00e9dactrice en chef de Blick.ch, a lanc\u00e9 le Edit-a-thon avec la SRF et Wikip\u00e9dia, qui pr\u00e9sente les biographies de femmes sur Wikip\u00e9dia.<\/p>\n\n\n\n<p>Chez Beobachter, une \u00e9quipe de r\u00e9dactrices et r\u00e9dacteurs en chef \u00e9value r\u00e9guli\u00e8rement l\u2019\u00e9quilibre hommes-femmes et discute du poids lors des s\u00e9ances de r\u00e9daction. Le sujet est \u00e9galement pr\u00e9sent dans le quotidien de la r\u00e9daction chez Schweizer Illustrierte et dans les m\u00e9dias \u00e9conomiques.<\/p>\n\n\n\n<p>\u00abIl existe d\u00e9j\u00e0 de nombreuses bonnes mesures\u00bb, souligne Annabella Bassler. \u00abAvec EqualVoice, nous voulons unir nos forces, apprendre les uns des autres et cr\u00e9er une plateforme pour ce sujet de grande importance.\u00bb<\/p>\n\n\n\n<p>Aujourd\u2019hui, l\u2019initiative EqualVoice a \u00e9t\u00e9 pr\u00e9sent\u00e9e \u00e0 toutes les collaboratrices et tous les collaborateurs de Ringier lors d\u2019une manifestation de lancement. Dans chaque bureau de r\u00e9daction, des \u00e9quipes de projet seront d\u00e9sormais constitu\u00e9es pour se pencher sur la question: que signifie EqualVoice pour le titre correspondant et comment pouvons-nous int\u00e9grer EqualVoice dans la vie quotidienne?<\/p>\n\n\n\n<p>\u00abLe fait que nous soyons enfin en mesure d\u2019utiliser les donn\u00e9es pour montrer noir sur blanc le pourcentage de repr\u00e9sentation des femmes et des hommes dans nos m\u00e9dias est d\u00e9cisif. Cela rend la mise en pratique de l\u2019\u00e9galit\u00e9 entre femmes et hommes plus faisable, car nous n\u2019avons plus \u00e0 nous reposer sur l\u2019\u00e9galit\u00e9 per\u00e7ue\u00bb, se r\u00e9jouit Annabella Bassler au sujet de l\u2019algorithme d\u00e9velopp\u00e9 sp\u00e9cifiquement pour l\u2019initiative EqualVoice.<\/p>\n\n\n\n<p>Les \u00e9valuations et les chiffres cl\u00e9s du facteur EqualVoice seront r\u00e9guli\u00e8rement communiqu\u00e9s en interne aux collaborateurs du Groupe et publi\u00e9s dans le rapport annuel de Ringier d\u00e8s 2020.<\/p>\n","protected":false},"excerpt":{"rendered":"<p>Als internationaler Medienkonzern setzt sich die Ringier Gruppe mit ihrer publizistischen und technologischen Kraft f\u00fcr die Gleichwertigkeit von Frauen und M\u00e4nnern ein. Deshalb hat das Unternehmen heute die Initiative EqualVoice lanciert. Ziel ist, Frauen in der Berichterstattung sichtbarer zu machen und ihnen die gleiche Stimme zu geben. Verleger Michael Ringier und CEO Marc Walder pr\u00e4sidieren das Projekt, das von CFO Annabella Bassler initiiert wurde. Das Advisory Board besteht aus: Simona Scarpaleggia (Head of \u00abThe Future of our Work\u00bb Global Initiative INGKA Group (IKEA)), David Allemann (CEO und Co-Gr\u00fcnder On), Nicole Burth (CEO Adecco Switzerland), Ingrid Deltenre (Medienmanagerin und Verwaltungsr\u00e4tin), Christiane zu Salm (Medienunternehmerin und Advisor) und Franziska Tschudi Sauber (CEO Weidmann Holding AG). <\/p>\n","protected":false},"author":23,"featured_media":296,"comment_status":"closed","ping_status":"open","sticky":false,"template":"","format":"standard","meta":{"inline_featured_image":false,"footnotes":""},"categories":[380],"tags":[],"class_list":["post-302","post","type-post","status-publish","format-standard","has-post-thumbnail","hentry","category-equalvoice-fr"],"yoast_head":"<!-- This site is optimized with the Yoast SEO Premium plugin v27.0 (Yoast SEO v27.0) - https:\/\/yoast.com\/product\/yoast-seo-premium-wordpress\/ -->\n<title>Le groupe Ringier lance l\u2019initiative \u00abEqualVoice\u00bb pour accro\u00eetre la visibilit\u00e9 des femmes dans les m\u00e9dias - Ringier<\/title>\n<meta name=\"robots\" content=\"index, follow, max-snippet:-1, max-image-preview:large, max-video-preview:-1\" \/>\n<link rel=\"canonical\" href=\"https:\/\/www.ringier.com\/fr\/le-groupe-ringier-lance-linitiative-equalvoice-pour-accroitre-la-visibilite-des-femmes-dans-les-medias\/\" \/>\n<meta property=\"og:locale\" content=\"fr_FR\" \/>\n<meta property=\"og:type\" content=\"article\" \/>\n<meta property=\"og:title\" content=\"Le groupe Ringier lance l\u2019initiative \u00abEqualVoice\u00bb pour accro\u00eetre la visibilit\u00e9 des femmes dans les m\u00e9dias\" \/>\n<meta property=\"og:description\" content=\"Als internationaler Medienkonzern setzt sich die Ringier Gruppe mit ihrer publizistischen und technologischen Kraft f\u00fcr die Gleichwertigkeit von Frauen und M\u00e4nnern ein. Deshalb hat das Unternehmen heute die Initiative EqualVoice lanciert. Ziel ist, Frauen in der Berichterstattung sichtbarer zu machen und ihnen die gleiche Stimme zu geben. Verleger Michael Ringier und CEO Marc Walder pr\u00e4sidieren das Projekt, das von CFO Annabella Bassler initiiert wurde. Das Advisory Board besteht aus: Simona Scarpaleggia (Head of \u00abThe Future of our Work\u00bb Global Initiative INGKA Group (IKEA)), David Allemann (CEO und Co-Gr\u00fcnder On), Nicole Burth (CEO Adecco Switzerland), Ingrid Deltenre (Medienmanagerin und Verwaltungsr\u00e4tin), Christiane zu Salm (Medienunternehmerin und Advisor) und Franziska Tschudi Sauber (CEO Weidmann Holding AG).\" \/>\n<meta property=\"og:url\" content=\"https:\/\/www.ringier.com\/fr\/le-groupe-ringier-lance-linitiative-equalvoice-pour-accroitre-la-visibilite-des-femmes-dans-les-medias\/\" \/>\n<meta property=\"og:site_name\" content=\"Ringier\" \/>\n<meta property=\"article:publisher\" content=\"https:\/\/www.facebook.com\/ringierag\/\" \/>\n<meta property=\"article:published_time\" content=\"2019-11-25T13:51:00+00:00\" \/>\n<meta property=\"article:modified_time\" content=\"2025-06-23T13:23:02+00:00\" \/>\n<meta property=\"og:image\" content=\"https:\/\/www.ringier.com\/wp-content\/uploads\/2021\/08\/Logo-EqualVoice-Ringier.png\" \/>\n\t<meta property=\"og:image:width\" content=\"600\" \/>\n\t<meta property=\"og:image:height\" content=\"401\" \/>\n\t<meta property=\"og:image:type\" content=\"image\/png\" \/>\n<meta name=\"author\" content=\"Ringier Corporate Communications\" \/>\n<meta name=\"twitter:card\" content=\"summary_large_image\" \/>\n<meta name=\"twitter:creator\" content=\"@ringier_ag\" \/>\n<meta name=\"twitter:site\" content=\"@ringier_ag\" \/>\n<meta name=\"twitter:label1\" content=\"\u00c9crit par\" \/>\n\t<meta name=\"twitter:data1\" content=\"Ringier Corporate Communications\" \/>\n\t<meta name=\"twitter:label2\" content=\"Dur\u00e9e de lecture estim\u00e9e\" \/>\n\t<meta name=\"twitter:data2\" content=\"5 minutes\" \/>\n<script type=\"application\/ld+json\" class=\"yoast-schema-graph\">{\"@context\":\"https:\/\/schema.org\",\"@graph\":[{\"@type\":\"Article\",\"@id\":\"https:\/\/www.ringier.com\/fr\/le-groupe-ringier-lance-linitiative-equalvoice-pour-accroitre-la-visibilite-des-femmes-dans-les-medias\/#article\",\"isPartOf\":{\"@id\":\"https:\/\/www.ringier.com\/fr\/le-groupe-ringier-lance-linitiative-equalvoice-pour-accroitre-la-visibilite-des-femmes-dans-les-medias\/\"},\"author\":{\"name\":\"Ringier Corporate Communications\",\"@id\":\"https:\/\/www.ringier.com\/fr\/#\/schema\/person\/4cf76a308dc4b2bb5121bd1e7b752e52\"},\"headline\":\"Le groupe Ringier lance l\u2019initiative \u00abEqualVoice\u00bb pour accro\u00eetre la visibilit\u00e9 des femmes dans les m\u00e9dias\",\"datePublished\":\"2019-11-25T13:51:00+00:00\",\"dateModified\":\"2025-06-23T13:23:02+00:00\",\"mainEntityOfPage\":{\"@id\":\"https:\/\/www.ringier.com\/fr\/le-groupe-ringier-lance-linitiative-equalvoice-pour-accroitre-la-visibilite-des-femmes-dans-les-medias\/\"},\"wordCount\":944,\"publisher\":{\"@id\":\"https:\/\/www.ringier.com\/fr\/#organization\"},\"image\":{\"@id\":\"https:\/\/www.ringier.com\/fr\/le-groupe-ringier-lance-linitiative-equalvoice-pour-accroitre-la-visibilite-des-femmes-dans-les-medias\/#primaryimage\"},\"thumbnailUrl\":\"https:\/\/www.ringier.com\/wp-content\/uploads\/2021\/08\/Logo-EqualVoice-Ringier.png\",\"articleSection\":[\"EqualVoice\"],\"inLanguage\":\"fr-FR\"},{\"@type\":\"WebPage\",\"@id\":\"https:\/\/www.ringier.com\/fr\/le-groupe-ringier-lance-linitiative-equalvoice-pour-accroitre-la-visibilite-des-femmes-dans-les-medias\/\",\"url\":\"https:\/\/www.ringier.com\/fr\/le-groupe-ringier-lance-linitiative-equalvoice-pour-accroitre-la-visibilite-des-femmes-dans-les-medias\/\",\"name\":\"Le groupe Ringier lance l\u2019initiative \u00abEqualVoice\u00bb pour accro\u00eetre la visibilit\u00e9 des femmes dans les m\u00e9dias - Ringier\",\"isPartOf\":{\"@id\":\"https:\/\/www.ringier.com\/fr\/#website\"},\"primaryImageOfPage\":{\"@id\":\"https:\/\/www.ringier.com\/fr\/le-groupe-ringier-lance-linitiative-equalvoice-pour-accroitre-la-visibilite-des-femmes-dans-les-medias\/#primaryimage\"},\"image\":{\"@id\":\"https:\/\/www.ringier.com\/fr\/le-groupe-ringier-lance-linitiative-equalvoice-pour-accroitre-la-visibilite-des-femmes-dans-les-medias\/#primaryimage\"},\"thumbnailUrl\":\"https:\/\/www.ringier.com\/wp-content\/uploads\/2021\/08\/Logo-EqualVoice-Ringier.png\",\"datePublished\":\"2019-11-25T13:51:00+00:00\",\"dateModified\":\"2025-06-23T13:23:02+00:00\",\"breadcrumb\":{\"@id\":\"https:\/\/www.ringier.com\/fr\/le-groupe-ringier-lance-linitiative-equalvoice-pour-accroitre-la-visibilite-des-femmes-dans-les-medias\/#breadcrumb\"},\"inLanguage\":\"fr-FR\",\"potentialAction\":[{\"@type\":\"ReadAction\",\"target\":[\"https:\/\/www.ringier.com\/fr\/le-groupe-ringier-lance-linitiative-equalvoice-pour-accroitre-la-visibilite-des-femmes-dans-les-medias\/\"]}]},{\"@type\":\"ImageObject\",\"inLanguage\":\"fr-FR\",\"@id\":\"https:\/\/www.ringier.com\/fr\/le-groupe-ringier-lance-linitiative-equalvoice-pour-accroitre-la-visibilite-des-femmes-dans-les-medias\/#primaryimage\",\"url\":\"https:\/\/www.ringier.com\/wp-content\/uploads\/2021\/08\/Logo-EqualVoice-Ringier.png\",\"contentUrl\":\"https:\/\/www.ringier.com\/wp-content\/uploads\/2021\/08\/Logo-EqualVoice-Ringier.png\",\"width\":600,\"height\":401},{\"@type\":\"BreadcrumbList\",\"@id\":\"https:\/\/www.ringier.com\/fr\/le-groupe-ringier-lance-linitiative-equalvoice-pour-accroitre-la-visibilite-des-femmes-dans-les-medias\/#breadcrumb\",\"itemListElement\":[{\"@type\":\"ListItem\",\"position\":1,\"name\":\"Home\",\"item\":\"https:\/\/www.ringier.com\/fr\/\"},{\"@type\":\"ListItem\",\"position\":2,\"name\":\"Le groupe Ringier lance l\u2019initiative \u00abEqualVoice\u00bb pour accro\u00eetre la visibilit\u00e9 des femmes dans les m\u00e9dias\"}]},{\"@type\":\"WebSite\",\"@id\":\"https:\/\/www.ringier.com\/fr\/#website\",\"url\":\"https:\/\/www.ringier.com\/fr\/\",\"name\":\"Ringier\",\"description\":\"We inform. We entertain. We connect\",\"publisher\":{\"@id\":\"https:\/\/www.ringier.com\/fr\/#organization\"},\"potentialAction\":[{\"@type\":\"SearchAction\",\"target\":{\"@type\":\"EntryPoint\",\"urlTemplate\":\"https:\/\/www.ringier.com\/fr\/?s={search_term_string}\"},\"query-input\":{\"@type\":\"PropertyValueSpecification\",\"valueRequired\":true,\"valueName\":\"search_term_string\"}}],\"inLanguage\":\"fr-FR\"},{\"@type\":\"Organization\",\"@id\":\"https:\/\/www.ringier.com\/fr\/#organization\",\"name\":\"Ringier\",\"url\":\"https:\/\/www.ringier.com\/fr\/\",\"logo\":{\"@type\":\"ImageObject\",\"inLanguage\":\"fr-FR\",\"@id\":\"https:\/\/www.ringier.com\/fr\/#\/schema\/logo\/image\/\",\"url\":\"https:\/\/www.ringier.com\/wp-content\/uploads\/2021\/10\/ringier_logo_2.jpg\",\"contentUrl\":\"https:\/\/www.ringier.com\/wp-content\/uploads\/2021\/10\/ringier_logo_2.jpg\",\"width\":750,\"height\":550,\"caption\":\"Ringier\"},\"image\":{\"@id\":\"https:\/\/www.ringier.com\/fr\/#\/schema\/logo\/image\/\"},\"sameAs\":[\"https:\/\/www.facebook.com\/ringierag\/\",\"https:\/\/x.com\/ringier_ag\",\"https:\/\/www.instagram.com\/ringier_ag\/\",\"https:\/\/www.linkedin.com\/company\/ringier\/\",\"https:\/\/www.youtube.com\/user\/RingierComm\",\"https:\/\/en.wikipedia.org\/wiki\/Ringier\",\"https:\/\/de.wikipedia.org\/wiki\/Ringier\",\"https:\/\/fr.wikipedia.org\/wiki\/Ringier\",\"https:\/\/www.crunchbase.com\/organization\/ringier-ag\"]},{\"@type\":\"Person\",\"@id\":\"https:\/\/www.ringier.com\/fr\/#\/schema\/person\/4cf76a308dc4b2bb5121bd1e7b752e52\",\"name\":\"Ringier Corporate Communications\",\"image\":{\"@type\":\"ImageObject\",\"inLanguage\":\"fr-FR\",\"@id\":\"https:\/\/www.ringier.com\/fr\/#\/schema\/person\/image\/\",\"url\":\"https:\/\/secure.gravatar.com\/avatar\/9391e20481368d5df4fe3e1e476c13b27786347489822ec1ed07e532bb41f587?s=96&d=mm&r=g\",\"contentUrl\":\"https:\/\/secure.gravatar.com\/avatar\/9391e20481368d5df4fe3e1e476c13b27786347489822ec1ed07e532bb41f587?s=96&d=mm&r=g\",\"caption\":\"Ringier Corporate Communications\"},\"sameAs\":[\"https:\/\/www.ringier.com\"]}]}<\/script>\n<!-- \/ Yoast SEO Premium plugin. -->","yoast_head_json":{"title":"Le groupe Ringier lance l\u2019initiative \u00abEqualVoice\u00bb pour accro\u00eetre la visibilit\u00e9 des femmes dans les m\u00e9dias - Ringier","robots":{"index":"index","follow":"follow","max-snippet":"max-snippet:-1","max-image-preview":"max-image-preview:large","max-video-preview":"max-video-preview:-1"},"canonical":"https:\/\/www.ringier.com\/fr\/le-groupe-ringier-lance-linitiative-equalvoice-pour-accroitre-la-visibilite-des-femmes-dans-les-medias\/","og_locale":"fr_FR","og_type":"article","og_title":"Le groupe Ringier lance l\u2019initiative \u00abEqualVoice\u00bb pour accro\u00eetre la visibilit\u00e9 des femmes dans les m\u00e9dias","og_description":"Als internationaler Medienkonzern setzt sich die Ringier Gruppe mit ihrer publizistischen und technologischen Kraft f\u00fcr die Gleichwertigkeit von Frauen und M\u00e4nnern ein. Deshalb hat das Unternehmen heute die Initiative EqualVoice lanciert. Ziel ist, Frauen in der Berichterstattung sichtbarer zu machen und ihnen die gleiche Stimme zu geben. Verleger Michael Ringier und CEO Marc Walder pr\u00e4sidieren das Projekt, das von CFO Annabella Bassler initiiert wurde. Das Advisory Board besteht aus: Simona Scarpaleggia (Head of \u00abThe Future of our Work\u00bb Global Initiative INGKA Group (IKEA)), David Allemann (CEO und Co-Gr\u00fcnder On), Nicole Burth (CEO Adecco Switzerland), Ingrid Deltenre (Medienmanagerin und Verwaltungsr\u00e4tin), Christiane zu Salm (Medienunternehmerin und Advisor) und Franziska Tschudi Sauber (CEO Weidmann Holding AG).","og_url":"https:\/\/www.ringier.com\/fr\/le-groupe-ringier-lance-linitiative-equalvoice-pour-accroitre-la-visibilite-des-femmes-dans-les-medias\/","og_site_name":"Ringier","article_publisher":"https:\/\/www.facebook.com\/ringierag\/","article_published_time":"2019-11-25T13:51:00+00:00","article_modified_time":"2025-06-23T13:23:02+00:00","og_image":[{"width":600,"height":401,"url":"https:\/\/www.ringier.com\/wp-content\/uploads\/2021\/08\/Logo-EqualVoice-Ringier.png","type":"image\/png"}],"author":"Ringier Corporate Communications","twitter_card":"summary_large_image","twitter_creator":"@ringier_ag","twitter_site":"@ringier_ag","twitter_misc":{"\u00c9crit par":"Ringier Corporate Communications","Dur\u00e9e de lecture estim\u00e9e":"5 minutes"},"schema":{"@context":"https:\/\/schema.org","@graph":[{"@type":"Article","@id":"https:\/\/www.ringier.com\/fr\/le-groupe-ringier-lance-linitiative-equalvoice-pour-accroitre-la-visibilite-des-femmes-dans-les-medias\/#article","isPartOf":{"@id":"https:\/\/www.ringier.com\/fr\/le-groupe-ringier-lance-linitiative-equalvoice-pour-accroitre-la-visibilite-des-femmes-dans-les-medias\/"},"author":{"name":"Ringier Corporate Communications","@id":"https:\/\/www.ringier.com\/fr\/#\/schema\/person\/4cf76a308dc4b2bb5121bd1e7b752e52"},"headline":"Le groupe Ringier lance l\u2019initiative \u00abEqualVoice\u00bb pour accro\u00eetre la visibilit\u00e9 des femmes dans les m\u00e9dias","datePublished":"2019-11-25T13:51:00+00:00","dateModified":"2025-06-23T13:23:02+00:00","mainEntityOfPage":{"@id":"https:\/\/www.ringier.com\/fr\/le-groupe-ringier-lance-linitiative-equalvoice-pour-accroitre-la-visibilite-des-femmes-dans-les-medias\/"},"wordCount":944,"publisher":{"@id":"https:\/\/www.ringier.com\/fr\/#organization"},"image":{"@id":"https:\/\/www.ringier.com\/fr\/le-groupe-ringier-lance-linitiative-equalvoice-pour-accroitre-la-visibilite-des-femmes-dans-les-medias\/#primaryimage"},"thumbnailUrl":"https:\/\/www.ringier.com\/wp-content\/uploads\/2021\/08\/Logo-EqualVoice-Ringier.png","articleSection":["EqualVoice"],"inLanguage":"fr-FR"},{"@type":"WebPage","@id":"https:\/\/www.ringier.com\/fr\/le-groupe-ringier-lance-linitiative-equalvoice-pour-accroitre-la-visibilite-des-femmes-dans-les-medias\/","url":"https:\/\/www.ringier.com\/fr\/le-groupe-ringier-lance-linitiative-equalvoice-pour-accroitre-la-visibilite-des-femmes-dans-les-medias\/","name":"Le groupe Ringier lance l\u2019initiative \u00abEqualVoice\u00bb pour accro\u00eetre la visibilit\u00e9 des femmes dans les m\u00e9dias - Ringier","isPartOf":{"@id":"https:\/\/www.ringier.com\/fr\/#website"},"primaryImageOfPage":{"@id":"https:\/\/www.ringier.com\/fr\/le-groupe-ringier-lance-linitiative-equalvoice-pour-accroitre-la-visibilite-des-femmes-dans-les-medias\/#primaryimage"},"image":{"@id":"https:\/\/www.ringier.com\/fr\/le-groupe-ringier-lance-linitiative-equalvoice-pour-accroitre-la-visibilite-des-femmes-dans-les-medias\/#primaryimage"},"thumbnailUrl":"https:\/\/www.ringier.com\/wp-content\/uploads\/2021\/08\/Logo-EqualVoice-Ringier.png","datePublished":"2019-11-25T13:51:00+00:00","dateModified":"2025-06-23T13:23:02+00:00","breadcrumb":{"@id":"https:\/\/www.ringier.com\/fr\/le-groupe-ringier-lance-linitiative-equalvoice-pour-accroitre-la-visibilite-des-femmes-dans-les-medias\/#breadcrumb"},"inLanguage":"fr-FR","potentialAction":[{"@type":"ReadAction","target":["https:\/\/www.ringier.com\/fr\/le-groupe-ringier-lance-linitiative-equalvoice-pour-accroitre-la-visibilite-des-femmes-dans-les-medias\/"]}]},{"@type":"ImageObject","inLanguage":"fr-FR","@id":"https:\/\/www.ringier.com\/fr\/le-groupe-ringier-lance-linitiative-equalvoice-pour-accroitre-la-visibilite-des-femmes-dans-les-medias\/#primaryimage","url":"https:\/\/www.ringier.com\/wp-content\/uploads\/2021\/08\/Logo-EqualVoice-Ringier.png","contentUrl":"https:\/\/www.ringier.com\/wp-content\/uploads\/2021\/08\/Logo-EqualVoice-Ringier.png","width":600,"height":401},{"@type":"BreadcrumbList","@id":"https:\/\/www.ringier.com\/fr\/le-groupe-ringier-lance-linitiative-equalvoice-pour-accroitre-la-visibilite-des-femmes-dans-les-medias\/#breadcrumb","itemListElement":[{"@type":"ListItem","position":1,"name":"Home","item":"https:\/\/www.ringier.com\/fr\/"},{"@type":"ListItem","position":2,"name":"Le groupe Ringier lance l\u2019initiative \u00abEqualVoice\u00bb pour accro\u00eetre la visibilit\u00e9 des femmes dans les m\u00e9dias"}]},{"@type":"WebSite","@id":"https:\/\/www.ringier.com\/fr\/#website","url":"https:\/\/www.ringier.com\/fr\/","name":"Ringier","description":"We inform. We entertain. We connect","publisher":{"@id":"https:\/\/www.ringier.com\/fr\/#organization"},"potentialAction":[{"@type":"SearchAction","target":{"@type":"EntryPoint","urlTemplate":"https:\/\/www.ringier.com\/fr\/?s={search_term_string}"},"query-input":{"@type":"PropertyValueSpecification","valueRequired":true,"valueName":"search_term_string"}}],"inLanguage":"fr-FR"},{"@type":"Organization","@id":"https:\/\/www.ringier.com\/fr\/#organization","name":"Ringier","url":"https:\/\/www.ringier.com\/fr\/","logo":{"@type":"ImageObject","inLanguage":"fr-FR","@id":"https:\/\/www.ringier.com\/fr\/#\/schema\/logo\/image\/","url":"https:\/\/www.ringier.com\/wp-content\/uploads\/2021\/10\/ringier_logo_2.jpg","contentUrl":"https:\/\/www.ringier.com\/wp-content\/uploads\/2021\/10\/ringier_logo_2.jpg","width":750,"height":550,"caption":"Ringier"},"image":{"@id":"https:\/\/www.ringier.com\/fr\/#\/schema\/logo\/image\/"},"sameAs":["https:\/\/www.facebook.com\/ringierag\/","https:\/\/x.com\/ringier_ag","https:\/\/www.instagram.com\/ringier_ag\/","https:\/\/www.linkedin.com\/company\/ringier\/","https:\/\/www.youtube.com\/user\/RingierComm","https:\/\/en.wikipedia.org\/wiki\/Ringier","https:\/\/de.wikipedia.org\/wiki\/Ringier","https:\/\/fr.wikipedia.org\/wiki\/Ringier","https:\/\/www.crunchbase.com\/organization\/ringier-ag"]},{"@type":"Person","@id":"https:\/\/www.ringier.com\/fr\/#\/schema\/person\/4cf76a308dc4b2bb5121bd1e7b752e52","name":"Ringier Corporate Communications","image":{"@type":"ImageObject","inLanguage":"fr-FR","@id":"https:\/\/www.ringier.com\/fr\/#\/schema\/person\/image\/","url":"https:\/\/secure.gravatar.com\/avatar\/9391e20481368d5df4fe3e1e476c13b27786347489822ec1ed07e532bb41f587?s=96&d=mm&r=g","contentUrl":"https:\/\/secure.gravatar.com\/avatar\/9391e20481368d5df4fe3e1e476c13b27786347489822ec1ed07e532bb41f587?s=96&d=mm&r=g","caption":"Ringier Corporate Communications"},"sameAs":["https:\/\/www.ringier.com"]}]}},"_links":{"self":[{"href":"https:\/\/www.ringier.com\/fr\/wp-json\/wp\/v2\/posts\/302","targetHints":{"allow":["GET"]}}],"collection":[{"href":"https:\/\/www.ringier.com\/fr\/wp-json\/wp\/v2\/posts"}],"about":[{"href":"https:\/\/www.ringier.com\/fr\/wp-json\/wp\/v2\/types\/post"}],"author":[{"embeddable":true,"href":"https:\/\/www.ringier.com\/fr\/wp-json\/wp\/v2\/users\/23"}],"replies":[{"embeddable":true,"href":"https:\/\/www.ringier.com\/fr\/wp-json\/wp\/v2\/comments?post=302"}],"version-history":[{"count":0,"href":"https:\/\/www.ringier.com\/fr\/wp-json\/wp\/v2\/posts\/302\/revisions"}],"wp:featuredmedia":[{"embeddable":true,"href":"https:\/\/www.ringier.com\/fr\/wp-json\/wp\/v2\/media\/296"}],"wp:attachment":[{"href":"https:\/\/www.ringier.com\/fr\/wp-json\/wp\/v2\/media?parent=302"}],"wp:term":[{"taxonomy":"category","embeddable":true,"href":"https:\/\/www.ringier.com\/fr\/wp-json\/wp\/v2\/categories?post=302"},{"taxonomy":"post_tag","embeddable":true,"href":"https:\/\/www.ringier.com\/fr\/wp-json\/wp\/v2\/tags?post=302"}],"curies":[{"name":"wp","href":"https:\/\/api.w.org\/{rel}","templated":true}]}}