{"id":2765,"date":"2016-10-17T14:58:00","date_gmt":"2016-10-17T12:58:00","guid":{"rendered":"https:\/\/www.ringier.com\/ringier-digital-ventures-und-gruner-jahr-digital-ventures-investieren-in-makerist\/"},"modified":"2025-06-23T15:42:17","modified_gmt":"2025-06-23T13:42:17","slug":"ringier-digital-ventures-et-gruner-jahr-digital-ventures-investissent-dans-makerist","status":"publish","type":"post","link":"https:\/\/www.ringier.com\/fr\/ringier-digital-ventures-et-gruner-jahr-digital-ventures-investissent-dans-makerist\/","title":{"rendered":"Ringier Digital Ventures et Gruner + Jahr Digital Ventures investissent dans Makerist"},"content":{"rendered":"\n<p><a href=\"http:\/\/www.makerist.fr\/\"><em>M<\/em><\/a><em><a href=\"https:\/\/www.makerist.fr\/\">akerist<\/a><\/em>&nbsp;g\u00e8re une plate-forme d\u00e9di\u00e9e aux travaux manuels et aux \u00e9changes cr\u00e9atifs. Dans les cours dispens\u00e9s en ligne, les personnes d\u00e9butantes comme exp\u00e9riment\u00e9es apprennent, \u00e0 l\u2019aide de vid\u00e9os explicatives pr\u00e9sent\u00e9es \u00e9tape par \u00e9tape, tout ce qu\u2019il faut savoir sur la couture, le tricot, le crochet et la d\u00e9coration de g\u00e2teaux. La boutique en ligne int\u00e9gr\u00e9e au site propose des e-books sur les arts cr\u00e9atifs, des patrons et du mat\u00e9riel de couture, de tricot, de bricolage et de d\u00e9coration.<br>Depuis sa cr\u00e9ation en juin 2013, la jeune entreprise a embarqu\u00e9 \u00e0 son bord 38 collaborateurs et un r\u00e9seau compos\u00e9 de plus de 300 designers et cr\u00e9atifs. En l\u2019espace de trois ans, 14 000 notices explicatives en PDF et plus de 100 cours en vid\u00e9o \u2013 dont 1000 th\u00e9matiques individuelles \u2013 ont \u00e9t\u00e9 mis en ligne.<br>La start-up \u00e9tablie \u00e0 Berlin compte d\u00e9j\u00e0 520&nbsp;000 clients en Allemagne, en Suisse et en Autriche. L\u2019expansion dans d\u2019autres pays europ\u00e9ens est pr\u00e9vue \u00e0 court terme.<\/p>\n\n\n\n<p>Ringier Digital Ventures et Gruner + Jahr Digital Ventures participent conjointement \u00e0 la lev\u00e9e de fonds \u00e0 hauteur de 5 millions d\u2019euros.<br>Eu \u00e9gard au grand rayon d\u2019action des entreprises de m\u00e9dias Ringier, Gruner + Jahr et OZ Verlag, qui regroupent plus de 800 offres de presse \u00e9crite, de m\u00e9dias num\u00e9riques, de radio et de t\u00e9l\u00e9vision, la croissance de&nbsp;<a href=\"https:\/\/www.makerist.fr\/\"><em>Makerist<\/em><\/a>&nbsp;va s\u2019acc\u00e9l\u00e9rer \u00e0 l\u2019\u00e9chelle nationale comme internationale.<\/p>\n\n\n\n<p>David Hug, Managing Director de Ringier Digital Ventures: \u00abDans beaucoup de pays, le domaine des arts cr\u00e9atifs jouit d\u2019une popularit\u00e9 croissante. Il en va de m\u00eame en Suisse. Ce regain de popularit\u00e9 repose principalement sur le transfert des connaissances par l\u2019image anim\u00e9e, et&nbsp;<a href=\"https:\/\/www.makerist.fr\/\"><em>Makerist<\/em><\/a>&nbsp;est tout particuli\u00e8rement innovant et comp\u00e9tent dans ce secteur en pleine croissance. Nous sommes donc heureux de pouvoir d\u00e9velopper l\u2019offre et le rayon d\u2019action de&nbsp;<a href=\"https:\/\/www.makerist.fr\/\"><em>Makerist<\/em><\/a>&nbsp;en Suisse.\u00bb<\/p>\n\n\n\n<p>Axel Heinz, cofondateur de&nbsp;<a href=\"https:\/\/www.makerist.fr\/\"><em>Makerist<\/em><\/a>: \u00abRingier sera le moteur de notre internationalisation. Nous allons pouvoir profiter non seulement de l\u2019investissement, mais aussi de l\u2019exp\u00e9rience et de la notori\u00e9t\u00e9 de ce puissant partenaire et de ses nombreux produits m\u00e9diatiques.\u00bb<\/p>\n\n\n\n<p>Beate Koch, Managing Director de Gruner + Jahr Digital Ventures: \u00abNous estimons qu\u2019il existe un grand potentiel pour les mod\u00e8les commerciaux de contenus payants dans le domaine du bricolage et des arts cr\u00e9atifs. Les gens sont toujours plus nombreux \u00e0 vouloir r\u00e9aliser quelque chose par eux-m\u00eames, mais souvent, ne savent pas o\u00f9 trouver des notices explicatives et des cours pratiques. La concentration th\u00e9matique et le dynamisme de l\u2019\u00e9quipe nous ont convaincus d\u2019investir dans&nbsp;<a href=\"https:\/\/www.makerist.fr\/\"><em>Makerist<\/em><\/a>. Nous nous f\u00e9licitons d\u2019accompagner&nbsp;<a href=\"https:\/\/www.makerist.fr\/\"><em>Makerist<\/em><\/a>&nbsp;dans sa nouvelle phase de d\u00e9veloppement en compagnie d\u2019autres investisseurs puissants.\u00bb<\/p>\n\n\n\n<p>Amber Riedl, cofondatrice de&nbsp;<a href=\"https:\/\/www.makerist.fr\/\"><em>Makerist<\/em><\/a>: \u00abDix-huit millions d\u2019Allemands pratiquent activement la couture ou le tricot. Les grandes marques de Gruner + Jahr vont maintenant nous populariser \u2013 au-del\u00e0 des principaux groupes cibles que nous avons d\u00e9j\u00e0 atteints par nos propres vecteurs et nos coop\u00e9rations \u2013 aupr\u00e8s d\u2019une bien plus grande tranche de cette population. De plus, les th\u00e8mes des arts cr\u00e9atifs et du \u00ab\u00a0fait main\u00a0\u00bb s\u2019accordent parfaitement aux lecteurs des titres de presse de Gruner + Jahr, comme Flow ou Brigitte.\u00bb<\/p>\n\n\n\n<p>L\u2019investissement servira, entre autres, \u00e0 la production de vid\u00e9os didactiques, de supports de marketing et d\u2019un spot publicitaire. Tous les pouvoirs d\u00e9cisionnaires concernant l\u2019entreprise resteront aux mains de ses cofondateurs Amber Riedl et Axel Heinz.\u00a0<\/p>\n\n\n\n<figure class=\"wp-block-gallery columns-3 is-cropped wp-block-gallery-1 is-layout-flex wp-block-gallery-is-layout-flex\"><ul class=\"blocks-gallery-grid\"><li class=\"blocks-gallery-item\"><figure><img loading=\"lazy\" decoding=\"async\" width=\"1005\" height=\"670\" src=\"https:\/\/www.ringier.com\/wp-content\/uploads\/2021\/08\/AmberRiedl_AxelHeinz_2.png\" alt=\"\" data-id=\"2750\" data-link=\"https:\/\/www.ringier.com\/fr\/?attachment_id=2750\" class=\"wp-image-2751\" srcset=\"https:\/\/www.ringier.com\/wp-content\/uploads\/2021\/08\/AmberRiedl_AxelHeinz_2.png 1005w, https:\/\/www.ringier.com\/wp-content\/uploads\/2021\/08\/AmberRiedl_AxelHeinz_2-300x200.png 300w, https:\/\/www.ringier.com\/wp-content\/uploads\/2021\/08\/AmberRiedl_AxelHeinz_2-768x512.png 768w\" sizes=\"auto, (max-width: 1005px) 100vw, 1005px\" \/><\/figure><\/li><li class=\"blocks-gallery-item\"><figure><img loading=\"lazy\" decoding=\"async\" width=\"1005\" height=\"670\" src=\"https:\/\/www.ringier.com\/wp-content\/uploads\/2021\/08\/David_Hug_MM.png\" alt=\"\" data-id=\"2753\" data-link=\"https:\/\/www.ringier.com\/fr\/?attachment_id=2753\" class=\"wp-image-2754\" srcset=\"https:\/\/www.ringier.com\/wp-content\/uploads\/2021\/08\/David_Hug_MM.png 1005w, https:\/\/www.ringier.com\/wp-content\/uploads\/2021\/08\/David_Hug_MM-300x200.png 300w, https:\/\/www.ringier.com\/wp-content\/uploads\/2021\/08\/David_Hug_MM-768x512.png 768w\" sizes=\"auto, (max-width: 1005px) 100vw, 1005px\" \/><\/figure><\/li><li class=\"blocks-gallery-item\"><figure><img loading=\"lazy\" decoding=\"async\" width=\"1005\" height=\"670\" src=\"https:\/\/www.ringier.com\/wp-content\/uploads\/2021\/08\/Beate_Koch_MM-1.png\" alt=\"\" data-id=\"2762\" data-full-url=\"https:\/\/www.ringier.com\/wp-content\/uploads\/2021\/08\/Beate_Koch_MM-1.png\" data-link=\"https:\/\/www.ringier.com\/de\/ringier-digital-ventures-und-gruner-jahr-digital-ventures-investieren-in-makerist\/beate_koch_mm-1\/\" class=\"wp-image-2764\" srcset=\"https:\/\/www.ringier.com\/wp-content\/uploads\/2021\/08\/Beate_Koch_MM-1.png 1005w, https:\/\/www.ringier.com\/wp-content\/uploads\/2021\/08\/Beate_Koch_MM-1-300x200.png 300w, https:\/\/www.ringier.com\/wp-content\/uploads\/2021\/08\/Beate_Koch_MM-1-768x512.png 768w\" sizes=\"auto, (max-width: 1005px) 100vw, 1005px\" \/><\/figure><\/li><\/ul><\/figure>\n","protected":false},"excerpt":{"rendered":"<p>Ringier Digital Ventures acquiert des parts de la start-up d\u2019arts cr\u00e9atifs Makerist. Cette lev\u00e9e de fonds est financ\u00e9e en partenariat avec les investisseurs allemands Gruner + Jahr Digital Ventures, High-Tech-Gr\u00fcnderfonds et OZ Verlag. <\/p>\n","protected":false},"author":23,"featured_media":2761,"comment_status":"closed","ping_status":"open","sticky":false,"template":"","format":"standard","meta":{"inline_featured_image":false,"footnotes":""},"categories":[43],"tags":[],"class_list":["post-2765","post","type-post","status-publish","format-standard","has-post-thumbnail","hentry","category-corporate-fr"],"yoast_head":"<!-- This site is optimized with the Yoast SEO Premium plugin v27.0 (Yoast SEO v27.0) - https:\/\/yoast.com\/product\/yoast-seo-premium-wordpress\/ -->\n<title>Ringier Digital Ventures et Gruner + Jahr Digital Ventures investissent dans Makerist - Ringier<\/title>\n<meta name=\"robots\" content=\"index, follow, max-snippet:-1, max-image-preview:large, max-video-preview:-1\" \/>\n<link rel=\"canonical\" href=\"https:\/\/www.ringier.com\/fr\/ringier-digital-ventures-et-gruner-jahr-digital-ventures-investissent-dans-makerist\/\" \/>\n<meta property=\"og:locale\" content=\"fr_FR\" \/>\n<meta property=\"og:type\" content=\"article\" \/>\n<meta property=\"og:title\" content=\"Ringier Digital Ventures et Gruner + Jahr Digital Ventures investissent dans Makerist\" \/>\n<meta property=\"og:description\" content=\"Ringier Digital Ventures acquiert des parts de la start-up d\u2019arts cr\u00e9atifs Makerist. Cette lev\u00e9e de fonds est financ\u00e9e en partenariat avec les investisseurs allemands Gruner + Jahr Digital Ventures, High-Tech-Gr\u00fcnderfonds et OZ Verlag.\" \/>\n<meta property=\"og:url\" content=\"https:\/\/www.ringier.com\/fr\/ringier-digital-ventures-et-gruner-jahr-digital-ventures-investissent-dans-makerist\/\" \/>\n<meta property=\"og:site_name\" content=\"Ringier\" \/>\n<meta property=\"article:publisher\" content=\"https:\/\/www.facebook.com\/ringierag\/\" \/>\n<meta property=\"article:published_time\" content=\"2016-10-17T12:58:00+00:00\" \/>\n<meta property=\"article:modified_time\" content=\"2025-06-23T13:42:17+00:00\" \/>\n<meta property=\"og:image\" content=\"https:\/\/www.ringier.com\/wp-content\/uploads\/2021\/08\/AmberRiedl_AxelHeinz_web-1.jpg\" \/>\n\t<meta property=\"og:image:width\" content=\"600\" \/>\n\t<meta property=\"og:image:height\" content=\"400\" \/>\n\t<meta property=\"og:image:type\" content=\"image\/jpeg\" \/>\n<meta name=\"author\" content=\"Ringier Corporate Communications\" \/>\n<meta name=\"twitter:card\" content=\"summary_large_image\" \/>\n<meta name=\"twitter:creator\" content=\"@ringier_ag\" \/>\n<meta name=\"twitter:site\" content=\"@ringier_ag\" \/>\n<meta name=\"twitter:label1\" content=\"\u00c9crit par\" \/>\n\t<meta name=\"twitter:data1\" content=\"Ringier Corporate Communications\" \/>\n\t<meta name=\"twitter:label2\" content=\"Dur\u00e9e de lecture estim\u00e9e\" \/>\n\t<meta name=\"twitter:data2\" content=\"4 minutes\" \/>\n<script type=\"application\/ld+json\" class=\"yoast-schema-graph\">{\"@context\":\"https:\/\/schema.org\",\"@graph\":[{\"@type\":\"Article\",\"@id\":\"https:\/\/www.ringier.com\/fr\/ringier-digital-ventures-et-gruner-jahr-digital-ventures-investissent-dans-makerist\/#article\",\"isPartOf\":{\"@id\":\"https:\/\/www.ringier.com\/fr\/ringier-digital-ventures-et-gruner-jahr-digital-ventures-investissent-dans-makerist\/\"},\"author\":{\"name\":\"Ringier Corporate Communications\",\"@id\":\"https:\/\/www.ringier.com\/fr\/#\/schema\/person\/4cf76a308dc4b2bb5121bd1e7b752e52\"},\"headline\":\"Ringier Digital Ventures et Gruner + Jahr Digital Ventures investissent dans Makerist\",\"datePublished\":\"2016-10-17T12:58:00+00:00\",\"dateModified\":\"2025-06-23T13:42:17+00:00\",\"mainEntityOfPage\":{\"@id\":\"https:\/\/www.ringier.com\/fr\/ringier-digital-ventures-et-gruner-jahr-digital-ventures-investissent-dans-makerist\/\"},\"wordCount\":623,\"publisher\":{\"@id\":\"https:\/\/www.ringier.com\/fr\/#organization\"},\"image\":{\"@id\":\"https:\/\/www.ringier.com\/fr\/ringier-digital-ventures-et-gruner-jahr-digital-ventures-investissent-dans-makerist\/#primaryimage\"},\"thumbnailUrl\":\"https:\/\/www.ringier.com\/wp-content\/uploads\/2021\/08\/AmberRiedl_AxelHeinz_web-1.jpg\",\"articleSection\":[\"Corporate\"],\"inLanguage\":\"fr-FR\"},{\"@type\":\"WebPage\",\"@id\":\"https:\/\/www.ringier.com\/fr\/ringier-digital-ventures-et-gruner-jahr-digital-ventures-investissent-dans-makerist\/\",\"url\":\"https:\/\/www.ringier.com\/fr\/ringier-digital-ventures-et-gruner-jahr-digital-ventures-investissent-dans-makerist\/\",\"name\":\"Ringier Digital Ventures et Gruner + Jahr Digital Ventures investissent dans Makerist - Ringier\",\"isPartOf\":{\"@id\":\"https:\/\/www.ringier.com\/fr\/#website\"},\"primaryImageOfPage\":{\"@id\":\"https:\/\/www.ringier.com\/fr\/ringier-digital-ventures-et-gruner-jahr-digital-ventures-investissent-dans-makerist\/#primaryimage\"},\"image\":{\"@id\":\"https:\/\/www.ringier.com\/fr\/ringier-digital-ventures-et-gruner-jahr-digital-ventures-investissent-dans-makerist\/#primaryimage\"},\"thumbnailUrl\":\"https:\/\/www.ringier.com\/wp-content\/uploads\/2021\/08\/AmberRiedl_AxelHeinz_web-1.jpg\",\"datePublished\":\"2016-10-17T12:58:00+00:00\",\"dateModified\":\"2025-06-23T13:42:17+00:00\",\"breadcrumb\":{\"@id\":\"https:\/\/www.ringier.com\/fr\/ringier-digital-ventures-et-gruner-jahr-digital-ventures-investissent-dans-makerist\/#breadcrumb\"},\"inLanguage\":\"fr-FR\",\"potentialAction\":[{\"@type\":\"ReadAction\",\"target\":[\"https:\/\/www.ringier.com\/fr\/ringier-digital-ventures-et-gruner-jahr-digital-ventures-investissent-dans-makerist\/\"]}]},{\"@type\":\"ImageObject\",\"inLanguage\":\"fr-FR\",\"@id\":\"https:\/\/www.ringier.com\/fr\/ringier-digital-ventures-et-gruner-jahr-digital-ventures-investissent-dans-makerist\/#primaryimage\",\"url\":\"https:\/\/www.ringier.com\/wp-content\/uploads\/2021\/08\/AmberRiedl_AxelHeinz_web-1.jpg\",\"contentUrl\":\"https:\/\/www.ringier.com\/wp-content\/uploads\/2021\/08\/AmberRiedl_AxelHeinz_web-1.jpg\",\"width\":600,\"height\":400,\"caption\":\"Makerist Gr\u00fcnder Amber Riedl &amp; Axel Heinz\"},{\"@type\":\"BreadcrumbList\",\"@id\":\"https:\/\/www.ringier.com\/fr\/ringier-digital-ventures-et-gruner-jahr-digital-ventures-investissent-dans-makerist\/#breadcrumb\",\"itemListElement\":[{\"@type\":\"ListItem\",\"position\":1,\"name\":\"Home\",\"item\":\"https:\/\/www.ringier.com\/fr\/\"},{\"@type\":\"ListItem\",\"position\":2,\"name\":\"Ringier Digital Ventures et Gruner + Jahr Digital Ventures investissent dans Makerist\"}]},{\"@type\":\"WebSite\",\"@id\":\"https:\/\/www.ringier.com\/fr\/#website\",\"url\":\"https:\/\/www.ringier.com\/fr\/\",\"name\":\"Ringier\",\"description\":\"We inform. We entertain. We connect\",\"publisher\":{\"@id\":\"https:\/\/www.ringier.com\/fr\/#organization\"},\"potentialAction\":[{\"@type\":\"SearchAction\",\"target\":{\"@type\":\"EntryPoint\",\"urlTemplate\":\"https:\/\/www.ringier.com\/fr\/?s={search_term_string}\"},\"query-input\":{\"@type\":\"PropertyValueSpecification\",\"valueRequired\":true,\"valueName\":\"search_term_string\"}}],\"inLanguage\":\"fr-FR\"},{\"@type\":\"Organization\",\"@id\":\"https:\/\/www.ringier.com\/fr\/#organization\",\"name\":\"Ringier\",\"url\":\"https:\/\/www.ringier.com\/fr\/\",\"logo\":{\"@type\":\"ImageObject\",\"inLanguage\":\"fr-FR\",\"@id\":\"https:\/\/www.ringier.com\/fr\/#\/schema\/logo\/image\/\",\"url\":\"https:\/\/www.ringier.com\/wp-content\/uploads\/2021\/10\/ringier_logo_2.jpg\",\"contentUrl\":\"https:\/\/www.ringier.com\/wp-content\/uploads\/2021\/10\/ringier_logo_2.jpg\",\"width\":750,\"height\":550,\"caption\":\"Ringier\"},\"image\":{\"@id\":\"https:\/\/www.ringier.com\/fr\/#\/schema\/logo\/image\/\"},\"sameAs\":[\"https:\/\/www.facebook.com\/ringierag\/\",\"https:\/\/x.com\/ringier_ag\",\"https:\/\/www.instagram.com\/ringier_ag\/\",\"https:\/\/www.linkedin.com\/company\/ringier\/\",\"https:\/\/www.youtube.com\/user\/RingierComm\",\"https:\/\/en.wikipedia.org\/wiki\/Ringier\",\"https:\/\/de.wikipedia.org\/wiki\/Ringier\",\"https:\/\/fr.wikipedia.org\/wiki\/Ringier\",\"https:\/\/www.crunchbase.com\/organization\/ringier-ag\"]},{\"@type\":\"Person\",\"@id\":\"https:\/\/www.ringier.com\/fr\/#\/schema\/person\/4cf76a308dc4b2bb5121bd1e7b752e52\",\"name\":\"Ringier Corporate Communications\",\"image\":{\"@type\":\"ImageObject\",\"inLanguage\":\"fr-FR\",\"@id\":\"https:\/\/www.ringier.com\/fr\/#\/schema\/person\/image\/\",\"url\":\"https:\/\/secure.gravatar.com\/avatar\/9391e20481368d5df4fe3e1e476c13b27786347489822ec1ed07e532bb41f587?s=96&d=mm&r=g\",\"contentUrl\":\"https:\/\/secure.gravatar.com\/avatar\/9391e20481368d5df4fe3e1e476c13b27786347489822ec1ed07e532bb41f587?s=96&d=mm&r=g\",\"caption\":\"Ringier Corporate Communications\"},\"sameAs\":[\"https:\/\/www.ringier.com\"]}]}<\/script>\n<!-- \/ Yoast SEO Premium plugin. -->","yoast_head_json":{"title":"Ringier Digital Ventures et Gruner + Jahr Digital Ventures investissent dans Makerist - Ringier","robots":{"index":"index","follow":"follow","max-snippet":"max-snippet:-1","max-image-preview":"max-image-preview:large","max-video-preview":"max-video-preview:-1"},"canonical":"https:\/\/www.ringier.com\/fr\/ringier-digital-ventures-et-gruner-jahr-digital-ventures-investissent-dans-makerist\/","og_locale":"fr_FR","og_type":"article","og_title":"Ringier Digital Ventures et Gruner + Jahr Digital Ventures investissent dans Makerist","og_description":"Ringier Digital Ventures acquiert des parts de la start-up d\u2019arts cr\u00e9atifs Makerist. Cette lev\u00e9e de fonds est financ\u00e9e en partenariat avec les investisseurs allemands Gruner + Jahr Digital Ventures, High-Tech-Gr\u00fcnderfonds et OZ Verlag.","og_url":"https:\/\/www.ringier.com\/fr\/ringier-digital-ventures-et-gruner-jahr-digital-ventures-investissent-dans-makerist\/","og_site_name":"Ringier","article_publisher":"https:\/\/www.facebook.com\/ringierag\/","article_published_time":"2016-10-17T12:58:00+00:00","article_modified_time":"2025-06-23T13:42:17+00:00","og_image":[{"width":600,"height":400,"url":"https:\/\/www.ringier.com\/wp-content\/uploads\/2021\/08\/AmberRiedl_AxelHeinz_web-1.jpg","type":"image\/jpeg"}],"author":"Ringier Corporate Communications","twitter_card":"summary_large_image","twitter_creator":"@ringier_ag","twitter_site":"@ringier_ag","twitter_misc":{"\u00c9crit par":"Ringier Corporate Communications","Dur\u00e9e de lecture estim\u00e9e":"4 minutes"},"schema":{"@context":"https:\/\/schema.org","@graph":[{"@type":"Article","@id":"https:\/\/www.ringier.com\/fr\/ringier-digital-ventures-et-gruner-jahr-digital-ventures-investissent-dans-makerist\/#article","isPartOf":{"@id":"https:\/\/www.ringier.com\/fr\/ringier-digital-ventures-et-gruner-jahr-digital-ventures-investissent-dans-makerist\/"},"author":{"name":"Ringier Corporate Communications","@id":"https:\/\/www.ringier.com\/fr\/#\/schema\/person\/4cf76a308dc4b2bb5121bd1e7b752e52"},"headline":"Ringier Digital Ventures et Gruner + Jahr Digital Ventures investissent dans Makerist","datePublished":"2016-10-17T12:58:00+00:00","dateModified":"2025-06-23T13:42:17+00:00","mainEntityOfPage":{"@id":"https:\/\/www.ringier.com\/fr\/ringier-digital-ventures-et-gruner-jahr-digital-ventures-investissent-dans-makerist\/"},"wordCount":623,"publisher":{"@id":"https:\/\/www.ringier.com\/fr\/#organization"},"image":{"@id":"https:\/\/www.ringier.com\/fr\/ringier-digital-ventures-et-gruner-jahr-digital-ventures-investissent-dans-makerist\/#primaryimage"},"thumbnailUrl":"https:\/\/www.ringier.com\/wp-content\/uploads\/2021\/08\/AmberRiedl_AxelHeinz_web-1.jpg","articleSection":["Corporate"],"inLanguage":"fr-FR"},{"@type":"WebPage","@id":"https:\/\/www.ringier.com\/fr\/ringier-digital-ventures-et-gruner-jahr-digital-ventures-investissent-dans-makerist\/","url":"https:\/\/www.ringier.com\/fr\/ringier-digital-ventures-et-gruner-jahr-digital-ventures-investissent-dans-makerist\/","name":"Ringier Digital Ventures et Gruner + Jahr Digital Ventures investissent dans Makerist - Ringier","isPartOf":{"@id":"https:\/\/www.ringier.com\/fr\/#website"},"primaryImageOfPage":{"@id":"https:\/\/www.ringier.com\/fr\/ringier-digital-ventures-et-gruner-jahr-digital-ventures-investissent-dans-makerist\/#primaryimage"},"image":{"@id":"https:\/\/www.ringier.com\/fr\/ringier-digital-ventures-et-gruner-jahr-digital-ventures-investissent-dans-makerist\/#primaryimage"},"thumbnailUrl":"https:\/\/www.ringier.com\/wp-content\/uploads\/2021\/08\/AmberRiedl_AxelHeinz_web-1.jpg","datePublished":"2016-10-17T12:58:00+00:00","dateModified":"2025-06-23T13:42:17+00:00","breadcrumb":{"@id":"https:\/\/www.ringier.com\/fr\/ringier-digital-ventures-et-gruner-jahr-digital-ventures-investissent-dans-makerist\/#breadcrumb"},"inLanguage":"fr-FR","potentialAction":[{"@type":"ReadAction","target":["https:\/\/www.ringier.com\/fr\/ringier-digital-ventures-et-gruner-jahr-digital-ventures-investissent-dans-makerist\/"]}]},{"@type":"ImageObject","inLanguage":"fr-FR","@id":"https:\/\/www.ringier.com\/fr\/ringier-digital-ventures-et-gruner-jahr-digital-ventures-investissent-dans-makerist\/#primaryimage","url":"https:\/\/www.ringier.com\/wp-content\/uploads\/2021\/08\/AmberRiedl_AxelHeinz_web-1.jpg","contentUrl":"https:\/\/www.ringier.com\/wp-content\/uploads\/2021\/08\/AmberRiedl_AxelHeinz_web-1.jpg","width":600,"height":400,"caption":"Makerist Gr\u00fcnder Amber Riedl &amp; Axel Heinz"},{"@type":"BreadcrumbList","@id":"https:\/\/www.ringier.com\/fr\/ringier-digital-ventures-et-gruner-jahr-digital-ventures-investissent-dans-makerist\/#breadcrumb","itemListElement":[{"@type":"ListItem","position":1,"name":"Home","item":"https:\/\/www.ringier.com\/fr\/"},{"@type":"ListItem","position":2,"name":"Ringier Digital Ventures et Gruner + Jahr Digital Ventures investissent dans Makerist"}]},{"@type":"WebSite","@id":"https:\/\/www.ringier.com\/fr\/#website","url":"https:\/\/www.ringier.com\/fr\/","name":"Ringier","description":"We inform. We entertain. We connect","publisher":{"@id":"https:\/\/www.ringier.com\/fr\/#organization"},"potentialAction":[{"@type":"SearchAction","target":{"@type":"EntryPoint","urlTemplate":"https:\/\/www.ringier.com\/fr\/?s={search_term_string}"},"query-input":{"@type":"PropertyValueSpecification","valueRequired":true,"valueName":"search_term_string"}}],"inLanguage":"fr-FR"},{"@type":"Organization","@id":"https:\/\/www.ringier.com\/fr\/#organization","name":"Ringier","url":"https:\/\/www.ringier.com\/fr\/","logo":{"@type":"ImageObject","inLanguage":"fr-FR","@id":"https:\/\/www.ringier.com\/fr\/#\/schema\/logo\/image\/","url":"https:\/\/www.ringier.com\/wp-content\/uploads\/2021\/10\/ringier_logo_2.jpg","contentUrl":"https:\/\/www.ringier.com\/wp-content\/uploads\/2021\/10\/ringier_logo_2.jpg","width":750,"height":550,"caption":"Ringier"},"image":{"@id":"https:\/\/www.ringier.com\/fr\/#\/schema\/logo\/image\/"},"sameAs":["https:\/\/www.facebook.com\/ringierag\/","https:\/\/x.com\/ringier_ag","https:\/\/www.instagram.com\/ringier_ag\/","https:\/\/www.linkedin.com\/company\/ringier\/","https:\/\/www.youtube.com\/user\/RingierComm","https:\/\/en.wikipedia.org\/wiki\/Ringier","https:\/\/de.wikipedia.org\/wiki\/Ringier","https:\/\/fr.wikipedia.org\/wiki\/Ringier","https:\/\/www.crunchbase.com\/organization\/ringier-ag"]},{"@type":"Person","@id":"https:\/\/www.ringier.com\/fr\/#\/schema\/person\/4cf76a308dc4b2bb5121bd1e7b752e52","name":"Ringier Corporate Communications","image":{"@type":"ImageObject","inLanguage":"fr-FR","@id":"https:\/\/www.ringier.com\/fr\/#\/schema\/person\/image\/","url":"https:\/\/secure.gravatar.com\/avatar\/9391e20481368d5df4fe3e1e476c13b27786347489822ec1ed07e532bb41f587?s=96&d=mm&r=g","contentUrl":"https:\/\/secure.gravatar.com\/avatar\/9391e20481368d5df4fe3e1e476c13b27786347489822ec1ed07e532bb41f587?s=96&d=mm&r=g","caption":"Ringier Corporate Communications"},"sameAs":["https:\/\/www.ringier.com"]}]}},"_links":{"self":[{"href":"https:\/\/www.ringier.com\/fr\/wp-json\/wp\/v2\/posts\/2765","targetHints":{"allow":["GET"]}}],"collection":[{"href":"https:\/\/www.ringier.com\/fr\/wp-json\/wp\/v2\/posts"}],"about":[{"href":"https:\/\/www.ringier.com\/fr\/wp-json\/wp\/v2\/types\/post"}],"author":[{"embeddable":true,"href":"https:\/\/www.ringier.com\/fr\/wp-json\/wp\/v2\/users\/23"}],"replies":[{"embeddable":true,"href":"https:\/\/www.ringier.com\/fr\/wp-json\/wp\/v2\/comments?post=2765"}],"version-history":[{"count":0,"href":"https:\/\/www.ringier.com\/fr\/wp-json\/wp\/v2\/posts\/2765\/revisions"}],"wp:featuredmedia":[{"embeddable":true,"href":"https:\/\/www.ringier.com\/fr\/wp-json\/wp\/v2\/media\/2761"}],"wp:attachment":[{"href":"https:\/\/www.ringier.com\/fr\/wp-json\/wp\/v2\/media?parent=2765"}],"wp:term":[{"taxonomy":"category","embeddable":true,"href":"https:\/\/www.ringier.com\/fr\/wp-json\/wp\/v2\/categories?post=2765"},{"taxonomy":"post_tag","embeddable":true,"href":"https:\/\/www.ringier.com\/fr\/wp-json\/wp\/v2\/tags?post=2765"}],"curies":[{"name":"wp","href":"https:\/\/api.w.org\/{rel}","templated":true}]}}