{"id":24182,"date":"2026-09-03T09:00:00","date_gmt":"2026-09-03T07:00:00","guid":{"rendered":"https:\/\/www.ringier.com\/?p=24182"},"modified":"2026-09-03T09:16:23","modified_gmt":"2026-09-03T07:16:23","slug":"passage-de-temoin-ladina-heimgartner-reprend-la-direction-operationnelle-dequalvoice-la-fondatrice-annabella-bassler-prend-la-presidence-des-advisory-boards","status":"publish","type":"post","link":"https:\/\/www.ringier.com\/fr\/passage-de-temoin-ladina-heimgartner-reprend-la-direction-operationnelle-dequalvoice-la-fondatrice-annabella-bassler-prend-la-presidence-des-advisory-boards\/","title":{"rendered":"Passage de t\u00e9moin: Ladina Heimgartner reprend la direction op\u00e9rationnelle d\u2019EqualVoice \u2013 la fondatrice Annabella Bassler prend la pr\u00e9sidence des Advisory Boards"},"content":{"rendered":"\n<p class=\"wp-block-paragraph\">L\u2019initiative EqualVoice de Ringier ouvre un nouveau chapitre: sa fondatrice et CFO de Ringier, Annabella Bassler, transmet la direction op\u00e9rationnelle \u00e0 Ladina Heimgartner, Head Media et CEO de Ringier M\u00e9dias Suisse. Ce changement s\u2019explique par la croissance constante d\u2019EqualVoice au cours des derni\u00e8res ann\u00e9es. Afin de maximiser durablement son impact, l\u2019initiative est d\u00e9sormais directement ancr\u00e9e dans les activit\u00e9s op\u00e9rationnelles des m\u00e9dias et dans le c\u0153ur de m\u00e9tier.<\/p>\n\n\n\n<p class=\"wp-block-paragraph\">La transition se fera en douceur. Ladina Heimgartner prendra la direction d\u00e9but septembre 2026. Annabella Bassler restera \u00e9troitement li\u00e9e \u00e0 l\u2019initiative et assurera la pr\u00e9sidence des Advisory Boards national et international.<\/p>\n\n\n\n<p class=\"wp-block-paragraph\"><strong>Une success story qui se poursuit<\/strong><\/p>\n\n\n\n<p class=\"wp-block-paragraph\">Annabella Bassler, CFO de Ringier et initiatrice d\u2019EqualVoice: \u00abEqualVoice est pass\u00e9e d\u2019une id\u00e9e \u00e0 un mouvement efficace. Je remercie chaleureusement toutes les r\u00e9dactions, les \u00e9quipes et les partenaires qui ont marqu\u00e9 ce chemin avec tant de passion jusqu\u2019\u00e0 pr\u00e9sent. Avec l\u2019immense croissance de ces derni\u00e8res ann\u00e9es, le moment est id\u00e9al pour int\u00e9grer encore plus profond\u00e9ment l\u2019initiative dans le quotidien des m\u00e9dias. Ladina Heimgartner est la personne id\u00e9ale pour faire passer EqualVoice \u00e0 la vitesse sup\u00e9rieure. Je me r\u00e9jouis de pouvoir accompagner activement le d\u00e9veloppement strat\u00e9gique futur en tant que pr\u00e9sidente des Advisory Boards.\u00bb<\/p>\n\n\n\n<p class=\"wp-block-paragraph\">Ladina Heimgartner, Head Media et CEO de Ringier M\u00e9dias Suisse: \u00abAnnabella Bassler a r\u00e9alis\u00e9 un travail de pionni\u00e8re avec EqualVoice et a ancr\u00e9 solidement le th\u00e8me de l\u2019\u00e9galit\u00e9 des sexes dans les m\u00e9dias, en se basant sur des faits et de mani\u00e8re pragmatique. C\u2019est un honneur pour moi de reprendre la direction. Notre objectif est de d\u00e9velopper les initiatives EqualVoice existantes, de d\u00e9finir de nouvelles priorit\u00e9s de contenu et d\u2019utiliser la force de nos marques m\u00e9dias de mani\u00e8re encore plus cibl\u00e9e pour l\u2019\u00e9galit\u00e9 et la diversit\u00e9.\u00bb<\/p>\n\n\n\n<p class=\"wp-block-paragraph\"><strong>Une \u00e9tape technologique majeure: l\u2019EqualVoice-Assistant pour les entreprises<\/strong><\/p>\n\n\n\n<p class=\"wp-block-paragraph\">Parall\u00e8lement au changement de direction, EqualVoice prend son envol sur le plan technologique: en septembre 2026, EqualVoice lancera publiquement l\u2019EqualVoice-Assistant. La solution d\u2019IA, qui a d\u00e9j\u00e0 fait ses preuves dans les r\u00e9dactions avec plus de 32 000 articles par mois, s\u2019adresse d\u00e9sormais aussi aux entreprises et aux organisations. En tant qu\u2019environnement d\u2019\u00e9criture bas\u00e9 sur le web, l\u2019outil d\u00e9tecte les pr\u00e9jug\u00e9s de genre inconscients ainsi que les st\u00e9r\u00e9otypes directement lors de la r\u00e9daction de textes et fournit en temps r\u00e9el des alternatives pour une communication \u00e9quilibr\u00e9e.<\/p>\n\n\n\n<p class=\"wp-block-paragraph\">En outre, EqualVoice continue d\u2019\u00e9tendre son r\u00e9seau de partenaires EqualVoice United et d\u00e9veloppe une masterclass exclusive pour les cadres en collaboration avec la business school IMD.<\/p>\n\n\n\n<p class=\"wp-block-paragraph\"><strong>Renforcement de l\u2019Advisory Board<\/strong><strong><br><\/strong>Outre la nouvelle pr\u00e9sidence d\u2019Annabella Bassler, l\u2019Advisory Board national d\u2019EqualVoice b\u00e9n\u00e9ficie du renfort de haut niveau de Tatjana Haenni et Deniz Kayadelen.<\/p>\n\n\n\n<p class=\"wp-block-paragraph\"><strong>Tatjana Haenni<\/strong> est une pionni\u00e8re du football f\u00e9minin international et peut se pr\u00e9valoir d\u2019une carri\u00e8re impressionnante en tant que joueuse de l\u2019\u00e9quipe nationale suisse ainsi que comme dirigeante \u00e0 l\u2019UEFA, \u00e0 la FIFA et \u00e0 l\u2019ASF. En tant que premi\u00e8re femme \u00e0 la direction de l\u2019Association Suisse de Football, elle a contribu\u00e9 de mani\u00e8re d\u00e9cisive \u00e0 la professionnalisation et \u00e0 l\u2019\u00e9galit\u00e9 dans le sport. Apr\u00e8s avoir occup\u00e9 le poste de directrice sportive de la NWSL am\u00e9ricaine, la manager sportive prim\u00e9e a pris le r\u00f4le de CEO du RB Leipzig d\u00e9but 2026.<\/p>\n\n\n\n<p class=\"wp-block-paragraph\"><strong>Deniz Kayadelen<\/strong> est nageuse de l\u2019extr\u00eame, psychologue du travail, auteure de best-sellers et conf\u00e9renci\u00e8re. Elle a 15 ans d\u2019exp\u00e9rience au sein des Big Four, notamment en tant que responsable du Talent Management Consulting chez EY Suisse. Multiple championne du monde de nage en eau glac\u00e9e, d\u00e9tentrice d\u2019un record du monde Guinness et vainqueur de la Triple Crown, elle a nag\u00e9 au p\u00f4le Nord en 2026. En tant que fondatrice de \u00abOut of Comfort Zone\u00bb et d\u00e9veloppeuse de la Peak Flow Method\u00ae, elle aide les cadres \u00e0 surmonter leurs peurs et \u00e0 d\u00e9velopper leur r\u00e9silience mentale.<\/p>\n\n\n\n<p class=\"wp-block-paragraph\"><strong>Informations &amp; acc\u00e8s \u00e0 l\u2019EqualVoice-Assistant:<\/strong><\/p>\n\n\n\n<p class=\"wp-block-paragraph\">L\u2019environnement d\u2019\u00e9criture bas\u00e9 sur le web de l\u2019EqualVoice-Assistant est disponible d\u00e8s maintenant \u00e0 l\u2019adresse suivante: <a href=\"http:\/\/www.equalvoice.ch\/equalvoice-assistant\/\">www.equalvoice.ch\/equalvoice-assistant\/<\/a>&nbsp;<\/p>\n\n\n\n<hr class=\"wp-block-separator has-alpha-channel-opacity\"\/>\n\n\n\n<p class=\"has-small-font-size wp-block-paragraph\"><strong>\u00c0 propos d\u2019EqualVoice<\/strong><br>L\u2019initiative EqualVoice a \u00e9t\u00e9 lanc\u00e9e en novembre 2019 par Annabella Bassler, CFO de Ringier SA, et est pr\u00e9sid\u00e9e par l\u2019\u00e9diteur Michael Ringier et le CEO Marc Walder. L\u2019objectif de l\u2019initiative est de promouvoir l\u2019\u00e9galit\u00e9 entre les femmes et les hommes et d\u2019accro\u00eetre la visibilit\u00e9 des femmes dans les m\u00e9dias. La pi\u00e8ce ma\u00eetresse est l\u2019EqualVoice Factor, qui mesure la pr\u00e9sence des femmes et des hommes dans les contenus r\u00e9dactionnels. EqualVoice est d\u00e9sormais actif dans sept pays et dans plus de 32 marques de m\u00e9dias, et touche plus de 50 millions d\u2019utilisatrices et d&rsquo;utilisateurs. L\u2019initiative est soutenue par le r\u00e9seau EqualVoice United, qui regroupe plus de 20 entreprises engag\u00e9es en faveur de l\u2019\u00e9galit\u00e9. Pour plus d\u2019informations: www.equalvoice.ch<\/p>\n","protected":false},"excerpt":{"rendered":"<p>Ladina Heimgartner, Head Media et CEO de Ringier M\u00e9dias Suisse, reprend la direction op\u00e9rationnelle de l\u2019initiative EqualVoice de sa fondatrice Annabella Bassler. Ringier ancre ainsi l\u2019initiative encore plus profond\u00e9ment dans son c\u0153ur de m\u00e9tier. Parall\u00e8lement, le lancement public de l\u2019EqualVoice-Assistant, bas\u00e9 sur l\u2019IA, est imminent pour les entreprises. Annabella Bassler reprend la pr\u00e9sidence des Advisory Boards. De plus, Tatjana Haenni et Deniz Kayadelen rejoignent l\u2019Advisory Board national de l\u2019initiative de Ringier.<\/p>\n","protected":false},"author":35,"featured_media":24170,"comment_status":"closed","ping_status":"open","sticky":false,"template":"","format":"standard","meta":{"inline_featured_image":false,"footnotes":""},"categories":[380],"tags":[],"class_list":["post-24182","post","type-post","status-publish","format-standard","has-post-thumbnail","hentry","category-equalvoice-fr"],"yoast_head":"<!-- This site is optimized with the Yoast SEO Premium plugin v27.5 (Yoast SEO v28.3) - https:\/\/yoast.com\/product\/yoast-seo-premium-wordpress\/ -->\n<title>Passage de t\u00e9moin: Ladina Heimgartner reprend la direction op\u00e9rationnelle d\u2019EqualVoice \u2013 la fondatrice Annabella Bassler prend la pr\u00e9sidence des Advisory Boards - Ringier<\/title>\n<meta name=\"robots\" content=\"index, follow, max-snippet:-1, max-image-preview:large, max-video-preview:-1\" \/>\n<link rel=\"canonical\" href=\"https:\/\/www.ringier.com\/fr\/passage-de-temoin-ladina-heimgartner-reprend-la-direction-operationnelle-dequalvoice-la-fondatrice-annabella-bassler-prend-la-presidence-des-advisory-boards\/\" \/>\n<meta property=\"og:locale\" content=\"fr_FR\" \/>\n<meta property=\"og:type\" content=\"article\" \/>\n<meta property=\"og:title\" content=\"Passage de t\u00e9moin: Ladina Heimgartner reprend la direction op\u00e9rationnelle d\u2019EqualVoice \u2013 la fondatrice Annabella Bassler prend la pr\u00e9sidence des Advisory Boards\" \/>\n<meta property=\"og:description\" content=\"Ladina Heimgartner, Head Media et CEO de Ringier M\u00e9dias Suisse, reprend la direction op\u00e9rationnelle de l\u2019initiative EqualVoice de sa fondatrice Annabella Bassler. Ringier ancre ainsi l\u2019initiative encore plus profond\u00e9ment dans son c\u0153ur de m\u00e9tier. Parall\u00e8lement, le lancement public de l\u2019EqualVoice-Assistant, bas\u00e9 sur l\u2019IA, est imminent pour les entreprises. Annabella Bassler reprend la pr\u00e9sidence des Advisory Boards. De plus, Tatjana Haenni et Deniz Kayadelen rejoignent l\u2019Advisory Board national de l\u2019initiative de Ringier.\" \/>\n<meta property=\"og:url\" content=\"https:\/\/www.ringier.com\/fr\/passage-de-temoin-ladina-heimgartner-reprend-la-direction-operationnelle-dequalvoice-la-fondatrice-annabella-bassler-prend-la-presidence-des-advisory-boards\/\" \/>\n<meta property=\"og:site_name\" content=\"Ringier\" \/>\n<meta property=\"article:publisher\" content=\"https:\/\/www.facebook.com\/ringierag\/\" \/>\n<meta property=\"article:published_time\" content=\"2026-09-03T07:00:00+00:00\" \/>\n<meta property=\"article:modified_time\" content=\"2026-09-03T07:16:23+00:00\" \/>\n<meta property=\"og:image\" content=\"https:\/\/www.ringier.com\/wp-content\/uploads\/2026\/09\/MM_EV-Stabsuebergabe.jpg\" \/>\n\t<meta property=\"og:image:width\" content=\"1200\" \/>\n\t<meta property=\"og:image:height\" content=\"630\" \/>\n\t<meta property=\"og:image:type\" content=\"image\/jpeg\" \/>\n<meta name=\"author\" content=\"Maria Faessler\" \/>\n<meta name=\"twitter:card\" content=\"summary_large_image\" \/>\n<meta name=\"twitter:creator\" content=\"@ringier_ag\" \/>\n<meta name=\"twitter:site\" content=\"@ringier_ag\" \/>\n<meta name=\"twitter:label1\" content=\"\u00c9crit par\" \/>\n\t<meta name=\"twitter:data1\" content=\"Maria Faessler\" \/>\n\t<meta name=\"twitter:label2\" content=\"Dur\u00e9e de lecture estim\u00e9e\" \/>\n\t<meta name=\"twitter:data2\" content=\"4 minutes\" \/>\n<script type=\"application\/ld+json\" class=\"yoast-schema-graph\">{\"@context\":\"https:\\\/\\\/schema.org\",\"@graph\":[{\"@type\":\"Article\",\"@id\":\"https:\\\/\\\/www.ringier.com\\\/fr\\\/passage-de-temoin-ladina-heimgartner-reprend-la-direction-operationnelle-dequalvoice-la-fondatrice-annabella-bassler-prend-la-presidence-des-advisory-boards\\\/#article\",\"isPartOf\":{\"@id\":\"https:\\\/\\\/www.ringier.com\\\/fr\\\/passage-de-temoin-ladina-heimgartner-reprend-la-direction-operationnelle-dequalvoice-la-fondatrice-annabella-bassler-prend-la-presidence-des-advisory-boards\\\/\"},\"author\":{\"name\":\"Maria Faessler\",\"@id\":\"https:\\\/\\\/www.ringier.com\\\/fr\\\/#\\\/schema\\\/person\\\/3b9b5629ef22bc81a07ec50281cc01d3\"},\"headline\":\"Passage de t\u00e9moin: Ladina Heimgartner reprend la direction op\u00e9rationnelle d\u2019EqualVoice \u2013 la fondatrice Annabella Bassler prend la pr\u00e9sidence des Advisory Boards\",\"datePublished\":\"2026-09-03T07:00:00+00:00\",\"dateModified\":\"2026-09-03T07:16:23+00:00\",\"mainEntityOfPage\":{\"@id\":\"https:\\\/\\\/www.ringier.com\\\/fr\\\/passage-de-temoin-ladina-heimgartner-reprend-la-direction-operationnelle-dequalvoice-la-fondatrice-annabella-bassler-prend-la-presidence-des-advisory-boards\\\/\"},\"wordCount\":905,\"publisher\":{\"@id\":\"https:\\\/\\\/www.ringier.com\\\/fr\\\/#organization\"},\"image\":{\"@id\":\"https:\\\/\\\/www.ringier.com\\\/fr\\\/passage-de-temoin-ladina-heimgartner-reprend-la-direction-operationnelle-dequalvoice-la-fondatrice-annabella-bassler-prend-la-presidence-des-advisory-boards\\\/#primaryimage\"},\"thumbnailUrl\":\"https:\\\/\\\/www.ringier.com\\\/wp-content\\\/uploads\\\/2026\\\/09\\\/MM_EV-Stabsuebergabe.jpg\",\"articleSection\":[\"EqualVoice\"],\"inLanguage\":\"fr-FR\"},{\"@type\":\"WebPage\",\"@id\":\"https:\\\/\\\/www.ringier.com\\\/fr\\\/passage-de-temoin-ladina-heimgartner-reprend-la-direction-operationnelle-dequalvoice-la-fondatrice-annabella-bassler-prend-la-presidence-des-advisory-boards\\\/\",\"url\":\"https:\\\/\\\/www.ringier.com\\\/fr\\\/passage-de-temoin-ladina-heimgartner-reprend-la-direction-operationnelle-dequalvoice-la-fondatrice-annabella-bassler-prend-la-presidence-des-advisory-boards\\\/\",\"name\":\"Passage de t\u00e9moin: Ladina Heimgartner reprend la direction op\u00e9rationnelle d\u2019EqualVoice \u2013 la fondatrice Annabella Bassler prend la pr\u00e9sidence des Advisory Boards - Ringier\",\"isPartOf\":{\"@id\":\"https:\\\/\\\/www.ringier.com\\\/fr\\\/#website\"},\"primaryImageOfPage\":{\"@id\":\"https:\\\/\\\/www.ringier.com\\\/fr\\\/passage-de-temoin-ladina-heimgartner-reprend-la-direction-operationnelle-dequalvoice-la-fondatrice-annabella-bassler-prend-la-presidence-des-advisory-boards\\\/#primaryimage\"},\"image\":{\"@id\":\"https:\\\/\\\/www.ringier.com\\\/fr\\\/passage-de-temoin-ladina-heimgartner-reprend-la-direction-operationnelle-dequalvoice-la-fondatrice-annabella-bassler-prend-la-presidence-des-advisory-boards\\\/#primaryimage\"},\"thumbnailUrl\":\"https:\\\/\\\/www.ringier.com\\\/wp-content\\\/uploads\\\/2026\\\/09\\\/MM_EV-Stabsuebergabe.jpg\",\"datePublished\":\"2026-09-03T07:00:00+00:00\",\"dateModified\":\"2026-09-03T07:16:23+00:00\",\"breadcrumb\":{\"@id\":\"https:\\\/\\\/www.ringier.com\\\/fr\\\/passage-de-temoin-ladina-heimgartner-reprend-la-direction-operationnelle-dequalvoice-la-fondatrice-annabella-bassler-prend-la-presidence-des-advisory-boards\\\/#breadcrumb\"},\"inLanguage\":\"fr-FR\",\"potentialAction\":[{\"@type\":\"ReadAction\",\"target\":[\"https:\\\/\\\/www.ringier.com\\\/fr\\\/passage-de-temoin-ladina-heimgartner-reprend-la-direction-operationnelle-dequalvoice-la-fondatrice-annabella-bassler-prend-la-presidence-des-advisory-boards\\\/\"]}]},{\"@type\":\"ImageObject\",\"inLanguage\":\"fr-FR\",\"@id\":\"https:\\\/\\\/www.ringier.com\\\/fr\\\/passage-de-temoin-ladina-heimgartner-reprend-la-direction-operationnelle-dequalvoice-la-fondatrice-annabella-bassler-prend-la-presidence-des-advisory-boards\\\/#primaryimage\",\"url\":\"https:\\\/\\\/www.ringier.com\\\/wp-content\\\/uploads\\\/2026\\\/09\\\/MM_EV-Stabsuebergabe.jpg\",\"contentUrl\":\"https:\\\/\\\/www.ringier.com\\\/wp-content\\\/uploads\\\/2026\\\/09\\\/MM_EV-Stabsuebergabe.jpg\",\"width\":1200,\"height\":630},{\"@type\":\"BreadcrumbList\",\"@id\":\"https:\\\/\\\/www.ringier.com\\\/fr\\\/passage-de-temoin-ladina-heimgartner-reprend-la-direction-operationnelle-dequalvoice-la-fondatrice-annabella-bassler-prend-la-presidence-des-advisory-boards\\\/#breadcrumb\",\"itemListElement\":[{\"@type\":\"ListItem\",\"position\":1,\"name\":\"Home\",\"item\":\"https:\\\/\\\/www.ringier.com\\\/fr\\\/\"},{\"@type\":\"ListItem\",\"position\":2,\"name\":\"Passage de t\u00e9moin: Ladina Heimgartner reprend la direction op\u00e9rationnelle d\u2019EqualVoice \u2013 la fondatrice Annabella Bassler prend la pr\u00e9sidence des Advisory Boards\"}]},{\"@type\":\"WebSite\",\"@id\":\"https:\\\/\\\/www.ringier.com\\\/fr\\\/#website\",\"url\":\"https:\\\/\\\/www.ringier.com\\\/fr\\\/\",\"name\":\"Ringier\",\"description\":\"We inform. We entertain. We connect\",\"publisher\":{\"@id\":\"https:\\\/\\\/www.ringier.com\\\/fr\\\/#organization\"},\"potentialAction\":[{\"@type\":\"SearchAction\",\"target\":{\"@type\":\"EntryPoint\",\"urlTemplate\":\"https:\\\/\\\/www.ringier.com\\\/fr\\\/?s={search_term_string}\"},\"query-input\":{\"@type\":\"PropertyValueSpecification\",\"valueRequired\":true,\"valueName\":\"search_term_string\"}}],\"inLanguage\":\"fr-FR\"},{\"@type\":\"Organization\",\"@id\":\"https:\\\/\\\/www.ringier.com\\\/fr\\\/#organization\",\"name\":\"Ringier\",\"url\":\"https:\\\/\\\/www.ringier.com\\\/fr\\\/\",\"logo\":{\"@type\":\"ImageObject\",\"inLanguage\":\"fr-FR\",\"@id\":\"https:\\\/\\\/www.ringier.com\\\/fr\\\/#\\\/schema\\\/logo\\\/image\\\/\",\"url\":\"https:\\\/\\\/www.ringier.com\\\/wp-content\\\/uploads\\\/2021\\\/10\\\/ringier_logo_2.jpg\",\"contentUrl\":\"https:\\\/\\\/www.ringier.com\\\/wp-content\\\/uploads\\\/2021\\\/10\\\/ringier_logo_2.jpg\",\"width\":750,\"height\":550,\"caption\":\"Ringier\"},\"image\":{\"@id\":\"https:\\\/\\\/www.ringier.com\\\/fr\\\/#\\\/schema\\\/logo\\\/image\\\/\"},\"sameAs\":[\"https:\\\/\\\/www.facebook.com\\\/ringierag\\\/\",\"https:\\\/\\\/x.com\\\/ringier_ag\",\"https:\\\/\\\/www.instagram.com\\\/ringier_ag\\\/\",\"https:\\\/\\\/www.linkedin.com\\\/company\\\/ringier\\\/\",\"https:\\\/\\\/www.youtube.com\\\/user\\\/RingierComm\",\"https:\\\/\\\/en.wikipedia.org\\\/wiki\\\/Ringier\",\"https:\\\/\\\/de.wikipedia.org\\\/wiki\\\/Ringier\",\"https:\\\/\\\/fr.wikipedia.org\\\/wiki\\\/Ringier\",\"https:\\\/\\\/www.crunchbase.com\\\/organization\\\/ringier-ag\"]},{\"@type\":\"Person\",\"@id\":\"https:\\\/\\\/www.ringier.com\\\/fr\\\/#\\\/schema\\\/person\\\/3b9b5629ef22bc81a07ec50281cc01d3\",\"name\":\"Maria Faessler\",\"image\":{\"@type\":\"ImageObject\",\"inLanguage\":\"fr-FR\",\"@id\":\"https:\\\/\\\/secure.gravatar.com\\\/avatar\\\/c647814a317915ed9f429594bf9164cf1ebb047b1fa4972b0748b565e0974d56?s=96&d=mm&r=g\",\"url\":\"https:\\\/\\\/secure.gravatar.com\\\/avatar\\\/c647814a317915ed9f429594bf9164cf1ebb047b1fa4972b0748b565e0974d56?s=96&d=mm&r=g\",\"contentUrl\":\"https:\\\/\\\/secure.gravatar.com\\\/avatar\\\/c647814a317915ed9f429594bf9164cf1ebb047b1fa4972b0748b565e0974d56?s=96&d=mm&r=g\",\"caption\":\"Maria Faessler\"}}]}<\/script>\n<!-- \/ Yoast SEO Premium plugin. -->","yoast_head_json":{"title":"Passage de t\u00e9moin: Ladina Heimgartner reprend la direction op\u00e9rationnelle d\u2019EqualVoice \u2013 la fondatrice Annabella Bassler prend la pr\u00e9sidence des Advisory Boards - Ringier","robots":{"index":"index","follow":"follow","max-snippet":"max-snippet:-1","max-image-preview":"max-image-preview:large","max-video-preview":"max-video-preview:-1"},"canonical":"https:\/\/www.ringier.com\/fr\/passage-de-temoin-ladina-heimgartner-reprend-la-direction-operationnelle-dequalvoice-la-fondatrice-annabella-bassler-prend-la-presidence-des-advisory-boards\/","og_locale":"fr_FR","og_type":"article","og_title":"Passage de t\u00e9moin: Ladina Heimgartner reprend la direction op\u00e9rationnelle d\u2019EqualVoice \u2013 la fondatrice Annabella Bassler prend la pr\u00e9sidence des Advisory Boards","og_description":"Ladina Heimgartner, Head Media et CEO de Ringier M\u00e9dias Suisse, reprend la direction op\u00e9rationnelle de l\u2019initiative EqualVoice de sa fondatrice Annabella Bassler. Ringier ancre ainsi l\u2019initiative encore plus profond\u00e9ment dans son c\u0153ur de m\u00e9tier. Parall\u00e8lement, le lancement public de l\u2019EqualVoice-Assistant, bas\u00e9 sur l\u2019IA, est imminent pour les entreprises. Annabella Bassler reprend la pr\u00e9sidence des Advisory Boards. De plus, Tatjana Haenni et Deniz Kayadelen rejoignent l\u2019Advisory Board national de l\u2019initiative de Ringier.","og_url":"https:\/\/www.ringier.com\/fr\/passage-de-temoin-ladina-heimgartner-reprend-la-direction-operationnelle-dequalvoice-la-fondatrice-annabella-bassler-prend-la-presidence-des-advisory-boards\/","og_site_name":"Ringier","article_publisher":"https:\/\/www.facebook.com\/ringierag\/","article_published_time":"2026-09-03T07:00:00+00:00","article_modified_time":"2026-09-03T07:16:23+00:00","og_image":[{"width":1200,"height":630,"url":"https:\/\/www.ringier.com\/wp-content\/uploads\/2026\/09\/MM_EV-Stabsuebergabe.jpg","type":"image\/jpeg"}],"author":"Maria Faessler","twitter_card":"summary_large_image","twitter_creator":"@ringier_ag","twitter_site":"@ringier_ag","twitter_misc":{"\u00c9crit par":"Maria Faessler","Dur\u00e9e de lecture estim\u00e9e":"4 minutes"},"schema":{"@context":"https:\/\/schema.org","@graph":[{"@type":"Article","@id":"https:\/\/www.ringier.com\/fr\/passage-de-temoin-ladina-heimgartner-reprend-la-direction-operationnelle-dequalvoice-la-fondatrice-annabella-bassler-prend-la-presidence-des-advisory-boards\/#article","isPartOf":{"@id":"https:\/\/www.ringier.com\/fr\/passage-de-temoin-ladina-heimgartner-reprend-la-direction-operationnelle-dequalvoice-la-fondatrice-annabella-bassler-prend-la-presidence-des-advisory-boards\/"},"author":{"name":"Maria Faessler","@id":"https:\/\/www.ringier.com\/fr\/#\/schema\/person\/3b9b5629ef22bc81a07ec50281cc01d3"},"headline":"Passage de t\u00e9moin: Ladina Heimgartner reprend la direction op\u00e9rationnelle d\u2019EqualVoice \u2013 la fondatrice Annabella Bassler prend la pr\u00e9sidence des Advisory Boards","datePublished":"2026-09-03T07:00:00+00:00","dateModified":"2026-09-03T07:16:23+00:00","mainEntityOfPage":{"@id":"https:\/\/www.ringier.com\/fr\/passage-de-temoin-ladina-heimgartner-reprend-la-direction-operationnelle-dequalvoice-la-fondatrice-annabella-bassler-prend-la-presidence-des-advisory-boards\/"},"wordCount":905,"publisher":{"@id":"https:\/\/www.ringier.com\/fr\/#organization"},"image":{"@id":"https:\/\/www.ringier.com\/fr\/passage-de-temoin-ladina-heimgartner-reprend-la-direction-operationnelle-dequalvoice-la-fondatrice-annabella-bassler-prend-la-presidence-des-advisory-boards\/#primaryimage"},"thumbnailUrl":"https:\/\/www.ringier.com\/wp-content\/uploads\/2026\/09\/MM_EV-Stabsuebergabe.jpg","articleSection":["EqualVoice"],"inLanguage":"fr-FR"},{"@type":"WebPage","@id":"https:\/\/www.ringier.com\/fr\/passage-de-temoin-ladina-heimgartner-reprend-la-direction-operationnelle-dequalvoice-la-fondatrice-annabella-bassler-prend-la-presidence-des-advisory-boards\/","url":"https:\/\/www.ringier.com\/fr\/passage-de-temoin-ladina-heimgartner-reprend-la-direction-operationnelle-dequalvoice-la-fondatrice-annabella-bassler-prend-la-presidence-des-advisory-boards\/","name":"Passage de t\u00e9moin: Ladina Heimgartner reprend la direction op\u00e9rationnelle d\u2019EqualVoice \u2013 la fondatrice Annabella Bassler prend la pr\u00e9sidence des Advisory Boards - Ringier","isPartOf":{"@id":"https:\/\/www.ringier.com\/fr\/#website"},"primaryImageOfPage":{"@id":"https:\/\/www.ringier.com\/fr\/passage-de-temoin-ladina-heimgartner-reprend-la-direction-operationnelle-dequalvoice-la-fondatrice-annabella-bassler-prend-la-presidence-des-advisory-boards\/#primaryimage"},"image":{"@id":"https:\/\/www.ringier.com\/fr\/passage-de-temoin-ladina-heimgartner-reprend-la-direction-operationnelle-dequalvoice-la-fondatrice-annabella-bassler-prend-la-presidence-des-advisory-boards\/#primaryimage"},"thumbnailUrl":"https:\/\/www.ringier.com\/wp-content\/uploads\/2026\/09\/MM_EV-Stabsuebergabe.jpg","datePublished":"2026-09-03T07:00:00+00:00","dateModified":"2026-09-03T07:16:23+00:00","breadcrumb":{"@id":"https:\/\/www.ringier.com\/fr\/passage-de-temoin-ladina-heimgartner-reprend-la-direction-operationnelle-dequalvoice-la-fondatrice-annabella-bassler-prend-la-presidence-des-advisory-boards\/#breadcrumb"},"inLanguage":"fr-FR","potentialAction":[{"@type":"ReadAction","target":["https:\/\/www.ringier.com\/fr\/passage-de-temoin-ladina-heimgartner-reprend-la-direction-operationnelle-dequalvoice-la-fondatrice-annabella-bassler-prend-la-presidence-des-advisory-boards\/"]}]},{"@type":"ImageObject","inLanguage":"fr-FR","@id":"https:\/\/www.ringier.com\/fr\/passage-de-temoin-ladina-heimgartner-reprend-la-direction-operationnelle-dequalvoice-la-fondatrice-annabella-bassler-prend-la-presidence-des-advisory-boards\/#primaryimage","url":"https:\/\/www.ringier.com\/wp-content\/uploads\/2026\/09\/MM_EV-Stabsuebergabe.jpg","contentUrl":"https:\/\/www.ringier.com\/wp-content\/uploads\/2026\/09\/MM_EV-Stabsuebergabe.jpg","width":1200,"height":630},{"@type":"BreadcrumbList","@id":"https:\/\/www.ringier.com\/fr\/passage-de-temoin-ladina-heimgartner-reprend-la-direction-operationnelle-dequalvoice-la-fondatrice-annabella-bassler-prend-la-presidence-des-advisory-boards\/#breadcrumb","itemListElement":[{"@type":"ListItem","position":1,"name":"Home","item":"https:\/\/www.ringier.com\/fr\/"},{"@type":"ListItem","position":2,"name":"Passage de t\u00e9moin: Ladina Heimgartner reprend la direction op\u00e9rationnelle d\u2019EqualVoice \u2013 la fondatrice Annabella Bassler prend la pr\u00e9sidence des Advisory Boards"}]},{"@type":"WebSite","@id":"https:\/\/www.ringier.com\/fr\/#website","url":"https:\/\/www.ringier.com\/fr\/","name":"Ringier","description":"We inform. We entertain. We connect","publisher":{"@id":"https:\/\/www.ringier.com\/fr\/#organization"},"potentialAction":[{"@type":"SearchAction","target":{"@type":"EntryPoint","urlTemplate":"https:\/\/www.ringier.com\/fr\/?s={search_term_string}"},"query-input":{"@type":"PropertyValueSpecification","valueRequired":true,"valueName":"search_term_string"}}],"inLanguage":"fr-FR"},{"@type":"Organization","@id":"https:\/\/www.ringier.com\/fr\/#organization","name":"Ringier","url":"https:\/\/www.ringier.com\/fr\/","logo":{"@type":"ImageObject","inLanguage":"fr-FR","@id":"https:\/\/www.ringier.com\/fr\/#\/schema\/logo\/image\/","url":"https:\/\/www.ringier.com\/wp-content\/uploads\/2021\/10\/ringier_logo_2.jpg","contentUrl":"https:\/\/www.ringier.com\/wp-content\/uploads\/2021\/10\/ringier_logo_2.jpg","width":750,"height":550,"caption":"Ringier"},"image":{"@id":"https:\/\/www.ringier.com\/fr\/#\/schema\/logo\/image\/"},"sameAs":["https:\/\/www.facebook.com\/ringierag\/","https:\/\/x.com\/ringier_ag","https:\/\/www.instagram.com\/ringier_ag\/","https:\/\/www.linkedin.com\/company\/ringier\/","https:\/\/www.youtube.com\/user\/RingierComm","https:\/\/en.wikipedia.org\/wiki\/Ringier","https:\/\/de.wikipedia.org\/wiki\/Ringier","https:\/\/fr.wikipedia.org\/wiki\/Ringier","https:\/\/www.crunchbase.com\/organization\/ringier-ag"]},{"@type":"Person","@id":"https:\/\/www.ringier.com\/fr\/#\/schema\/person\/3b9b5629ef22bc81a07ec50281cc01d3","name":"Maria Faessler","image":{"@type":"ImageObject","inLanguage":"fr-FR","@id":"https:\/\/secure.gravatar.com\/avatar\/c647814a317915ed9f429594bf9164cf1ebb047b1fa4972b0748b565e0974d56?s=96&d=mm&r=g","url":"https:\/\/secure.gravatar.com\/avatar\/c647814a317915ed9f429594bf9164cf1ebb047b1fa4972b0748b565e0974d56?s=96&d=mm&r=g","contentUrl":"https:\/\/secure.gravatar.com\/avatar\/c647814a317915ed9f429594bf9164cf1ebb047b1fa4972b0748b565e0974d56?s=96&d=mm&r=g","caption":"Maria Faessler"}}]}},"_links":{"self":[{"href":"https:\/\/www.ringier.com\/fr\/wp-json\/wp\/v2\/posts\/24182","targetHints":{"allow":["GET"]}}],"collection":[{"href":"https:\/\/www.ringier.com\/fr\/wp-json\/wp\/v2\/posts"}],"about":[{"href":"https:\/\/www.ringier.com\/fr\/wp-json\/wp\/v2\/types\/post"}],"author":[{"embeddable":true,"href":"https:\/\/www.ringier.com\/fr\/wp-json\/wp\/v2\/users\/35"}],"replies":[{"embeddable":true,"href":"https:\/\/www.ringier.com\/fr\/wp-json\/wp\/v2\/comments?post=24182"}],"version-history":[{"count":1,"href":"https:\/\/www.ringier.com\/fr\/wp-json\/wp\/v2\/posts\/24182\/revisions"}],"predecessor-version":[{"id":24183,"href":"https:\/\/www.ringier.com\/fr\/wp-json\/wp\/v2\/posts\/24182\/revisions\/24183"}],"wp:featuredmedia":[{"embeddable":true,"href":"https:\/\/www.ringier.com\/fr\/wp-json\/wp\/v2\/media\/24170"}],"wp:attachment":[{"href":"https:\/\/www.ringier.com\/fr\/wp-json\/wp\/v2\/media?parent=24182"}],"wp:term":[{"taxonomy":"category","embeddable":true,"href":"https:\/\/www.ringier.com\/fr\/wp-json\/wp\/v2\/categories?post=24182"},{"taxonomy":"post_tag","embeddable":true,"href":"https:\/\/www.ringier.com\/fr\/wp-json\/wp\/v2\/tags?post=24182"}],"curies":[{"name":"wp","href":"https:\/\/api.w.org\/{rel}","templated":true}]}}