{"id":23604,"date":"2026-04-09T09:00:00","date_gmt":"2026-04-09T07:00:00","guid":{"rendered":"https:\/\/www.ringier.com\/?p=23604"},"modified":"2026-04-07T13:55:37","modified_gmt":"2026-04-07T11:55:37","slug":"une-forte-presence-en-deplacement-schweizer-illustrierte-et-lillustre-desormais-chez-livesystems","status":"publish","type":"post","link":"https:\/\/www.ringier.com\/fr\/une-forte-presence-en-deplacement-schweizer-illustrierte-et-lillustre-desormais-chez-livesystems\/","title":{"rendered":"Une forte pr\u00e9sence en d\u00e9placement: Schweizer Illustrierte et L\u2019illustr\u00e9 d\u00e9sormais chez Livesystems"},"content":{"rendered":"\n<p>Le rideau se l\u00e8ve! La Schweizer Illustrierte et L\u2019illustr\u00e9 sont au plus pr\u00e8s des personnalit\u00e9s de notre pays comme personne d\u2019autre. D\u00e9sormais, ces nouvelles se retrouvent l\u00e0 o\u00f9 la Suisse est en d\u00e9placement et en mouvement. De mani\u00e8re authentique, proche et divertissante.<\/p>\n\n\n\n<p>Le double lancement des deux titres people sur plus de 13\u2019000 \u00e9crans num\u00e9riques Livesystems en Suisse al\u00e9manique et en Suisse romande est accompagn\u00e9 d\u2019une campagne en plusieurs \u00e9tapes qui transpose l\u2019ambition d\u2019\u00eatre \u00abau plus pr\u00e8s\u00bb de l\u2019actualit\u00e9 des c\u00e9l\u00e9brit\u00e9s dans de courts films de marque.<\/p>\n\n\n\n<p>Apr\u00e8s Blick, Beobachter, Schweizer Illustrierte et L\u2019illustr\u00e9, d\u2019autres marques du portefeuille de Ringier M\u00e9dias Suisse suivront dans les mois \u00e0 venir, comme cash, BILANZ, Handelszeitung et PME.<\/p>\n","protected":false},"excerpt":{"rendered":"<p>L\u2019offre de Livesystems et de Ringier M\u00e9dias Suisse continue de s\u2019\u00e9toffer: dans le cadre du partenariat de contenu national, plus de 13\u2019000 \u00e9crans num\u00e9riques en Suisse al\u00e9manique et en Suisse romande diffusent d\u00e9sormais aussi les derni\u00e8res histoires de la Schweizer Illustrierte et de L\u2019illustr\u00e9.<\/p>\n","protected":false},"author":35,"featured_media":23605,"comment_status":"closed","ping_status":"open","sticky":false,"template":"","format":"standard","meta":{"inline_featured_image":false,"footnotes":""},"categories":[363],"tags":[],"class_list":["post-23604","post","type-post","status-publish","format-standard","has-post-thumbnail","hentry","category-ringier-medias-suisse"],"yoast_head":"<!-- This site is optimized with the Yoast SEO Premium plugin v27.0 (Yoast SEO v27.0) - https:\/\/yoast.com\/product\/yoast-seo-premium-wordpress\/ -->\n<title>Une forte pr\u00e9sence en d\u00e9placement: Schweizer Illustrierte et L\u2019illustr\u00e9 d\u00e9sormais chez Livesystems - Ringier<\/title>\n<meta name=\"robots\" content=\"index, follow, max-snippet:-1, max-image-preview:large, max-video-preview:-1\" \/>\n<link rel=\"canonical\" href=\"https:\/\/www.ringier.com\/fr\/une-forte-presence-en-deplacement-schweizer-illustrierte-et-lillustre-desormais-chez-livesystems\/\" \/>\n<meta property=\"og:locale\" content=\"fr_FR\" \/>\n<meta property=\"og:type\" content=\"article\" \/>\n<meta property=\"og:title\" content=\"Une forte pr\u00e9sence en d\u00e9placement: Schweizer Illustrierte et L\u2019illustr\u00e9 d\u00e9sormais chez Livesystems\" \/>\n<meta property=\"og:description\" content=\"L\u2019offre de Livesystems et de Ringier M\u00e9dias Suisse continue de s\u2019\u00e9toffer: dans le cadre du partenariat de contenu national, plus de 13\u2019000 \u00e9crans num\u00e9riques en Suisse al\u00e9manique et en Suisse romande diffusent d\u00e9sormais aussi les derni\u00e8res histoires de la Schweizer Illustrierte et de L\u2019illustr\u00e9.\" \/>\n<meta property=\"og:url\" content=\"https:\/\/www.ringier.com\/fr\/une-forte-presence-en-deplacement-schweizer-illustrierte-et-lillustre-desormais-chez-livesystems\/\" \/>\n<meta property=\"og:site_name\" content=\"Ringier\" \/>\n<meta property=\"article:publisher\" content=\"https:\/\/www.facebook.com\/ringierag\/\" \/>\n<meta property=\"article:published_time\" content=\"2026-04-09T07:00:00+00:00\" \/>\n<meta property=\"og:image\" content=\"https:\/\/www.ringier.com\/wp-content\/uploads\/2026\/04\/LivesystemsXSI_MM_FR.png\" \/>\n\t<meta property=\"og:image:width\" content=\"1200\" \/>\n\t<meta property=\"og:image:height\" content=\"630\" \/>\n\t<meta property=\"og:image:type\" content=\"image\/png\" \/>\n<meta name=\"author\" content=\"Maria Faessler\" \/>\n<meta name=\"twitter:card\" content=\"summary_large_image\" \/>\n<meta name=\"twitter:creator\" content=\"@ringier_ag\" \/>\n<meta name=\"twitter:site\" content=\"@ringier_ag\" \/>\n<meta name=\"twitter:label1\" content=\"\u00c9crit par\" \/>\n\t<meta name=\"twitter:data1\" content=\"Maria Faessler\" \/>\n\t<meta name=\"twitter:label2\" content=\"Dur\u00e9e de lecture estim\u00e9e\" \/>\n\t<meta name=\"twitter:data2\" content=\"1 minute\" \/>\n<script type=\"application\/ld+json\" class=\"yoast-schema-graph\">{\"@context\":\"https:\/\/schema.org\",\"@graph\":[{\"@type\":\"Article\",\"@id\":\"https:\/\/www.ringier.com\/fr\/une-forte-presence-en-deplacement-schweizer-illustrierte-et-lillustre-desormais-chez-livesystems\/#article\",\"isPartOf\":{\"@id\":\"https:\/\/www.ringier.com\/fr\/une-forte-presence-en-deplacement-schweizer-illustrierte-et-lillustre-desormais-chez-livesystems\/\"},\"author\":{\"name\":\"Maria Faessler\",\"@id\":\"https:\/\/www.ringier.com\/fr\/#\/schema\/person\/3b9b5629ef22bc81a07ec50281cc01d3\"},\"headline\":\"Une forte pr\u00e9sence en d\u00e9placement: Schweizer Illustrierte et L\u2019illustr\u00e9 d\u00e9sormais chez Livesystems\",\"datePublished\":\"2026-04-09T07:00:00+00:00\",\"mainEntityOfPage\":{\"@id\":\"https:\/\/www.ringier.com\/fr\/une-forte-presence-en-deplacement-schweizer-illustrierte-et-lillustre-desormais-chez-livesystems\/\"},\"wordCount\":150,\"publisher\":{\"@id\":\"https:\/\/www.ringier.com\/fr\/#organization\"},\"image\":{\"@id\":\"https:\/\/www.ringier.com\/fr\/une-forte-presence-en-deplacement-schweizer-illustrierte-et-lillustre-desormais-chez-livesystems\/#primaryimage\"},\"thumbnailUrl\":\"https:\/\/www.ringier.com\/wp-content\/uploads\/2026\/04\/LivesystemsXSI_MM_FR.png\",\"articleSection\":[\"Ringier Medias Suisse\"],\"inLanguage\":\"fr-FR\"},{\"@type\":\"WebPage\",\"@id\":\"https:\/\/www.ringier.com\/fr\/une-forte-presence-en-deplacement-schweizer-illustrierte-et-lillustre-desormais-chez-livesystems\/\",\"url\":\"https:\/\/www.ringier.com\/fr\/une-forte-presence-en-deplacement-schweizer-illustrierte-et-lillustre-desormais-chez-livesystems\/\",\"name\":\"Une forte pr\u00e9sence en d\u00e9placement: Schweizer Illustrierte et L\u2019illustr\u00e9 d\u00e9sormais chez Livesystems - Ringier\",\"isPartOf\":{\"@id\":\"https:\/\/www.ringier.com\/fr\/#website\"},\"primaryImageOfPage\":{\"@id\":\"https:\/\/www.ringier.com\/fr\/une-forte-presence-en-deplacement-schweizer-illustrierte-et-lillustre-desormais-chez-livesystems\/#primaryimage\"},\"image\":{\"@id\":\"https:\/\/www.ringier.com\/fr\/une-forte-presence-en-deplacement-schweizer-illustrierte-et-lillustre-desormais-chez-livesystems\/#primaryimage\"},\"thumbnailUrl\":\"https:\/\/www.ringier.com\/wp-content\/uploads\/2026\/04\/LivesystemsXSI_MM_FR.png\",\"datePublished\":\"2026-04-09T07:00:00+00:00\",\"breadcrumb\":{\"@id\":\"https:\/\/www.ringier.com\/fr\/une-forte-presence-en-deplacement-schweizer-illustrierte-et-lillustre-desormais-chez-livesystems\/#breadcrumb\"},\"inLanguage\":\"fr-FR\",\"potentialAction\":[{\"@type\":\"ReadAction\",\"target\":[\"https:\/\/www.ringier.com\/fr\/une-forte-presence-en-deplacement-schweizer-illustrierte-et-lillustre-desormais-chez-livesystems\/\"]}]},{\"@type\":\"ImageObject\",\"inLanguage\":\"fr-FR\",\"@id\":\"https:\/\/www.ringier.com\/fr\/une-forte-presence-en-deplacement-schweizer-illustrierte-et-lillustre-desormais-chez-livesystems\/#primaryimage\",\"url\":\"https:\/\/www.ringier.com\/wp-content\/uploads\/2026\/04\/LivesystemsXSI_MM_FR.png\",\"contentUrl\":\"https:\/\/www.ringier.com\/wp-content\/uploads\/2026\/04\/LivesystemsXSI_MM_FR.png\",\"width\":1200,\"height\":630},{\"@type\":\"BreadcrumbList\",\"@id\":\"https:\/\/www.ringier.com\/fr\/une-forte-presence-en-deplacement-schweizer-illustrierte-et-lillustre-desormais-chez-livesystems\/#breadcrumb\",\"itemListElement\":[{\"@type\":\"ListItem\",\"position\":1,\"name\":\"Home\",\"item\":\"https:\/\/www.ringier.com\/fr\/\"},{\"@type\":\"ListItem\",\"position\":2,\"name\":\"Une forte pr\u00e9sence en d\u00e9placement: Schweizer Illustrierte et L\u2019illustr\u00e9 d\u00e9sormais chez Livesystems\"}]},{\"@type\":\"WebSite\",\"@id\":\"https:\/\/www.ringier.com\/fr\/#website\",\"url\":\"https:\/\/www.ringier.com\/fr\/\",\"name\":\"Ringier\",\"description\":\"We inform. We entertain. We connect\",\"publisher\":{\"@id\":\"https:\/\/www.ringier.com\/fr\/#organization\"},\"potentialAction\":[{\"@type\":\"SearchAction\",\"target\":{\"@type\":\"EntryPoint\",\"urlTemplate\":\"https:\/\/www.ringier.com\/fr\/?s={search_term_string}\"},\"query-input\":{\"@type\":\"PropertyValueSpecification\",\"valueRequired\":true,\"valueName\":\"search_term_string\"}}],\"inLanguage\":\"fr-FR\"},{\"@type\":\"Organization\",\"@id\":\"https:\/\/www.ringier.com\/fr\/#organization\",\"name\":\"Ringier\",\"url\":\"https:\/\/www.ringier.com\/fr\/\",\"logo\":{\"@type\":\"ImageObject\",\"inLanguage\":\"fr-FR\",\"@id\":\"https:\/\/www.ringier.com\/fr\/#\/schema\/logo\/image\/\",\"url\":\"https:\/\/www.ringier.com\/wp-content\/uploads\/2021\/10\/ringier_logo_2.jpg\",\"contentUrl\":\"https:\/\/www.ringier.com\/wp-content\/uploads\/2021\/10\/ringier_logo_2.jpg\",\"width\":750,\"height\":550,\"caption\":\"Ringier\"},\"image\":{\"@id\":\"https:\/\/www.ringier.com\/fr\/#\/schema\/logo\/image\/\"},\"sameAs\":[\"https:\/\/www.facebook.com\/ringierag\/\",\"https:\/\/x.com\/ringier_ag\",\"https:\/\/www.instagram.com\/ringier_ag\/\",\"https:\/\/www.linkedin.com\/company\/ringier\/\",\"https:\/\/www.youtube.com\/user\/RingierComm\",\"https:\/\/en.wikipedia.org\/wiki\/Ringier\",\"https:\/\/de.wikipedia.org\/wiki\/Ringier\",\"https:\/\/fr.wikipedia.org\/wiki\/Ringier\",\"https:\/\/www.crunchbase.com\/organization\/ringier-ag\"]},{\"@type\":\"Person\",\"@id\":\"https:\/\/www.ringier.com\/fr\/#\/schema\/person\/3b9b5629ef22bc81a07ec50281cc01d3\",\"name\":\"Maria Faessler\",\"image\":{\"@type\":\"ImageObject\",\"inLanguage\":\"fr-FR\",\"@id\":\"https:\/\/www.ringier.com\/fr\/#\/schema\/person\/image\/\",\"url\":\"https:\/\/secure.gravatar.com\/avatar\/c647814a317915ed9f429594bf9164cf1ebb047b1fa4972b0748b565e0974d56?s=96&d=mm&r=g\",\"contentUrl\":\"https:\/\/secure.gravatar.com\/avatar\/c647814a317915ed9f429594bf9164cf1ebb047b1fa4972b0748b565e0974d56?s=96&d=mm&r=g\",\"caption\":\"Maria Faessler\"}}]}<\/script>\n<!-- \/ Yoast SEO Premium plugin. -->","yoast_head_json":{"title":"Une forte pr\u00e9sence en d\u00e9placement: Schweizer Illustrierte et L\u2019illustr\u00e9 d\u00e9sormais chez Livesystems - Ringier","robots":{"index":"index","follow":"follow","max-snippet":"max-snippet:-1","max-image-preview":"max-image-preview:large","max-video-preview":"max-video-preview:-1"},"canonical":"https:\/\/www.ringier.com\/fr\/une-forte-presence-en-deplacement-schweizer-illustrierte-et-lillustre-desormais-chez-livesystems\/","og_locale":"fr_FR","og_type":"article","og_title":"Une forte pr\u00e9sence en d\u00e9placement: Schweizer Illustrierte et L\u2019illustr\u00e9 d\u00e9sormais chez Livesystems","og_description":"L\u2019offre de Livesystems et de Ringier M\u00e9dias Suisse continue de s\u2019\u00e9toffer: dans le cadre du partenariat de contenu national, plus de 13\u2019000 \u00e9crans num\u00e9riques en Suisse al\u00e9manique et en Suisse romande diffusent d\u00e9sormais aussi les derni\u00e8res histoires de la Schweizer Illustrierte et de L\u2019illustr\u00e9.","og_url":"https:\/\/www.ringier.com\/fr\/une-forte-presence-en-deplacement-schweizer-illustrierte-et-lillustre-desormais-chez-livesystems\/","og_site_name":"Ringier","article_publisher":"https:\/\/www.facebook.com\/ringierag\/","article_published_time":"2026-04-09T07:00:00+00:00","og_image":[{"width":1200,"height":630,"url":"https:\/\/www.ringier.com\/wp-content\/uploads\/2026\/04\/LivesystemsXSI_MM_FR.png","type":"image\/png"}],"author":"Maria Faessler","twitter_card":"summary_large_image","twitter_creator":"@ringier_ag","twitter_site":"@ringier_ag","twitter_misc":{"\u00c9crit par":"Maria Faessler","Dur\u00e9e de lecture estim\u00e9e":"1 minute"},"schema":{"@context":"https:\/\/schema.org","@graph":[{"@type":"Article","@id":"https:\/\/www.ringier.com\/fr\/une-forte-presence-en-deplacement-schweizer-illustrierte-et-lillustre-desormais-chez-livesystems\/#article","isPartOf":{"@id":"https:\/\/www.ringier.com\/fr\/une-forte-presence-en-deplacement-schweizer-illustrierte-et-lillustre-desormais-chez-livesystems\/"},"author":{"name":"Maria Faessler","@id":"https:\/\/www.ringier.com\/fr\/#\/schema\/person\/3b9b5629ef22bc81a07ec50281cc01d3"},"headline":"Une forte pr\u00e9sence en d\u00e9placement: Schweizer Illustrierte et L\u2019illustr\u00e9 d\u00e9sormais chez Livesystems","datePublished":"2026-04-09T07:00:00+00:00","mainEntityOfPage":{"@id":"https:\/\/www.ringier.com\/fr\/une-forte-presence-en-deplacement-schweizer-illustrierte-et-lillustre-desormais-chez-livesystems\/"},"wordCount":150,"publisher":{"@id":"https:\/\/www.ringier.com\/fr\/#organization"},"image":{"@id":"https:\/\/www.ringier.com\/fr\/une-forte-presence-en-deplacement-schweizer-illustrierte-et-lillustre-desormais-chez-livesystems\/#primaryimage"},"thumbnailUrl":"https:\/\/www.ringier.com\/wp-content\/uploads\/2026\/04\/LivesystemsXSI_MM_FR.png","articleSection":["Ringier Medias Suisse"],"inLanguage":"fr-FR"},{"@type":"WebPage","@id":"https:\/\/www.ringier.com\/fr\/une-forte-presence-en-deplacement-schweizer-illustrierte-et-lillustre-desormais-chez-livesystems\/","url":"https:\/\/www.ringier.com\/fr\/une-forte-presence-en-deplacement-schweizer-illustrierte-et-lillustre-desormais-chez-livesystems\/","name":"Une forte pr\u00e9sence en d\u00e9placement: Schweizer Illustrierte et L\u2019illustr\u00e9 d\u00e9sormais chez Livesystems - Ringier","isPartOf":{"@id":"https:\/\/www.ringier.com\/fr\/#website"},"primaryImageOfPage":{"@id":"https:\/\/www.ringier.com\/fr\/une-forte-presence-en-deplacement-schweizer-illustrierte-et-lillustre-desormais-chez-livesystems\/#primaryimage"},"image":{"@id":"https:\/\/www.ringier.com\/fr\/une-forte-presence-en-deplacement-schweizer-illustrierte-et-lillustre-desormais-chez-livesystems\/#primaryimage"},"thumbnailUrl":"https:\/\/www.ringier.com\/wp-content\/uploads\/2026\/04\/LivesystemsXSI_MM_FR.png","datePublished":"2026-04-09T07:00:00+00:00","breadcrumb":{"@id":"https:\/\/www.ringier.com\/fr\/une-forte-presence-en-deplacement-schweizer-illustrierte-et-lillustre-desormais-chez-livesystems\/#breadcrumb"},"inLanguage":"fr-FR","potentialAction":[{"@type":"ReadAction","target":["https:\/\/www.ringier.com\/fr\/une-forte-presence-en-deplacement-schweizer-illustrierte-et-lillustre-desormais-chez-livesystems\/"]}]},{"@type":"ImageObject","inLanguage":"fr-FR","@id":"https:\/\/www.ringier.com\/fr\/une-forte-presence-en-deplacement-schweizer-illustrierte-et-lillustre-desormais-chez-livesystems\/#primaryimage","url":"https:\/\/www.ringier.com\/wp-content\/uploads\/2026\/04\/LivesystemsXSI_MM_FR.png","contentUrl":"https:\/\/www.ringier.com\/wp-content\/uploads\/2026\/04\/LivesystemsXSI_MM_FR.png","width":1200,"height":630},{"@type":"BreadcrumbList","@id":"https:\/\/www.ringier.com\/fr\/une-forte-presence-en-deplacement-schweizer-illustrierte-et-lillustre-desormais-chez-livesystems\/#breadcrumb","itemListElement":[{"@type":"ListItem","position":1,"name":"Home","item":"https:\/\/www.ringier.com\/fr\/"},{"@type":"ListItem","position":2,"name":"Une forte pr\u00e9sence en d\u00e9placement: Schweizer Illustrierte et L\u2019illustr\u00e9 d\u00e9sormais chez Livesystems"}]},{"@type":"WebSite","@id":"https:\/\/www.ringier.com\/fr\/#website","url":"https:\/\/www.ringier.com\/fr\/","name":"Ringier","description":"We inform. We entertain. We connect","publisher":{"@id":"https:\/\/www.ringier.com\/fr\/#organization"},"potentialAction":[{"@type":"SearchAction","target":{"@type":"EntryPoint","urlTemplate":"https:\/\/www.ringier.com\/fr\/?s={search_term_string}"},"query-input":{"@type":"PropertyValueSpecification","valueRequired":true,"valueName":"search_term_string"}}],"inLanguage":"fr-FR"},{"@type":"Organization","@id":"https:\/\/www.ringier.com\/fr\/#organization","name":"Ringier","url":"https:\/\/www.ringier.com\/fr\/","logo":{"@type":"ImageObject","inLanguage":"fr-FR","@id":"https:\/\/www.ringier.com\/fr\/#\/schema\/logo\/image\/","url":"https:\/\/www.ringier.com\/wp-content\/uploads\/2021\/10\/ringier_logo_2.jpg","contentUrl":"https:\/\/www.ringier.com\/wp-content\/uploads\/2021\/10\/ringier_logo_2.jpg","width":750,"height":550,"caption":"Ringier"},"image":{"@id":"https:\/\/www.ringier.com\/fr\/#\/schema\/logo\/image\/"},"sameAs":["https:\/\/www.facebook.com\/ringierag\/","https:\/\/x.com\/ringier_ag","https:\/\/www.instagram.com\/ringier_ag\/","https:\/\/www.linkedin.com\/company\/ringier\/","https:\/\/www.youtube.com\/user\/RingierComm","https:\/\/en.wikipedia.org\/wiki\/Ringier","https:\/\/de.wikipedia.org\/wiki\/Ringier","https:\/\/fr.wikipedia.org\/wiki\/Ringier","https:\/\/www.crunchbase.com\/organization\/ringier-ag"]},{"@type":"Person","@id":"https:\/\/www.ringier.com\/fr\/#\/schema\/person\/3b9b5629ef22bc81a07ec50281cc01d3","name":"Maria Faessler","image":{"@type":"ImageObject","inLanguage":"fr-FR","@id":"https:\/\/www.ringier.com\/fr\/#\/schema\/person\/image\/","url":"https:\/\/secure.gravatar.com\/avatar\/c647814a317915ed9f429594bf9164cf1ebb047b1fa4972b0748b565e0974d56?s=96&d=mm&r=g","contentUrl":"https:\/\/secure.gravatar.com\/avatar\/c647814a317915ed9f429594bf9164cf1ebb047b1fa4972b0748b565e0974d56?s=96&d=mm&r=g","caption":"Maria Faessler"}}]}},"_links":{"self":[{"href":"https:\/\/www.ringier.com\/fr\/wp-json\/wp\/v2\/posts\/23604","targetHints":{"allow":["GET"]}}],"collection":[{"href":"https:\/\/www.ringier.com\/fr\/wp-json\/wp\/v2\/posts"}],"about":[{"href":"https:\/\/www.ringier.com\/fr\/wp-json\/wp\/v2\/types\/post"}],"author":[{"embeddable":true,"href":"https:\/\/www.ringier.com\/fr\/wp-json\/wp\/v2\/users\/35"}],"replies":[{"embeddable":true,"href":"https:\/\/www.ringier.com\/fr\/wp-json\/wp\/v2\/comments?post=23604"}],"version-history":[{"count":0,"href":"https:\/\/www.ringier.com\/fr\/wp-json\/wp\/v2\/posts\/23604\/revisions"}],"wp:featuredmedia":[{"embeddable":true,"href":"https:\/\/www.ringier.com\/fr\/wp-json\/wp\/v2\/media\/23605"}],"wp:attachment":[{"href":"https:\/\/www.ringier.com\/fr\/wp-json\/wp\/v2\/media?parent=23604"}],"wp:term":[{"taxonomy":"category","embeddable":true,"href":"https:\/\/www.ringier.com\/fr\/wp-json\/wp\/v2\/categories?post=23604"},{"taxonomy":"post_tag","embeddable":true,"href":"https:\/\/www.ringier.com\/fr\/wp-json\/wp\/v2\/tags?post=23604"}],"curies":[{"name":"wp","href":"https:\/\/api.w.org\/{rel}","templated":true}]}}