{"id":23006,"date":"2025-12-08T14:15:00","date_gmt":"2025-12-08T13:15:00","guid":{"rendered":"https:\/\/www.ringier.com\/?p=23006"},"modified":"2025-12-08T14:32:30","modified_gmt":"2025-12-08T13:32:30","slug":"ringier-corporate-communications-remporte-leuropean-excellence-award-2025-avec-speak-2025","status":"publish","type":"post","link":"https:\/\/www.ringier.com\/fr\/ringier-corporate-communications-remporte-leuropean-excellence-award-2025-avec-speak-2025\/","title":{"rendered":"Ringier Corporate Communications remporte l\u2019European Excellence Award 2025 avec \u00abSPEAK 2025\u00bb"},"content":{"rendered":"\n<p>The corporate storytelling format \u201cSPEAK\u201d has been led and continuously developed since 2020 under the responsibility of Johanna Walser, Ringier\u2019s Chief Communications Officer, in close collaboration with Marc Walder (CEO), Georg Sturm (Sturmzentrale Advertising), Hannes Sigrist-Thompson (FS Parker), and Thomas Goebbels (Film Advertising Brands, FAB).<br\/><br\/>The European Excellence Awards are among the most prestigious communications awards in Europe. They recognise outstanding strategic, creative and effective communication across organisations, industries and markets. Each year, several hundred projects from across Europe are evaluated by an independent international jury. Awarded work spans fields such as corporate and executive communications, brand storytelling, digital innovation, internal communication and sustainability. The awards are widely regarded as a benchmark for professional communications excellence at European level.<br\/><br\/><strong>Marc Walder, Ringier CEO:<\/strong> \u201cThe excellent team led by Johanna Walser, supported by Hannes Sigrist-Thompson and Georg Sturm has been conceiving and producing Ringier Group\u2019s SPEAK format for several years. Thanks to this outstanding work, SPEAK has become Ringier\u2019s most important event for information, orientation, and inspiration.\u201d<\/p>\n\n<p><br\/>The category \u00abExecutive Communications &amp; Positioning\u00bb honours communication concepts that sustainably strengthen the role and credibility of corporate leadership, both internally and externally. From hundreds of submissions, the jury selected Ringier\u2019s \u201cSPEAK 2025\u201d for its clear narrative, strategic coherence and tangible impact in framing key future challenges and the strategic direction of the Ringier Group.<\/p>\n\n<p><br\/>With the \u00abSPEAK\u00bb format, Ringier fundamentally reimagined its annual reporting, moving away from a traditional top-down update to a hybrid storytelling format. In the 2025 edition, Group CFO Dr Annabella Bassler presented the 2024 financial results, while CEO Marc Walder positioned transformation as a core element of Ringier\u2019s DNA, with a clear focus on artificial intelligence and AI agents.<\/p>\n\n<p><br\/>Beyond content, the project\u2019s particular strength lay in its communicative and visual architecture. Data and interpretation, strategy and leadership perspective, as well as information and dialogue, were deliberately integrated and visually translated. More than 6,000 employees participated live at Kino Corso in Zurich and via live stream worldwide. \u201cSPEAK\u201d thus became a shared experience rather than a one-way information format, positioning Corporate Communications as a strategic bridge between leadership and the organisation.<\/p>\n\n<p><br\/>Winning the European Excellence Award 2025 in the newly created category \u201cExecutive Communications &amp; Positioning\u201d underlines Corporate Communications at Ringier as a strategic leadership function and as an important contributor to the company\u2019s long-term value creation.<\/p>\n","protected":false},"excerpt":{"rendered":"<p>Ringier Corporate Communication a re\u00e7u un European Excellence Award 2025 dans la cat\u00e9gorie \u00abExecutive Communications &#038; Positioning\u00bb pour le projet \u00abSPEAK 2025 \u2013 Corporate Storytelling around the Future of Strategy, AI &#038; AI Agents at Ringier\u00bb. La c\u00e9r\u00e9monie de remise des prix s\u2019est tenue le 5 d\u00e9cembre dans le cadre de la 19\u1d49 \u00e9dition des European Excellence Awards, au Bar jeder Vernunft \u00e0 Berlin.<\/p>\n","protected":false},"author":24,"featured_media":23010,"comment_status":"closed","ping_status":"open","sticky":false,"template":"","format":"standard","meta":{"inline_featured_image":false,"footnotes":""},"categories":[43],"tags":[],"class_list":["post-23006","post","type-post","status-publish","format-standard","has-post-thumbnail","hentry","category-corporate-fr"],"yoast_head":"<!-- This site is optimized with the Yoast SEO Premium plugin v27.0 (Yoast SEO v27.0) - https:\/\/yoast.com\/product\/yoast-seo-premium-wordpress\/ -->\n<title>Ringier Corporate Communications remporte l\u2019European Excellence Award 2025 avec \u00abSPEAK 2025\u00bb - Ringier<\/title>\n<meta name=\"robots\" content=\"index, follow, max-snippet:-1, max-image-preview:large, max-video-preview:-1\" \/>\n<link rel=\"canonical\" href=\"https:\/\/www.ringier.com\/fr\/ringier-corporate-communications-remporte-leuropean-excellence-award-2025-avec-speak-2025\/\" \/>\n<meta property=\"og:locale\" content=\"fr_FR\" \/>\n<meta property=\"og:type\" content=\"article\" \/>\n<meta property=\"og:title\" content=\"Ringier Corporate Communications remporte l\u2019European Excellence Award 2025 avec \u00abSPEAK 2025\u00bb\" \/>\n<meta property=\"og:description\" content=\"Ringier Corporate Communication a re\u00e7u un European Excellence Award 2025 dans la cat\u00e9gorie \u00abExecutive Communications &amp; Positioning\u00bb pour le projet \u00abSPEAK 2025 \u2013 Corporate Storytelling around the Future of Strategy, AI &amp; AI Agents at Ringier\u00bb. La c\u00e9r\u00e9monie de remise des prix s\u2019est tenue le 5 d\u00e9cembre dans le cadre de la 19\u1d49 \u00e9dition des European Excellence Awards, au Bar jeder Vernunft \u00e0 Berlin.\" \/>\n<meta property=\"og:url\" content=\"https:\/\/www.ringier.com\/fr\/ringier-corporate-communications-remporte-leuropean-excellence-award-2025-avec-speak-2025\/\" \/>\n<meta property=\"og:site_name\" content=\"Ringier\" \/>\n<meta property=\"article:publisher\" content=\"https:\/\/www.facebook.com\/ringierag\/\" \/>\n<meta property=\"article:published_time\" content=\"2025-12-08T13:15:00+00:00\" \/>\n<meta property=\"article:modified_time\" content=\"2025-12-08T13:32:30+00:00\" \/>\n<meta property=\"og:image\" content=\"https:\/\/www.ringier.com\/wp-content\/uploads\/2025\/12\/speakvisual.jpg\" \/>\n\t<meta property=\"og:image:width\" content=\"1200\" \/>\n\t<meta property=\"og:image:height\" content=\"630\" \/>\n\t<meta property=\"og:image:type\" content=\"image\/jpeg\" \/>\n<meta name=\"author\" content=\"Aline Theiler\" \/>\n<meta name=\"twitter:card\" content=\"summary_large_image\" \/>\n<meta name=\"twitter:creator\" content=\"@ringier_ag\" \/>\n<meta name=\"twitter:site\" content=\"@ringier_ag\" \/>\n<meta name=\"twitter:label1\" content=\"\u00c9crit par\" \/>\n\t<meta name=\"twitter:data1\" content=\"Aline Theiler\" \/>\n\t<meta name=\"twitter:label2\" content=\"Dur\u00e9e de lecture estim\u00e9e\" \/>\n\t<meta name=\"twitter:data2\" content=\"3 minutes\" \/>\n<script type=\"application\/ld+json\" class=\"yoast-schema-graph\">{\"@context\":\"https:\/\/schema.org\",\"@graph\":[{\"@type\":\"Article\",\"@id\":\"https:\/\/www.ringier.com\/fr\/ringier-corporate-communications-remporte-leuropean-excellence-award-2025-avec-speak-2025\/#article\",\"isPartOf\":{\"@id\":\"https:\/\/www.ringier.com\/fr\/ringier-corporate-communications-remporte-leuropean-excellence-award-2025-avec-speak-2025\/\"},\"author\":{\"name\":\"Aline Theiler\",\"@id\":\"https:\/\/www.ringier.com\/fr\/#\/schema\/person\/24489a2b955651619fd85a09d4bca633\"},\"headline\":\"Ringier Corporate Communications remporte l\u2019European Excellence Award 2025 avec \u00abSPEAK 2025\u00bb\",\"datePublished\":\"2025-12-08T13:15:00+00:00\",\"dateModified\":\"2025-12-08T13:32:30+00:00\",\"mainEntityOfPage\":{\"@id\":\"https:\/\/www.ringier.com\/fr\/ringier-corporate-communications-remporte-leuropean-excellence-award-2025-avec-speak-2025\/\"},\"wordCount\":399,\"publisher\":{\"@id\":\"https:\/\/www.ringier.com\/fr\/#organization\"},\"image\":{\"@id\":\"https:\/\/www.ringier.com\/fr\/ringier-corporate-communications-remporte-leuropean-excellence-award-2025-avec-speak-2025\/#primaryimage\"},\"thumbnailUrl\":\"https:\/\/www.ringier.com\/wp-content\/uploads\/2025\/12\/speakvisual.jpg\",\"articleSection\":[\"Corporate\"],\"inLanguage\":\"fr-FR\"},{\"@type\":\"WebPage\",\"@id\":\"https:\/\/www.ringier.com\/fr\/ringier-corporate-communications-remporte-leuropean-excellence-award-2025-avec-speak-2025\/\",\"url\":\"https:\/\/www.ringier.com\/fr\/ringier-corporate-communications-remporte-leuropean-excellence-award-2025-avec-speak-2025\/\",\"name\":\"Ringier Corporate Communications remporte l\u2019European Excellence Award 2025 avec \u00abSPEAK 2025\u00bb - Ringier\",\"isPartOf\":{\"@id\":\"https:\/\/www.ringier.com\/fr\/#website\"},\"primaryImageOfPage\":{\"@id\":\"https:\/\/www.ringier.com\/fr\/ringier-corporate-communications-remporte-leuropean-excellence-award-2025-avec-speak-2025\/#primaryimage\"},\"image\":{\"@id\":\"https:\/\/www.ringier.com\/fr\/ringier-corporate-communications-remporte-leuropean-excellence-award-2025-avec-speak-2025\/#primaryimage\"},\"thumbnailUrl\":\"https:\/\/www.ringier.com\/wp-content\/uploads\/2025\/12\/speakvisual.jpg\",\"datePublished\":\"2025-12-08T13:15:00+00:00\",\"dateModified\":\"2025-12-08T13:32:30+00:00\",\"breadcrumb\":{\"@id\":\"https:\/\/www.ringier.com\/fr\/ringier-corporate-communications-remporte-leuropean-excellence-award-2025-avec-speak-2025\/#breadcrumb\"},\"inLanguage\":\"fr-FR\",\"potentialAction\":[{\"@type\":\"ReadAction\",\"target\":[\"https:\/\/www.ringier.com\/fr\/ringier-corporate-communications-remporte-leuropean-excellence-award-2025-avec-speak-2025\/\"]}]},{\"@type\":\"ImageObject\",\"inLanguage\":\"fr-FR\",\"@id\":\"https:\/\/www.ringier.com\/fr\/ringier-corporate-communications-remporte-leuropean-excellence-award-2025-avec-speak-2025\/#primaryimage\",\"url\":\"https:\/\/www.ringier.com\/wp-content\/uploads\/2025\/12\/speakvisual.jpg\",\"contentUrl\":\"https:\/\/www.ringier.com\/wp-content\/uploads\/2025\/12\/speakvisual.jpg\",\"width\":1200,\"height\":630},{\"@type\":\"BreadcrumbList\",\"@id\":\"https:\/\/www.ringier.com\/fr\/ringier-corporate-communications-remporte-leuropean-excellence-award-2025-avec-speak-2025\/#breadcrumb\",\"itemListElement\":[{\"@type\":\"ListItem\",\"position\":1,\"name\":\"Home\",\"item\":\"https:\/\/www.ringier.com\/fr\/\"},{\"@type\":\"ListItem\",\"position\":2,\"name\":\"Ringier Corporate Communications remporte l\u2019European Excellence Award 2025 avec \u00abSPEAK 2025\u00bb\"}]},{\"@type\":\"WebSite\",\"@id\":\"https:\/\/www.ringier.com\/fr\/#website\",\"url\":\"https:\/\/www.ringier.com\/fr\/\",\"name\":\"Ringier\",\"description\":\"We inform. We entertain. We connect\",\"publisher\":{\"@id\":\"https:\/\/www.ringier.com\/fr\/#organization\"},\"potentialAction\":[{\"@type\":\"SearchAction\",\"target\":{\"@type\":\"EntryPoint\",\"urlTemplate\":\"https:\/\/www.ringier.com\/fr\/?s={search_term_string}\"},\"query-input\":{\"@type\":\"PropertyValueSpecification\",\"valueRequired\":true,\"valueName\":\"search_term_string\"}}],\"inLanguage\":\"fr-FR\"},{\"@type\":\"Organization\",\"@id\":\"https:\/\/www.ringier.com\/fr\/#organization\",\"name\":\"Ringier\",\"url\":\"https:\/\/www.ringier.com\/fr\/\",\"logo\":{\"@type\":\"ImageObject\",\"inLanguage\":\"fr-FR\",\"@id\":\"https:\/\/www.ringier.com\/fr\/#\/schema\/logo\/image\/\",\"url\":\"https:\/\/www.ringier.com\/wp-content\/uploads\/2021\/10\/ringier_logo_2.jpg\",\"contentUrl\":\"https:\/\/www.ringier.com\/wp-content\/uploads\/2021\/10\/ringier_logo_2.jpg\",\"width\":750,\"height\":550,\"caption\":\"Ringier\"},\"image\":{\"@id\":\"https:\/\/www.ringier.com\/fr\/#\/schema\/logo\/image\/\"},\"sameAs\":[\"https:\/\/www.facebook.com\/ringierag\/\",\"https:\/\/x.com\/ringier_ag\",\"https:\/\/www.instagram.com\/ringier_ag\/\",\"https:\/\/www.linkedin.com\/company\/ringier\/\",\"https:\/\/www.youtube.com\/user\/RingierComm\",\"https:\/\/en.wikipedia.org\/wiki\/Ringier\",\"https:\/\/de.wikipedia.org\/wiki\/Ringier\",\"https:\/\/fr.wikipedia.org\/wiki\/Ringier\",\"https:\/\/www.crunchbase.com\/organization\/ringier-ag\"]},{\"@type\":\"Person\",\"@id\":\"https:\/\/www.ringier.com\/fr\/#\/schema\/person\/24489a2b955651619fd85a09d4bca633\",\"name\":\"Aline Theiler\",\"image\":{\"@type\":\"ImageObject\",\"inLanguage\":\"fr-FR\",\"@id\":\"https:\/\/www.ringier.com\/fr\/#\/schema\/person\/image\/\",\"url\":\"https:\/\/secure.gravatar.com\/avatar\/06f2922e079eed329a3d3c4244abea65911b408386451383c0de6e994a62ef8c?s=96&d=mm&r=g\",\"contentUrl\":\"https:\/\/secure.gravatar.com\/avatar\/06f2922e079eed329a3d3c4244abea65911b408386451383c0de6e994a62ef8c?s=96&d=mm&r=g\",\"caption\":\"Aline Theiler\"},\"sameAs\":[\"https:\/\/www.ringier.com\/\"]}]}<\/script>\n<!-- \/ Yoast SEO Premium plugin. -->","yoast_head_json":{"title":"Ringier Corporate Communications remporte l\u2019European Excellence Award 2025 avec \u00abSPEAK 2025\u00bb - Ringier","robots":{"index":"index","follow":"follow","max-snippet":"max-snippet:-1","max-image-preview":"max-image-preview:large","max-video-preview":"max-video-preview:-1"},"canonical":"https:\/\/www.ringier.com\/fr\/ringier-corporate-communications-remporte-leuropean-excellence-award-2025-avec-speak-2025\/","og_locale":"fr_FR","og_type":"article","og_title":"Ringier Corporate Communications remporte l\u2019European Excellence Award 2025 avec \u00abSPEAK 2025\u00bb","og_description":"Ringier Corporate Communication a re\u00e7u un European Excellence Award 2025 dans la cat\u00e9gorie \u00abExecutive Communications & Positioning\u00bb pour le projet \u00abSPEAK 2025 \u2013 Corporate Storytelling around the Future of Strategy, AI & AI Agents at Ringier\u00bb. La c\u00e9r\u00e9monie de remise des prix s\u2019est tenue le 5 d\u00e9cembre dans le cadre de la 19\u1d49 \u00e9dition des European Excellence Awards, au Bar jeder Vernunft \u00e0 Berlin.","og_url":"https:\/\/www.ringier.com\/fr\/ringier-corporate-communications-remporte-leuropean-excellence-award-2025-avec-speak-2025\/","og_site_name":"Ringier","article_publisher":"https:\/\/www.facebook.com\/ringierag\/","article_published_time":"2025-12-08T13:15:00+00:00","article_modified_time":"2025-12-08T13:32:30+00:00","og_image":[{"width":1200,"height":630,"url":"https:\/\/www.ringier.com\/wp-content\/uploads\/2025\/12\/speakvisual.jpg","type":"image\/jpeg"}],"author":"Aline Theiler","twitter_card":"summary_large_image","twitter_creator":"@ringier_ag","twitter_site":"@ringier_ag","twitter_misc":{"\u00c9crit par":"Aline Theiler","Dur\u00e9e de lecture estim\u00e9e":"3 minutes"},"schema":{"@context":"https:\/\/schema.org","@graph":[{"@type":"Article","@id":"https:\/\/www.ringier.com\/fr\/ringier-corporate-communications-remporte-leuropean-excellence-award-2025-avec-speak-2025\/#article","isPartOf":{"@id":"https:\/\/www.ringier.com\/fr\/ringier-corporate-communications-remporte-leuropean-excellence-award-2025-avec-speak-2025\/"},"author":{"name":"Aline Theiler","@id":"https:\/\/www.ringier.com\/fr\/#\/schema\/person\/24489a2b955651619fd85a09d4bca633"},"headline":"Ringier Corporate Communications remporte l\u2019European Excellence Award 2025 avec \u00abSPEAK 2025\u00bb","datePublished":"2025-12-08T13:15:00+00:00","dateModified":"2025-12-08T13:32:30+00:00","mainEntityOfPage":{"@id":"https:\/\/www.ringier.com\/fr\/ringier-corporate-communications-remporte-leuropean-excellence-award-2025-avec-speak-2025\/"},"wordCount":399,"publisher":{"@id":"https:\/\/www.ringier.com\/fr\/#organization"},"image":{"@id":"https:\/\/www.ringier.com\/fr\/ringier-corporate-communications-remporte-leuropean-excellence-award-2025-avec-speak-2025\/#primaryimage"},"thumbnailUrl":"https:\/\/www.ringier.com\/wp-content\/uploads\/2025\/12\/speakvisual.jpg","articleSection":["Corporate"],"inLanguage":"fr-FR"},{"@type":"WebPage","@id":"https:\/\/www.ringier.com\/fr\/ringier-corporate-communications-remporte-leuropean-excellence-award-2025-avec-speak-2025\/","url":"https:\/\/www.ringier.com\/fr\/ringier-corporate-communications-remporte-leuropean-excellence-award-2025-avec-speak-2025\/","name":"Ringier Corporate Communications remporte l\u2019European Excellence Award 2025 avec \u00abSPEAK 2025\u00bb - Ringier","isPartOf":{"@id":"https:\/\/www.ringier.com\/fr\/#website"},"primaryImageOfPage":{"@id":"https:\/\/www.ringier.com\/fr\/ringier-corporate-communications-remporte-leuropean-excellence-award-2025-avec-speak-2025\/#primaryimage"},"image":{"@id":"https:\/\/www.ringier.com\/fr\/ringier-corporate-communications-remporte-leuropean-excellence-award-2025-avec-speak-2025\/#primaryimage"},"thumbnailUrl":"https:\/\/www.ringier.com\/wp-content\/uploads\/2025\/12\/speakvisual.jpg","datePublished":"2025-12-08T13:15:00+00:00","dateModified":"2025-12-08T13:32:30+00:00","breadcrumb":{"@id":"https:\/\/www.ringier.com\/fr\/ringier-corporate-communications-remporte-leuropean-excellence-award-2025-avec-speak-2025\/#breadcrumb"},"inLanguage":"fr-FR","potentialAction":[{"@type":"ReadAction","target":["https:\/\/www.ringier.com\/fr\/ringier-corporate-communications-remporte-leuropean-excellence-award-2025-avec-speak-2025\/"]}]},{"@type":"ImageObject","inLanguage":"fr-FR","@id":"https:\/\/www.ringier.com\/fr\/ringier-corporate-communications-remporte-leuropean-excellence-award-2025-avec-speak-2025\/#primaryimage","url":"https:\/\/www.ringier.com\/wp-content\/uploads\/2025\/12\/speakvisual.jpg","contentUrl":"https:\/\/www.ringier.com\/wp-content\/uploads\/2025\/12\/speakvisual.jpg","width":1200,"height":630},{"@type":"BreadcrumbList","@id":"https:\/\/www.ringier.com\/fr\/ringier-corporate-communications-remporte-leuropean-excellence-award-2025-avec-speak-2025\/#breadcrumb","itemListElement":[{"@type":"ListItem","position":1,"name":"Home","item":"https:\/\/www.ringier.com\/fr\/"},{"@type":"ListItem","position":2,"name":"Ringier Corporate Communications remporte l\u2019European Excellence Award 2025 avec \u00abSPEAK 2025\u00bb"}]},{"@type":"WebSite","@id":"https:\/\/www.ringier.com\/fr\/#website","url":"https:\/\/www.ringier.com\/fr\/","name":"Ringier","description":"We inform. We entertain. We connect","publisher":{"@id":"https:\/\/www.ringier.com\/fr\/#organization"},"potentialAction":[{"@type":"SearchAction","target":{"@type":"EntryPoint","urlTemplate":"https:\/\/www.ringier.com\/fr\/?s={search_term_string}"},"query-input":{"@type":"PropertyValueSpecification","valueRequired":true,"valueName":"search_term_string"}}],"inLanguage":"fr-FR"},{"@type":"Organization","@id":"https:\/\/www.ringier.com\/fr\/#organization","name":"Ringier","url":"https:\/\/www.ringier.com\/fr\/","logo":{"@type":"ImageObject","inLanguage":"fr-FR","@id":"https:\/\/www.ringier.com\/fr\/#\/schema\/logo\/image\/","url":"https:\/\/www.ringier.com\/wp-content\/uploads\/2021\/10\/ringier_logo_2.jpg","contentUrl":"https:\/\/www.ringier.com\/wp-content\/uploads\/2021\/10\/ringier_logo_2.jpg","width":750,"height":550,"caption":"Ringier"},"image":{"@id":"https:\/\/www.ringier.com\/fr\/#\/schema\/logo\/image\/"},"sameAs":["https:\/\/www.facebook.com\/ringierag\/","https:\/\/x.com\/ringier_ag","https:\/\/www.instagram.com\/ringier_ag\/","https:\/\/www.linkedin.com\/company\/ringier\/","https:\/\/www.youtube.com\/user\/RingierComm","https:\/\/en.wikipedia.org\/wiki\/Ringier","https:\/\/de.wikipedia.org\/wiki\/Ringier","https:\/\/fr.wikipedia.org\/wiki\/Ringier","https:\/\/www.crunchbase.com\/organization\/ringier-ag"]},{"@type":"Person","@id":"https:\/\/www.ringier.com\/fr\/#\/schema\/person\/24489a2b955651619fd85a09d4bca633","name":"Aline Theiler","image":{"@type":"ImageObject","inLanguage":"fr-FR","@id":"https:\/\/www.ringier.com\/fr\/#\/schema\/person\/image\/","url":"https:\/\/secure.gravatar.com\/avatar\/06f2922e079eed329a3d3c4244abea65911b408386451383c0de6e994a62ef8c?s=96&d=mm&r=g","contentUrl":"https:\/\/secure.gravatar.com\/avatar\/06f2922e079eed329a3d3c4244abea65911b408386451383c0de6e994a62ef8c?s=96&d=mm&r=g","caption":"Aline Theiler"},"sameAs":["https:\/\/www.ringier.com\/"]}]}},"_links":{"self":[{"href":"https:\/\/www.ringier.com\/fr\/wp-json\/wp\/v2\/posts\/23006","targetHints":{"allow":["GET"]}}],"collection":[{"href":"https:\/\/www.ringier.com\/fr\/wp-json\/wp\/v2\/posts"}],"about":[{"href":"https:\/\/www.ringier.com\/fr\/wp-json\/wp\/v2\/types\/post"}],"author":[{"embeddable":true,"href":"https:\/\/www.ringier.com\/fr\/wp-json\/wp\/v2\/users\/24"}],"replies":[{"embeddable":true,"href":"https:\/\/www.ringier.com\/fr\/wp-json\/wp\/v2\/comments?post=23006"}],"version-history":[{"count":0,"href":"https:\/\/www.ringier.com\/fr\/wp-json\/wp\/v2\/posts\/23006\/revisions"}],"wp:featuredmedia":[{"embeddable":true,"href":"https:\/\/www.ringier.com\/fr\/wp-json\/wp\/v2\/media\/23010"}],"wp:attachment":[{"href":"https:\/\/www.ringier.com\/fr\/wp-json\/wp\/v2\/media?parent=23006"}],"wp:term":[{"taxonomy":"category","embeddable":true,"href":"https:\/\/www.ringier.com\/fr\/wp-json\/wp\/v2\/categories?post=23006"},{"taxonomy":"post_tag","embeddable":true,"href":"https:\/\/www.ringier.com\/fr\/wp-json\/wp\/v2\/tags?post=23006"}],"curies":[{"name":"wp","href":"https:\/\/api.w.org\/{rel}","templated":true}]}}