{"id":226,"date":"2021-07-28T08:00:00","date_gmt":"2021-07-28T06:00:00","guid":{"rendered":"https:\/\/www.ringier.com\/ringier-ubernimmt-die-anteile-von-axel-springer-in-ungarn-serbien-der-slowakei-estland-lettland-und-litauen\/"},"modified":"2025-06-23T14:43:09","modified_gmt":"2025-06-23T12:43:09","slug":"ringier-rachete-les-parts-daxel-springer-en-hongrie-serbie-slovaquie-estonie-lettonie-et-lituanie","status":"publish","type":"post","link":"https:\/\/www.ringier.com\/fr\/ringier-rachete-les-parts-daxel-springer-en-hongrie-serbie-slovaquie-estonie-lettonie-et-lituanie\/","title":{"rendered":"Ringier rach\u00e8te les parts d\u2019Axel Springer en Hongrie, Serbie, Slovaquie, Estonie, Lettonie et Lituanie"},"content":{"rendered":"\n<p>Depuis sa fondation, en juillet 2010, la joint-venture entre Ringier et Axel Springer SE s\u2019est fait sa place parmi les entreprises m\u00e9diatiques les plus importantes et les plus modernes d\u2019Europe centrale et de l\u2019Est, avec pr\u00e8s de 3100 collaborateurs et collaboratrices. Son riche portefeuille comprend plus de 200 produits, num\u00e9riques et imprim\u00e9s. La part des activit\u00e9s num\u00e9riques b\u00e9n\u00e9ficiaires a atteint 85% au premier semestre 2021.<\/p>\n\n\n\n<p><strong>Ringier poursuit sa transformation en une entreprise de m\u00e9dias internationale et diversifi\u00e9e&nbsp;<\/strong><\/p>\n\n\n\n<p>En rachetant les parts d\u2019Axel Springer dans leur joint-venture en Hongrie, Serbie, Slovaquie, Estonie, Lettonie et Lituanie, Ringier fait avancer sa strat\u00e9gie de croissance et d&rsquo;investissement internationale dans le domaine des places de march\u00e9 num\u00e9riques et des marques m\u00e9dias. Avec ces importants placements, l\u2019entreprise renforce sa pr\u00e9sence actuelle en Roumanie et en Bulgarie.<\/p>\n\n\n\n<p>Marc Walder, CEO de Ringier: \u00abLe rachat des parts d\u2019Axel Springer en Hongrie, Serbie, Slovaquie et dans les pays baltes repr\u00e9sente un jalon important du d\u00e9veloppement de notre entreprise. Cette transaction est le symbole de notre engagement de longue date en tant qu\u2019investisseur m\u00e9diatique en Europe de l\u2019Est. Le portefeuille de ces pays nous correspond parfaitement et va venir renforcer l\u2019\u00e9cosyst\u00e8me de Ringier. En outre, la Serbie, la Slovaquie et la Hongrie seront une bonne base pour le d\u00e9veloppement de notre strat\u00e9gie num\u00e9rique pour les m\u00e9dias sportifs. Je suis tr\u00e8s heureux de continuer notre aventure aux c\u00f4t\u00e9s d\u2019Axel Springer sur le march\u00e9 des m\u00e9dias et du num\u00e9rique en Pologne. Nous allons continuer de nous investir ensemble sur ce march\u00e9 important et palpitant.\u00bb<\/p>\n\n\n\n<p><strong>Axel Springer d\u00e9finit ses priorit\u00e9s dans sa strat\u00e9gie de croissance<\/strong><\/p>\n\n\n\n<p>Axel Springer continue d\u2019appliquer sa strat\u00e9gie de croissance. L\u2019entreprise s\u2019est fix\u00e9 comme objectif de devenir l\u2019un des leaders mondiaux du journalisme num\u00e9rique et des offres de petites annonces num\u00e9riques. En plus de ses nombreux placements dans des domaines en croissance, elle vise clairement les grands march\u00e9s strat\u00e9giques principaux. Dans le segment de News Media, le portefeuille d\u00e9j\u00e0 fortement num\u00e9ris\u00e9 en Allemagne, aux \u00c9tats-Unis et en Pologne joue un r\u00f4le central.<\/p>\n\n\n\n<p>Jan Bayer, pr\u00e9sident News Media chez Axel Springer SE: \u00abCes 11 derni\u00e8res ann\u00e9es, avec Ringier, nous avons d\u00e9velopp\u00e9 la pr\u00e9sence de Ringier Axel Springer Media SA en Europe centrale et de l\u2019Est en nous appuyant sur l\u2019important march\u00e9 de l\u2019actualit\u00e9 et des petites annonces en ligne. Dans le cadre de notre strat\u00e9gie de croissance, nous avons d\u00e9cid\u00e9 de nous concentrer sur notre domaine strat\u00e9gique principal&nbsp;<\/p>\n\n\n\n<p>et sur les grands march\u00e9s. Parmi eux, la Pologne, qui compte environ 40 millions d&rsquo;habitants. C\u2019est pour eux que nous souhaitons num\u00e9riser et renforcer notre offre journalistique et de petites annonces, en collaboration avec Ringier. Je tiens \u00e0 remercier tous nos coll\u00e8gues en Hongrie, Slovaquie, Serbie, Estonie, Lettonie et Lituanie et toutes les personnes impliqu\u00e9es de Ringier pour leur travail au cours de ces derni\u00e8res ann\u00e9es.\u00bb<\/p>\n\n\n\n<p><strong>Maintien de la joint-venture en Pologne&nbsp;<\/strong><\/p>\n\n\n\n<p>En tant que partenaires de la jointventure, Axel Springer et Ringier se concentreront \u00e0 l&rsquo;avenir exclusivement sur le march\u00e9 polonais en Europe de l&rsquo;Est. En effet, les partenaires y exploitent depuis maintenant plusieurs ann\u00e9es des march\u00e9s m\u00e9diatiques aux CA et EBITDA importants. Avec Mark Dekan au poste de CEO de la joint-venture, la continuit\u00e9 de la direction est assur\u00e9e.<\/p>\n\n\n\n<p>\u00abQuand nous avons commenc\u00e9 la joint-venture en 2010, le portefeuille portait presque exclusivement sur les m\u00e9dias imprim\u00e9s (97% du chiffre d\u2019affaires), et nous avions pour ambition de transformer ces m\u00e9dias imprim\u00e9s en des acteurs num\u00e9riques forts sur leur march\u00e9. Aujourd\u2019hui, 70% de notre chiffre d\u2019affaires et 85% de nos r\u00e9sultats proviennent de nos offres num\u00e9riques. Ensemble, nous n\u2019avons pas seulement propuls\u00e9 les m\u00e9dias existants sur le march\u00e9 du num\u00e9rique, nous avons \u00e9galement contribu\u00e9 \u00e0 la cr\u00e9ation de nouveaux march\u00e9s num\u00e9riques de m\u00e9dias et de petites annonces, qui sont aujourd\u2019hui des leaders et qui font partie des offres les plus demand\u00e9es de leurs domaines. Je voudrais remercier tous nos coll\u00e8gues en Slovaquie, Hongrie, Serbie et dans les pays baltes pour leur engagement, leur travail passionn\u00e9 et leur volont\u00e9 de toujours en faire un peu plus. Je suis \u00e9galement heureux de continuer de d\u00e9velopper nos activit\u00e9s sur le plus grand march\u00e9 de la r\u00e9gion, en collaboration avec notre \u00e9quipe polonaise et nos partenaires de joint-venture\u00bb, a d\u00e9clar\u00e9 le CEO de Ringier Axel Springer Media SA et CEO de la joint-venture en Pologne.<\/p>\n\n\n\n<p>Axel Springer a impliqu\u00e9 ses filiales polonaise, tch\u00e8que et hongroise dans la joint-venture Ringier Axel Springer Media SA, fond\u00e9e en juillet 2010. Ringier a quant \u00e0 elle inclus ses filiales serbe, slovaque, tch\u00e8que et hongroise.<\/p>\n\n\n\n<p><strong>Finalisation du rachat<\/strong><\/p>\n\n\n\n<p>Le rachat des parts d\u2019Axel Springer devrait \u00eatre finalis\u00e9 courant 2021. Cette transaction implique un accord entre les administrations des diff\u00e9rentes parties prenantes existantes. Les deux acteurs se sont mis d\u2019accord quant au fait de taire le prix de rachat et l\u2019\u00e9valuation de la valeur des parts rachet\u00e9es.<\/p>\n\n\n\n<p><\/p>\n\n\n\n<p><strong>A propos de Ringier<\/strong><\/p>\n\n\n\n<p>Ringier est une entreprise de m\u00e9dias suisse innovante, num\u00e9rique et diversifi\u00e9e, active en Europe, en Afrique et en Asie. Son portefeuille compte plus de 110 filiales dans les domaines des m\u00e9dias imprim\u00e9s et num\u00e9riques, de la radio, de la billetterie, du divertissement et de l\u2019e-commerce, ainsi que des places leader sur le march\u00e9 de l\u2019automobile, de l\u2019immobilier et de l\u2019emploi. Ringier finance des start-ups num\u00e9riques innovantes en jouant un r\u00f4le de bailleur de fonds. Fond\u00e9e en 1833 comme maison d\u2019\u00e9dition et imprimerie, l\u2019entreprise familiale Ringier a massivement investi dans la num\u00e9risation et l\u2019internationalisation du groupe au cours des derni\u00e8res ann\u00e9es. En 2020, les quelque 6800 collaborateurs de l\u2019entreprise, actifs dans 18 pays, ont permis de r\u00e9aliser un chiffre d\u2019affaires de 953.7 millions de francs suisses. A ce jour, plus de 69% du r\u00e9sultat d\u2019exploitation viennent du secteur num\u00e9rique, ce qui garantit \u00e0 Ringier une position de leader parmi les entreprises de m\u00e9dias europ\u00e9ennes. Ringier incarne l\u2019esprit pionnier, l\u2019ind\u00e9pendance et la libert\u00e9 d&rsquo;expression.<\/p>\n\n\n\n<p><strong>A propos d\u2019Axel Springer<\/strong><\/p>\n\n\n\n<p>Axel Springer SE est une entreprise m\u00e9diatique et technologie pr\u00e9sente dans plus de 40 pays. Gr\u00e2ce aux offres d\u2019informations qu\u2019elle propose \u00e0 travers ses diff\u00e9rents march\u00e9s m\u00e9diatiques (par ex., BILD, WELT, BUSINESS INSIDER, POLITICO Europe) et ses portails de rubriques (groupe StepStone et Groupe AVIV), elle aide les personnes \u00e0 prendre des d\u00e9cisions libres et inform\u00e9es. D\u2019abord une entreprise de m\u00e9dias imprim\u00e9s traditionnels, elle s\u2019est aujourd\u2019hui hiss\u00e9e au rang de premi\u00e8re maison d\u2019\u00e9dition d\u2019Europe. Son prochain objectif est fix\u00e9: gr\u00e2ce \u00e0 une acc\u00e9l\u00e9ration de sa croissance, Axel Springer souhaite devenir le leader du march\u00e9 du journalisme num\u00e9rique et des offres des rubriques en ligne. L\u2019entreprise, dont le si\u00e8ge social se trouve \u00e0 Berlin, emploie plus de 16 100 collaborateurs et collaboratrices dans le monde.<\/p>\n","protected":false},"excerpt":{"rendered":"<p>Ringier SA renforce sa pr\u00e9sence en Europe de l\u2019Est et d\u00e9veloppe son portefeuille international de march\u00e9s et m\u00e9dias num\u00e9riques: Ringier rach\u00e8te en effet les parts d\u2019Axel Springer en Hongrie, Serbie, Slovaquie et dans les pays baltes: Estonie, Lettonie et Lituanie. Axel Springer conservera cependant une minorit\u00e9 de parts en Slovaquie. Dans les autres pays, le groupe Ringier deviendra l\u2019unique actionnaire. Dans le cadre de sa strat\u00e9gie de croissance, Axel Springer se concentre sur les activit\u00e9s num\u00e9riques sur les grands march\u00e9s strat\u00e9giques. L&rsquo;entreprise concentre ses investissements dans le segment News Media sur l&rsquo;Allemagne, les \u00c9tats-Unis et la Pologne. En Pologne, la joint-venture prosp\u00e8re entre les deux entreprises reste inchang\u00e9e.<\/p>\n","protected":false},"author":7,"featured_media":220,"comment_status":"closed","ping_status":"open","sticky":false,"template":"","format":"standard","meta":{"inline_featured_image":false,"footnotes":""},"categories":[370,363],"tags":[],"class_list":["post-226","post","type-post","status-publish","format-standard","has-post-thumbnail","hentry","category-media-fr","category-ringier-medias-suisse"],"yoast_head":"<!-- This site is optimized with the Yoast SEO Premium plugin v27.0 (Yoast SEO v27.0) - https:\/\/yoast.com\/product\/yoast-seo-premium-wordpress\/ -->\n<title>Ringier rach\u00e8te les parts d\u2019Axel Springer en Hongrie, Serbie, Slovaquie, Estonie, Lettonie et Lituanie - Ringier<\/title>\n<meta name=\"robots\" content=\"index, follow, max-snippet:-1, max-image-preview:large, max-video-preview:-1\" \/>\n<link rel=\"canonical\" href=\"https:\/\/www.ringier.com\/fr\/ringier-rachete-les-parts-daxel-springer-en-hongrie-serbie-slovaquie-estonie-lettonie-et-lituanie\/\" \/>\n<meta property=\"og:locale\" content=\"fr_FR\" \/>\n<meta property=\"og:type\" content=\"article\" \/>\n<meta property=\"og:title\" content=\"Ringier rach\u00e8te les parts d\u2019Axel Springer en Hongrie, Serbie, Slovaquie, Estonie, Lettonie et Lituanie\" \/>\n<meta property=\"og:description\" content=\"Ringier SA renforce sa pr\u00e9sence en Europe de l\u2019Est et d\u00e9veloppe son portefeuille international de march\u00e9s et m\u00e9dias num\u00e9riques: Ringier rach\u00e8te en effet les parts d\u2019Axel Springer en Hongrie, Serbie, Slovaquie et dans les pays baltes: Estonie, Lettonie et Lituanie. Axel Springer conservera cependant une minorit\u00e9 de parts en Slovaquie. Dans les autres pays, le groupe Ringier deviendra l\u2019unique actionnaire. Dans le cadre de sa strat\u00e9gie de croissance, Axel Springer se concentre sur les activit\u00e9s num\u00e9riques sur les grands march\u00e9s strat\u00e9giques. L&#039;entreprise concentre ses investissements dans le segment News Media sur l&#039;Allemagne, les \u00c9tats-Unis et la Pologne. En Pologne, la joint-venture prosp\u00e8re entre les deux entreprises reste inchang\u00e9e.\" \/>\n<meta property=\"og:url\" content=\"https:\/\/www.ringier.com\/fr\/ringier-rachete-les-parts-daxel-springer-en-hongrie-serbie-slovaquie-estonie-lettonie-et-lituanie\/\" \/>\n<meta property=\"og:site_name\" content=\"Ringier\" \/>\n<meta property=\"article:publisher\" content=\"https:\/\/www.facebook.com\/ringierag\/\" \/>\n<meta property=\"article:published_time\" content=\"2021-07-28T06:00:00+00:00\" \/>\n<meta property=\"article:modified_time\" content=\"2025-06-23T12:43:09+00:00\" \/>\n<meta property=\"og:image\" content=\"https:\/\/www.ringier.com\/wp-content\/uploads\/2021\/08\/Ringier-Axel-Springer.jpg\" \/>\n\t<meta property=\"og:image:width\" content=\"1200\" \/>\n\t<meta property=\"og:image:height\" content=\"800\" \/>\n\t<meta property=\"og:image:type\" content=\"image\/jpeg\" \/>\n<meta name=\"author\" content=\"Marc Liniger\" \/>\n<meta name=\"twitter:card\" content=\"summary_large_image\" \/>\n<meta name=\"twitter:creator\" content=\"@ringier_ag\" \/>\n<meta name=\"twitter:site\" content=\"@ringier_ag\" \/>\n<meta name=\"twitter:label1\" content=\"\u00c9crit par\" \/>\n\t<meta name=\"twitter:data1\" content=\"Marc Liniger\" \/>\n\t<meta name=\"twitter:label2\" content=\"Dur\u00e9e de lecture estim\u00e9e\" \/>\n\t<meta name=\"twitter:data2\" content=\"7 minutes\" \/>\n<script type=\"application\/ld+json\" class=\"yoast-schema-graph\">{\"@context\":\"https:\/\/schema.org\",\"@graph\":[{\"@type\":\"Article\",\"@id\":\"https:\/\/www.ringier.com\/fr\/ringier-rachete-les-parts-daxel-springer-en-hongrie-serbie-slovaquie-estonie-lettonie-et-lituanie\/#article\",\"isPartOf\":{\"@id\":\"https:\/\/www.ringier.com\/fr\/ringier-rachete-les-parts-daxel-springer-en-hongrie-serbie-slovaquie-estonie-lettonie-et-lituanie\/\"},\"author\":{\"name\":\"Marc Liniger\",\"@id\":\"https:\/\/www.ringier.com\/fr\/#\/schema\/person\/1e03be3d98efb061d1ca29fef411db66\"},\"headline\":\"Ringier rach\u00e8te les parts d\u2019Axel Springer en Hongrie, Serbie, Slovaquie, Estonie, Lettonie et Lituanie\",\"datePublished\":\"2021-07-28T06:00:00+00:00\",\"dateModified\":\"2025-06-23T12:43:09+00:00\",\"mainEntityOfPage\":{\"@id\":\"https:\/\/www.ringier.com\/fr\/ringier-rachete-les-parts-daxel-springer-en-hongrie-serbie-slovaquie-estonie-lettonie-et-lituanie\/\"},\"wordCount\":1242,\"publisher\":{\"@id\":\"https:\/\/www.ringier.com\/fr\/#organization\"},\"image\":{\"@id\":\"https:\/\/www.ringier.com\/fr\/ringier-rachete-les-parts-daxel-springer-en-hongrie-serbie-slovaquie-estonie-lettonie-et-lituanie\/#primaryimage\"},\"thumbnailUrl\":\"https:\/\/www.ringier.com\/wp-content\/uploads\/2021\/08\/Ringier-Axel-Springer.jpg\",\"articleSection\":[\"Media\",\"Ringier Medias Suisse\"],\"inLanguage\":\"fr-FR\"},{\"@type\":\"WebPage\",\"@id\":\"https:\/\/www.ringier.com\/fr\/ringier-rachete-les-parts-daxel-springer-en-hongrie-serbie-slovaquie-estonie-lettonie-et-lituanie\/\",\"url\":\"https:\/\/www.ringier.com\/fr\/ringier-rachete-les-parts-daxel-springer-en-hongrie-serbie-slovaquie-estonie-lettonie-et-lituanie\/\",\"name\":\"Ringier rach\u00e8te les parts d\u2019Axel Springer en Hongrie, Serbie, Slovaquie, Estonie, Lettonie et Lituanie - Ringier\",\"isPartOf\":{\"@id\":\"https:\/\/www.ringier.com\/fr\/#website\"},\"primaryImageOfPage\":{\"@id\":\"https:\/\/www.ringier.com\/fr\/ringier-rachete-les-parts-daxel-springer-en-hongrie-serbie-slovaquie-estonie-lettonie-et-lituanie\/#primaryimage\"},\"image\":{\"@id\":\"https:\/\/www.ringier.com\/fr\/ringier-rachete-les-parts-daxel-springer-en-hongrie-serbie-slovaquie-estonie-lettonie-et-lituanie\/#primaryimage\"},\"thumbnailUrl\":\"https:\/\/www.ringier.com\/wp-content\/uploads\/2021\/08\/Ringier-Axel-Springer.jpg\",\"datePublished\":\"2021-07-28T06:00:00+00:00\",\"dateModified\":\"2025-06-23T12:43:09+00:00\",\"breadcrumb\":{\"@id\":\"https:\/\/www.ringier.com\/fr\/ringier-rachete-les-parts-daxel-springer-en-hongrie-serbie-slovaquie-estonie-lettonie-et-lituanie\/#breadcrumb\"},\"inLanguage\":\"fr-FR\",\"potentialAction\":[{\"@type\":\"ReadAction\",\"target\":[\"https:\/\/www.ringier.com\/fr\/ringier-rachete-les-parts-daxel-springer-en-hongrie-serbie-slovaquie-estonie-lettonie-et-lituanie\/\"]}]},{\"@type\":\"ImageObject\",\"inLanguage\":\"fr-FR\",\"@id\":\"https:\/\/www.ringier.com\/fr\/ringier-rachete-les-parts-daxel-springer-en-hongrie-serbie-slovaquie-estonie-lettonie-et-lituanie\/#primaryimage\",\"url\":\"https:\/\/www.ringier.com\/wp-content\/uploads\/2021\/08\/Ringier-Axel-Springer.jpg\",\"contentUrl\":\"https:\/\/www.ringier.com\/wp-content\/uploads\/2021\/08\/Ringier-Axel-Springer.jpg\",\"width\":1200,\"height\":800},{\"@type\":\"BreadcrumbList\",\"@id\":\"https:\/\/www.ringier.com\/fr\/ringier-rachete-les-parts-daxel-springer-en-hongrie-serbie-slovaquie-estonie-lettonie-et-lituanie\/#breadcrumb\",\"itemListElement\":[{\"@type\":\"ListItem\",\"position\":1,\"name\":\"Home\",\"item\":\"https:\/\/www.ringier.com\/fr\/\"},{\"@type\":\"ListItem\",\"position\":2,\"name\":\"Ringier rach\u00e8te les parts d\u2019Axel Springer en Hongrie, Serbie, Slovaquie, Estonie, Lettonie et Lituanie\"}]},{\"@type\":\"WebSite\",\"@id\":\"https:\/\/www.ringier.com\/fr\/#website\",\"url\":\"https:\/\/www.ringier.com\/fr\/\",\"name\":\"Ringier\",\"description\":\"We inform. We entertain. We connect\",\"publisher\":{\"@id\":\"https:\/\/www.ringier.com\/fr\/#organization\"},\"potentialAction\":[{\"@type\":\"SearchAction\",\"target\":{\"@type\":\"EntryPoint\",\"urlTemplate\":\"https:\/\/www.ringier.com\/fr\/?s={search_term_string}\"},\"query-input\":{\"@type\":\"PropertyValueSpecification\",\"valueRequired\":true,\"valueName\":\"search_term_string\"}}],\"inLanguage\":\"fr-FR\"},{\"@type\":\"Organization\",\"@id\":\"https:\/\/www.ringier.com\/fr\/#organization\",\"name\":\"Ringier\",\"url\":\"https:\/\/www.ringier.com\/fr\/\",\"logo\":{\"@type\":\"ImageObject\",\"inLanguage\":\"fr-FR\",\"@id\":\"https:\/\/www.ringier.com\/fr\/#\/schema\/logo\/image\/\",\"url\":\"https:\/\/www.ringier.com\/wp-content\/uploads\/2021\/10\/ringier_logo_2.jpg\",\"contentUrl\":\"https:\/\/www.ringier.com\/wp-content\/uploads\/2021\/10\/ringier_logo_2.jpg\",\"width\":750,\"height\":550,\"caption\":\"Ringier\"},\"image\":{\"@id\":\"https:\/\/www.ringier.com\/fr\/#\/schema\/logo\/image\/\"},\"sameAs\":[\"https:\/\/www.facebook.com\/ringierag\/\",\"https:\/\/x.com\/ringier_ag\",\"https:\/\/www.instagram.com\/ringier_ag\/\",\"https:\/\/www.linkedin.com\/company\/ringier\/\",\"https:\/\/www.youtube.com\/user\/RingierComm\",\"https:\/\/en.wikipedia.org\/wiki\/Ringier\",\"https:\/\/de.wikipedia.org\/wiki\/Ringier\",\"https:\/\/fr.wikipedia.org\/wiki\/Ringier\",\"https:\/\/www.crunchbase.com\/organization\/ringier-ag\"]},{\"@type\":\"Person\",\"@id\":\"https:\/\/www.ringier.com\/fr\/#\/schema\/person\/1e03be3d98efb061d1ca29fef411db66\",\"name\":\"Marc Liniger\",\"image\":{\"@type\":\"ImageObject\",\"inLanguage\":\"fr-FR\",\"@id\":\"https:\/\/www.ringier.com\/fr\/#\/schema\/person\/image\/\",\"url\":\"https:\/\/secure.gravatar.com\/avatar\/8d184da6aa7bdcc4d1a251ecaf713aa707e2a4c24b859c6360b2b31b83c1020e?s=96&d=mm&r=g\",\"contentUrl\":\"https:\/\/secure.gravatar.com\/avatar\/8d184da6aa7bdcc4d1a251ecaf713aa707e2a4c24b859c6360b2b31b83c1020e?s=96&d=mm&r=g\",\"caption\":\"Marc Liniger\"},\"sameAs\":[\"https:\/\/www.ringier.com\"]}]}<\/script>\n<!-- \/ Yoast SEO Premium plugin. -->","yoast_head_json":{"title":"Ringier rach\u00e8te les parts d\u2019Axel Springer en Hongrie, Serbie, Slovaquie, Estonie, Lettonie et Lituanie - Ringier","robots":{"index":"index","follow":"follow","max-snippet":"max-snippet:-1","max-image-preview":"max-image-preview:large","max-video-preview":"max-video-preview:-1"},"canonical":"https:\/\/www.ringier.com\/fr\/ringier-rachete-les-parts-daxel-springer-en-hongrie-serbie-slovaquie-estonie-lettonie-et-lituanie\/","og_locale":"fr_FR","og_type":"article","og_title":"Ringier rach\u00e8te les parts d\u2019Axel Springer en Hongrie, Serbie, Slovaquie, Estonie, Lettonie et Lituanie","og_description":"Ringier SA renforce sa pr\u00e9sence en Europe de l\u2019Est et d\u00e9veloppe son portefeuille international de march\u00e9s et m\u00e9dias num\u00e9riques: Ringier rach\u00e8te en effet les parts d\u2019Axel Springer en Hongrie, Serbie, Slovaquie et dans les pays baltes: Estonie, Lettonie et Lituanie. Axel Springer conservera cependant une minorit\u00e9 de parts en Slovaquie. Dans les autres pays, le groupe Ringier deviendra l\u2019unique actionnaire. Dans le cadre de sa strat\u00e9gie de croissance, Axel Springer se concentre sur les activit\u00e9s num\u00e9riques sur les grands march\u00e9s strat\u00e9giques. L'entreprise concentre ses investissements dans le segment News Media sur l'Allemagne, les \u00c9tats-Unis et la Pologne. En Pologne, la joint-venture prosp\u00e8re entre les deux entreprises reste inchang\u00e9e.","og_url":"https:\/\/www.ringier.com\/fr\/ringier-rachete-les-parts-daxel-springer-en-hongrie-serbie-slovaquie-estonie-lettonie-et-lituanie\/","og_site_name":"Ringier","article_publisher":"https:\/\/www.facebook.com\/ringierag\/","article_published_time":"2021-07-28T06:00:00+00:00","article_modified_time":"2025-06-23T12:43:09+00:00","og_image":[{"width":1200,"height":800,"url":"https:\/\/www.ringier.com\/wp-content\/uploads\/2021\/08\/Ringier-Axel-Springer.jpg","type":"image\/jpeg"}],"author":"Marc Liniger","twitter_card":"summary_large_image","twitter_creator":"@ringier_ag","twitter_site":"@ringier_ag","twitter_misc":{"\u00c9crit par":"Marc Liniger","Dur\u00e9e de lecture estim\u00e9e":"7 minutes"},"schema":{"@context":"https:\/\/schema.org","@graph":[{"@type":"Article","@id":"https:\/\/www.ringier.com\/fr\/ringier-rachete-les-parts-daxel-springer-en-hongrie-serbie-slovaquie-estonie-lettonie-et-lituanie\/#article","isPartOf":{"@id":"https:\/\/www.ringier.com\/fr\/ringier-rachete-les-parts-daxel-springer-en-hongrie-serbie-slovaquie-estonie-lettonie-et-lituanie\/"},"author":{"name":"Marc Liniger","@id":"https:\/\/www.ringier.com\/fr\/#\/schema\/person\/1e03be3d98efb061d1ca29fef411db66"},"headline":"Ringier rach\u00e8te les parts d\u2019Axel Springer en Hongrie, Serbie, Slovaquie, Estonie, Lettonie et Lituanie","datePublished":"2021-07-28T06:00:00+00:00","dateModified":"2025-06-23T12:43:09+00:00","mainEntityOfPage":{"@id":"https:\/\/www.ringier.com\/fr\/ringier-rachete-les-parts-daxel-springer-en-hongrie-serbie-slovaquie-estonie-lettonie-et-lituanie\/"},"wordCount":1242,"publisher":{"@id":"https:\/\/www.ringier.com\/fr\/#organization"},"image":{"@id":"https:\/\/www.ringier.com\/fr\/ringier-rachete-les-parts-daxel-springer-en-hongrie-serbie-slovaquie-estonie-lettonie-et-lituanie\/#primaryimage"},"thumbnailUrl":"https:\/\/www.ringier.com\/wp-content\/uploads\/2021\/08\/Ringier-Axel-Springer.jpg","articleSection":["Media","Ringier Medias Suisse"],"inLanguage":"fr-FR"},{"@type":"WebPage","@id":"https:\/\/www.ringier.com\/fr\/ringier-rachete-les-parts-daxel-springer-en-hongrie-serbie-slovaquie-estonie-lettonie-et-lituanie\/","url":"https:\/\/www.ringier.com\/fr\/ringier-rachete-les-parts-daxel-springer-en-hongrie-serbie-slovaquie-estonie-lettonie-et-lituanie\/","name":"Ringier rach\u00e8te les parts d\u2019Axel Springer en Hongrie, Serbie, Slovaquie, Estonie, Lettonie et Lituanie - Ringier","isPartOf":{"@id":"https:\/\/www.ringier.com\/fr\/#website"},"primaryImageOfPage":{"@id":"https:\/\/www.ringier.com\/fr\/ringier-rachete-les-parts-daxel-springer-en-hongrie-serbie-slovaquie-estonie-lettonie-et-lituanie\/#primaryimage"},"image":{"@id":"https:\/\/www.ringier.com\/fr\/ringier-rachete-les-parts-daxel-springer-en-hongrie-serbie-slovaquie-estonie-lettonie-et-lituanie\/#primaryimage"},"thumbnailUrl":"https:\/\/www.ringier.com\/wp-content\/uploads\/2021\/08\/Ringier-Axel-Springer.jpg","datePublished":"2021-07-28T06:00:00+00:00","dateModified":"2025-06-23T12:43:09+00:00","breadcrumb":{"@id":"https:\/\/www.ringier.com\/fr\/ringier-rachete-les-parts-daxel-springer-en-hongrie-serbie-slovaquie-estonie-lettonie-et-lituanie\/#breadcrumb"},"inLanguage":"fr-FR","potentialAction":[{"@type":"ReadAction","target":["https:\/\/www.ringier.com\/fr\/ringier-rachete-les-parts-daxel-springer-en-hongrie-serbie-slovaquie-estonie-lettonie-et-lituanie\/"]}]},{"@type":"ImageObject","inLanguage":"fr-FR","@id":"https:\/\/www.ringier.com\/fr\/ringier-rachete-les-parts-daxel-springer-en-hongrie-serbie-slovaquie-estonie-lettonie-et-lituanie\/#primaryimage","url":"https:\/\/www.ringier.com\/wp-content\/uploads\/2021\/08\/Ringier-Axel-Springer.jpg","contentUrl":"https:\/\/www.ringier.com\/wp-content\/uploads\/2021\/08\/Ringier-Axel-Springer.jpg","width":1200,"height":800},{"@type":"BreadcrumbList","@id":"https:\/\/www.ringier.com\/fr\/ringier-rachete-les-parts-daxel-springer-en-hongrie-serbie-slovaquie-estonie-lettonie-et-lituanie\/#breadcrumb","itemListElement":[{"@type":"ListItem","position":1,"name":"Home","item":"https:\/\/www.ringier.com\/fr\/"},{"@type":"ListItem","position":2,"name":"Ringier rach\u00e8te les parts d\u2019Axel Springer en Hongrie, Serbie, Slovaquie, Estonie, Lettonie et Lituanie"}]},{"@type":"WebSite","@id":"https:\/\/www.ringier.com\/fr\/#website","url":"https:\/\/www.ringier.com\/fr\/","name":"Ringier","description":"We inform. We entertain. We connect","publisher":{"@id":"https:\/\/www.ringier.com\/fr\/#organization"},"potentialAction":[{"@type":"SearchAction","target":{"@type":"EntryPoint","urlTemplate":"https:\/\/www.ringier.com\/fr\/?s={search_term_string}"},"query-input":{"@type":"PropertyValueSpecification","valueRequired":true,"valueName":"search_term_string"}}],"inLanguage":"fr-FR"},{"@type":"Organization","@id":"https:\/\/www.ringier.com\/fr\/#organization","name":"Ringier","url":"https:\/\/www.ringier.com\/fr\/","logo":{"@type":"ImageObject","inLanguage":"fr-FR","@id":"https:\/\/www.ringier.com\/fr\/#\/schema\/logo\/image\/","url":"https:\/\/www.ringier.com\/wp-content\/uploads\/2021\/10\/ringier_logo_2.jpg","contentUrl":"https:\/\/www.ringier.com\/wp-content\/uploads\/2021\/10\/ringier_logo_2.jpg","width":750,"height":550,"caption":"Ringier"},"image":{"@id":"https:\/\/www.ringier.com\/fr\/#\/schema\/logo\/image\/"},"sameAs":["https:\/\/www.facebook.com\/ringierag\/","https:\/\/x.com\/ringier_ag","https:\/\/www.instagram.com\/ringier_ag\/","https:\/\/www.linkedin.com\/company\/ringier\/","https:\/\/www.youtube.com\/user\/RingierComm","https:\/\/en.wikipedia.org\/wiki\/Ringier","https:\/\/de.wikipedia.org\/wiki\/Ringier","https:\/\/fr.wikipedia.org\/wiki\/Ringier","https:\/\/www.crunchbase.com\/organization\/ringier-ag"]},{"@type":"Person","@id":"https:\/\/www.ringier.com\/fr\/#\/schema\/person\/1e03be3d98efb061d1ca29fef411db66","name":"Marc Liniger","image":{"@type":"ImageObject","inLanguage":"fr-FR","@id":"https:\/\/www.ringier.com\/fr\/#\/schema\/person\/image\/","url":"https:\/\/secure.gravatar.com\/avatar\/8d184da6aa7bdcc4d1a251ecaf713aa707e2a4c24b859c6360b2b31b83c1020e?s=96&d=mm&r=g","contentUrl":"https:\/\/secure.gravatar.com\/avatar\/8d184da6aa7bdcc4d1a251ecaf713aa707e2a4c24b859c6360b2b31b83c1020e?s=96&d=mm&r=g","caption":"Marc Liniger"},"sameAs":["https:\/\/www.ringier.com"]}]}},"_links":{"self":[{"href":"https:\/\/www.ringier.com\/fr\/wp-json\/wp\/v2\/posts\/226","targetHints":{"allow":["GET"]}}],"collection":[{"href":"https:\/\/www.ringier.com\/fr\/wp-json\/wp\/v2\/posts"}],"about":[{"href":"https:\/\/www.ringier.com\/fr\/wp-json\/wp\/v2\/types\/post"}],"author":[{"embeddable":true,"href":"https:\/\/www.ringier.com\/fr\/wp-json\/wp\/v2\/users\/7"}],"replies":[{"embeddable":true,"href":"https:\/\/www.ringier.com\/fr\/wp-json\/wp\/v2\/comments?post=226"}],"version-history":[{"count":0,"href":"https:\/\/www.ringier.com\/fr\/wp-json\/wp\/v2\/posts\/226\/revisions"}],"wp:featuredmedia":[{"embeddable":true,"href":"https:\/\/www.ringier.com\/fr\/wp-json\/wp\/v2\/media\/220"}],"wp:attachment":[{"href":"https:\/\/www.ringier.com\/fr\/wp-json\/wp\/v2\/media?parent=226"}],"wp:term":[{"taxonomy":"category","embeddable":true,"href":"https:\/\/www.ringier.com\/fr\/wp-json\/wp\/v2\/categories?post=226"},{"taxonomy":"post_tag","embeddable":true,"href":"https:\/\/www.ringier.com\/fr\/wp-json\/wp\/v2\/tags?post=226"}],"curies":[{"name":"wp","href":"https:\/\/api.w.org\/{rel}","templated":true}]}}