{"id":2247,"date":"2014-12-03T15:07:00","date_gmt":"2014-12-03T14:07:00","guid":{"rendered":"https:\/\/www.ringier.com\/das-schweizer-auto-des-jahres-2015-der-vw-passat-mit-klarem-erfolg\/"},"modified":"2024-11-14T07:06:00","modified_gmt":"2024-11-14T06:06:00","slug":"la-voiture-suisse-de-lannee-2015-la-vw-passat-remporte-le-titre-avec-succes","status":"publish","type":"post","link":"https:\/\/www.ringier.com\/fr\/la-voiture-suisse-de-lannee-2015-la-vw-passat-remporte-le-titre-avec-succes\/","title":{"rendered":"\u00abLa voiture suisse de l\u2019ann\u00e9e 2015\u00bb: la VW Passat remporte le titre avec succ\u00e8s"},"content":{"rendered":"\n<p>Pour la quatri\u00e8me fois d\u00e9j\u00e0, le magazine&nbsp;<em>Schweizer Illustrierte<\/em>&nbsp;a organis\u00e9 avec ses partenaires&nbsp;<em>AutoScout24, Blick, SonntagsBlick, L\u2019illustr\u00e9<\/em>&nbsp;et&nbsp;<em>il caff\u00e8<\/em>&nbsp;l\u2019\u00e9lection nationale de \u00abLa voiture suisse de l\u2019ann\u00e9e\u00bb. Trois jurys professionnels ont \u00e9lu \u00abLa voiture suisse de l\u2019ann\u00e9e\u00bb, \u00abLa voiture la plus \u00e9l\u00e9gante de Suisse\u00bb et \u00abLa voiture la plus verte de Suisse\u00bb. Pr\u00e8s de 56.000 lectrices et lecteurs de la&nbsp;<em>Schweizer Illustrierte<\/em>, d\u2019<em>AutoScout24<\/em>, de&nbsp;<em>Blick<\/em>, du&nbsp;<em>SonntagsBlick<\/em>, de&nbsp;<em>L\u2019illustr\u00e9<\/em>&nbsp;et d\u2019<em>il caff\u00e8<\/em>&nbsp;ainsi que les visiteurs de l\u2019exposition \u00abAuto Z\u00fcrich\u00bb ont \u00e9lu \u00abLa voiture pr\u00e9f\u00e9r\u00e9e des Suisses\u00bb. Cette ann\u00e9e, les nouveaux mod\u00e8les au choix \u00e9taient au nombre de 38.<\/p>\n\n\n\n<p>Les quatorze membres professionnels du jury \u2013 dont, entre autres, la pilote automobile Rahel Frey, l\u2019ex-pilote de Formule 1 et animateur Marc Surer ainsi que le directeur g\u00e9n\u00e9ral du TCS Stephan Gr\u00f6tzinger \u2013 ont \u00e9lu la nouvelle VW Passat \u00abVoiture suisse de l\u2019ann\u00e9e 2015\u00bb.<\/p>\n\n\n\n<p>Parmi le public de 55.924 votants, les plus nombreux ont eu un coup de c\u0153ur pour la BMW i8, une prometteuse sportive \u00e0 moteur hybride rechargeable, qui s\u2019est ainsi vu d\u00e9cerner le titre de \u00abLa voiture pr\u00e9f\u00e9r\u00e9e des Suisses\u00bb. Dans la cat\u00e9gorie sp\u00e9ciale \u00abLa voiture la plus verte de Suisse\u00bb, la nouvelle VW Golf GTE, qui poss\u00e8de \u00e9galement une motorisation hybride, est arriv\u00e9e en t\u00eate. Et dans le classement de la \u00abLa voiture la plus \u00e9l\u00e9gante de Suisse\u00bb, la Ferrari California T a su s\u00e9duire les dix personnalit\u00e9s du jury sp\u00e9cial.<\/p>\n\n\n\n<p><strong>\u00abLa voiture suisse de l\u2019ann\u00e9e\u00bb: la Volkswagen Passat<\/strong><\/p>\n\n\n\n<p>Le nouveau mod\u00e8le de la huiti\u00e8me g\u00e9n\u00e9ration de la famille VW Passat a conquis le jury professionnel et remport\u00e9 le titre de \u00abVoiture suisse de l\u2019ann\u00e9e 2015\u00bb avec une belle longueur d\u2019avance. Lors de la journ\u00e9e de tests effectu\u00e9s au centre TCS de Betzholz ZH, les quatorze sp\u00e9cialistes ont accord\u00e9 une excellente note \u00e0 la voiture allemande de classe moyenne, la moiti\u00e9 d\u2019entre eux lui octroyant m\u00eame la premi\u00e8re place. La Volkswagen les a s\u00e9duits, entre autres, par sa suspension r\u00e9glable de \u00abconfortable\u00bb \u00e0 \u00abferme\u00bb par une simple commande, ses innombrables syst\u00e8mes d\u2019assistance et l\u2019\u00e9l\u00e9gance de son habitacle. Sans oublier la mont\u00e9e en puissance de ses motorisations, alors qu\u2019elles consomment 20 % de carburant en moins.<\/p>\n\n\n\n<p>Le petit bolide de Renault, la Twingo, s\u2019en est aussi tr\u00e8s bien tir\u00e9. La Fran\u00e7aise qui, pour la premi\u00e8re fois, poss\u00e8de cinq portes au lieu de trois et dont le moteur se trouve d\u00e9sormais \u00e0 l\u2019arri\u00e8re, a impressionn\u00e9 le jury par son agilit\u00e9, sa maniabilit\u00e9 et ses d\u00e9tails astucieux. A seulement deux points derri\u00e8re la Twingo, la nouvelle Mercedes Classe C a d\u00e9croch\u00e9 la troisi\u00e8me place, gr\u00e2ce \u00e0 son esth\u00e9tique et&nbsp; \u00e0 ses \u00e9quipements de haute technologie qui, jusqu\u2019\u00e0 pr\u00e9sent, n\u2019\u00e9taient disponibles que dans les Mercedes de classe sup\u00e9rieure.<\/p>\n\n\n\n<p><strong>\u00abLa voiture pr\u00e9f\u00e9r\u00e9e des Suisses\u00bb: le BMW i8<\/strong><\/p>\n\n\n\n<p>Pour la quatri\u00e8me fois d\u00e9j\u00e0, le plus grand jury multilingue de Suisse \u2013 \u00e0 savoir les lectrices et les lecteurs de la&nbsp;<em>Schweizer Illustrierte<\/em>&nbsp;d\u2019<em>AutoScout24<\/em>, de&nbsp;<em>Blick<\/em>, du&nbsp;<em>SonntagsBlick<\/em>, de&nbsp;<em>L\u2019illustr\u00e9<\/em>&nbsp;et d\u2019<em>il caff\u00e8<\/em>, soit au total 55.924 personnes \u2013 a \u00e9lu \u00abLa voiture pr\u00e9f\u00e9r\u00e9e des Suisses\u00bb parmi les 38 nouveaux mod\u00e8les pr\u00e9sent\u00e9s.<\/p>\n\n\n\n<p>Et comme il est de mise dans un vote public, la sympathie et le prestige de la marque ont jou\u00e9 un r\u00f4le essentiel. Mais pour l\u2019ann\u00e9e 2015, l\u2019embarras du choix \u00e9tait tel que la course au titre prestigieux a donn\u00e9 lieu \u00e0 un suspense qui aura dur\u00e9 jusqu\u2019\u00e0 la fin. La super sportive BMW i8 a finalement \u00e9t\u00e9 la premi\u00e8re \u00e0 franchir la ligne d\u2019arriv\u00e9e avec 7,8 % des voix, suivie de pr\u00e8s par la Volvo XC90, qui est arriv\u00e9e deuxi\u00e8me avec 6,6 % des voix. Le sprint pour remporter la troisi\u00e8me place du podium s\u2019est jou\u00e9 entre plusieurs concurrentes et a \u00e9t\u00e9 remport\u00e9 par la nouvelle sportive Audi TT, qui a obtenu 6,2 % des votes du public.<\/p>\n\n\n\n<p><strong>\u00abLa voiture la plus \u00e9l\u00e9gante de Suisse\u00bb: la Ferrari California T<\/strong><\/p>\n\n\n\n<p>Le jour des tests \u00e0 Betzholz ZH, un jury compos\u00e9 de dix personnalit\u00e9s a examin\u00e9 \u00e0 la loupe les finalistes de la cat\u00e9gorie \u00abLa voiture la plus \u00e9l\u00e9gante de Suisse\u00bb. Et malgr\u00e9 leurs diff\u00e9rents penchants, le chanteur et animateur DJ Bobo, l\u2019humoriste Claudio Zuccolini, la r\u00e9dactrice en chef de&nbsp;<em>SI Style<\/em>&nbsp;Sabina Hanselmann-Diethelm,&nbsp;<em>l\u2019ex-Mister Suisse Renzo Blumenthal, l\u2019escrimeur Max Heinzer, la com\u00e9dienne Nina Havel, l\u2019animatrice et chanteuse Paloma W\u00fcrth, la chanteuse Evelyn Zangger, l\u2019ex-gymnaste Ariella Kaeslin et l\u2019animatrice et top-model Zoe Torinesi se sont rapidement accord\u00e9s pour \u00e9lire leur voiture favorite: la&nbsp;<\/em>Ferrari&nbsp;California T. Ce puissant et \u00e9l\u00e9gant coup\u00e9 2+2 dot\u00e9 d\u2019un moteur turbo&nbsp;V8&nbsp;de&nbsp;560 ch s\u2019est&nbsp;impos\u00e9 devant la sportive hybride BMW i8 et le beau Coup\u00e9 Mercedes Classe S.<\/p>\n\n\n\n<p><strong>\u00abLa voiture la plus verte de Suisse\u00bb: la VW Golf GTE<\/strong><\/p>\n\n\n\n<p>Huit sp\u00e9cialistes de l\u2019environnement, dont Mario Illien (concepteur de moteurs et sp\u00e9cialiste de l\u2019\u00e9cologie), J\u00f6rg Sigrist (directeur g\u00e9n\u00e9ral de l\u2019Umwelt Arena), Christian Bach (responsable du d\u00e9partement Moteurs \u00e0 combustion \u00e0 l\u2019Empa), Reiner Langendorf (directeur g\u00e9n\u00e9ral d\u2019Eco-Drive) et Viktor Wyler (responsable de l\u2019exploitation et de la gestion du parc automobile de Mobility) ont couronn\u00e9 \u00abLa voiture la plus verte de Suisse\u00bb. Outre les automobiles purement \u00e9lectriques et les voitures \u00e0 moteur hybride rechargeable ou fonctionnant au gaz naturel et au biogaz, il y avait cette ann\u00e9e une proportion \u00e9tonnante de voitures \u00e0 moteur conventionnel \u00e0 combustion parmi les dix finalistes. C\u2019est cependant la VW Golf GTE qui s\u2019est impos\u00e9e. Cette voiture polyvalente, dot\u00e9e d\u2019une motorisation hybride bien con\u00e7ue \u2013 compos\u00e9e d\u2019un moteur \u00e9lectrique de 102 ch et d\u2019un moteur conventionnel \u00e0 essence de 1,4 litre (150 ch) \u2013 a gagn\u00e9 de justesse devant sa s\u0153ur enti\u00e8rement \u00e9lectrique e-Golf. A la troisi\u00e8me place, les huit sp\u00e9cialistes de l\u2019environnement ont \u00e9lu la Seat Leon ST et son moteur bivalent au gaz naturel ou au biogaz.<\/p>\n\n\n\n<p><strong>Trois heureux gagnants au volant d\u2019une nouvelle voiture<\/strong><\/p>\n\n\n\n<p>Le grand vote organis\u00e9 dans toutes les r\u00e9gions du pays a non seulement permis aux participants d\u2019\u00e9lire leur voiture pr\u00e9f\u00e9r\u00e9e, mais aussi d\u2019en gagner: parmi tous les votants valid\u00e9s ont \u00e9t\u00e9 mises en jeu des voitures d\u2019une valeur globale de plus de 115.000 francs. Werner Schmid a ainsi gagn\u00e9 une Audi A3 Sportback e-tron flambant neuve. Martin K\u00e4mpf s\u2019est vu remettre les clefs d\u2019une Volvo V40 D3 \u00abMomentum\u00bb. Et Maya Steffen a remport\u00e9 une Suzuki Swift Sergio Cellano \u00abEdizione Bianco &amp; Nero\u00bb.<\/p>\n\n\n\n<p>* * * * *<\/p>\n\n\n\n<p><strong><em>Les championnes de l\u2019ann\u00e9e 2015 d\u2019un seul coup d\u2019\u0153il:<\/em><\/strong><\/p>\n\n\n\n<p><strong>\u00ab<\/strong><strong>La voiture suisse de l\u2019ann\u00e9e\u00bb<\/strong><br>1. VW Passat<br>2. Renault Twingo<br>3. Mercedes Classe C<br><br><strong>\u00ab<\/strong><strong>La voiture pr\u00e9f\u00e9r\u00e9e des Suisses\u00bb<\/strong><br>1. BMW i8<br>2. Volvo XC90<br>3.&nbsp;Audi TT<br><br><strong>\u00ab<\/strong><strong>La voiture la plus verte de Suisse\u00bb<\/strong><br>1. VW Golf GTE<br>2. VW e-Golf<br>3. Seat Leon ST TGI EcoFuel<br><br><strong>\u00ab<\/strong><strong>La voiture la plus \u00e9l\u00e9gante de Suisse\u00bb<\/strong><br>1. Ferrari California T<br>2. BMW i8<br>3. Mercedes Classe S Coup\u00e9<\/p>\n\n\n\n<p><\/p>\n\n\n\n<div class=\"wp-block-image\"><figure class=\"aligncenter size-large\"><img loading=\"lazy\" decoding=\"async\" width=\"750\" height=\"500\" src=\"https:\/\/www.ringier.com\/wp-content\/uploads\/2021\/08\/Schweizer-Illustrierte_CH-Car-of-the-year-2015_Cover-1.jpg\" alt=\"\" class=\"wp-image-2129\" srcset=\"https:\/\/www.ringier.com\/wp-content\/uploads\/2021\/08\/Schweizer-Illustrierte_CH-Car-of-the-year-2015_Cover-1.jpg 750w, https:\/\/www.ringier.com\/wp-content\/uploads\/2021\/08\/Schweizer-Illustrierte_CH-Car-of-the-year-2015_Cover-1-300x200.jpg 300w\" sizes=\"auto, (max-width: 750px) 100vw, 750px\" \/><figcaption>Logo \u00abVoiture suisse de l&rsquo;ann\u00e9e 2015\u00bb<\/figcaption><\/figure><\/div>\n\n\n\n<div class=\"wp-block-image\"><figure class=\"aligncenter size-large\"><img loading=\"lazy\" decoding=\"async\" width=\"750\" height=\"500\" src=\"https:\/\/www.ringier.com\/wp-content\/uploads\/2021\/08\/Schweizer-Illustrierte_CH-Car-of-the-year-2015_1-Rank_VW-Passat.jpg\" alt=\"\" class=\"wp-image-2123\" srcset=\"https:\/\/www.ringier.com\/wp-content\/uploads\/2021\/08\/Schweizer-Illustrierte_CH-Car-of-the-year-2015_1-Rank_VW-Passat.jpg 750w, https:\/\/www.ringier.com\/wp-content\/uploads\/2021\/08\/Schweizer-Illustrierte_CH-Car-of-the-year-2015_1-Rank_VW-Passat-300x200.jpg 300w\" sizes=\"auto, (max-width: 750px) 100vw, 750px\" \/><figcaption>VW Passat \u00abVoiture suisse de l&rsquo;ann\u00e9e\u00bb 1\u00e8re place<\/figcaption><\/figure><\/div>\n\n\n\n<div class=\"wp-block-image\"><figure class=\"aligncenter size-large\"><img loading=\"lazy\" decoding=\"async\" width=\"750\" height=\"500\" src=\"https:\/\/www.ringier.com\/wp-content\/uploads\/2021\/08\/Schweizer-Illustrierte_CH-Car-of-the-year-2015_2-Rank_Renault_Twingo.jpg\" alt=\"\" class=\"wp-image-2126\" srcset=\"https:\/\/www.ringier.com\/wp-content\/uploads\/2021\/08\/Schweizer-Illustrierte_CH-Car-of-the-year-2015_2-Rank_Renault_Twingo.jpg 750w, https:\/\/www.ringier.com\/wp-content\/uploads\/2021\/08\/Schweizer-Illustrierte_CH-Car-of-the-year-2015_2-Rank_Renault_Twingo-300x200.jpg 300w\" sizes=\"auto, (max-width: 750px) 100vw, 750px\" \/><figcaption><kbd>Renault Twingo \u00abVoiture suisse de l'ann\u00e9e\u00bb 2\u00e8me place<\/kbd><\/figcaption><\/figure><\/div>\n\n\n\n<div class=\"wp-block-image\"><figure class=\"aligncenter size-full\"><img loading=\"lazy\" decoding=\"async\" width=\"745\" height=\"498\" src=\"https:\/\/www.ringier.com\/wp-content\/uploads\/2014\/12\/Schweizer-Illustrierte_CH-Car-of-the-year-2015_rank-3_mercedes_c-klasse.png\" alt=\"\" class=\"wp-image-2235\" srcset=\"https:\/\/www.ringier.com\/wp-content\/uploads\/2014\/12\/Schweizer-Illustrierte_CH-Car-of-the-year-2015_rank-3_mercedes_c-klasse.png 745w, https:\/\/www.ringier.com\/wp-content\/uploads\/2014\/12\/Schweizer-Illustrierte_CH-Car-of-the-year-2015_rank-3_mercedes_c-klasse-300x201.png 300w\" sizes=\"auto, (max-width: 745px) 100vw, 745px\" \/><figcaption>Mercedes C-Klasse \u00abVoiture suisse de l&rsquo;ann\u00e9e\u00bb 3\u00e8me place<\/figcaption><\/figure><\/div>\n\n\n\n<div class=\"wp-block-image\"><figure class=\"aligncenter size-large\"><img loading=\"lazy\" decoding=\"async\" width=\"750\" height=\"500\" src=\"https:\/\/www.ringier.com\/wp-content\/uploads\/2021\/08\/Schweizer-Illustrierte_CH-Car-of-the-year-2015_Favourite-Car_bmw_i8.jpg\" alt=\"\" class=\"wp-image-2141\" srcset=\"https:\/\/www.ringier.com\/wp-content\/uploads\/2021\/08\/Schweizer-Illustrierte_CH-Car-of-the-year-2015_Favourite-Car_bmw_i8.jpg 750w, https:\/\/www.ringier.com\/wp-content\/uploads\/2021\/08\/Schweizer-Illustrierte_CH-Car-of-the-year-2015_Favourite-Car_bmw_i8-300x200.jpg 300w\" sizes=\"auto, (max-width: 750px) 100vw, 750px\" \/><figcaption>BMW i8 \u00abLa voiture pr\u00e9f\u00e9r\u00e9e des Suisses\u00bb 1\u00e8re place<\/figcaption><\/figure><\/div>\n\n\n\n<div class=\"wp-block-image\"><figure class=\"aligncenter size-large\"><img loading=\"lazy\" decoding=\"async\" width=\"750\" height=\"500\" src=\"https:\/\/www.ringier.com\/wp-content\/uploads\/2021\/08\/Schweizer-Illustrierte_CH-Car-of-the-year-2015_Green-car_vw_golf_gte.jpg\" alt=\"\" class=\"wp-image-2144\" srcset=\"https:\/\/www.ringier.com\/wp-content\/uploads\/2021\/08\/Schweizer-Illustrierte_CH-Car-of-the-year-2015_Green-car_vw_golf_gte.jpg 750w, https:\/\/www.ringier.com\/wp-content\/uploads\/2021\/08\/Schweizer-Illustrierte_CH-Car-of-the-year-2015_Green-car_vw_golf_gte-300x200.jpg 300w\" sizes=\"auto, (max-width: 750px) 100vw, 750px\" \/><figcaption>VW Golf GTE \u00abLa voiture la plus verte de Suisse\u00bb 1\u00e8re place<\/figcaption><\/figure><\/div>\n\n\n\n<div class=\"wp-block-image\"><figure class=\"aligncenter size-large\"><img loading=\"lazy\" decoding=\"async\" width=\"750\" height=\"500\" src=\"https:\/\/www.ringier.com\/wp-content\/uploads\/2021\/08\/Schweizer-Illustrierte_CH-Car-of-the-year-2015_Styled-Car_ferrari_california.jpg\" alt=\"\" class=\"wp-image-2207\" srcset=\"https:\/\/www.ringier.com\/wp-content\/uploads\/2021\/08\/Schweizer-Illustrierte_CH-Car-of-the-year-2015_Styled-Car_ferrari_california.jpg 750w, https:\/\/www.ringier.com\/wp-content\/uploads\/2021\/08\/Schweizer-Illustrierte_CH-Car-of-the-year-2015_Styled-Car_ferrari_california-300x200.jpg 300w\" sizes=\"auto, (max-width: 750px) 100vw, 750px\" \/><figcaption>Ferrari California T \u00abLa voiture la plus \u00e9l\u00e9gante de Suisse\u00bb 1\u00e8re place<\/figcaption><\/figure><\/div>\n","protected":false},"excerpt":{"rendered":"<p>Un jury compos\u00e9 de quatorze professionnels a d\u00e9cern\u00e9 le titre de \u00abLa voiture suisse de l\u2019ann\u00e9e 2015\u00bb \u00e0 la nouvelle Passat de Volkswagen, voiture de classe moyenne. Au grand vote repr\u00e9sentatif organis\u00e9 par le magazine Schweizer Illustrierte et ses partenaires, le choix du public s\u2019est port\u00e9, avec 55.924 voix, sur la sportive BMW i8 hybride rechargeable, qui a donc remport\u00e9 le titre de \u00abLa voiture pr\u00e9f\u00e9r\u00e9e des Suisses\u00bb.<\/p>\n","protected":false},"author":23,"featured_media":2111,"comment_status":"closed","ping_status":"open","sticky":false,"template":"","format":"standard","meta":{"inline_featured_image":false,"footnotes":""},"categories":[370,363],"tags":[],"class_list":["post-2247","post","type-post","status-publish","format-standard","has-post-thumbnail","hentry","category-media-fr","category-ringier-medias-suisse"],"yoast_head":"<!-- This site is optimized with the Yoast SEO Premium plugin v27.0 (Yoast SEO v27.0) - https:\/\/yoast.com\/product\/yoast-seo-premium-wordpress\/ -->\n<title>\u00abLa voiture suisse de l\u2019ann\u00e9e 2015\u00bb: la VW Passat remporte le titre avec succ\u00e8s - Ringier<\/title>\n<meta name=\"robots\" content=\"index, follow, max-snippet:-1, max-image-preview:large, max-video-preview:-1\" \/>\n<link rel=\"canonical\" href=\"https:\/\/www.ringier.com\/fr\/la-voiture-suisse-de-lannee-2015-la-vw-passat-remporte-le-titre-avec-succes\/\" \/>\n<meta property=\"og:locale\" content=\"fr_FR\" \/>\n<meta property=\"og:type\" content=\"article\" \/>\n<meta property=\"og:title\" content=\"\u00abLa voiture suisse de l\u2019ann\u00e9e 2015\u00bb: la VW Passat remporte le titre avec succ\u00e8s\" \/>\n<meta property=\"og:description\" content=\"Un jury compos\u00e9 de quatorze professionnels a d\u00e9cern\u00e9 le titre de \u00abLa voiture suisse de l\u2019ann\u00e9e 2015\u00bb \u00e0 la nouvelle Passat de Volkswagen, voiture de classe moyenne. Au grand vote repr\u00e9sentatif organis\u00e9 par le magazine Schweizer Illustrierte et ses partenaires, le choix du public s\u2019est port\u00e9, avec 55.924 voix, sur la sportive BMW i8 hybride rechargeable, qui a donc remport\u00e9 le titre de \u00abLa voiture pr\u00e9f\u00e9r\u00e9e des Suisses\u00bb.\" \/>\n<meta property=\"og:url\" content=\"https:\/\/www.ringier.com\/fr\/la-voiture-suisse-de-lannee-2015-la-vw-passat-remporte-le-titre-avec-succes\/\" \/>\n<meta property=\"og:site_name\" content=\"Ringier\" \/>\n<meta property=\"article:publisher\" content=\"https:\/\/www.facebook.com\/ringierag\/\" \/>\n<meta property=\"article:published_time\" content=\"2014-12-03T14:07:00+00:00\" \/>\n<meta property=\"article:modified_time\" content=\"2024-11-14T06:06:00+00:00\" \/>\n<meta property=\"og:image\" content=\"https:\/\/www.ringier.com\/wp-content\/uploads\/2021\/08\/Schweizer-Illustrierte_CH-Car-of-the-year-2015_Cover.jpg\" \/>\n\t<meta property=\"og:image:width\" content=\"750\" \/>\n\t<meta property=\"og:image:height\" content=\"500\" \/>\n\t<meta property=\"og:image:type\" content=\"image\/jpeg\" \/>\n<meta name=\"author\" content=\"Ringier Corporate Communications\" \/>\n<meta name=\"twitter:card\" content=\"summary_large_image\" \/>\n<meta name=\"twitter:creator\" content=\"@ringier_ag\" \/>\n<meta name=\"twitter:site\" content=\"@ringier_ag\" \/>\n<meta name=\"twitter:label1\" content=\"\u00c9crit par\" \/>\n\t<meta name=\"twitter:data1\" content=\"Ringier Corporate Communications\" \/>\n\t<meta name=\"twitter:label2\" content=\"Dur\u00e9e de lecture estim\u00e9e\" \/>\n\t<meta name=\"twitter:data2\" content=\"7 minutes\" \/>\n<script type=\"application\/ld+json\" class=\"yoast-schema-graph\">{\"@context\":\"https:\/\/schema.org\",\"@graph\":[{\"@type\":\"Article\",\"@id\":\"https:\/\/www.ringier.com\/fr\/la-voiture-suisse-de-lannee-2015-la-vw-passat-remporte-le-titre-avec-succes\/#article\",\"isPartOf\":{\"@id\":\"https:\/\/www.ringier.com\/fr\/la-voiture-suisse-de-lannee-2015-la-vw-passat-remporte-le-titre-avec-succes\/\"},\"author\":{\"name\":\"Ringier Corporate Communications\",\"@id\":\"https:\/\/www.ringier.com\/fr\/#\/schema\/person\/4cf76a308dc4b2bb5121bd1e7b752e52\"},\"headline\":\"\u00abLa voiture suisse de l\u2019ann\u00e9e 2015\u00bb: la VW Passat remporte le titre avec succ\u00e8s\",\"datePublished\":\"2014-12-03T14:07:00+00:00\",\"dateModified\":\"2024-11-14T06:06:00+00:00\",\"mainEntityOfPage\":{\"@id\":\"https:\/\/www.ringier.com\/fr\/la-voiture-suisse-de-lannee-2015-la-vw-passat-remporte-le-titre-avec-succes\/\"},\"wordCount\":1350,\"publisher\":{\"@id\":\"https:\/\/www.ringier.com\/fr\/#organization\"},\"image\":{\"@id\":\"https:\/\/www.ringier.com\/fr\/la-voiture-suisse-de-lannee-2015-la-vw-passat-remporte-le-titre-avec-succes\/#primaryimage\"},\"thumbnailUrl\":\"https:\/\/www.ringier.com\/wp-content\/uploads\/2021\/08\/Schweizer-Illustrierte_CH-Car-of-the-year-2015_Cover.jpg\",\"articleSection\":[\"Media\",\"Ringier Medias Suisse\"],\"inLanguage\":\"fr-FR\"},{\"@type\":\"WebPage\",\"@id\":\"https:\/\/www.ringier.com\/fr\/la-voiture-suisse-de-lannee-2015-la-vw-passat-remporte-le-titre-avec-succes\/\",\"url\":\"https:\/\/www.ringier.com\/fr\/la-voiture-suisse-de-lannee-2015-la-vw-passat-remporte-le-titre-avec-succes\/\",\"name\":\"\u00abLa voiture suisse de l\u2019ann\u00e9e 2015\u00bb: la VW Passat remporte le titre avec succ\u00e8s - Ringier\",\"isPartOf\":{\"@id\":\"https:\/\/www.ringier.com\/fr\/#website\"},\"primaryImageOfPage\":{\"@id\":\"https:\/\/www.ringier.com\/fr\/la-voiture-suisse-de-lannee-2015-la-vw-passat-remporte-le-titre-avec-succes\/#primaryimage\"},\"image\":{\"@id\":\"https:\/\/www.ringier.com\/fr\/la-voiture-suisse-de-lannee-2015-la-vw-passat-remporte-le-titre-avec-succes\/#primaryimage\"},\"thumbnailUrl\":\"https:\/\/www.ringier.com\/wp-content\/uploads\/2021\/08\/Schweizer-Illustrierte_CH-Car-of-the-year-2015_Cover.jpg\",\"datePublished\":\"2014-12-03T14:07:00+00:00\",\"dateModified\":\"2024-11-14T06:06:00+00:00\",\"breadcrumb\":{\"@id\":\"https:\/\/www.ringier.com\/fr\/la-voiture-suisse-de-lannee-2015-la-vw-passat-remporte-le-titre-avec-succes\/#breadcrumb\"},\"inLanguage\":\"fr-FR\",\"potentialAction\":[{\"@type\":\"ReadAction\",\"target\":[\"https:\/\/www.ringier.com\/fr\/la-voiture-suisse-de-lannee-2015-la-vw-passat-remporte-le-titre-avec-succes\/\"]}]},{\"@type\":\"ImageObject\",\"inLanguage\":\"fr-FR\",\"@id\":\"https:\/\/www.ringier.com\/fr\/la-voiture-suisse-de-lannee-2015-la-vw-passat-remporte-le-titre-avec-succes\/#primaryimage\",\"url\":\"https:\/\/www.ringier.com\/wp-content\/uploads\/2021\/08\/Schweizer-Illustrierte_CH-Car-of-the-year-2015_Cover.jpg\",\"contentUrl\":\"https:\/\/www.ringier.com\/wp-content\/uploads\/2021\/08\/Schweizer-Illustrierte_CH-Car-of-the-year-2015_Cover.jpg\",\"width\":750,\"height\":500},{\"@type\":\"BreadcrumbList\",\"@id\":\"https:\/\/www.ringier.com\/fr\/la-voiture-suisse-de-lannee-2015-la-vw-passat-remporte-le-titre-avec-succes\/#breadcrumb\",\"itemListElement\":[{\"@type\":\"ListItem\",\"position\":1,\"name\":\"Home\",\"item\":\"https:\/\/www.ringier.com\/fr\/\"},{\"@type\":\"ListItem\",\"position\":2,\"name\":\"\u00abLa voiture suisse de l\u2019ann\u00e9e 2015\u00bb: la VW Passat remporte le titre avec succ\u00e8s\"}]},{\"@type\":\"WebSite\",\"@id\":\"https:\/\/www.ringier.com\/fr\/#website\",\"url\":\"https:\/\/www.ringier.com\/fr\/\",\"name\":\"Ringier\",\"description\":\"We inform. We entertain. We connect\",\"publisher\":{\"@id\":\"https:\/\/www.ringier.com\/fr\/#organization\"},\"potentialAction\":[{\"@type\":\"SearchAction\",\"target\":{\"@type\":\"EntryPoint\",\"urlTemplate\":\"https:\/\/www.ringier.com\/fr\/?s={search_term_string}\"},\"query-input\":{\"@type\":\"PropertyValueSpecification\",\"valueRequired\":true,\"valueName\":\"search_term_string\"}}],\"inLanguage\":\"fr-FR\"},{\"@type\":\"Organization\",\"@id\":\"https:\/\/www.ringier.com\/fr\/#organization\",\"name\":\"Ringier\",\"url\":\"https:\/\/www.ringier.com\/fr\/\",\"logo\":{\"@type\":\"ImageObject\",\"inLanguage\":\"fr-FR\",\"@id\":\"https:\/\/www.ringier.com\/fr\/#\/schema\/logo\/image\/\",\"url\":\"https:\/\/www.ringier.com\/wp-content\/uploads\/2021\/10\/ringier_logo_2.jpg\",\"contentUrl\":\"https:\/\/www.ringier.com\/wp-content\/uploads\/2021\/10\/ringier_logo_2.jpg\",\"width\":750,\"height\":550,\"caption\":\"Ringier\"},\"image\":{\"@id\":\"https:\/\/www.ringier.com\/fr\/#\/schema\/logo\/image\/\"},\"sameAs\":[\"https:\/\/www.facebook.com\/ringierag\/\",\"https:\/\/x.com\/ringier_ag\",\"https:\/\/www.instagram.com\/ringier_ag\/\",\"https:\/\/www.linkedin.com\/company\/ringier\/\",\"https:\/\/www.youtube.com\/user\/RingierComm\",\"https:\/\/en.wikipedia.org\/wiki\/Ringier\",\"https:\/\/de.wikipedia.org\/wiki\/Ringier\",\"https:\/\/fr.wikipedia.org\/wiki\/Ringier\",\"https:\/\/www.crunchbase.com\/organization\/ringier-ag\"]},{\"@type\":\"Person\",\"@id\":\"https:\/\/www.ringier.com\/fr\/#\/schema\/person\/4cf76a308dc4b2bb5121bd1e7b752e52\",\"name\":\"Ringier Corporate Communications\",\"image\":{\"@type\":\"ImageObject\",\"inLanguage\":\"fr-FR\",\"@id\":\"https:\/\/www.ringier.com\/fr\/#\/schema\/person\/image\/\",\"url\":\"https:\/\/secure.gravatar.com\/avatar\/9391e20481368d5df4fe3e1e476c13b27786347489822ec1ed07e532bb41f587?s=96&d=mm&r=g\",\"contentUrl\":\"https:\/\/secure.gravatar.com\/avatar\/9391e20481368d5df4fe3e1e476c13b27786347489822ec1ed07e532bb41f587?s=96&d=mm&r=g\",\"caption\":\"Ringier Corporate Communications\"},\"sameAs\":[\"https:\/\/www.ringier.com\"]}]}<\/script>\n<!-- \/ Yoast SEO Premium plugin. -->","yoast_head_json":{"title":"\u00abLa voiture suisse de l\u2019ann\u00e9e 2015\u00bb: la VW Passat remporte le titre avec succ\u00e8s - Ringier","robots":{"index":"index","follow":"follow","max-snippet":"max-snippet:-1","max-image-preview":"max-image-preview:large","max-video-preview":"max-video-preview:-1"},"canonical":"https:\/\/www.ringier.com\/fr\/la-voiture-suisse-de-lannee-2015-la-vw-passat-remporte-le-titre-avec-succes\/","og_locale":"fr_FR","og_type":"article","og_title":"\u00abLa voiture suisse de l\u2019ann\u00e9e 2015\u00bb: la VW Passat remporte le titre avec succ\u00e8s","og_description":"Un jury compos\u00e9 de quatorze professionnels a d\u00e9cern\u00e9 le titre de \u00abLa voiture suisse de l\u2019ann\u00e9e 2015\u00bb \u00e0 la nouvelle Passat de Volkswagen, voiture de classe moyenne. Au grand vote repr\u00e9sentatif organis\u00e9 par le magazine Schweizer Illustrierte et ses partenaires, le choix du public s\u2019est port\u00e9, avec 55.924 voix, sur la sportive BMW i8 hybride rechargeable, qui a donc remport\u00e9 le titre de \u00abLa voiture pr\u00e9f\u00e9r\u00e9e des Suisses\u00bb.","og_url":"https:\/\/www.ringier.com\/fr\/la-voiture-suisse-de-lannee-2015-la-vw-passat-remporte-le-titre-avec-succes\/","og_site_name":"Ringier","article_publisher":"https:\/\/www.facebook.com\/ringierag\/","article_published_time":"2014-12-03T14:07:00+00:00","article_modified_time":"2024-11-14T06:06:00+00:00","og_image":[{"width":750,"height":500,"url":"https:\/\/www.ringier.com\/wp-content\/uploads\/2021\/08\/Schweizer-Illustrierte_CH-Car-of-the-year-2015_Cover.jpg","type":"image\/jpeg"}],"author":"Ringier Corporate Communications","twitter_card":"summary_large_image","twitter_creator":"@ringier_ag","twitter_site":"@ringier_ag","twitter_misc":{"\u00c9crit par":"Ringier Corporate Communications","Dur\u00e9e de lecture estim\u00e9e":"7 minutes"},"schema":{"@context":"https:\/\/schema.org","@graph":[{"@type":"Article","@id":"https:\/\/www.ringier.com\/fr\/la-voiture-suisse-de-lannee-2015-la-vw-passat-remporte-le-titre-avec-succes\/#article","isPartOf":{"@id":"https:\/\/www.ringier.com\/fr\/la-voiture-suisse-de-lannee-2015-la-vw-passat-remporte-le-titre-avec-succes\/"},"author":{"name":"Ringier Corporate Communications","@id":"https:\/\/www.ringier.com\/fr\/#\/schema\/person\/4cf76a308dc4b2bb5121bd1e7b752e52"},"headline":"\u00abLa voiture suisse de l\u2019ann\u00e9e 2015\u00bb: la VW Passat remporte le titre avec succ\u00e8s","datePublished":"2014-12-03T14:07:00+00:00","dateModified":"2024-11-14T06:06:00+00:00","mainEntityOfPage":{"@id":"https:\/\/www.ringier.com\/fr\/la-voiture-suisse-de-lannee-2015-la-vw-passat-remporte-le-titre-avec-succes\/"},"wordCount":1350,"publisher":{"@id":"https:\/\/www.ringier.com\/fr\/#organization"},"image":{"@id":"https:\/\/www.ringier.com\/fr\/la-voiture-suisse-de-lannee-2015-la-vw-passat-remporte-le-titre-avec-succes\/#primaryimage"},"thumbnailUrl":"https:\/\/www.ringier.com\/wp-content\/uploads\/2021\/08\/Schweizer-Illustrierte_CH-Car-of-the-year-2015_Cover.jpg","articleSection":["Media","Ringier Medias Suisse"],"inLanguage":"fr-FR"},{"@type":"WebPage","@id":"https:\/\/www.ringier.com\/fr\/la-voiture-suisse-de-lannee-2015-la-vw-passat-remporte-le-titre-avec-succes\/","url":"https:\/\/www.ringier.com\/fr\/la-voiture-suisse-de-lannee-2015-la-vw-passat-remporte-le-titre-avec-succes\/","name":"\u00abLa voiture suisse de l\u2019ann\u00e9e 2015\u00bb: la VW Passat remporte le titre avec succ\u00e8s - Ringier","isPartOf":{"@id":"https:\/\/www.ringier.com\/fr\/#website"},"primaryImageOfPage":{"@id":"https:\/\/www.ringier.com\/fr\/la-voiture-suisse-de-lannee-2015-la-vw-passat-remporte-le-titre-avec-succes\/#primaryimage"},"image":{"@id":"https:\/\/www.ringier.com\/fr\/la-voiture-suisse-de-lannee-2015-la-vw-passat-remporte-le-titre-avec-succes\/#primaryimage"},"thumbnailUrl":"https:\/\/www.ringier.com\/wp-content\/uploads\/2021\/08\/Schweizer-Illustrierte_CH-Car-of-the-year-2015_Cover.jpg","datePublished":"2014-12-03T14:07:00+00:00","dateModified":"2024-11-14T06:06:00+00:00","breadcrumb":{"@id":"https:\/\/www.ringier.com\/fr\/la-voiture-suisse-de-lannee-2015-la-vw-passat-remporte-le-titre-avec-succes\/#breadcrumb"},"inLanguage":"fr-FR","potentialAction":[{"@type":"ReadAction","target":["https:\/\/www.ringier.com\/fr\/la-voiture-suisse-de-lannee-2015-la-vw-passat-remporte-le-titre-avec-succes\/"]}]},{"@type":"ImageObject","inLanguage":"fr-FR","@id":"https:\/\/www.ringier.com\/fr\/la-voiture-suisse-de-lannee-2015-la-vw-passat-remporte-le-titre-avec-succes\/#primaryimage","url":"https:\/\/www.ringier.com\/wp-content\/uploads\/2021\/08\/Schweizer-Illustrierte_CH-Car-of-the-year-2015_Cover.jpg","contentUrl":"https:\/\/www.ringier.com\/wp-content\/uploads\/2021\/08\/Schweizer-Illustrierte_CH-Car-of-the-year-2015_Cover.jpg","width":750,"height":500},{"@type":"BreadcrumbList","@id":"https:\/\/www.ringier.com\/fr\/la-voiture-suisse-de-lannee-2015-la-vw-passat-remporte-le-titre-avec-succes\/#breadcrumb","itemListElement":[{"@type":"ListItem","position":1,"name":"Home","item":"https:\/\/www.ringier.com\/fr\/"},{"@type":"ListItem","position":2,"name":"\u00abLa voiture suisse de l\u2019ann\u00e9e 2015\u00bb: la VW Passat remporte le titre avec succ\u00e8s"}]},{"@type":"WebSite","@id":"https:\/\/www.ringier.com\/fr\/#website","url":"https:\/\/www.ringier.com\/fr\/","name":"Ringier","description":"We inform. We entertain. We connect","publisher":{"@id":"https:\/\/www.ringier.com\/fr\/#organization"},"potentialAction":[{"@type":"SearchAction","target":{"@type":"EntryPoint","urlTemplate":"https:\/\/www.ringier.com\/fr\/?s={search_term_string}"},"query-input":{"@type":"PropertyValueSpecification","valueRequired":true,"valueName":"search_term_string"}}],"inLanguage":"fr-FR"},{"@type":"Organization","@id":"https:\/\/www.ringier.com\/fr\/#organization","name":"Ringier","url":"https:\/\/www.ringier.com\/fr\/","logo":{"@type":"ImageObject","inLanguage":"fr-FR","@id":"https:\/\/www.ringier.com\/fr\/#\/schema\/logo\/image\/","url":"https:\/\/www.ringier.com\/wp-content\/uploads\/2021\/10\/ringier_logo_2.jpg","contentUrl":"https:\/\/www.ringier.com\/wp-content\/uploads\/2021\/10\/ringier_logo_2.jpg","width":750,"height":550,"caption":"Ringier"},"image":{"@id":"https:\/\/www.ringier.com\/fr\/#\/schema\/logo\/image\/"},"sameAs":["https:\/\/www.facebook.com\/ringierag\/","https:\/\/x.com\/ringier_ag","https:\/\/www.instagram.com\/ringier_ag\/","https:\/\/www.linkedin.com\/company\/ringier\/","https:\/\/www.youtube.com\/user\/RingierComm","https:\/\/en.wikipedia.org\/wiki\/Ringier","https:\/\/de.wikipedia.org\/wiki\/Ringier","https:\/\/fr.wikipedia.org\/wiki\/Ringier","https:\/\/www.crunchbase.com\/organization\/ringier-ag"]},{"@type":"Person","@id":"https:\/\/www.ringier.com\/fr\/#\/schema\/person\/4cf76a308dc4b2bb5121bd1e7b752e52","name":"Ringier Corporate Communications","image":{"@type":"ImageObject","inLanguage":"fr-FR","@id":"https:\/\/www.ringier.com\/fr\/#\/schema\/person\/image\/","url":"https:\/\/secure.gravatar.com\/avatar\/9391e20481368d5df4fe3e1e476c13b27786347489822ec1ed07e532bb41f587?s=96&d=mm&r=g","contentUrl":"https:\/\/secure.gravatar.com\/avatar\/9391e20481368d5df4fe3e1e476c13b27786347489822ec1ed07e532bb41f587?s=96&d=mm&r=g","caption":"Ringier Corporate Communications"},"sameAs":["https:\/\/www.ringier.com"]}]}},"_links":{"self":[{"href":"https:\/\/www.ringier.com\/fr\/wp-json\/wp\/v2\/posts\/2247","targetHints":{"allow":["GET"]}}],"collection":[{"href":"https:\/\/www.ringier.com\/fr\/wp-json\/wp\/v2\/posts"}],"about":[{"href":"https:\/\/www.ringier.com\/fr\/wp-json\/wp\/v2\/types\/post"}],"author":[{"embeddable":true,"href":"https:\/\/www.ringier.com\/fr\/wp-json\/wp\/v2\/users\/23"}],"replies":[{"embeddable":true,"href":"https:\/\/www.ringier.com\/fr\/wp-json\/wp\/v2\/comments?post=2247"}],"version-history":[{"count":0,"href":"https:\/\/www.ringier.com\/fr\/wp-json\/wp\/v2\/posts\/2247\/revisions"}],"wp:featuredmedia":[{"embeddable":true,"href":"https:\/\/www.ringier.com\/fr\/wp-json\/wp\/v2\/media\/2111"}],"wp:attachment":[{"href":"https:\/\/www.ringier.com\/fr\/wp-json\/wp\/v2\/media?parent=2247"}],"wp:term":[{"taxonomy":"category","embeddable":true,"href":"https:\/\/www.ringier.com\/fr\/wp-json\/wp\/v2\/categories?post=2247"},{"taxonomy":"post_tag","embeddable":true,"href":"https:\/\/www.ringier.com\/fr\/wp-json\/wp\/v2\/tags?post=2247"}],"curies":[{"name":"wp","href":"https:\/\/api.w.org\/{rel}","templated":true}]}}