{"id":21802,"date":"2025-06-11T14:00:00","date_gmt":"2025-06-11T12:00:00","guid":{"rendered":"https:\/\/www.ringier.com\/?p=21802"},"modified":"2025-06-11T09:16:05","modified_gmt":"2025-06-11T07:16:05","slug":"la-fondation-elternsein-avec-une-nouvelle-presidence-et-un-conseil-de-fondation-elargi-robin-lingg-prend-la-direction","status":"publish","type":"post","link":"https:\/\/www.ringier.com\/fr\/la-fondation-elternsein-avec-une-nouvelle-presidence-et-un-conseil-de-fondation-elargi-robin-lingg-prend-la-direction\/","title":{"rendered":"La Fondation Elternsein avec une nouvelle pr\u00e9sidence et un conseil de fondation \u00e9largi \u2013 Robin Lingg prend la direction"},"content":{"rendered":"\n<p>Avec Robin Lingg, c&rsquo;est un entrepreneur et manager m\u00e9diatique exp\u00e9riment\u00e9 qui prend la pr\u00e9sidence de la Fondation Elternsein. \u00c2g\u00e9 de 45 ans, il est pr\u00e9sident du conseil d&rsquo;administration de Ringier Sports Media Group (RSMG) et repr\u00e9sentant de la sixi\u00e8me g\u00e9n\u00e9ration de la famille Ringier. En tant qu&rsquo;actionnaire de la plus grande entreprise m\u00e9diatique suisse active \u00e0 l&rsquo;international, il apporte une longue exp\u00e9rience de leadership acquise dans divers mandats de conseil d&rsquo;administration et des postes de direction op\u00e9rationnelle. Son expertise approfondie dans le secteur des m\u00e9dias, son exp\u00e9rience op\u00e9rationnelle et son r\u00e9seau font de lui, en plus de son r\u00f4le de p\u00e8re de trois enfants, le candidat id\u00e9al pour cette t\u00e2che \u00e0 responsabilit\u00e9.<\/p>\n\n\n\n<p>\u00abC&rsquo;est un honneur pour moi de reprendre la pr\u00e9sidence de la Fondation Elternsein et de poursuivre l&rsquo;\u0153uvre de vie d&rsquo;Ellen Ringier. Sa vision de renforcer les parents et de promouvoir le dialogue entre l&rsquo;\u00e9cole, la famille et la soci\u00e9t\u00e9 reste notre phare\u00bb, d\u00e9clare Robin Lingg.<\/p>\n\n\n\n<p><strong>Nouvelles perspectives au sein du conseil de fondation<br><\/strong>Outre Robin Lingg, le conseil de fondation est renforc\u00e9 par deux autres personnalit\u00e9s:<\/p>\n\n\n\n<p><strong>Thomas Minder,<\/strong> pr\u00e9sident de l&rsquo;Association suisse des directeurs d&rsquo;\u00e9cole (VSLCH), est l&rsquo;une des voix les plus engag\u00e9es dans le syst\u00e8me \u00e9ducatif suisse. En tant que directeur d&rsquo;\u00e9cole actif, cet enseignant de 49 ans conna\u00eet les d\u00e9fis du quotidien scolaire de premi\u00e8re main. Sa proximit\u00e9 avec les enseignants, les parents et les enfants fait de lui une voix pr\u00e9cieuse au sein du comit\u00e9. Lui aussi, il est papa de trois jeunes adultes qui vont bient\u00f4t finir leurs \u00e9tudes ou commencer \u00e0 bosser.<\/p>\n\n\n\n<p><strong>Mathilde Wittmer Thormann <\/strong>est associ\u00e9e chez Conduct AG, une soci\u00e9t\u00e9 bas\u00e9e \u00e0 Zurich sp\u00e9cialis\u00e9e dans les services de family office et les solutions fiduciaires, o\u00f9 elle dirige le d\u00e9partement Philanthropie et projets d&rsquo;utilit\u00e9 publique. Elle conseille des familles fortun\u00e9es en mati\u00e8re de planification successorale et de cr\u00e9ation et gestion de fondations et de trusts d&rsquo;utilit\u00e9 publique. En tant que pr\u00e9sidente d&rsquo;une fondation suisse d&rsquo;utilit\u00e9 publique, elle est \u00e9troitement li\u00e9e \u00e0 la fondation Elternsein depuis de nombreuses ann\u00e9es, tant par conviction personnelle que par son soutien. \u00c2g\u00e9e de 45 ans, elle est m\u00e8re d&rsquo;une adolescente et s&rsquo;engage depuis longtemps en faveur des questions relatives \u00e0 la parentalit\u00e9.<\/p>\n\n\n\n<p><strong>Continuit\u00e9 et \u00e9largissement: une \u00e9quipe solide pour l&rsquo;avenir<br><\/strong>Les membres actuels Ernesto Ferro (63 ans, vice-pr\u00e9sident) et Dr Eveline von Arx (50 ans) restent au conseil de fondation. Avec les nouveaux membres, ils poursuivront l&rsquo;initiative d&rsquo;Ellen Ringier avec engagement, vision et passion. Avec l&rsquo;\u00e9largissement du conseil de fondation, l&rsquo;\u0153uvre de vie d&rsquo;Ellen Ringier est conduite vers un avenir solide \u2013 port\u00e9e par des personnes qu&rsquo;elle connaissait personnellement, qu&rsquo;elle appr\u00e9ciait et en qui elle avait confiance.<\/p>\n\n\n\n<hr class=\"wp-block-separator has-alpha-channel-opacity\"\/>\n\n\n\n<p class=\"has-small-font-size\"><strong>\u00c0 propos de la Fondation Elternsein<br><\/strong>La Fondation Elternsein a \u00e9t\u00e9 cr\u00e9\u00e9e en 2001 par Ellen Ringier. Cette fondation \u00e0 but non lucratif permet aux parents d&rsquo;acc\u00e9der \u00e0 l&rsquo;\u00e9ducation parentale et est l&rsquo;\u00e9ditrice du magazine suisse pour parents Fritz+Fr\u00e4nzi, le guide parental le plus lu de Suisse. www.elternsein.ch<\/p>\n\n\n\n<p class=\"has-small-font-size\"><strong>Soutenez la Fondation Elternsein<br><\/strong>La Fondation Elternsein vit de dons. Ce soutien permet de d\u00e9velopper l&rsquo;offre d&rsquo;information et de conseil pour les parents et les professionnels de l&rsquo;\u00e9ducation &#8211; par exemple par des dossiers th\u00e9matiques suppl\u00e9mentaires, de nouveaux films pour les parents ou des campagnes de sensibilisation sur des questions soci\u00e9tales particuli\u00e8rement importantes. En tant qu&rsquo;organisation \u00e0 but non lucratif, la fondation d\u00e9livre un re\u00e7u fiscal ; la donation est d\u00e9ductible des imp\u00f4ts. Coordonn\u00e9es bancaires: CH96 0900 0000 8850 8005 9. Un parrainage \u00e0 partir de 75 francs est \u00e9galement possible.<\/p>\n\n\n\n<p class=\"has-small-font-size\"><strong>Contact<br><\/strong>Tobias Winterberg, Directeur g\u00e9n\u00e9ral<br>tobias.winterberg@elternsein.ch<\/p>\n","protected":false},"excerpt":{"rendered":"<p>Suite au d\u00e9c\u00e8s de la fondatrice et pr\u00e9sidente de longue date, Dr Ellen Ringier, la Fondation Elternsein, \u00e9ditrice du magazine suisse pour parents Fritz+Fr\u00e4nzi, a pos\u00e9 des jalons importants pour l&rsquo;avenir. \u00c0 la demande d&rsquo;Ellen Ringier, la pr\u00e9sidence du conseil de fondation sera reprise par Robin Lingg et \u00e9largie \u00e0 deux personnalit\u00e9s de renom.<\/p>\n","protected":false},"author":23,"featured_media":21801,"comment_status":"closed","ping_status":"open","sticky":false,"template":"","format":"standard","meta":{"inline_featured_image":false,"footnotes":""},"categories":[43],"tags":[],"class_list":["post-21802","post","type-post","status-publish","format-standard","has-post-thumbnail","hentry","category-corporate-fr"],"yoast_head":"<!-- This site is optimized with the Yoast SEO Premium plugin v27.0 (Yoast SEO v27.0) - https:\/\/yoast.com\/product\/yoast-seo-premium-wordpress\/ -->\n<title>La Fondation Elternsein avec une nouvelle pr\u00e9sidence et un conseil de fondation \u00e9largi \u2013 Robin Lingg prend la direction - Ringier<\/title>\n<meta name=\"robots\" content=\"index, follow, max-snippet:-1, max-image-preview:large, max-video-preview:-1\" \/>\n<link rel=\"canonical\" href=\"https:\/\/www.ringier.com\/fr\/la-fondation-elternsein-avec-une-nouvelle-presidence-et-un-conseil-de-fondation-elargi-robin-lingg-prend-la-direction\/\" \/>\n<meta property=\"og:locale\" content=\"fr_FR\" \/>\n<meta property=\"og:type\" content=\"article\" \/>\n<meta property=\"og:title\" content=\"La Fondation Elternsein avec une nouvelle pr\u00e9sidence et un conseil de fondation \u00e9largi \u2013 Robin Lingg prend la direction\" \/>\n<meta property=\"og:description\" content=\"Suite au d\u00e9c\u00e8s de la fondatrice et pr\u00e9sidente de longue date, Dr Ellen Ringier, la Fondation Elternsein, \u00e9ditrice du magazine suisse pour parents Fritz+Fr\u00e4nzi, a pos\u00e9 des jalons importants pour l&#039;avenir. \u00c0 la demande d&#039;Ellen Ringier, la pr\u00e9sidence du conseil de fondation sera reprise par Robin Lingg et \u00e9largie \u00e0 deux personnalit\u00e9s de renom.\" \/>\n<meta property=\"og:url\" content=\"https:\/\/www.ringier.com\/fr\/la-fondation-elternsein-avec-une-nouvelle-presidence-et-un-conseil-de-fondation-elargi-robin-lingg-prend-la-direction\/\" \/>\n<meta property=\"og:site_name\" content=\"Ringier\" \/>\n<meta property=\"article:publisher\" content=\"https:\/\/www.facebook.com\/ringierag\/\" \/>\n<meta property=\"article:published_time\" content=\"2025-06-11T12:00:00+00:00\" \/>\n<meta property=\"og:image\" content=\"https:\/\/www.ringier.com\/wp-content\/uploads\/2025\/06\/MM_Stiftung_Elternsein.jpg\" \/>\n\t<meta property=\"og:image:width\" content=\"1200\" \/>\n\t<meta property=\"og:image:height\" content=\"630\" \/>\n\t<meta property=\"og:image:type\" content=\"image\/jpeg\" \/>\n<meta name=\"author\" content=\"Ringier Corporate Communications\" \/>\n<meta name=\"twitter:card\" content=\"summary_large_image\" \/>\n<meta name=\"twitter:creator\" content=\"@ringier_ag\" \/>\n<meta name=\"twitter:site\" content=\"@ringier_ag\" \/>\n<meta name=\"twitter:label1\" content=\"\u00c9crit par\" \/>\n\t<meta name=\"twitter:data1\" content=\"Ringier Corporate Communications\" \/>\n\t<meta name=\"twitter:label2\" content=\"Dur\u00e9e de lecture estim\u00e9e\" \/>\n\t<meta name=\"twitter:data2\" content=\"4 minutes\" \/>\n<script type=\"application\/ld+json\" class=\"yoast-schema-graph\">{\"@context\":\"https:\/\/schema.org\",\"@graph\":[{\"@type\":\"Article\",\"@id\":\"https:\/\/www.ringier.com\/fr\/la-fondation-elternsein-avec-une-nouvelle-presidence-et-un-conseil-de-fondation-elargi-robin-lingg-prend-la-direction\/#article\",\"isPartOf\":{\"@id\":\"https:\/\/www.ringier.com\/fr\/la-fondation-elternsein-avec-une-nouvelle-presidence-et-un-conseil-de-fondation-elargi-robin-lingg-prend-la-direction\/\"},\"author\":{\"name\":\"Ringier Corporate Communications\",\"@id\":\"https:\/\/www.ringier.com\/fr\/#\/schema\/person\/4cf76a308dc4b2bb5121bd1e7b752e52\"},\"headline\":\"La Fondation Elternsein avec une nouvelle pr\u00e9sidence et un conseil de fondation \u00e9largi \u2013 Robin Lingg prend la direction\",\"datePublished\":\"2025-06-11T12:00:00+00:00\",\"mainEntityOfPage\":{\"@id\":\"https:\/\/www.ringier.com\/fr\/la-fondation-elternsein-avec-une-nouvelle-presidence-et-un-conseil-de-fondation-elargi-robin-lingg-prend-la-direction\/\"},\"wordCount\":681,\"publisher\":{\"@id\":\"https:\/\/www.ringier.com\/fr\/#organization\"},\"image\":{\"@id\":\"https:\/\/www.ringier.com\/fr\/la-fondation-elternsein-avec-une-nouvelle-presidence-et-un-conseil-de-fondation-elargi-robin-lingg-prend-la-direction\/#primaryimage\"},\"thumbnailUrl\":\"https:\/\/www.ringier.com\/wp-content\/uploads\/2025\/06\/MM_Stiftung_Elternsein.jpg\",\"articleSection\":[\"Corporate\"],\"inLanguage\":\"fr-FR\"},{\"@type\":\"WebPage\",\"@id\":\"https:\/\/www.ringier.com\/fr\/la-fondation-elternsein-avec-une-nouvelle-presidence-et-un-conseil-de-fondation-elargi-robin-lingg-prend-la-direction\/\",\"url\":\"https:\/\/www.ringier.com\/fr\/la-fondation-elternsein-avec-une-nouvelle-presidence-et-un-conseil-de-fondation-elargi-robin-lingg-prend-la-direction\/\",\"name\":\"La Fondation Elternsein avec une nouvelle pr\u00e9sidence et un conseil de fondation \u00e9largi \u2013 Robin Lingg prend la direction - Ringier\",\"isPartOf\":{\"@id\":\"https:\/\/www.ringier.com\/fr\/#website\"},\"primaryImageOfPage\":{\"@id\":\"https:\/\/www.ringier.com\/fr\/la-fondation-elternsein-avec-une-nouvelle-presidence-et-un-conseil-de-fondation-elargi-robin-lingg-prend-la-direction\/#primaryimage\"},\"image\":{\"@id\":\"https:\/\/www.ringier.com\/fr\/la-fondation-elternsein-avec-une-nouvelle-presidence-et-un-conseil-de-fondation-elargi-robin-lingg-prend-la-direction\/#primaryimage\"},\"thumbnailUrl\":\"https:\/\/www.ringier.com\/wp-content\/uploads\/2025\/06\/MM_Stiftung_Elternsein.jpg\",\"datePublished\":\"2025-06-11T12:00:00+00:00\",\"breadcrumb\":{\"@id\":\"https:\/\/www.ringier.com\/fr\/la-fondation-elternsein-avec-une-nouvelle-presidence-et-un-conseil-de-fondation-elargi-robin-lingg-prend-la-direction\/#breadcrumb\"},\"inLanguage\":\"fr-FR\",\"potentialAction\":[{\"@type\":\"ReadAction\",\"target\":[\"https:\/\/www.ringier.com\/fr\/la-fondation-elternsein-avec-une-nouvelle-presidence-et-un-conseil-de-fondation-elargi-robin-lingg-prend-la-direction\/\"]}]},{\"@type\":\"ImageObject\",\"inLanguage\":\"fr-FR\",\"@id\":\"https:\/\/www.ringier.com\/fr\/la-fondation-elternsein-avec-une-nouvelle-presidence-et-un-conseil-de-fondation-elargi-robin-lingg-prend-la-direction\/#primaryimage\",\"url\":\"https:\/\/www.ringier.com\/wp-content\/uploads\/2025\/06\/MM_Stiftung_Elternsein.jpg\",\"contentUrl\":\"https:\/\/www.ringier.com\/wp-content\/uploads\/2025\/06\/MM_Stiftung_Elternsein.jpg\",\"width\":1200,\"height\":630},{\"@type\":\"BreadcrumbList\",\"@id\":\"https:\/\/www.ringier.com\/fr\/la-fondation-elternsein-avec-une-nouvelle-presidence-et-un-conseil-de-fondation-elargi-robin-lingg-prend-la-direction\/#breadcrumb\",\"itemListElement\":[{\"@type\":\"ListItem\",\"position\":1,\"name\":\"Home\",\"item\":\"https:\/\/www.ringier.com\/fr\/\"},{\"@type\":\"ListItem\",\"position\":2,\"name\":\"La Fondation Elternsein avec une nouvelle pr\u00e9sidence et un conseil de fondation \u00e9largi \u2013 Robin Lingg prend la direction\"}]},{\"@type\":\"WebSite\",\"@id\":\"https:\/\/www.ringier.com\/fr\/#website\",\"url\":\"https:\/\/www.ringier.com\/fr\/\",\"name\":\"Ringier\",\"description\":\"We inform. We entertain. We connect\",\"publisher\":{\"@id\":\"https:\/\/www.ringier.com\/fr\/#organization\"},\"potentialAction\":[{\"@type\":\"SearchAction\",\"target\":{\"@type\":\"EntryPoint\",\"urlTemplate\":\"https:\/\/www.ringier.com\/fr\/?s={search_term_string}\"},\"query-input\":{\"@type\":\"PropertyValueSpecification\",\"valueRequired\":true,\"valueName\":\"search_term_string\"}}],\"inLanguage\":\"fr-FR\"},{\"@type\":\"Organization\",\"@id\":\"https:\/\/www.ringier.com\/fr\/#organization\",\"name\":\"Ringier\",\"url\":\"https:\/\/www.ringier.com\/fr\/\",\"logo\":{\"@type\":\"ImageObject\",\"inLanguage\":\"fr-FR\",\"@id\":\"https:\/\/www.ringier.com\/fr\/#\/schema\/logo\/image\/\",\"url\":\"https:\/\/www.ringier.com\/wp-content\/uploads\/2021\/10\/ringier_logo_2.jpg\",\"contentUrl\":\"https:\/\/www.ringier.com\/wp-content\/uploads\/2021\/10\/ringier_logo_2.jpg\",\"width\":750,\"height\":550,\"caption\":\"Ringier\"},\"image\":{\"@id\":\"https:\/\/www.ringier.com\/fr\/#\/schema\/logo\/image\/\"},\"sameAs\":[\"https:\/\/www.facebook.com\/ringierag\/\",\"https:\/\/x.com\/ringier_ag\",\"https:\/\/www.instagram.com\/ringier_ag\/\",\"https:\/\/www.linkedin.com\/company\/ringier\/\",\"https:\/\/www.youtube.com\/user\/RingierComm\",\"https:\/\/en.wikipedia.org\/wiki\/Ringier\",\"https:\/\/de.wikipedia.org\/wiki\/Ringier\",\"https:\/\/fr.wikipedia.org\/wiki\/Ringier\",\"https:\/\/www.crunchbase.com\/organization\/ringier-ag\"]},{\"@type\":\"Person\",\"@id\":\"https:\/\/www.ringier.com\/fr\/#\/schema\/person\/4cf76a308dc4b2bb5121bd1e7b752e52\",\"name\":\"Ringier Corporate Communications\",\"image\":{\"@type\":\"ImageObject\",\"inLanguage\":\"fr-FR\",\"@id\":\"https:\/\/www.ringier.com\/fr\/#\/schema\/person\/image\/\",\"url\":\"https:\/\/secure.gravatar.com\/avatar\/9391e20481368d5df4fe3e1e476c13b27786347489822ec1ed07e532bb41f587?s=96&d=mm&r=g\",\"contentUrl\":\"https:\/\/secure.gravatar.com\/avatar\/9391e20481368d5df4fe3e1e476c13b27786347489822ec1ed07e532bb41f587?s=96&d=mm&r=g\",\"caption\":\"Ringier Corporate Communications\"},\"sameAs\":[\"https:\/\/www.ringier.com\"]}]}<\/script>\n<!-- \/ Yoast SEO Premium plugin. -->","yoast_head_json":{"title":"La Fondation Elternsein avec une nouvelle pr\u00e9sidence et un conseil de fondation \u00e9largi \u2013 Robin Lingg prend la direction - Ringier","robots":{"index":"index","follow":"follow","max-snippet":"max-snippet:-1","max-image-preview":"max-image-preview:large","max-video-preview":"max-video-preview:-1"},"canonical":"https:\/\/www.ringier.com\/fr\/la-fondation-elternsein-avec-une-nouvelle-presidence-et-un-conseil-de-fondation-elargi-robin-lingg-prend-la-direction\/","og_locale":"fr_FR","og_type":"article","og_title":"La Fondation Elternsein avec une nouvelle pr\u00e9sidence et un conseil de fondation \u00e9largi \u2013 Robin Lingg prend la direction","og_description":"Suite au d\u00e9c\u00e8s de la fondatrice et pr\u00e9sidente de longue date, Dr Ellen Ringier, la Fondation Elternsein, \u00e9ditrice du magazine suisse pour parents Fritz+Fr\u00e4nzi, a pos\u00e9 des jalons importants pour l'avenir. \u00c0 la demande d'Ellen Ringier, la pr\u00e9sidence du conseil de fondation sera reprise par Robin Lingg et \u00e9largie \u00e0 deux personnalit\u00e9s de renom.","og_url":"https:\/\/www.ringier.com\/fr\/la-fondation-elternsein-avec-une-nouvelle-presidence-et-un-conseil-de-fondation-elargi-robin-lingg-prend-la-direction\/","og_site_name":"Ringier","article_publisher":"https:\/\/www.facebook.com\/ringierag\/","article_published_time":"2025-06-11T12:00:00+00:00","og_image":[{"width":1200,"height":630,"url":"https:\/\/www.ringier.com\/wp-content\/uploads\/2025\/06\/MM_Stiftung_Elternsein.jpg","type":"image\/jpeg"}],"author":"Ringier Corporate Communications","twitter_card":"summary_large_image","twitter_creator":"@ringier_ag","twitter_site":"@ringier_ag","twitter_misc":{"\u00c9crit par":"Ringier Corporate Communications","Dur\u00e9e de lecture estim\u00e9e":"4 minutes"},"schema":{"@context":"https:\/\/schema.org","@graph":[{"@type":"Article","@id":"https:\/\/www.ringier.com\/fr\/la-fondation-elternsein-avec-une-nouvelle-presidence-et-un-conseil-de-fondation-elargi-robin-lingg-prend-la-direction\/#article","isPartOf":{"@id":"https:\/\/www.ringier.com\/fr\/la-fondation-elternsein-avec-une-nouvelle-presidence-et-un-conseil-de-fondation-elargi-robin-lingg-prend-la-direction\/"},"author":{"name":"Ringier Corporate Communications","@id":"https:\/\/www.ringier.com\/fr\/#\/schema\/person\/4cf76a308dc4b2bb5121bd1e7b752e52"},"headline":"La Fondation Elternsein avec une nouvelle pr\u00e9sidence et un conseil de fondation \u00e9largi \u2013 Robin Lingg prend la direction","datePublished":"2025-06-11T12:00:00+00:00","mainEntityOfPage":{"@id":"https:\/\/www.ringier.com\/fr\/la-fondation-elternsein-avec-une-nouvelle-presidence-et-un-conseil-de-fondation-elargi-robin-lingg-prend-la-direction\/"},"wordCount":681,"publisher":{"@id":"https:\/\/www.ringier.com\/fr\/#organization"},"image":{"@id":"https:\/\/www.ringier.com\/fr\/la-fondation-elternsein-avec-une-nouvelle-presidence-et-un-conseil-de-fondation-elargi-robin-lingg-prend-la-direction\/#primaryimage"},"thumbnailUrl":"https:\/\/www.ringier.com\/wp-content\/uploads\/2025\/06\/MM_Stiftung_Elternsein.jpg","articleSection":["Corporate"],"inLanguage":"fr-FR"},{"@type":"WebPage","@id":"https:\/\/www.ringier.com\/fr\/la-fondation-elternsein-avec-une-nouvelle-presidence-et-un-conseil-de-fondation-elargi-robin-lingg-prend-la-direction\/","url":"https:\/\/www.ringier.com\/fr\/la-fondation-elternsein-avec-une-nouvelle-presidence-et-un-conseil-de-fondation-elargi-robin-lingg-prend-la-direction\/","name":"La Fondation Elternsein avec une nouvelle pr\u00e9sidence et un conseil de fondation \u00e9largi \u2013 Robin Lingg prend la direction - Ringier","isPartOf":{"@id":"https:\/\/www.ringier.com\/fr\/#website"},"primaryImageOfPage":{"@id":"https:\/\/www.ringier.com\/fr\/la-fondation-elternsein-avec-une-nouvelle-presidence-et-un-conseil-de-fondation-elargi-robin-lingg-prend-la-direction\/#primaryimage"},"image":{"@id":"https:\/\/www.ringier.com\/fr\/la-fondation-elternsein-avec-une-nouvelle-presidence-et-un-conseil-de-fondation-elargi-robin-lingg-prend-la-direction\/#primaryimage"},"thumbnailUrl":"https:\/\/www.ringier.com\/wp-content\/uploads\/2025\/06\/MM_Stiftung_Elternsein.jpg","datePublished":"2025-06-11T12:00:00+00:00","breadcrumb":{"@id":"https:\/\/www.ringier.com\/fr\/la-fondation-elternsein-avec-une-nouvelle-presidence-et-un-conseil-de-fondation-elargi-robin-lingg-prend-la-direction\/#breadcrumb"},"inLanguage":"fr-FR","potentialAction":[{"@type":"ReadAction","target":["https:\/\/www.ringier.com\/fr\/la-fondation-elternsein-avec-une-nouvelle-presidence-et-un-conseil-de-fondation-elargi-robin-lingg-prend-la-direction\/"]}]},{"@type":"ImageObject","inLanguage":"fr-FR","@id":"https:\/\/www.ringier.com\/fr\/la-fondation-elternsein-avec-une-nouvelle-presidence-et-un-conseil-de-fondation-elargi-robin-lingg-prend-la-direction\/#primaryimage","url":"https:\/\/www.ringier.com\/wp-content\/uploads\/2025\/06\/MM_Stiftung_Elternsein.jpg","contentUrl":"https:\/\/www.ringier.com\/wp-content\/uploads\/2025\/06\/MM_Stiftung_Elternsein.jpg","width":1200,"height":630},{"@type":"BreadcrumbList","@id":"https:\/\/www.ringier.com\/fr\/la-fondation-elternsein-avec-une-nouvelle-presidence-et-un-conseil-de-fondation-elargi-robin-lingg-prend-la-direction\/#breadcrumb","itemListElement":[{"@type":"ListItem","position":1,"name":"Home","item":"https:\/\/www.ringier.com\/fr\/"},{"@type":"ListItem","position":2,"name":"La Fondation Elternsein avec une nouvelle pr\u00e9sidence et un conseil de fondation \u00e9largi \u2013 Robin Lingg prend la direction"}]},{"@type":"WebSite","@id":"https:\/\/www.ringier.com\/fr\/#website","url":"https:\/\/www.ringier.com\/fr\/","name":"Ringier","description":"We inform. We entertain. We connect","publisher":{"@id":"https:\/\/www.ringier.com\/fr\/#organization"},"potentialAction":[{"@type":"SearchAction","target":{"@type":"EntryPoint","urlTemplate":"https:\/\/www.ringier.com\/fr\/?s={search_term_string}"},"query-input":{"@type":"PropertyValueSpecification","valueRequired":true,"valueName":"search_term_string"}}],"inLanguage":"fr-FR"},{"@type":"Organization","@id":"https:\/\/www.ringier.com\/fr\/#organization","name":"Ringier","url":"https:\/\/www.ringier.com\/fr\/","logo":{"@type":"ImageObject","inLanguage":"fr-FR","@id":"https:\/\/www.ringier.com\/fr\/#\/schema\/logo\/image\/","url":"https:\/\/www.ringier.com\/wp-content\/uploads\/2021\/10\/ringier_logo_2.jpg","contentUrl":"https:\/\/www.ringier.com\/wp-content\/uploads\/2021\/10\/ringier_logo_2.jpg","width":750,"height":550,"caption":"Ringier"},"image":{"@id":"https:\/\/www.ringier.com\/fr\/#\/schema\/logo\/image\/"},"sameAs":["https:\/\/www.facebook.com\/ringierag\/","https:\/\/x.com\/ringier_ag","https:\/\/www.instagram.com\/ringier_ag\/","https:\/\/www.linkedin.com\/company\/ringier\/","https:\/\/www.youtube.com\/user\/RingierComm","https:\/\/en.wikipedia.org\/wiki\/Ringier","https:\/\/de.wikipedia.org\/wiki\/Ringier","https:\/\/fr.wikipedia.org\/wiki\/Ringier","https:\/\/www.crunchbase.com\/organization\/ringier-ag"]},{"@type":"Person","@id":"https:\/\/www.ringier.com\/fr\/#\/schema\/person\/4cf76a308dc4b2bb5121bd1e7b752e52","name":"Ringier Corporate Communications","image":{"@type":"ImageObject","inLanguage":"fr-FR","@id":"https:\/\/www.ringier.com\/fr\/#\/schema\/person\/image\/","url":"https:\/\/secure.gravatar.com\/avatar\/9391e20481368d5df4fe3e1e476c13b27786347489822ec1ed07e532bb41f587?s=96&d=mm&r=g","contentUrl":"https:\/\/secure.gravatar.com\/avatar\/9391e20481368d5df4fe3e1e476c13b27786347489822ec1ed07e532bb41f587?s=96&d=mm&r=g","caption":"Ringier Corporate Communications"},"sameAs":["https:\/\/www.ringier.com"]}]}},"_links":{"self":[{"href":"https:\/\/www.ringier.com\/fr\/wp-json\/wp\/v2\/posts\/21802","targetHints":{"allow":["GET"]}}],"collection":[{"href":"https:\/\/www.ringier.com\/fr\/wp-json\/wp\/v2\/posts"}],"about":[{"href":"https:\/\/www.ringier.com\/fr\/wp-json\/wp\/v2\/types\/post"}],"author":[{"embeddable":true,"href":"https:\/\/www.ringier.com\/fr\/wp-json\/wp\/v2\/users\/23"}],"replies":[{"embeddable":true,"href":"https:\/\/www.ringier.com\/fr\/wp-json\/wp\/v2\/comments?post=21802"}],"version-history":[{"count":0,"href":"https:\/\/www.ringier.com\/fr\/wp-json\/wp\/v2\/posts\/21802\/revisions"}],"wp:featuredmedia":[{"embeddable":true,"href":"https:\/\/www.ringier.com\/fr\/wp-json\/wp\/v2\/media\/21801"}],"wp:attachment":[{"href":"https:\/\/www.ringier.com\/fr\/wp-json\/wp\/v2\/media?parent=21802"}],"wp:term":[{"taxonomy":"category","embeddable":true,"href":"https:\/\/www.ringier.com\/fr\/wp-json\/wp\/v2\/categories?post=21802"},{"taxonomy":"post_tag","embeddable":true,"href":"https:\/\/www.ringier.com\/fr\/wp-json\/wp\/v2\/tags?post=21802"}],"curies":[{"name":"wp","href":"https:\/\/api.w.org\/{rel}","templated":true}]}}