{"id":20367,"date":"2024-11-13T09:00:00","date_gmt":"2024-11-13T08:00:00","guid":{"rendered":"https:\/\/www.ringier.com\/?p=20367"},"modified":"2024-11-28T18:35:53","modified_gmt":"2024-11-28T17:35:53","slug":"3e-equalvoice-summit-un-sommet-pour-legalite-des-sexes-dans-les-medias","status":"publish","type":"post","link":"https:\/\/www.ringier.com\/fr\/3e-equalvoice-summit-un-sommet-pour-legalite-des-sexes-dans-les-medias\/","title":{"rendered":"3e EqualVoice Summit: un sommet pour l&rsquo;\u00e9galit\u00e9 des sexes dans les m\u00e9dias"},"content":{"rendered":"\n<p>Sortir des vieux mod\u00e8les de r\u00f4les, aller vers un avenir plus juste. Le troisi\u00e8me sommet EqualVoice, intitul\u00e9 \u00abGender Visibility Gap in Media &amp; AI\u00bb, \u00e9tait plac\u00e9 sous le signe de la visibilit\u00e9 et de la diversit\u00e9 des genres dans le cadre de l&rsquo;intelligence artificielle. Cette ann\u00e9e encore, le sommet a suscit\u00e9 un grand int\u00e9r\u00eat de la part de 250 cadres sup\u00e9rieurs du monde international de l&rsquo;\u00e9conomie, du cin\u00e9ma et des m\u00e9dias.<\/p>\n\n\n\n<p><br>A l&rsquo;invitation de Marc Walder, CEO de Ringier, et d&rsquo;Annabella Bassler, CFO du groupe Ringier et initiatrice de l&rsquo;initiative EqualVoice, les cadres ont discut\u00e9 \u00e0 l&rsquo;Aura de Zurich de la pr\u00e9sence et de la diversit\u00e9 des sexes dans le cadre de l&rsquo;intelligence artificielle. L&rsquo;ancienne Premi\u00e8re ministre finlandaise Sanna Marin, le r\u00e9alisateur hollywoodien Marc Forster et l&rsquo;ancienne conseill\u00e8re f\u00e9d\u00e9rale Simonetta Sommaruga \u00e9taient les invit\u00e9s de marque et les orateurs principaux.<\/p>\n\n\n\n<p><br><strong>Marc Walder<\/strong> a d\u00e9clar\u00e9 lors de l&rsquo;ouverture commune du sommet avec Annabella Bassler: \u00abLe th\u00e8me d&rsquo;EqualVoice Summit \u00abGender Visibility Gap in Media &amp; AI\u00bb est actuel et essentiel. L&rsquo;IA apprend des donn\u00e9es que nous lui fournissons, ce qui signifie que les histoires, les images et les perspectives mises en avant aujourd&rsquo;hui dans nos m\u00e9dias influencent les syst\u00e8mes contr\u00f4l\u00e9s par l&rsquo;IA de demain. Chez EqualVoice, nous sommes d\u00e9termin\u00e9s \u00e0 relever ce d\u00e9fi en adoptant une approche bas\u00e9e sur les donn\u00e9es: En capturant et en encourageant une repr\u00e9sentation \u00e9quilibr\u00e9e dans nos contenus, nous travaillons \u00e0 garantir que l&rsquo;IA refl\u00e8te un monde dans lequel toutes les voix &#8211; ind\u00e9pendamment du sexe, de l&rsquo;origine et du milieu socio-\u00e9conomique &#8211; ont la m\u00eame importance.\u00bb<\/p>\n\n\n\n<p>Le r\u00e9alisateur <strong>Marc Forster<\/strong> d\u00e9clare: \u00abLa question de l&rsquo;\u00e9galit\u00e9 des sexes dans l&rsquo;IA a de multiples facettes et doit \u00eatre prise tr\u00e8s au s\u00e9rieux. Les syst\u00e8mes d&rsquo;IA peuvent refl\u00e9ter ou renforcer les pr\u00e9jug\u00e9s de genre existants dans les donn\u00e9es avec lesquelles ils sont entra\u00een\u00e9s.\u00bb<\/p>\n\n\n\n<p><br><strong>Carolina M\u00fcller-M\u00f6hl<\/strong>, fondatrice et pr\u00e9sidente de M\u00fcller-M\u00f6hl Group &amp; M\u00fcller-M\u00f6hl Foundation: \u00abUn avenir num\u00e9rique sans femmes n&rsquo;est pas seulement une occasion manqu\u00e9e que l&rsquo;on peut regretter en haussant les \u00e9paules, c&rsquo;est aussi un risque \u00e9conomique pour toute notre soci\u00e9t\u00e9. Il est temps d&rsquo;\u00e9liminer les barri\u00e8res et de d\u00e9velopper ensemble des solutions pour int\u00e9grer les femmes dans le monde de la technologie et leur permettre d&rsquo;\u00eatre visibles et de r\u00e9ussir. L&rsquo;Equal Voice Summit apporte une contribution pertinente \u00e0 l&rsquo;examen des th\u00e8mes actuels \u00e0 l&rsquo;interface du monde des m\u00e9dias\u00bb.<\/p>\n\n\n\n<p><br>L&rsquo;ancienne Premi\u00e8re ministre finlandaise Sanna Marin a demand\u00e9 dans son discours: \u00abLes droits des femmes et des filles devraient \u00eatre au c\u0153ur de notre transformation num\u00e9rique. Si l&rsquo;intelligence artificielle doit servir \u00e0 l&rsquo;ensemble de la soci\u00e9t\u00e9, elle doit nous refl\u00e9ter tous\u00bb.<\/p>\n\n\n\n<p><span style=\"text-decoration: underline;\"><br><strong>Les points forts du EqualVoice Summit 2024<\/strong><\/span><\/p>\n\n\n\n<p><strong><br>Lancement de l&rsquo;assistant EqualVoice<\/strong><br>Cet outil a \u00e9t\u00e9 con\u00e7u pour aborder les nuances des distorsions de la diversit\u00e9 en temps r\u00e9el dans les articles des marques de m\u00e9dias Ringier. La solution d&rsquo;intelligence artificielle scanne le contenu pendant sa cr\u00e9ation, identifie les d\u00e9s\u00e9quilibres entre les sexes ainsi que les st\u00e9r\u00e9otypes et propose des suggestions d&rsquo;am\u00e9lioration concr\u00e8tes. L&rsquo;assistant EqualVoice ne suit pas seulement les mentions de genre, mais comprend \u00e9galement le contexte et le ton, ce qui lui permet de corriger et de marquer les formulations qui pourraient subtilement renforcer les st\u00e9r\u00e9otypes. En utilisant cet outil, Ringier ne pose pas seulement de nouveaux jalons en mati\u00e8re de contenu, mais cr\u00e9e \u00e9galement un cadre pour les processus \u00e9ditoriaux guid\u00e9s par l&rsquo;IA, dans lesquels l&rsquo;\u00e9quit\u00e9 et la repr\u00e9sentation sont prioritaires. Vu le r\u00f4le croissant de l&rsquo;IA dans les m\u00e9dias, l&rsquo;assistant EqualVoice permet aux r\u00e9dactions de contribuer de mani\u00e8re d\u00e9cisive \u00e0 la mani\u00e8re dont le contenu est produit et per\u00e7u. Apr\u00e8s la mise en \u0153uvre compl\u00e8te de l&rsquo;EqualVoice Assistant, il est pr\u00e9vu de le d\u00e9ployer au-del\u00e0 des marques de m\u00e9dias Ringier.<br><\/p>\n\n\n\n<p><strong>Annabella Bassle<\/strong>r, CFO Ringier &amp; initiateur d&rsquo;EqualVoice: \u00abAvec l&rsquo;introduction de l&rsquo;EqualVoice Assistant, nous faisons un pas en avant significatif pour nous attaquer aux pr\u00e9jug\u00e9s et aux st\u00e9r\u00e9otypes qui marquent subtilement les articles et les contenus au quotidien. Cet outil ne vise pas seulement \u00e0 identifier les in\u00e9galit\u00e9s; il s&rsquo;agit de promouvoir un environnement m\u00e9diatique qui refl\u00e8te la v\u00e9ritable diversit\u00e9 des voix et des exp\u00e9riences. Nous voulons renforcer les narratrices et intensifier une repr\u00e9sentation \u00e9quilibr\u00e9e et authentique\u00bb.<br><\/p>\n\n\n\n<p><strong>Expansion du facteur EqualVoice<\/strong><br>Le facteur EqualVoice \u00e9largi mesure d\u00e9sormais le texte, les images, les vid\u00e9os et l&rsquo;audio, offrant ainsi une vision globale de la repr\u00e9sentation des genres dans tous les formats m\u00e9diatiques. 32 marques de m\u00e9dias nationales et internationales dans sept pays utilisent le facteur EqualVoice dans leur travail quotidien pour garantir et, si n\u00e9cessaire, am\u00e9liorer la repr\u00e9sentation \u00e9quilibr\u00e9e des genres dans leurs publications. Et des entreprises non m\u00e9diatiques, comme l&rsquo;op\u00e9rateur de t\u00e9l\u00e9phonie mobile Sunrise, utilisent \u00e9galement le facteur EqualVoice pour analyser leurs canaux de m\u00e9dias sociaux afin de garantir une pr\u00e9sence \u00e9quilibr\u00e9e des genres.<br><\/p>\n\n\n\n<p><strong>Partenariat avec Microsoft Suisse et IMD<\/strong><br>Un livre blanc sur les distorsions de la diversit\u00e9 dues \u00e0 l&rsquo;IA, pr\u00e9sent\u00e9 lors du Sommet EqualVoice et d\u00e9velopp\u00e9 par l&rsquo;initiative EqualVoice en collaboration avec Microsoft Suisse et l&rsquo;IMD \u00e0 Lausanne (International Institute for Management Development), a suscit\u00e9 un grand int\u00e9r\u00eat. Le livre blanc contient de nouvelles connaissances sur la mani\u00e8re dont l&rsquo;IA renforce involontairement les distorsions li\u00e9es au genre et \u00e0 la diversit\u00e9.<\/p>\n\n\n\n<p><br><strong>Coop\u00e9ration avec la HSG, Saint-Gall<\/strong><br>La nouvelle coop\u00e9ration d&rsquo;EqualVoice avec l&rsquo;Universit\u00e9 de Saint-Gall et son centre de comp\u00e9tence pour la diversit\u00e9 et l&rsquo;inclusion a \u00e9galement \u00e9t\u00e9 pr\u00e9sent\u00e9e \u00e0 l&rsquo;occasion du EqualVoice Summit. En collaboration avec le HSG Competence Center for Diversity &amp; Inclusion, EqualVoice propose aux entreprises int\u00e9ress\u00e9es le EqualVoice-Factor comme outil d&rsquo;analyse pour les posts sur les m\u00e9dias sociaux et les communiqu\u00e9s de presse.<\/p>\n\n\n\n<p><br>Les partenaires du troisi\u00e8me EqualVoice Summit sont \u2013 comme les ann\u00e9es pr\u00e9c\u00e9dentes &#8211; la M\u00fcller-M\u00f6hl-Foundation et Range Rover Suisse.<\/p>\n\n\n\n<hr class=\"wp-block-separator has-alpha-channel-opacity\"\/>\n\n\n\n<p class=\"has-small-font-size\"><strong>Download<\/strong><br><a href=\"https:\/\/www.ringier.com\/wp-content\/uploads\/2024\/11\/EqualVoice-Summit-2024-Sanna-Marin-photocredits-Marco-Bilic.jpg\">EqualVoice Summit &#8211; Sanna Marin (photocredits Marco Bilic)<br><\/a><a href=\"https:\/\/www.ringier.com\/wp-content\/uploads\/2024\/11\/EqualVoice-Summit-2024-photocredits-Marco-Bilic.jpg\">EqualVoice Summit &#8211; Marc Walder, Carolina M\u00fcller-M\u00f6hl, Sanna Marin, Karin Held, Annabella Bassler, Damian Donnellan (photocredits Marco Bilic)<br><\/a><a href=\"https:\/\/www.ringier.com\/wp-content\/uploads\/2024\/11\/EqualVoice-Summit-2024-2-photocredits-Marco-Bilic.jpg\">Equal Voice Summit &#8211; Marc Walder, Carolina M\u00fchler-M\u00f6hl, Sanna Marin, Annabella Bassler(photocredits Marco Bilic)<br><\/a><a href=\"https:\/\/www.ringier.com\/wp-content\/uploads\/2024\/11\/EqualVoice-Summit-photocredits_Adrian-Bretscher.jpg\">EqualVoice Summit \u2013 Marc Walder &amp; Annabella Bassler on stage (photocredits Marco Bilic)<br><\/a><a href=\"https:\/\/www.ringier.com\/wp-content\/uploads\/2024\/11\/EqualVoice-Summit-2024-Simonetta-Sommaruga-photocredits-Marco-Bilic.jpg\">EqualVoice Summit \u2013 Simonetta Sommaruga (photocredits Marco Bilic)<\/a><\/p>\n\n\n\n<p class=\"has-small-font-size\"><strong>A propos EqualVoice<\/strong><br>L&rsquo;initiative a \u00e9t\u00e9 lanc\u00e9e en novembre 2019 par la CFO Annabella Bassler et est pr\u00e9sid\u00e9e par l&rsquo;\u00e9diteur Michael Ringier et le CEO Marc Walder. Son objectif est de promouvoir l&rsquo;\u00e9galit\u00e9 des sexes et de rendre les femmes plus visibles dans les m\u00e9dias. Au c\u0153ur de l&rsquo;initiative se trouve le Facteur EqualVoice, qui mesure la pr\u00e9sence des femmes et des hommes dans les m\u00e9dias. Ce facteur est d\u00e9sormais utilis\u00e9 par 32 marques de m\u00e9dias dans sept pays et atteint 50 millions d&rsquo;utilisatrices et d&rsquo;utilisateurs. Parmi les autres projets de l&rsquo;initiative Ringier figurent le r\u00e9seau EqualVoice United avec le partenaire diversit\u00e9 EDGE et des entreprises suisses, la liste d&rsquo;expertes en tant qu&rsquo;outil de recherche interne pour Ringier, le d\u00e9fi photo EqualPyxx pour des images plus diversifi\u00e9es ainsi que l&rsquo;atelier pour expertes \u00abFit4Media\u00bb visant \u00e0 promouvoir l&rsquo;expertise f\u00e9minine. www.equalvoice.ch<\/p>\n\n\n\n<p class=\"has-small-font-size\"><strong>A propos de Ringier<\/strong><br>Ringier est une entreprise suisse de m\u00e9dias et de technologie. Le groupe compte environ 140 soci\u00e9t\u00e9s qui exploitent de nombreuses marques m\u00e9dias leaders ainsi que des plateformes et des march\u00e9s num\u00e9riques dans 20 pays. 83% du b\u00e9n\u00e9fice d\u2019exploitation est issu des activit\u00e9s num\u00e9riques. Ringier fait donc partie du groupe des principales entreprises m\u00e9dias d\u2019Europe. Depuis plus de 190 ans, l&rsquo;entreprise familiale mise sur l&rsquo;esprit d&rsquo;entreprise, la collaboration, l&rsquo;innovation, la confiance et le courage. www.ringier.com<\/p>\n","protected":false},"excerpt":{"rendered":"<p>Pour la troisi\u00e8me fois d\u00e9j\u00e0, des personnalit\u00e9s de haut niveau et des cadres renomm\u00e9s d&rsquo;entreprises internationales de premier plan se sont r\u00e9unis hier \u00e0 Zurich pour le Sommet EqualVoice, afin de faire avancer ensemble l&rsquo;\u00e9galit\u00e9 des sexes. L&rsquo;accent a \u00e9t\u00e9 mis sur le r\u00f4le de la diversit\u00e9 dans l&rsquo;intelligence artificielle. Les deux invit\u00e9s de marque, Sanna Marin, ancienne Premi\u00e8re ministre de Finlande, et le r\u00e9alisateur hollywoodien Marc Forster, ont \u00e9galement fait la promotion de l&rsquo;\u00e9galit\u00e9 des sexes dans les m\u00e9dias, le monde num\u00e9rique et au-del\u00e0.<\/p>\n","protected":false},"author":24,"featured_media":20365,"comment_status":"closed","ping_status":"open","sticky":false,"template":"","format":"standard","meta":{"inline_featured_image":false,"footnotes":""},"categories":[380],"tags":[],"class_list":["post-20367","post","type-post","status-publish","format-standard","has-post-thumbnail","hentry","category-equalvoice-fr"],"yoast_head":"<!-- This site is optimized with the Yoast SEO Premium plugin v27.0 (Yoast SEO v27.0) - https:\/\/yoast.com\/product\/yoast-seo-premium-wordpress\/ -->\n<title>3e EqualVoice Summit: un sommet pour l&#039;\u00e9galit\u00e9 des sexes dans les m\u00e9dias - Ringier<\/title>\n<meta name=\"robots\" content=\"index, follow, max-snippet:-1, max-image-preview:large, max-video-preview:-1\" \/>\n<link rel=\"canonical\" href=\"https:\/\/www.ringier.com\/fr\/3e-equalvoice-summit-un-sommet-pour-legalite-des-sexes-dans-les-medias\/\" \/>\n<meta property=\"og:locale\" content=\"fr_FR\" \/>\n<meta property=\"og:type\" content=\"article\" \/>\n<meta property=\"og:title\" content=\"3e EqualVoice Summit: un sommet pour l&#039;\u00e9galit\u00e9 des sexes dans les m\u00e9dias\" \/>\n<meta property=\"og:description\" content=\"Pour la troisi\u00e8me fois d\u00e9j\u00e0, des personnalit\u00e9s de haut niveau et des cadres renomm\u00e9s d&#039;entreprises internationales de premier plan se sont r\u00e9unis hier \u00e0 Zurich pour le Sommet EqualVoice, afin de faire avancer ensemble l&#039;\u00e9galit\u00e9 des sexes. L&#039;accent a \u00e9t\u00e9 mis sur le r\u00f4le de la diversit\u00e9 dans l&#039;intelligence artificielle. Les deux invit\u00e9s de marque, Sanna Marin, ancienne Premi\u00e8re ministre de Finlande, et le r\u00e9alisateur hollywoodien Marc Forster, ont \u00e9galement fait la promotion de l&#039;\u00e9galit\u00e9 des sexes dans les m\u00e9dias, le monde num\u00e9rique et au-del\u00e0.\" \/>\n<meta property=\"og:url\" content=\"https:\/\/www.ringier.com\/fr\/3e-equalvoice-summit-un-sommet-pour-legalite-des-sexes-dans-les-medias\/\" \/>\n<meta property=\"og:site_name\" content=\"Ringier\" \/>\n<meta property=\"article:publisher\" content=\"https:\/\/www.facebook.com\/ringierag\/\" \/>\n<meta property=\"article:published_time\" content=\"2024-11-13T08:00:00+00:00\" \/>\n<meta property=\"article:modified_time\" content=\"2024-11-28T17:35:53+00:00\" \/>\n<meta property=\"og:image\" content=\"https:\/\/www.ringier.com\/wp-content\/uploads\/2024\/11\/Web_Summit-2024-quer.jpg\" \/>\n\t<meta property=\"og:image:width\" content=\"1200\" \/>\n\t<meta property=\"og:image:height\" content=\"675\" \/>\n\t<meta property=\"og:image:type\" content=\"image\/jpeg\" \/>\n<meta name=\"author\" content=\"Aline Theiler\" \/>\n<meta name=\"twitter:card\" content=\"summary_large_image\" \/>\n<meta name=\"twitter:creator\" content=\"@ringier_ag\" \/>\n<meta name=\"twitter:site\" content=\"@ringier_ag\" \/>\n<meta name=\"twitter:label1\" content=\"\u00c9crit par\" \/>\n\t<meta name=\"twitter:data1\" content=\"Aline Theiler\" \/>\n\t<meta name=\"twitter:label2\" content=\"Dur\u00e9e de lecture estim\u00e9e\" \/>\n\t<meta name=\"twitter:data2\" content=\"7 minutes\" \/>\n<script type=\"application\/ld+json\" class=\"yoast-schema-graph\">{\"@context\":\"https:\/\/schema.org\",\"@graph\":[{\"@type\":\"Article\",\"@id\":\"https:\/\/www.ringier.com\/fr\/3e-equalvoice-summit-un-sommet-pour-legalite-des-sexes-dans-les-medias\/#article\",\"isPartOf\":{\"@id\":\"https:\/\/www.ringier.com\/fr\/3e-equalvoice-summit-un-sommet-pour-legalite-des-sexes-dans-les-medias\/\"},\"author\":{\"name\":\"Aline Theiler\",\"@id\":\"https:\/\/www.ringier.com\/fr\/#\/schema\/person\/24489a2b955651619fd85a09d4bca633\"},\"headline\":\"3e EqualVoice Summit: un sommet pour l&rsquo;\u00e9galit\u00e9 des sexes dans les m\u00e9dias\",\"datePublished\":\"2024-11-13T08:00:00+00:00\",\"dateModified\":\"2024-11-28T17:35:53+00:00\",\"mainEntityOfPage\":{\"@id\":\"https:\/\/www.ringier.com\/fr\/3e-equalvoice-summit-un-sommet-pour-legalite-des-sexes-dans-les-medias\/\"},\"wordCount\":1455,\"publisher\":{\"@id\":\"https:\/\/www.ringier.com\/fr\/#organization\"},\"image\":{\"@id\":\"https:\/\/www.ringier.com\/fr\/3e-equalvoice-summit-un-sommet-pour-legalite-des-sexes-dans-les-medias\/#primaryimage\"},\"thumbnailUrl\":\"https:\/\/www.ringier.com\/wp-content\/uploads\/2024\/11\/Web_Summit-2024-quer.jpg\",\"articleSection\":[\"EqualVoice\"],\"inLanguage\":\"fr-FR\"},{\"@type\":\"WebPage\",\"@id\":\"https:\/\/www.ringier.com\/fr\/3e-equalvoice-summit-un-sommet-pour-legalite-des-sexes-dans-les-medias\/\",\"url\":\"https:\/\/www.ringier.com\/fr\/3e-equalvoice-summit-un-sommet-pour-legalite-des-sexes-dans-les-medias\/\",\"name\":\"3e EqualVoice Summit: un sommet pour l'\u00e9galit\u00e9 des sexes dans les m\u00e9dias - Ringier\",\"isPartOf\":{\"@id\":\"https:\/\/www.ringier.com\/fr\/#website\"},\"primaryImageOfPage\":{\"@id\":\"https:\/\/www.ringier.com\/fr\/3e-equalvoice-summit-un-sommet-pour-legalite-des-sexes-dans-les-medias\/#primaryimage\"},\"image\":{\"@id\":\"https:\/\/www.ringier.com\/fr\/3e-equalvoice-summit-un-sommet-pour-legalite-des-sexes-dans-les-medias\/#primaryimage\"},\"thumbnailUrl\":\"https:\/\/www.ringier.com\/wp-content\/uploads\/2024\/11\/Web_Summit-2024-quer.jpg\",\"datePublished\":\"2024-11-13T08:00:00+00:00\",\"dateModified\":\"2024-11-28T17:35:53+00:00\",\"breadcrumb\":{\"@id\":\"https:\/\/www.ringier.com\/fr\/3e-equalvoice-summit-un-sommet-pour-legalite-des-sexes-dans-les-medias\/#breadcrumb\"},\"inLanguage\":\"fr-FR\",\"potentialAction\":[{\"@type\":\"ReadAction\",\"target\":[\"https:\/\/www.ringier.com\/fr\/3e-equalvoice-summit-un-sommet-pour-legalite-des-sexes-dans-les-medias\/\"]}]},{\"@type\":\"ImageObject\",\"inLanguage\":\"fr-FR\",\"@id\":\"https:\/\/www.ringier.com\/fr\/3e-equalvoice-summit-un-sommet-pour-legalite-des-sexes-dans-les-medias\/#primaryimage\",\"url\":\"https:\/\/www.ringier.com\/wp-content\/uploads\/2024\/11\/Web_Summit-2024-quer.jpg\",\"contentUrl\":\"https:\/\/www.ringier.com\/wp-content\/uploads\/2024\/11\/Web_Summit-2024-quer.jpg\",\"width\":1200,\"height\":675},{\"@type\":\"BreadcrumbList\",\"@id\":\"https:\/\/www.ringier.com\/fr\/3e-equalvoice-summit-un-sommet-pour-legalite-des-sexes-dans-les-medias\/#breadcrumb\",\"itemListElement\":[{\"@type\":\"ListItem\",\"position\":1,\"name\":\"Home\",\"item\":\"https:\/\/www.ringier.com\/fr\/\"},{\"@type\":\"ListItem\",\"position\":2,\"name\":\"3e EqualVoice Summit: un sommet pour l&#8217;\u00e9galit\u00e9 des sexes dans les m\u00e9dias\"}]},{\"@type\":\"WebSite\",\"@id\":\"https:\/\/www.ringier.com\/fr\/#website\",\"url\":\"https:\/\/www.ringier.com\/fr\/\",\"name\":\"Ringier\",\"description\":\"We inform. We entertain. We connect\",\"publisher\":{\"@id\":\"https:\/\/www.ringier.com\/fr\/#organization\"},\"potentialAction\":[{\"@type\":\"SearchAction\",\"target\":{\"@type\":\"EntryPoint\",\"urlTemplate\":\"https:\/\/www.ringier.com\/fr\/?s={search_term_string}\"},\"query-input\":{\"@type\":\"PropertyValueSpecification\",\"valueRequired\":true,\"valueName\":\"search_term_string\"}}],\"inLanguage\":\"fr-FR\"},{\"@type\":\"Organization\",\"@id\":\"https:\/\/www.ringier.com\/fr\/#organization\",\"name\":\"Ringier\",\"url\":\"https:\/\/www.ringier.com\/fr\/\",\"logo\":{\"@type\":\"ImageObject\",\"inLanguage\":\"fr-FR\",\"@id\":\"https:\/\/www.ringier.com\/fr\/#\/schema\/logo\/image\/\",\"url\":\"https:\/\/www.ringier.com\/wp-content\/uploads\/2021\/10\/ringier_logo_2.jpg\",\"contentUrl\":\"https:\/\/www.ringier.com\/wp-content\/uploads\/2021\/10\/ringier_logo_2.jpg\",\"width\":750,\"height\":550,\"caption\":\"Ringier\"},\"image\":{\"@id\":\"https:\/\/www.ringier.com\/fr\/#\/schema\/logo\/image\/\"},\"sameAs\":[\"https:\/\/www.facebook.com\/ringierag\/\",\"https:\/\/x.com\/ringier_ag\",\"https:\/\/www.instagram.com\/ringier_ag\/\",\"https:\/\/www.linkedin.com\/company\/ringier\/\",\"https:\/\/www.youtube.com\/user\/RingierComm\",\"https:\/\/en.wikipedia.org\/wiki\/Ringier\",\"https:\/\/de.wikipedia.org\/wiki\/Ringier\",\"https:\/\/fr.wikipedia.org\/wiki\/Ringier\",\"https:\/\/www.crunchbase.com\/organization\/ringier-ag\"]},{\"@type\":\"Person\",\"@id\":\"https:\/\/www.ringier.com\/fr\/#\/schema\/person\/24489a2b955651619fd85a09d4bca633\",\"name\":\"Aline Theiler\",\"image\":{\"@type\":\"ImageObject\",\"inLanguage\":\"fr-FR\",\"@id\":\"https:\/\/www.ringier.com\/fr\/#\/schema\/person\/image\/\",\"url\":\"https:\/\/secure.gravatar.com\/avatar\/06f2922e079eed329a3d3c4244abea65911b408386451383c0de6e994a62ef8c?s=96&d=mm&r=g\",\"contentUrl\":\"https:\/\/secure.gravatar.com\/avatar\/06f2922e079eed329a3d3c4244abea65911b408386451383c0de6e994a62ef8c?s=96&d=mm&r=g\",\"caption\":\"Aline Theiler\"},\"sameAs\":[\"https:\/\/www.ringier.com\/\"]}]}<\/script>\n<!-- \/ Yoast SEO Premium plugin. -->","yoast_head_json":{"title":"3e EqualVoice Summit: un sommet pour l'\u00e9galit\u00e9 des sexes dans les m\u00e9dias - Ringier","robots":{"index":"index","follow":"follow","max-snippet":"max-snippet:-1","max-image-preview":"max-image-preview:large","max-video-preview":"max-video-preview:-1"},"canonical":"https:\/\/www.ringier.com\/fr\/3e-equalvoice-summit-un-sommet-pour-legalite-des-sexes-dans-les-medias\/","og_locale":"fr_FR","og_type":"article","og_title":"3e EqualVoice Summit: un sommet pour l'\u00e9galit\u00e9 des sexes dans les m\u00e9dias","og_description":"Pour la troisi\u00e8me fois d\u00e9j\u00e0, des personnalit\u00e9s de haut niveau et des cadres renomm\u00e9s d'entreprises internationales de premier plan se sont r\u00e9unis hier \u00e0 Zurich pour le Sommet EqualVoice, afin de faire avancer ensemble l'\u00e9galit\u00e9 des sexes. L'accent a \u00e9t\u00e9 mis sur le r\u00f4le de la diversit\u00e9 dans l'intelligence artificielle. Les deux invit\u00e9s de marque, Sanna Marin, ancienne Premi\u00e8re ministre de Finlande, et le r\u00e9alisateur hollywoodien Marc Forster, ont \u00e9galement fait la promotion de l'\u00e9galit\u00e9 des sexes dans les m\u00e9dias, le monde num\u00e9rique et au-del\u00e0.","og_url":"https:\/\/www.ringier.com\/fr\/3e-equalvoice-summit-un-sommet-pour-legalite-des-sexes-dans-les-medias\/","og_site_name":"Ringier","article_publisher":"https:\/\/www.facebook.com\/ringierag\/","article_published_time":"2024-11-13T08:00:00+00:00","article_modified_time":"2024-11-28T17:35:53+00:00","og_image":[{"width":1200,"height":675,"url":"https:\/\/www.ringier.com\/wp-content\/uploads\/2024\/11\/Web_Summit-2024-quer.jpg","type":"image\/jpeg"}],"author":"Aline Theiler","twitter_card":"summary_large_image","twitter_creator":"@ringier_ag","twitter_site":"@ringier_ag","twitter_misc":{"\u00c9crit par":"Aline Theiler","Dur\u00e9e de lecture estim\u00e9e":"7 minutes"},"schema":{"@context":"https:\/\/schema.org","@graph":[{"@type":"Article","@id":"https:\/\/www.ringier.com\/fr\/3e-equalvoice-summit-un-sommet-pour-legalite-des-sexes-dans-les-medias\/#article","isPartOf":{"@id":"https:\/\/www.ringier.com\/fr\/3e-equalvoice-summit-un-sommet-pour-legalite-des-sexes-dans-les-medias\/"},"author":{"name":"Aline Theiler","@id":"https:\/\/www.ringier.com\/fr\/#\/schema\/person\/24489a2b955651619fd85a09d4bca633"},"headline":"3e EqualVoice Summit: un sommet pour l&rsquo;\u00e9galit\u00e9 des sexes dans les m\u00e9dias","datePublished":"2024-11-13T08:00:00+00:00","dateModified":"2024-11-28T17:35:53+00:00","mainEntityOfPage":{"@id":"https:\/\/www.ringier.com\/fr\/3e-equalvoice-summit-un-sommet-pour-legalite-des-sexes-dans-les-medias\/"},"wordCount":1455,"publisher":{"@id":"https:\/\/www.ringier.com\/fr\/#organization"},"image":{"@id":"https:\/\/www.ringier.com\/fr\/3e-equalvoice-summit-un-sommet-pour-legalite-des-sexes-dans-les-medias\/#primaryimage"},"thumbnailUrl":"https:\/\/www.ringier.com\/wp-content\/uploads\/2024\/11\/Web_Summit-2024-quer.jpg","articleSection":["EqualVoice"],"inLanguage":"fr-FR"},{"@type":"WebPage","@id":"https:\/\/www.ringier.com\/fr\/3e-equalvoice-summit-un-sommet-pour-legalite-des-sexes-dans-les-medias\/","url":"https:\/\/www.ringier.com\/fr\/3e-equalvoice-summit-un-sommet-pour-legalite-des-sexes-dans-les-medias\/","name":"3e EqualVoice Summit: un sommet pour l'\u00e9galit\u00e9 des sexes dans les m\u00e9dias - Ringier","isPartOf":{"@id":"https:\/\/www.ringier.com\/fr\/#website"},"primaryImageOfPage":{"@id":"https:\/\/www.ringier.com\/fr\/3e-equalvoice-summit-un-sommet-pour-legalite-des-sexes-dans-les-medias\/#primaryimage"},"image":{"@id":"https:\/\/www.ringier.com\/fr\/3e-equalvoice-summit-un-sommet-pour-legalite-des-sexes-dans-les-medias\/#primaryimage"},"thumbnailUrl":"https:\/\/www.ringier.com\/wp-content\/uploads\/2024\/11\/Web_Summit-2024-quer.jpg","datePublished":"2024-11-13T08:00:00+00:00","dateModified":"2024-11-28T17:35:53+00:00","breadcrumb":{"@id":"https:\/\/www.ringier.com\/fr\/3e-equalvoice-summit-un-sommet-pour-legalite-des-sexes-dans-les-medias\/#breadcrumb"},"inLanguage":"fr-FR","potentialAction":[{"@type":"ReadAction","target":["https:\/\/www.ringier.com\/fr\/3e-equalvoice-summit-un-sommet-pour-legalite-des-sexes-dans-les-medias\/"]}]},{"@type":"ImageObject","inLanguage":"fr-FR","@id":"https:\/\/www.ringier.com\/fr\/3e-equalvoice-summit-un-sommet-pour-legalite-des-sexes-dans-les-medias\/#primaryimage","url":"https:\/\/www.ringier.com\/wp-content\/uploads\/2024\/11\/Web_Summit-2024-quer.jpg","contentUrl":"https:\/\/www.ringier.com\/wp-content\/uploads\/2024\/11\/Web_Summit-2024-quer.jpg","width":1200,"height":675},{"@type":"BreadcrumbList","@id":"https:\/\/www.ringier.com\/fr\/3e-equalvoice-summit-un-sommet-pour-legalite-des-sexes-dans-les-medias\/#breadcrumb","itemListElement":[{"@type":"ListItem","position":1,"name":"Home","item":"https:\/\/www.ringier.com\/fr\/"},{"@type":"ListItem","position":2,"name":"3e EqualVoice Summit: un sommet pour l&#8217;\u00e9galit\u00e9 des sexes dans les m\u00e9dias"}]},{"@type":"WebSite","@id":"https:\/\/www.ringier.com\/fr\/#website","url":"https:\/\/www.ringier.com\/fr\/","name":"Ringier","description":"We inform. We entertain. We connect","publisher":{"@id":"https:\/\/www.ringier.com\/fr\/#organization"},"potentialAction":[{"@type":"SearchAction","target":{"@type":"EntryPoint","urlTemplate":"https:\/\/www.ringier.com\/fr\/?s={search_term_string}"},"query-input":{"@type":"PropertyValueSpecification","valueRequired":true,"valueName":"search_term_string"}}],"inLanguage":"fr-FR"},{"@type":"Organization","@id":"https:\/\/www.ringier.com\/fr\/#organization","name":"Ringier","url":"https:\/\/www.ringier.com\/fr\/","logo":{"@type":"ImageObject","inLanguage":"fr-FR","@id":"https:\/\/www.ringier.com\/fr\/#\/schema\/logo\/image\/","url":"https:\/\/www.ringier.com\/wp-content\/uploads\/2021\/10\/ringier_logo_2.jpg","contentUrl":"https:\/\/www.ringier.com\/wp-content\/uploads\/2021\/10\/ringier_logo_2.jpg","width":750,"height":550,"caption":"Ringier"},"image":{"@id":"https:\/\/www.ringier.com\/fr\/#\/schema\/logo\/image\/"},"sameAs":["https:\/\/www.facebook.com\/ringierag\/","https:\/\/x.com\/ringier_ag","https:\/\/www.instagram.com\/ringier_ag\/","https:\/\/www.linkedin.com\/company\/ringier\/","https:\/\/www.youtube.com\/user\/RingierComm","https:\/\/en.wikipedia.org\/wiki\/Ringier","https:\/\/de.wikipedia.org\/wiki\/Ringier","https:\/\/fr.wikipedia.org\/wiki\/Ringier","https:\/\/www.crunchbase.com\/organization\/ringier-ag"]},{"@type":"Person","@id":"https:\/\/www.ringier.com\/fr\/#\/schema\/person\/24489a2b955651619fd85a09d4bca633","name":"Aline Theiler","image":{"@type":"ImageObject","inLanguage":"fr-FR","@id":"https:\/\/www.ringier.com\/fr\/#\/schema\/person\/image\/","url":"https:\/\/secure.gravatar.com\/avatar\/06f2922e079eed329a3d3c4244abea65911b408386451383c0de6e994a62ef8c?s=96&d=mm&r=g","contentUrl":"https:\/\/secure.gravatar.com\/avatar\/06f2922e079eed329a3d3c4244abea65911b408386451383c0de6e994a62ef8c?s=96&d=mm&r=g","caption":"Aline Theiler"},"sameAs":["https:\/\/www.ringier.com\/"]}]}},"_links":{"self":[{"href":"https:\/\/www.ringier.com\/fr\/wp-json\/wp\/v2\/posts\/20367","targetHints":{"allow":["GET"]}}],"collection":[{"href":"https:\/\/www.ringier.com\/fr\/wp-json\/wp\/v2\/posts"}],"about":[{"href":"https:\/\/www.ringier.com\/fr\/wp-json\/wp\/v2\/types\/post"}],"author":[{"embeddable":true,"href":"https:\/\/www.ringier.com\/fr\/wp-json\/wp\/v2\/users\/24"}],"replies":[{"embeddable":true,"href":"https:\/\/www.ringier.com\/fr\/wp-json\/wp\/v2\/comments?post=20367"}],"version-history":[{"count":0,"href":"https:\/\/www.ringier.com\/fr\/wp-json\/wp\/v2\/posts\/20367\/revisions"}],"wp:featuredmedia":[{"embeddable":true,"href":"https:\/\/www.ringier.com\/fr\/wp-json\/wp\/v2\/media\/20365"}],"wp:attachment":[{"href":"https:\/\/www.ringier.com\/fr\/wp-json\/wp\/v2\/media?parent=20367"}],"wp:term":[{"taxonomy":"category","embeddable":true,"href":"https:\/\/www.ringier.com\/fr\/wp-json\/wp\/v2\/categories?post=20367"},{"taxonomy":"post_tag","embeddable":true,"href":"https:\/\/www.ringier.com\/fr\/wp-json\/wp\/v2\/tags?post=20367"}],"curies":[{"name":"wp","href":"https:\/\/api.w.org\/{rel}","templated":true}]}}