{"id":19877,"date":"2024-09-13T12:03:14","date_gmt":"2024-09-13T10:03:14","guid":{"rendered":"https:\/\/www.ringier.com\/?p=19877"},"modified":"2024-11-14T14:13:10","modified_gmt":"2024-11-14T13:13:10","slug":"blick-romandie-nomme-media-populaire-le-plus-qualitatif-de-suisse","status":"publish","type":"post","link":"https:\/\/www.ringier.com\/fr\/blick-romandie-nomme-media-populaire-le-plus-qualitatif-de-suisse\/","title":{"rendered":"Blick Romandie nomm\u00e9 m\u00e9dia populaire le plus qualitatif de Suisse"},"content":{"rendered":"\n<figure class=\"wp-block-image size-large\"><img loading=\"lazy\" decoding=\"async\" width=\"1024\" height=\"644\" src=\"https:\/\/www.ringier.com\/wp-content\/uploads\/2024\/09\/Design-sans-titre-3-1024x644.png\" alt=\"\" class=\"wp-image-19878\" srcset=\"https:\/\/www.ringier.com\/wp-content\/uploads\/2024\/09\/Design-sans-titre-3-1024x644.png 1024w, https:\/\/www.ringier.com\/wp-content\/uploads\/2024\/09\/Design-sans-titre-3-300x189.png 300w, https:\/\/www.ringier.com\/wp-content\/uploads\/2024\/09\/Design-sans-titre-3-768x483.png 768w, https:\/\/www.ringier.com\/wp-content\/uploads\/2024\/09\/Design-sans-titre-3-50x31.png 50w, https:\/\/www.ringier.com\/wp-content\/uploads\/2024\/09\/Design-sans-titre-3-289x182.png 289w, https:\/\/www.ringier.com\/wp-content\/uploads\/2024\/09\/Design-sans-titre-3-137x86.png 137w, https:\/\/www.ringier.com\/wp-content\/uploads\/2024\/09\/Design-sans-titre-3.png 1208w\" sizes=\"auto, (max-width: 1024px) 100vw, 1024px\" \/><\/figure>\n\n\n\n<p><strong>Lanc\u00e9e le 1er juin 2021, la version francophone de Blick arrive en t\u00eate du classement de la qualit\u00e9 des m\u00e9dias (MQR-24) dans la cat\u00e9gorie \u00abM\u00e9dias populaires\u00bb. Blick Suisse romande totalise le nombre de points le plus haut jamais r\u00e9alis\u00e9 dans ce segment, annoncent la Haute \u00e9cole de Lucerne, le Centre de recherche opinion publique et soci\u00e9t\u00e9 (f\u00f6g) de l\u2019Universit\u00e9 de Zurich, ainsi que l\u2019Universit\u00e9 de Fribourg, qui sondent les m\u00e9dias depuis 2016.<\/strong><\/p>\n\n\n\n<p>Trois ans apr\u00e8s son lancement le 1\u1d49\u02b3 juin 2021, Blick Suisse romande est extr\u00eamement fier d\u2019apprendre que le travail r\u00e9alis\u00e9 par toute son \u00e9quipe de journalistes et de sp\u00e9cialistes du num\u00e9rique est reconnu par la Haute \u00e9cole de Lucerne, le Centre de recherche opinion publique et soci\u00e9t\u00e9 (f\u00f6g) de l\u2019Universit\u00e9 de Zurich, ainsi que l\u2019Universit\u00e9 de Fribourg. Depuis 2016, ces trois \u00e9coles organisent tous les deux ans le classement de la qualit\u00e9 des m\u00e9dias (MQR). Le ranking 2024 place <a href=\"http:\/\/www.blick.ch\/fr\">Blick.ch\/fr<\/a> tout en haut du podium, dans la cat\u00e9gorie \u00abM\u00e9dias populaires\u00bb, devant tous les autres m\u00e9dias de cette cat\u00e9gorie en Suisse.<\/p>\n\n\n\n<p><strong>Michel Jeanneret, r\u00e9dacteur en chef de Blick Suisse romande<\/strong>: \u00abJe suis tr\u00e8s fier que la qualit\u00e9 du travail r\u00e9alis\u00e9 par nos \u00e9quipes qui s\u2019engagent avec passion dans le journalisme soit non seulement reconnue par une d\u00e9marche scientifique, mais aussi populaire. Cette distinction renforce encore notre motivation \u00e0 travailler dans l\u2019int\u00e9r\u00eat de nos lectrices et lecteurs, dans des temps o\u00f9 notre m\u00e9tier est plus essentiel que jamais\u00bb.<\/p>\n\n\n\n<p>Un succ\u00e8s d\u2019estime qui s\u2019ajoute au succ\u00e8s d\u2019audience. Le site web blick.ch\/fr a connu une importante augmentation de son traffic ces derniers mois. Selon les derni\u00e8res donn\u00e9es Mediapulse, le site enregistre pr\u00e8s de 150\u2019000 sessions par jour, soit le double d\u2019il y a un an. Sa nouvelle identit\u00e9 de marque et son nouveau design web ont \u00e9t\u00e9 r\u00e9v\u00e9l\u00e9s ce mardi 10 septembre.<\/p>\n\n\n\n<p><strong>Thomas Del\u00e9chat, directeur de Ringier M\u00e9dias Suisse romande<\/strong>: \u00abEn trois ans, Blick s\u2019est impos\u00e9 comme le porte-\u00e9tendard num\u00e9rique de Ringier en Suisse romande. Cette distinction vient souligner l\u2019exigence \u00e9ditoriale que nous appliquons \u00e0 chacun des m\u00e9dias de notre portefeuille romand, tous reconnus pour leur qualit\u00e9: Blick, L\u2019illustr\u00e9, PME et GaultMillau.\u00bb<\/p>\n","protected":false},"excerpt":{"rendered":"<p>Lanc\u00e9e le 1er juin 2021, la version francophone de Blick arrive en t\u00eate du classement de la qualit\u00e9 des m\u00e9dias (MQR-24) dans la cat\u00e9gorie \u00abM\u00e9dias populaires\u00bb. Blick Suisse romande totalise le nombre de points le plus haut jamais r\u00e9alis\u00e9 dans ce segment, annoncent la Haute \u00e9cole de Lucerne, le Centre de recherche opinion publique et [&hellip;]<\/p>\n","protected":false},"author":33,"featured_media":19878,"comment_status":"closed","ping_status":"open","sticky":false,"template":"","format":"standard","meta":{"inline_featured_image":false,"footnotes":""},"categories":[370,363],"tags":[],"class_list":["post-19877","post","type-post","status-publish","format-standard","has-post-thumbnail","hentry","category-media-fr","category-ringier-medias-suisse"],"yoast_head":"<!-- This site is optimized with the Yoast SEO Premium plugin v27.0 (Yoast SEO v27.0) - https:\/\/yoast.com\/product\/yoast-seo-premium-wordpress\/ -->\n<title>Blick Romandie nomm\u00e9 m\u00e9dia populaire le plus qualitatif de Suisse - Ringier<\/title>\n<meta name=\"robots\" content=\"index, follow, max-snippet:-1, max-image-preview:large, max-video-preview:-1\" \/>\n<link rel=\"canonical\" href=\"https:\/\/www.ringier.com\/fr\/blick-romandie-nomme-media-populaire-le-plus-qualitatif-de-suisse\/\" \/>\n<meta property=\"og:locale\" content=\"fr_FR\" \/>\n<meta property=\"og:type\" content=\"article\" \/>\n<meta property=\"og:title\" content=\"Blick Romandie nomm\u00e9 m\u00e9dia populaire le plus qualitatif de Suisse\" \/>\n<meta property=\"og:description\" content=\"Lanc\u00e9e le 1er juin 2021, la version francophone de Blick arrive en t\u00eate du classement de la qualit\u00e9 des m\u00e9dias (MQR-24) dans la cat\u00e9gorie \u00abM\u00e9dias populaires\u00bb. Blick Suisse romande totalise le nombre de points le plus haut jamais r\u00e9alis\u00e9 dans ce segment, annoncent la Haute \u00e9cole de Lucerne, le Centre de recherche opinion publique et [&hellip;]\" \/>\n<meta property=\"og:url\" content=\"https:\/\/www.ringier.com\/fr\/blick-romandie-nomme-media-populaire-le-plus-qualitatif-de-suisse\/\" \/>\n<meta property=\"og:site_name\" content=\"Ringier\" \/>\n<meta property=\"article:publisher\" content=\"https:\/\/www.facebook.com\/ringierag\/\" \/>\n<meta property=\"article:published_time\" content=\"2024-09-13T10:03:14+00:00\" \/>\n<meta property=\"article:modified_time\" content=\"2024-11-14T13:13:10+00:00\" \/>\n<meta property=\"og:image\" content=\"https:\/\/www.ringier.com\/wp-content\/uploads\/2024\/09\/Design-sans-titre-3.png\" \/>\n\t<meta property=\"og:image:width\" content=\"1208\" \/>\n\t<meta property=\"og:image:height\" content=\"760\" \/>\n\t<meta property=\"og:image:type\" content=\"image\/png\" \/>\n<meta name=\"author\" content=\"Daniel Riedel\" \/>\n<meta name=\"twitter:card\" content=\"summary_large_image\" \/>\n<meta name=\"twitter:creator\" content=\"@ringier_ag\" \/>\n<meta name=\"twitter:site\" content=\"@ringier_ag\" \/>\n<meta name=\"twitter:label1\" content=\"\u00c9crit par\" \/>\n\t<meta name=\"twitter:data1\" content=\"Daniel Riedel\" \/>\n\t<meta name=\"twitter:label2\" content=\"Dur\u00e9e de lecture estim\u00e9e\" \/>\n\t<meta name=\"twitter:data2\" content=\"2 minutes\" \/>\n<script type=\"application\/ld+json\" class=\"yoast-schema-graph\">{\"@context\":\"https:\/\/schema.org\",\"@graph\":[{\"@type\":\"Article\",\"@id\":\"https:\/\/www.ringier.com\/fr\/blick-romandie-nomme-media-populaire-le-plus-qualitatif-de-suisse\/#article\",\"isPartOf\":{\"@id\":\"https:\/\/www.ringier.com\/fr\/blick-romandie-nomme-media-populaire-le-plus-qualitatif-de-suisse\/\"},\"author\":{\"name\":\"Daniel Riedel\",\"@id\":\"https:\/\/www.ringier.com\/fr\/#\/schema\/person\/8964baeac69afce83241bba955ead209\"},\"headline\":\"Blick Romandie nomm\u00e9 m\u00e9dia populaire le plus qualitatif de Suisse\",\"datePublished\":\"2024-09-13T10:03:14+00:00\",\"dateModified\":\"2024-11-14T13:13:10+00:00\",\"mainEntityOfPage\":{\"@id\":\"https:\/\/www.ringier.com\/fr\/blick-romandie-nomme-media-populaire-le-plus-qualitatif-de-suisse\/\"},\"wordCount\":410,\"publisher\":{\"@id\":\"https:\/\/www.ringier.com\/fr\/#organization\"},\"image\":{\"@id\":\"https:\/\/www.ringier.com\/fr\/blick-romandie-nomme-media-populaire-le-plus-qualitatif-de-suisse\/#primaryimage\"},\"thumbnailUrl\":\"https:\/\/www.ringier.com\/wp-content\/uploads\/2024\/09\/Design-sans-titre-3.png\",\"articleSection\":[\"Media\",\"Ringier Medias Suisse\"],\"inLanguage\":\"fr-FR\"},{\"@type\":\"WebPage\",\"@id\":\"https:\/\/www.ringier.com\/fr\/blick-romandie-nomme-media-populaire-le-plus-qualitatif-de-suisse\/\",\"url\":\"https:\/\/www.ringier.com\/fr\/blick-romandie-nomme-media-populaire-le-plus-qualitatif-de-suisse\/\",\"name\":\"Blick Romandie nomm\u00e9 m\u00e9dia populaire le plus qualitatif de Suisse - Ringier\",\"isPartOf\":{\"@id\":\"https:\/\/www.ringier.com\/fr\/#website\"},\"primaryImageOfPage\":{\"@id\":\"https:\/\/www.ringier.com\/fr\/blick-romandie-nomme-media-populaire-le-plus-qualitatif-de-suisse\/#primaryimage\"},\"image\":{\"@id\":\"https:\/\/www.ringier.com\/fr\/blick-romandie-nomme-media-populaire-le-plus-qualitatif-de-suisse\/#primaryimage\"},\"thumbnailUrl\":\"https:\/\/www.ringier.com\/wp-content\/uploads\/2024\/09\/Design-sans-titre-3.png\",\"datePublished\":\"2024-09-13T10:03:14+00:00\",\"dateModified\":\"2024-11-14T13:13:10+00:00\",\"breadcrumb\":{\"@id\":\"https:\/\/www.ringier.com\/fr\/blick-romandie-nomme-media-populaire-le-plus-qualitatif-de-suisse\/#breadcrumb\"},\"inLanguage\":\"fr-FR\",\"potentialAction\":[{\"@type\":\"ReadAction\",\"target\":[\"https:\/\/www.ringier.com\/fr\/blick-romandie-nomme-media-populaire-le-plus-qualitatif-de-suisse\/\"]}]},{\"@type\":\"ImageObject\",\"inLanguage\":\"fr-FR\",\"@id\":\"https:\/\/www.ringier.com\/fr\/blick-romandie-nomme-media-populaire-le-plus-qualitatif-de-suisse\/#primaryimage\",\"url\":\"https:\/\/www.ringier.com\/wp-content\/uploads\/2024\/09\/Design-sans-titre-3.png\",\"contentUrl\":\"https:\/\/www.ringier.com\/wp-content\/uploads\/2024\/09\/Design-sans-titre-3.png\",\"width\":1208,\"height\":760},{\"@type\":\"BreadcrumbList\",\"@id\":\"https:\/\/www.ringier.com\/fr\/blick-romandie-nomme-media-populaire-le-plus-qualitatif-de-suisse\/#breadcrumb\",\"itemListElement\":[{\"@type\":\"ListItem\",\"position\":1,\"name\":\"Home\",\"item\":\"https:\/\/www.ringier.com\/fr\/\"},{\"@type\":\"ListItem\",\"position\":2,\"name\":\"Blick Romandie nomm\u00e9 m\u00e9dia populaire le plus qualitatif de Suisse\"}]},{\"@type\":\"WebSite\",\"@id\":\"https:\/\/www.ringier.com\/fr\/#website\",\"url\":\"https:\/\/www.ringier.com\/fr\/\",\"name\":\"Ringier\",\"description\":\"We inform. We entertain. We connect\",\"publisher\":{\"@id\":\"https:\/\/www.ringier.com\/fr\/#organization\"},\"potentialAction\":[{\"@type\":\"SearchAction\",\"target\":{\"@type\":\"EntryPoint\",\"urlTemplate\":\"https:\/\/www.ringier.com\/fr\/?s={search_term_string}\"},\"query-input\":{\"@type\":\"PropertyValueSpecification\",\"valueRequired\":true,\"valueName\":\"search_term_string\"}}],\"inLanguage\":\"fr-FR\"},{\"@type\":\"Organization\",\"@id\":\"https:\/\/www.ringier.com\/fr\/#organization\",\"name\":\"Ringier\",\"url\":\"https:\/\/www.ringier.com\/fr\/\",\"logo\":{\"@type\":\"ImageObject\",\"inLanguage\":\"fr-FR\",\"@id\":\"https:\/\/www.ringier.com\/fr\/#\/schema\/logo\/image\/\",\"url\":\"https:\/\/www.ringier.com\/wp-content\/uploads\/2021\/10\/ringier_logo_2.jpg\",\"contentUrl\":\"https:\/\/www.ringier.com\/wp-content\/uploads\/2021\/10\/ringier_logo_2.jpg\",\"width\":750,\"height\":550,\"caption\":\"Ringier\"},\"image\":{\"@id\":\"https:\/\/www.ringier.com\/fr\/#\/schema\/logo\/image\/\"},\"sameAs\":[\"https:\/\/www.facebook.com\/ringierag\/\",\"https:\/\/x.com\/ringier_ag\",\"https:\/\/www.instagram.com\/ringier_ag\/\",\"https:\/\/www.linkedin.com\/company\/ringier\/\",\"https:\/\/www.youtube.com\/user\/RingierComm\",\"https:\/\/en.wikipedia.org\/wiki\/Ringier\",\"https:\/\/de.wikipedia.org\/wiki\/Ringier\",\"https:\/\/fr.wikipedia.org\/wiki\/Ringier\",\"https:\/\/www.crunchbase.com\/organization\/ringier-ag\"]},{\"@type\":\"Person\",\"@id\":\"https:\/\/www.ringier.com\/fr\/#\/schema\/person\/8964baeac69afce83241bba955ead209\",\"name\":\"Daniel Riedel\",\"image\":{\"@type\":\"ImageObject\",\"inLanguage\":\"fr-FR\",\"@id\":\"https:\/\/www.ringier.com\/fr\/#\/schema\/person\/image\/\",\"url\":\"https:\/\/secure.gravatar.com\/avatar\/cfc82725753b1d3127115674c6a217a055615a4fd56310535a53bb85fee4ee4d?s=96&d=mm&r=g\",\"contentUrl\":\"https:\/\/secure.gravatar.com\/avatar\/cfc82725753b1d3127115674c6a217a055615a4fd56310535a53bb85fee4ee4d?s=96&d=mm&r=g\",\"caption\":\"Daniel Riedel\"},\"sameAs\":[\"http:\/\/ringier.com\"]}]}<\/script>\n<!-- \/ Yoast SEO Premium plugin. -->","yoast_head_json":{"title":"Blick Romandie nomm\u00e9 m\u00e9dia populaire le plus qualitatif de Suisse - Ringier","robots":{"index":"index","follow":"follow","max-snippet":"max-snippet:-1","max-image-preview":"max-image-preview:large","max-video-preview":"max-video-preview:-1"},"canonical":"https:\/\/www.ringier.com\/fr\/blick-romandie-nomme-media-populaire-le-plus-qualitatif-de-suisse\/","og_locale":"fr_FR","og_type":"article","og_title":"Blick Romandie nomm\u00e9 m\u00e9dia populaire le plus qualitatif de Suisse","og_description":"Lanc\u00e9e le 1er juin 2021, la version francophone de Blick arrive en t\u00eate du classement de la qualit\u00e9 des m\u00e9dias (MQR-24) dans la cat\u00e9gorie \u00abM\u00e9dias populaires\u00bb. Blick Suisse romande totalise le nombre de points le plus haut jamais r\u00e9alis\u00e9 dans ce segment, annoncent la Haute \u00e9cole de Lucerne, le Centre de recherche opinion publique et [&hellip;]","og_url":"https:\/\/www.ringier.com\/fr\/blick-romandie-nomme-media-populaire-le-plus-qualitatif-de-suisse\/","og_site_name":"Ringier","article_publisher":"https:\/\/www.facebook.com\/ringierag\/","article_published_time":"2024-09-13T10:03:14+00:00","article_modified_time":"2024-11-14T13:13:10+00:00","og_image":[{"width":1208,"height":760,"url":"https:\/\/www.ringier.com\/wp-content\/uploads\/2024\/09\/Design-sans-titre-3.png","type":"image\/png"}],"author":"Daniel Riedel","twitter_card":"summary_large_image","twitter_creator":"@ringier_ag","twitter_site":"@ringier_ag","twitter_misc":{"\u00c9crit par":"Daniel Riedel","Dur\u00e9e de lecture estim\u00e9e":"2 minutes"},"schema":{"@context":"https:\/\/schema.org","@graph":[{"@type":"Article","@id":"https:\/\/www.ringier.com\/fr\/blick-romandie-nomme-media-populaire-le-plus-qualitatif-de-suisse\/#article","isPartOf":{"@id":"https:\/\/www.ringier.com\/fr\/blick-romandie-nomme-media-populaire-le-plus-qualitatif-de-suisse\/"},"author":{"name":"Daniel Riedel","@id":"https:\/\/www.ringier.com\/fr\/#\/schema\/person\/8964baeac69afce83241bba955ead209"},"headline":"Blick Romandie nomm\u00e9 m\u00e9dia populaire le plus qualitatif de Suisse","datePublished":"2024-09-13T10:03:14+00:00","dateModified":"2024-11-14T13:13:10+00:00","mainEntityOfPage":{"@id":"https:\/\/www.ringier.com\/fr\/blick-romandie-nomme-media-populaire-le-plus-qualitatif-de-suisse\/"},"wordCount":410,"publisher":{"@id":"https:\/\/www.ringier.com\/fr\/#organization"},"image":{"@id":"https:\/\/www.ringier.com\/fr\/blick-romandie-nomme-media-populaire-le-plus-qualitatif-de-suisse\/#primaryimage"},"thumbnailUrl":"https:\/\/www.ringier.com\/wp-content\/uploads\/2024\/09\/Design-sans-titre-3.png","articleSection":["Media","Ringier Medias Suisse"],"inLanguage":"fr-FR"},{"@type":"WebPage","@id":"https:\/\/www.ringier.com\/fr\/blick-romandie-nomme-media-populaire-le-plus-qualitatif-de-suisse\/","url":"https:\/\/www.ringier.com\/fr\/blick-romandie-nomme-media-populaire-le-plus-qualitatif-de-suisse\/","name":"Blick Romandie nomm\u00e9 m\u00e9dia populaire le plus qualitatif de Suisse - Ringier","isPartOf":{"@id":"https:\/\/www.ringier.com\/fr\/#website"},"primaryImageOfPage":{"@id":"https:\/\/www.ringier.com\/fr\/blick-romandie-nomme-media-populaire-le-plus-qualitatif-de-suisse\/#primaryimage"},"image":{"@id":"https:\/\/www.ringier.com\/fr\/blick-romandie-nomme-media-populaire-le-plus-qualitatif-de-suisse\/#primaryimage"},"thumbnailUrl":"https:\/\/www.ringier.com\/wp-content\/uploads\/2024\/09\/Design-sans-titre-3.png","datePublished":"2024-09-13T10:03:14+00:00","dateModified":"2024-11-14T13:13:10+00:00","breadcrumb":{"@id":"https:\/\/www.ringier.com\/fr\/blick-romandie-nomme-media-populaire-le-plus-qualitatif-de-suisse\/#breadcrumb"},"inLanguage":"fr-FR","potentialAction":[{"@type":"ReadAction","target":["https:\/\/www.ringier.com\/fr\/blick-romandie-nomme-media-populaire-le-plus-qualitatif-de-suisse\/"]}]},{"@type":"ImageObject","inLanguage":"fr-FR","@id":"https:\/\/www.ringier.com\/fr\/blick-romandie-nomme-media-populaire-le-plus-qualitatif-de-suisse\/#primaryimage","url":"https:\/\/www.ringier.com\/wp-content\/uploads\/2024\/09\/Design-sans-titre-3.png","contentUrl":"https:\/\/www.ringier.com\/wp-content\/uploads\/2024\/09\/Design-sans-titre-3.png","width":1208,"height":760},{"@type":"BreadcrumbList","@id":"https:\/\/www.ringier.com\/fr\/blick-romandie-nomme-media-populaire-le-plus-qualitatif-de-suisse\/#breadcrumb","itemListElement":[{"@type":"ListItem","position":1,"name":"Home","item":"https:\/\/www.ringier.com\/fr\/"},{"@type":"ListItem","position":2,"name":"Blick Romandie nomm\u00e9 m\u00e9dia populaire le plus qualitatif de Suisse"}]},{"@type":"WebSite","@id":"https:\/\/www.ringier.com\/fr\/#website","url":"https:\/\/www.ringier.com\/fr\/","name":"Ringier","description":"We inform. We entertain. We connect","publisher":{"@id":"https:\/\/www.ringier.com\/fr\/#organization"},"potentialAction":[{"@type":"SearchAction","target":{"@type":"EntryPoint","urlTemplate":"https:\/\/www.ringier.com\/fr\/?s={search_term_string}"},"query-input":{"@type":"PropertyValueSpecification","valueRequired":true,"valueName":"search_term_string"}}],"inLanguage":"fr-FR"},{"@type":"Organization","@id":"https:\/\/www.ringier.com\/fr\/#organization","name":"Ringier","url":"https:\/\/www.ringier.com\/fr\/","logo":{"@type":"ImageObject","inLanguage":"fr-FR","@id":"https:\/\/www.ringier.com\/fr\/#\/schema\/logo\/image\/","url":"https:\/\/www.ringier.com\/wp-content\/uploads\/2021\/10\/ringier_logo_2.jpg","contentUrl":"https:\/\/www.ringier.com\/wp-content\/uploads\/2021\/10\/ringier_logo_2.jpg","width":750,"height":550,"caption":"Ringier"},"image":{"@id":"https:\/\/www.ringier.com\/fr\/#\/schema\/logo\/image\/"},"sameAs":["https:\/\/www.facebook.com\/ringierag\/","https:\/\/x.com\/ringier_ag","https:\/\/www.instagram.com\/ringier_ag\/","https:\/\/www.linkedin.com\/company\/ringier\/","https:\/\/www.youtube.com\/user\/RingierComm","https:\/\/en.wikipedia.org\/wiki\/Ringier","https:\/\/de.wikipedia.org\/wiki\/Ringier","https:\/\/fr.wikipedia.org\/wiki\/Ringier","https:\/\/www.crunchbase.com\/organization\/ringier-ag"]},{"@type":"Person","@id":"https:\/\/www.ringier.com\/fr\/#\/schema\/person\/8964baeac69afce83241bba955ead209","name":"Daniel Riedel","image":{"@type":"ImageObject","inLanguage":"fr-FR","@id":"https:\/\/www.ringier.com\/fr\/#\/schema\/person\/image\/","url":"https:\/\/secure.gravatar.com\/avatar\/cfc82725753b1d3127115674c6a217a055615a4fd56310535a53bb85fee4ee4d?s=96&d=mm&r=g","contentUrl":"https:\/\/secure.gravatar.com\/avatar\/cfc82725753b1d3127115674c6a217a055615a4fd56310535a53bb85fee4ee4d?s=96&d=mm&r=g","caption":"Daniel Riedel"},"sameAs":["http:\/\/ringier.com"]}]}},"_links":{"self":[{"href":"https:\/\/www.ringier.com\/fr\/wp-json\/wp\/v2\/posts\/19877","targetHints":{"allow":["GET"]}}],"collection":[{"href":"https:\/\/www.ringier.com\/fr\/wp-json\/wp\/v2\/posts"}],"about":[{"href":"https:\/\/www.ringier.com\/fr\/wp-json\/wp\/v2\/types\/post"}],"author":[{"embeddable":true,"href":"https:\/\/www.ringier.com\/fr\/wp-json\/wp\/v2\/users\/33"}],"replies":[{"embeddable":true,"href":"https:\/\/www.ringier.com\/fr\/wp-json\/wp\/v2\/comments?post=19877"}],"version-history":[{"count":0,"href":"https:\/\/www.ringier.com\/fr\/wp-json\/wp\/v2\/posts\/19877\/revisions"}],"wp:featuredmedia":[{"embeddable":true,"href":"https:\/\/www.ringier.com\/fr\/wp-json\/wp\/v2\/media\/19878"}],"wp:attachment":[{"href":"https:\/\/www.ringier.com\/fr\/wp-json\/wp\/v2\/media?parent=19877"}],"wp:term":[{"taxonomy":"category","embeddable":true,"href":"https:\/\/www.ringier.com\/fr\/wp-json\/wp\/v2\/categories?post=19877"},{"taxonomy":"post_tag","embeddable":true,"href":"https:\/\/www.ringier.com\/fr\/wp-json\/wp\/v2\/tags?post=19877"}],"curies":[{"name":"wp","href":"https:\/\/api.w.org\/{rel}","templated":true}]}}