{"id":1983,"date":"2016-04-18T13:50:00","date_gmt":"2016-04-18T11:50:00","guid":{"rendered":"https:\/\/www.ringier.com\/?p=1983"},"modified":"2025-06-23T11:54:53","modified_gmt":"2025-06-23T09:54:53","slug":"felix-oberholzer-gee-entre-au-conseil-dadministration-de-ringier-sa","status":"publish","type":"post","link":"https:\/\/www.ringier.com\/fr\/felix-oberholzer-gee-entre-au-conseil-dadministration-de-ringier-sa\/","title":{"rendered":"Felix Oberholzer-Gee entre au conseil d\u2019administration de Ringier"},"content":{"rendered":"\n<p>Felix Oberholzer dirige le programme MBA de cette universit\u00e9 pour cadres et enseigne principalement dans des programmes de formation destin\u00e9s aux dirigeants d\u2019entreprises. Il a \u00e9tudi\u00e9 les sciences \u00e9conomiques \u00e0 l\u2019Universit\u00e9 de Zurich, a \u00e9t\u00e9 directeur des commandes de processus dans une entreprise suisse avant d\u2019entamer sa carri\u00e8re universitaire et d\u2019obtenir une premi\u00e8re chaire de professeur \u00e0 la Wharton School de l\u2019Universit\u00e9 de Pennsylvanie. Ses recherches et son enseignement font du professeur Oberholzer un expert des m\u00e9dias et de la num\u00e9risation, qui s\u2019int\u00e9resse \u00e9galement r\u00e9guli\u00e8rement \u00e0 l\u2019\u00e9conomie chinoise et aux r\u00e9sultats des entreprises multinationales en Chine. Il publie dans de nombreuses publications sp\u00e9cialis\u00e9es internationales telles que l\u2019<em>American Economic Review<\/em>, le&nbsp;<em>Journal of Political Economy<\/em>, mais aussi le&nbsp;<em>Financial Times<\/em>, le&nbsp;<em>Guardian<\/em>,&nbsp;<em>Le Figaro<\/em>, le&nbsp;<em>New York Times<\/em>&nbsp;et bien d\u2019autres. En septembre 2012, il a publi\u00e9 \u00e0 Harvard sous le titre \u00abRingier \u2013 Building a Digital-Age Media Company\u00bb une \u00e9tude de cas relative au groupe m\u00e9diatique Ringier o\u00f9 il illustre la mise en place de la r\u00e9daction du groupe&nbsp;<em>Blick<\/em>.<\/p>\n\n\n<div class=\"wp-block-image\">\n<figure class=\"alignleft is-resized\"><img decoding=\"async\" src=\"https:\/\/www.ringier.ch\/sites\/default\/files\/styles\/quote\/public\/images\/michael_ringier_website_links.png?itok=jVVPpRhy\" alt=\"\" style=\"width:179px;height:179px\"\/><\/figure>\n<\/div>\n\n\n<p>\u00abAvec le professeur Felix Oberholzer, notre conseil d\u2019administration accueille en son sein une personnalit\u00e9 qui ne se contente pas de vivre \u00e0 proximit\u00e9 du monde num\u00e9rique, mais qui se trouve en plein c\u0153ur de ce monde.\u00bb<\/p>\n\n\n\n<p>Michael Ringier, \u00e9diteur et pr\u00e9sident du conseil d\u2019administration<\/p>\n\n\n\n<p><\/p>\n\n\n\n<p><\/p>\n\n\n\n<p><\/p>\n\n\n\n<p>Felix Oberholzer sera \u00e9lu au conseil d\u2019administration de Ringier en juin 2016. Il conservera sa charge d\u2019enseignement \u00e0 Harvard.<\/p>\n\n\n\n<p>Ringier, Corporate Communications<\/p>\n\n\n\n<figure class=\"wp-block-image\"><img decoding=\"async\" src=\"https:\/\/www.ringier.ch\/sites\/default\/files\/styles\/full-page\/public\/images\/felix_oberholzer-gee_high_res_0.jpg?itok=oNkRO3BA\" alt=\"Felix Oberholzer-Gee\"\/><\/figure>\n\n\n\n<p><\/p>\n","protected":false},"excerpt":{"rendered":"<p>Felix Oberholzer-Gee (55 ans), professeur de gestion d\u2019entreprise \u00e0 la Harvard Business School de Boston, Massachusetts, entre au conseil d\u2019administration de Ringier. Titulaire d\u2019une chaire dans cette universit\u00e9 am\u00e9ricaine d\u2019\u00e9lite depuis 13 ans, le professeur Oberholzer, de nationalit\u00e9 suisse et originaire de Zoug, est sp\u00e9cialiste de la mutation num\u00e9rique des entreprises modernes.<\/p>\n","protected":false},"author":23,"featured_media":1984,"comment_status":"closed","ping_status":"open","sticky":false,"template":"","format":"standard","meta":{"inline_featured_image":false,"footnotes":""},"categories":[43],"tags":[],"class_list":["post-1983","post","type-post","status-publish","format-standard","has-post-thumbnail","hentry","category-corporate-fr"],"yoast_head":"<!-- This site is optimized with the Yoast SEO Premium plugin v27.0 (Yoast SEO v27.0) - https:\/\/yoast.com\/product\/yoast-seo-premium-wordpress\/ -->\n<title>Felix Oberholzer-Gee entre au conseil d\u2019administration de Ringier - Ringier<\/title>\n<meta name=\"robots\" content=\"index, follow, max-snippet:-1, max-image-preview:large, max-video-preview:-1\" \/>\n<link rel=\"canonical\" href=\"https:\/\/www.ringier.com\/fr\/felix-oberholzer-gee-entre-au-conseil-dadministration-de-ringier-sa\/\" \/>\n<meta property=\"og:locale\" content=\"fr_FR\" \/>\n<meta property=\"og:type\" content=\"article\" \/>\n<meta property=\"og:title\" content=\"Felix Oberholzer-Gee entre au conseil d\u2019administration de Ringier\" \/>\n<meta property=\"og:description\" content=\"Felix Oberholzer-Gee (55 ans), professeur de gestion d\u2019entreprise \u00e0 la Harvard Business School de Boston, Massachusetts, entre au conseil d\u2019administration de Ringier. Titulaire d\u2019une chaire dans cette universit\u00e9 am\u00e9ricaine d\u2019\u00e9lite depuis 13 ans, le professeur Oberholzer, de nationalit\u00e9 suisse et originaire de Zoug, est sp\u00e9cialiste de la mutation num\u00e9rique des entreprises modernes.\" \/>\n<meta property=\"og:url\" content=\"https:\/\/www.ringier.com\/fr\/felix-oberholzer-gee-entre-au-conseil-dadministration-de-ringier-sa\/\" \/>\n<meta property=\"og:site_name\" content=\"Ringier\" \/>\n<meta property=\"article:publisher\" content=\"https:\/\/www.facebook.com\/ringierag\/\" \/>\n<meta property=\"article:published_time\" content=\"2016-04-18T11:50:00+00:00\" \/>\n<meta property=\"article:modified_time\" content=\"2025-06-23T09:54:53+00:00\" \/>\n<meta property=\"og:image\" content=\"https:\/\/www.ringier.com\/wp-content\/uploads\/2021\/08\/ringier_logo_web_4-4.jpg\" \/>\n\t<meta property=\"og:image:width\" content=\"750\" \/>\n\t<meta property=\"og:image:height\" content=\"500\" \/>\n\t<meta property=\"og:image:type\" content=\"image\/jpeg\" \/>\n<meta name=\"author\" content=\"Ringier Corporate Communications\" \/>\n<meta name=\"twitter:card\" content=\"summary_large_image\" \/>\n<meta name=\"twitter:creator\" content=\"@ringier_ag\" \/>\n<meta name=\"twitter:site\" content=\"@ringier_ag\" \/>\n<meta name=\"twitter:label1\" content=\"\u00c9crit par\" \/>\n\t<meta name=\"twitter:data1\" content=\"Ringier Corporate Communications\" \/>\n\t<meta name=\"twitter:label2\" content=\"Dur\u00e9e de lecture estim\u00e9e\" \/>\n\t<meta name=\"twitter:data2\" content=\"2 minutes\" \/>\n<script type=\"application\/ld+json\" class=\"yoast-schema-graph\">{\"@context\":\"https:\/\/schema.org\",\"@graph\":[{\"@type\":\"Article\",\"@id\":\"https:\/\/www.ringier.com\/fr\/felix-oberholzer-gee-entre-au-conseil-dadministration-de-ringier-sa\/#article\",\"isPartOf\":{\"@id\":\"https:\/\/www.ringier.com\/fr\/felix-oberholzer-gee-entre-au-conseil-dadministration-de-ringier-sa\/\"},\"author\":{\"name\":\"Ringier Corporate Communications\",\"@id\":\"https:\/\/www.ringier.com\/fr\/#\/schema\/person\/4cf76a308dc4b2bb5121bd1e7b752e52\"},\"headline\":\"Felix Oberholzer-Gee entre au conseil d\u2019administration de Ringier\",\"datePublished\":\"2016-04-18T11:50:00+00:00\",\"dateModified\":\"2025-06-23T09:54:53+00:00\",\"mainEntityOfPage\":{\"@id\":\"https:\/\/www.ringier.com\/fr\/felix-oberholzer-gee-entre-au-conseil-dadministration-de-ringier-sa\/\"},\"wordCount\":272,\"publisher\":{\"@id\":\"https:\/\/www.ringier.com\/fr\/#organization\"},\"image\":{\"@id\":\"https:\/\/www.ringier.com\/fr\/felix-oberholzer-gee-entre-au-conseil-dadministration-de-ringier-sa\/#primaryimage\"},\"thumbnailUrl\":\"https:\/\/www.ringier.com\/wp-content\/uploads\/2021\/08\/ringier_logo_web_4-4.jpg\",\"articleSection\":[\"Corporate\"],\"inLanguage\":\"fr-FR\"},{\"@type\":\"WebPage\",\"@id\":\"https:\/\/www.ringier.com\/fr\/felix-oberholzer-gee-entre-au-conseil-dadministration-de-ringier-sa\/\",\"url\":\"https:\/\/www.ringier.com\/fr\/felix-oberholzer-gee-entre-au-conseil-dadministration-de-ringier-sa\/\",\"name\":\"Felix Oberholzer-Gee entre au conseil d\u2019administration de Ringier - Ringier\",\"isPartOf\":{\"@id\":\"https:\/\/www.ringier.com\/fr\/#website\"},\"primaryImageOfPage\":{\"@id\":\"https:\/\/www.ringier.com\/fr\/felix-oberholzer-gee-entre-au-conseil-dadministration-de-ringier-sa\/#primaryimage\"},\"image\":{\"@id\":\"https:\/\/www.ringier.com\/fr\/felix-oberholzer-gee-entre-au-conseil-dadministration-de-ringier-sa\/#primaryimage\"},\"thumbnailUrl\":\"https:\/\/www.ringier.com\/wp-content\/uploads\/2021\/08\/ringier_logo_web_4-4.jpg\",\"datePublished\":\"2016-04-18T11:50:00+00:00\",\"dateModified\":\"2025-06-23T09:54:53+00:00\",\"breadcrumb\":{\"@id\":\"https:\/\/www.ringier.com\/fr\/felix-oberholzer-gee-entre-au-conseil-dadministration-de-ringier-sa\/#breadcrumb\"},\"inLanguage\":\"fr-FR\",\"potentialAction\":[{\"@type\":\"ReadAction\",\"target\":[\"https:\/\/www.ringier.com\/fr\/felix-oberholzer-gee-entre-au-conseil-dadministration-de-ringier-sa\/\"]}]},{\"@type\":\"ImageObject\",\"inLanguage\":\"fr-FR\",\"@id\":\"https:\/\/www.ringier.com\/fr\/felix-oberholzer-gee-entre-au-conseil-dadministration-de-ringier-sa\/#primaryimage\",\"url\":\"https:\/\/www.ringier.com\/wp-content\/uploads\/2021\/08\/ringier_logo_web_4-4.jpg\",\"contentUrl\":\"https:\/\/www.ringier.com\/wp-content\/uploads\/2021\/08\/ringier_logo_web_4-4.jpg\",\"width\":750,\"height\":500},{\"@type\":\"BreadcrumbList\",\"@id\":\"https:\/\/www.ringier.com\/fr\/felix-oberholzer-gee-entre-au-conseil-dadministration-de-ringier-sa\/#breadcrumb\",\"itemListElement\":[{\"@type\":\"ListItem\",\"position\":1,\"name\":\"Home\",\"item\":\"https:\/\/www.ringier.com\/fr\/\"},{\"@type\":\"ListItem\",\"position\":2,\"name\":\"Felix Oberholzer-Gee entre au conseil d\u2019administration de Ringier\"}]},{\"@type\":\"WebSite\",\"@id\":\"https:\/\/www.ringier.com\/fr\/#website\",\"url\":\"https:\/\/www.ringier.com\/fr\/\",\"name\":\"Ringier\",\"description\":\"We inform. We entertain. We connect\",\"publisher\":{\"@id\":\"https:\/\/www.ringier.com\/fr\/#organization\"},\"potentialAction\":[{\"@type\":\"SearchAction\",\"target\":{\"@type\":\"EntryPoint\",\"urlTemplate\":\"https:\/\/www.ringier.com\/fr\/?s={search_term_string}\"},\"query-input\":{\"@type\":\"PropertyValueSpecification\",\"valueRequired\":true,\"valueName\":\"search_term_string\"}}],\"inLanguage\":\"fr-FR\"},{\"@type\":\"Organization\",\"@id\":\"https:\/\/www.ringier.com\/fr\/#organization\",\"name\":\"Ringier\",\"url\":\"https:\/\/www.ringier.com\/fr\/\",\"logo\":{\"@type\":\"ImageObject\",\"inLanguage\":\"fr-FR\",\"@id\":\"https:\/\/www.ringier.com\/fr\/#\/schema\/logo\/image\/\",\"url\":\"https:\/\/www.ringier.com\/wp-content\/uploads\/2021\/10\/ringier_logo_2.jpg\",\"contentUrl\":\"https:\/\/www.ringier.com\/wp-content\/uploads\/2021\/10\/ringier_logo_2.jpg\",\"width\":750,\"height\":550,\"caption\":\"Ringier\"},\"image\":{\"@id\":\"https:\/\/www.ringier.com\/fr\/#\/schema\/logo\/image\/\"},\"sameAs\":[\"https:\/\/www.facebook.com\/ringierag\/\",\"https:\/\/x.com\/ringier_ag\",\"https:\/\/www.instagram.com\/ringier_ag\/\",\"https:\/\/www.linkedin.com\/company\/ringier\/\",\"https:\/\/www.youtube.com\/user\/RingierComm\",\"https:\/\/en.wikipedia.org\/wiki\/Ringier\",\"https:\/\/de.wikipedia.org\/wiki\/Ringier\",\"https:\/\/fr.wikipedia.org\/wiki\/Ringier\",\"https:\/\/www.crunchbase.com\/organization\/ringier-ag\"]},{\"@type\":\"Person\",\"@id\":\"https:\/\/www.ringier.com\/fr\/#\/schema\/person\/4cf76a308dc4b2bb5121bd1e7b752e52\",\"name\":\"Ringier Corporate Communications\",\"image\":{\"@type\":\"ImageObject\",\"inLanguage\":\"fr-FR\",\"@id\":\"https:\/\/www.ringier.com\/fr\/#\/schema\/person\/image\/\",\"url\":\"https:\/\/secure.gravatar.com\/avatar\/9391e20481368d5df4fe3e1e476c13b27786347489822ec1ed07e532bb41f587?s=96&d=mm&r=g\",\"contentUrl\":\"https:\/\/secure.gravatar.com\/avatar\/9391e20481368d5df4fe3e1e476c13b27786347489822ec1ed07e532bb41f587?s=96&d=mm&r=g\",\"caption\":\"Ringier Corporate Communications\"},\"sameAs\":[\"https:\/\/www.ringier.com\"]}]}<\/script>\n<!-- \/ Yoast SEO Premium plugin. -->","yoast_head_json":{"title":"Felix Oberholzer-Gee entre au conseil d\u2019administration de Ringier - Ringier","robots":{"index":"index","follow":"follow","max-snippet":"max-snippet:-1","max-image-preview":"max-image-preview:large","max-video-preview":"max-video-preview:-1"},"canonical":"https:\/\/www.ringier.com\/fr\/felix-oberholzer-gee-entre-au-conseil-dadministration-de-ringier-sa\/","og_locale":"fr_FR","og_type":"article","og_title":"Felix Oberholzer-Gee entre au conseil d\u2019administration de Ringier","og_description":"Felix Oberholzer-Gee (55 ans), professeur de gestion d\u2019entreprise \u00e0 la Harvard Business School de Boston, Massachusetts, entre au conseil d\u2019administration de Ringier. Titulaire d\u2019une chaire dans cette universit\u00e9 am\u00e9ricaine d\u2019\u00e9lite depuis 13 ans, le professeur Oberholzer, de nationalit\u00e9 suisse et originaire de Zoug, est sp\u00e9cialiste de la mutation num\u00e9rique des entreprises modernes.","og_url":"https:\/\/www.ringier.com\/fr\/felix-oberholzer-gee-entre-au-conseil-dadministration-de-ringier-sa\/","og_site_name":"Ringier","article_publisher":"https:\/\/www.facebook.com\/ringierag\/","article_published_time":"2016-04-18T11:50:00+00:00","article_modified_time":"2025-06-23T09:54:53+00:00","og_image":[{"width":750,"height":500,"url":"https:\/\/www.ringier.com\/wp-content\/uploads\/2021\/08\/ringier_logo_web_4-4.jpg","type":"image\/jpeg"}],"author":"Ringier Corporate Communications","twitter_card":"summary_large_image","twitter_creator":"@ringier_ag","twitter_site":"@ringier_ag","twitter_misc":{"\u00c9crit par":"Ringier Corporate Communications","Dur\u00e9e de lecture estim\u00e9e":"2 minutes"},"schema":{"@context":"https:\/\/schema.org","@graph":[{"@type":"Article","@id":"https:\/\/www.ringier.com\/fr\/felix-oberholzer-gee-entre-au-conseil-dadministration-de-ringier-sa\/#article","isPartOf":{"@id":"https:\/\/www.ringier.com\/fr\/felix-oberholzer-gee-entre-au-conseil-dadministration-de-ringier-sa\/"},"author":{"name":"Ringier Corporate Communications","@id":"https:\/\/www.ringier.com\/fr\/#\/schema\/person\/4cf76a308dc4b2bb5121bd1e7b752e52"},"headline":"Felix Oberholzer-Gee entre au conseil d\u2019administration de Ringier","datePublished":"2016-04-18T11:50:00+00:00","dateModified":"2025-06-23T09:54:53+00:00","mainEntityOfPage":{"@id":"https:\/\/www.ringier.com\/fr\/felix-oberholzer-gee-entre-au-conseil-dadministration-de-ringier-sa\/"},"wordCount":272,"publisher":{"@id":"https:\/\/www.ringier.com\/fr\/#organization"},"image":{"@id":"https:\/\/www.ringier.com\/fr\/felix-oberholzer-gee-entre-au-conseil-dadministration-de-ringier-sa\/#primaryimage"},"thumbnailUrl":"https:\/\/www.ringier.com\/wp-content\/uploads\/2021\/08\/ringier_logo_web_4-4.jpg","articleSection":["Corporate"],"inLanguage":"fr-FR"},{"@type":"WebPage","@id":"https:\/\/www.ringier.com\/fr\/felix-oberholzer-gee-entre-au-conseil-dadministration-de-ringier-sa\/","url":"https:\/\/www.ringier.com\/fr\/felix-oberholzer-gee-entre-au-conseil-dadministration-de-ringier-sa\/","name":"Felix Oberholzer-Gee entre au conseil d\u2019administration de Ringier - Ringier","isPartOf":{"@id":"https:\/\/www.ringier.com\/fr\/#website"},"primaryImageOfPage":{"@id":"https:\/\/www.ringier.com\/fr\/felix-oberholzer-gee-entre-au-conseil-dadministration-de-ringier-sa\/#primaryimage"},"image":{"@id":"https:\/\/www.ringier.com\/fr\/felix-oberholzer-gee-entre-au-conseil-dadministration-de-ringier-sa\/#primaryimage"},"thumbnailUrl":"https:\/\/www.ringier.com\/wp-content\/uploads\/2021\/08\/ringier_logo_web_4-4.jpg","datePublished":"2016-04-18T11:50:00+00:00","dateModified":"2025-06-23T09:54:53+00:00","breadcrumb":{"@id":"https:\/\/www.ringier.com\/fr\/felix-oberholzer-gee-entre-au-conseil-dadministration-de-ringier-sa\/#breadcrumb"},"inLanguage":"fr-FR","potentialAction":[{"@type":"ReadAction","target":["https:\/\/www.ringier.com\/fr\/felix-oberholzer-gee-entre-au-conseil-dadministration-de-ringier-sa\/"]}]},{"@type":"ImageObject","inLanguage":"fr-FR","@id":"https:\/\/www.ringier.com\/fr\/felix-oberholzer-gee-entre-au-conseil-dadministration-de-ringier-sa\/#primaryimage","url":"https:\/\/www.ringier.com\/wp-content\/uploads\/2021\/08\/ringier_logo_web_4-4.jpg","contentUrl":"https:\/\/www.ringier.com\/wp-content\/uploads\/2021\/08\/ringier_logo_web_4-4.jpg","width":750,"height":500},{"@type":"BreadcrumbList","@id":"https:\/\/www.ringier.com\/fr\/felix-oberholzer-gee-entre-au-conseil-dadministration-de-ringier-sa\/#breadcrumb","itemListElement":[{"@type":"ListItem","position":1,"name":"Home","item":"https:\/\/www.ringier.com\/fr\/"},{"@type":"ListItem","position":2,"name":"Felix Oberholzer-Gee entre au conseil d\u2019administration de Ringier"}]},{"@type":"WebSite","@id":"https:\/\/www.ringier.com\/fr\/#website","url":"https:\/\/www.ringier.com\/fr\/","name":"Ringier","description":"We inform. We entertain. We connect","publisher":{"@id":"https:\/\/www.ringier.com\/fr\/#organization"},"potentialAction":[{"@type":"SearchAction","target":{"@type":"EntryPoint","urlTemplate":"https:\/\/www.ringier.com\/fr\/?s={search_term_string}"},"query-input":{"@type":"PropertyValueSpecification","valueRequired":true,"valueName":"search_term_string"}}],"inLanguage":"fr-FR"},{"@type":"Organization","@id":"https:\/\/www.ringier.com\/fr\/#organization","name":"Ringier","url":"https:\/\/www.ringier.com\/fr\/","logo":{"@type":"ImageObject","inLanguage":"fr-FR","@id":"https:\/\/www.ringier.com\/fr\/#\/schema\/logo\/image\/","url":"https:\/\/www.ringier.com\/wp-content\/uploads\/2021\/10\/ringier_logo_2.jpg","contentUrl":"https:\/\/www.ringier.com\/wp-content\/uploads\/2021\/10\/ringier_logo_2.jpg","width":750,"height":550,"caption":"Ringier"},"image":{"@id":"https:\/\/www.ringier.com\/fr\/#\/schema\/logo\/image\/"},"sameAs":["https:\/\/www.facebook.com\/ringierag\/","https:\/\/x.com\/ringier_ag","https:\/\/www.instagram.com\/ringier_ag\/","https:\/\/www.linkedin.com\/company\/ringier\/","https:\/\/www.youtube.com\/user\/RingierComm","https:\/\/en.wikipedia.org\/wiki\/Ringier","https:\/\/de.wikipedia.org\/wiki\/Ringier","https:\/\/fr.wikipedia.org\/wiki\/Ringier","https:\/\/www.crunchbase.com\/organization\/ringier-ag"]},{"@type":"Person","@id":"https:\/\/www.ringier.com\/fr\/#\/schema\/person\/4cf76a308dc4b2bb5121bd1e7b752e52","name":"Ringier Corporate Communications","image":{"@type":"ImageObject","inLanguage":"fr-FR","@id":"https:\/\/www.ringier.com\/fr\/#\/schema\/person\/image\/","url":"https:\/\/secure.gravatar.com\/avatar\/9391e20481368d5df4fe3e1e476c13b27786347489822ec1ed07e532bb41f587?s=96&d=mm&r=g","contentUrl":"https:\/\/secure.gravatar.com\/avatar\/9391e20481368d5df4fe3e1e476c13b27786347489822ec1ed07e532bb41f587?s=96&d=mm&r=g","caption":"Ringier Corporate Communications"},"sameAs":["https:\/\/www.ringier.com"]}]}},"_links":{"self":[{"href":"https:\/\/www.ringier.com\/fr\/wp-json\/wp\/v2\/posts\/1983","targetHints":{"allow":["GET"]}}],"collection":[{"href":"https:\/\/www.ringier.com\/fr\/wp-json\/wp\/v2\/posts"}],"about":[{"href":"https:\/\/www.ringier.com\/fr\/wp-json\/wp\/v2\/types\/post"}],"author":[{"embeddable":true,"href":"https:\/\/www.ringier.com\/fr\/wp-json\/wp\/v2\/users\/23"}],"replies":[{"embeddable":true,"href":"https:\/\/www.ringier.com\/fr\/wp-json\/wp\/v2\/comments?post=1983"}],"version-history":[{"count":0,"href":"https:\/\/www.ringier.com\/fr\/wp-json\/wp\/v2\/posts\/1983\/revisions"}],"wp:featuredmedia":[{"embeddable":true,"href":"https:\/\/www.ringier.com\/fr\/wp-json\/wp\/v2\/media\/1984"}],"wp:attachment":[{"href":"https:\/\/www.ringier.com\/fr\/wp-json\/wp\/v2\/media?parent=1983"}],"wp:term":[{"taxonomy":"category","embeddable":true,"href":"https:\/\/www.ringier.com\/fr\/wp-json\/wp\/v2\/categories?post=1983"},{"taxonomy":"post_tag","embeddable":true,"href":"https:\/\/www.ringier.com\/fr\/wp-json\/wp\/v2\/tags?post=1983"}],"curies":[{"name":"wp","href":"https:\/\/api.w.org\/{rel}","templated":true}]}}