{"id":19740,"date":"2024-08-26T12:00:00","date_gmt":"2024-08-26T10:00:00","guid":{"rendered":"https:\/\/www.ringier.com\/?p=19740"},"modified":"2024-08-22T11:32:58","modified_gmt":"2024-08-22T09:32:58","slug":"merveilleusement-renove-le-mandarin-oriental-savoy-zurich-est-lhotel-de-lannee-2025-du-gaultmillau","status":"publish","type":"post","link":"https:\/\/www.ringier.com\/fr\/merveilleusement-renove-le-mandarin-oriental-savoy-zurich-est-lhotel-de-lannee-2025-du-gaultmillau\/","title":{"rendered":"Merveilleusement r\u00e9nov\u00e9, le Mandarin Oriental Savoy, Zurich est \u00abL\u2019H\u00f4tel de l&rsquo;ann\u00e9e\u00bb 2025 du GaultMillau!"},"content":{"rendered":"\n<p>\u00c0 No\u00ebl 1838, Johannes Baur, un jeune boulanger originaire du Vorarlberg, inaugura l&rsquo;H\u00f4tel Baur sur la prestigieuse Paradeplatz de Zurich. \u00c0 l&rsquo;\u00e9poque, il \u00e9crivait: \u00abJ&rsquo;ai l&rsquo;honneur d&rsquo;inviter tous les voyageurs, suisses et \u00e9trangers, \u00e0 s\u00e9journer dans mon h\u00f4tel, en leur garantissant un service irr\u00e9prochable des plus \u00e9l\u00e9gants.\u00bb En d\u00e9cembre 2023, le \u00abSavoy\u00bb rena\u00eet de ses cendres. Propri\u00e9t\u00e9 de l&rsquo;UBS et exploit\u00e9 par le Mandarin Oriental, cet \u00e9tablissement perp\u00e9tue la promesse faite en 1838: offrir un service d&rsquo;excellence. Les 80 chambres et suites, con\u00e7ues par l&rsquo;architecte d&rsquo;int\u00e9rieur parisien Tristan Auer, marient \u00e9l\u00e9gance contemporaine et raffinement. Certaines sont dot\u00e9es de balcons ou de terrasses spacieuses. La pi\u00e8ce ma\u00eetresse est sans conteste la \u00abSuite Pr\u00e9sidentielle\u00bb (200 m\u00b2), o\u00f9 le luxe moderne s&rsquo;allie au charme historique.<\/p>\n\n\n\n<p><strong>\u00abOrsini\u00bb: Antonio Guida et ses Ragazzi<br><\/strong>Le Mandarin Oriental ne laisse rien au hasard pour cette r\u00e9ouverture prestigieuse. Apr\u00e8s Munich, Dominik G. Reiner est d\u00e9sormais le directeur g\u00e9n\u00e9ral \u00e0 Zurich: \u00abC&rsquo;est un honneur pour moi de diriger le plus ancien grand h\u00f4tel de Zurich.\u00bb Le menu du restaurant phare Orsini est sign\u00e9 par Antonio Guida, chef deux \u00e9toiles au \u00abMandarin Oriental\u00bb de Milan. Le chef a envoy\u00e9 son meilleur homme en Suisse: Dario Moresco. La cuisine italienne raffin\u00e9e est propos\u00e9e \u00e0 un niveau rarement atteint en Suisse. Urs Heller, chef du GaultMillau: \u00abPour \u00eatre nomm\u00e9 \u00abH\u00f4tel de l&rsquo;ann\u00e9e\u00bb, il faut aussi nous convaincre \u00e0 travers la cuisine. Dario Moresco et son sous-chef Gianmarco D&rsquo;Alonzo le font brillamment, d\u00e9butant leur carri\u00e8re suisse avec 16\/20\u00bb Points forts: Coquille Saint-Jacques norv\u00e9gienne sur une cr\u00e8me de mozzarella di Bufala avec caviar et sauce aux hu\u00eetres. Bottoni farcis au li\u00e8vre sauvage, cailles Mi\u00e9ral de la Bresse. Le plat signature d&rsquo;Antonio Guida est \u00e9galement au rendez-vous: \u00abRisotto con lamponi\u00bb (framboises, sauge, cr\u00e8me aux herbes).<\/p>\n\n\n\n<p><strong>Rendez-vous \u00e0 la \u00abBrasserie Savoy\u00bb<br><\/strong>Quel est le meilleur compl\u00e9ment \u00e0 l&rsquo;ambitieux restaurant italien Orsini? La Brasserie &amp; Bar Savoy, qui dispose d\u2019une magnifique terrasse. Le chef ex\u00e9cutif Benjamin Halat, venu tout droit du c\u00e9l\u00e8bre \u00abMandarin Oriental\u00bb de Bangkok, signe ici le menu. Il a pourvu les postes cl\u00e9s de la cuisine avec excellence, s&rsquo;approvisionnant aupr\u00e8s des meilleurs producteurs et rendant \u00e9galement hommage au savoir-faire local: m\u00eame un \u00ab\u00c9minc\u00e9 zurichois\u00bb figure \u00e0 la carte. Le succ\u00e8s lui donne raison: la Brasserie Savoy a \u00e9t\u00e9 tr\u00e8s fr\u00e9quent\u00e9e d\u00e8s le premier jour. Le GaultMillau lui a d\u00e9cern\u00e9 15 points.<\/p>\n\n\n\n<p><strong>\u00ab1838\u00bb: cocktails et snacks asiatiques au bar sur le toit<br><\/strong>Un bar sur le toit fait partie de la tradition du \u00abSavoy\u00bb. D\u00e8s 1838, Johannes Baur accueillait ses invit\u00e9s dans le \u00abBelv\u00e9d\u00e8re\u00bb, l&rsquo;un des premiers rooftop-bars du monde. Aujourd&rsquo;hui, le bar \u00e9l\u00e9gant du septi\u00e8me \u00e9tage s&rsquo;appelle \u00ab1838\u00bb. La vue sur la ville et le lac est magique, et l&rsquo;offre est tentante: cocktails, mocktails, sak\u00e9, ros\u00e9 en magnum. \u00c0 cela s&rsquo;ajoutent des snacks d&rsquo;inspiration asiatique \u00e0 partager et \u00e0 d\u00e9guster: ceviche tha\u00ef, \u00abKFC\u00bb (poulet frit \u00e0 la cor\u00e9enne), salade Som-Tam. La terrasse sur le toit est petite et raffin\u00e9e: elle ne peut accueillir que 50 invit\u00e9s. Un endroit magique.<\/p>\n\n\n\n<figure class=\"wp-block-gallery has-nested-images columns-default is-cropped wp-block-gallery-1 is-layout-flex wp-block-gallery-is-layout-flex\">\n<figure class=\"wp-block-image size-large\"><img loading=\"lazy\" decoding=\"async\" width=\"1024\" height=\"561\" data-id=\"19744\" src=\"https:\/\/www.ringier.com\/wp-content\/uploads\/2024\/08\/Screenshot-2024-08-22-111717-1024x561.png\" alt=\"\" class=\"wp-image-19744\" srcset=\"https:\/\/www.ringier.com\/wp-content\/uploads\/2024\/08\/Screenshot-2024-08-22-111717-1024x561.png 1024w, https:\/\/www.ringier.com\/wp-content\/uploads\/2024\/08\/Screenshot-2024-08-22-111717-300x164.png 300w, https:\/\/www.ringier.com\/wp-content\/uploads\/2024\/08\/Screenshot-2024-08-22-111717-768x421.png 768w, https:\/\/www.ringier.com\/wp-content\/uploads\/2024\/08\/Screenshot-2024-08-22-111717-50x27.png 50w, https:\/\/www.ringier.com\/wp-content\/uploads\/2024\/08\/Screenshot-2024-08-22-111717-1600x877.png 1600w, https:\/\/www.ringier.com\/wp-content\/uploads\/2024\/08\/Screenshot-2024-08-22-111717-1536x842.png 1536w, https:\/\/www.ringier.com\/wp-content\/uploads\/2024\/08\/Screenshot-2024-08-22-111717-332x182.png 332w, https:\/\/www.ringier.com\/wp-content\/uploads\/2024\/08\/Screenshot-2024-08-22-111717-137x75.png 137w, https:\/\/www.ringier.com\/wp-content\/uploads\/2024\/08\/Screenshot-2024-08-22-111717.png 1777w\" sizes=\"auto, (max-width: 1024px) 100vw, 1024px\" \/><\/figure>\n\n\n\n<figure class=\"wp-block-image size-large\"><img loading=\"lazy\" decoding=\"async\" width=\"1024\" height=\"689\" data-id=\"19747\" src=\"https:\/\/www.ringier.com\/wp-content\/uploads\/2024\/08\/zurich_outside_night-1-1024x689.jpg\" alt=\"\" class=\"wp-image-19747\" srcset=\"https:\/\/www.ringier.com\/wp-content\/uploads\/2024\/08\/zurich_outside_night-1-1024x689.jpg 1024w, https:\/\/www.ringier.com\/wp-content\/uploads\/2024\/08\/zurich_outside_night-1-300x202.jpg 300w, https:\/\/www.ringier.com\/wp-content\/uploads\/2024\/08\/zurich_outside_night-1-768x517.jpg 768w, https:\/\/www.ringier.com\/wp-content\/uploads\/2024\/08\/zurich_outside_night-1-50x34.jpg 50w, https:\/\/www.ringier.com\/wp-content\/uploads\/2024\/08\/zurich_outside_night-1-1600x1077.jpg 1600w, https:\/\/www.ringier.com\/wp-content\/uploads\/2024\/08\/zurich_outside_night-1-1536x1034.jpg 1536w, https:\/\/www.ringier.com\/wp-content\/uploads\/2024\/08\/zurich_outside_night-1-2048x1379.jpg 2048w, https:\/\/www.ringier.com\/wp-content\/uploads\/2024\/08\/zurich_outside_night-1-270x182.jpg 270w, https:\/\/www.ringier.com\/wp-content\/uploads\/2024\/08\/zurich_outside_night-1-137x92.jpg 137w\" sizes=\"auto, (max-width: 1024px) 100vw, 1024px\" \/><\/figure>\n<\/figure>\n\n\n\n<div style=\"height:67px\" aria-hidden=\"true\" class=\"wp-block-spacer\"><\/div>\n\n\n\n<hr class=\"wp-block-separator has-alpha-channel-opacity\"\/>\n\n\n\n<p class=\"has-small-font-size\"><strong>Le communiqu\u00e9 de presse ainsi que des photos sont disponibles ici:<br><\/strong><a href=\"http:\/\/www.gaultmillau.ch\/fr\/les-news\/hoteldelannee2025\">www.gaultmillau.ch\/fr\/les-news\/hoteldelannee2025<\/a><\/p>\n\n\n\n<p class=\"has-small-font-size\"><strong>Informations<\/strong><br>Ringier AG, GaultMillau, T\u00e9l\u00e9phone: +41 58 269 26 10, info@gaultmillau.ch<\/p>\n\n\n\n<p class=\"has-small-font-size\"><strong>\u00c0 propos de GaultMillau<br><\/strong>O\u00f9 se trouvent les meilleurs restaurants de Suisse? Qui sont les cuisiniers les plus cr\u00e9atifs? Le Guide GaultMillau Suisse est sans conteste le guide gastronomique le plus important du pays. 880 tables y sont \u00e9valu\u00e9es et d\u00e9crites en d\u00e9tail. Les meilleurs chefs du pays y sont mis en \u00e9vidence. R\u00e9f\u00e9rence pour tout ce qui touche \u00e0 la gastronomie, le guide est cit\u00e9 r\u00e9guli\u00e8rement dans tous les m\u00e9dias.<\/p>\n\n\n\n<p class=\"has-small-font-size\">Mais GaultMillau, ce n&rsquo;est pas qu&rsquo;un guide, c&rsquo;est aussi un m\u00e9dia en ligne. Sur gaultmillau.ch sont publi\u00e9es chaque jour des vid\u00e9os de recettes, souvent des meilleurs cuisiniers de Suisse. On y trouve aussi des interviews passionnantes des chefs et toute l&rsquo;actualit\u00e9 de la sc\u00e8ne gastronomique helv\u00e9tique. Sans oublier les critiques des meilleures tables du pays et la s\u00e9lection GaultMillau POP, qui recommande 254 bistrots, brasseries, bars et caf\u00e9s branch\u00e9s. Bref, un tr\u00e9sor d&rsquo;informations, d&rsquo;adresses, de recommandations pour une communaut\u00e9 fid\u00e8le, qui ne cesse de s&rsquo;agrandir.<\/p>\n","protected":false},"excerpt":{"rendered":"<p>Apr\u00e8s une r\u00e9novation qui a co\u00fbt\u00e9 80 millions de francs, l&rsquo;h\u00f4tel Savoy de Zurich a rouvert ses portes. Le plus ancien h\u00f4tel 5 \u00e9toiles de la ville, g\u00e9r\u00e9 par le groupe Mandarin Oriental, avec ses 44 chambres, ses 36 suites, son rooftop bar unique et ses deux restaurants enthousiasmants vient d&rsquo;\u00eatre distingu\u00e9 \u00abH\u00f4tel de l&rsquo;ann\u00e9e\u00bb 2025 par le guide GaultMillau.<\/p>\n","protected":false},"author":23,"featured_media":19738,"comment_status":"closed","ping_status":"open","sticky":false,"template":"","format":"standard","meta":{"inline_featured_image":false,"footnotes":""},"categories":[370,363],"tags":[],"class_list":["post-19740","post","type-post","status-publish","format-standard","has-post-thumbnail","hentry","category-media-fr","category-ringier-medias-suisse"],"yoast_head":"<!-- This site is optimized with the Yoast SEO Premium plugin v27.0 (Yoast SEO v27.0) - https:\/\/yoast.com\/product\/yoast-seo-premium-wordpress\/ -->\n<title>Merveilleusement r\u00e9nov\u00e9, le Mandarin Oriental Savoy, Zurich est \u00abL\u2019H\u00f4tel de l&#039;ann\u00e9e\u00bb 2025 du GaultMillau! - Ringier<\/title>\n<meta name=\"robots\" content=\"index, follow, max-snippet:-1, max-image-preview:large, max-video-preview:-1\" \/>\n<link rel=\"canonical\" href=\"https:\/\/www.ringier.com\/fr\/merveilleusement-renove-le-mandarin-oriental-savoy-zurich-est-lhotel-de-lannee-2025-du-gaultmillau\/\" \/>\n<meta property=\"og:locale\" content=\"fr_FR\" \/>\n<meta property=\"og:type\" content=\"article\" \/>\n<meta property=\"og:title\" content=\"Merveilleusement r\u00e9nov\u00e9, le Mandarin Oriental Savoy, Zurich est \u00abL\u2019H\u00f4tel de l&#039;ann\u00e9e\u00bb 2025 du GaultMillau!\" \/>\n<meta property=\"og:description\" content=\"Apr\u00e8s une r\u00e9novation qui a co\u00fbt\u00e9 80 millions de francs, l&#039;h\u00f4tel Savoy de Zurich a rouvert ses portes. Le plus ancien h\u00f4tel 5 \u00e9toiles de la ville, g\u00e9r\u00e9 par le groupe Mandarin Oriental, avec ses 44 chambres, ses 36 suites, son rooftop bar unique et ses deux restaurants enthousiasmants vient d&#039;\u00eatre distingu\u00e9 \u00abH\u00f4tel de l&#039;ann\u00e9e\u00bb 2025 par le guide GaultMillau.\" \/>\n<meta property=\"og:url\" content=\"https:\/\/www.ringier.com\/fr\/merveilleusement-renove-le-mandarin-oriental-savoy-zurich-est-lhotel-de-lannee-2025-du-gaultmillau\/\" \/>\n<meta property=\"og:site_name\" content=\"Ringier\" \/>\n<meta property=\"article:publisher\" content=\"https:\/\/www.facebook.com\/ringierag\/\" \/>\n<meta property=\"article:published_time\" content=\"2024-08-26T10:00:00+00:00\" \/>\n<meta property=\"og:image\" content=\"https:\/\/www.ringier.com\/wp-content\/uploads\/2024\/08\/zurich_outside_night-scaled.jpg\" \/>\n\t<meta property=\"og:image:width\" content=\"2560\" \/>\n\t<meta property=\"og:image:height\" content=\"1724\" \/>\n\t<meta property=\"og:image:type\" content=\"image\/jpeg\" \/>\n<meta name=\"author\" content=\"Ringier Corporate Communications\" \/>\n<meta name=\"twitter:card\" content=\"summary_large_image\" \/>\n<meta name=\"twitter:creator\" content=\"@ringier_ag\" \/>\n<meta name=\"twitter:site\" content=\"@ringier_ag\" \/>\n<meta name=\"twitter:label1\" content=\"\u00c9crit par\" \/>\n\t<meta name=\"twitter:data1\" content=\"Ringier Corporate Communications\" \/>\n\t<meta name=\"twitter:label2\" content=\"Dur\u00e9e de lecture estim\u00e9e\" \/>\n\t<meta name=\"twitter:data2\" content=\"5 minutes\" \/>\n<script type=\"application\/ld+json\" class=\"yoast-schema-graph\">{\"@context\":\"https:\/\/schema.org\",\"@graph\":[{\"@type\":\"Article\",\"@id\":\"https:\/\/www.ringier.com\/fr\/merveilleusement-renove-le-mandarin-oriental-savoy-zurich-est-lhotel-de-lannee-2025-du-gaultmillau\/#article\",\"isPartOf\":{\"@id\":\"https:\/\/www.ringier.com\/fr\/merveilleusement-renove-le-mandarin-oriental-savoy-zurich-est-lhotel-de-lannee-2025-du-gaultmillau\/\"},\"author\":{\"name\":\"Ringier Corporate Communications\",\"@id\":\"https:\/\/www.ringier.com\/fr\/#\/schema\/person\/4cf76a308dc4b2bb5121bd1e7b752e52\"},\"headline\":\"Merveilleusement r\u00e9nov\u00e9, le Mandarin Oriental Savoy, Zurich est \u00abL\u2019H\u00f4tel de l&rsquo;ann\u00e9e\u00bb 2025 du GaultMillau!\",\"datePublished\":\"2024-08-26T10:00:00+00:00\",\"mainEntityOfPage\":{\"@id\":\"https:\/\/www.ringier.com\/fr\/merveilleusement-renove-le-mandarin-oriental-savoy-zurich-est-lhotel-de-lannee-2025-du-gaultmillau\/\"},\"wordCount\":776,\"publisher\":{\"@id\":\"https:\/\/www.ringier.com\/fr\/#organization\"},\"image\":{\"@id\":\"https:\/\/www.ringier.com\/fr\/merveilleusement-renove-le-mandarin-oriental-savoy-zurich-est-lhotel-de-lannee-2025-du-gaultmillau\/#primaryimage\"},\"thumbnailUrl\":\"https:\/\/www.ringier.com\/wp-content\/uploads\/2024\/08\/zurich_outside_night-scaled.jpg\",\"articleSection\":[\"Media\",\"Ringier Medias Suisse\"],\"inLanguage\":\"fr-FR\"},{\"@type\":\"WebPage\",\"@id\":\"https:\/\/www.ringier.com\/fr\/merveilleusement-renove-le-mandarin-oriental-savoy-zurich-est-lhotel-de-lannee-2025-du-gaultmillau\/\",\"url\":\"https:\/\/www.ringier.com\/fr\/merveilleusement-renove-le-mandarin-oriental-savoy-zurich-est-lhotel-de-lannee-2025-du-gaultmillau\/\",\"name\":\"Merveilleusement r\u00e9nov\u00e9, le Mandarin Oriental Savoy, Zurich est \u00abL\u2019H\u00f4tel de l'ann\u00e9e\u00bb 2025 du GaultMillau! - Ringier\",\"isPartOf\":{\"@id\":\"https:\/\/www.ringier.com\/fr\/#website\"},\"primaryImageOfPage\":{\"@id\":\"https:\/\/www.ringier.com\/fr\/merveilleusement-renove-le-mandarin-oriental-savoy-zurich-est-lhotel-de-lannee-2025-du-gaultmillau\/#primaryimage\"},\"image\":{\"@id\":\"https:\/\/www.ringier.com\/fr\/merveilleusement-renove-le-mandarin-oriental-savoy-zurich-est-lhotel-de-lannee-2025-du-gaultmillau\/#primaryimage\"},\"thumbnailUrl\":\"https:\/\/www.ringier.com\/wp-content\/uploads\/2024\/08\/zurich_outside_night-scaled.jpg\",\"datePublished\":\"2024-08-26T10:00:00+00:00\",\"breadcrumb\":{\"@id\":\"https:\/\/www.ringier.com\/fr\/merveilleusement-renove-le-mandarin-oriental-savoy-zurich-est-lhotel-de-lannee-2025-du-gaultmillau\/#breadcrumb\"},\"inLanguage\":\"fr-FR\",\"potentialAction\":[{\"@type\":\"ReadAction\",\"target\":[\"https:\/\/www.ringier.com\/fr\/merveilleusement-renove-le-mandarin-oriental-savoy-zurich-est-lhotel-de-lannee-2025-du-gaultmillau\/\"]}]},{\"@type\":\"ImageObject\",\"inLanguage\":\"fr-FR\",\"@id\":\"https:\/\/www.ringier.com\/fr\/merveilleusement-renove-le-mandarin-oriental-savoy-zurich-est-lhotel-de-lannee-2025-du-gaultmillau\/#primaryimage\",\"url\":\"https:\/\/www.ringier.com\/wp-content\/uploads\/2024\/08\/zurich_outside_night-scaled.jpg\",\"contentUrl\":\"https:\/\/www.ringier.com\/wp-content\/uploads\/2024\/08\/zurich_outside_night-scaled.jpg\",\"width\":2560,\"height\":1724},{\"@type\":\"BreadcrumbList\",\"@id\":\"https:\/\/www.ringier.com\/fr\/merveilleusement-renove-le-mandarin-oriental-savoy-zurich-est-lhotel-de-lannee-2025-du-gaultmillau\/#breadcrumb\",\"itemListElement\":[{\"@type\":\"ListItem\",\"position\":1,\"name\":\"Home\",\"item\":\"https:\/\/www.ringier.com\/fr\/\"},{\"@type\":\"ListItem\",\"position\":2,\"name\":\"Merveilleusement r\u00e9nov\u00e9, le Mandarin Oriental Savoy, Zurich est \u00abL\u2019H\u00f4tel de l&#8217;ann\u00e9e\u00bb 2025 du GaultMillau!\"}]},{\"@type\":\"WebSite\",\"@id\":\"https:\/\/www.ringier.com\/fr\/#website\",\"url\":\"https:\/\/www.ringier.com\/fr\/\",\"name\":\"Ringier\",\"description\":\"We inform. We entertain. We connect\",\"publisher\":{\"@id\":\"https:\/\/www.ringier.com\/fr\/#organization\"},\"potentialAction\":[{\"@type\":\"SearchAction\",\"target\":{\"@type\":\"EntryPoint\",\"urlTemplate\":\"https:\/\/www.ringier.com\/fr\/?s={search_term_string}\"},\"query-input\":{\"@type\":\"PropertyValueSpecification\",\"valueRequired\":true,\"valueName\":\"search_term_string\"}}],\"inLanguage\":\"fr-FR\"},{\"@type\":\"Organization\",\"@id\":\"https:\/\/www.ringier.com\/fr\/#organization\",\"name\":\"Ringier\",\"url\":\"https:\/\/www.ringier.com\/fr\/\",\"logo\":{\"@type\":\"ImageObject\",\"inLanguage\":\"fr-FR\",\"@id\":\"https:\/\/www.ringier.com\/fr\/#\/schema\/logo\/image\/\",\"url\":\"https:\/\/www.ringier.com\/wp-content\/uploads\/2021\/10\/ringier_logo_2.jpg\",\"contentUrl\":\"https:\/\/www.ringier.com\/wp-content\/uploads\/2021\/10\/ringier_logo_2.jpg\",\"width\":750,\"height\":550,\"caption\":\"Ringier\"},\"image\":{\"@id\":\"https:\/\/www.ringier.com\/fr\/#\/schema\/logo\/image\/\"},\"sameAs\":[\"https:\/\/www.facebook.com\/ringierag\/\",\"https:\/\/x.com\/ringier_ag\",\"https:\/\/www.instagram.com\/ringier_ag\/\",\"https:\/\/www.linkedin.com\/company\/ringier\/\",\"https:\/\/www.youtube.com\/user\/RingierComm\",\"https:\/\/en.wikipedia.org\/wiki\/Ringier\",\"https:\/\/de.wikipedia.org\/wiki\/Ringier\",\"https:\/\/fr.wikipedia.org\/wiki\/Ringier\",\"https:\/\/www.crunchbase.com\/organization\/ringier-ag\"]},{\"@type\":\"Person\",\"@id\":\"https:\/\/www.ringier.com\/fr\/#\/schema\/person\/4cf76a308dc4b2bb5121bd1e7b752e52\",\"name\":\"Ringier Corporate Communications\",\"image\":{\"@type\":\"ImageObject\",\"inLanguage\":\"fr-FR\",\"@id\":\"https:\/\/www.ringier.com\/fr\/#\/schema\/person\/image\/\",\"url\":\"https:\/\/secure.gravatar.com\/avatar\/9391e20481368d5df4fe3e1e476c13b27786347489822ec1ed07e532bb41f587?s=96&d=mm&r=g\",\"contentUrl\":\"https:\/\/secure.gravatar.com\/avatar\/9391e20481368d5df4fe3e1e476c13b27786347489822ec1ed07e532bb41f587?s=96&d=mm&r=g\",\"caption\":\"Ringier Corporate Communications\"},\"sameAs\":[\"https:\/\/www.ringier.com\"]}]}<\/script>\n<!-- \/ Yoast SEO Premium plugin. -->","yoast_head_json":{"title":"Merveilleusement r\u00e9nov\u00e9, le Mandarin Oriental Savoy, Zurich est \u00abL\u2019H\u00f4tel de l'ann\u00e9e\u00bb 2025 du GaultMillau! - Ringier","robots":{"index":"index","follow":"follow","max-snippet":"max-snippet:-1","max-image-preview":"max-image-preview:large","max-video-preview":"max-video-preview:-1"},"canonical":"https:\/\/www.ringier.com\/fr\/merveilleusement-renove-le-mandarin-oriental-savoy-zurich-est-lhotel-de-lannee-2025-du-gaultmillau\/","og_locale":"fr_FR","og_type":"article","og_title":"Merveilleusement r\u00e9nov\u00e9, le Mandarin Oriental Savoy, Zurich est \u00abL\u2019H\u00f4tel de l'ann\u00e9e\u00bb 2025 du GaultMillau!","og_description":"Apr\u00e8s une r\u00e9novation qui a co\u00fbt\u00e9 80 millions de francs, l'h\u00f4tel Savoy de Zurich a rouvert ses portes. Le plus ancien h\u00f4tel 5 \u00e9toiles de la ville, g\u00e9r\u00e9 par le groupe Mandarin Oriental, avec ses 44 chambres, ses 36 suites, son rooftop bar unique et ses deux restaurants enthousiasmants vient d'\u00eatre distingu\u00e9 \u00abH\u00f4tel de l'ann\u00e9e\u00bb 2025 par le guide GaultMillau.","og_url":"https:\/\/www.ringier.com\/fr\/merveilleusement-renove-le-mandarin-oriental-savoy-zurich-est-lhotel-de-lannee-2025-du-gaultmillau\/","og_site_name":"Ringier","article_publisher":"https:\/\/www.facebook.com\/ringierag\/","article_published_time":"2024-08-26T10:00:00+00:00","og_image":[{"width":2560,"height":1724,"url":"https:\/\/www.ringier.com\/wp-content\/uploads\/2024\/08\/zurich_outside_night-scaled.jpg","type":"image\/jpeg"}],"author":"Ringier Corporate Communications","twitter_card":"summary_large_image","twitter_creator":"@ringier_ag","twitter_site":"@ringier_ag","twitter_misc":{"\u00c9crit par":"Ringier Corporate Communications","Dur\u00e9e de lecture estim\u00e9e":"5 minutes"},"schema":{"@context":"https:\/\/schema.org","@graph":[{"@type":"Article","@id":"https:\/\/www.ringier.com\/fr\/merveilleusement-renove-le-mandarin-oriental-savoy-zurich-est-lhotel-de-lannee-2025-du-gaultmillau\/#article","isPartOf":{"@id":"https:\/\/www.ringier.com\/fr\/merveilleusement-renove-le-mandarin-oriental-savoy-zurich-est-lhotel-de-lannee-2025-du-gaultmillau\/"},"author":{"name":"Ringier Corporate Communications","@id":"https:\/\/www.ringier.com\/fr\/#\/schema\/person\/4cf76a308dc4b2bb5121bd1e7b752e52"},"headline":"Merveilleusement r\u00e9nov\u00e9, le Mandarin Oriental Savoy, Zurich est \u00abL\u2019H\u00f4tel de l&rsquo;ann\u00e9e\u00bb 2025 du GaultMillau!","datePublished":"2024-08-26T10:00:00+00:00","mainEntityOfPage":{"@id":"https:\/\/www.ringier.com\/fr\/merveilleusement-renove-le-mandarin-oriental-savoy-zurich-est-lhotel-de-lannee-2025-du-gaultmillau\/"},"wordCount":776,"publisher":{"@id":"https:\/\/www.ringier.com\/fr\/#organization"},"image":{"@id":"https:\/\/www.ringier.com\/fr\/merveilleusement-renove-le-mandarin-oriental-savoy-zurich-est-lhotel-de-lannee-2025-du-gaultmillau\/#primaryimage"},"thumbnailUrl":"https:\/\/www.ringier.com\/wp-content\/uploads\/2024\/08\/zurich_outside_night-scaled.jpg","articleSection":["Media","Ringier Medias Suisse"],"inLanguage":"fr-FR"},{"@type":"WebPage","@id":"https:\/\/www.ringier.com\/fr\/merveilleusement-renove-le-mandarin-oriental-savoy-zurich-est-lhotel-de-lannee-2025-du-gaultmillau\/","url":"https:\/\/www.ringier.com\/fr\/merveilleusement-renove-le-mandarin-oriental-savoy-zurich-est-lhotel-de-lannee-2025-du-gaultmillau\/","name":"Merveilleusement r\u00e9nov\u00e9, le Mandarin Oriental Savoy, Zurich est \u00abL\u2019H\u00f4tel de l'ann\u00e9e\u00bb 2025 du GaultMillau! - Ringier","isPartOf":{"@id":"https:\/\/www.ringier.com\/fr\/#website"},"primaryImageOfPage":{"@id":"https:\/\/www.ringier.com\/fr\/merveilleusement-renove-le-mandarin-oriental-savoy-zurich-est-lhotel-de-lannee-2025-du-gaultmillau\/#primaryimage"},"image":{"@id":"https:\/\/www.ringier.com\/fr\/merveilleusement-renove-le-mandarin-oriental-savoy-zurich-est-lhotel-de-lannee-2025-du-gaultmillau\/#primaryimage"},"thumbnailUrl":"https:\/\/www.ringier.com\/wp-content\/uploads\/2024\/08\/zurich_outside_night-scaled.jpg","datePublished":"2024-08-26T10:00:00+00:00","breadcrumb":{"@id":"https:\/\/www.ringier.com\/fr\/merveilleusement-renove-le-mandarin-oriental-savoy-zurich-est-lhotel-de-lannee-2025-du-gaultmillau\/#breadcrumb"},"inLanguage":"fr-FR","potentialAction":[{"@type":"ReadAction","target":["https:\/\/www.ringier.com\/fr\/merveilleusement-renove-le-mandarin-oriental-savoy-zurich-est-lhotel-de-lannee-2025-du-gaultmillau\/"]}]},{"@type":"ImageObject","inLanguage":"fr-FR","@id":"https:\/\/www.ringier.com\/fr\/merveilleusement-renove-le-mandarin-oriental-savoy-zurich-est-lhotel-de-lannee-2025-du-gaultmillau\/#primaryimage","url":"https:\/\/www.ringier.com\/wp-content\/uploads\/2024\/08\/zurich_outside_night-scaled.jpg","contentUrl":"https:\/\/www.ringier.com\/wp-content\/uploads\/2024\/08\/zurich_outside_night-scaled.jpg","width":2560,"height":1724},{"@type":"BreadcrumbList","@id":"https:\/\/www.ringier.com\/fr\/merveilleusement-renove-le-mandarin-oriental-savoy-zurich-est-lhotel-de-lannee-2025-du-gaultmillau\/#breadcrumb","itemListElement":[{"@type":"ListItem","position":1,"name":"Home","item":"https:\/\/www.ringier.com\/fr\/"},{"@type":"ListItem","position":2,"name":"Merveilleusement r\u00e9nov\u00e9, le Mandarin Oriental Savoy, Zurich est \u00abL\u2019H\u00f4tel de l&#8217;ann\u00e9e\u00bb 2025 du GaultMillau!"}]},{"@type":"WebSite","@id":"https:\/\/www.ringier.com\/fr\/#website","url":"https:\/\/www.ringier.com\/fr\/","name":"Ringier","description":"We inform. We entertain. We connect","publisher":{"@id":"https:\/\/www.ringier.com\/fr\/#organization"},"potentialAction":[{"@type":"SearchAction","target":{"@type":"EntryPoint","urlTemplate":"https:\/\/www.ringier.com\/fr\/?s={search_term_string}"},"query-input":{"@type":"PropertyValueSpecification","valueRequired":true,"valueName":"search_term_string"}}],"inLanguage":"fr-FR"},{"@type":"Organization","@id":"https:\/\/www.ringier.com\/fr\/#organization","name":"Ringier","url":"https:\/\/www.ringier.com\/fr\/","logo":{"@type":"ImageObject","inLanguage":"fr-FR","@id":"https:\/\/www.ringier.com\/fr\/#\/schema\/logo\/image\/","url":"https:\/\/www.ringier.com\/wp-content\/uploads\/2021\/10\/ringier_logo_2.jpg","contentUrl":"https:\/\/www.ringier.com\/wp-content\/uploads\/2021\/10\/ringier_logo_2.jpg","width":750,"height":550,"caption":"Ringier"},"image":{"@id":"https:\/\/www.ringier.com\/fr\/#\/schema\/logo\/image\/"},"sameAs":["https:\/\/www.facebook.com\/ringierag\/","https:\/\/x.com\/ringier_ag","https:\/\/www.instagram.com\/ringier_ag\/","https:\/\/www.linkedin.com\/company\/ringier\/","https:\/\/www.youtube.com\/user\/RingierComm","https:\/\/en.wikipedia.org\/wiki\/Ringier","https:\/\/de.wikipedia.org\/wiki\/Ringier","https:\/\/fr.wikipedia.org\/wiki\/Ringier","https:\/\/www.crunchbase.com\/organization\/ringier-ag"]},{"@type":"Person","@id":"https:\/\/www.ringier.com\/fr\/#\/schema\/person\/4cf76a308dc4b2bb5121bd1e7b752e52","name":"Ringier Corporate Communications","image":{"@type":"ImageObject","inLanguage":"fr-FR","@id":"https:\/\/www.ringier.com\/fr\/#\/schema\/person\/image\/","url":"https:\/\/secure.gravatar.com\/avatar\/9391e20481368d5df4fe3e1e476c13b27786347489822ec1ed07e532bb41f587?s=96&d=mm&r=g","contentUrl":"https:\/\/secure.gravatar.com\/avatar\/9391e20481368d5df4fe3e1e476c13b27786347489822ec1ed07e532bb41f587?s=96&d=mm&r=g","caption":"Ringier Corporate Communications"},"sameAs":["https:\/\/www.ringier.com"]}]}},"_links":{"self":[{"href":"https:\/\/www.ringier.com\/fr\/wp-json\/wp\/v2\/posts\/19740","targetHints":{"allow":["GET"]}}],"collection":[{"href":"https:\/\/www.ringier.com\/fr\/wp-json\/wp\/v2\/posts"}],"about":[{"href":"https:\/\/www.ringier.com\/fr\/wp-json\/wp\/v2\/types\/post"}],"author":[{"embeddable":true,"href":"https:\/\/www.ringier.com\/fr\/wp-json\/wp\/v2\/users\/23"}],"replies":[{"embeddable":true,"href":"https:\/\/www.ringier.com\/fr\/wp-json\/wp\/v2\/comments?post=19740"}],"version-history":[{"count":0,"href":"https:\/\/www.ringier.com\/fr\/wp-json\/wp\/v2\/posts\/19740\/revisions"}],"wp:featuredmedia":[{"embeddable":true,"href":"https:\/\/www.ringier.com\/fr\/wp-json\/wp\/v2\/media\/19738"}],"wp:attachment":[{"href":"https:\/\/www.ringier.com\/fr\/wp-json\/wp\/v2\/media?parent=19740"}],"wp:term":[{"taxonomy":"category","embeddable":true,"href":"https:\/\/www.ringier.com\/fr\/wp-json\/wp\/v2\/categories?post=19740"},{"taxonomy":"post_tag","embeddable":true,"href":"https:\/\/www.ringier.com\/fr\/wp-json\/wp\/v2\/tags?post=19740"}],"curies":[{"name":"wp","href":"https:\/\/api.w.org\/{rel}","templated":true}]}}