{"id":18419,"date":"2019-09-23T17:10:00","date_gmt":"2019-09-23T15:10:00","guid":{"rendered":"https:\/\/www.ringier.com\/der-gaultmillau-waehlt-erstmals-ein-pop-des-jahres-die-metzg-in-zuerich\/"},"modified":"2025-06-27T16:14:39","modified_gmt":"2025-06-27T14:14:39","slug":"en-premiere-gaultmillau-elit-le-pop-de-lannee-le-metzg-a-zurich","status":"publish","type":"post","link":"https:\/\/www.ringier.com\/fr\/en-premiere-gaultmillau-elit-le-pop-de-lannee-le-metzg-a-zurich\/","title":{"rendered":"En premi\u00e8re, GaultMillau \u00e9lit le POP de l\u2019ann\u00e9e: le Metzg, \u00e0 Zurich"},"content":{"rendered":"\n<p>\u00abLe monde de la restauration est en pleine \u00e9volution, explique Urs Heller, r\u00e9dacteur en chef de&nbsp;<strong><em>GaultMillau<\/em>&nbsp;<\/strong>Suisse. Notre guide aussi. Ainsi, nous d\u00e9nichons pour notre Channel des bistrots, des brasseries, des bars et des caf\u00e9s d\u00e9contract\u00e9s qui nous enthousiasment par la qualit\u00e9 de leurs prestations et le profil de leurs concepts. Ils n\u2019ont pas de points. Mais ils figurent sur nos listes de bons plans urbains, les&nbsp;<strong><em>GaultMillau<\/em>&nbsp;<\/strong>POP.\u00bb Presenting Partner: American Express<\/p>\n\n\n\n<p>C\u2019est surtout dans les villes \u2013 Gen\u00e8ve, Lausanne, Neuch\u00e2tel, Zurich, Berne, B\u00e2le, Lucerne \u2013 que les blogueurs et testeurs du&nbsp;<strong>GaultMillau&nbsp;<\/strong>ont d\u00e9nich\u00e9 ces adresses. Mais ils en ont aussi trouv\u00e9 \u00e0 Gstaad, \u00e0 Saint-Moritz et \u00e0 Zermatt. En tout, il y en a 150, lanc\u00e9s et anim\u00e9s par des restaurateurs dynamiques et inventifs. Pour les d\u00e9couvrir, rendez-vous sur&nbsp;<a href=\"http:\/\/www.gaultmillau%20ch\/pop\">www.gaultmillau ch\/pop<\/a>.<\/p>\n\n\n\n<p>Parmi ces adresses, l\u2019une a particuli\u00e8rement retenu l\u2019attention de notre \u00e9quipe: le Metzg, situ\u00e9 au 31 de la Langstrasse, \u00e0 Zurich (\u00e0 partir de d\u00e9cembre 2019). Marlene Halter y mise sur l\u2019originalit\u00e9 d\u2019un concept tr\u00e8s attrayant: un bistrot de quartier qui est aussi une boucherie! Les fournisseurs savent ce que veut la cheffe: des b\u00eates bien trait\u00e9es et nourries naturellement. Puis elle les appr\u00eate avec talent. Le blogueur Pascal Grob r\u00e9sume ses impressions: \u00abC\u2019est le grand amour d\u00e8s la premi\u00e8re bouch\u00e9e.\u00bb<\/p>\n\n\n\n<p><a href=\"http:\/\/www.gaultmillau.ch\/\">www.gaultmillau.ch<\/a><br><a href=\"http:\/\/www.metzg-grill.ch\/\">www.metzg-grill.ch<\/a><br><a href=\"http:\/\/www.americanexpress.ch\/fr\">www.americanexpress.ch\/fr<\/a><\/p>\n\n\n\n<p>PS: Le&nbsp;<strong><em>GaultMillau<\/em>&nbsp;<\/strong>Guide Suisse 2020 sera publi\u00e9 le lundi 7 octobre 2019.<\/p>\n\n\n\n<hr class=\"wp-block-separator has-alpha-channel-opacity\"\/>\n\n\n\n<div class=\"wp-block-columns is-layout-flex wp-container-core-columns-is-layout-9d6595d7 wp-block-columns-is-layout-flex\">\n<div class=\"wp-block-column is-vertically-aligned-bottom is-layout-flow wp-block-column-is-layout-flow\">\n<p class=\"has-small-font-size\">Corporate&nbsp;Communications<br>+41 44 259 64 44<br><a href=\"mailto:media@ringier.ch\" target=\"_blank\" rel=\"noreferrer noopener\">media@ringier.ch<\/a> <br><a href=\"https:\/\/www.ringier.com\/de\/\">www.ringier.co<\/a><a href=\"https:\/\/www.ringier.com\/de\/\" target=\"_blank\" rel=\"noreferrer noopener\">m<\/a><\/p>\n<\/div>\n\n\n\n<div class=\"wp-block-column is-vertically-aligned-bottom is-layout-flow wp-block-column-is-layout-flow\">\n<p class=\"has-text-align-left has-small-font-size\">Ringier<br>Dufourstrasse 23<br>8008 Zurich<br>Suisse<\/p>\n<\/div>\n<\/div>\n\n\n\n<p><\/p>\n","protected":false},"excerpt":{"rendered":"<p>GaultMillau POP, c\u2019est la nouvelle collection de restos gourmands, urbains et tendance. Le POP de l\u2019ann\u00e9e est une insolite adresse zurichoise \u00e0 la fois bistrot de quartier et boucherie.<\/p>\n","protected":false},"author":23,"featured_media":18189,"comment_status":"closed","ping_status":"open","sticky":false,"template":"","format":"standard","meta":{"inline_featured_image":false,"footnotes":""},"categories":[370,363],"tags":[],"class_list":["post-18419","post","type-post","status-publish","format-standard","has-post-thumbnail","hentry","category-media-fr","category-ringier-medias-suisse"],"yoast_head":"<!-- This site is optimized with the Yoast SEO Premium plugin v27.0 (Yoast SEO v27.0) - https:\/\/yoast.com\/product\/yoast-seo-premium-wordpress\/ -->\n<title>En premi\u00e8re, GaultMillau \u00e9lit le POP de l\u2019ann\u00e9e: le Metzg, \u00e0 Zurich - Ringier<\/title>\n<meta name=\"robots\" content=\"index, follow, max-snippet:-1, max-image-preview:large, max-video-preview:-1\" \/>\n<link rel=\"canonical\" href=\"https:\/\/www.ringier.com\/fr\/en-premiere-gaultmillau-elit-le-pop-de-lannee-le-metzg-a-zurich\/\" \/>\n<meta property=\"og:locale\" content=\"fr_FR\" \/>\n<meta property=\"og:type\" content=\"article\" \/>\n<meta property=\"og:title\" content=\"En premi\u00e8re, GaultMillau \u00e9lit le POP de l\u2019ann\u00e9e: le Metzg, \u00e0 Zurich\" \/>\n<meta property=\"og:description\" content=\"GaultMillau POP, c\u2019est la nouvelle collection de restos gourmands, urbains et tendance. Le POP de l\u2019ann\u00e9e est une insolite adresse zurichoise \u00e0 la fois bistrot de quartier et boucherie.\" \/>\n<meta property=\"og:url\" content=\"https:\/\/www.ringier.com\/fr\/en-premiere-gaultmillau-elit-le-pop-de-lannee-le-metzg-a-zurich\/\" \/>\n<meta property=\"og:site_name\" content=\"Ringier\" \/>\n<meta property=\"article:publisher\" content=\"https:\/\/www.facebook.com\/ringierag\/\" \/>\n<meta property=\"article:published_time\" content=\"2019-09-23T15:10:00+00:00\" \/>\n<meta property=\"article:modified_time\" content=\"2025-06-27T14:14:39+00:00\" \/>\n<meta property=\"og:image\" content=\"https:\/\/www.ringier.com\/wp-content\/uploads\/2024\/01\/gault-millau.png\" \/>\n\t<meta property=\"og:image:width\" content=\"700\" \/>\n\t<meta property=\"og:image:height\" content=\"320\" \/>\n\t<meta property=\"og:image:type\" content=\"image\/png\" \/>\n<meta name=\"author\" content=\"Ringier Corporate Communications\" \/>\n<meta name=\"twitter:card\" content=\"summary_large_image\" \/>\n<meta name=\"twitter:creator\" content=\"@ringier_ag\" \/>\n<meta name=\"twitter:site\" content=\"@ringier_ag\" \/>\n<meta name=\"twitter:label1\" content=\"\u00c9crit par\" \/>\n\t<meta name=\"twitter:data1\" content=\"Ringier Corporate Communications\" \/>\n\t<meta name=\"twitter:label2\" content=\"Dur\u00e9e de lecture estim\u00e9e\" \/>\n\t<meta name=\"twitter:data2\" content=\"1 minute\" \/>\n<script type=\"application\/ld+json\" class=\"yoast-schema-graph\">{\"@context\":\"https:\/\/schema.org\",\"@graph\":[{\"@type\":\"Article\",\"@id\":\"https:\/\/www.ringier.com\/fr\/en-premiere-gaultmillau-elit-le-pop-de-lannee-le-metzg-a-zurich\/#article\",\"isPartOf\":{\"@id\":\"https:\/\/www.ringier.com\/fr\/en-premiere-gaultmillau-elit-le-pop-de-lannee-le-metzg-a-zurich\/\"},\"author\":{\"name\":\"Ringier Corporate Communications\",\"@id\":\"https:\/\/www.ringier.com\/fr\/#\/schema\/person\/4cf76a308dc4b2bb5121bd1e7b752e52\"},\"headline\":\"En premi\u00e8re, GaultMillau \u00e9lit le POP de l\u2019ann\u00e9e: le Metzg, \u00e0 Zurich\",\"datePublished\":\"2019-09-23T15:10:00+00:00\",\"dateModified\":\"2025-06-27T14:14:39+00:00\",\"mainEntityOfPage\":{\"@id\":\"https:\/\/www.ringier.com\/fr\/en-premiere-gaultmillau-elit-le-pop-de-lannee-le-metzg-a-zurich\/\"},\"wordCount\":292,\"publisher\":{\"@id\":\"https:\/\/www.ringier.com\/fr\/#organization\"},\"image\":{\"@id\":\"https:\/\/www.ringier.com\/fr\/en-premiere-gaultmillau-elit-le-pop-de-lannee-le-metzg-a-zurich\/#primaryimage\"},\"thumbnailUrl\":\"https:\/\/www.ringier.com\/wp-content\/uploads\/2024\/01\/gault-millau.png\",\"articleSection\":[\"Media\",\"Ringier Medias Suisse\"],\"inLanguage\":\"fr-FR\"},{\"@type\":\"WebPage\",\"@id\":\"https:\/\/www.ringier.com\/fr\/en-premiere-gaultmillau-elit-le-pop-de-lannee-le-metzg-a-zurich\/\",\"url\":\"https:\/\/www.ringier.com\/fr\/en-premiere-gaultmillau-elit-le-pop-de-lannee-le-metzg-a-zurich\/\",\"name\":\"En premi\u00e8re, GaultMillau \u00e9lit le POP de l\u2019ann\u00e9e: le Metzg, \u00e0 Zurich - Ringier\",\"isPartOf\":{\"@id\":\"https:\/\/www.ringier.com\/fr\/#website\"},\"primaryImageOfPage\":{\"@id\":\"https:\/\/www.ringier.com\/fr\/en-premiere-gaultmillau-elit-le-pop-de-lannee-le-metzg-a-zurich\/#primaryimage\"},\"image\":{\"@id\":\"https:\/\/www.ringier.com\/fr\/en-premiere-gaultmillau-elit-le-pop-de-lannee-le-metzg-a-zurich\/#primaryimage\"},\"thumbnailUrl\":\"https:\/\/www.ringier.com\/wp-content\/uploads\/2024\/01\/gault-millau.png\",\"datePublished\":\"2019-09-23T15:10:00+00:00\",\"dateModified\":\"2025-06-27T14:14:39+00:00\",\"breadcrumb\":{\"@id\":\"https:\/\/www.ringier.com\/fr\/en-premiere-gaultmillau-elit-le-pop-de-lannee-le-metzg-a-zurich\/#breadcrumb\"},\"inLanguage\":\"fr-FR\",\"potentialAction\":[{\"@type\":\"ReadAction\",\"target\":[\"https:\/\/www.ringier.com\/fr\/en-premiere-gaultmillau-elit-le-pop-de-lannee-le-metzg-a-zurich\/\"]}]},{\"@type\":\"ImageObject\",\"inLanguage\":\"fr-FR\",\"@id\":\"https:\/\/www.ringier.com\/fr\/en-premiere-gaultmillau-elit-le-pop-de-lannee-le-metzg-a-zurich\/#primaryimage\",\"url\":\"https:\/\/www.ringier.com\/wp-content\/uploads\/2024\/01\/gault-millau.png\",\"contentUrl\":\"https:\/\/www.ringier.com\/wp-content\/uploads\/2024\/01\/gault-millau.png\",\"width\":700,\"height\":320},{\"@type\":\"BreadcrumbList\",\"@id\":\"https:\/\/www.ringier.com\/fr\/en-premiere-gaultmillau-elit-le-pop-de-lannee-le-metzg-a-zurich\/#breadcrumb\",\"itemListElement\":[{\"@type\":\"ListItem\",\"position\":1,\"name\":\"Home\",\"item\":\"https:\/\/www.ringier.com\/fr\/\"},{\"@type\":\"ListItem\",\"position\":2,\"name\":\"En premi\u00e8re, GaultMillau \u00e9lit le POP de l\u2019ann\u00e9e: le Metzg, \u00e0 Zurich\"}]},{\"@type\":\"WebSite\",\"@id\":\"https:\/\/www.ringier.com\/fr\/#website\",\"url\":\"https:\/\/www.ringier.com\/fr\/\",\"name\":\"Ringier\",\"description\":\"We inform. We entertain. We connect\",\"publisher\":{\"@id\":\"https:\/\/www.ringier.com\/fr\/#organization\"},\"potentialAction\":[{\"@type\":\"SearchAction\",\"target\":{\"@type\":\"EntryPoint\",\"urlTemplate\":\"https:\/\/www.ringier.com\/fr\/?s={search_term_string}\"},\"query-input\":{\"@type\":\"PropertyValueSpecification\",\"valueRequired\":true,\"valueName\":\"search_term_string\"}}],\"inLanguage\":\"fr-FR\"},{\"@type\":\"Organization\",\"@id\":\"https:\/\/www.ringier.com\/fr\/#organization\",\"name\":\"Ringier\",\"url\":\"https:\/\/www.ringier.com\/fr\/\",\"logo\":{\"@type\":\"ImageObject\",\"inLanguage\":\"fr-FR\",\"@id\":\"https:\/\/www.ringier.com\/fr\/#\/schema\/logo\/image\/\",\"url\":\"https:\/\/www.ringier.com\/wp-content\/uploads\/2021\/10\/ringier_logo_2.jpg\",\"contentUrl\":\"https:\/\/www.ringier.com\/wp-content\/uploads\/2021\/10\/ringier_logo_2.jpg\",\"width\":750,\"height\":550,\"caption\":\"Ringier\"},\"image\":{\"@id\":\"https:\/\/www.ringier.com\/fr\/#\/schema\/logo\/image\/\"},\"sameAs\":[\"https:\/\/www.facebook.com\/ringierag\/\",\"https:\/\/x.com\/ringier_ag\",\"https:\/\/www.instagram.com\/ringier_ag\/\",\"https:\/\/www.linkedin.com\/company\/ringier\/\",\"https:\/\/www.youtube.com\/user\/RingierComm\",\"https:\/\/en.wikipedia.org\/wiki\/Ringier\",\"https:\/\/de.wikipedia.org\/wiki\/Ringier\",\"https:\/\/fr.wikipedia.org\/wiki\/Ringier\",\"https:\/\/www.crunchbase.com\/organization\/ringier-ag\"]},{\"@type\":\"Person\",\"@id\":\"https:\/\/www.ringier.com\/fr\/#\/schema\/person\/4cf76a308dc4b2bb5121bd1e7b752e52\",\"name\":\"Ringier Corporate Communications\",\"image\":{\"@type\":\"ImageObject\",\"inLanguage\":\"fr-FR\",\"@id\":\"https:\/\/www.ringier.com\/fr\/#\/schema\/person\/image\/\",\"url\":\"https:\/\/secure.gravatar.com\/avatar\/9391e20481368d5df4fe3e1e476c13b27786347489822ec1ed07e532bb41f587?s=96&d=mm&r=g\",\"contentUrl\":\"https:\/\/secure.gravatar.com\/avatar\/9391e20481368d5df4fe3e1e476c13b27786347489822ec1ed07e532bb41f587?s=96&d=mm&r=g\",\"caption\":\"Ringier Corporate Communications\"},\"sameAs\":[\"https:\/\/www.ringier.com\"]}]}<\/script>\n<!-- \/ Yoast SEO Premium plugin. -->","yoast_head_json":{"title":"En premi\u00e8re, GaultMillau \u00e9lit le POP de l\u2019ann\u00e9e: le Metzg, \u00e0 Zurich - Ringier","robots":{"index":"index","follow":"follow","max-snippet":"max-snippet:-1","max-image-preview":"max-image-preview:large","max-video-preview":"max-video-preview:-1"},"canonical":"https:\/\/www.ringier.com\/fr\/en-premiere-gaultmillau-elit-le-pop-de-lannee-le-metzg-a-zurich\/","og_locale":"fr_FR","og_type":"article","og_title":"En premi\u00e8re, GaultMillau \u00e9lit le POP de l\u2019ann\u00e9e: le Metzg, \u00e0 Zurich","og_description":"GaultMillau POP, c\u2019est la nouvelle collection de restos gourmands, urbains et tendance. Le POP de l\u2019ann\u00e9e est une insolite adresse zurichoise \u00e0 la fois bistrot de quartier et boucherie.","og_url":"https:\/\/www.ringier.com\/fr\/en-premiere-gaultmillau-elit-le-pop-de-lannee-le-metzg-a-zurich\/","og_site_name":"Ringier","article_publisher":"https:\/\/www.facebook.com\/ringierag\/","article_published_time":"2019-09-23T15:10:00+00:00","article_modified_time":"2025-06-27T14:14:39+00:00","og_image":[{"width":700,"height":320,"url":"https:\/\/www.ringier.com\/wp-content\/uploads\/2024\/01\/gault-millau.png","type":"image\/png"}],"author":"Ringier Corporate Communications","twitter_card":"summary_large_image","twitter_creator":"@ringier_ag","twitter_site":"@ringier_ag","twitter_misc":{"\u00c9crit par":"Ringier Corporate Communications","Dur\u00e9e de lecture estim\u00e9e":"1 minute"},"schema":{"@context":"https:\/\/schema.org","@graph":[{"@type":"Article","@id":"https:\/\/www.ringier.com\/fr\/en-premiere-gaultmillau-elit-le-pop-de-lannee-le-metzg-a-zurich\/#article","isPartOf":{"@id":"https:\/\/www.ringier.com\/fr\/en-premiere-gaultmillau-elit-le-pop-de-lannee-le-metzg-a-zurich\/"},"author":{"name":"Ringier Corporate Communications","@id":"https:\/\/www.ringier.com\/fr\/#\/schema\/person\/4cf76a308dc4b2bb5121bd1e7b752e52"},"headline":"En premi\u00e8re, GaultMillau \u00e9lit le POP de l\u2019ann\u00e9e: le Metzg, \u00e0 Zurich","datePublished":"2019-09-23T15:10:00+00:00","dateModified":"2025-06-27T14:14:39+00:00","mainEntityOfPage":{"@id":"https:\/\/www.ringier.com\/fr\/en-premiere-gaultmillau-elit-le-pop-de-lannee-le-metzg-a-zurich\/"},"wordCount":292,"publisher":{"@id":"https:\/\/www.ringier.com\/fr\/#organization"},"image":{"@id":"https:\/\/www.ringier.com\/fr\/en-premiere-gaultmillau-elit-le-pop-de-lannee-le-metzg-a-zurich\/#primaryimage"},"thumbnailUrl":"https:\/\/www.ringier.com\/wp-content\/uploads\/2024\/01\/gault-millau.png","articleSection":["Media","Ringier Medias Suisse"],"inLanguage":"fr-FR"},{"@type":"WebPage","@id":"https:\/\/www.ringier.com\/fr\/en-premiere-gaultmillau-elit-le-pop-de-lannee-le-metzg-a-zurich\/","url":"https:\/\/www.ringier.com\/fr\/en-premiere-gaultmillau-elit-le-pop-de-lannee-le-metzg-a-zurich\/","name":"En premi\u00e8re, GaultMillau \u00e9lit le POP de l\u2019ann\u00e9e: le Metzg, \u00e0 Zurich - Ringier","isPartOf":{"@id":"https:\/\/www.ringier.com\/fr\/#website"},"primaryImageOfPage":{"@id":"https:\/\/www.ringier.com\/fr\/en-premiere-gaultmillau-elit-le-pop-de-lannee-le-metzg-a-zurich\/#primaryimage"},"image":{"@id":"https:\/\/www.ringier.com\/fr\/en-premiere-gaultmillau-elit-le-pop-de-lannee-le-metzg-a-zurich\/#primaryimage"},"thumbnailUrl":"https:\/\/www.ringier.com\/wp-content\/uploads\/2024\/01\/gault-millau.png","datePublished":"2019-09-23T15:10:00+00:00","dateModified":"2025-06-27T14:14:39+00:00","breadcrumb":{"@id":"https:\/\/www.ringier.com\/fr\/en-premiere-gaultmillau-elit-le-pop-de-lannee-le-metzg-a-zurich\/#breadcrumb"},"inLanguage":"fr-FR","potentialAction":[{"@type":"ReadAction","target":["https:\/\/www.ringier.com\/fr\/en-premiere-gaultmillau-elit-le-pop-de-lannee-le-metzg-a-zurich\/"]}]},{"@type":"ImageObject","inLanguage":"fr-FR","@id":"https:\/\/www.ringier.com\/fr\/en-premiere-gaultmillau-elit-le-pop-de-lannee-le-metzg-a-zurich\/#primaryimage","url":"https:\/\/www.ringier.com\/wp-content\/uploads\/2024\/01\/gault-millau.png","contentUrl":"https:\/\/www.ringier.com\/wp-content\/uploads\/2024\/01\/gault-millau.png","width":700,"height":320},{"@type":"BreadcrumbList","@id":"https:\/\/www.ringier.com\/fr\/en-premiere-gaultmillau-elit-le-pop-de-lannee-le-metzg-a-zurich\/#breadcrumb","itemListElement":[{"@type":"ListItem","position":1,"name":"Home","item":"https:\/\/www.ringier.com\/fr\/"},{"@type":"ListItem","position":2,"name":"En premi\u00e8re, GaultMillau \u00e9lit le POP de l\u2019ann\u00e9e: le Metzg, \u00e0 Zurich"}]},{"@type":"WebSite","@id":"https:\/\/www.ringier.com\/fr\/#website","url":"https:\/\/www.ringier.com\/fr\/","name":"Ringier","description":"We inform. We entertain. We connect","publisher":{"@id":"https:\/\/www.ringier.com\/fr\/#organization"},"potentialAction":[{"@type":"SearchAction","target":{"@type":"EntryPoint","urlTemplate":"https:\/\/www.ringier.com\/fr\/?s={search_term_string}"},"query-input":{"@type":"PropertyValueSpecification","valueRequired":true,"valueName":"search_term_string"}}],"inLanguage":"fr-FR"},{"@type":"Organization","@id":"https:\/\/www.ringier.com\/fr\/#organization","name":"Ringier","url":"https:\/\/www.ringier.com\/fr\/","logo":{"@type":"ImageObject","inLanguage":"fr-FR","@id":"https:\/\/www.ringier.com\/fr\/#\/schema\/logo\/image\/","url":"https:\/\/www.ringier.com\/wp-content\/uploads\/2021\/10\/ringier_logo_2.jpg","contentUrl":"https:\/\/www.ringier.com\/wp-content\/uploads\/2021\/10\/ringier_logo_2.jpg","width":750,"height":550,"caption":"Ringier"},"image":{"@id":"https:\/\/www.ringier.com\/fr\/#\/schema\/logo\/image\/"},"sameAs":["https:\/\/www.facebook.com\/ringierag\/","https:\/\/x.com\/ringier_ag","https:\/\/www.instagram.com\/ringier_ag\/","https:\/\/www.linkedin.com\/company\/ringier\/","https:\/\/www.youtube.com\/user\/RingierComm","https:\/\/en.wikipedia.org\/wiki\/Ringier","https:\/\/de.wikipedia.org\/wiki\/Ringier","https:\/\/fr.wikipedia.org\/wiki\/Ringier","https:\/\/www.crunchbase.com\/organization\/ringier-ag"]},{"@type":"Person","@id":"https:\/\/www.ringier.com\/fr\/#\/schema\/person\/4cf76a308dc4b2bb5121bd1e7b752e52","name":"Ringier Corporate Communications","image":{"@type":"ImageObject","inLanguage":"fr-FR","@id":"https:\/\/www.ringier.com\/fr\/#\/schema\/person\/image\/","url":"https:\/\/secure.gravatar.com\/avatar\/9391e20481368d5df4fe3e1e476c13b27786347489822ec1ed07e532bb41f587?s=96&d=mm&r=g","contentUrl":"https:\/\/secure.gravatar.com\/avatar\/9391e20481368d5df4fe3e1e476c13b27786347489822ec1ed07e532bb41f587?s=96&d=mm&r=g","caption":"Ringier Corporate Communications"},"sameAs":["https:\/\/www.ringier.com"]}]}},"_links":{"self":[{"href":"https:\/\/www.ringier.com\/fr\/wp-json\/wp\/v2\/posts\/18419","targetHints":{"allow":["GET"]}}],"collection":[{"href":"https:\/\/www.ringier.com\/fr\/wp-json\/wp\/v2\/posts"}],"about":[{"href":"https:\/\/www.ringier.com\/fr\/wp-json\/wp\/v2\/types\/post"}],"author":[{"embeddable":true,"href":"https:\/\/www.ringier.com\/fr\/wp-json\/wp\/v2\/users\/23"}],"replies":[{"embeddable":true,"href":"https:\/\/www.ringier.com\/fr\/wp-json\/wp\/v2\/comments?post=18419"}],"version-history":[{"count":0,"href":"https:\/\/www.ringier.com\/fr\/wp-json\/wp\/v2\/posts\/18419\/revisions"}],"wp:featuredmedia":[{"embeddable":true,"href":"https:\/\/www.ringier.com\/fr\/wp-json\/wp\/v2\/media\/18189"}],"wp:attachment":[{"href":"https:\/\/www.ringier.com\/fr\/wp-json\/wp\/v2\/media?parent=18419"}],"wp:term":[{"taxonomy":"category","embeddable":true,"href":"https:\/\/www.ringier.com\/fr\/wp-json\/wp\/v2\/categories?post=18419"},{"taxonomy":"post_tag","embeddable":true,"href":"https:\/\/www.ringier.com\/fr\/wp-json\/wp\/v2\/tags?post=18419"}],"curies":[{"name":"wp","href":"https:\/\/api.w.org\/{rel}","templated":true}]}}