{"id":18164,"date":"2020-11-03T10:05:00","date_gmt":"2020-11-03T09:05:00","guid":{"rendered":"https:\/\/www.ringier.com\/lillustre-stephane-benoit-godet-wird-neuer-chefredaktor\/"},"modified":"2025-06-30T10:46:06","modified_gmt":"2025-06-30T08:46:06","slug":"lillustre-stephane-benoit-godet-devient-redacteur-en-chef","status":"publish","type":"post","link":"https:\/\/www.ringier.com\/fr\/lillustre-stephane-benoit-godet-devient-redacteur-en-chef\/","title":{"rendered":"L\u2019illustr\u00e9: St\u00e9phane Benoit-Godet devient r\u00e9dacteur en chef"},"content":{"rendered":"\n<p>Apr\u00e8s six ans en tant que r\u00e9dacteur en chef de&nbsp;<em>Le Temps<\/em>, St\u00e9phane Benoit-Godet rejoint le magazine&nbsp;<em>L\u2019illustr\u00e9<\/em>, du m\u00eame \u00e9diteur. Ce journaliste exp\u00e9riment\u00e9, qui a jou\u00e9 un r\u00f4le essentiel dans le d\u00e9veloppement num\u00e9rique de&nbsp;<em>Le Temps<\/em>, prendra ses nouvelles fonctions au d\u00e9but du mois prochain. \u00abApr\u00e8s des ann\u00e9es passionnantes et riches en enseignements dans un grand quotidien, je suis enthousiaste \u00e0 l\u2019id\u00e9e de relever le d\u00e9fi journalistique d\u2019un magazine\u00bb, affirme St\u00e9phane Benoit-Godet. \u00ab<em>L\u2019illustr\u00e9<\/em>&nbsp;est le plus grand magazine de Suisse romande et il me surprend toujours par ses histoires intelligentes et divertissantes. Je suis ravi de pouvoir bient\u00f4t les raconter avec ma nouvelle \u00e9quipe.\u00bb<\/p>\n\n\n\n<p>\u00abSt\u00e9phane Benoit-Godet est l\u2019un des journalistes les plus r\u00e9put\u00e9s de Suisse romande. Ces derni\u00e8res ann\u00e9es, il a donn\u00e9 \u00e0&nbsp;<em>Le Temps<\/em>&nbsp;une position solide et gagn\u00e9 de nombreux nouveaux lecteurs. Le d\u00e9veloppement des abonnements num\u00e9riques est particuli\u00e8rement impressionnant\u00bb, d\u00e9clare Alexander Theobald, CEO de Ringier Axel Springer Suisse. \u00abNous tenons \u00e0 le remercier pour son engagement et sommes heureux d\u2019avoir pu le convaincre d\u2019accepter cette nouvelle mission \u00e0&nbsp;<em>L\u2019illustr\u00e9<\/em>.\u00bb<\/p>\n\n\n\n<p>St\u00e9phane Benoit-Godet avait repris la r\u00e9daction en chef de&nbsp;<em>Le Temps<\/em>&nbsp;en 2014, apr\u00e8s avoir \u00e9t\u00e9 pendant de nombreuses ann\u00e9es r\u00e9dacteur en chef du magazine \u00e9conomique romand&nbsp;<em>Bilan<\/em>. Auparavant, St\u00e9phane Benoit-Godet travaillait d\u00e9j\u00e0 \u00e0&nbsp;<em>Le Temps<\/em>, o\u00f9 il a \u00e9t\u00e9 responsable de la rubrique \u00e9conomique pendant plusieurs ann\u00e9es.<\/p>\n\n\n\n<hr class=\"wp-block-separator has-alpha-channel-opacity\"\/>\n\n\n\n<div class=\"wp-block-columns is-layout-flex wp-container-core-columns-is-layout-9d6595d7 wp-block-columns-is-layout-flex\">\n<div class=\"wp-block-column is-vertically-aligned-bottom is-layout-flow wp-block-column-is-layout-flow\">\n<p class=\"has-small-font-size\">Corporate&nbsp;Communications<br>+41 44 259 64 44<br><a href=\"mailto:media@ringier.ch\" target=\"_blank\" rel=\"noreferrer noopener\">media@ringier.ch<\/a> <br><a href=\"https:\/\/www.ringier.com\/de\/\">www.ringier.co<\/a><a href=\"https:\/\/www.ringier.com\/de\/\" target=\"_blank\" rel=\"noreferrer noopener\">m<\/a><\/p>\n<\/div>\n\n\n\n<div class=\"wp-block-column is-vertically-aligned-bottom is-layout-flow wp-block-column-is-layout-flow\">\n<p class=\"has-text-align-left has-small-font-size\">Ringier<br>Dufourstrasse 23<br>8008 Zurich<br>Suisse<\/p>\n<\/div>\n<\/div>\n\n\n\n<p><\/p>\n","protected":false},"excerpt":{"rendered":"<p>Jusque-l\u00e0 r\u00e9dacteur en chef du journal Le Temps, St\u00e9phane Benoit-Godet rejoint L\u2019illustr\u00e9 et reprendra la direction r\u00e9dactionnelle du magazine le 1er d\u00e9cembre 2020. Il succ\u00e8de \u00e0 Michel Jeanneret qui, apr\u00e8s dix ans \u00e0 ces fonctions, rejoint quant \u00e0 lui l\u2019\u00e9quivalent romand de Blick.ch.<\/p>\n","protected":false},"author":23,"featured_media":18163,"comment_status":"closed","ping_status":"open","sticky":false,"template":"","format":"standard","meta":{"inline_featured_image":false,"footnotes":""},"categories":[370,363],"tags":[],"class_list":["post-18164","post","type-post","status-publish","format-standard","has-post-thumbnail","hentry","category-media-fr","category-ringier-medias-suisse"],"yoast_head":"<!-- This site is optimized with the Yoast SEO Premium plugin v27.0 (Yoast SEO v27.0) - https:\/\/yoast.com\/product\/yoast-seo-premium-wordpress\/ -->\n<title>L\u2019illustr\u00e9: St\u00e9phane Benoit-Godet devient r\u00e9dacteur en chef - Ringier<\/title>\n<meta name=\"robots\" content=\"index, follow, max-snippet:-1, max-image-preview:large, max-video-preview:-1\" \/>\n<link rel=\"canonical\" href=\"https:\/\/www.ringier.com\/fr\/lillustre-stephane-benoit-godet-devient-redacteur-en-chef\/\" \/>\n<meta property=\"og:locale\" content=\"fr_FR\" \/>\n<meta property=\"og:type\" content=\"article\" \/>\n<meta property=\"og:title\" content=\"L\u2019illustr\u00e9: St\u00e9phane Benoit-Godet devient r\u00e9dacteur en chef\" \/>\n<meta property=\"og:description\" content=\"Jusque-l\u00e0 r\u00e9dacteur en chef du journal Le Temps, St\u00e9phane Benoit-Godet rejoint L\u2019illustr\u00e9 et reprendra la direction r\u00e9dactionnelle du magazine le 1er d\u00e9cembre 2020. Il succ\u00e8de \u00e0 Michel Jeanneret qui, apr\u00e8s dix ans \u00e0 ces fonctions, rejoint quant \u00e0 lui l\u2019\u00e9quivalent romand de Blick.ch.\" \/>\n<meta property=\"og:url\" content=\"https:\/\/www.ringier.com\/fr\/lillustre-stephane-benoit-godet-devient-redacteur-en-chef\/\" \/>\n<meta property=\"og:site_name\" content=\"Ringier\" \/>\n<meta property=\"article:publisher\" content=\"https:\/\/www.facebook.com\/ringierag\/\" \/>\n<meta property=\"article:published_time\" content=\"2020-11-03T09:05:00+00:00\" \/>\n<meta property=\"article:modified_time\" content=\"2025-06-30T08:46:06+00:00\" \/>\n<meta property=\"og:image\" content=\"https:\/\/www.ringier.com\/wp-content\/uploads\/2024\/01\/stephane_benoit_godet_400x600.jpg\" \/>\n\t<meta property=\"og:image:width\" content=\"1038\" \/>\n\t<meta property=\"og:image:height\" content=\"641\" \/>\n\t<meta property=\"og:image:type\" content=\"image\/jpeg\" \/>\n<meta name=\"author\" content=\"Ringier Corporate Communications\" \/>\n<meta name=\"twitter:card\" content=\"summary_large_image\" \/>\n<meta name=\"twitter:creator\" content=\"@ringier_ag\" \/>\n<meta name=\"twitter:site\" content=\"@ringier_ag\" \/>\n<meta name=\"twitter:label1\" content=\"\u00c9crit par\" \/>\n\t<meta name=\"twitter:data1\" content=\"Ringier Corporate Communications\" \/>\n\t<meta name=\"twitter:label2\" content=\"Dur\u00e9e de lecture estim\u00e9e\" \/>\n\t<meta name=\"twitter:data2\" content=\"2 minutes\" \/>\n<script type=\"application\/ld+json\" class=\"yoast-schema-graph\">{\"@context\":\"https:\/\/schema.org\",\"@graph\":[{\"@type\":\"Article\",\"@id\":\"https:\/\/www.ringier.com\/fr\/lillustre-stephane-benoit-godet-devient-redacteur-en-chef\/#article\",\"isPartOf\":{\"@id\":\"https:\/\/www.ringier.com\/fr\/lillustre-stephane-benoit-godet-devient-redacteur-en-chef\/\"},\"author\":{\"name\":\"Ringier Corporate Communications\",\"@id\":\"https:\/\/www.ringier.com\/fr\/#\/schema\/person\/4cf76a308dc4b2bb5121bd1e7b752e52\"},\"headline\":\"L\u2019illustr\u00e9: St\u00e9phane Benoit-Godet devient r\u00e9dacteur en chef\",\"datePublished\":\"2020-11-03T09:05:00+00:00\",\"dateModified\":\"2025-06-30T08:46:06+00:00\",\"mainEntityOfPage\":{\"@id\":\"https:\/\/www.ringier.com\/fr\/lillustre-stephane-benoit-godet-devient-redacteur-en-chef\/\"},\"wordCount\":288,\"publisher\":{\"@id\":\"https:\/\/www.ringier.com\/fr\/#organization\"},\"image\":{\"@id\":\"https:\/\/www.ringier.com\/fr\/lillustre-stephane-benoit-godet-devient-redacteur-en-chef\/#primaryimage\"},\"thumbnailUrl\":\"https:\/\/www.ringier.com\/wp-content\/uploads\/2024\/01\/stephane_benoit_godet_400x600.jpg\",\"articleSection\":[\"Media\",\"Ringier Medias Suisse\"],\"inLanguage\":\"fr-FR\"},{\"@type\":\"WebPage\",\"@id\":\"https:\/\/www.ringier.com\/fr\/lillustre-stephane-benoit-godet-devient-redacteur-en-chef\/\",\"url\":\"https:\/\/www.ringier.com\/fr\/lillustre-stephane-benoit-godet-devient-redacteur-en-chef\/\",\"name\":\"L\u2019illustr\u00e9: St\u00e9phane Benoit-Godet devient r\u00e9dacteur en chef - Ringier\",\"isPartOf\":{\"@id\":\"https:\/\/www.ringier.com\/fr\/#website\"},\"primaryImageOfPage\":{\"@id\":\"https:\/\/www.ringier.com\/fr\/lillustre-stephane-benoit-godet-devient-redacteur-en-chef\/#primaryimage\"},\"image\":{\"@id\":\"https:\/\/www.ringier.com\/fr\/lillustre-stephane-benoit-godet-devient-redacteur-en-chef\/#primaryimage\"},\"thumbnailUrl\":\"https:\/\/www.ringier.com\/wp-content\/uploads\/2024\/01\/stephane_benoit_godet_400x600.jpg\",\"datePublished\":\"2020-11-03T09:05:00+00:00\",\"dateModified\":\"2025-06-30T08:46:06+00:00\",\"breadcrumb\":{\"@id\":\"https:\/\/www.ringier.com\/fr\/lillustre-stephane-benoit-godet-devient-redacteur-en-chef\/#breadcrumb\"},\"inLanguage\":\"fr-FR\",\"potentialAction\":[{\"@type\":\"ReadAction\",\"target\":[\"https:\/\/www.ringier.com\/fr\/lillustre-stephane-benoit-godet-devient-redacteur-en-chef\/\"]}]},{\"@type\":\"ImageObject\",\"inLanguage\":\"fr-FR\",\"@id\":\"https:\/\/www.ringier.com\/fr\/lillustre-stephane-benoit-godet-devient-redacteur-en-chef\/#primaryimage\",\"url\":\"https:\/\/www.ringier.com\/wp-content\/uploads\/2024\/01\/stephane_benoit_godet_400x600.jpg\",\"contentUrl\":\"https:\/\/www.ringier.com\/wp-content\/uploads\/2024\/01\/stephane_benoit_godet_400x600.jpg\",\"width\":1038,\"height\":641},{\"@type\":\"BreadcrumbList\",\"@id\":\"https:\/\/www.ringier.com\/fr\/lillustre-stephane-benoit-godet-devient-redacteur-en-chef\/#breadcrumb\",\"itemListElement\":[{\"@type\":\"ListItem\",\"position\":1,\"name\":\"Home\",\"item\":\"https:\/\/www.ringier.com\/fr\/\"},{\"@type\":\"ListItem\",\"position\":2,\"name\":\"L\u2019illustr\u00e9: St\u00e9phane Benoit-Godet devient r\u00e9dacteur en chef\"}]},{\"@type\":\"WebSite\",\"@id\":\"https:\/\/www.ringier.com\/fr\/#website\",\"url\":\"https:\/\/www.ringier.com\/fr\/\",\"name\":\"Ringier\",\"description\":\"We inform. We entertain. We connect\",\"publisher\":{\"@id\":\"https:\/\/www.ringier.com\/fr\/#organization\"},\"potentialAction\":[{\"@type\":\"SearchAction\",\"target\":{\"@type\":\"EntryPoint\",\"urlTemplate\":\"https:\/\/www.ringier.com\/fr\/?s={search_term_string}\"},\"query-input\":{\"@type\":\"PropertyValueSpecification\",\"valueRequired\":true,\"valueName\":\"search_term_string\"}}],\"inLanguage\":\"fr-FR\"},{\"@type\":\"Organization\",\"@id\":\"https:\/\/www.ringier.com\/fr\/#organization\",\"name\":\"Ringier\",\"url\":\"https:\/\/www.ringier.com\/fr\/\",\"logo\":{\"@type\":\"ImageObject\",\"inLanguage\":\"fr-FR\",\"@id\":\"https:\/\/www.ringier.com\/fr\/#\/schema\/logo\/image\/\",\"url\":\"https:\/\/www.ringier.com\/wp-content\/uploads\/2021\/10\/ringier_logo_2.jpg\",\"contentUrl\":\"https:\/\/www.ringier.com\/wp-content\/uploads\/2021\/10\/ringier_logo_2.jpg\",\"width\":750,\"height\":550,\"caption\":\"Ringier\"},\"image\":{\"@id\":\"https:\/\/www.ringier.com\/fr\/#\/schema\/logo\/image\/\"},\"sameAs\":[\"https:\/\/www.facebook.com\/ringierag\/\",\"https:\/\/x.com\/ringier_ag\",\"https:\/\/www.instagram.com\/ringier_ag\/\",\"https:\/\/www.linkedin.com\/company\/ringier\/\",\"https:\/\/www.youtube.com\/user\/RingierComm\",\"https:\/\/en.wikipedia.org\/wiki\/Ringier\",\"https:\/\/de.wikipedia.org\/wiki\/Ringier\",\"https:\/\/fr.wikipedia.org\/wiki\/Ringier\",\"https:\/\/www.crunchbase.com\/organization\/ringier-ag\"]},{\"@type\":\"Person\",\"@id\":\"https:\/\/www.ringier.com\/fr\/#\/schema\/person\/4cf76a308dc4b2bb5121bd1e7b752e52\",\"name\":\"Ringier Corporate Communications\",\"image\":{\"@type\":\"ImageObject\",\"inLanguage\":\"fr-FR\",\"@id\":\"https:\/\/www.ringier.com\/fr\/#\/schema\/person\/image\/\",\"url\":\"https:\/\/secure.gravatar.com\/avatar\/9391e20481368d5df4fe3e1e476c13b27786347489822ec1ed07e532bb41f587?s=96&d=mm&r=g\",\"contentUrl\":\"https:\/\/secure.gravatar.com\/avatar\/9391e20481368d5df4fe3e1e476c13b27786347489822ec1ed07e532bb41f587?s=96&d=mm&r=g\",\"caption\":\"Ringier Corporate Communications\"},\"sameAs\":[\"https:\/\/www.ringier.com\"]}]}<\/script>\n<!-- \/ Yoast SEO Premium plugin. -->","yoast_head_json":{"title":"L\u2019illustr\u00e9: St\u00e9phane Benoit-Godet devient r\u00e9dacteur en chef - Ringier","robots":{"index":"index","follow":"follow","max-snippet":"max-snippet:-1","max-image-preview":"max-image-preview:large","max-video-preview":"max-video-preview:-1"},"canonical":"https:\/\/www.ringier.com\/fr\/lillustre-stephane-benoit-godet-devient-redacteur-en-chef\/","og_locale":"fr_FR","og_type":"article","og_title":"L\u2019illustr\u00e9: St\u00e9phane Benoit-Godet devient r\u00e9dacteur en chef","og_description":"Jusque-l\u00e0 r\u00e9dacteur en chef du journal Le Temps, St\u00e9phane Benoit-Godet rejoint L\u2019illustr\u00e9 et reprendra la direction r\u00e9dactionnelle du magazine le 1er d\u00e9cembre 2020. Il succ\u00e8de \u00e0 Michel Jeanneret qui, apr\u00e8s dix ans \u00e0 ces fonctions, rejoint quant \u00e0 lui l\u2019\u00e9quivalent romand de Blick.ch.","og_url":"https:\/\/www.ringier.com\/fr\/lillustre-stephane-benoit-godet-devient-redacteur-en-chef\/","og_site_name":"Ringier","article_publisher":"https:\/\/www.facebook.com\/ringierag\/","article_published_time":"2020-11-03T09:05:00+00:00","article_modified_time":"2025-06-30T08:46:06+00:00","og_image":[{"width":1038,"height":641,"url":"https:\/\/www.ringier.com\/wp-content\/uploads\/2024\/01\/stephane_benoit_godet_400x600.jpg","type":"image\/jpeg"}],"author":"Ringier Corporate Communications","twitter_card":"summary_large_image","twitter_creator":"@ringier_ag","twitter_site":"@ringier_ag","twitter_misc":{"\u00c9crit par":"Ringier Corporate Communications","Dur\u00e9e de lecture estim\u00e9e":"2 minutes"},"schema":{"@context":"https:\/\/schema.org","@graph":[{"@type":"Article","@id":"https:\/\/www.ringier.com\/fr\/lillustre-stephane-benoit-godet-devient-redacteur-en-chef\/#article","isPartOf":{"@id":"https:\/\/www.ringier.com\/fr\/lillustre-stephane-benoit-godet-devient-redacteur-en-chef\/"},"author":{"name":"Ringier Corporate Communications","@id":"https:\/\/www.ringier.com\/fr\/#\/schema\/person\/4cf76a308dc4b2bb5121bd1e7b752e52"},"headline":"L\u2019illustr\u00e9: St\u00e9phane Benoit-Godet devient r\u00e9dacteur en chef","datePublished":"2020-11-03T09:05:00+00:00","dateModified":"2025-06-30T08:46:06+00:00","mainEntityOfPage":{"@id":"https:\/\/www.ringier.com\/fr\/lillustre-stephane-benoit-godet-devient-redacteur-en-chef\/"},"wordCount":288,"publisher":{"@id":"https:\/\/www.ringier.com\/fr\/#organization"},"image":{"@id":"https:\/\/www.ringier.com\/fr\/lillustre-stephane-benoit-godet-devient-redacteur-en-chef\/#primaryimage"},"thumbnailUrl":"https:\/\/www.ringier.com\/wp-content\/uploads\/2024\/01\/stephane_benoit_godet_400x600.jpg","articleSection":["Media","Ringier Medias Suisse"],"inLanguage":"fr-FR"},{"@type":"WebPage","@id":"https:\/\/www.ringier.com\/fr\/lillustre-stephane-benoit-godet-devient-redacteur-en-chef\/","url":"https:\/\/www.ringier.com\/fr\/lillustre-stephane-benoit-godet-devient-redacteur-en-chef\/","name":"L\u2019illustr\u00e9: St\u00e9phane Benoit-Godet devient r\u00e9dacteur en chef - Ringier","isPartOf":{"@id":"https:\/\/www.ringier.com\/fr\/#website"},"primaryImageOfPage":{"@id":"https:\/\/www.ringier.com\/fr\/lillustre-stephane-benoit-godet-devient-redacteur-en-chef\/#primaryimage"},"image":{"@id":"https:\/\/www.ringier.com\/fr\/lillustre-stephane-benoit-godet-devient-redacteur-en-chef\/#primaryimage"},"thumbnailUrl":"https:\/\/www.ringier.com\/wp-content\/uploads\/2024\/01\/stephane_benoit_godet_400x600.jpg","datePublished":"2020-11-03T09:05:00+00:00","dateModified":"2025-06-30T08:46:06+00:00","breadcrumb":{"@id":"https:\/\/www.ringier.com\/fr\/lillustre-stephane-benoit-godet-devient-redacteur-en-chef\/#breadcrumb"},"inLanguage":"fr-FR","potentialAction":[{"@type":"ReadAction","target":["https:\/\/www.ringier.com\/fr\/lillustre-stephane-benoit-godet-devient-redacteur-en-chef\/"]}]},{"@type":"ImageObject","inLanguage":"fr-FR","@id":"https:\/\/www.ringier.com\/fr\/lillustre-stephane-benoit-godet-devient-redacteur-en-chef\/#primaryimage","url":"https:\/\/www.ringier.com\/wp-content\/uploads\/2024\/01\/stephane_benoit_godet_400x600.jpg","contentUrl":"https:\/\/www.ringier.com\/wp-content\/uploads\/2024\/01\/stephane_benoit_godet_400x600.jpg","width":1038,"height":641},{"@type":"BreadcrumbList","@id":"https:\/\/www.ringier.com\/fr\/lillustre-stephane-benoit-godet-devient-redacteur-en-chef\/#breadcrumb","itemListElement":[{"@type":"ListItem","position":1,"name":"Home","item":"https:\/\/www.ringier.com\/fr\/"},{"@type":"ListItem","position":2,"name":"L\u2019illustr\u00e9: St\u00e9phane Benoit-Godet devient r\u00e9dacteur en chef"}]},{"@type":"WebSite","@id":"https:\/\/www.ringier.com\/fr\/#website","url":"https:\/\/www.ringier.com\/fr\/","name":"Ringier","description":"We inform. We entertain. We connect","publisher":{"@id":"https:\/\/www.ringier.com\/fr\/#organization"},"potentialAction":[{"@type":"SearchAction","target":{"@type":"EntryPoint","urlTemplate":"https:\/\/www.ringier.com\/fr\/?s={search_term_string}"},"query-input":{"@type":"PropertyValueSpecification","valueRequired":true,"valueName":"search_term_string"}}],"inLanguage":"fr-FR"},{"@type":"Organization","@id":"https:\/\/www.ringier.com\/fr\/#organization","name":"Ringier","url":"https:\/\/www.ringier.com\/fr\/","logo":{"@type":"ImageObject","inLanguage":"fr-FR","@id":"https:\/\/www.ringier.com\/fr\/#\/schema\/logo\/image\/","url":"https:\/\/www.ringier.com\/wp-content\/uploads\/2021\/10\/ringier_logo_2.jpg","contentUrl":"https:\/\/www.ringier.com\/wp-content\/uploads\/2021\/10\/ringier_logo_2.jpg","width":750,"height":550,"caption":"Ringier"},"image":{"@id":"https:\/\/www.ringier.com\/fr\/#\/schema\/logo\/image\/"},"sameAs":["https:\/\/www.facebook.com\/ringierag\/","https:\/\/x.com\/ringier_ag","https:\/\/www.instagram.com\/ringier_ag\/","https:\/\/www.linkedin.com\/company\/ringier\/","https:\/\/www.youtube.com\/user\/RingierComm","https:\/\/en.wikipedia.org\/wiki\/Ringier","https:\/\/de.wikipedia.org\/wiki\/Ringier","https:\/\/fr.wikipedia.org\/wiki\/Ringier","https:\/\/www.crunchbase.com\/organization\/ringier-ag"]},{"@type":"Person","@id":"https:\/\/www.ringier.com\/fr\/#\/schema\/person\/4cf76a308dc4b2bb5121bd1e7b752e52","name":"Ringier Corporate Communications","image":{"@type":"ImageObject","inLanguage":"fr-FR","@id":"https:\/\/www.ringier.com\/fr\/#\/schema\/person\/image\/","url":"https:\/\/secure.gravatar.com\/avatar\/9391e20481368d5df4fe3e1e476c13b27786347489822ec1ed07e532bb41f587?s=96&d=mm&r=g","contentUrl":"https:\/\/secure.gravatar.com\/avatar\/9391e20481368d5df4fe3e1e476c13b27786347489822ec1ed07e532bb41f587?s=96&d=mm&r=g","caption":"Ringier Corporate Communications"},"sameAs":["https:\/\/www.ringier.com"]}]}},"_links":{"self":[{"href":"https:\/\/www.ringier.com\/fr\/wp-json\/wp\/v2\/posts\/18164","targetHints":{"allow":["GET"]}}],"collection":[{"href":"https:\/\/www.ringier.com\/fr\/wp-json\/wp\/v2\/posts"}],"about":[{"href":"https:\/\/www.ringier.com\/fr\/wp-json\/wp\/v2\/types\/post"}],"author":[{"embeddable":true,"href":"https:\/\/www.ringier.com\/fr\/wp-json\/wp\/v2\/users\/23"}],"replies":[{"embeddable":true,"href":"https:\/\/www.ringier.com\/fr\/wp-json\/wp\/v2\/comments?post=18164"}],"version-history":[{"count":0,"href":"https:\/\/www.ringier.com\/fr\/wp-json\/wp\/v2\/posts\/18164\/revisions"}],"wp:featuredmedia":[{"embeddable":true,"href":"https:\/\/www.ringier.com\/fr\/wp-json\/wp\/v2\/media\/18163"}],"wp:attachment":[{"href":"https:\/\/www.ringier.com\/fr\/wp-json\/wp\/v2\/media?parent=18164"}],"wp:term":[{"taxonomy":"category","embeddable":true,"href":"https:\/\/www.ringier.com\/fr\/wp-json\/wp\/v2\/categories?post=18164"},{"taxonomy":"post_tag","embeddable":true,"href":"https:\/\/www.ringier.com\/fr\/wp-json\/wp\/v2\/tags?post=18164"}],"curies":[{"name":"wp","href":"https:\/\/api.w.org\/{rel}","templated":true}]}}