{"id":18158,"date":"2020-11-03T10:01:00","date_gmt":"2020-11-03T09:01:00","guid":{"rendered":"https:\/\/www.ringier.com\/le-temps-westschweizer-stiftung-aventinus-uebernimmt-le-temps-sa-von-ringier-axel-springer-schweiz-ag\/"},"modified":"2025-06-23T14:55:38","modified_gmt":"2025-06-23T12:55:38","slug":"le-temps-la-fondation-romande-aventinus-rachete-le-temps-sa-a-ringier-axel-springer-suisse-sa","status":"publish","type":"post","link":"https:\/\/www.ringier.com\/fr\/le-temps-la-fondation-romande-aventinus-rachete-le-temps-sa-a-ringier-axel-springer-suisse-sa\/","title":{"rendered":"Le Temps: la Fondation romande Aventinus rach\u00e8te Le Temps SA \u00e0 Ringier Axel Springer Suisse SA"},"content":{"rendered":"\n<p>Pour des raisons strat\u00e9giques, Ringier Axel Springer Suisse SA a d\u00e9cid\u00e9 de se d\u00e9sengager du quotidien de Suisse romande&nbsp;<em>Le Temps<\/em>&nbsp;et de c\u00e9der ses parts \u00e0 la Fondation Aventinus dont l\u2019objectif est de soutenir un journalisme de qualit\u00e9 ind\u00e9pendant et diversifi\u00e9. Le manque de synergies avec son portefeuille de publications, qui se compose principalement de magazines, a \u00e9t\u00e9 le facteur d\u00e9terminant ayant motiv\u00e9 la d\u00e9cision de l\u2019\u00e9diteur. Cette vente \u00e0 Aventinus garantira l\u2019avenir \u00e0 long terme du quotidien et de sa centaine d\u2019emplois. La Fondation entend maintenir&nbsp;<em>Le Temps<\/em>&nbsp;en tant que journal de qualit\u00e9 ind\u00e9pendant en reprenant l\u2019int\u00e9gralit\u00e9 de la r\u00e9daction. St\u00e9phane Benoit-Godet, son actuel r\u00e9dacteur en chef, quittera son poste pour occuper les m\u00eames fonctions au sein du magazine&nbsp;<em>L\u2019illustr\u00e9<\/em>, du m\u00eame \u00e9diteur.<\/p>\n\n\n\n<p><strong>Les avantages du mod\u00e8le de la fondation<\/strong><\/p>\n\n\n\n<p>\u00ab<em>Le Temps<\/em>&nbsp;est un quotidien de grande valeur d\u2019une importance centrale pour la Suisse romande et au-del\u00e0\u00bb, explique Alexander Theobald, CEO de Ringier Axel Springer Suisse. \u00abEt de fait, compte tenu du positionnement de notre maison d\u2019\u00e9dition, nous ne sommes pas en mesure de lui garantir \u00e0 l\u2019avenir la s\u00e9curit\u00e9 qu\u2019il m\u00e9rite.\u00bb En tant que quotidien de Suisse romande,&nbsp;<em>Le Temps<\/em>&nbsp;n\u2019a pu profiter que de fa\u00e7on tr\u00e8s limit\u00e9e d\u2019\u00e9ventuelles synergies au sein du portefeuille de Ringier Axel Springer Suisse.<\/p>\n\n\n\n<p>L\u2019entreprise de m\u00e9dias Ringier Axel Springer Suisse en est donc arriv\u00e9e \u00e0 la conclusion qu\u2019il serait plus prometteur \u00e0 long terme de confier cet engagement \u00e0 une fondation r\u00e9put\u00e9e. \u00abLa reprise du journal&nbsp;<em>Le Temps<\/em>&nbsp;par Aventinus est une bonne nouvelle\u00bb, d\u00e9clare Alexander Theobald. \u00abDans le paysage m\u00e9diatique suisse, le mod\u00e8le de la fondation est un ph\u00e9nom\u00e8ne nouveau, qui a n\u00e9anmoins d\u00e9j\u00e0 fait ses preuves avec des quotidiens de qualit\u00e9 en France et au Royaume-Uni. Avec la Fondation Aventinus, la p\u00e9rennit\u00e9 \u00e0 long terme du journalisme de qualit\u00e9 que&nbsp;<em>Le Temps<\/em>&nbsp;revendique est garantie en Suisse romande. La Fondation, ind\u00e9pendante financi\u00e8rement, dispose d\u2019un excellent r\u00e9seau en Suisse romande. Cette solution offrira par cons\u00e9quent au journal des bases solides. Au vu des conditions de march\u00e9 actuelles, il s\u2019agit l\u00e0 d\u2019une situation optimale pour une publication telle que&nbsp;<em>Le Temps<\/em>\u00bb.<\/p>\n\n\n\n<p><strong>Garantie d\u2019un avenir ind\u00e9pendant \u00e0 long terme<\/strong><\/p>\n\n\n\n<p>\u00ab<em>Le Temps<\/em>&nbsp;est une voix importante de la Suisse romande et nous remercions Ringier Axel Springer Suisse pour l\u2019engagement dont il a fait preuve jusqu\u2019ici \u00e0 l\u2019\u00e9gard du journal\u00bb, d\u00e9clare Fran\u00e7ois Longchamp, pr\u00e9sident de la Fondation Aventinus et ancien pr\u00e9sident du Conseil d\u2019Etat de Gen\u00e8ve. \u00abNous sommes fiers de reprendre la direction de ce journal important et d\u2019accueillir bient\u00f4t l\u2019\u00e9quipe de r\u00e9daction \u00e0 Gen\u00e8ve. Nous nous sommes fix\u00e9s comme mission de soutenir et de promouvoir des m\u00e9dias de grande qualit\u00e9, diversifi\u00e9s et autonomes en Suisse romande. Dans cette p\u00e9riode de turbulence que traverse actuellement le monde des m\u00e9dias, nous allons pouvoir aider l\u2019\u00e9quipe de r\u00e9daction du quotidien \u00e0 assurer \u00e0 ce titre un avenir \u00e9conomique \u00e0 long terme\u00bb.<\/p>\n\n\n\n<p>La Fondation Aventinus a \u00e9t\u00e9 fond\u00e9e en octobre 2019 gr\u00e2ce au soutien de plusieurs fondations dont notamment la Fondation Leenaards, la Fondation Jan Michalski pour l\u2019\u00e9criture et la litt\u00e9rature et la Fondation Hans Wilsdorf. De nombreux m\u00e9c\u00e8nes priv\u00e9s ont \u00e9galement apport\u00e9 un soutien essentiel. La Fondation Aventinus et ses fondateurs attachent une grande importance \u00e0 l\u2019ind\u00e9pendance. Pour cette raison, les fondations donatrices renoncent \u00e0 se faire repr\u00e9senter au comit\u00e9 directeur d\u2019Aventinus; par ailleurs, le conseil d\u2019administration du journal&nbsp;<em>Le Temps<\/em>&nbsp;ne comprendra aucun membre issu d\u2019Aventinus ou des fondations donatrices.<\/p>\n\n\n\n<p><strong>R\u00e9organisation<\/strong><\/p>\n\n\n\n<p>Afin de pr\u00e9parer l\u2019acquisition du&nbsp;<em>Temps<\/em>, la Fondation Aventinus a constitu\u00e9 il y a quelques mois un groupe de travail compos\u00e9 d\u2019experts reconnus de la communication et des m\u00e9dias, dont Eric Hoesli, qui fut le premier r\u00e9dacteur en chef du journal&nbsp;<em>Le Temps<\/em>, Ir\u00e8ne Challand, Abir Oreibi, Tib\u00e8re Adler, Yves Daccord et Pascal Meyer. Ce groupe est d\u00e9sormais charg\u00e9 d\u2019assurer la transition op\u00e9rationnelle, de nommer la nouvelle \u00e9quipe de direction (directeur de la r\u00e9daction, directeur financier et directeur administratif) du titre et de d\u00e9finir l\u2019orientation strat\u00e9gique pour les ann\u00e9es \u00e0 venir.<\/p>\n\n\n\n<p>D\u2019ici l\u2019ach\u00e8vement de la transaction, Aventinus se chargera de nommer le nouveau conseil d\u2019administration du journal qui sera compos\u00e9 de cinq \u00e0 six membres, sous la pr\u00e9sidence d\u2019Eric Hoesli. Par ailleurs, en d\u00e9cembre dernier, la Fondation a annonc\u00e9 l\u2019acquisition d\u2019une participation minoritaire dans Heidi Media SA et vient d\u2019engager des discussions sur la reprise de ce portail d\u2019informations. Ces d\u00e9marches devraient donc offrir d\u2019autres possibilit\u00e9s de synergies pour le journal&nbsp;<em>Le Temps<\/em>&nbsp;qui contribueront ainsi \u00e0 le consolider.<\/p>\n\n\n\n<hr class=\"wp-block-separator has-alpha-channel-opacity\"\/>\n\n\n\n<div class=\"wp-block-columns is-layout-flex wp-container-core-columns-is-layout-9d6595d7 wp-block-columns-is-layout-flex\">\n<div class=\"wp-block-column is-vertically-aligned-bottom is-layout-flow wp-block-column-is-layout-flow\">\n<p class=\"has-small-font-size\">Corporate&nbsp;Communications<br>+41 44 259 64 44<br><a href=\"mailto:media@ringier.ch\" target=\"_blank\" rel=\"noreferrer noopener\">media@ringier.ch<\/a> <br><a href=\"https:\/\/www.ringier.com\/de\/\">www.ringier.co<\/a><a href=\"https:\/\/www.ringier.com\/de\/\" target=\"_blank\" rel=\"noreferrer noopener\">m<\/a><\/p>\n<\/div>\n\n\n\n<div class=\"wp-block-column is-vertically-aligned-bottom is-layout-flow wp-block-column-is-layout-flow\">\n<p class=\"has-text-align-left has-small-font-size\">Ringier<br>Dufourstrasse 23<br>8008 Zurich<br>Suisse<\/p>\n<\/div>\n<\/div>\n\n\n\n<p><\/p>\n","protected":false},"excerpt":{"rendered":"<p>Ringier Axel Springer Suisse SA proc\u00e8de \u00e0 un recentrage strat\u00e9gique de son portefeuille en c\u00e9dant Le Temps SA, et donc le quotidien Le Temps, \u00e0 la Fondation Aventinus dont le si\u00e8ge est \u00e0 Carouge (GE), avec effet au 1er janvier 2021. La maison d\u2019\u00e9dition souhaite se concentrer \u00e0 l\u2019avenir sur ses produits d\u2019\u00e9dition cl\u00e9s. La reprise du quotidien Le Temps par Aventinus va permettre d\u2019assurer la p\u00e9rennit\u00e9 \u00e0 long terme du journal et de sauvegarder ses emplois. La r\u00e9daction d\u00e9m\u00e9nagera de Lausanne \u00e0 Gen\u00e8ve.<\/p>\n","protected":false},"author":23,"featured_media":18157,"comment_status":"closed","ping_status":"open","sticky":false,"template":"","format":"standard","meta":{"inline_featured_image":false,"footnotes":""},"categories":[370,363],"tags":[],"class_list":["post-18158","post","type-post","status-publish","format-standard","has-post-thumbnail","hentry","category-media-fr","category-ringier-medias-suisse"],"yoast_head":"<!-- This site is optimized with the Yoast SEO Premium plugin v27.0 (Yoast SEO v27.0) - https:\/\/yoast.com\/product\/yoast-seo-premium-wordpress\/ -->\n<title>Le Temps: la Fondation romande Aventinus rach\u00e8te Le Temps SA \u00e0 Ringier Axel Springer Suisse SA - Ringier<\/title>\n<meta name=\"robots\" content=\"index, follow, max-snippet:-1, max-image-preview:large, max-video-preview:-1\" \/>\n<link rel=\"canonical\" href=\"https:\/\/www.ringier.com\/fr\/le-temps-la-fondation-romande-aventinus-rachete-le-temps-sa-a-ringier-axel-springer-suisse-sa\/\" \/>\n<meta property=\"og:locale\" content=\"fr_FR\" \/>\n<meta property=\"og:type\" content=\"article\" \/>\n<meta property=\"og:title\" content=\"Le Temps: la Fondation romande Aventinus rach\u00e8te Le Temps SA \u00e0 Ringier Axel Springer Suisse SA\" \/>\n<meta property=\"og:description\" content=\"Ringier Axel Springer Suisse SA proc\u00e8de \u00e0 un recentrage strat\u00e9gique de son portefeuille en c\u00e9dant Le Temps SA, et donc le quotidien Le Temps, \u00e0 la Fondation Aventinus dont le si\u00e8ge est \u00e0 Carouge (GE), avec effet au 1er janvier 2021. La maison d\u2019\u00e9dition souhaite se concentrer \u00e0 l\u2019avenir sur ses produits d\u2019\u00e9dition cl\u00e9s. La reprise du quotidien Le Temps par Aventinus va permettre d\u2019assurer la p\u00e9rennit\u00e9 \u00e0 long terme du journal et de sauvegarder ses emplois. La r\u00e9daction d\u00e9m\u00e9nagera de Lausanne \u00e0 Gen\u00e8ve.\" \/>\n<meta property=\"og:url\" content=\"https:\/\/www.ringier.com\/fr\/le-temps-la-fondation-romande-aventinus-rachete-le-temps-sa-a-ringier-axel-springer-suisse-sa\/\" \/>\n<meta property=\"og:site_name\" content=\"Ringier\" \/>\n<meta property=\"article:publisher\" content=\"https:\/\/www.facebook.com\/ringierag\/\" \/>\n<meta property=\"article:published_time\" content=\"2020-11-03T09:01:00+00:00\" \/>\n<meta property=\"article:modified_time\" content=\"2025-06-23T12:55:38+00:00\" \/>\n<meta property=\"og:image\" content=\"https:\/\/www.ringier.com\/wp-content\/uploads\/2024\/01\/logo_le_temps_2020.jpg\" \/>\n\t<meta property=\"og:image:width\" content=\"2000\" \/>\n\t<meta property=\"og:image:height\" content=\"1334\" \/>\n\t<meta property=\"og:image:type\" content=\"image\/jpeg\" \/>\n<meta name=\"author\" content=\"Ringier Corporate Communications\" \/>\n<meta name=\"twitter:card\" content=\"summary_large_image\" \/>\n<meta name=\"twitter:creator\" content=\"@ringier_ag\" \/>\n<meta name=\"twitter:site\" content=\"@ringier_ag\" \/>\n<meta name=\"twitter:label1\" content=\"\u00c9crit par\" \/>\n\t<meta name=\"twitter:data1\" content=\"Ringier Corporate Communications\" \/>\n\t<meta name=\"twitter:label2\" content=\"Dur\u00e9e de lecture estim\u00e9e\" \/>\n\t<meta name=\"twitter:data2\" content=\"5 minutes\" \/>\n<script type=\"application\/ld+json\" class=\"yoast-schema-graph\">{\"@context\":\"https:\/\/schema.org\",\"@graph\":[{\"@type\":\"Article\",\"@id\":\"https:\/\/www.ringier.com\/fr\/le-temps-la-fondation-romande-aventinus-rachete-le-temps-sa-a-ringier-axel-springer-suisse-sa\/#article\",\"isPartOf\":{\"@id\":\"https:\/\/www.ringier.com\/fr\/le-temps-la-fondation-romande-aventinus-rachete-le-temps-sa-a-ringier-axel-springer-suisse-sa\/\"},\"author\":{\"name\":\"Ringier Corporate Communications\",\"@id\":\"https:\/\/www.ringier.com\/fr\/#\/schema\/person\/4cf76a308dc4b2bb5121bd1e7b752e52\"},\"headline\":\"Le Temps: la Fondation romande Aventinus rach\u00e8te Le Temps SA \u00e0 Ringier Axel Springer Suisse SA\",\"datePublished\":\"2020-11-03T09:01:00+00:00\",\"dateModified\":\"2025-06-23T12:55:38+00:00\",\"mainEntityOfPage\":{\"@id\":\"https:\/\/www.ringier.com\/fr\/le-temps-la-fondation-romande-aventinus-rachete-le-temps-sa-a-ringier-axel-springer-suisse-sa\/\"},\"wordCount\":883,\"publisher\":{\"@id\":\"https:\/\/www.ringier.com\/fr\/#organization\"},\"image\":{\"@id\":\"https:\/\/www.ringier.com\/fr\/le-temps-la-fondation-romande-aventinus-rachete-le-temps-sa-a-ringier-axel-springer-suisse-sa\/#primaryimage\"},\"thumbnailUrl\":\"https:\/\/www.ringier.com\/wp-content\/uploads\/2024\/01\/logo_le_temps_2020.jpg\",\"articleSection\":[\"Media\",\"Ringier Medias Suisse\"],\"inLanguage\":\"fr-FR\"},{\"@type\":\"WebPage\",\"@id\":\"https:\/\/www.ringier.com\/fr\/le-temps-la-fondation-romande-aventinus-rachete-le-temps-sa-a-ringier-axel-springer-suisse-sa\/\",\"url\":\"https:\/\/www.ringier.com\/fr\/le-temps-la-fondation-romande-aventinus-rachete-le-temps-sa-a-ringier-axel-springer-suisse-sa\/\",\"name\":\"Le Temps: la Fondation romande Aventinus rach\u00e8te Le Temps SA \u00e0 Ringier Axel Springer Suisse SA - Ringier\",\"isPartOf\":{\"@id\":\"https:\/\/www.ringier.com\/fr\/#website\"},\"primaryImageOfPage\":{\"@id\":\"https:\/\/www.ringier.com\/fr\/le-temps-la-fondation-romande-aventinus-rachete-le-temps-sa-a-ringier-axel-springer-suisse-sa\/#primaryimage\"},\"image\":{\"@id\":\"https:\/\/www.ringier.com\/fr\/le-temps-la-fondation-romande-aventinus-rachete-le-temps-sa-a-ringier-axel-springer-suisse-sa\/#primaryimage\"},\"thumbnailUrl\":\"https:\/\/www.ringier.com\/wp-content\/uploads\/2024\/01\/logo_le_temps_2020.jpg\",\"datePublished\":\"2020-11-03T09:01:00+00:00\",\"dateModified\":\"2025-06-23T12:55:38+00:00\",\"breadcrumb\":{\"@id\":\"https:\/\/www.ringier.com\/fr\/le-temps-la-fondation-romande-aventinus-rachete-le-temps-sa-a-ringier-axel-springer-suisse-sa\/#breadcrumb\"},\"inLanguage\":\"fr-FR\",\"potentialAction\":[{\"@type\":\"ReadAction\",\"target\":[\"https:\/\/www.ringier.com\/fr\/le-temps-la-fondation-romande-aventinus-rachete-le-temps-sa-a-ringier-axel-springer-suisse-sa\/\"]}]},{\"@type\":\"ImageObject\",\"inLanguage\":\"fr-FR\",\"@id\":\"https:\/\/www.ringier.com\/fr\/le-temps-la-fondation-romande-aventinus-rachete-le-temps-sa-a-ringier-axel-springer-suisse-sa\/#primaryimage\",\"url\":\"https:\/\/www.ringier.com\/wp-content\/uploads\/2024\/01\/logo_le_temps_2020.jpg\",\"contentUrl\":\"https:\/\/www.ringier.com\/wp-content\/uploads\/2024\/01\/logo_le_temps_2020.jpg\",\"width\":2000,\"height\":1334},{\"@type\":\"BreadcrumbList\",\"@id\":\"https:\/\/www.ringier.com\/fr\/le-temps-la-fondation-romande-aventinus-rachete-le-temps-sa-a-ringier-axel-springer-suisse-sa\/#breadcrumb\",\"itemListElement\":[{\"@type\":\"ListItem\",\"position\":1,\"name\":\"Home\",\"item\":\"https:\/\/www.ringier.com\/fr\/\"},{\"@type\":\"ListItem\",\"position\":2,\"name\":\"Le Temps: la Fondation romande Aventinus rach\u00e8te Le Temps SA \u00e0 Ringier Axel Springer Suisse SA\"}]},{\"@type\":\"WebSite\",\"@id\":\"https:\/\/www.ringier.com\/fr\/#website\",\"url\":\"https:\/\/www.ringier.com\/fr\/\",\"name\":\"Ringier\",\"description\":\"We inform. We entertain. We connect\",\"publisher\":{\"@id\":\"https:\/\/www.ringier.com\/fr\/#organization\"},\"potentialAction\":[{\"@type\":\"SearchAction\",\"target\":{\"@type\":\"EntryPoint\",\"urlTemplate\":\"https:\/\/www.ringier.com\/fr\/?s={search_term_string}\"},\"query-input\":{\"@type\":\"PropertyValueSpecification\",\"valueRequired\":true,\"valueName\":\"search_term_string\"}}],\"inLanguage\":\"fr-FR\"},{\"@type\":\"Organization\",\"@id\":\"https:\/\/www.ringier.com\/fr\/#organization\",\"name\":\"Ringier\",\"url\":\"https:\/\/www.ringier.com\/fr\/\",\"logo\":{\"@type\":\"ImageObject\",\"inLanguage\":\"fr-FR\",\"@id\":\"https:\/\/www.ringier.com\/fr\/#\/schema\/logo\/image\/\",\"url\":\"https:\/\/www.ringier.com\/wp-content\/uploads\/2021\/10\/ringier_logo_2.jpg\",\"contentUrl\":\"https:\/\/www.ringier.com\/wp-content\/uploads\/2021\/10\/ringier_logo_2.jpg\",\"width\":750,\"height\":550,\"caption\":\"Ringier\"},\"image\":{\"@id\":\"https:\/\/www.ringier.com\/fr\/#\/schema\/logo\/image\/\"},\"sameAs\":[\"https:\/\/www.facebook.com\/ringierag\/\",\"https:\/\/x.com\/ringier_ag\",\"https:\/\/www.instagram.com\/ringier_ag\/\",\"https:\/\/www.linkedin.com\/company\/ringier\/\",\"https:\/\/www.youtube.com\/user\/RingierComm\",\"https:\/\/en.wikipedia.org\/wiki\/Ringier\",\"https:\/\/de.wikipedia.org\/wiki\/Ringier\",\"https:\/\/fr.wikipedia.org\/wiki\/Ringier\",\"https:\/\/www.crunchbase.com\/organization\/ringier-ag\"]},{\"@type\":\"Person\",\"@id\":\"https:\/\/www.ringier.com\/fr\/#\/schema\/person\/4cf76a308dc4b2bb5121bd1e7b752e52\",\"name\":\"Ringier Corporate Communications\",\"image\":{\"@type\":\"ImageObject\",\"inLanguage\":\"fr-FR\",\"@id\":\"https:\/\/www.ringier.com\/fr\/#\/schema\/person\/image\/\",\"url\":\"https:\/\/secure.gravatar.com\/avatar\/9391e20481368d5df4fe3e1e476c13b27786347489822ec1ed07e532bb41f587?s=96&d=mm&r=g\",\"contentUrl\":\"https:\/\/secure.gravatar.com\/avatar\/9391e20481368d5df4fe3e1e476c13b27786347489822ec1ed07e532bb41f587?s=96&d=mm&r=g\",\"caption\":\"Ringier Corporate Communications\"},\"sameAs\":[\"https:\/\/www.ringier.com\"]}]}<\/script>\n<!-- \/ Yoast SEO Premium plugin. -->","yoast_head_json":{"title":"Le Temps: la Fondation romande Aventinus rach\u00e8te Le Temps SA \u00e0 Ringier Axel Springer Suisse SA - Ringier","robots":{"index":"index","follow":"follow","max-snippet":"max-snippet:-1","max-image-preview":"max-image-preview:large","max-video-preview":"max-video-preview:-1"},"canonical":"https:\/\/www.ringier.com\/fr\/le-temps-la-fondation-romande-aventinus-rachete-le-temps-sa-a-ringier-axel-springer-suisse-sa\/","og_locale":"fr_FR","og_type":"article","og_title":"Le Temps: la Fondation romande Aventinus rach\u00e8te Le Temps SA \u00e0 Ringier Axel Springer Suisse SA","og_description":"Ringier Axel Springer Suisse SA proc\u00e8de \u00e0 un recentrage strat\u00e9gique de son portefeuille en c\u00e9dant Le Temps SA, et donc le quotidien Le Temps, \u00e0 la Fondation Aventinus dont le si\u00e8ge est \u00e0 Carouge (GE), avec effet au 1er janvier 2021. La maison d\u2019\u00e9dition souhaite se concentrer \u00e0 l\u2019avenir sur ses produits d\u2019\u00e9dition cl\u00e9s. La reprise du quotidien Le Temps par Aventinus va permettre d\u2019assurer la p\u00e9rennit\u00e9 \u00e0 long terme du journal et de sauvegarder ses emplois. La r\u00e9daction d\u00e9m\u00e9nagera de Lausanne \u00e0 Gen\u00e8ve.","og_url":"https:\/\/www.ringier.com\/fr\/le-temps-la-fondation-romande-aventinus-rachete-le-temps-sa-a-ringier-axel-springer-suisse-sa\/","og_site_name":"Ringier","article_publisher":"https:\/\/www.facebook.com\/ringierag\/","article_published_time":"2020-11-03T09:01:00+00:00","article_modified_time":"2025-06-23T12:55:38+00:00","og_image":[{"width":2000,"height":1334,"url":"https:\/\/www.ringier.com\/wp-content\/uploads\/2024\/01\/logo_le_temps_2020.jpg","type":"image\/jpeg"}],"author":"Ringier Corporate Communications","twitter_card":"summary_large_image","twitter_creator":"@ringier_ag","twitter_site":"@ringier_ag","twitter_misc":{"\u00c9crit par":"Ringier Corporate Communications","Dur\u00e9e de lecture estim\u00e9e":"5 minutes"},"schema":{"@context":"https:\/\/schema.org","@graph":[{"@type":"Article","@id":"https:\/\/www.ringier.com\/fr\/le-temps-la-fondation-romande-aventinus-rachete-le-temps-sa-a-ringier-axel-springer-suisse-sa\/#article","isPartOf":{"@id":"https:\/\/www.ringier.com\/fr\/le-temps-la-fondation-romande-aventinus-rachete-le-temps-sa-a-ringier-axel-springer-suisse-sa\/"},"author":{"name":"Ringier Corporate Communications","@id":"https:\/\/www.ringier.com\/fr\/#\/schema\/person\/4cf76a308dc4b2bb5121bd1e7b752e52"},"headline":"Le Temps: la Fondation romande Aventinus rach\u00e8te Le Temps SA \u00e0 Ringier Axel Springer Suisse SA","datePublished":"2020-11-03T09:01:00+00:00","dateModified":"2025-06-23T12:55:38+00:00","mainEntityOfPage":{"@id":"https:\/\/www.ringier.com\/fr\/le-temps-la-fondation-romande-aventinus-rachete-le-temps-sa-a-ringier-axel-springer-suisse-sa\/"},"wordCount":883,"publisher":{"@id":"https:\/\/www.ringier.com\/fr\/#organization"},"image":{"@id":"https:\/\/www.ringier.com\/fr\/le-temps-la-fondation-romande-aventinus-rachete-le-temps-sa-a-ringier-axel-springer-suisse-sa\/#primaryimage"},"thumbnailUrl":"https:\/\/www.ringier.com\/wp-content\/uploads\/2024\/01\/logo_le_temps_2020.jpg","articleSection":["Media","Ringier Medias Suisse"],"inLanguage":"fr-FR"},{"@type":"WebPage","@id":"https:\/\/www.ringier.com\/fr\/le-temps-la-fondation-romande-aventinus-rachete-le-temps-sa-a-ringier-axel-springer-suisse-sa\/","url":"https:\/\/www.ringier.com\/fr\/le-temps-la-fondation-romande-aventinus-rachete-le-temps-sa-a-ringier-axel-springer-suisse-sa\/","name":"Le Temps: la Fondation romande Aventinus rach\u00e8te Le Temps SA \u00e0 Ringier Axel Springer Suisse SA - Ringier","isPartOf":{"@id":"https:\/\/www.ringier.com\/fr\/#website"},"primaryImageOfPage":{"@id":"https:\/\/www.ringier.com\/fr\/le-temps-la-fondation-romande-aventinus-rachete-le-temps-sa-a-ringier-axel-springer-suisse-sa\/#primaryimage"},"image":{"@id":"https:\/\/www.ringier.com\/fr\/le-temps-la-fondation-romande-aventinus-rachete-le-temps-sa-a-ringier-axel-springer-suisse-sa\/#primaryimage"},"thumbnailUrl":"https:\/\/www.ringier.com\/wp-content\/uploads\/2024\/01\/logo_le_temps_2020.jpg","datePublished":"2020-11-03T09:01:00+00:00","dateModified":"2025-06-23T12:55:38+00:00","breadcrumb":{"@id":"https:\/\/www.ringier.com\/fr\/le-temps-la-fondation-romande-aventinus-rachete-le-temps-sa-a-ringier-axel-springer-suisse-sa\/#breadcrumb"},"inLanguage":"fr-FR","potentialAction":[{"@type":"ReadAction","target":["https:\/\/www.ringier.com\/fr\/le-temps-la-fondation-romande-aventinus-rachete-le-temps-sa-a-ringier-axel-springer-suisse-sa\/"]}]},{"@type":"ImageObject","inLanguage":"fr-FR","@id":"https:\/\/www.ringier.com\/fr\/le-temps-la-fondation-romande-aventinus-rachete-le-temps-sa-a-ringier-axel-springer-suisse-sa\/#primaryimage","url":"https:\/\/www.ringier.com\/wp-content\/uploads\/2024\/01\/logo_le_temps_2020.jpg","contentUrl":"https:\/\/www.ringier.com\/wp-content\/uploads\/2024\/01\/logo_le_temps_2020.jpg","width":2000,"height":1334},{"@type":"BreadcrumbList","@id":"https:\/\/www.ringier.com\/fr\/le-temps-la-fondation-romande-aventinus-rachete-le-temps-sa-a-ringier-axel-springer-suisse-sa\/#breadcrumb","itemListElement":[{"@type":"ListItem","position":1,"name":"Home","item":"https:\/\/www.ringier.com\/fr\/"},{"@type":"ListItem","position":2,"name":"Le Temps: la Fondation romande Aventinus rach\u00e8te Le Temps SA \u00e0 Ringier Axel Springer Suisse SA"}]},{"@type":"WebSite","@id":"https:\/\/www.ringier.com\/fr\/#website","url":"https:\/\/www.ringier.com\/fr\/","name":"Ringier","description":"We inform. We entertain. We connect","publisher":{"@id":"https:\/\/www.ringier.com\/fr\/#organization"},"potentialAction":[{"@type":"SearchAction","target":{"@type":"EntryPoint","urlTemplate":"https:\/\/www.ringier.com\/fr\/?s={search_term_string}"},"query-input":{"@type":"PropertyValueSpecification","valueRequired":true,"valueName":"search_term_string"}}],"inLanguage":"fr-FR"},{"@type":"Organization","@id":"https:\/\/www.ringier.com\/fr\/#organization","name":"Ringier","url":"https:\/\/www.ringier.com\/fr\/","logo":{"@type":"ImageObject","inLanguage":"fr-FR","@id":"https:\/\/www.ringier.com\/fr\/#\/schema\/logo\/image\/","url":"https:\/\/www.ringier.com\/wp-content\/uploads\/2021\/10\/ringier_logo_2.jpg","contentUrl":"https:\/\/www.ringier.com\/wp-content\/uploads\/2021\/10\/ringier_logo_2.jpg","width":750,"height":550,"caption":"Ringier"},"image":{"@id":"https:\/\/www.ringier.com\/fr\/#\/schema\/logo\/image\/"},"sameAs":["https:\/\/www.facebook.com\/ringierag\/","https:\/\/x.com\/ringier_ag","https:\/\/www.instagram.com\/ringier_ag\/","https:\/\/www.linkedin.com\/company\/ringier\/","https:\/\/www.youtube.com\/user\/RingierComm","https:\/\/en.wikipedia.org\/wiki\/Ringier","https:\/\/de.wikipedia.org\/wiki\/Ringier","https:\/\/fr.wikipedia.org\/wiki\/Ringier","https:\/\/www.crunchbase.com\/organization\/ringier-ag"]},{"@type":"Person","@id":"https:\/\/www.ringier.com\/fr\/#\/schema\/person\/4cf76a308dc4b2bb5121bd1e7b752e52","name":"Ringier Corporate Communications","image":{"@type":"ImageObject","inLanguage":"fr-FR","@id":"https:\/\/www.ringier.com\/fr\/#\/schema\/person\/image\/","url":"https:\/\/secure.gravatar.com\/avatar\/9391e20481368d5df4fe3e1e476c13b27786347489822ec1ed07e532bb41f587?s=96&d=mm&r=g","contentUrl":"https:\/\/secure.gravatar.com\/avatar\/9391e20481368d5df4fe3e1e476c13b27786347489822ec1ed07e532bb41f587?s=96&d=mm&r=g","caption":"Ringier Corporate Communications"},"sameAs":["https:\/\/www.ringier.com"]}]}},"_links":{"self":[{"href":"https:\/\/www.ringier.com\/fr\/wp-json\/wp\/v2\/posts\/18158","targetHints":{"allow":["GET"]}}],"collection":[{"href":"https:\/\/www.ringier.com\/fr\/wp-json\/wp\/v2\/posts"}],"about":[{"href":"https:\/\/www.ringier.com\/fr\/wp-json\/wp\/v2\/types\/post"}],"author":[{"embeddable":true,"href":"https:\/\/www.ringier.com\/fr\/wp-json\/wp\/v2\/users\/23"}],"replies":[{"embeddable":true,"href":"https:\/\/www.ringier.com\/fr\/wp-json\/wp\/v2\/comments?post=18158"}],"version-history":[{"count":0,"href":"https:\/\/www.ringier.com\/fr\/wp-json\/wp\/v2\/posts\/18158\/revisions"}],"wp:featuredmedia":[{"embeddable":true,"href":"https:\/\/www.ringier.com\/fr\/wp-json\/wp\/v2\/media\/18157"}],"wp:attachment":[{"href":"https:\/\/www.ringier.com\/fr\/wp-json\/wp\/v2\/media?parent=18158"}],"wp:term":[{"taxonomy":"category","embeddable":true,"href":"https:\/\/www.ringier.com\/fr\/wp-json\/wp\/v2\/categories?post=18158"},{"taxonomy":"post_tag","embeddable":true,"href":"https:\/\/www.ringier.com\/fr\/wp-json\/wp\/v2\/tags?post=18158"}],"curies":[{"name":"wp","href":"https:\/\/api.w.org\/{rel}","templated":true}]}}