{"id":18061,"date":"2021-08-02T15:11:00","date_gmt":"2021-08-02T13:11:00","guid":{"rendered":"https:\/\/www.ringier.com\/malta-fazzari-wird-neue-head-hr-ringier-axel-springer-schweiz-ag\/"},"modified":"2025-06-23T14:42:29","modified_gmt":"2025-06-23T12:42:29","slug":"malta-fazzari-devient-la-nouvelle-directrice-rh-ringier-axel-springer-suisse-sa","status":"publish","type":"post","link":"https:\/\/www.ringier.com\/fr\/malta-fazzari-devient-la-nouvelle-directrice-rh-ringier-axel-springer-suisse-sa\/","title":{"rendered":"Malta Fazzari devient la nouvelle directrice RH Ringier Axel Springer Suisse SA"},"content":{"rendered":"\n<p>Malta Fazzari (45 ans) reprendra la direction des RH de Ringier Axel Springer Suisse le 1er novembre 2021. Actuellement responsable des ressources humaines de la division&nbsp;<em>BonusCard<\/em>&nbsp;de Corn\u00e8rbank, elle a auparavant travaill\u00e9 comme responsable des ressources humaines dans diff\u00e9rents secteurs. Juriste de formation, elle est sp\u00e9cialis\u00e9e dans le droit du travail et dipl\u00f4m\u00e9e de l\u2019universit\u00e9 de Constance.<\/p>\n\n\n\n<p>\u00abLes RH sont plus cruciales que jamais \u00e0 l\u2019\u00e9poque actuelle\u00bb, d\u00e9clare Alexander Theobald, CEO de Ringier Axel Springer Suisse. \u00abLes formes de travail et les besoins du personnel continueront \u00e0 changer dans la p\u00e9riode \u00e0 venir. Avec Malta Fazzari, nous gagnons une experte en RH exp\u00e9riment\u00e9e qui apportera des impulsions pr\u00e9cieuses \u00e0 la gestion des RH. Je me r\u00e9jouis de notre collaboration.\u00bb<\/p>\n\n\n\n<p>Malta Fazzari succ\u00e8de \u00e0 Patricia Franzoni, qui occupe le poste de directrice RH de Ringier Axel Springer Suisse depuis 2017. \u00abJe tiens \u00e0 remercier sinc\u00e8rement Patricia Franzoni pour son engagement remarquable jusqu\u2019\u00e0 pr\u00e9sent, notamment lors des d\u00e9fis particuliers de l\u2019ann\u00e9e derni\u00e8re\u00bb, d\u00e9clare Alexander Theobald. \u00abElle a jou\u00e9 un r\u00f4le d\u00e9terminant dans la capacit\u00e9 de Ringier Axel Springer Suisse \u00e0 augmenter constamment la satisfaction du personnel au cours des derni\u00e8res ann\u00e9es. Je lui souhaite le meilleur pour la suite, tant sur le plan professionnel que priv\u00e9.\u00bb<\/p>\n\n\n\n<hr class=\"wp-block-separator has-alpha-channel-opacity\"\/>\n\n\n\n<div class=\"wp-block-columns is-layout-flex wp-container-core-columns-is-layout-9d6595d7 wp-block-columns-is-layout-flex\">\n<div class=\"wp-block-column is-vertically-aligned-bottom is-layout-flow wp-block-column-is-layout-flow\">\n<p class=\"has-small-font-size\">Corporate&nbsp;Communications<br>+41 44 259 64 44<br><a href=\"mailto:media@ringier.ch\" target=\"_blank\" rel=\"noreferrer noopener\">media@ringier.ch<\/a> <br><a href=\"https:\/\/www.ringier.com\/de\/\">www.ringier.co<\/a><a href=\"https:\/\/www.ringier.com\/de\/\" target=\"_blank\" rel=\"noreferrer noopener\">m<\/a><\/p>\n<\/div>\n\n\n\n<div class=\"wp-block-column is-vertically-aligned-bottom is-layout-flow wp-block-column-is-layout-flow\">\n<p class=\"has-text-align-left has-small-font-size\">Ringier<br>Dufourstrasse 23<br>8008 Z\u00fcrich<br>Schweiz<\/p>\n<\/div>\n<\/div>\n\n\n\n<p><\/p>\n","protected":false},"excerpt":{"rendered":"<p>Malta Fazzari, actuellement responsable des ressources humaines chez BonusCard, rejoindra Ringier Axel Springer Suisse au poste de directrice RH le 1er novembre 2021. Elle sera membre de l\u2019\u00e9quipe de direction \u00e9largie et succ\u00e9dera \u00e0 Patricia Franzoni, qui quitte l&rsquo;entreprise \u00e0 sa demande apr\u00e8s quatre ans pour relever un nouveau d\u00e9fi.<\/p>\n","protected":false},"author":23,"featured_media":18060,"comment_status":"closed","ping_status":"open","sticky":false,"template":"","format":"standard","meta":{"inline_featured_image":false,"footnotes":""},"categories":[370,363],"tags":[],"class_list":["post-18061","post","type-post","status-publish","format-standard","has-post-thumbnail","hentry","category-media-fr","category-ringier-medias-suisse"],"yoast_head":"<!-- This site is optimized with the Yoast SEO Premium plugin v27.0 (Yoast SEO v27.0) - https:\/\/yoast.com\/product\/yoast-seo-premium-wordpress\/ -->\n<title>Malta Fazzari devient la nouvelle directrice RH Ringier Axel Springer Suisse SA - Ringier<\/title>\n<meta name=\"robots\" content=\"index, follow, max-snippet:-1, max-image-preview:large, max-video-preview:-1\" \/>\n<link rel=\"canonical\" href=\"https:\/\/www.ringier.com\/fr\/malta-fazzari-devient-la-nouvelle-directrice-rh-ringier-axel-springer-suisse-sa\/\" \/>\n<meta property=\"og:locale\" content=\"fr_FR\" \/>\n<meta property=\"og:type\" content=\"article\" \/>\n<meta property=\"og:title\" content=\"Malta Fazzari devient la nouvelle directrice RH Ringier Axel Springer Suisse SA\" \/>\n<meta property=\"og:description\" content=\"Malta Fazzari, actuellement responsable des ressources humaines chez BonusCard, rejoindra Ringier Axel Springer Suisse au poste de directrice RH le 1er novembre 2021. Elle sera membre de l\u2019\u00e9quipe de direction \u00e9largie et succ\u00e9dera \u00e0 Patricia Franzoni, qui quitte l&#039;entreprise \u00e0 sa demande apr\u00e8s quatre ans pour relever un nouveau d\u00e9fi.\" \/>\n<meta property=\"og:url\" content=\"https:\/\/www.ringier.com\/fr\/malta-fazzari-devient-la-nouvelle-directrice-rh-ringier-axel-springer-suisse-sa\/\" \/>\n<meta property=\"og:site_name\" content=\"Ringier\" \/>\n<meta property=\"article:publisher\" content=\"https:\/\/www.facebook.com\/ringierag\/\" \/>\n<meta property=\"article:published_time\" content=\"2021-08-02T13:11:00+00:00\" \/>\n<meta property=\"article:modified_time\" content=\"2025-06-23T12:42:29+00:00\" \/>\n<meta property=\"og:image\" content=\"https:\/\/www.ringier.com\/wp-content\/uploads\/2024\/01\/portraet_malta_fazzari.png\" \/>\n\t<meta property=\"og:image:width\" content=\"952\" \/>\n\t<meta property=\"og:image:height\" content=\"554\" \/>\n\t<meta property=\"og:image:type\" content=\"image\/png\" \/>\n<meta name=\"author\" content=\"Ringier Corporate Communications\" \/>\n<meta name=\"twitter:card\" content=\"summary_large_image\" \/>\n<meta name=\"twitter:creator\" content=\"@ringier_ag\" \/>\n<meta name=\"twitter:site\" content=\"@ringier_ag\" \/>\n<meta name=\"twitter:label1\" content=\"\u00c9crit par\" \/>\n\t<meta name=\"twitter:data1\" content=\"Ringier Corporate Communications\" \/>\n\t<meta name=\"twitter:label2\" content=\"Dur\u00e9e de lecture estim\u00e9e\" \/>\n\t<meta name=\"twitter:data2\" content=\"2 minutes\" \/>\n<script type=\"application\/ld+json\" class=\"yoast-schema-graph\">{\"@context\":\"https:\/\/schema.org\",\"@graph\":[{\"@type\":\"Article\",\"@id\":\"https:\/\/www.ringier.com\/fr\/malta-fazzari-devient-la-nouvelle-directrice-rh-ringier-axel-springer-suisse-sa\/#article\",\"isPartOf\":{\"@id\":\"https:\/\/www.ringier.com\/fr\/malta-fazzari-devient-la-nouvelle-directrice-rh-ringier-axel-springer-suisse-sa\/\"},\"author\":{\"name\":\"Ringier Corporate Communications\",\"@id\":\"https:\/\/www.ringier.com\/fr\/#\/schema\/person\/4cf76a308dc4b2bb5121bd1e7b752e52\"},\"headline\":\"Malta Fazzari devient la nouvelle directrice RH Ringier Axel Springer Suisse SA\",\"datePublished\":\"2021-08-02T13:11:00+00:00\",\"dateModified\":\"2025-06-23T12:42:29+00:00\",\"mainEntityOfPage\":{\"@id\":\"https:\/\/www.ringier.com\/fr\/malta-fazzari-devient-la-nouvelle-directrice-rh-ringier-axel-springer-suisse-sa\/\"},\"wordCount\":248,\"publisher\":{\"@id\":\"https:\/\/www.ringier.com\/fr\/#organization\"},\"image\":{\"@id\":\"https:\/\/www.ringier.com\/fr\/malta-fazzari-devient-la-nouvelle-directrice-rh-ringier-axel-springer-suisse-sa\/#primaryimage\"},\"thumbnailUrl\":\"https:\/\/www.ringier.com\/wp-content\/uploads\/2024\/01\/portraet_malta_fazzari.png\",\"articleSection\":[\"Media\",\"Ringier Medias Suisse\"],\"inLanguage\":\"fr-FR\"},{\"@type\":\"WebPage\",\"@id\":\"https:\/\/www.ringier.com\/fr\/malta-fazzari-devient-la-nouvelle-directrice-rh-ringier-axel-springer-suisse-sa\/\",\"url\":\"https:\/\/www.ringier.com\/fr\/malta-fazzari-devient-la-nouvelle-directrice-rh-ringier-axel-springer-suisse-sa\/\",\"name\":\"Malta Fazzari devient la nouvelle directrice RH Ringier Axel Springer Suisse SA - Ringier\",\"isPartOf\":{\"@id\":\"https:\/\/www.ringier.com\/fr\/#website\"},\"primaryImageOfPage\":{\"@id\":\"https:\/\/www.ringier.com\/fr\/malta-fazzari-devient-la-nouvelle-directrice-rh-ringier-axel-springer-suisse-sa\/#primaryimage\"},\"image\":{\"@id\":\"https:\/\/www.ringier.com\/fr\/malta-fazzari-devient-la-nouvelle-directrice-rh-ringier-axel-springer-suisse-sa\/#primaryimage\"},\"thumbnailUrl\":\"https:\/\/www.ringier.com\/wp-content\/uploads\/2024\/01\/portraet_malta_fazzari.png\",\"datePublished\":\"2021-08-02T13:11:00+00:00\",\"dateModified\":\"2025-06-23T12:42:29+00:00\",\"breadcrumb\":{\"@id\":\"https:\/\/www.ringier.com\/fr\/malta-fazzari-devient-la-nouvelle-directrice-rh-ringier-axel-springer-suisse-sa\/#breadcrumb\"},\"inLanguage\":\"fr-FR\",\"potentialAction\":[{\"@type\":\"ReadAction\",\"target\":[\"https:\/\/www.ringier.com\/fr\/malta-fazzari-devient-la-nouvelle-directrice-rh-ringier-axel-springer-suisse-sa\/\"]}]},{\"@type\":\"ImageObject\",\"inLanguage\":\"fr-FR\",\"@id\":\"https:\/\/www.ringier.com\/fr\/malta-fazzari-devient-la-nouvelle-directrice-rh-ringier-axel-springer-suisse-sa\/#primaryimage\",\"url\":\"https:\/\/www.ringier.com\/wp-content\/uploads\/2024\/01\/portraet_malta_fazzari.png\",\"contentUrl\":\"https:\/\/www.ringier.com\/wp-content\/uploads\/2024\/01\/portraet_malta_fazzari.png\",\"width\":952,\"height\":554},{\"@type\":\"BreadcrumbList\",\"@id\":\"https:\/\/www.ringier.com\/fr\/malta-fazzari-devient-la-nouvelle-directrice-rh-ringier-axel-springer-suisse-sa\/#breadcrumb\",\"itemListElement\":[{\"@type\":\"ListItem\",\"position\":1,\"name\":\"Home\",\"item\":\"https:\/\/www.ringier.com\/fr\/\"},{\"@type\":\"ListItem\",\"position\":2,\"name\":\"Malta Fazzari devient la nouvelle directrice RH Ringier Axel Springer Suisse SA\"}]},{\"@type\":\"WebSite\",\"@id\":\"https:\/\/www.ringier.com\/fr\/#website\",\"url\":\"https:\/\/www.ringier.com\/fr\/\",\"name\":\"Ringier\",\"description\":\"We inform. We entertain. We connect\",\"publisher\":{\"@id\":\"https:\/\/www.ringier.com\/fr\/#organization\"},\"potentialAction\":[{\"@type\":\"SearchAction\",\"target\":{\"@type\":\"EntryPoint\",\"urlTemplate\":\"https:\/\/www.ringier.com\/fr\/?s={search_term_string}\"},\"query-input\":{\"@type\":\"PropertyValueSpecification\",\"valueRequired\":true,\"valueName\":\"search_term_string\"}}],\"inLanguage\":\"fr-FR\"},{\"@type\":\"Organization\",\"@id\":\"https:\/\/www.ringier.com\/fr\/#organization\",\"name\":\"Ringier\",\"url\":\"https:\/\/www.ringier.com\/fr\/\",\"logo\":{\"@type\":\"ImageObject\",\"inLanguage\":\"fr-FR\",\"@id\":\"https:\/\/www.ringier.com\/fr\/#\/schema\/logo\/image\/\",\"url\":\"https:\/\/www.ringier.com\/wp-content\/uploads\/2021\/10\/ringier_logo_2.jpg\",\"contentUrl\":\"https:\/\/www.ringier.com\/wp-content\/uploads\/2021\/10\/ringier_logo_2.jpg\",\"width\":750,\"height\":550,\"caption\":\"Ringier\"},\"image\":{\"@id\":\"https:\/\/www.ringier.com\/fr\/#\/schema\/logo\/image\/\"},\"sameAs\":[\"https:\/\/www.facebook.com\/ringierag\/\",\"https:\/\/x.com\/ringier_ag\",\"https:\/\/www.instagram.com\/ringier_ag\/\",\"https:\/\/www.linkedin.com\/company\/ringier\/\",\"https:\/\/www.youtube.com\/user\/RingierComm\",\"https:\/\/en.wikipedia.org\/wiki\/Ringier\",\"https:\/\/de.wikipedia.org\/wiki\/Ringier\",\"https:\/\/fr.wikipedia.org\/wiki\/Ringier\",\"https:\/\/www.crunchbase.com\/organization\/ringier-ag\"]},{\"@type\":\"Person\",\"@id\":\"https:\/\/www.ringier.com\/fr\/#\/schema\/person\/4cf76a308dc4b2bb5121bd1e7b752e52\",\"name\":\"Ringier Corporate Communications\",\"image\":{\"@type\":\"ImageObject\",\"inLanguage\":\"fr-FR\",\"@id\":\"https:\/\/www.ringier.com\/fr\/#\/schema\/person\/image\/\",\"url\":\"https:\/\/secure.gravatar.com\/avatar\/9391e20481368d5df4fe3e1e476c13b27786347489822ec1ed07e532bb41f587?s=96&d=mm&r=g\",\"contentUrl\":\"https:\/\/secure.gravatar.com\/avatar\/9391e20481368d5df4fe3e1e476c13b27786347489822ec1ed07e532bb41f587?s=96&d=mm&r=g\",\"caption\":\"Ringier Corporate Communications\"},\"sameAs\":[\"https:\/\/www.ringier.com\"]}]}<\/script>\n<!-- \/ Yoast SEO Premium plugin. -->","yoast_head_json":{"title":"Malta Fazzari devient la nouvelle directrice RH Ringier Axel Springer Suisse SA - Ringier","robots":{"index":"index","follow":"follow","max-snippet":"max-snippet:-1","max-image-preview":"max-image-preview:large","max-video-preview":"max-video-preview:-1"},"canonical":"https:\/\/www.ringier.com\/fr\/malta-fazzari-devient-la-nouvelle-directrice-rh-ringier-axel-springer-suisse-sa\/","og_locale":"fr_FR","og_type":"article","og_title":"Malta Fazzari devient la nouvelle directrice RH Ringier Axel Springer Suisse SA","og_description":"Malta Fazzari, actuellement responsable des ressources humaines chez BonusCard, rejoindra Ringier Axel Springer Suisse au poste de directrice RH le 1er novembre 2021. Elle sera membre de l\u2019\u00e9quipe de direction \u00e9largie et succ\u00e9dera \u00e0 Patricia Franzoni, qui quitte l'entreprise \u00e0 sa demande apr\u00e8s quatre ans pour relever un nouveau d\u00e9fi.","og_url":"https:\/\/www.ringier.com\/fr\/malta-fazzari-devient-la-nouvelle-directrice-rh-ringier-axel-springer-suisse-sa\/","og_site_name":"Ringier","article_publisher":"https:\/\/www.facebook.com\/ringierag\/","article_published_time":"2021-08-02T13:11:00+00:00","article_modified_time":"2025-06-23T12:42:29+00:00","og_image":[{"width":952,"height":554,"url":"https:\/\/www.ringier.com\/wp-content\/uploads\/2024\/01\/portraet_malta_fazzari.png","type":"image\/png"}],"author":"Ringier Corporate Communications","twitter_card":"summary_large_image","twitter_creator":"@ringier_ag","twitter_site":"@ringier_ag","twitter_misc":{"\u00c9crit par":"Ringier Corporate Communications","Dur\u00e9e de lecture estim\u00e9e":"2 minutes"},"schema":{"@context":"https:\/\/schema.org","@graph":[{"@type":"Article","@id":"https:\/\/www.ringier.com\/fr\/malta-fazzari-devient-la-nouvelle-directrice-rh-ringier-axel-springer-suisse-sa\/#article","isPartOf":{"@id":"https:\/\/www.ringier.com\/fr\/malta-fazzari-devient-la-nouvelle-directrice-rh-ringier-axel-springer-suisse-sa\/"},"author":{"name":"Ringier Corporate Communications","@id":"https:\/\/www.ringier.com\/fr\/#\/schema\/person\/4cf76a308dc4b2bb5121bd1e7b752e52"},"headline":"Malta Fazzari devient la nouvelle directrice RH Ringier Axel Springer Suisse SA","datePublished":"2021-08-02T13:11:00+00:00","dateModified":"2025-06-23T12:42:29+00:00","mainEntityOfPage":{"@id":"https:\/\/www.ringier.com\/fr\/malta-fazzari-devient-la-nouvelle-directrice-rh-ringier-axel-springer-suisse-sa\/"},"wordCount":248,"publisher":{"@id":"https:\/\/www.ringier.com\/fr\/#organization"},"image":{"@id":"https:\/\/www.ringier.com\/fr\/malta-fazzari-devient-la-nouvelle-directrice-rh-ringier-axel-springer-suisse-sa\/#primaryimage"},"thumbnailUrl":"https:\/\/www.ringier.com\/wp-content\/uploads\/2024\/01\/portraet_malta_fazzari.png","articleSection":["Media","Ringier Medias Suisse"],"inLanguage":"fr-FR"},{"@type":"WebPage","@id":"https:\/\/www.ringier.com\/fr\/malta-fazzari-devient-la-nouvelle-directrice-rh-ringier-axel-springer-suisse-sa\/","url":"https:\/\/www.ringier.com\/fr\/malta-fazzari-devient-la-nouvelle-directrice-rh-ringier-axel-springer-suisse-sa\/","name":"Malta Fazzari devient la nouvelle directrice RH Ringier Axel Springer Suisse SA - Ringier","isPartOf":{"@id":"https:\/\/www.ringier.com\/fr\/#website"},"primaryImageOfPage":{"@id":"https:\/\/www.ringier.com\/fr\/malta-fazzari-devient-la-nouvelle-directrice-rh-ringier-axel-springer-suisse-sa\/#primaryimage"},"image":{"@id":"https:\/\/www.ringier.com\/fr\/malta-fazzari-devient-la-nouvelle-directrice-rh-ringier-axel-springer-suisse-sa\/#primaryimage"},"thumbnailUrl":"https:\/\/www.ringier.com\/wp-content\/uploads\/2024\/01\/portraet_malta_fazzari.png","datePublished":"2021-08-02T13:11:00+00:00","dateModified":"2025-06-23T12:42:29+00:00","breadcrumb":{"@id":"https:\/\/www.ringier.com\/fr\/malta-fazzari-devient-la-nouvelle-directrice-rh-ringier-axel-springer-suisse-sa\/#breadcrumb"},"inLanguage":"fr-FR","potentialAction":[{"@type":"ReadAction","target":["https:\/\/www.ringier.com\/fr\/malta-fazzari-devient-la-nouvelle-directrice-rh-ringier-axel-springer-suisse-sa\/"]}]},{"@type":"ImageObject","inLanguage":"fr-FR","@id":"https:\/\/www.ringier.com\/fr\/malta-fazzari-devient-la-nouvelle-directrice-rh-ringier-axel-springer-suisse-sa\/#primaryimage","url":"https:\/\/www.ringier.com\/wp-content\/uploads\/2024\/01\/portraet_malta_fazzari.png","contentUrl":"https:\/\/www.ringier.com\/wp-content\/uploads\/2024\/01\/portraet_malta_fazzari.png","width":952,"height":554},{"@type":"BreadcrumbList","@id":"https:\/\/www.ringier.com\/fr\/malta-fazzari-devient-la-nouvelle-directrice-rh-ringier-axel-springer-suisse-sa\/#breadcrumb","itemListElement":[{"@type":"ListItem","position":1,"name":"Home","item":"https:\/\/www.ringier.com\/fr\/"},{"@type":"ListItem","position":2,"name":"Malta Fazzari devient la nouvelle directrice RH Ringier Axel Springer Suisse SA"}]},{"@type":"WebSite","@id":"https:\/\/www.ringier.com\/fr\/#website","url":"https:\/\/www.ringier.com\/fr\/","name":"Ringier","description":"We inform. We entertain. We connect","publisher":{"@id":"https:\/\/www.ringier.com\/fr\/#organization"},"potentialAction":[{"@type":"SearchAction","target":{"@type":"EntryPoint","urlTemplate":"https:\/\/www.ringier.com\/fr\/?s={search_term_string}"},"query-input":{"@type":"PropertyValueSpecification","valueRequired":true,"valueName":"search_term_string"}}],"inLanguage":"fr-FR"},{"@type":"Organization","@id":"https:\/\/www.ringier.com\/fr\/#organization","name":"Ringier","url":"https:\/\/www.ringier.com\/fr\/","logo":{"@type":"ImageObject","inLanguage":"fr-FR","@id":"https:\/\/www.ringier.com\/fr\/#\/schema\/logo\/image\/","url":"https:\/\/www.ringier.com\/wp-content\/uploads\/2021\/10\/ringier_logo_2.jpg","contentUrl":"https:\/\/www.ringier.com\/wp-content\/uploads\/2021\/10\/ringier_logo_2.jpg","width":750,"height":550,"caption":"Ringier"},"image":{"@id":"https:\/\/www.ringier.com\/fr\/#\/schema\/logo\/image\/"},"sameAs":["https:\/\/www.facebook.com\/ringierag\/","https:\/\/x.com\/ringier_ag","https:\/\/www.instagram.com\/ringier_ag\/","https:\/\/www.linkedin.com\/company\/ringier\/","https:\/\/www.youtube.com\/user\/RingierComm","https:\/\/en.wikipedia.org\/wiki\/Ringier","https:\/\/de.wikipedia.org\/wiki\/Ringier","https:\/\/fr.wikipedia.org\/wiki\/Ringier","https:\/\/www.crunchbase.com\/organization\/ringier-ag"]},{"@type":"Person","@id":"https:\/\/www.ringier.com\/fr\/#\/schema\/person\/4cf76a308dc4b2bb5121bd1e7b752e52","name":"Ringier Corporate Communications","image":{"@type":"ImageObject","inLanguage":"fr-FR","@id":"https:\/\/www.ringier.com\/fr\/#\/schema\/person\/image\/","url":"https:\/\/secure.gravatar.com\/avatar\/9391e20481368d5df4fe3e1e476c13b27786347489822ec1ed07e532bb41f587?s=96&d=mm&r=g","contentUrl":"https:\/\/secure.gravatar.com\/avatar\/9391e20481368d5df4fe3e1e476c13b27786347489822ec1ed07e532bb41f587?s=96&d=mm&r=g","caption":"Ringier Corporate Communications"},"sameAs":["https:\/\/www.ringier.com"]}]}},"_links":{"self":[{"href":"https:\/\/www.ringier.com\/fr\/wp-json\/wp\/v2\/posts\/18061","targetHints":{"allow":["GET"]}}],"collection":[{"href":"https:\/\/www.ringier.com\/fr\/wp-json\/wp\/v2\/posts"}],"about":[{"href":"https:\/\/www.ringier.com\/fr\/wp-json\/wp\/v2\/types\/post"}],"author":[{"embeddable":true,"href":"https:\/\/www.ringier.com\/fr\/wp-json\/wp\/v2\/users\/23"}],"replies":[{"embeddable":true,"href":"https:\/\/www.ringier.com\/fr\/wp-json\/wp\/v2\/comments?post=18061"}],"version-history":[{"count":0,"href":"https:\/\/www.ringier.com\/fr\/wp-json\/wp\/v2\/posts\/18061\/revisions"}],"wp:featuredmedia":[{"embeddable":true,"href":"https:\/\/www.ringier.com\/fr\/wp-json\/wp\/v2\/media\/18060"}],"wp:attachment":[{"href":"https:\/\/www.ringier.com\/fr\/wp-json\/wp\/v2\/media?parent=18061"}],"wp:term":[{"taxonomy":"category","embeddable":true,"href":"https:\/\/www.ringier.com\/fr\/wp-json\/wp\/v2\/categories?post=18061"},{"taxonomy":"post_tag","embeddable":true,"href":"https:\/\/www.ringier.com\/fr\/wp-json\/wp\/v2\/tags?post=18061"}],"curies":[{"name":"wp","href":"https:\/\/api.w.org\/{rel}","templated":true}]}}