{"id":18044,"date":"2021-08-27T15:00:00","date_gmt":"2021-08-27T13:00:00","guid":{"rendered":"https:\/\/www.ringier.com\/ringier-axel-springer-schweiz-stefan-regez-verlaesst-das-unternehmen-und-richtet-sich-beruflich-neu-aus\/"},"modified":"2025-06-23T14:40:40","modified_gmt":"2025-06-23T12:40:40","slug":"ringier-axel-springer-suisse-stefan-regez-quitte-lentreprise-et-reoriente-sa-carriere-professionnelle","status":"publish","type":"post","link":"https:\/\/www.ringier.com\/fr\/ringier-axel-springer-suisse-stefan-regez-quitte-lentreprise-et-reoriente-sa-carriere-professionnelle\/","title":{"rendered":"Ringier Axel Springer Suisse: Stefan Regez quitte l\u2019entreprise et r\u00e9oriente sa carri\u00e8re professionnelle"},"content":{"rendered":"\n<p>Au terme de douze ann\u00e9es pass\u00e9es au sein du groupe, Stefan Regez, 50 ans, a d\u00e9cid\u00e9 de r\u00e9orienter sa carri\u00e8re professionnelle. Il quittera Ringier Axel Springer Suisse en fin d\u2019ann\u00e9e. Stefan Regez a rejoint Ringier en 2010 en tant que r\u00e9dacteur en chef adjoint de la&nbsp;<em>Schweizer Illustrierte<\/em>. En 2012, il est nomm\u00e9 r\u00e9dacteur en chef et dirige la r\u00e9daction pendant huit ans. En plus de la&nbsp;<em>Schweizer Illustrierte<\/em>&nbsp;et de son \u00e9quivalent romand,&nbsp;<em>L\u2019illustr\u00e9<\/em>, Stefan Regez, en sa qualit\u00e9 de responsable des magazines grand public, est \u00e0 la t\u00eate d\u2019un portefeuille de titres de premier plan tels que&nbsp;<em>Schweizer LandLiebe<\/em>&nbsp;et&nbsp;<em>Gl\u00fcckspost<\/em>, divers magazines de programmes tels que&nbsp;<em>TELE<\/em>&nbsp;et&nbsp;<em>TV-Star<\/em>&nbsp;ainsi que de la plateforme en ligne&nbsp;<em>GaultMillau.ch<\/em>&nbsp;depuis 2019.<\/p>\n\n\n\n<p>\u00abJe remercie chaleureusement Stefan pour son engagement de longue date pour Ringier Axel Springer Suisse\u00bb, d\u00e9clare Alexander Theobald, CEO. \u00abMes coll\u00e8gues de la direction et moi-m\u00eame l\u2019appr\u00e9cions beaucoup. Au cours des derni\u00e8res ann\u00e9es, il a pilot\u00e9 avec succ\u00e8s les magazines grand public et a marqu\u00e9 l\u2019entreprise de son sceau innovant, tant en mati\u00e8re de journalisme que de gestion, avec de nouvelles parutions telles que \u2039Caminada. Das Magazin\u203a ou le d\u00e9veloppement de&nbsp;<em>SI online<\/em>. Je souhaite \u00e0 Stefan bonne continuation pour son prochain d\u00e9fi et me r\u00e9jouis qu\u2019il nous accompagne encore jusqu\u2019\u00e0 la fin de l\u2019ann\u00e9e.\u00bb<\/p>\n\n\n\n<p>\u00abJ\u2019ai \u00e9norm\u00e9ment appr\u00e9ci\u00e9 ces presque douze derni\u00e8res ann\u00e9es chez Ringier et Ringier Axel Springer Suisse\u00bb, d\u00e9clare Stefan Regez. \u00abJ\u2019ai eu le grand privil\u00e8ge de collaborer \u00e9troitement avec mes coll\u00e8gues dans de nombreuses r\u00e9dactions. Dans le m\u00eame temps, apr\u00e8s 25 ans de journalisme, le d\u00e9sir s\u2019est d\u00e9velopp\u00e9 en moi d\u2019\u00e9tablir un nouveau parcours professionnel. Je serai donc bient\u00f4t ouvert \u00e0 de nouvelles choses, aussi en dehors du secteur des m\u00e9dias. Mais d\u2019abord, je me r\u00e9jouis d\u2019autres projets captivants chez Ringier Axel Springer Suisse. On peut d\u2019ailleurs s\u2019attendre \u00e0 une surprise dans le secteur print.\u00bb<\/p>\n\n\n\n<hr class=\"wp-block-separator has-alpha-channel-opacity\"\/>\n\n\n\n<div class=\"wp-block-columns is-layout-flex wp-container-core-columns-is-layout-9d6595d7 wp-block-columns-is-layout-flex\">\n<div class=\"wp-block-column is-vertically-aligned-bottom is-layout-flow wp-block-column-is-layout-flow\">\n<p class=\"has-small-font-size\">Corporate&nbsp;Communications<br>+41 44 259 64 44<br><a href=\"mailto:media@ringier.ch\" target=\"_blank\" rel=\"noreferrer noopener\">media@ringier.ch<\/a> <br><a href=\"https:\/\/www.ringier.com\/de\/\">www.ringier.co<\/a><a href=\"https:\/\/www.ringier.com\/de\/\" target=\"_blank\" rel=\"noreferrer noopener\">m<\/a><\/p>\n<\/div>\n\n\n\n<div class=\"wp-block-column is-vertically-aligned-bottom is-layout-flow wp-block-column-is-layout-flow\">\n<p class=\"has-text-align-left has-small-font-size\">Ringier<br>Dufourstrasse 23<br>8008 Zurich<br>Suisse<\/p>\n<\/div>\n<\/div>\n","protected":false},"excerpt":{"rendered":"<p>Stefan Regez, responsable des magazines grand public chez Ringier Axel Springer Suisse, quittera l\u2019entreprise fin 2021 de sa propre initiative au terme de douze ann\u00e9es d\u2019activit\u00e9 pour r\u00e9orienter sa carri\u00e8re professionnelle. Alexander Theobald, le CEO, assurera la direction op\u00e9rationnelle de la division \u00e0 partir du 1er septembre.<\/p>\n","protected":false},"author":23,"featured_media":18043,"comment_status":"closed","ping_status":"open","sticky":false,"template":"","format":"standard","meta":{"inline_featured_image":false,"footnotes":""},"categories":[370,363],"tags":[],"class_list":["post-18044","post","type-post","status-publish","format-standard","has-post-thumbnail","hentry","category-media-fr","category-ringier-medias-suisse"],"yoast_head":"<!-- This site is optimized with the Yoast SEO Premium plugin v27.0 (Yoast SEO v27.0) - https:\/\/yoast.com\/product\/yoast-seo-premium-wordpress\/ -->\n<title>Ringier Axel Springer Suisse: Stefan Regez quitte l\u2019entreprise et r\u00e9oriente sa carri\u00e8re professionnelle - Ringier<\/title>\n<meta name=\"robots\" content=\"index, follow, max-snippet:-1, max-image-preview:large, max-video-preview:-1\" \/>\n<link rel=\"canonical\" href=\"https:\/\/www.ringier.com\/fr\/ringier-axel-springer-suisse-stefan-regez-quitte-lentreprise-et-reoriente-sa-carriere-professionnelle\/\" \/>\n<meta property=\"og:locale\" content=\"fr_FR\" \/>\n<meta property=\"og:type\" content=\"article\" \/>\n<meta property=\"og:title\" content=\"Ringier Axel Springer Suisse: Stefan Regez quitte l\u2019entreprise et r\u00e9oriente sa carri\u00e8re professionnelle\" \/>\n<meta property=\"og:description\" content=\"Stefan Regez, responsable des magazines grand public chez Ringier Axel Springer Suisse, quittera l\u2019entreprise fin 2021 de sa propre initiative au terme de douze ann\u00e9es d\u2019activit\u00e9 pour r\u00e9orienter sa carri\u00e8re professionnelle. Alexander Theobald, le CEO, assurera la direction op\u00e9rationnelle de la division \u00e0 partir du 1er septembre.\" \/>\n<meta property=\"og:url\" content=\"https:\/\/www.ringier.com\/fr\/ringier-axel-springer-suisse-stefan-regez-quitte-lentreprise-et-reoriente-sa-carriere-professionnelle\/\" \/>\n<meta property=\"og:site_name\" content=\"Ringier\" \/>\n<meta property=\"article:publisher\" content=\"https:\/\/www.facebook.com\/ringierag\/\" \/>\n<meta property=\"article:published_time\" content=\"2021-08-27T13:00:00+00:00\" \/>\n<meta property=\"article:modified_time\" content=\"2025-06-23T12:40:40+00:00\" \/>\n<meta property=\"og:image\" content=\"https:\/\/www.ringier.com\/wp-content\/uploads\/2024\/01\/Stefen-Regez-landscape.jpg\" \/>\n\t<meta property=\"og:image:width\" content=\"1920\" \/>\n\t<meta property=\"og:image:height\" content=\"1080\" \/>\n\t<meta property=\"og:image:type\" content=\"image\/jpeg\" \/>\n<meta name=\"author\" content=\"Ringier Corporate Communications\" \/>\n<meta name=\"twitter:card\" content=\"summary_large_image\" \/>\n<meta name=\"twitter:creator\" content=\"@ringier_ag\" \/>\n<meta name=\"twitter:site\" content=\"@ringier_ag\" \/>\n<meta name=\"twitter:label1\" content=\"\u00c9crit par\" \/>\n\t<meta name=\"twitter:data1\" content=\"Ringier Corporate Communications\" \/>\n\t<meta name=\"twitter:label2\" content=\"Dur\u00e9e de lecture estim\u00e9e\" \/>\n\t<meta name=\"twitter:data2\" content=\"3 minutes\" \/>\n<script type=\"application\/ld+json\" class=\"yoast-schema-graph\">{\"@context\":\"https:\/\/schema.org\",\"@graph\":[{\"@type\":\"Article\",\"@id\":\"https:\/\/www.ringier.com\/fr\/ringier-axel-springer-suisse-stefan-regez-quitte-lentreprise-et-reoriente-sa-carriere-professionnelle\/#article\",\"isPartOf\":{\"@id\":\"https:\/\/www.ringier.com\/fr\/ringier-axel-springer-suisse-stefan-regez-quitte-lentreprise-et-reoriente-sa-carriere-professionnelle\/\"},\"author\":{\"name\":\"Ringier Corporate Communications\",\"@id\":\"https:\/\/www.ringier.com\/fr\/#\/schema\/person\/4cf76a308dc4b2bb5121bd1e7b752e52\"},\"headline\":\"Ringier Axel Springer Suisse: Stefan Regez quitte l\u2019entreprise et r\u00e9oriente sa carri\u00e8re professionnelle\",\"datePublished\":\"2021-08-27T13:00:00+00:00\",\"dateModified\":\"2025-06-23T12:40:40+00:00\",\"mainEntityOfPage\":{\"@id\":\"https:\/\/www.ringier.com\/fr\/ringier-axel-springer-suisse-stefan-regez-quitte-lentreprise-et-reoriente-sa-carriere-professionnelle\/\"},\"wordCount\":397,\"publisher\":{\"@id\":\"https:\/\/www.ringier.com\/fr\/#organization\"},\"image\":{\"@id\":\"https:\/\/www.ringier.com\/fr\/ringier-axel-springer-suisse-stefan-regez-quitte-lentreprise-et-reoriente-sa-carriere-professionnelle\/#primaryimage\"},\"thumbnailUrl\":\"https:\/\/www.ringier.com\/wp-content\/uploads\/2024\/01\/Stefen-Regez-landscape.jpg\",\"articleSection\":[\"Media\",\"Ringier Medias Suisse\"],\"inLanguage\":\"fr-FR\"},{\"@type\":\"WebPage\",\"@id\":\"https:\/\/www.ringier.com\/fr\/ringier-axel-springer-suisse-stefan-regez-quitte-lentreprise-et-reoriente-sa-carriere-professionnelle\/\",\"url\":\"https:\/\/www.ringier.com\/fr\/ringier-axel-springer-suisse-stefan-regez-quitte-lentreprise-et-reoriente-sa-carriere-professionnelle\/\",\"name\":\"Ringier Axel Springer Suisse: Stefan Regez quitte l\u2019entreprise et r\u00e9oriente sa carri\u00e8re professionnelle - Ringier\",\"isPartOf\":{\"@id\":\"https:\/\/www.ringier.com\/fr\/#website\"},\"primaryImageOfPage\":{\"@id\":\"https:\/\/www.ringier.com\/fr\/ringier-axel-springer-suisse-stefan-regez-quitte-lentreprise-et-reoriente-sa-carriere-professionnelle\/#primaryimage\"},\"image\":{\"@id\":\"https:\/\/www.ringier.com\/fr\/ringier-axel-springer-suisse-stefan-regez-quitte-lentreprise-et-reoriente-sa-carriere-professionnelle\/#primaryimage\"},\"thumbnailUrl\":\"https:\/\/www.ringier.com\/wp-content\/uploads\/2024\/01\/Stefen-Regez-landscape.jpg\",\"datePublished\":\"2021-08-27T13:00:00+00:00\",\"dateModified\":\"2025-06-23T12:40:40+00:00\",\"breadcrumb\":{\"@id\":\"https:\/\/www.ringier.com\/fr\/ringier-axel-springer-suisse-stefan-regez-quitte-lentreprise-et-reoriente-sa-carriere-professionnelle\/#breadcrumb\"},\"inLanguage\":\"fr-FR\",\"potentialAction\":[{\"@type\":\"ReadAction\",\"target\":[\"https:\/\/www.ringier.com\/fr\/ringier-axel-springer-suisse-stefan-regez-quitte-lentreprise-et-reoriente-sa-carriere-professionnelle\/\"]}]},{\"@type\":\"ImageObject\",\"inLanguage\":\"fr-FR\",\"@id\":\"https:\/\/www.ringier.com\/fr\/ringier-axel-springer-suisse-stefan-regez-quitte-lentreprise-et-reoriente-sa-carriere-professionnelle\/#primaryimage\",\"url\":\"https:\/\/www.ringier.com\/wp-content\/uploads\/2024\/01\/Stefen-Regez-landscape.jpg\",\"contentUrl\":\"https:\/\/www.ringier.com\/wp-content\/uploads\/2024\/01\/Stefen-Regez-landscape.jpg\",\"width\":1920,\"height\":1080},{\"@type\":\"BreadcrumbList\",\"@id\":\"https:\/\/www.ringier.com\/fr\/ringier-axel-springer-suisse-stefan-regez-quitte-lentreprise-et-reoriente-sa-carriere-professionnelle\/#breadcrumb\",\"itemListElement\":[{\"@type\":\"ListItem\",\"position\":1,\"name\":\"Home\",\"item\":\"https:\/\/www.ringier.com\/fr\/\"},{\"@type\":\"ListItem\",\"position\":2,\"name\":\"Ringier Axel Springer Suisse: Stefan Regez quitte l\u2019entreprise et r\u00e9oriente sa carri\u00e8re professionnelle\"}]},{\"@type\":\"WebSite\",\"@id\":\"https:\/\/www.ringier.com\/fr\/#website\",\"url\":\"https:\/\/www.ringier.com\/fr\/\",\"name\":\"Ringier\",\"description\":\"We inform. We entertain. We connect\",\"publisher\":{\"@id\":\"https:\/\/www.ringier.com\/fr\/#organization\"},\"potentialAction\":[{\"@type\":\"SearchAction\",\"target\":{\"@type\":\"EntryPoint\",\"urlTemplate\":\"https:\/\/www.ringier.com\/fr\/?s={search_term_string}\"},\"query-input\":{\"@type\":\"PropertyValueSpecification\",\"valueRequired\":true,\"valueName\":\"search_term_string\"}}],\"inLanguage\":\"fr-FR\"},{\"@type\":\"Organization\",\"@id\":\"https:\/\/www.ringier.com\/fr\/#organization\",\"name\":\"Ringier\",\"url\":\"https:\/\/www.ringier.com\/fr\/\",\"logo\":{\"@type\":\"ImageObject\",\"inLanguage\":\"fr-FR\",\"@id\":\"https:\/\/www.ringier.com\/fr\/#\/schema\/logo\/image\/\",\"url\":\"https:\/\/www.ringier.com\/wp-content\/uploads\/2021\/10\/ringier_logo_2.jpg\",\"contentUrl\":\"https:\/\/www.ringier.com\/wp-content\/uploads\/2021\/10\/ringier_logo_2.jpg\",\"width\":750,\"height\":550,\"caption\":\"Ringier\"},\"image\":{\"@id\":\"https:\/\/www.ringier.com\/fr\/#\/schema\/logo\/image\/\"},\"sameAs\":[\"https:\/\/www.facebook.com\/ringierag\/\",\"https:\/\/x.com\/ringier_ag\",\"https:\/\/www.instagram.com\/ringier_ag\/\",\"https:\/\/www.linkedin.com\/company\/ringier\/\",\"https:\/\/www.youtube.com\/user\/RingierComm\",\"https:\/\/en.wikipedia.org\/wiki\/Ringier\",\"https:\/\/de.wikipedia.org\/wiki\/Ringier\",\"https:\/\/fr.wikipedia.org\/wiki\/Ringier\",\"https:\/\/www.crunchbase.com\/organization\/ringier-ag\"]},{\"@type\":\"Person\",\"@id\":\"https:\/\/www.ringier.com\/fr\/#\/schema\/person\/4cf76a308dc4b2bb5121bd1e7b752e52\",\"name\":\"Ringier Corporate Communications\",\"image\":{\"@type\":\"ImageObject\",\"inLanguage\":\"fr-FR\",\"@id\":\"https:\/\/www.ringier.com\/fr\/#\/schema\/person\/image\/\",\"url\":\"https:\/\/secure.gravatar.com\/avatar\/9391e20481368d5df4fe3e1e476c13b27786347489822ec1ed07e532bb41f587?s=96&d=mm&r=g\",\"contentUrl\":\"https:\/\/secure.gravatar.com\/avatar\/9391e20481368d5df4fe3e1e476c13b27786347489822ec1ed07e532bb41f587?s=96&d=mm&r=g\",\"caption\":\"Ringier Corporate Communications\"},\"sameAs\":[\"https:\/\/www.ringier.com\"]}]}<\/script>\n<!-- \/ Yoast SEO Premium plugin. -->","yoast_head_json":{"title":"Ringier Axel Springer Suisse: Stefan Regez quitte l\u2019entreprise et r\u00e9oriente sa carri\u00e8re professionnelle - Ringier","robots":{"index":"index","follow":"follow","max-snippet":"max-snippet:-1","max-image-preview":"max-image-preview:large","max-video-preview":"max-video-preview:-1"},"canonical":"https:\/\/www.ringier.com\/fr\/ringier-axel-springer-suisse-stefan-regez-quitte-lentreprise-et-reoriente-sa-carriere-professionnelle\/","og_locale":"fr_FR","og_type":"article","og_title":"Ringier Axel Springer Suisse: Stefan Regez quitte l\u2019entreprise et r\u00e9oriente sa carri\u00e8re professionnelle","og_description":"Stefan Regez, responsable des magazines grand public chez Ringier Axel Springer Suisse, quittera l\u2019entreprise fin 2021 de sa propre initiative au terme de douze ann\u00e9es d\u2019activit\u00e9 pour r\u00e9orienter sa carri\u00e8re professionnelle. Alexander Theobald, le CEO, assurera la direction op\u00e9rationnelle de la division \u00e0 partir du 1er septembre.","og_url":"https:\/\/www.ringier.com\/fr\/ringier-axel-springer-suisse-stefan-regez-quitte-lentreprise-et-reoriente-sa-carriere-professionnelle\/","og_site_name":"Ringier","article_publisher":"https:\/\/www.facebook.com\/ringierag\/","article_published_time":"2021-08-27T13:00:00+00:00","article_modified_time":"2025-06-23T12:40:40+00:00","og_image":[{"width":1920,"height":1080,"url":"https:\/\/www.ringier.com\/wp-content\/uploads\/2024\/01\/Stefen-Regez-landscape.jpg","type":"image\/jpeg"}],"author":"Ringier Corporate Communications","twitter_card":"summary_large_image","twitter_creator":"@ringier_ag","twitter_site":"@ringier_ag","twitter_misc":{"\u00c9crit par":"Ringier Corporate Communications","Dur\u00e9e de lecture estim\u00e9e":"3 minutes"},"schema":{"@context":"https:\/\/schema.org","@graph":[{"@type":"Article","@id":"https:\/\/www.ringier.com\/fr\/ringier-axel-springer-suisse-stefan-regez-quitte-lentreprise-et-reoriente-sa-carriere-professionnelle\/#article","isPartOf":{"@id":"https:\/\/www.ringier.com\/fr\/ringier-axel-springer-suisse-stefan-regez-quitte-lentreprise-et-reoriente-sa-carriere-professionnelle\/"},"author":{"name":"Ringier Corporate Communications","@id":"https:\/\/www.ringier.com\/fr\/#\/schema\/person\/4cf76a308dc4b2bb5121bd1e7b752e52"},"headline":"Ringier Axel Springer Suisse: Stefan Regez quitte l\u2019entreprise et r\u00e9oriente sa carri\u00e8re professionnelle","datePublished":"2021-08-27T13:00:00+00:00","dateModified":"2025-06-23T12:40:40+00:00","mainEntityOfPage":{"@id":"https:\/\/www.ringier.com\/fr\/ringier-axel-springer-suisse-stefan-regez-quitte-lentreprise-et-reoriente-sa-carriere-professionnelle\/"},"wordCount":397,"publisher":{"@id":"https:\/\/www.ringier.com\/fr\/#organization"},"image":{"@id":"https:\/\/www.ringier.com\/fr\/ringier-axel-springer-suisse-stefan-regez-quitte-lentreprise-et-reoriente-sa-carriere-professionnelle\/#primaryimage"},"thumbnailUrl":"https:\/\/www.ringier.com\/wp-content\/uploads\/2024\/01\/Stefen-Regez-landscape.jpg","articleSection":["Media","Ringier Medias Suisse"],"inLanguage":"fr-FR"},{"@type":"WebPage","@id":"https:\/\/www.ringier.com\/fr\/ringier-axel-springer-suisse-stefan-regez-quitte-lentreprise-et-reoriente-sa-carriere-professionnelle\/","url":"https:\/\/www.ringier.com\/fr\/ringier-axel-springer-suisse-stefan-regez-quitte-lentreprise-et-reoriente-sa-carriere-professionnelle\/","name":"Ringier Axel Springer Suisse: Stefan Regez quitte l\u2019entreprise et r\u00e9oriente sa carri\u00e8re professionnelle - Ringier","isPartOf":{"@id":"https:\/\/www.ringier.com\/fr\/#website"},"primaryImageOfPage":{"@id":"https:\/\/www.ringier.com\/fr\/ringier-axel-springer-suisse-stefan-regez-quitte-lentreprise-et-reoriente-sa-carriere-professionnelle\/#primaryimage"},"image":{"@id":"https:\/\/www.ringier.com\/fr\/ringier-axel-springer-suisse-stefan-regez-quitte-lentreprise-et-reoriente-sa-carriere-professionnelle\/#primaryimage"},"thumbnailUrl":"https:\/\/www.ringier.com\/wp-content\/uploads\/2024\/01\/Stefen-Regez-landscape.jpg","datePublished":"2021-08-27T13:00:00+00:00","dateModified":"2025-06-23T12:40:40+00:00","breadcrumb":{"@id":"https:\/\/www.ringier.com\/fr\/ringier-axel-springer-suisse-stefan-regez-quitte-lentreprise-et-reoriente-sa-carriere-professionnelle\/#breadcrumb"},"inLanguage":"fr-FR","potentialAction":[{"@type":"ReadAction","target":["https:\/\/www.ringier.com\/fr\/ringier-axel-springer-suisse-stefan-regez-quitte-lentreprise-et-reoriente-sa-carriere-professionnelle\/"]}]},{"@type":"ImageObject","inLanguage":"fr-FR","@id":"https:\/\/www.ringier.com\/fr\/ringier-axel-springer-suisse-stefan-regez-quitte-lentreprise-et-reoriente-sa-carriere-professionnelle\/#primaryimage","url":"https:\/\/www.ringier.com\/wp-content\/uploads\/2024\/01\/Stefen-Regez-landscape.jpg","contentUrl":"https:\/\/www.ringier.com\/wp-content\/uploads\/2024\/01\/Stefen-Regez-landscape.jpg","width":1920,"height":1080},{"@type":"BreadcrumbList","@id":"https:\/\/www.ringier.com\/fr\/ringier-axel-springer-suisse-stefan-regez-quitte-lentreprise-et-reoriente-sa-carriere-professionnelle\/#breadcrumb","itemListElement":[{"@type":"ListItem","position":1,"name":"Home","item":"https:\/\/www.ringier.com\/fr\/"},{"@type":"ListItem","position":2,"name":"Ringier Axel Springer Suisse: Stefan Regez quitte l\u2019entreprise et r\u00e9oriente sa carri\u00e8re professionnelle"}]},{"@type":"WebSite","@id":"https:\/\/www.ringier.com\/fr\/#website","url":"https:\/\/www.ringier.com\/fr\/","name":"Ringier","description":"We inform. We entertain. We connect","publisher":{"@id":"https:\/\/www.ringier.com\/fr\/#organization"},"potentialAction":[{"@type":"SearchAction","target":{"@type":"EntryPoint","urlTemplate":"https:\/\/www.ringier.com\/fr\/?s={search_term_string}"},"query-input":{"@type":"PropertyValueSpecification","valueRequired":true,"valueName":"search_term_string"}}],"inLanguage":"fr-FR"},{"@type":"Organization","@id":"https:\/\/www.ringier.com\/fr\/#organization","name":"Ringier","url":"https:\/\/www.ringier.com\/fr\/","logo":{"@type":"ImageObject","inLanguage":"fr-FR","@id":"https:\/\/www.ringier.com\/fr\/#\/schema\/logo\/image\/","url":"https:\/\/www.ringier.com\/wp-content\/uploads\/2021\/10\/ringier_logo_2.jpg","contentUrl":"https:\/\/www.ringier.com\/wp-content\/uploads\/2021\/10\/ringier_logo_2.jpg","width":750,"height":550,"caption":"Ringier"},"image":{"@id":"https:\/\/www.ringier.com\/fr\/#\/schema\/logo\/image\/"},"sameAs":["https:\/\/www.facebook.com\/ringierag\/","https:\/\/x.com\/ringier_ag","https:\/\/www.instagram.com\/ringier_ag\/","https:\/\/www.linkedin.com\/company\/ringier\/","https:\/\/www.youtube.com\/user\/RingierComm","https:\/\/en.wikipedia.org\/wiki\/Ringier","https:\/\/de.wikipedia.org\/wiki\/Ringier","https:\/\/fr.wikipedia.org\/wiki\/Ringier","https:\/\/www.crunchbase.com\/organization\/ringier-ag"]},{"@type":"Person","@id":"https:\/\/www.ringier.com\/fr\/#\/schema\/person\/4cf76a308dc4b2bb5121bd1e7b752e52","name":"Ringier Corporate Communications","image":{"@type":"ImageObject","inLanguage":"fr-FR","@id":"https:\/\/www.ringier.com\/fr\/#\/schema\/person\/image\/","url":"https:\/\/secure.gravatar.com\/avatar\/9391e20481368d5df4fe3e1e476c13b27786347489822ec1ed07e532bb41f587?s=96&d=mm&r=g","contentUrl":"https:\/\/secure.gravatar.com\/avatar\/9391e20481368d5df4fe3e1e476c13b27786347489822ec1ed07e532bb41f587?s=96&d=mm&r=g","caption":"Ringier Corporate Communications"},"sameAs":["https:\/\/www.ringier.com"]}]}},"_links":{"self":[{"href":"https:\/\/www.ringier.com\/fr\/wp-json\/wp\/v2\/posts\/18044","targetHints":{"allow":["GET"]}}],"collection":[{"href":"https:\/\/www.ringier.com\/fr\/wp-json\/wp\/v2\/posts"}],"about":[{"href":"https:\/\/www.ringier.com\/fr\/wp-json\/wp\/v2\/types\/post"}],"author":[{"embeddable":true,"href":"https:\/\/www.ringier.com\/fr\/wp-json\/wp\/v2\/users\/23"}],"replies":[{"embeddable":true,"href":"https:\/\/www.ringier.com\/fr\/wp-json\/wp\/v2\/comments?post=18044"}],"version-history":[{"count":0,"href":"https:\/\/www.ringier.com\/fr\/wp-json\/wp\/v2\/posts\/18044\/revisions"}],"wp:featuredmedia":[{"embeddable":true,"href":"https:\/\/www.ringier.com\/fr\/wp-json\/wp\/v2\/media\/18043"}],"wp:attachment":[{"href":"https:\/\/www.ringier.com\/fr\/wp-json\/wp\/v2\/media?parent=18044"}],"wp:term":[{"taxonomy":"category","embeddable":true,"href":"https:\/\/www.ringier.com\/fr\/wp-json\/wp\/v2\/categories?post=18044"},{"taxonomy":"post_tag","embeddable":true,"href":"https:\/\/www.ringier.com\/fr\/wp-json\/wp\/v2\/tags?post=18044"}],"curies":[{"name":"wp","href":"https:\/\/api.w.org\/{rel}","templated":true}]}}