{"id":17925,"date":"2021-11-10T14:07:00","date_gmt":"2021-11-10T13:07:00","guid":{"rendered":"https:\/\/www.ringier.com\/engadin-ist-das-digi-tal-der-schweiz-2021\/"},"modified":"2025-06-24T10:19:24","modified_gmt":"2025-06-24T08:19:24","slug":"lengadine-est-la-vallee-digitale-suisse-2021","status":"publish","type":"post","link":"https:\/\/www.ringier.com\/fr\/lengadine-est-la-vallee-digitale-suisse-2021\/","title":{"rendered":"L\u2019Engadine est la \u00abVall\u00e9e digitale suisse\u00bb 2021"},"content":{"rendered":"\n<p>Au-del\u00e0 de ses paysages idylliques, l\u2019Engadine a remport\u00e9 le vote des lecteurs de la&nbsp;<em><strong>\u00abVall\u00e9e digitale suisse\u00bb 2021<\/strong><\/em>, car elle se distingue par son engagement dans le domaine du num\u00e9rique et d\u00e9passe m\u00eame les centres urbains \u00e0 plusieurs endroits. La vall\u00e9e gagnante a \u00e9t\u00e9 annonc\u00e9e aujourd\u2019hui \u00e0 l\u2019occasion de la Journ\u00e9e suisse du digital. L\u2019Engadine a devanc\u00e9 l\u2019Entlebuch (deuxi\u00e8me) et la r\u00e9gion de Fribourg (troisi\u00e8me). L\u2019un des principaux moteurs de la vall\u00e9e gagnante est \u00abmiaEngiadina\u00bb. Cette association d\u00e9veloppe notamment le r\u00e9seau local de fibre optique afin que m\u00eame les villages les plus recul\u00e9s puissent b\u00e9n\u00e9ficier d\u2019un acc\u00e8s rapide \u00e0 Internet. L\u2019utilisation d\u2019iPads dans de nombreuses \u00e9coles permet de nouvelles formes d\u2019enseignement et d\u2019apprentissage, ainsi que l\u2019acquisition de pr\u00e9cieuses comp\u00e9tences digitales pour l\u2019avenir.<\/p>\n\n\n\n<p>\u00abNotre joie est immense\u00bb, d\u00e9clare&nbsp;<em><strong>Jon Erni, cofondateur de miaEngiadina<\/strong><\/em>. \u00abDepuis cinq ans, nous nous engageons pour le futur de notre r\u00e9gion. Nous sommes tr\u00e8s heureux de voir que ces efforts sont reconnus.\u00bb L\u2019objectif de \u00abmiaEngiadina\u00bb est de transformer l\u2019Engadine, connue pour \u00eatre une r\u00e9gion de vacances, en r\u00e9gion r\u00e9sidentielle et d\u2019agir contre l\u2019exode de la population active vers les centres urbains.<\/p>\n\n\n\n<p>Les nomades num\u00e9riques trouvent des \u00abMountain Hubs\u00bb \u00e0 la fois en Basse-Engadine et Haute-Engadine. Ces&nbsp;<em><strong>bureaux de coworking<\/strong><\/em>&nbsp;permettent aux vacanciers de prolonger leur s\u00e9jour et de travailler en parall\u00e8le gr\u00e2ce \u00e0 un environnement de bureau moderne. Pour les Grisons qui ont le mal du pays, notamment, cette offre repr\u00e9sente un moyen de continuer \u00e0 travailler et vivre dans leur r\u00e9gion tout en conservant leur emploi en plaine. L\u2019espace de travail \u00abOffice Caravan\u00bb partage la m\u00eame approche. Il s\u2019agit d\u2019une caravane dot\u00e9e d\u2019Internet et d\u2019une machine \u00e0 caf\u00e9 qui permet de participer \u00e0 des r\u00e9unions d\u2019\u00e9quipe en plein air, au bord d\u2019un lac de montagne.<\/p>\n\n\n\n<p>\u00abmiaEngiadina ne voit pas seulement la num\u00e9risation comme une grande opportunit\u00e9 pour la r\u00e9gion touristique mais offre \u00e9galement \u00e0 la population locale une perspective d\u2019avenir avec des emplois hautement qualifi\u00e9s tout en garantissant l\u2019attractivit\u00e9 de la vall\u00e9e toute l\u2019ann\u00e9e\u00bb, d\u00e9clare&nbsp;<em><strong>Roger W\u00fcthrich-Hasenb\u00f6hler, Chief Digital Officer de Swisscom<\/strong><\/em>.<\/p>\n\n\n\n<p>L\u2019\u00e9difice&nbsp;<em><strong>\u00abInnHub\u00bb de La Punt<\/strong><\/em>&nbsp;est un autre projet phare qui va prendre forme. Le c\u00e9l\u00e8bre architecte britannique Norman Foster va cr\u00e9er dans ce village de 700 habitants un centre moderne dont le but est d\u2019attirer les jeunes et les entreprises avec des lieux de travail, des restaurants et un centre de sant\u00e9. Ce projet ambitieux est soutenu par la population: ce b\u00e2timent d\u2019importance a \u00e9t\u00e9 approuv\u00e9 par 85% des habitants lors de l\u2019Assembl\u00e9e communale.<\/p>\n\n\n\n<hr class=\"wp-block-separator has-alpha-channel-opacity\"\/>\n\n\n\n<div class=\"wp-block-columns is-layout-flex wp-container-core-columns-is-layout-9d6595d7 wp-block-columns-is-layout-flex\">\n<div class=\"wp-block-column is-vertically-aligned-bottom is-layout-flow wp-block-column-is-layout-flow\">\n<p class=\"has-small-font-size\">Corporate&nbsp;Communications<br>+41 44 259 64 44<br><a href=\"mailto:media@ringier.ch\" target=\"_blank\" rel=\"noreferrer noopener\">media@ringier.ch<\/a> <br><a href=\"https:\/\/www.ringier.com\/de\/\">www.ringier.co<\/a><a href=\"https:\/\/www.ringier.com\/de\/\" target=\"_blank\" rel=\"noreferrer noopener\">m<\/a><\/p>\n<\/div>\n\n\n\n<div class=\"wp-block-column is-vertically-aligned-bottom is-layout-flow wp-block-column-is-layout-flow\">\n<p class=\"has-text-align-left has-small-font-size\">Ringier <br>Dufourstrasse 23<br>8008 Zurich<br>Suisse<\/p>\n<\/div>\n<\/div>\n\n\n\n<p><\/p>\n","protected":false},"excerpt":{"rendered":"<p>Internet rapide par fibre optique, espaces de coworking cr\u00e9atifs et centre de village d\u2019un nouveau genre: l\u2019Engadine a s\u00e9duit le lectorat et remporte la premi\u00e8re \u00e9dition du concours de la \u00abR\u00e9gion la plus digitale de Suisse\u00bb. Ce prix est d\u00e9cern\u00e9 \u00e0 une zone rurale qui fait preuve d\u2019un esprit d\u2019innovation particulier en mati\u00e8re de num\u00e9risation. La \u00abVall\u00e9e digitale suisse\u00bb est une initiative commune des magazines Schweizer Illustrierte et L\u2019illustr\u00e9, en partenariat avec Generali Suisse, Swisscom, la Fondation Gebert R\u00fcf et la Journ\u00e9e suisse du digital de digitalswitzerland.<\/p>\n","protected":false},"author":23,"featured_media":17924,"comment_status":"closed","ping_status":"open","sticky":false,"template":"","format":"standard","meta":{"inline_featured_image":false,"footnotes":""},"categories":[370,363],"tags":[],"class_list":["post-17925","post","type-post","status-publish","format-standard","has-post-thumbnail","hentry","category-media-fr","category-ringier-medias-suisse"],"yoast_head":"<!-- This site is optimized with the Yoast SEO Premium plugin v27.0 (Yoast SEO v27.0) - https:\/\/yoast.com\/product\/yoast-seo-premium-wordpress\/ -->\n<title>L\u2019Engadine est la \u00abVall\u00e9e digitale suisse\u00bb 2021 - Ringier<\/title>\n<meta name=\"robots\" content=\"index, follow, max-snippet:-1, max-image-preview:large, max-video-preview:-1\" \/>\n<link rel=\"canonical\" href=\"https:\/\/www.ringier.com\/fr\/lengadine-est-la-vallee-digitale-suisse-2021\/\" \/>\n<meta property=\"og:locale\" content=\"fr_FR\" \/>\n<meta property=\"og:type\" content=\"article\" \/>\n<meta property=\"og:title\" content=\"L\u2019Engadine est la \u00abVall\u00e9e digitale suisse\u00bb 2021\" \/>\n<meta property=\"og:description\" content=\"Internet rapide par fibre optique, espaces de coworking cr\u00e9atifs et centre de village d\u2019un nouveau genre: l\u2019Engadine a s\u00e9duit le lectorat et remporte la premi\u00e8re \u00e9dition du concours de la \u00abR\u00e9gion la plus digitale de Suisse\u00bb. Ce prix est d\u00e9cern\u00e9 \u00e0 une zone rurale qui fait preuve d\u2019un esprit d\u2019innovation particulier en mati\u00e8re de num\u00e9risation. La \u00abVall\u00e9e digitale suisse\u00bb est une initiative commune des magazines Schweizer Illustrierte et L\u2019illustr\u00e9, en partenariat avec Generali Suisse, Swisscom, la Fondation Gebert R\u00fcf et la Journ\u00e9e suisse du digital de digitalswitzerland.\" \/>\n<meta property=\"og:url\" content=\"https:\/\/www.ringier.com\/fr\/lengadine-est-la-vallee-digitale-suisse-2021\/\" \/>\n<meta property=\"og:site_name\" content=\"Ringier\" \/>\n<meta property=\"article:publisher\" content=\"https:\/\/www.facebook.com\/ringierag\/\" \/>\n<meta property=\"article:published_time\" content=\"2021-11-10T13:07:00+00:00\" \/>\n<meta property=\"article:modified_time\" content=\"2025-06-24T08:19:24+00:00\" \/>\n<meta property=\"og:image\" content=\"https:\/\/www.ringier.com\/wp-content\/uploads\/2024\/01\/Digi-Tal_2021_Gewinner-1024x536.png\" \/>\n\t<meta property=\"og:image:width\" content=\"1024\" \/>\n\t<meta property=\"og:image:height\" content=\"536\" \/>\n\t<meta property=\"og:image:type\" content=\"image\/png\" \/>\n<meta name=\"author\" content=\"Ringier Corporate Communications\" \/>\n<meta name=\"twitter:card\" content=\"summary_large_image\" \/>\n<meta name=\"twitter:creator\" content=\"@ringier_ag\" \/>\n<meta name=\"twitter:site\" content=\"@ringier_ag\" \/>\n<meta name=\"twitter:label1\" content=\"\u00c9crit par\" \/>\n\t<meta name=\"twitter:data1\" content=\"Ringier Corporate Communications\" \/>\n\t<meta name=\"twitter:label2\" content=\"Dur\u00e9e de lecture estim\u00e9e\" \/>\n\t<meta name=\"twitter:data2\" content=\"1 minute\" \/>\n<script type=\"application\/ld+json\" class=\"yoast-schema-graph\">{\"@context\":\"https:\/\/schema.org\",\"@graph\":[{\"@type\":\"Article\",\"@id\":\"https:\/\/www.ringier.com\/fr\/lengadine-est-la-vallee-digitale-suisse-2021\/#article\",\"isPartOf\":{\"@id\":\"https:\/\/www.ringier.com\/fr\/lengadine-est-la-vallee-digitale-suisse-2021\/\"},\"author\":{\"name\":\"Ringier Corporate Communications\",\"@id\":\"https:\/\/www.ringier.com\/fr\/#\/schema\/person\/4cf76a308dc4b2bb5121bd1e7b752e52\"},\"headline\":\"L\u2019Engadine est la \u00abVall\u00e9e digitale suisse\u00bb 2021\",\"datePublished\":\"2021-11-10T13:07:00+00:00\",\"dateModified\":\"2025-06-24T08:19:24+00:00\",\"mainEntityOfPage\":{\"@id\":\"https:\/\/www.ringier.com\/fr\/lengadine-est-la-vallee-digitale-suisse-2021\/\"},\"wordCount\":506,\"publisher\":{\"@id\":\"https:\/\/www.ringier.com\/fr\/#organization\"},\"image\":{\"@id\":\"https:\/\/www.ringier.com\/fr\/lengadine-est-la-vallee-digitale-suisse-2021\/#primaryimage\"},\"thumbnailUrl\":\"https:\/\/www.ringier.com\/wp-content\/uploads\/2024\/01\/Digi-Tal_2021_Gewinner.png\",\"articleSection\":[\"Media\",\"Ringier Medias Suisse\"],\"inLanguage\":\"fr-FR\"},{\"@type\":\"WebPage\",\"@id\":\"https:\/\/www.ringier.com\/fr\/lengadine-est-la-vallee-digitale-suisse-2021\/\",\"url\":\"https:\/\/www.ringier.com\/fr\/lengadine-est-la-vallee-digitale-suisse-2021\/\",\"name\":\"L\u2019Engadine est la \u00abVall\u00e9e digitale suisse\u00bb 2021 - Ringier\",\"isPartOf\":{\"@id\":\"https:\/\/www.ringier.com\/fr\/#website\"},\"primaryImageOfPage\":{\"@id\":\"https:\/\/www.ringier.com\/fr\/lengadine-est-la-vallee-digitale-suisse-2021\/#primaryimage\"},\"image\":{\"@id\":\"https:\/\/www.ringier.com\/fr\/lengadine-est-la-vallee-digitale-suisse-2021\/#primaryimage\"},\"thumbnailUrl\":\"https:\/\/www.ringier.com\/wp-content\/uploads\/2024\/01\/Digi-Tal_2021_Gewinner.png\",\"datePublished\":\"2021-11-10T13:07:00+00:00\",\"dateModified\":\"2025-06-24T08:19:24+00:00\",\"breadcrumb\":{\"@id\":\"https:\/\/www.ringier.com\/fr\/lengadine-est-la-vallee-digitale-suisse-2021\/#breadcrumb\"},\"inLanguage\":\"fr-FR\",\"potentialAction\":[{\"@type\":\"ReadAction\",\"target\":[\"https:\/\/www.ringier.com\/fr\/lengadine-est-la-vallee-digitale-suisse-2021\/\"]}]},{\"@type\":\"ImageObject\",\"inLanguage\":\"fr-FR\",\"@id\":\"https:\/\/www.ringier.com\/fr\/lengadine-est-la-vallee-digitale-suisse-2021\/#primaryimage\",\"url\":\"https:\/\/www.ringier.com\/wp-content\/uploads\/2024\/01\/Digi-Tal_2021_Gewinner.png\",\"contentUrl\":\"https:\/\/www.ringier.com\/wp-content\/uploads\/2024\/01\/Digi-Tal_2021_Gewinner.png\",\"width\":1500,\"height\":785},{\"@type\":\"BreadcrumbList\",\"@id\":\"https:\/\/www.ringier.com\/fr\/lengadine-est-la-vallee-digitale-suisse-2021\/#breadcrumb\",\"itemListElement\":[{\"@type\":\"ListItem\",\"position\":1,\"name\":\"Home\",\"item\":\"https:\/\/www.ringier.com\/fr\/\"},{\"@type\":\"ListItem\",\"position\":2,\"name\":\"L\u2019Engadine est la \u00abVall\u00e9e digitale suisse\u00bb 2021\"}]},{\"@type\":\"WebSite\",\"@id\":\"https:\/\/www.ringier.com\/fr\/#website\",\"url\":\"https:\/\/www.ringier.com\/fr\/\",\"name\":\"Ringier\",\"description\":\"We inform. We entertain. We connect\",\"publisher\":{\"@id\":\"https:\/\/www.ringier.com\/fr\/#organization\"},\"potentialAction\":[{\"@type\":\"SearchAction\",\"target\":{\"@type\":\"EntryPoint\",\"urlTemplate\":\"https:\/\/www.ringier.com\/fr\/?s={search_term_string}\"},\"query-input\":{\"@type\":\"PropertyValueSpecification\",\"valueRequired\":true,\"valueName\":\"search_term_string\"}}],\"inLanguage\":\"fr-FR\"},{\"@type\":\"Organization\",\"@id\":\"https:\/\/www.ringier.com\/fr\/#organization\",\"name\":\"Ringier\",\"url\":\"https:\/\/www.ringier.com\/fr\/\",\"logo\":{\"@type\":\"ImageObject\",\"inLanguage\":\"fr-FR\",\"@id\":\"https:\/\/www.ringier.com\/fr\/#\/schema\/logo\/image\/\",\"url\":\"https:\/\/www.ringier.com\/wp-content\/uploads\/2021\/10\/ringier_logo_2.jpg\",\"contentUrl\":\"https:\/\/www.ringier.com\/wp-content\/uploads\/2021\/10\/ringier_logo_2.jpg\",\"width\":750,\"height\":550,\"caption\":\"Ringier\"},\"image\":{\"@id\":\"https:\/\/www.ringier.com\/fr\/#\/schema\/logo\/image\/\"},\"sameAs\":[\"https:\/\/www.facebook.com\/ringierag\/\",\"https:\/\/x.com\/ringier_ag\",\"https:\/\/www.instagram.com\/ringier_ag\/\",\"https:\/\/www.linkedin.com\/company\/ringier\/\",\"https:\/\/www.youtube.com\/user\/RingierComm\",\"https:\/\/en.wikipedia.org\/wiki\/Ringier\",\"https:\/\/de.wikipedia.org\/wiki\/Ringier\",\"https:\/\/fr.wikipedia.org\/wiki\/Ringier\",\"https:\/\/www.crunchbase.com\/organization\/ringier-ag\"]},{\"@type\":\"Person\",\"@id\":\"https:\/\/www.ringier.com\/fr\/#\/schema\/person\/4cf76a308dc4b2bb5121bd1e7b752e52\",\"name\":\"Ringier Corporate Communications\",\"image\":{\"@type\":\"ImageObject\",\"inLanguage\":\"fr-FR\",\"@id\":\"https:\/\/www.ringier.com\/fr\/#\/schema\/person\/image\/\",\"url\":\"https:\/\/secure.gravatar.com\/avatar\/9391e20481368d5df4fe3e1e476c13b27786347489822ec1ed07e532bb41f587?s=96&d=mm&r=g\",\"contentUrl\":\"https:\/\/secure.gravatar.com\/avatar\/9391e20481368d5df4fe3e1e476c13b27786347489822ec1ed07e532bb41f587?s=96&d=mm&r=g\",\"caption\":\"Ringier Corporate Communications\"},\"sameAs\":[\"https:\/\/www.ringier.com\"]}]}<\/script>\n<!-- \/ Yoast SEO Premium plugin. -->","yoast_head_json":{"title":"L\u2019Engadine est la \u00abVall\u00e9e digitale suisse\u00bb 2021 - Ringier","robots":{"index":"index","follow":"follow","max-snippet":"max-snippet:-1","max-image-preview":"max-image-preview:large","max-video-preview":"max-video-preview:-1"},"canonical":"https:\/\/www.ringier.com\/fr\/lengadine-est-la-vallee-digitale-suisse-2021\/","og_locale":"fr_FR","og_type":"article","og_title":"L\u2019Engadine est la \u00abVall\u00e9e digitale suisse\u00bb 2021","og_description":"Internet rapide par fibre optique, espaces de coworking cr\u00e9atifs et centre de village d\u2019un nouveau genre: l\u2019Engadine a s\u00e9duit le lectorat et remporte la premi\u00e8re \u00e9dition du concours de la \u00abR\u00e9gion la plus digitale de Suisse\u00bb. Ce prix est d\u00e9cern\u00e9 \u00e0 une zone rurale qui fait preuve d\u2019un esprit d\u2019innovation particulier en mati\u00e8re de num\u00e9risation. La \u00abVall\u00e9e digitale suisse\u00bb est une initiative commune des magazines Schweizer Illustrierte et L\u2019illustr\u00e9, en partenariat avec Generali Suisse, Swisscom, la Fondation Gebert R\u00fcf et la Journ\u00e9e suisse du digital de digitalswitzerland.","og_url":"https:\/\/www.ringier.com\/fr\/lengadine-est-la-vallee-digitale-suisse-2021\/","og_site_name":"Ringier","article_publisher":"https:\/\/www.facebook.com\/ringierag\/","article_published_time":"2021-11-10T13:07:00+00:00","article_modified_time":"2025-06-24T08:19:24+00:00","og_image":[{"width":1024,"height":536,"url":"https:\/\/www.ringier.com\/wp-content\/uploads\/2024\/01\/Digi-Tal_2021_Gewinner-1024x536.png","type":"image\/png"}],"author":"Ringier Corporate Communications","twitter_card":"summary_large_image","twitter_creator":"@ringier_ag","twitter_site":"@ringier_ag","twitter_misc":{"\u00c9crit par":"Ringier Corporate Communications","Dur\u00e9e de lecture estim\u00e9e":"1 minute"},"schema":{"@context":"https:\/\/schema.org","@graph":[{"@type":"Article","@id":"https:\/\/www.ringier.com\/fr\/lengadine-est-la-vallee-digitale-suisse-2021\/#article","isPartOf":{"@id":"https:\/\/www.ringier.com\/fr\/lengadine-est-la-vallee-digitale-suisse-2021\/"},"author":{"name":"Ringier Corporate Communications","@id":"https:\/\/www.ringier.com\/fr\/#\/schema\/person\/4cf76a308dc4b2bb5121bd1e7b752e52"},"headline":"L\u2019Engadine est la \u00abVall\u00e9e digitale suisse\u00bb 2021","datePublished":"2021-11-10T13:07:00+00:00","dateModified":"2025-06-24T08:19:24+00:00","mainEntityOfPage":{"@id":"https:\/\/www.ringier.com\/fr\/lengadine-est-la-vallee-digitale-suisse-2021\/"},"wordCount":506,"publisher":{"@id":"https:\/\/www.ringier.com\/fr\/#organization"},"image":{"@id":"https:\/\/www.ringier.com\/fr\/lengadine-est-la-vallee-digitale-suisse-2021\/#primaryimage"},"thumbnailUrl":"https:\/\/www.ringier.com\/wp-content\/uploads\/2024\/01\/Digi-Tal_2021_Gewinner.png","articleSection":["Media","Ringier Medias Suisse"],"inLanguage":"fr-FR"},{"@type":"WebPage","@id":"https:\/\/www.ringier.com\/fr\/lengadine-est-la-vallee-digitale-suisse-2021\/","url":"https:\/\/www.ringier.com\/fr\/lengadine-est-la-vallee-digitale-suisse-2021\/","name":"L\u2019Engadine est la \u00abVall\u00e9e digitale suisse\u00bb 2021 - Ringier","isPartOf":{"@id":"https:\/\/www.ringier.com\/fr\/#website"},"primaryImageOfPage":{"@id":"https:\/\/www.ringier.com\/fr\/lengadine-est-la-vallee-digitale-suisse-2021\/#primaryimage"},"image":{"@id":"https:\/\/www.ringier.com\/fr\/lengadine-est-la-vallee-digitale-suisse-2021\/#primaryimage"},"thumbnailUrl":"https:\/\/www.ringier.com\/wp-content\/uploads\/2024\/01\/Digi-Tal_2021_Gewinner.png","datePublished":"2021-11-10T13:07:00+00:00","dateModified":"2025-06-24T08:19:24+00:00","breadcrumb":{"@id":"https:\/\/www.ringier.com\/fr\/lengadine-est-la-vallee-digitale-suisse-2021\/#breadcrumb"},"inLanguage":"fr-FR","potentialAction":[{"@type":"ReadAction","target":["https:\/\/www.ringier.com\/fr\/lengadine-est-la-vallee-digitale-suisse-2021\/"]}]},{"@type":"ImageObject","inLanguage":"fr-FR","@id":"https:\/\/www.ringier.com\/fr\/lengadine-est-la-vallee-digitale-suisse-2021\/#primaryimage","url":"https:\/\/www.ringier.com\/wp-content\/uploads\/2024\/01\/Digi-Tal_2021_Gewinner.png","contentUrl":"https:\/\/www.ringier.com\/wp-content\/uploads\/2024\/01\/Digi-Tal_2021_Gewinner.png","width":1500,"height":785},{"@type":"BreadcrumbList","@id":"https:\/\/www.ringier.com\/fr\/lengadine-est-la-vallee-digitale-suisse-2021\/#breadcrumb","itemListElement":[{"@type":"ListItem","position":1,"name":"Home","item":"https:\/\/www.ringier.com\/fr\/"},{"@type":"ListItem","position":2,"name":"L\u2019Engadine est la \u00abVall\u00e9e digitale suisse\u00bb 2021"}]},{"@type":"WebSite","@id":"https:\/\/www.ringier.com\/fr\/#website","url":"https:\/\/www.ringier.com\/fr\/","name":"Ringier","description":"We inform. We entertain. We connect","publisher":{"@id":"https:\/\/www.ringier.com\/fr\/#organization"},"potentialAction":[{"@type":"SearchAction","target":{"@type":"EntryPoint","urlTemplate":"https:\/\/www.ringier.com\/fr\/?s={search_term_string}"},"query-input":{"@type":"PropertyValueSpecification","valueRequired":true,"valueName":"search_term_string"}}],"inLanguage":"fr-FR"},{"@type":"Organization","@id":"https:\/\/www.ringier.com\/fr\/#organization","name":"Ringier","url":"https:\/\/www.ringier.com\/fr\/","logo":{"@type":"ImageObject","inLanguage":"fr-FR","@id":"https:\/\/www.ringier.com\/fr\/#\/schema\/logo\/image\/","url":"https:\/\/www.ringier.com\/wp-content\/uploads\/2021\/10\/ringier_logo_2.jpg","contentUrl":"https:\/\/www.ringier.com\/wp-content\/uploads\/2021\/10\/ringier_logo_2.jpg","width":750,"height":550,"caption":"Ringier"},"image":{"@id":"https:\/\/www.ringier.com\/fr\/#\/schema\/logo\/image\/"},"sameAs":["https:\/\/www.facebook.com\/ringierag\/","https:\/\/x.com\/ringier_ag","https:\/\/www.instagram.com\/ringier_ag\/","https:\/\/www.linkedin.com\/company\/ringier\/","https:\/\/www.youtube.com\/user\/RingierComm","https:\/\/en.wikipedia.org\/wiki\/Ringier","https:\/\/de.wikipedia.org\/wiki\/Ringier","https:\/\/fr.wikipedia.org\/wiki\/Ringier","https:\/\/www.crunchbase.com\/organization\/ringier-ag"]},{"@type":"Person","@id":"https:\/\/www.ringier.com\/fr\/#\/schema\/person\/4cf76a308dc4b2bb5121bd1e7b752e52","name":"Ringier Corporate Communications","image":{"@type":"ImageObject","inLanguage":"fr-FR","@id":"https:\/\/www.ringier.com\/fr\/#\/schema\/person\/image\/","url":"https:\/\/secure.gravatar.com\/avatar\/9391e20481368d5df4fe3e1e476c13b27786347489822ec1ed07e532bb41f587?s=96&d=mm&r=g","contentUrl":"https:\/\/secure.gravatar.com\/avatar\/9391e20481368d5df4fe3e1e476c13b27786347489822ec1ed07e532bb41f587?s=96&d=mm&r=g","caption":"Ringier Corporate Communications"},"sameAs":["https:\/\/www.ringier.com"]}]}},"_links":{"self":[{"href":"https:\/\/www.ringier.com\/fr\/wp-json\/wp\/v2\/posts\/17925","targetHints":{"allow":["GET"]}}],"collection":[{"href":"https:\/\/www.ringier.com\/fr\/wp-json\/wp\/v2\/posts"}],"about":[{"href":"https:\/\/www.ringier.com\/fr\/wp-json\/wp\/v2\/types\/post"}],"author":[{"embeddable":true,"href":"https:\/\/www.ringier.com\/fr\/wp-json\/wp\/v2\/users\/23"}],"replies":[{"embeddable":true,"href":"https:\/\/www.ringier.com\/fr\/wp-json\/wp\/v2\/comments?post=17925"}],"version-history":[{"count":0,"href":"https:\/\/www.ringier.com\/fr\/wp-json\/wp\/v2\/posts\/17925\/revisions"}],"wp:featuredmedia":[{"embeddable":true,"href":"https:\/\/www.ringier.com\/fr\/wp-json\/wp\/v2\/media\/17924"}],"wp:attachment":[{"href":"https:\/\/www.ringier.com\/fr\/wp-json\/wp\/v2\/media?parent=17925"}],"wp:term":[{"taxonomy":"category","embeddable":true,"href":"https:\/\/www.ringier.com\/fr\/wp-json\/wp\/v2\/categories?post=17925"},{"taxonomy":"post_tag","embeddable":true,"href":"https:\/\/www.ringier.com\/fr\/wp-json\/wp\/v2\/tags?post=17925"}],"curies":[{"name":"wp","href":"https:\/\/api.w.org\/{rel}","templated":true}]}}