{"id":17665,"date":"2022-08-03T16:29:00","date_gmt":"2022-08-03T14:29:00","guid":{"rendered":"https:\/\/www.ringier.com\/exklusiv-fuer-die-leser-innen-von-schweizer-illustrierte-lillustre1-august-wanderung-mit-bundesraetin-karin-keller-sutter\/"},"modified":"2025-06-24T10:14:55","modified_gmt":"2025-06-24T08:14:55","slug":"en-exclusivite-pour-les-lectrices-et-lecteurs-de-la-schweizer-illustrierte-et-de-lillustrerandonnee-du-1er-aout-avec-la-conseillere-federale-karin-keller-sutter","status":"publish","type":"post","link":"https:\/\/www.ringier.com\/fr\/en-exclusivite-pour-les-lectrices-et-lecteurs-de-la-schweizer-illustrierte-et-de-lillustrerandonnee-du-1er-aout-avec-la-conseillere-federale-karin-keller-sutter\/","title":{"rendered":"En exclusivit\u00e9 pour les lectrices et lecteurs de la Schweizer Illustrierte et de L\u2019illustr\u00e9:randonn\u00e9e du 1er ao\u00fbt avec la conseill\u00e8re f\u00e9d\u00e9rale Karin Keller-Sutter"},"content":{"rendered":"\n<p>La randonn\u00e9e du 1<sup>er<\/sup>&nbsp;ao\u00fbt de la&nbsp;<em>Schweizer Illustrierte<\/em>&nbsp;et de&nbsp;<em>L\u2019illustr\u00e9<\/em>&nbsp;constitue une v\u00e9ritable tradition: pour la cinqui\u00e8me fois, les lectrices et lecteurs de ces deux titres ont eu l\u2019occasion exclusive de randonner aux c\u00f4t\u00e9s d\u2019un\/-e conseiller\/-\u00e8re f\u00e9d\u00e9ral\/-e, dans son canton d\u2019origine. Avec Alain Berset, ils \u00e9taient partis au bord du Lac Noir en 2018, puis dans les vignobles vaudois avec Guy Parmelin en 2019, dans la Binntal avec Viola Amherd en 2020, et enfin au lac de Thoune avec Simonetta Sommaruga en 2021. Cette ann\u00e9e, c\u2019est la conseill\u00e8re f\u00e9d\u00e9rale Karin Keller-Sutter qui les a convi\u00e9s dans son canton d\u2019origine, Saint-Gall.<\/p>\n\n\n\n<p>\u00abJ\u2019ai \u00e9t\u00e9 ravie de faire d\u00e9couvrir aux lectrices et lecteurs les beaux paysages du canton de Saint-Gall autour du lac de Walenstadt et de me promener avec eux. J\u2019ai particuli\u00e8rement appr\u00e9ci\u00e9 nos \u00e9changes spontan\u00e9s\u00bb, d\u00e9clare Karin Keller-Sutter.<\/p>\n\n\n\n<p>\u00abC\u2019est exceptionnel de pouvoir approcher un conseiller f\u00e9d\u00e9ral dans ce contexte. Dans quel autre pays peut-on partir randonner avec un membre du gouvernement? Notre randonn\u00e9e du 1<sup>er<\/sup>&nbsp;ao\u00fbt est une offre unique, appr\u00e9ci\u00e9e tant par notre lectorat que par les membres du gouvernement\u00bb, d\u00e9clare Silvia Binggeli, r\u00e9dactrice en chef de la&nbsp;<em>Schweizer Illustrierte<\/em>.<\/p>\n\n\n\n<p>\u00abNous rapprochons nos lectrices et lecteurs de la politique et des personnes qui la sous-tendent de mani\u00e8re simple et vari\u00e9e. Je suis convaincu que nous leur permettons ainsi de mieux se comprendre, ce qui contribue notablement au bon fonctionnement de la d\u00e9mocratie suisse\u00bb, souligne Philippe Clot, journaliste \u00e0&nbsp;<em>L\u2019illustr\u00e9<\/em>, qui a particip\u00e9 \u00e0 la randonn\u00e9e.<\/p>\n\n\n\n<p>Un article d\u00e9taill\u00e9 sur cette \u00e9dition de la randonn\u00e9e, avec une interview de la conseill\u00e8re f\u00e9d\u00e9rale Karin Keller-Sutter, para\u00eetra le 03.08.2022 dans&nbsp;<em>L\u2019illustr\u00e9<\/em>&nbsp;et le 05.08.2022 dans la&nbsp;<em>Schweizer Illustrierte<\/em>. Nous devons l\u2019id\u00e9e et l\u2019organisation de la randonn\u00e9e du 1<sup>er<\/sup>&nbsp;ao\u00fbt avec un membre du Conseil f\u00e9d\u00e9ral \u00e0 Werner De Schepper, r\u00e9dacteur en chef des magazines grand public de Ringier Axel Springer Suisse et co-r\u00e9dacteur en chef d\u2019Interview by Ringier. Les partenaires de la cinqui\u00e8me randonn\u00e9e du 1<sup>er<\/sup>&nbsp;ao\u00fbt sont Twerenbold, Flumserberg, l\u2019Office de tourisme d\u2019Amden &amp; Weesen, la compagnie nautique du lac de Walenstadt, l\u2019association St. Galler Wanderwege et l\u2019Union suisse des paysans.<\/p>\n\n\n\n<hr class=\"wp-block-separator has-alpha-channel-opacity\"\/>\n\n\n\n<div class=\"wp-block-columns is-layout-flex wp-container-core-columns-is-layout-9d6595d7 wp-block-columns-is-layout-flex\">\n<div class=\"wp-block-column is-vertically-aligned-bottom is-layout-flow wp-block-column-is-layout-flow\">\n<p class=\"has-small-font-size\">Corporate&nbsp;Communications<br>+41 44 259 64 44<br><a href=\"mailto:media@ringier.ch\" target=\"_blank\" rel=\"noreferrer noopener\">media@ringier.ch<\/a> <br><a href=\"https:\/\/www.ringier.com\/de\/\">www.ringier.co<\/a><a href=\"https:\/\/www.ringier.com\/de\/\" target=\"_blank\" rel=\"noreferrer noopener\">m<\/a><\/p>\n<\/div>\n\n\n\n<div class=\"wp-block-column is-vertically-aligned-bottom is-layout-flow wp-block-column-is-layout-flow\">\n<p class=\"has-text-align-left has-small-font-size\">Ringier <br>Dufourstrasse 23<br>8008 Zurich<br>Suisse<\/p>\n<\/div>\n<\/div>\n\n\n\n<p><\/p>\n","protected":false},"excerpt":{"rendered":"<p>La randonn\u00e9e du 1er ao\u00fbt organis\u00e9e par la Schweizer Illustrierte et L\u2019illustr\u00e9 s\u2019est tenue pour la cinqui\u00e8me fois. Accompagn\u00e9s par Karin Keller-Sutter, 160 lectrices et lecteurs de ces deux titres de la maison Ringier Axel Springer Suisse se sont promen\u00e9s autour du lac de Walenstadt, dans le canton d\u2019origine de la conseill\u00e8re f\u00e9d\u00e9rale.<\/p>\n","protected":false},"author":23,"featured_media":17664,"comment_status":"closed","ping_status":"open","sticky":false,"template":"","format":"standard","meta":{"inline_featured_image":false,"footnotes":""},"categories":[370,363],"tags":[],"class_list":["post-17665","post","type-post","status-publish","format-standard","has-post-thumbnail","hentry","category-media-fr","category-ringier-medias-suisse"],"yoast_head":"<!-- This site is optimized with the Yoast SEO Premium plugin v27.0 (Yoast SEO v27.0) - https:\/\/yoast.com\/product\/yoast-seo-premium-wordpress\/ -->\n<title>En exclusivit\u00e9 pour les lectrices et lecteurs de la Schweizer Illustrierte et de L\u2019illustr\u00e9:randonn\u00e9e du 1er ao\u00fbt avec la conseill\u00e8re f\u00e9d\u00e9rale Karin Keller-Sutter - Ringier<\/title>\n<meta name=\"robots\" content=\"index, follow, max-snippet:-1, max-image-preview:large, max-video-preview:-1\" \/>\n<link rel=\"canonical\" href=\"https:\/\/www.ringier.com\/fr\/en-exclusivite-pour-les-lectrices-et-lecteurs-de-la-schweizer-illustrierte-et-de-lillustrerandonnee-du-1er-aout-avec-la-conseillere-federale-karin-keller-sutter\/\" \/>\n<meta property=\"og:locale\" content=\"fr_FR\" \/>\n<meta property=\"og:type\" content=\"article\" \/>\n<meta property=\"og:title\" content=\"En exclusivit\u00e9 pour les lectrices et lecteurs de la Schweizer Illustrierte et de L\u2019illustr\u00e9:randonn\u00e9e du 1er ao\u00fbt avec la conseill\u00e8re f\u00e9d\u00e9rale Karin Keller-Sutter\" \/>\n<meta property=\"og:description\" content=\"La randonn\u00e9e du 1er ao\u00fbt organis\u00e9e par la Schweizer Illustrierte et L\u2019illustr\u00e9 s\u2019est tenue pour la cinqui\u00e8me fois. Accompagn\u00e9s par Karin Keller-Sutter, 160 lectrices et lecteurs de ces deux titres de la maison Ringier Axel Springer Suisse se sont promen\u00e9s autour du lac de Walenstadt, dans le canton d\u2019origine de la conseill\u00e8re f\u00e9d\u00e9rale.\" \/>\n<meta property=\"og:url\" content=\"https:\/\/www.ringier.com\/fr\/en-exclusivite-pour-les-lectrices-et-lecteurs-de-la-schweizer-illustrierte-et-de-lillustrerandonnee-du-1er-aout-avec-la-conseillere-federale-karin-keller-sutter\/\" \/>\n<meta property=\"og:site_name\" content=\"Ringier\" \/>\n<meta property=\"article:publisher\" content=\"https:\/\/www.facebook.com\/ringierag\/\" \/>\n<meta property=\"article:published_time\" content=\"2022-08-03T14:29:00+00:00\" \/>\n<meta property=\"article:modified_time\" content=\"2025-06-24T08:14:55+00:00\" \/>\n<meta property=\"og:image\" content=\"https:\/\/www.ringier.com\/wp-content\/uploads\/2024\/01\/KKS-Wanderung.jpg\" \/>\n\t<meta property=\"og:image:width\" content=\"1200\" \/>\n\t<meta property=\"og:image:height\" content=\"628\" \/>\n\t<meta property=\"og:image:type\" content=\"image\/jpeg\" \/>\n<meta name=\"author\" content=\"Ringier Corporate Communications\" \/>\n<meta name=\"twitter:card\" content=\"summary_large_image\" \/>\n<meta name=\"twitter:creator\" content=\"@ringier_ag\" \/>\n<meta name=\"twitter:site\" content=\"@ringier_ag\" \/>\n<meta name=\"twitter:label1\" content=\"\u00c9crit par\" \/>\n\t<meta name=\"twitter:data1\" content=\"Ringier Corporate Communications\" \/>\n\t<meta name=\"twitter:label2\" content=\"Dur\u00e9e de lecture estim\u00e9e\" \/>\n\t<meta name=\"twitter:data2\" content=\"1 minute\" \/>\n<script type=\"application\/ld+json\" class=\"yoast-schema-graph\">{\"@context\":\"https:\/\/schema.org\",\"@graph\":[{\"@type\":\"Article\",\"@id\":\"https:\/\/www.ringier.com\/fr\/en-exclusivite-pour-les-lectrices-et-lecteurs-de-la-schweizer-illustrierte-et-de-lillustrerandonnee-du-1er-aout-avec-la-conseillere-federale-karin-keller-sutter\/#article\",\"isPartOf\":{\"@id\":\"https:\/\/www.ringier.com\/fr\/en-exclusivite-pour-les-lectrices-et-lecteurs-de-la-schweizer-illustrierte-et-de-lillustrerandonnee-du-1er-aout-avec-la-conseillere-federale-karin-keller-sutter\/\"},\"author\":{\"name\":\"Ringier Corporate Communications\",\"@id\":\"https:\/\/www.ringier.com\/fr\/#\/schema\/person\/4cf76a308dc4b2bb5121bd1e7b752e52\"},\"headline\":\"En exclusivit\u00e9 pour les lectrices et lecteurs de la Schweizer Illustrierte et de L\u2019illustr\u00e9:randonn\u00e9e du 1er ao\u00fbt avec la conseill\u00e8re f\u00e9d\u00e9rale Karin Keller-Sutter\",\"datePublished\":\"2022-08-03T14:29:00+00:00\",\"dateModified\":\"2025-06-24T08:14:55+00:00\",\"mainEntityOfPage\":{\"@id\":\"https:\/\/www.ringier.com\/fr\/en-exclusivite-pour-les-lectrices-et-lecteurs-de-la-schweizer-illustrierte-et-de-lillustrerandonnee-du-1er-aout-avec-la-conseillere-federale-karin-keller-sutter\/\"},\"wordCount\":466,\"publisher\":{\"@id\":\"https:\/\/www.ringier.com\/fr\/#organization\"},\"image\":{\"@id\":\"https:\/\/www.ringier.com\/fr\/en-exclusivite-pour-les-lectrices-et-lecteurs-de-la-schweizer-illustrierte-et-de-lillustrerandonnee-du-1er-aout-avec-la-conseillere-federale-karin-keller-sutter\/#primaryimage\"},\"thumbnailUrl\":\"https:\/\/www.ringier.com\/wp-content\/uploads\/2024\/01\/KKS-Wanderung.jpg\",\"articleSection\":[\"Media\",\"Ringier Medias Suisse\"],\"inLanguage\":\"fr-FR\"},{\"@type\":\"WebPage\",\"@id\":\"https:\/\/www.ringier.com\/fr\/en-exclusivite-pour-les-lectrices-et-lecteurs-de-la-schweizer-illustrierte-et-de-lillustrerandonnee-du-1er-aout-avec-la-conseillere-federale-karin-keller-sutter\/\",\"url\":\"https:\/\/www.ringier.com\/fr\/en-exclusivite-pour-les-lectrices-et-lecteurs-de-la-schweizer-illustrierte-et-de-lillustrerandonnee-du-1er-aout-avec-la-conseillere-federale-karin-keller-sutter\/\",\"name\":\"En exclusivit\u00e9 pour les lectrices et lecteurs de la Schweizer Illustrierte et de L\u2019illustr\u00e9:randonn\u00e9e du 1er ao\u00fbt avec la conseill\u00e8re f\u00e9d\u00e9rale Karin Keller-Sutter - Ringier\",\"isPartOf\":{\"@id\":\"https:\/\/www.ringier.com\/fr\/#website\"},\"primaryImageOfPage\":{\"@id\":\"https:\/\/www.ringier.com\/fr\/en-exclusivite-pour-les-lectrices-et-lecteurs-de-la-schweizer-illustrierte-et-de-lillustrerandonnee-du-1er-aout-avec-la-conseillere-federale-karin-keller-sutter\/#primaryimage\"},\"image\":{\"@id\":\"https:\/\/www.ringier.com\/fr\/en-exclusivite-pour-les-lectrices-et-lecteurs-de-la-schweizer-illustrierte-et-de-lillustrerandonnee-du-1er-aout-avec-la-conseillere-federale-karin-keller-sutter\/#primaryimage\"},\"thumbnailUrl\":\"https:\/\/www.ringier.com\/wp-content\/uploads\/2024\/01\/KKS-Wanderung.jpg\",\"datePublished\":\"2022-08-03T14:29:00+00:00\",\"dateModified\":\"2025-06-24T08:14:55+00:00\",\"breadcrumb\":{\"@id\":\"https:\/\/www.ringier.com\/fr\/en-exclusivite-pour-les-lectrices-et-lecteurs-de-la-schweizer-illustrierte-et-de-lillustrerandonnee-du-1er-aout-avec-la-conseillere-federale-karin-keller-sutter\/#breadcrumb\"},\"inLanguage\":\"fr-FR\",\"potentialAction\":[{\"@type\":\"ReadAction\",\"target\":[\"https:\/\/www.ringier.com\/fr\/en-exclusivite-pour-les-lectrices-et-lecteurs-de-la-schweizer-illustrierte-et-de-lillustrerandonnee-du-1er-aout-avec-la-conseillere-federale-karin-keller-sutter\/\"]}]},{\"@type\":\"ImageObject\",\"inLanguage\":\"fr-FR\",\"@id\":\"https:\/\/www.ringier.com\/fr\/en-exclusivite-pour-les-lectrices-et-lecteurs-de-la-schweizer-illustrierte-et-de-lillustrerandonnee-du-1er-aout-avec-la-conseillere-federale-karin-keller-sutter\/#primaryimage\",\"url\":\"https:\/\/www.ringier.com\/wp-content\/uploads\/2024\/01\/KKS-Wanderung.jpg\",\"contentUrl\":\"https:\/\/www.ringier.com\/wp-content\/uploads\/2024\/01\/KKS-Wanderung.jpg\",\"width\":1200,\"height\":628},{\"@type\":\"BreadcrumbList\",\"@id\":\"https:\/\/www.ringier.com\/fr\/en-exclusivite-pour-les-lectrices-et-lecteurs-de-la-schweizer-illustrierte-et-de-lillustrerandonnee-du-1er-aout-avec-la-conseillere-federale-karin-keller-sutter\/#breadcrumb\",\"itemListElement\":[{\"@type\":\"ListItem\",\"position\":1,\"name\":\"Home\",\"item\":\"https:\/\/www.ringier.com\/fr\/\"},{\"@type\":\"ListItem\",\"position\":2,\"name\":\"En exclusivit\u00e9 pour les lectrices et lecteurs de la Schweizer Illustrierte et de L\u2019illustr\u00e9:randonn\u00e9e du 1er ao\u00fbt avec la conseill\u00e8re f\u00e9d\u00e9rale Karin Keller-Sutter\"}]},{\"@type\":\"WebSite\",\"@id\":\"https:\/\/www.ringier.com\/fr\/#website\",\"url\":\"https:\/\/www.ringier.com\/fr\/\",\"name\":\"Ringier\",\"description\":\"We inform. We entertain. We connect\",\"publisher\":{\"@id\":\"https:\/\/www.ringier.com\/fr\/#organization\"},\"potentialAction\":[{\"@type\":\"SearchAction\",\"target\":{\"@type\":\"EntryPoint\",\"urlTemplate\":\"https:\/\/www.ringier.com\/fr\/?s={search_term_string}\"},\"query-input\":{\"@type\":\"PropertyValueSpecification\",\"valueRequired\":true,\"valueName\":\"search_term_string\"}}],\"inLanguage\":\"fr-FR\"},{\"@type\":\"Organization\",\"@id\":\"https:\/\/www.ringier.com\/fr\/#organization\",\"name\":\"Ringier\",\"url\":\"https:\/\/www.ringier.com\/fr\/\",\"logo\":{\"@type\":\"ImageObject\",\"inLanguage\":\"fr-FR\",\"@id\":\"https:\/\/www.ringier.com\/fr\/#\/schema\/logo\/image\/\",\"url\":\"https:\/\/www.ringier.com\/wp-content\/uploads\/2021\/10\/ringier_logo_2.jpg\",\"contentUrl\":\"https:\/\/www.ringier.com\/wp-content\/uploads\/2021\/10\/ringier_logo_2.jpg\",\"width\":750,\"height\":550,\"caption\":\"Ringier\"},\"image\":{\"@id\":\"https:\/\/www.ringier.com\/fr\/#\/schema\/logo\/image\/\"},\"sameAs\":[\"https:\/\/www.facebook.com\/ringierag\/\",\"https:\/\/x.com\/ringier_ag\",\"https:\/\/www.instagram.com\/ringier_ag\/\",\"https:\/\/www.linkedin.com\/company\/ringier\/\",\"https:\/\/www.youtube.com\/user\/RingierComm\",\"https:\/\/en.wikipedia.org\/wiki\/Ringier\",\"https:\/\/de.wikipedia.org\/wiki\/Ringier\",\"https:\/\/fr.wikipedia.org\/wiki\/Ringier\",\"https:\/\/www.crunchbase.com\/organization\/ringier-ag\"]},{\"@type\":\"Person\",\"@id\":\"https:\/\/www.ringier.com\/fr\/#\/schema\/person\/4cf76a308dc4b2bb5121bd1e7b752e52\",\"name\":\"Ringier Corporate Communications\",\"image\":{\"@type\":\"ImageObject\",\"inLanguage\":\"fr-FR\",\"@id\":\"https:\/\/www.ringier.com\/fr\/#\/schema\/person\/image\/\",\"url\":\"https:\/\/secure.gravatar.com\/avatar\/9391e20481368d5df4fe3e1e476c13b27786347489822ec1ed07e532bb41f587?s=96&d=mm&r=g\",\"contentUrl\":\"https:\/\/secure.gravatar.com\/avatar\/9391e20481368d5df4fe3e1e476c13b27786347489822ec1ed07e532bb41f587?s=96&d=mm&r=g\",\"caption\":\"Ringier Corporate Communications\"},\"sameAs\":[\"https:\/\/www.ringier.com\"]}]}<\/script>\n<!-- \/ Yoast SEO Premium plugin. -->","yoast_head_json":{"title":"En exclusivit\u00e9 pour les lectrices et lecteurs de la Schweizer Illustrierte et de L\u2019illustr\u00e9:randonn\u00e9e du 1er ao\u00fbt avec la conseill\u00e8re f\u00e9d\u00e9rale Karin Keller-Sutter - Ringier","robots":{"index":"index","follow":"follow","max-snippet":"max-snippet:-1","max-image-preview":"max-image-preview:large","max-video-preview":"max-video-preview:-1"},"canonical":"https:\/\/www.ringier.com\/fr\/en-exclusivite-pour-les-lectrices-et-lecteurs-de-la-schweizer-illustrierte-et-de-lillustrerandonnee-du-1er-aout-avec-la-conseillere-federale-karin-keller-sutter\/","og_locale":"fr_FR","og_type":"article","og_title":"En exclusivit\u00e9 pour les lectrices et lecteurs de la Schweizer Illustrierte et de L\u2019illustr\u00e9:randonn\u00e9e du 1er ao\u00fbt avec la conseill\u00e8re f\u00e9d\u00e9rale Karin Keller-Sutter","og_description":"La randonn\u00e9e du 1er ao\u00fbt organis\u00e9e par la Schweizer Illustrierte et L\u2019illustr\u00e9 s\u2019est tenue pour la cinqui\u00e8me fois. Accompagn\u00e9s par Karin Keller-Sutter, 160 lectrices et lecteurs de ces deux titres de la maison Ringier Axel Springer Suisse se sont promen\u00e9s autour du lac de Walenstadt, dans le canton d\u2019origine de la conseill\u00e8re f\u00e9d\u00e9rale.","og_url":"https:\/\/www.ringier.com\/fr\/en-exclusivite-pour-les-lectrices-et-lecteurs-de-la-schweizer-illustrierte-et-de-lillustrerandonnee-du-1er-aout-avec-la-conseillere-federale-karin-keller-sutter\/","og_site_name":"Ringier","article_publisher":"https:\/\/www.facebook.com\/ringierag\/","article_published_time":"2022-08-03T14:29:00+00:00","article_modified_time":"2025-06-24T08:14:55+00:00","og_image":[{"width":1200,"height":628,"url":"https:\/\/www.ringier.com\/wp-content\/uploads\/2024\/01\/KKS-Wanderung.jpg","type":"image\/jpeg"}],"author":"Ringier Corporate Communications","twitter_card":"summary_large_image","twitter_creator":"@ringier_ag","twitter_site":"@ringier_ag","twitter_misc":{"\u00c9crit par":"Ringier Corporate Communications","Dur\u00e9e de lecture estim\u00e9e":"1 minute"},"schema":{"@context":"https:\/\/schema.org","@graph":[{"@type":"Article","@id":"https:\/\/www.ringier.com\/fr\/en-exclusivite-pour-les-lectrices-et-lecteurs-de-la-schweizer-illustrierte-et-de-lillustrerandonnee-du-1er-aout-avec-la-conseillere-federale-karin-keller-sutter\/#article","isPartOf":{"@id":"https:\/\/www.ringier.com\/fr\/en-exclusivite-pour-les-lectrices-et-lecteurs-de-la-schweizer-illustrierte-et-de-lillustrerandonnee-du-1er-aout-avec-la-conseillere-federale-karin-keller-sutter\/"},"author":{"name":"Ringier Corporate Communications","@id":"https:\/\/www.ringier.com\/fr\/#\/schema\/person\/4cf76a308dc4b2bb5121bd1e7b752e52"},"headline":"En exclusivit\u00e9 pour les lectrices et lecteurs de la Schweizer Illustrierte et de L\u2019illustr\u00e9:randonn\u00e9e du 1er ao\u00fbt avec la conseill\u00e8re f\u00e9d\u00e9rale Karin Keller-Sutter","datePublished":"2022-08-03T14:29:00+00:00","dateModified":"2025-06-24T08:14:55+00:00","mainEntityOfPage":{"@id":"https:\/\/www.ringier.com\/fr\/en-exclusivite-pour-les-lectrices-et-lecteurs-de-la-schweizer-illustrierte-et-de-lillustrerandonnee-du-1er-aout-avec-la-conseillere-federale-karin-keller-sutter\/"},"wordCount":466,"publisher":{"@id":"https:\/\/www.ringier.com\/fr\/#organization"},"image":{"@id":"https:\/\/www.ringier.com\/fr\/en-exclusivite-pour-les-lectrices-et-lecteurs-de-la-schweizer-illustrierte-et-de-lillustrerandonnee-du-1er-aout-avec-la-conseillere-federale-karin-keller-sutter\/#primaryimage"},"thumbnailUrl":"https:\/\/www.ringier.com\/wp-content\/uploads\/2024\/01\/KKS-Wanderung.jpg","articleSection":["Media","Ringier Medias Suisse"],"inLanguage":"fr-FR"},{"@type":"WebPage","@id":"https:\/\/www.ringier.com\/fr\/en-exclusivite-pour-les-lectrices-et-lecteurs-de-la-schweizer-illustrierte-et-de-lillustrerandonnee-du-1er-aout-avec-la-conseillere-federale-karin-keller-sutter\/","url":"https:\/\/www.ringier.com\/fr\/en-exclusivite-pour-les-lectrices-et-lecteurs-de-la-schweizer-illustrierte-et-de-lillustrerandonnee-du-1er-aout-avec-la-conseillere-federale-karin-keller-sutter\/","name":"En exclusivit\u00e9 pour les lectrices et lecteurs de la Schweizer Illustrierte et de L\u2019illustr\u00e9:randonn\u00e9e du 1er ao\u00fbt avec la conseill\u00e8re f\u00e9d\u00e9rale Karin Keller-Sutter - Ringier","isPartOf":{"@id":"https:\/\/www.ringier.com\/fr\/#website"},"primaryImageOfPage":{"@id":"https:\/\/www.ringier.com\/fr\/en-exclusivite-pour-les-lectrices-et-lecteurs-de-la-schweizer-illustrierte-et-de-lillustrerandonnee-du-1er-aout-avec-la-conseillere-federale-karin-keller-sutter\/#primaryimage"},"image":{"@id":"https:\/\/www.ringier.com\/fr\/en-exclusivite-pour-les-lectrices-et-lecteurs-de-la-schweizer-illustrierte-et-de-lillustrerandonnee-du-1er-aout-avec-la-conseillere-federale-karin-keller-sutter\/#primaryimage"},"thumbnailUrl":"https:\/\/www.ringier.com\/wp-content\/uploads\/2024\/01\/KKS-Wanderung.jpg","datePublished":"2022-08-03T14:29:00+00:00","dateModified":"2025-06-24T08:14:55+00:00","breadcrumb":{"@id":"https:\/\/www.ringier.com\/fr\/en-exclusivite-pour-les-lectrices-et-lecteurs-de-la-schweizer-illustrierte-et-de-lillustrerandonnee-du-1er-aout-avec-la-conseillere-federale-karin-keller-sutter\/#breadcrumb"},"inLanguage":"fr-FR","potentialAction":[{"@type":"ReadAction","target":["https:\/\/www.ringier.com\/fr\/en-exclusivite-pour-les-lectrices-et-lecteurs-de-la-schweizer-illustrierte-et-de-lillustrerandonnee-du-1er-aout-avec-la-conseillere-federale-karin-keller-sutter\/"]}]},{"@type":"ImageObject","inLanguage":"fr-FR","@id":"https:\/\/www.ringier.com\/fr\/en-exclusivite-pour-les-lectrices-et-lecteurs-de-la-schweizer-illustrierte-et-de-lillustrerandonnee-du-1er-aout-avec-la-conseillere-federale-karin-keller-sutter\/#primaryimage","url":"https:\/\/www.ringier.com\/wp-content\/uploads\/2024\/01\/KKS-Wanderung.jpg","contentUrl":"https:\/\/www.ringier.com\/wp-content\/uploads\/2024\/01\/KKS-Wanderung.jpg","width":1200,"height":628},{"@type":"BreadcrumbList","@id":"https:\/\/www.ringier.com\/fr\/en-exclusivite-pour-les-lectrices-et-lecteurs-de-la-schweizer-illustrierte-et-de-lillustrerandonnee-du-1er-aout-avec-la-conseillere-federale-karin-keller-sutter\/#breadcrumb","itemListElement":[{"@type":"ListItem","position":1,"name":"Home","item":"https:\/\/www.ringier.com\/fr\/"},{"@type":"ListItem","position":2,"name":"En exclusivit\u00e9 pour les lectrices et lecteurs de la Schweizer Illustrierte et de L\u2019illustr\u00e9:randonn\u00e9e du 1er ao\u00fbt avec la conseill\u00e8re f\u00e9d\u00e9rale Karin Keller-Sutter"}]},{"@type":"WebSite","@id":"https:\/\/www.ringier.com\/fr\/#website","url":"https:\/\/www.ringier.com\/fr\/","name":"Ringier","description":"We inform. We entertain. We connect","publisher":{"@id":"https:\/\/www.ringier.com\/fr\/#organization"},"potentialAction":[{"@type":"SearchAction","target":{"@type":"EntryPoint","urlTemplate":"https:\/\/www.ringier.com\/fr\/?s={search_term_string}"},"query-input":{"@type":"PropertyValueSpecification","valueRequired":true,"valueName":"search_term_string"}}],"inLanguage":"fr-FR"},{"@type":"Organization","@id":"https:\/\/www.ringier.com\/fr\/#organization","name":"Ringier","url":"https:\/\/www.ringier.com\/fr\/","logo":{"@type":"ImageObject","inLanguage":"fr-FR","@id":"https:\/\/www.ringier.com\/fr\/#\/schema\/logo\/image\/","url":"https:\/\/www.ringier.com\/wp-content\/uploads\/2021\/10\/ringier_logo_2.jpg","contentUrl":"https:\/\/www.ringier.com\/wp-content\/uploads\/2021\/10\/ringier_logo_2.jpg","width":750,"height":550,"caption":"Ringier"},"image":{"@id":"https:\/\/www.ringier.com\/fr\/#\/schema\/logo\/image\/"},"sameAs":["https:\/\/www.facebook.com\/ringierag\/","https:\/\/x.com\/ringier_ag","https:\/\/www.instagram.com\/ringier_ag\/","https:\/\/www.linkedin.com\/company\/ringier\/","https:\/\/www.youtube.com\/user\/RingierComm","https:\/\/en.wikipedia.org\/wiki\/Ringier","https:\/\/de.wikipedia.org\/wiki\/Ringier","https:\/\/fr.wikipedia.org\/wiki\/Ringier","https:\/\/www.crunchbase.com\/organization\/ringier-ag"]},{"@type":"Person","@id":"https:\/\/www.ringier.com\/fr\/#\/schema\/person\/4cf76a308dc4b2bb5121bd1e7b752e52","name":"Ringier Corporate Communications","image":{"@type":"ImageObject","inLanguage":"fr-FR","@id":"https:\/\/www.ringier.com\/fr\/#\/schema\/person\/image\/","url":"https:\/\/secure.gravatar.com\/avatar\/9391e20481368d5df4fe3e1e476c13b27786347489822ec1ed07e532bb41f587?s=96&d=mm&r=g","contentUrl":"https:\/\/secure.gravatar.com\/avatar\/9391e20481368d5df4fe3e1e476c13b27786347489822ec1ed07e532bb41f587?s=96&d=mm&r=g","caption":"Ringier Corporate Communications"},"sameAs":["https:\/\/www.ringier.com"]}]}},"_links":{"self":[{"href":"https:\/\/www.ringier.com\/fr\/wp-json\/wp\/v2\/posts\/17665","targetHints":{"allow":["GET"]}}],"collection":[{"href":"https:\/\/www.ringier.com\/fr\/wp-json\/wp\/v2\/posts"}],"about":[{"href":"https:\/\/www.ringier.com\/fr\/wp-json\/wp\/v2\/types\/post"}],"author":[{"embeddable":true,"href":"https:\/\/www.ringier.com\/fr\/wp-json\/wp\/v2\/users\/23"}],"replies":[{"embeddable":true,"href":"https:\/\/www.ringier.com\/fr\/wp-json\/wp\/v2\/comments?post=17665"}],"version-history":[{"count":0,"href":"https:\/\/www.ringier.com\/fr\/wp-json\/wp\/v2\/posts\/17665\/revisions"}],"wp:featuredmedia":[{"embeddable":true,"href":"https:\/\/www.ringier.com\/fr\/wp-json\/wp\/v2\/media\/17664"}],"wp:attachment":[{"href":"https:\/\/www.ringier.com\/fr\/wp-json\/wp\/v2\/media?parent=17665"}],"wp:term":[{"taxonomy":"category","embeddable":true,"href":"https:\/\/www.ringier.com\/fr\/wp-json\/wp\/v2\/categories?post=17665"},{"taxonomy":"post_tag","embeddable":true,"href":"https:\/\/www.ringier.com\/fr\/wp-json\/wp\/v2\/tags?post=17665"}],"curies":[{"name":"wp","href":"https:\/\/api.w.org\/{rel}","templated":true}]}}