{"id":1754,"date":"2016-02-29T15:32:00","date_gmt":"2016-02-29T14:32:00","guid":{"rendered":"https:\/\/www.ringier.com\/?p=1754"},"modified":"2024-11-14T10:28:17","modified_gmt":"2024-11-14T09:28:17","slug":"ringier-la-ssr-et-swisscom-saluent-la-decision-du-detec","status":"publish","type":"post","link":"https:\/\/www.ringier.com\/fr\/ringier-la-ssr-et-swisscom-saluent-la-decision-du-detec\/","title":{"rendered":"Ringier, la SSR et Swisscom saluent la d\u00e9cision du DETEC"},"content":{"rendered":"\n<p>Les trois partenaires saluent la d\u00e9cision du DETEC. Elle trace la voie vers une politique m\u00e9dia qui tient compte des mutations fondamentales secouant le monde m\u00e9dia.&nbsp;<\/p>\n\n\n\n<div class=\"wp-block-image\"><figure class=\"alignleft is-resized\"><img loading=\"lazy\" decoding=\"async\" src=\"https:\/\/www.ringier.ch\/sites\/default\/files\/styles\/quote\/public\/images\/marc_walder.png?itok=ZpNddeng\" alt=\"\" width=\"191\" height=\"191\"\/><\/figure><\/div>\n\n\n\n<p>\u00abLa d\u00e9cision des autorit\u00e9s est une d\u00e9cision d&rsquo;avenir. L&rsquo;utilisation des m\u00e9dias est en pleine r\u00e9volution \u2013 une r\u00e9volution tant pour les lecteurs et les auditeurs que pour les t\u00e9l\u00e9spectateurs et les utilisateurs. Et une r\u00e9volution qui impacte \u00e9galement la mani\u00e8re de faire de la publicit\u00e9. Avec cette d\u00e9cision, les autorit\u00e9s montrent qu&rsquo;elles en prennent toute la mesure. Les places m\u00e9diatique et publicitaire suisses savent d\u00e9sormais quelle voie suivre.\u00bb<\/p>\n\n\n\n<p>Marc Walder, pr\u00e9sident d\u00e9sign\u00e9 du Conseil d&rsquo;administration de la coentreprise<\/p>\n\n\n\n<p><\/p>\n\n\n\n<p>Dans une deuxi\u00e8me d\u00e9cision, l&rsquo;OFCOM constate que la concession, dont les diffuseurs concern\u00e9s disposent, parmi lesquels la SSR, ne permet pas \u00e0 ceux-ci de diffuser des spots publicitaires tv cibl\u00e9s dans leurs programmes. Les trois partenaires reconnaissent que dans ce contexte, les conditions juridiques y relatives figurant dans la loi sur la radio et la t\u00e9l\u00e9vision (LRTV) devront \u00eatre adapt\u00e9es.&nbsp;<\/p>\n\n\n\n<p>Les cha\u00eenes \u00e9trang\u00e8res et les quelques cha\u00eenes tv suisses ne disposant pas de concession peuvent d&rsquo;ores et d\u00e9j\u00e0 diffuser de la publicit\u00e9 cibl\u00e9e dans leurs programmes. Les adaptations en termes de r\u00e9gulation devraient permettre d&rsquo;amenuiser le d\u00e9ficit concurrentiel des cha\u00eenes suisses par rapport aux fen\u00eatres publicitaires \u00e9trang\u00e8res. Les trois partenaires sont confiants: les acteurs du march\u00e9 suisse auront d\u00e9sormais les m\u00eames armes que les cha\u00eenes \u00e9trang\u00e8res pour se d\u00e9fendre dans un contexte concurrentiel tendu.&nbsp;<\/p>\n\n\n\n<p>La coentreprise est pr\u00eate \u00e0 commercialiser toute offre \u00e9ditoriale de la t\u00e9l\u00e9vision, de la radio, d&rsquo;Internet ou de la presse \u00e9crite s&rsquo;adressant \u00e0 un public suisse. La nouvelle entreprise a pour but de renforcer les march\u00e9s publicitaire et m\u00e9dia suisses dans leur ensemble. &nbsp;<\/p>\n\n\n\n<p>Le lancement de la nouvelle soci\u00e9t\u00e9 de commercialisation est pr\u00e9vu dans le courant du deuxi\u00e8me trimestre 2016.&nbsp;<\/p>\n","protected":false},"excerpt":{"rendered":"<p>Le DETEC a donn\u00e9 son accord \u00e0 la SSR pour participer \u00e0 une plate-forme publicitaire commune avec Ringier et Swisscom. Il \u00abne rel\u00e8ve \u00e0 ce stade pas d&rsquo;entrave consid\u00e9rable au d\u00e9veloppement d&rsquo;autres entreprises de m\u00e9dias\u00bb. Tous les feux sont d\u00e9sormais au vert pour le lancement de la nouvelle soci\u00e9t\u00e9 de commercialisation. <\/p>\n","protected":false},"author":23,"featured_media":1762,"comment_status":"closed","ping_status":"open","sticky":false,"template":"","format":"standard","meta":{"inline_featured_image":false,"footnotes":""},"categories":[43],"tags":[],"class_list":["post-1754","post","type-post","status-publish","format-standard","has-post-thumbnail","hentry","category-corporate-fr"],"yoast_head":"<!-- This site is optimized with the Yoast SEO Premium plugin v27.0 (Yoast SEO v27.0) - https:\/\/yoast.com\/product\/yoast-seo-premium-wordpress\/ -->\n<title>Ringier, la SSR et Swisscom saluent la d\u00e9cision du DETEC - Ringier<\/title>\n<meta name=\"robots\" content=\"index, follow, max-snippet:-1, max-image-preview:large, max-video-preview:-1\" \/>\n<link rel=\"canonical\" href=\"https:\/\/www.ringier.com\/fr\/ringier-la-ssr-et-swisscom-saluent-la-decision-du-detec\/\" \/>\n<meta property=\"og:locale\" content=\"fr_FR\" \/>\n<meta property=\"og:type\" content=\"article\" \/>\n<meta property=\"og:title\" content=\"Ringier, la SSR et Swisscom saluent la d\u00e9cision du DETEC\" \/>\n<meta property=\"og:description\" content=\"Le DETEC a donn\u00e9 son accord \u00e0 la SSR pour participer \u00e0 une plate-forme publicitaire commune avec Ringier et Swisscom. Il \u00abne rel\u00e8ve \u00e0 ce stade pas d&#039;entrave consid\u00e9rable au d\u00e9veloppement d&#039;autres entreprises de m\u00e9dias\u00bb. Tous les feux sont d\u00e9sormais au vert pour le lancement de la nouvelle soci\u00e9t\u00e9 de commercialisation.\" \/>\n<meta property=\"og:url\" content=\"https:\/\/www.ringier.com\/fr\/ringier-la-ssr-et-swisscom-saluent-la-decision-du-detec\/\" \/>\n<meta property=\"og:site_name\" content=\"Ringier\" \/>\n<meta property=\"article:publisher\" content=\"https:\/\/www.facebook.com\/ringierag\/\" \/>\n<meta property=\"article:published_time\" content=\"2016-02-29T14:32:00+00:00\" \/>\n<meta property=\"article:modified_time\" content=\"2024-11-14T09:28:17+00:00\" \/>\n<meta property=\"og:image\" content=\"https:\/\/www.ringier.com\/wp-content\/uploads\/2016\/02\/dreilogogs.jpg\" \/>\n\t<meta property=\"og:image:width\" content=\"572\" \/>\n\t<meta property=\"og:image:height\" content=\"65\" \/>\n\t<meta property=\"og:image:type\" content=\"image\/jpeg\" \/>\n<meta name=\"author\" content=\"Ringier Corporate Communications\" \/>\n<meta name=\"twitter:card\" content=\"summary_large_image\" \/>\n<meta name=\"twitter:creator\" content=\"@ringier_ag\" \/>\n<meta name=\"twitter:site\" content=\"@ringier_ag\" \/>\n<meta name=\"twitter:label1\" content=\"\u00c9crit par\" \/>\n\t<meta name=\"twitter:data1\" content=\"Ringier Corporate Communications\" \/>\n\t<meta name=\"twitter:label2\" content=\"Dur\u00e9e de lecture estim\u00e9e\" \/>\n\t<meta name=\"twitter:data2\" content=\"2 minutes\" \/>\n<script type=\"application\/ld+json\" class=\"yoast-schema-graph\">{\"@context\":\"https:\/\/schema.org\",\"@graph\":[{\"@type\":\"Article\",\"@id\":\"https:\/\/www.ringier.com\/fr\/ringier-la-ssr-et-swisscom-saluent-la-decision-du-detec\/#article\",\"isPartOf\":{\"@id\":\"https:\/\/www.ringier.com\/fr\/ringier-la-ssr-et-swisscom-saluent-la-decision-du-detec\/\"},\"author\":{\"name\":\"Ringier Corporate Communications\",\"@id\":\"https:\/\/www.ringier.com\/fr\/#\/schema\/person\/4cf76a308dc4b2bb5121bd1e7b752e52\"},\"headline\":\"Ringier, la SSR et Swisscom saluent la d\u00e9cision du DETEC\",\"datePublished\":\"2016-02-29T14:32:00+00:00\",\"dateModified\":\"2024-11-14T09:28:17+00:00\",\"mainEntityOfPage\":{\"@id\":\"https:\/\/www.ringier.com\/fr\/ringier-la-ssr-et-swisscom-saluent-la-decision-du-detec\/\"},\"wordCount\":367,\"publisher\":{\"@id\":\"https:\/\/www.ringier.com\/fr\/#organization\"},\"image\":{\"@id\":\"https:\/\/www.ringier.com\/fr\/ringier-la-ssr-et-swisscom-saluent-la-decision-du-detec\/#primaryimage\"},\"thumbnailUrl\":\"https:\/\/www.ringier.com\/wp-content\/uploads\/2016\/02\/dreilogogs.jpg\",\"articleSection\":[\"Corporate\"],\"inLanguage\":\"fr-FR\"},{\"@type\":\"WebPage\",\"@id\":\"https:\/\/www.ringier.com\/fr\/ringier-la-ssr-et-swisscom-saluent-la-decision-du-detec\/\",\"url\":\"https:\/\/www.ringier.com\/fr\/ringier-la-ssr-et-swisscom-saluent-la-decision-du-detec\/\",\"name\":\"Ringier, la SSR et Swisscom saluent la d\u00e9cision du DETEC - Ringier\",\"isPartOf\":{\"@id\":\"https:\/\/www.ringier.com\/fr\/#website\"},\"primaryImageOfPage\":{\"@id\":\"https:\/\/www.ringier.com\/fr\/ringier-la-ssr-et-swisscom-saluent-la-decision-du-detec\/#primaryimage\"},\"image\":{\"@id\":\"https:\/\/www.ringier.com\/fr\/ringier-la-ssr-et-swisscom-saluent-la-decision-du-detec\/#primaryimage\"},\"thumbnailUrl\":\"https:\/\/www.ringier.com\/wp-content\/uploads\/2016\/02\/dreilogogs.jpg\",\"datePublished\":\"2016-02-29T14:32:00+00:00\",\"dateModified\":\"2024-11-14T09:28:17+00:00\",\"breadcrumb\":{\"@id\":\"https:\/\/www.ringier.com\/fr\/ringier-la-ssr-et-swisscom-saluent-la-decision-du-detec\/#breadcrumb\"},\"inLanguage\":\"fr-FR\",\"potentialAction\":[{\"@type\":\"ReadAction\",\"target\":[\"https:\/\/www.ringier.com\/fr\/ringier-la-ssr-et-swisscom-saluent-la-decision-du-detec\/\"]}]},{\"@type\":\"ImageObject\",\"inLanguage\":\"fr-FR\",\"@id\":\"https:\/\/www.ringier.com\/fr\/ringier-la-ssr-et-swisscom-saluent-la-decision-du-detec\/#primaryimage\",\"url\":\"https:\/\/www.ringier.com\/wp-content\/uploads\/2016\/02\/dreilogogs.jpg\",\"contentUrl\":\"https:\/\/www.ringier.com\/wp-content\/uploads\/2016\/02\/dreilogogs.jpg\",\"width\":572,\"height\":65},{\"@type\":\"BreadcrumbList\",\"@id\":\"https:\/\/www.ringier.com\/fr\/ringier-la-ssr-et-swisscom-saluent-la-decision-du-detec\/#breadcrumb\",\"itemListElement\":[{\"@type\":\"ListItem\",\"position\":1,\"name\":\"Home\",\"item\":\"https:\/\/www.ringier.com\/fr\/\"},{\"@type\":\"ListItem\",\"position\":2,\"name\":\"Ringier, la SSR et Swisscom saluent la d\u00e9cision du DETEC\"}]},{\"@type\":\"WebSite\",\"@id\":\"https:\/\/www.ringier.com\/fr\/#website\",\"url\":\"https:\/\/www.ringier.com\/fr\/\",\"name\":\"Ringier\",\"description\":\"We inform. We entertain. We connect\",\"publisher\":{\"@id\":\"https:\/\/www.ringier.com\/fr\/#organization\"},\"potentialAction\":[{\"@type\":\"SearchAction\",\"target\":{\"@type\":\"EntryPoint\",\"urlTemplate\":\"https:\/\/www.ringier.com\/fr\/?s={search_term_string}\"},\"query-input\":{\"@type\":\"PropertyValueSpecification\",\"valueRequired\":true,\"valueName\":\"search_term_string\"}}],\"inLanguage\":\"fr-FR\"},{\"@type\":\"Organization\",\"@id\":\"https:\/\/www.ringier.com\/fr\/#organization\",\"name\":\"Ringier\",\"url\":\"https:\/\/www.ringier.com\/fr\/\",\"logo\":{\"@type\":\"ImageObject\",\"inLanguage\":\"fr-FR\",\"@id\":\"https:\/\/www.ringier.com\/fr\/#\/schema\/logo\/image\/\",\"url\":\"https:\/\/www.ringier.com\/wp-content\/uploads\/2021\/10\/ringier_logo_2.jpg\",\"contentUrl\":\"https:\/\/www.ringier.com\/wp-content\/uploads\/2021\/10\/ringier_logo_2.jpg\",\"width\":750,\"height\":550,\"caption\":\"Ringier\"},\"image\":{\"@id\":\"https:\/\/www.ringier.com\/fr\/#\/schema\/logo\/image\/\"},\"sameAs\":[\"https:\/\/www.facebook.com\/ringierag\/\",\"https:\/\/x.com\/ringier_ag\",\"https:\/\/www.instagram.com\/ringier_ag\/\",\"https:\/\/www.linkedin.com\/company\/ringier\/\",\"https:\/\/www.youtube.com\/user\/RingierComm\",\"https:\/\/en.wikipedia.org\/wiki\/Ringier\",\"https:\/\/de.wikipedia.org\/wiki\/Ringier\",\"https:\/\/fr.wikipedia.org\/wiki\/Ringier\",\"https:\/\/www.crunchbase.com\/organization\/ringier-ag\"]},{\"@type\":\"Person\",\"@id\":\"https:\/\/www.ringier.com\/fr\/#\/schema\/person\/4cf76a308dc4b2bb5121bd1e7b752e52\",\"name\":\"Ringier Corporate Communications\",\"image\":{\"@type\":\"ImageObject\",\"inLanguage\":\"fr-FR\",\"@id\":\"https:\/\/www.ringier.com\/fr\/#\/schema\/person\/image\/\",\"url\":\"https:\/\/secure.gravatar.com\/avatar\/9391e20481368d5df4fe3e1e476c13b27786347489822ec1ed07e532bb41f587?s=96&d=mm&r=g\",\"contentUrl\":\"https:\/\/secure.gravatar.com\/avatar\/9391e20481368d5df4fe3e1e476c13b27786347489822ec1ed07e532bb41f587?s=96&d=mm&r=g\",\"caption\":\"Ringier Corporate Communications\"},\"sameAs\":[\"https:\/\/www.ringier.com\"]}]}<\/script>\n<!-- \/ Yoast SEO Premium plugin. -->","yoast_head_json":{"title":"Ringier, la SSR et Swisscom saluent la d\u00e9cision du DETEC - Ringier","robots":{"index":"index","follow":"follow","max-snippet":"max-snippet:-1","max-image-preview":"max-image-preview:large","max-video-preview":"max-video-preview:-1"},"canonical":"https:\/\/www.ringier.com\/fr\/ringier-la-ssr-et-swisscom-saluent-la-decision-du-detec\/","og_locale":"fr_FR","og_type":"article","og_title":"Ringier, la SSR et Swisscom saluent la d\u00e9cision du DETEC","og_description":"Le DETEC a donn\u00e9 son accord \u00e0 la SSR pour participer \u00e0 une plate-forme publicitaire commune avec Ringier et Swisscom. Il \u00abne rel\u00e8ve \u00e0 ce stade pas d'entrave consid\u00e9rable au d\u00e9veloppement d'autres entreprises de m\u00e9dias\u00bb. Tous les feux sont d\u00e9sormais au vert pour le lancement de la nouvelle soci\u00e9t\u00e9 de commercialisation.","og_url":"https:\/\/www.ringier.com\/fr\/ringier-la-ssr-et-swisscom-saluent-la-decision-du-detec\/","og_site_name":"Ringier","article_publisher":"https:\/\/www.facebook.com\/ringierag\/","article_published_time":"2016-02-29T14:32:00+00:00","article_modified_time":"2024-11-14T09:28:17+00:00","og_image":[{"width":572,"height":65,"url":"https:\/\/www.ringier.com\/wp-content\/uploads\/2016\/02\/dreilogogs.jpg","type":"image\/jpeg"}],"author":"Ringier Corporate Communications","twitter_card":"summary_large_image","twitter_creator":"@ringier_ag","twitter_site":"@ringier_ag","twitter_misc":{"\u00c9crit par":"Ringier Corporate Communications","Dur\u00e9e de lecture estim\u00e9e":"2 minutes"},"schema":{"@context":"https:\/\/schema.org","@graph":[{"@type":"Article","@id":"https:\/\/www.ringier.com\/fr\/ringier-la-ssr-et-swisscom-saluent-la-decision-du-detec\/#article","isPartOf":{"@id":"https:\/\/www.ringier.com\/fr\/ringier-la-ssr-et-swisscom-saluent-la-decision-du-detec\/"},"author":{"name":"Ringier Corporate Communications","@id":"https:\/\/www.ringier.com\/fr\/#\/schema\/person\/4cf76a308dc4b2bb5121bd1e7b752e52"},"headline":"Ringier, la SSR et Swisscom saluent la d\u00e9cision du DETEC","datePublished":"2016-02-29T14:32:00+00:00","dateModified":"2024-11-14T09:28:17+00:00","mainEntityOfPage":{"@id":"https:\/\/www.ringier.com\/fr\/ringier-la-ssr-et-swisscom-saluent-la-decision-du-detec\/"},"wordCount":367,"publisher":{"@id":"https:\/\/www.ringier.com\/fr\/#organization"},"image":{"@id":"https:\/\/www.ringier.com\/fr\/ringier-la-ssr-et-swisscom-saluent-la-decision-du-detec\/#primaryimage"},"thumbnailUrl":"https:\/\/www.ringier.com\/wp-content\/uploads\/2016\/02\/dreilogogs.jpg","articleSection":["Corporate"],"inLanguage":"fr-FR"},{"@type":"WebPage","@id":"https:\/\/www.ringier.com\/fr\/ringier-la-ssr-et-swisscom-saluent-la-decision-du-detec\/","url":"https:\/\/www.ringier.com\/fr\/ringier-la-ssr-et-swisscom-saluent-la-decision-du-detec\/","name":"Ringier, la SSR et Swisscom saluent la d\u00e9cision du DETEC - Ringier","isPartOf":{"@id":"https:\/\/www.ringier.com\/fr\/#website"},"primaryImageOfPage":{"@id":"https:\/\/www.ringier.com\/fr\/ringier-la-ssr-et-swisscom-saluent-la-decision-du-detec\/#primaryimage"},"image":{"@id":"https:\/\/www.ringier.com\/fr\/ringier-la-ssr-et-swisscom-saluent-la-decision-du-detec\/#primaryimage"},"thumbnailUrl":"https:\/\/www.ringier.com\/wp-content\/uploads\/2016\/02\/dreilogogs.jpg","datePublished":"2016-02-29T14:32:00+00:00","dateModified":"2024-11-14T09:28:17+00:00","breadcrumb":{"@id":"https:\/\/www.ringier.com\/fr\/ringier-la-ssr-et-swisscom-saluent-la-decision-du-detec\/#breadcrumb"},"inLanguage":"fr-FR","potentialAction":[{"@type":"ReadAction","target":["https:\/\/www.ringier.com\/fr\/ringier-la-ssr-et-swisscom-saluent-la-decision-du-detec\/"]}]},{"@type":"ImageObject","inLanguage":"fr-FR","@id":"https:\/\/www.ringier.com\/fr\/ringier-la-ssr-et-swisscom-saluent-la-decision-du-detec\/#primaryimage","url":"https:\/\/www.ringier.com\/wp-content\/uploads\/2016\/02\/dreilogogs.jpg","contentUrl":"https:\/\/www.ringier.com\/wp-content\/uploads\/2016\/02\/dreilogogs.jpg","width":572,"height":65},{"@type":"BreadcrumbList","@id":"https:\/\/www.ringier.com\/fr\/ringier-la-ssr-et-swisscom-saluent-la-decision-du-detec\/#breadcrumb","itemListElement":[{"@type":"ListItem","position":1,"name":"Home","item":"https:\/\/www.ringier.com\/fr\/"},{"@type":"ListItem","position":2,"name":"Ringier, la SSR et Swisscom saluent la d\u00e9cision du DETEC"}]},{"@type":"WebSite","@id":"https:\/\/www.ringier.com\/fr\/#website","url":"https:\/\/www.ringier.com\/fr\/","name":"Ringier","description":"We inform. We entertain. We connect","publisher":{"@id":"https:\/\/www.ringier.com\/fr\/#organization"},"potentialAction":[{"@type":"SearchAction","target":{"@type":"EntryPoint","urlTemplate":"https:\/\/www.ringier.com\/fr\/?s={search_term_string}"},"query-input":{"@type":"PropertyValueSpecification","valueRequired":true,"valueName":"search_term_string"}}],"inLanguage":"fr-FR"},{"@type":"Organization","@id":"https:\/\/www.ringier.com\/fr\/#organization","name":"Ringier","url":"https:\/\/www.ringier.com\/fr\/","logo":{"@type":"ImageObject","inLanguage":"fr-FR","@id":"https:\/\/www.ringier.com\/fr\/#\/schema\/logo\/image\/","url":"https:\/\/www.ringier.com\/wp-content\/uploads\/2021\/10\/ringier_logo_2.jpg","contentUrl":"https:\/\/www.ringier.com\/wp-content\/uploads\/2021\/10\/ringier_logo_2.jpg","width":750,"height":550,"caption":"Ringier"},"image":{"@id":"https:\/\/www.ringier.com\/fr\/#\/schema\/logo\/image\/"},"sameAs":["https:\/\/www.facebook.com\/ringierag\/","https:\/\/x.com\/ringier_ag","https:\/\/www.instagram.com\/ringier_ag\/","https:\/\/www.linkedin.com\/company\/ringier\/","https:\/\/www.youtube.com\/user\/RingierComm","https:\/\/en.wikipedia.org\/wiki\/Ringier","https:\/\/de.wikipedia.org\/wiki\/Ringier","https:\/\/fr.wikipedia.org\/wiki\/Ringier","https:\/\/www.crunchbase.com\/organization\/ringier-ag"]},{"@type":"Person","@id":"https:\/\/www.ringier.com\/fr\/#\/schema\/person\/4cf76a308dc4b2bb5121bd1e7b752e52","name":"Ringier Corporate Communications","image":{"@type":"ImageObject","inLanguage":"fr-FR","@id":"https:\/\/www.ringier.com\/fr\/#\/schema\/person\/image\/","url":"https:\/\/secure.gravatar.com\/avatar\/9391e20481368d5df4fe3e1e476c13b27786347489822ec1ed07e532bb41f587?s=96&d=mm&r=g","contentUrl":"https:\/\/secure.gravatar.com\/avatar\/9391e20481368d5df4fe3e1e476c13b27786347489822ec1ed07e532bb41f587?s=96&d=mm&r=g","caption":"Ringier Corporate Communications"},"sameAs":["https:\/\/www.ringier.com"]}]}},"_links":{"self":[{"href":"https:\/\/www.ringier.com\/fr\/wp-json\/wp\/v2\/posts\/1754","targetHints":{"allow":["GET"]}}],"collection":[{"href":"https:\/\/www.ringier.com\/fr\/wp-json\/wp\/v2\/posts"}],"about":[{"href":"https:\/\/www.ringier.com\/fr\/wp-json\/wp\/v2\/types\/post"}],"author":[{"embeddable":true,"href":"https:\/\/www.ringier.com\/fr\/wp-json\/wp\/v2\/users\/23"}],"replies":[{"embeddable":true,"href":"https:\/\/www.ringier.com\/fr\/wp-json\/wp\/v2\/comments?post=1754"}],"version-history":[{"count":0,"href":"https:\/\/www.ringier.com\/fr\/wp-json\/wp\/v2\/posts\/1754\/revisions"}],"wp:featuredmedia":[{"embeddable":true,"href":"https:\/\/www.ringier.com\/fr\/wp-json\/wp\/v2\/media\/1762"}],"wp:attachment":[{"href":"https:\/\/www.ringier.com\/fr\/wp-json\/wp\/v2\/media?parent=1754"}],"wp:term":[{"taxonomy":"category","embeddable":true,"href":"https:\/\/www.ringier.com\/fr\/wp-json\/wp\/v2\/categories?post=1754"},{"taxonomy":"post_tag","embeddable":true,"href":"https:\/\/www.ringier.com\/fr\/wp-json\/wp\/v2\/tags?post=1754"}],"curies":[{"name":"wp","href":"https:\/\/api.w.org\/{rel}","templated":true}]}}