{"id":17483,"date":"2023-03-03T11:08:00","date_gmt":"2023-03-03T10:08:00","guid":{"rendered":"https:\/\/www.ringier.com\/olten-mit-seinem-berufsbildungszentrum-wurde-zum-digi-tal-der-schweiz-2023-erkoren\/"},"modified":"2025-06-24T10:11:14","modified_gmt":"2025-06-24T08:11:14","slug":"le-centre-de-formation-professionnelle-dolten-a-ete-designe-digi-val-2023","status":"publish","type":"post","link":"https:\/\/www.ringier.com\/fr\/le-centre-de-formation-professionnelle-dolten-a-ete-designe-digi-val-2023\/","title":{"rendered":"Le centre de formation professionnelle d\u2019Olten a \u00e9t\u00e9 d\u00e9sign\u00e9 \u00ab\u00a0Digi-Val\u00a0\u00bb 2023"},"content":{"rendered":"\n<p>Les innovations orient\u00e9es vers l\u2019avenir naissent aussi en dehors des grands centres urbains. La collaboration entre le centre de formation professionnelle d\u2019Olten et la start-up soleuroise&nbsp;<a href=\"https:\/\/qumea.com\/index.php\/en\/\" target=\"_blank\" rel=\"noreferrer noopener\">Qumea<\/a>&nbsp;en est un bon exemple.&nbsp;<a href=\"https:\/\/bbzolten.so.ch\/\" target=\"_blank\" rel=\"noreferrer noopener\">Le centre de formation professionnelle d\u2019Olten<\/a>&nbsp;fait activement avancer la transformation num\u00e9rique dans la formation \u2013 non seulement en th\u00e9orie, mais aussi dans la pratique. Car la digitalisation ne peut plus \u00eatre stopp\u00e9e, m\u00eame en m\u00e9decine. C\u2019est pourquoi une collaboration avec la start-up Qumea a \u00e9t\u00e9 recherch\u00e9e afin d\u2019augmenter les comp\u00e9tences digitales. Gr\u00e2ce \u00e0 Qumea, les \u00e9tudiants apprennent \u00e0 \u00e9valuer le meilleur moment pour utiliser les aides techniques et peuvent ainsi acqu\u00e9rir une exp\u00e9rience pratique. Pascale Vonmont, membre du jury et CEO de la&nbsp;<a href=\"https:\/\/www.grstiftung.ch\/fr.html\" target=\"_blank\" rel=\"noreferrer noopener\">Gebert R\u00fcf Stiftung<\/a>, confirme l\u2019importance des comp\u00e9tences technologiques: \u00ab&nbsp;Le monde du travail de demain exige notamment des capacit\u00e9s entrepreneuriales et des comp\u00e9tences en mati\u00e8re de technologie digitale. En int\u00e9grant des exemples pratiques concrets comme Quema, le BBZ Olten montre de mani\u00e8re exemplaire comment cela peut \u00eatre impl\u00e9ment\u00e9 dans la formation actuelle&nbsp;\u00bb.<\/p>\n\n\n\n<p>Qumea a d\u00e9velopp\u00e9 un senseur discret qui surveille en permanence l\u2019activit\u00e9 et la mobilit\u00e9 des patientes et des patients et demande automatiquement de l\u2019aide en cas de besoin. Un exemple est la surveillance apr\u00e8s les op\u00e9rations: Peu de temps apr\u00e8s l\u2019intervention, les personnes sont affaiblies et les t\u00e2ches qui allaient de soi deviennent un grand d\u00e9fi. Le risque de tomber augmente donc de mani\u00e8re significative. Le capteur de Qumea surveille les personnes en convalescence de mani\u00e8re fiable et continue durant cette phase critique.&nbsp; Le capteur soulage ainsi les soignants, car ils sont inform\u00e9s directement par les patients via une application lorsqu\u2019ils ont besoin d\u2019aide. Cela permet d\u2019augmenter l\u2019efficacit\u00e9.&nbsp;Pour Roger W\u00fcthrich-Hasenb\u00f6hler, responsable Group Strategy &amp; Development chez Swisscom: \u00ab&nbsp;C\u2019est un exemple impressionnant de la mani\u00e8re dont les nouvelles technologies peuvent apporter une contribution importante \u00e0 la soci\u00e9t\u00e9&nbsp;\u00bb.<\/p>\n\n\n\n<p>C\u2019est justement au sein des soins de sant\u00e9, l\u00e0 o\u00f9 les aides num\u00e9riques contribuent \u00e0 un gain de temps sans que les soins ne perdent en qualit\u00e9, que cela rev\u00eat une grande importance, comme le constate Georg Berger, directeur du centre professionnel d\u2019Olten: \u00ab&nbsp;Les possibilit\u00e9s offertes par la num\u00e9risation peuvent d\u00e9samorcer la p\u00e9nurie de personnel qualifi\u00e9 dans le domaine des soins&nbsp;\u00bb.<\/p>\n\n\n\n<p>Le&nbsp;<a href=\"https:\/\/www.digi-tal-schweiz.ch\/fr\" target=\"_blank\" rel=\"noreferrer noopener\">\u00ab&nbsp;Digi-Val&nbsp;\u00bb<\/a>&nbsp;de l\u2019ann\u00e9e est d\u00e9cern\u00e9e dans le cadre des&nbsp;<a href=\"https:\/\/digitaltage.swiss\/fr\/\" target=\"_blank\" rel=\"noreferrer noopener\">Swiss Digital Days<\/a>, avec le soutien des partenaires principaux,&nbsp;<a href=\"https:\/\/www.post.ch\/fr\" target=\"_blank\" rel=\"noreferrer noopener\">La Poste<\/a>&nbsp;et&nbsp;<a href=\"https:\/\/www.swisscom.ch\/fr\" target=\"_blank\" rel=\"noreferrer noopener\">Swisscom<\/a>, ainsi que des partenaires m\u00e9dias, la&nbsp;<a href=\"https:\/\/www.schweizer-illustrierte.ch\/\" target=\"_blank\" rel=\"noreferrer noopener\">Schweizer Illustrierte<\/a>&nbsp;et&nbsp;<a href=\"https:\/\/www.illustre.ch\/\" target=\"_blank\" rel=\"noreferrer noopener\">L\u2019Illustr\u00e9<\/a>.<\/p>\n\n\n\n<hr class=\"wp-block-separator has-alpha-channel-opacity\"\/>\n\n\n\n<div class=\"wp-block-columns is-layout-flex wp-container-core-columns-is-layout-9d6595d7 wp-block-columns-is-layout-flex\">\n<div class=\"wp-block-column is-vertically-aligned-bottom is-layout-flow wp-block-column-is-layout-flow\">\n<p class=\"has-small-font-size\">Corporate&nbsp;Communications<br>+41 44 259 64 44<br><a href=\"mailto:media@ringier.ch\" target=\"_blank\" rel=\"noreferrer noopener\">media@ringier.ch<\/a> <br><a href=\"https:\/\/www.ringier.com\/de\/\">www.ringier.co<\/a><a href=\"https:\/\/www.ringier.com\/de\/\" target=\"_blank\" rel=\"noreferrer noopener\">m<\/a><\/p>\n<\/div>\n\n\n\n<div class=\"wp-block-column is-vertically-aligned-bottom is-layout-flow wp-block-column-is-layout-flow\">\n<p class=\"has-text-align-left has-small-font-size\">Ringier<br>Dufourstrasse 23<br>8008 Zurich<br>Suisse<\/p>\n<\/div>\n<\/div>\n\n\n\n<p><\/p>\n","protected":false},"excerpt":{"rendered":"<p>Lorsque la s\u00e9curit\u00e9 des patients est am\u00e9lior\u00e9e et que le personnel soignant est soulag\u00e9, il s&rsquo;agit d&rsquo;une situation classique \u00ab\u00a0gagnant-gagnant\u00a0\u00bb. C&rsquo;est exactement ce que r\u00e9alise la coop\u00e9ration pionni\u00e8re entre le centre de formation professionnelle (Berufsbildungszentrum) d&rsquo;Olten et la start-up soleuroise Qumea. Elle a \u00e9t\u00e9 \u00e9lue \u00ab\u00a0Vall\u00e9e digitale 2023\u00a0\u00bb par les lecteurs des magazines Schweizer Illustrierte et L&rsquo;Illustr\u00e9.<\/p>\n","protected":false},"author":23,"featured_media":17482,"comment_status":"closed","ping_status":"open","sticky":false,"template":"","format":"standard","meta":{"inline_featured_image":false,"footnotes":""},"categories":[370,363],"tags":[],"class_list":["post-17483","post","type-post","status-publish","format-standard","has-post-thumbnail","hentry","category-media-fr","category-ringier-medias-suisse"],"yoast_head":"<!-- This site is optimized with the Yoast SEO Premium plugin v27.0 (Yoast SEO v27.0) - https:\/\/yoast.com\/product\/yoast-seo-premium-wordpress\/ -->\n<title>Le centre de formation professionnelle d\u2019Olten a \u00e9t\u00e9 d\u00e9sign\u00e9 \u00ab\u00a0Digi-Val\u00a0\u00bb 2023 - Ringier<\/title>\n<meta name=\"robots\" content=\"index, follow, max-snippet:-1, max-image-preview:large, max-video-preview:-1\" \/>\n<link rel=\"canonical\" href=\"https:\/\/www.ringier.com\/fr\/le-centre-de-formation-professionnelle-dolten-a-ete-designe-digi-val-2023\/\" \/>\n<meta property=\"og:locale\" content=\"fr_FR\" \/>\n<meta property=\"og:type\" content=\"article\" \/>\n<meta property=\"og:title\" content=\"Le centre de formation professionnelle d\u2019Olten a \u00e9t\u00e9 d\u00e9sign\u00e9 \u00ab\u00a0Digi-Val\u00a0\u00bb 2023\" \/>\n<meta property=\"og:description\" content=\"Lorsque la s\u00e9curit\u00e9 des patients est am\u00e9lior\u00e9e et que le personnel soignant est soulag\u00e9, il s&#039;agit d&#039;une situation classique &quot;gagnant-gagnant&quot;. C&#039;est exactement ce que r\u00e9alise la coop\u00e9ration pionni\u00e8re entre le centre de formation professionnelle (Berufsbildungszentrum) d&#039;Olten et la start-up soleuroise Qumea. Elle a \u00e9t\u00e9 \u00e9lue &quot;Vall\u00e9e digitale 2023&quot; par les lecteurs des magazines Schweizer Illustrierte et L&#039;Illustr\u00e9.\" \/>\n<meta property=\"og:url\" content=\"https:\/\/www.ringier.com\/fr\/le-centre-de-formation-professionnelle-dolten-a-ete-designe-digi-val-2023\/\" \/>\n<meta property=\"og:site_name\" content=\"Ringier\" \/>\n<meta property=\"article:publisher\" content=\"https:\/\/www.facebook.com\/ringierag\/\" \/>\n<meta property=\"article:published_time\" content=\"2023-03-03T10:08:00+00:00\" \/>\n<meta property=\"article:modified_time\" content=\"2025-06-24T08:11:14+00:00\" \/>\n<meta property=\"og:image\" content=\"https:\/\/www.ringier.com\/wp-content\/uploads\/2024\/01\/Digi-Tal-Webseite.png\" \/>\n\t<meta property=\"og:image:width\" content=\"1200\" \/>\n\t<meta property=\"og:image:height\" content=\"628\" \/>\n\t<meta property=\"og:image:type\" content=\"image\/png\" \/>\n<meta name=\"author\" content=\"Ringier Corporate Communications\" \/>\n<meta name=\"twitter:card\" content=\"summary_large_image\" \/>\n<meta name=\"twitter:creator\" content=\"@ringier_ag\" \/>\n<meta name=\"twitter:site\" content=\"@ringier_ag\" \/>\n<meta name=\"twitter:label1\" content=\"\u00c9crit par\" \/>\n\t<meta name=\"twitter:data1\" content=\"Ringier Corporate Communications\" \/>\n\t<meta name=\"twitter:label2\" content=\"Dur\u00e9e de lecture estim\u00e9e\" \/>\n\t<meta name=\"twitter:data2\" content=\"1 minute\" \/>\n<script type=\"application\/ld+json\" class=\"yoast-schema-graph\">{\"@context\":\"https:\/\/schema.org\",\"@graph\":[{\"@type\":\"Article\",\"@id\":\"https:\/\/www.ringier.com\/fr\/le-centre-de-formation-professionnelle-dolten-a-ete-designe-digi-val-2023\/#article\",\"isPartOf\":{\"@id\":\"https:\/\/www.ringier.com\/fr\/le-centre-de-formation-professionnelle-dolten-a-ete-designe-digi-val-2023\/\"},\"author\":{\"name\":\"Ringier Corporate Communications\",\"@id\":\"https:\/\/www.ringier.com\/fr\/#\/schema\/person\/4cf76a308dc4b2bb5121bd1e7b752e52\"},\"headline\":\"Le centre de formation professionnelle d\u2019Olten a \u00e9t\u00e9 d\u00e9sign\u00e9 \u00ab\u00a0Digi-Val\u00a0\u00bb 2023\",\"datePublished\":\"2023-03-03T10:08:00+00:00\",\"dateModified\":\"2025-06-24T08:11:14+00:00\",\"mainEntityOfPage\":{\"@id\":\"https:\/\/www.ringier.com\/fr\/le-centre-de-formation-professionnelle-dolten-a-ete-designe-digi-val-2023\/\"},\"wordCount\":501,\"publisher\":{\"@id\":\"https:\/\/www.ringier.com\/fr\/#organization\"},\"image\":{\"@id\":\"https:\/\/www.ringier.com\/fr\/le-centre-de-formation-professionnelle-dolten-a-ete-designe-digi-val-2023\/#primaryimage\"},\"thumbnailUrl\":\"https:\/\/www.ringier.com\/wp-content\/uploads\/2024\/01\/Digi-Tal-Webseite.png\",\"articleSection\":[\"Media\",\"Ringier Medias Suisse\"],\"inLanguage\":\"fr-FR\"},{\"@type\":\"WebPage\",\"@id\":\"https:\/\/www.ringier.com\/fr\/le-centre-de-formation-professionnelle-dolten-a-ete-designe-digi-val-2023\/\",\"url\":\"https:\/\/www.ringier.com\/fr\/le-centre-de-formation-professionnelle-dolten-a-ete-designe-digi-val-2023\/\",\"name\":\"Le centre de formation professionnelle d\u2019Olten a \u00e9t\u00e9 d\u00e9sign\u00e9 \u00ab\u00a0Digi-Val\u00a0\u00bb 2023 - Ringier\",\"isPartOf\":{\"@id\":\"https:\/\/www.ringier.com\/fr\/#website\"},\"primaryImageOfPage\":{\"@id\":\"https:\/\/www.ringier.com\/fr\/le-centre-de-formation-professionnelle-dolten-a-ete-designe-digi-val-2023\/#primaryimage\"},\"image\":{\"@id\":\"https:\/\/www.ringier.com\/fr\/le-centre-de-formation-professionnelle-dolten-a-ete-designe-digi-val-2023\/#primaryimage\"},\"thumbnailUrl\":\"https:\/\/www.ringier.com\/wp-content\/uploads\/2024\/01\/Digi-Tal-Webseite.png\",\"datePublished\":\"2023-03-03T10:08:00+00:00\",\"dateModified\":\"2025-06-24T08:11:14+00:00\",\"breadcrumb\":{\"@id\":\"https:\/\/www.ringier.com\/fr\/le-centre-de-formation-professionnelle-dolten-a-ete-designe-digi-val-2023\/#breadcrumb\"},\"inLanguage\":\"fr-FR\",\"potentialAction\":[{\"@type\":\"ReadAction\",\"target\":[\"https:\/\/www.ringier.com\/fr\/le-centre-de-formation-professionnelle-dolten-a-ete-designe-digi-val-2023\/\"]}]},{\"@type\":\"ImageObject\",\"inLanguage\":\"fr-FR\",\"@id\":\"https:\/\/www.ringier.com\/fr\/le-centre-de-formation-professionnelle-dolten-a-ete-designe-digi-val-2023\/#primaryimage\",\"url\":\"https:\/\/www.ringier.com\/wp-content\/uploads\/2024\/01\/Digi-Tal-Webseite.png\",\"contentUrl\":\"https:\/\/www.ringier.com\/wp-content\/uploads\/2024\/01\/Digi-Tal-Webseite.png\",\"width\":1200,\"height\":628},{\"@type\":\"BreadcrumbList\",\"@id\":\"https:\/\/www.ringier.com\/fr\/le-centre-de-formation-professionnelle-dolten-a-ete-designe-digi-val-2023\/#breadcrumb\",\"itemListElement\":[{\"@type\":\"ListItem\",\"position\":1,\"name\":\"Home\",\"item\":\"https:\/\/www.ringier.com\/fr\/\"},{\"@type\":\"ListItem\",\"position\":2,\"name\":\"Le centre de formation professionnelle d\u2019Olten a \u00e9t\u00e9 d\u00e9sign\u00e9 \u00ab\u00a0Digi-Val\u00a0\u00bb 2023\"}]},{\"@type\":\"WebSite\",\"@id\":\"https:\/\/www.ringier.com\/fr\/#website\",\"url\":\"https:\/\/www.ringier.com\/fr\/\",\"name\":\"Ringier\",\"description\":\"We inform. We entertain. We connect\",\"publisher\":{\"@id\":\"https:\/\/www.ringier.com\/fr\/#organization\"},\"potentialAction\":[{\"@type\":\"SearchAction\",\"target\":{\"@type\":\"EntryPoint\",\"urlTemplate\":\"https:\/\/www.ringier.com\/fr\/?s={search_term_string}\"},\"query-input\":{\"@type\":\"PropertyValueSpecification\",\"valueRequired\":true,\"valueName\":\"search_term_string\"}}],\"inLanguage\":\"fr-FR\"},{\"@type\":\"Organization\",\"@id\":\"https:\/\/www.ringier.com\/fr\/#organization\",\"name\":\"Ringier\",\"url\":\"https:\/\/www.ringier.com\/fr\/\",\"logo\":{\"@type\":\"ImageObject\",\"inLanguage\":\"fr-FR\",\"@id\":\"https:\/\/www.ringier.com\/fr\/#\/schema\/logo\/image\/\",\"url\":\"https:\/\/www.ringier.com\/wp-content\/uploads\/2021\/10\/ringier_logo_2.jpg\",\"contentUrl\":\"https:\/\/www.ringier.com\/wp-content\/uploads\/2021\/10\/ringier_logo_2.jpg\",\"width\":750,\"height\":550,\"caption\":\"Ringier\"},\"image\":{\"@id\":\"https:\/\/www.ringier.com\/fr\/#\/schema\/logo\/image\/\"},\"sameAs\":[\"https:\/\/www.facebook.com\/ringierag\/\",\"https:\/\/x.com\/ringier_ag\",\"https:\/\/www.instagram.com\/ringier_ag\/\",\"https:\/\/www.linkedin.com\/company\/ringier\/\",\"https:\/\/www.youtube.com\/user\/RingierComm\",\"https:\/\/en.wikipedia.org\/wiki\/Ringier\",\"https:\/\/de.wikipedia.org\/wiki\/Ringier\",\"https:\/\/fr.wikipedia.org\/wiki\/Ringier\",\"https:\/\/www.crunchbase.com\/organization\/ringier-ag\"]},{\"@type\":\"Person\",\"@id\":\"https:\/\/www.ringier.com\/fr\/#\/schema\/person\/4cf76a308dc4b2bb5121bd1e7b752e52\",\"name\":\"Ringier Corporate Communications\",\"image\":{\"@type\":\"ImageObject\",\"inLanguage\":\"fr-FR\",\"@id\":\"https:\/\/www.ringier.com\/fr\/#\/schema\/person\/image\/\",\"url\":\"https:\/\/secure.gravatar.com\/avatar\/9391e20481368d5df4fe3e1e476c13b27786347489822ec1ed07e532bb41f587?s=96&d=mm&r=g\",\"contentUrl\":\"https:\/\/secure.gravatar.com\/avatar\/9391e20481368d5df4fe3e1e476c13b27786347489822ec1ed07e532bb41f587?s=96&d=mm&r=g\",\"caption\":\"Ringier Corporate Communications\"},\"sameAs\":[\"https:\/\/www.ringier.com\"]}]}<\/script>\n<!-- \/ Yoast SEO Premium plugin. -->","yoast_head_json":{"title":"Le centre de formation professionnelle d\u2019Olten a \u00e9t\u00e9 d\u00e9sign\u00e9 \u00ab\u00a0Digi-Val\u00a0\u00bb 2023 - Ringier","robots":{"index":"index","follow":"follow","max-snippet":"max-snippet:-1","max-image-preview":"max-image-preview:large","max-video-preview":"max-video-preview:-1"},"canonical":"https:\/\/www.ringier.com\/fr\/le-centre-de-formation-professionnelle-dolten-a-ete-designe-digi-val-2023\/","og_locale":"fr_FR","og_type":"article","og_title":"Le centre de formation professionnelle d\u2019Olten a \u00e9t\u00e9 d\u00e9sign\u00e9 \u00ab\u00a0Digi-Val\u00a0\u00bb 2023","og_description":"Lorsque la s\u00e9curit\u00e9 des patients est am\u00e9lior\u00e9e et que le personnel soignant est soulag\u00e9, il s'agit d'une situation classique \"gagnant-gagnant\". C'est exactement ce que r\u00e9alise la coop\u00e9ration pionni\u00e8re entre le centre de formation professionnelle (Berufsbildungszentrum) d'Olten et la start-up soleuroise Qumea. Elle a \u00e9t\u00e9 \u00e9lue \"Vall\u00e9e digitale 2023\" par les lecteurs des magazines Schweizer Illustrierte et L'Illustr\u00e9.","og_url":"https:\/\/www.ringier.com\/fr\/le-centre-de-formation-professionnelle-dolten-a-ete-designe-digi-val-2023\/","og_site_name":"Ringier","article_publisher":"https:\/\/www.facebook.com\/ringierag\/","article_published_time":"2023-03-03T10:08:00+00:00","article_modified_time":"2025-06-24T08:11:14+00:00","og_image":[{"width":1200,"height":628,"url":"https:\/\/www.ringier.com\/wp-content\/uploads\/2024\/01\/Digi-Tal-Webseite.png","type":"image\/png"}],"author":"Ringier Corporate Communications","twitter_card":"summary_large_image","twitter_creator":"@ringier_ag","twitter_site":"@ringier_ag","twitter_misc":{"\u00c9crit par":"Ringier Corporate Communications","Dur\u00e9e de lecture estim\u00e9e":"1 minute"},"schema":{"@context":"https:\/\/schema.org","@graph":[{"@type":"Article","@id":"https:\/\/www.ringier.com\/fr\/le-centre-de-formation-professionnelle-dolten-a-ete-designe-digi-val-2023\/#article","isPartOf":{"@id":"https:\/\/www.ringier.com\/fr\/le-centre-de-formation-professionnelle-dolten-a-ete-designe-digi-val-2023\/"},"author":{"name":"Ringier Corporate Communications","@id":"https:\/\/www.ringier.com\/fr\/#\/schema\/person\/4cf76a308dc4b2bb5121bd1e7b752e52"},"headline":"Le centre de formation professionnelle d\u2019Olten a \u00e9t\u00e9 d\u00e9sign\u00e9 \u00ab\u00a0Digi-Val\u00a0\u00bb 2023","datePublished":"2023-03-03T10:08:00+00:00","dateModified":"2025-06-24T08:11:14+00:00","mainEntityOfPage":{"@id":"https:\/\/www.ringier.com\/fr\/le-centre-de-formation-professionnelle-dolten-a-ete-designe-digi-val-2023\/"},"wordCount":501,"publisher":{"@id":"https:\/\/www.ringier.com\/fr\/#organization"},"image":{"@id":"https:\/\/www.ringier.com\/fr\/le-centre-de-formation-professionnelle-dolten-a-ete-designe-digi-val-2023\/#primaryimage"},"thumbnailUrl":"https:\/\/www.ringier.com\/wp-content\/uploads\/2024\/01\/Digi-Tal-Webseite.png","articleSection":["Media","Ringier Medias Suisse"],"inLanguage":"fr-FR"},{"@type":"WebPage","@id":"https:\/\/www.ringier.com\/fr\/le-centre-de-formation-professionnelle-dolten-a-ete-designe-digi-val-2023\/","url":"https:\/\/www.ringier.com\/fr\/le-centre-de-formation-professionnelle-dolten-a-ete-designe-digi-val-2023\/","name":"Le centre de formation professionnelle d\u2019Olten a \u00e9t\u00e9 d\u00e9sign\u00e9 \u00ab\u00a0Digi-Val\u00a0\u00bb 2023 - Ringier","isPartOf":{"@id":"https:\/\/www.ringier.com\/fr\/#website"},"primaryImageOfPage":{"@id":"https:\/\/www.ringier.com\/fr\/le-centre-de-formation-professionnelle-dolten-a-ete-designe-digi-val-2023\/#primaryimage"},"image":{"@id":"https:\/\/www.ringier.com\/fr\/le-centre-de-formation-professionnelle-dolten-a-ete-designe-digi-val-2023\/#primaryimage"},"thumbnailUrl":"https:\/\/www.ringier.com\/wp-content\/uploads\/2024\/01\/Digi-Tal-Webseite.png","datePublished":"2023-03-03T10:08:00+00:00","dateModified":"2025-06-24T08:11:14+00:00","breadcrumb":{"@id":"https:\/\/www.ringier.com\/fr\/le-centre-de-formation-professionnelle-dolten-a-ete-designe-digi-val-2023\/#breadcrumb"},"inLanguage":"fr-FR","potentialAction":[{"@type":"ReadAction","target":["https:\/\/www.ringier.com\/fr\/le-centre-de-formation-professionnelle-dolten-a-ete-designe-digi-val-2023\/"]}]},{"@type":"ImageObject","inLanguage":"fr-FR","@id":"https:\/\/www.ringier.com\/fr\/le-centre-de-formation-professionnelle-dolten-a-ete-designe-digi-val-2023\/#primaryimage","url":"https:\/\/www.ringier.com\/wp-content\/uploads\/2024\/01\/Digi-Tal-Webseite.png","contentUrl":"https:\/\/www.ringier.com\/wp-content\/uploads\/2024\/01\/Digi-Tal-Webseite.png","width":1200,"height":628},{"@type":"BreadcrumbList","@id":"https:\/\/www.ringier.com\/fr\/le-centre-de-formation-professionnelle-dolten-a-ete-designe-digi-val-2023\/#breadcrumb","itemListElement":[{"@type":"ListItem","position":1,"name":"Home","item":"https:\/\/www.ringier.com\/fr\/"},{"@type":"ListItem","position":2,"name":"Le centre de formation professionnelle d\u2019Olten a \u00e9t\u00e9 d\u00e9sign\u00e9 \u00ab\u00a0Digi-Val\u00a0\u00bb 2023"}]},{"@type":"WebSite","@id":"https:\/\/www.ringier.com\/fr\/#website","url":"https:\/\/www.ringier.com\/fr\/","name":"Ringier","description":"We inform. We entertain. We connect","publisher":{"@id":"https:\/\/www.ringier.com\/fr\/#organization"},"potentialAction":[{"@type":"SearchAction","target":{"@type":"EntryPoint","urlTemplate":"https:\/\/www.ringier.com\/fr\/?s={search_term_string}"},"query-input":{"@type":"PropertyValueSpecification","valueRequired":true,"valueName":"search_term_string"}}],"inLanguage":"fr-FR"},{"@type":"Organization","@id":"https:\/\/www.ringier.com\/fr\/#organization","name":"Ringier","url":"https:\/\/www.ringier.com\/fr\/","logo":{"@type":"ImageObject","inLanguage":"fr-FR","@id":"https:\/\/www.ringier.com\/fr\/#\/schema\/logo\/image\/","url":"https:\/\/www.ringier.com\/wp-content\/uploads\/2021\/10\/ringier_logo_2.jpg","contentUrl":"https:\/\/www.ringier.com\/wp-content\/uploads\/2021\/10\/ringier_logo_2.jpg","width":750,"height":550,"caption":"Ringier"},"image":{"@id":"https:\/\/www.ringier.com\/fr\/#\/schema\/logo\/image\/"},"sameAs":["https:\/\/www.facebook.com\/ringierag\/","https:\/\/x.com\/ringier_ag","https:\/\/www.instagram.com\/ringier_ag\/","https:\/\/www.linkedin.com\/company\/ringier\/","https:\/\/www.youtube.com\/user\/RingierComm","https:\/\/en.wikipedia.org\/wiki\/Ringier","https:\/\/de.wikipedia.org\/wiki\/Ringier","https:\/\/fr.wikipedia.org\/wiki\/Ringier","https:\/\/www.crunchbase.com\/organization\/ringier-ag"]},{"@type":"Person","@id":"https:\/\/www.ringier.com\/fr\/#\/schema\/person\/4cf76a308dc4b2bb5121bd1e7b752e52","name":"Ringier Corporate Communications","image":{"@type":"ImageObject","inLanguage":"fr-FR","@id":"https:\/\/www.ringier.com\/fr\/#\/schema\/person\/image\/","url":"https:\/\/secure.gravatar.com\/avatar\/9391e20481368d5df4fe3e1e476c13b27786347489822ec1ed07e532bb41f587?s=96&d=mm&r=g","contentUrl":"https:\/\/secure.gravatar.com\/avatar\/9391e20481368d5df4fe3e1e476c13b27786347489822ec1ed07e532bb41f587?s=96&d=mm&r=g","caption":"Ringier Corporate Communications"},"sameAs":["https:\/\/www.ringier.com"]}]}},"_links":{"self":[{"href":"https:\/\/www.ringier.com\/fr\/wp-json\/wp\/v2\/posts\/17483","targetHints":{"allow":["GET"]}}],"collection":[{"href":"https:\/\/www.ringier.com\/fr\/wp-json\/wp\/v2\/posts"}],"about":[{"href":"https:\/\/www.ringier.com\/fr\/wp-json\/wp\/v2\/types\/post"}],"author":[{"embeddable":true,"href":"https:\/\/www.ringier.com\/fr\/wp-json\/wp\/v2\/users\/23"}],"replies":[{"embeddable":true,"href":"https:\/\/www.ringier.com\/fr\/wp-json\/wp\/v2\/comments?post=17483"}],"version-history":[{"count":0,"href":"https:\/\/www.ringier.com\/fr\/wp-json\/wp\/v2\/posts\/17483\/revisions"}],"wp:featuredmedia":[{"embeddable":true,"href":"https:\/\/www.ringier.com\/fr\/wp-json\/wp\/v2\/media\/17482"}],"wp:attachment":[{"href":"https:\/\/www.ringier.com\/fr\/wp-json\/wp\/v2\/media?parent=17483"}],"wp:term":[{"taxonomy":"category","embeddable":true,"href":"https:\/\/www.ringier.com\/fr\/wp-json\/wp\/v2\/categories?post=17483"},{"taxonomy":"post_tag","embeddable":true,"href":"https:\/\/www.ringier.com\/fr\/wp-json\/wp\/v2\/tags?post=17483"}],"curies":[{"name":"wp","href":"https:\/\/api.w.org\/{rel}","templated":true}]}}